{"id":18631,"date":"2021-05-05T10:28:30","date_gmt":"2021-05-05T09:28:30","guid":{"rendered":"https:\/\/radioljubuski.ba\/?p=18631"},"modified":"2021-05-05T10:28:32","modified_gmt":"2021-05-05T09:28:32","slug":"chelsea-protiv-reala-doznajemo-drugog-finalista-lige-prvaka","status":"publish","type":"post","link":"https:\/\/radioljubuski.ba\/index.php\/2021\/05\/05\/chelsea-protiv-reala-doznajemo-drugog-finalista-lige-prvaka\/","title":{"rendered":"Chelsea protiv Reala, doznajemo drugog finalista Lige prvaka"},"content":{"rendered":"\n<p>Nakon \u0161to je Manchester City po prvi puta u svojoj povijesti izborio finale Lige prvaka, ve\u010deras \u0107emo doznati protiv koga \u0107e zaigrati. Ho\u0107e li to biti Chelsea ili Real Madrid?<\/p>\n\n\n\n<p><strong>Luka Modri\u0107<\/strong>\u00a0i njegov Real ve\u010deras od 21 sat, uz prijenos na HTV2 i na na\u0161em portalu, poku\u0161at \u0107e popraviti situaciju nakon prvog polufinalnog dvoboja i ipak se plasirati u finale.<br><br>Chelsea na\u0161eg\u00a0<strong>Matea Kova\u010di\u0107a<\/strong>, koji ne\u0107e igrati zbog ozljede,\u00a0u London je donio 1:1, \u0161to zna\u010di i da s nerije\u0161enim rezultatom bez pogodaka mogu pro\u0107i u finale.<br><br>Trenera Chelseaja\u00a0<strong>Thomasa Tuchela<\/strong>\u00a0zabrinjava situacija s Antoniom Rudigerom i Masonom Mountom koji su pod upitnikom.<br><br>&#8211; Glavna je lekcija da si mo\u017eemo vjerovati i da smo zaslu\u017eili biti u polufinalu. Ako smo na najboljoj razini mo\u017eemo se nadati pobjedi. Bitno je da odigramo utakmicu visokog intenziteta, ili ne\u0107emo imati nikakve izglede, poru\u010dio je.<br><br>S druge strane, Real se nada prolasku i boljoj igri u Londonu. Ohrabrenje je \u0161to u sastavu imaju\u00a0<strong>Sergija Ramosa<\/strong>\u00a0koji je nemali broj puta u te\u0161kim situacijama izvla\u010dio klub.<br><br>&#8211; Dobro se osje\u0107amo, spremni smo, znamo \u0161to nas je dovelo ovako daleko u natjecanju te \u0107emo dati sve od sebe da se plasiramo u finale. Svibanj je, a mi imamo priliku osvojiti dva trofeja, ka\u017ee trenera Reala\u00a0<strong>Zinedine Zidane<\/strong>.<br><br><strong>Vjerojatni sastavi:<\/strong><br><br><strong>Chelsea:\u00a0<\/strong>Mendy; Christensen, Thiago Silva, R\u00fcdiger; Azpilicueta, Jorginho, Kant\u00e9, Chilwell; Puli\u0161i\u0107, Werner, Mount<br><br><strong>Real Madrid:<\/strong>\u00a0Courtois; Valverde, Ramos, Milit\u00e3o, Nacho; Casemiro, Kroos, Modri\u0107; Asensio, Benzema, Vin\u00edcius<\/p>\n\n\n\n<p>izvor: hrt.hr<\/p>\n","protected":false},"excerpt":{"rendered":"<p>Nakon \u0161to je Manchester City po prvi puta u svojoj povijesti izborio finale Lige prvaka, ve\u010deras \u0107emo doznati protiv koga \u0107e zaigrati. Ho\u0107e li to biti Chelsea ili Real Madrid? Luka Modri\u0107\u00a0i njegov Real ve\u010deras od 21 sat, uz prijenos na HTV2 i na na\u0161em portalu, poku\u0161at \u0107e popraviti situaciju nakon prvog polufinalnog dvoboja i [&hellip;]<\/p>\n","protected":false},"author":2,"featured_media":18638,"comment_status":"closed","ping_status":"closed","sticky":false,"template":"","format":"standard","meta":{"h5ap_radio_sources":[],"footnotes":""},"categories":[1],"tags":[],"class_list":["post-18631","post","type-post","status-publish","format-standard","has-post-thumbnail","hentry","category-bihiregija"],"yoast_head":"<!-- This site is optimized with the Yoast SEO plugin v27.5 - https:\/\/yoast.com\/product\/yoast-seo-wordpress\/ -->\n<title>Chelsea protiv Reala, doznajemo drugog finalista Lige prvaka - RADIO LJUBU\u0160KI<\/title>\n<meta name=\"robots\" content=\"index, follow, max-snippet:-1, max-image-preview:large, max-video-preview:-1\" \/>\n<link rel=\"canonical\" href=\"https:\/\/radioljubuski.ba\/index.php\/2021\/05\/05\/chelsea-protiv-reala-doznajemo-drugog-finalista-lige-prvaka\/\" \/>\n<meta property=\"og:locale\" content=\"hr_HR\" \/>\n<meta property=\"og:type\" content=\"article\" \/>\n<meta property=\"og:title\" content=\"Chelsea protiv Reala, doznajemo drugog finalista Lige prvaka - RADIO LJUBU\u0160KI\" \/>\n<meta property=\"og:description\" content=\"Nakon \u0161to je Manchester City po prvi puta u svojoj povijesti izborio finale Lige prvaka, ve\u010deras \u0107emo doznati protiv koga \u0107e zaigrati. Ho\u0107e li to biti Chelsea ili Real Madrid? Luka Modri\u0107\u00a0i njegov Real ve\u010deras od 21 sat, uz prijenos na HTV2 i na na\u0161em portalu, poku\u0161at \u0107e popraviti situaciju nakon prvog polufinalnog dvoboja i [&hellip;]\" \/>\n<meta property=\"og:url\" content=\"https:\/\/radioljubuski.ba\/index.php\/2021\/05\/05\/chelsea-protiv-reala-doznajemo-drugog-finalista-lige-prvaka\/\" \/>\n<meta property=\"og:site_name\" content=\"RADIO LJUBU\u0160KI\" \/>\n<meta property=\"article:publisher\" content=\"https:\/\/www.facebook.com\/Radiio-Ljubuski-1490835324566332\" \/>\n<meta property=\"article:published_time\" content=\"2021-05-05T09:28:30+00:00\" \/>\n<meta property=\"article:modified_time\" content=\"2021-05-05T09:28:32+00:00\" \/>\n<meta property=\"og:image\" content=\"https:\/\/radioljubuski.ba\/wp-content\/uploads\/2021\/05\/modric.jpg\" \/>\n\t<meta property=\"og:image:width\" content=\"225\" \/>\n\t<meta property=\"og:image:height\" content=\"225\" \/>\n\t<meta property=\"og:image:type\" content=\"image\/jpeg\" \/>\n<meta name=\"author\" content=\"Radio Ljubu\u0161ki\" \/>\n<meta name=\"twitter:card\" content=\"summary_large_image\" \/>\n<meta name=\"twitter:creator\" content=\"@radioljubuski\" \/>\n<meta name=\"twitter:site\" content=\"@radioljubuski\" \/>\n<meta name=\"twitter:label1\" content=\"Napisao\/la\" \/>\n\t<meta name=\"twitter:data1\" content=\"Radio Ljubu\u0161ki\" \/>\n\t<meta name=\"twitter:label2\" content=\"Procijenjeno vrijeme \u010ditanja\" \/>\n\t<meta name=\"twitter:data2\" content=\"2 minute\" \/>\n<script type=\"application\/ld+json\" class=\"yoast-schema-graph\">{\"@context\":\"https:\\\/\\\/schema.org\",\"@graph\":[{\"@type\":\"Article\",\"@id\":\"https:\\\/\\\/radioljubuski.ba\\\/index.php\\\/2021\\\/05\\\/05\\\/chelsea-protiv-reala-doznajemo-drugog-finalista-lige-prvaka\\\/#article\",\"isPartOf\":{\"@id\":\"https:\\\/\\\/radioljubuski.ba\\\/index.php\\\/2021\\\/05\\\/05\\\/chelsea-protiv-reala-doznajemo-drugog-finalista-lige-prvaka\\\/\"},\"author\":{\"name\":\"Radio Ljubu\u0161ki\",\"@id\":\"https:\\\/\\\/radioljubuski.ba\\\/#\\\/schema\\\/person\\\/19fc700381a780f69665d7956c469e3b\"},\"headline\":\"Chelsea protiv Reala, doznajemo drugog finalista Lige prvaka\",\"datePublished\":\"2021-05-05T09:28:30+00:00\",\"dateModified\":\"2021-05-05T09:28:32+00:00\",\"mainEntityOfPage\":{\"@id\":\"https:\\\/\\\/radioljubuski.ba\\\/index.php\\\/2021\\\/05\\\/05\\\/chelsea-protiv-reala-doznajemo-drugog-finalista-lige-prvaka\\\/\"},\"wordCount\":274,\"publisher\":{\"@id\":\"https:\\\/\\\/radioljubuski.ba\\\/#organization\"},\"image\":{\"@id\":\"https:\\\/\\\/radioljubuski.ba\\\/index.php\\\/2021\\\/05\\\/05\\\/chelsea-protiv-reala-doznajemo-drugog-finalista-lige-prvaka\\\/#primaryimage\"},\"thumbnailUrl\":\"https:\\\/\\\/radioljubuski.ba\\\/wp-content\\\/uploads\\\/2021\\\/05\\\/modric.jpg\",\"articleSection\":[\"BIH i regija\"],\"inLanguage\":\"hr\"},{\"@type\":\"WebPage\",\"@id\":\"https:\\\/\\\/radioljubuski.ba\\\/index.php\\\/2021\\\/05\\\/05\\\/chelsea-protiv-reala-doznajemo-drugog-finalista-lige-prvaka\\\/\",\"url\":\"https:\\\/\\\/radioljubuski.ba\\\/index.php\\\/2021\\\/05\\\/05\\\/chelsea-protiv-reala-doznajemo-drugog-finalista-lige-prvaka\\\/\",\"name\":\"Chelsea protiv Reala, doznajemo drugog finalista Lige prvaka - RADIO LJUBU\u0160KI\",\"isPartOf\":{\"@id\":\"https:\\\/\\\/radioljubuski.ba\\\/#website\"},\"primaryImageOfPage\":{\"@id\":\"https:\\\/\\\/radioljubuski.ba\\\/index.php\\\/2021\\\/05\\\/05\\\/chelsea-protiv-reala-doznajemo-drugog-finalista-lige-prvaka\\\/#primaryimage\"},\"image\":{\"@id\":\"https:\\\/\\\/radioljubuski.ba\\\/index.php\\\/2021\\\/05\\\/05\\\/chelsea-protiv-reala-doznajemo-drugog-finalista-lige-prvaka\\\/#primaryimage\"},\"thumbnailUrl\":\"https:\\\/\\\/radioljubuski.ba\\\/wp-content\\\/uploads\\\/2021\\\/05\\\/modric.jpg\",\"datePublished\":\"2021-05-05T09:28:30+00:00\",\"dateModified\":\"2021-05-05T09:28:32+00:00\",\"breadcrumb\":{\"@id\":\"https:\\\/\\\/radioljubuski.ba\\\/index.php\\\/2021\\\/05\\\/05\\\/chelsea-protiv-reala-doznajemo-drugog-finalista-lige-prvaka\\\/#breadcrumb\"},\"inLanguage\":\"hr\",\"potentialAction\":[{\"@type\":\"ReadAction\",\"target\":[\"https:\\\/\\\/radioljubuski.ba\\\/index.php\\\/2021\\\/05\\\/05\\\/chelsea-protiv-reala-doznajemo-drugog-finalista-lige-prvaka\\\/\"]}]},{\"@type\":\"ImageObject\",\"inLanguage\":\"hr\",\"@id\":\"https:\\\/\\\/radioljubuski.ba\\\/index.php\\\/2021\\\/05\\\/05\\\/chelsea-protiv-reala-doznajemo-drugog-finalista-lige-prvaka\\\/#primaryimage\",\"url\":\"https:\\\/\\\/radioljubuski.ba\\\/wp-content\\\/uploads\\\/2021\\\/05\\\/modric.jpg\",\"contentUrl\":\"https:\\\/\\\/radioljubuski.ba\\\/wp-content\\\/uploads\\\/2021\\\/05\\\/modric.jpg\",\"width\":225,\"height\":225},{\"@type\":\"BreadcrumbList\",\"@id\":\"https:\\\/\\\/radioljubuski.ba\\\/index.php\\\/2021\\\/05\\\/05\\\/chelsea-protiv-reala-doznajemo-drugog-finalista-lige-prvaka\\\/#breadcrumb\",\"itemListElement\":[{\"@type\":\"ListItem\",\"position\":1,\"name\":\"Po\u010detna stranica\",\"item\":\"https:\\\/\\\/radioljubuski.ba\\\/\"},{\"@type\":\"ListItem\",\"position\":2,\"name\":\"Chelsea protiv Reala, doznajemo drugog finalista Lige prvaka\"}]},{\"@type\":\"WebSite\",\"@id\":\"https:\\\/\\\/radioljubuski.ba\\\/#website\",\"url\":\"https:\\\/\\\/radioljubuski.ba\\\/\",\"name\":\"Radio Ljubu\u0161ki\",\"description\":\"Sun\u010dana frekvencija Hercegovine\",\"publisher\":{\"@id\":\"https:\\\/\\\/radioljubuski.ba\\\/#organization\"},\"potentialAction\":[{\"@type\":\"SearchAction\",\"target\":{\"@type\":\"EntryPoint\",\"urlTemplate\":\"https:\\\/\\\/radioljubuski.ba\\\/?s={search_term_string}\"},\"query-input\":{\"@type\":\"PropertyValueSpecification\",\"valueRequired\":true,\"valueName\":\"search_term_string\"}}],\"inLanguage\":\"hr\"},{\"@type\":\"Organization\",\"@id\":\"https:\\\/\\\/radioljubuski.ba\\\/#organization\",\"name\":\"Radio Ljubu\u0161ki\",\"url\":\"https:\\\/\\\/radioljubuski.ba\\\/\",\"logo\":{\"@type\":\"ImageObject\",\"inLanguage\":\"hr\",\"@id\":\"https:\\\/\\\/radioljubuski.ba\\\/#\\\/schema\\\/logo\\\/image\\\/\",\"url\":\"https:\\\/\\\/radioljubuski.ba\\\/wp-content\\\/uploads\\\/2021\\\/02\\\/cropped-Radio_Ljubuski_logo1.jpg\",\"contentUrl\":\"https:\\\/\\\/radioljubuski.ba\\\/wp-content\\\/uploads\\\/2021\\\/02\\\/cropped-Radio_Ljubuski_logo1.jpg\",\"width\":512,\"height\":512,\"caption\":\"Radio Ljubu\u0161ki\"},\"image\":{\"@id\":\"https:\\\/\\\/radioljubuski.ba\\\/#\\\/schema\\\/logo\\\/image\\\/\"},\"sameAs\":[\"https:\\\/\\\/www.facebook.com\\\/Radiio-Ljubuski-1490835324566332\",\"https:\\\/\\\/x.com\\\/radioljubuski\",\"https:\\\/\\\/hr.linkedin.com\\\/company\\\/radio-ljubuski\",\"https:\\\/\\\/www.youtube.com\\\/channel\\\/UCHYaeO_n0Db3tjNGudGpXyw\"]},{\"@type\":\"Person\",\"@id\":\"https:\\\/\\\/radioljubuski.ba\\\/#\\\/schema\\\/person\\\/19fc700381a780f69665d7956c469e3b\",\"name\":\"Radio Ljubu\u0161ki\"}]}<\/script>\n<!-- \/ Yoast SEO plugin. -->","yoast_head_json":{"title":"Chelsea protiv Reala, doznajemo drugog finalista Lige prvaka - RADIO LJUBU\u0160KI","robots":{"index":"index","follow":"follow","max-snippet":"max-snippet:-1","max-image-preview":"max-image-preview:large","max-video-preview":"max-video-preview:-1"},"canonical":"https:\/\/radioljubuski.ba\/index.php\/2021\/05\/05\/chelsea-protiv-reala-doznajemo-drugog-finalista-lige-prvaka\/","og_locale":"hr_HR","og_type":"article","og_title":"Chelsea protiv Reala, doznajemo drugog finalista Lige prvaka - RADIO LJUBU\u0160KI","og_description":"Nakon \u0161to je Manchester City po prvi puta u svojoj povijesti izborio finale Lige prvaka, ve\u010deras \u0107emo doznati protiv koga \u0107e zaigrati. Ho\u0107e li to biti Chelsea ili Real Madrid? Luka Modri\u0107\u00a0i njegov Real ve\u010deras od 21 sat, uz prijenos na HTV2 i na na\u0161em portalu, poku\u0161at \u0107e popraviti situaciju nakon prvog polufinalnog dvoboja i [&hellip;]","og_url":"https:\/\/radioljubuski.ba\/index.php\/2021\/05\/05\/chelsea-protiv-reala-doznajemo-drugog-finalista-lige-prvaka\/","og_site_name":"RADIO LJUBU\u0160KI","article_publisher":"https:\/\/www.facebook.com\/Radiio-Ljubuski-1490835324566332","article_published_time":"2021-05-05T09:28:30+00:00","article_modified_time":"2021-05-05T09:28:32+00:00","og_image":[{"width":225,"height":225,"url":"https:\/\/radioljubuski.ba\/wp-content\/uploads\/2021\/05\/modric.jpg","type":"image\/jpeg"}],"author":"Radio Ljubu\u0161ki","twitter_card":"summary_large_image","twitter_creator":"@radioljubuski","twitter_site":"@radioljubuski","twitter_misc":{"Napisao\/la":"Radio Ljubu\u0161ki","Procijenjeno vrijeme \u010ditanja":"2 minute"},"schema":{"@context":"https:\/\/schema.org","@graph":[{"@type":"Article","@id":"https:\/\/radioljubuski.ba\/index.php\/2021\/05\/05\/chelsea-protiv-reala-doznajemo-drugog-finalista-lige-prvaka\/#article","isPartOf":{"@id":"https:\/\/radioljubuski.ba\/index.php\/2021\/05\/05\/chelsea-protiv-reala-doznajemo-drugog-finalista-lige-prvaka\/"},"author":{"name":"Radio Ljubu\u0161ki","@id":"https:\/\/radioljubuski.ba\/#\/schema\/person\/19fc700381a780f69665d7956c469e3b"},"headline":"Chelsea protiv Reala, doznajemo drugog finalista Lige prvaka","datePublished":"2021-05-05T09:28:30+00:00","dateModified":"2021-05-05T09:28:32+00:00","mainEntityOfPage":{"@id":"https:\/\/radioljubuski.ba\/index.php\/2021\/05\/05\/chelsea-protiv-reala-doznajemo-drugog-finalista-lige-prvaka\/"},"wordCount":274,"publisher":{"@id":"https:\/\/radioljubuski.ba\/#organization"},"image":{"@id":"https:\/\/radioljubuski.ba\/index.php\/2021\/05\/05\/chelsea-protiv-reala-doznajemo-drugog-finalista-lige-prvaka\/#primaryimage"},"thumbnailUrl":"https:\/\/radioljubuski.ba\/wp-content\/uploads\/2021\/05\/modric.jpg","articleSection":["BIH i regija"],"inLanguage":"hr"},{"@type":"WebPage","@id":"https:\/\/radioljubuski.ba\/index.php\/2021\/05\/05\/chelsea-protiv-reala-doznajemo-drugog-finalista-lige-prvaka\/","url":"https:\/\/radioljubuski.ba\/index.php\/2021\/05\/05\/chelsea-protiv-reala-doznajemo-drugog-finalista-lige-prvaka\/","name":"Chelsea protiv Reala, doznajemo drugog finalista Lige prvaka - RADIO LJUBU\u0160KI","isPartOf":{"@id":"https:\/\/radioljubuski.ba\/#website"},"primaryImageOfPage":{"@id":"https:\/\/radioljubuski.ba\/index.php\/2021\/05\/05\/chelsea-protiv-reala-doznajemo-drugog-finalista-lige-prvaka\/#primaryimage"},"image":{"@id":"https:\/\/radioljubuski.ba\/index.php\/2021\/05\/05\/chelsea-protiv-reala-doznajemo-drugog-finalista-lige-prvaka\/#primaryimage"},"thumbnailUrl":"https:\/\/radioljubuski.ba\/wp-content\/uploads\/2021\/05\/modric.jpg","datePublished":"2021-05-05T09:28:30+00:00","dateModified":"2021-05-05T09:28:32+00:00","breadcrumb":{"@id":"https:\/\/radioljubuski.ba\/index.php\/2021\/05\/05\/chelsea-protiv-reala-doznajemo-drugog-finalista-lige-prvaka\/#breadcrumb"},"inLanguage":"hr","potentialAction":[{"@type":"ReadAction","target":["https:\/\/radioljubuski.ba\/index.php\/2021\/05\/05\/chelsea-protiv-reala-doznajemo-drugog-finalista-lige-prvaka\/"]}]},{"@type":"ImageObject","inLanguage":"hr","@id":"https:\/\/radioljubuski.ba\/index.php\/2021\/05\/05\/chelsea-protiv-reala-doznajemo-drugog-finalista-lige-prvaka\/#primaryimage","url":"https:\/\/radioljubuski.ba\/wp-content\/uploads\/2021\/05\/modric.jpg","contentUrl":"https:\/\/radioljubuski.ba\/wp-content\/uploads\/2021\/05\/modric.jpg","width":225,"height":225},{"@type":"BreadcrumbList","@id":"https:\/\/radioljubuski.ba\/index.php\/2021\/05\/05\/chelsea-protiv-reala-doznajemo-drugog-finalista-lige-prvaka\/#breadcrumb","itemListElement":[{"@type":"ListItem","position":1,"name":"Po\u010detna stranica","item":"https:\/\/radioljubuski.ba\/"},{"@type":"ListItem","position":2,"name":"Chelsea protiv Reala, doznajemo drugog finalista Lige prvaka"}]},{"@type":"WebSite","@id":"https:\/\/radioljubuski.ba\/#website","url":"https:\/\/radioljubuski.ba\/","name":"Radio Ljubu\u0161ki","description":"Sun\u010dana frekvencija Hercegovine","publisher":{"@id":"https:\/\/radioljubuski.ba\/#organization"},"potentialAction":[{"@type":"SearchAction","target":{"@type":"EntryPoint","urlTemplate":"https:\/\/radioljubuski.ba\/?s={search_term_string}"},"query-input":{"@type":"PropertyValueSpecification","valueRequired":true,"valueName":"search_term_string"}}],"inLanguage":"hr"},{"@type":"Organization","@id":"https:\/\/radioljubuski.ba\/#organization","name":"Radio Ljubu\u0161ki","url":"https:\/\/radioljubuski.ba\/","logo":{"@type":"ImageObject","inLanguage":"hr","@id":"https:\/\/radioljubuski.ba\/#\/schema\/logo\/image\/","url":"https:\/\/radioljubuski.ba\/wp-content\/uploads\/2021\/02\/cropped-Radio_Ljubuski_logo1.jpg","contentUrl":"https:\/\/radioljubuski.ba\/wp-content\/uploads\/2021\/02\/cropped-Radio_Ljubuski_logo1.jpg","width":512,"height":512,"caption":"Radio Ljubu\u0161ki"},"image":{"@id":"https:\/\/radioljubuski.ba\/#\/schema\/logo\/image\/"},"sameAs":["https:\/\/www.facebook.com\/Radiio-Ljubuski-1490835324566332","https:\/\/x.com\/radioljubuski","https:\/\/hr.linkedin.com\/company\/radio-ljubuski","https:\/\/www.youtube.com\/channel\/UCHYaeO_n0Db3tjNGudGpXyw"]},{"@type":"Person","@id":"https:\/\/radioljubuski.ba\/#\/schema\/person\/19fc700381a780f69665d7956c469e3b","name":"Radio Ljubu\u0161ki"}]}},"_links":{"self":[{"href":"https:\/\/radioljubuski.ba\/index.php\/wp-json\/wp\/v2\/posts\/18631","targetHints":{"allow":["GET"]}}],"collection":[{"href":"https:\/\/radioljubuski.ba\/index.php\/wp-json\/wp\/v2\/posts"}],"about":[{"href":"https:\/\/radioljubuski.ba\/index.php\/wp-json\/wp\/v2\/types\/post"}],"author":[{"embeddable":true,"href":"https:\/\/radioljubuski.ba\/index.php\/wp-json\/wp\/v2\/users\/2"}],"replies":[{"embeddable":true,"href":"https:\/\/radioljubuski.ba\/index.php\/wp-json\/wp\/v2\/comments?post=18631"}],"version-history":[{"count":1,"href":"https:\/\/radioljubuski.ba\/index.php\/wp-json\/wp\/v2\/posts\/18631\/revisions"}],"predecessor-version":[{"id":18639,"href":"https:\/\/radioljubuski.ba\/index.php\/wp-json\/wp\/v2\/posts\/18631\/revisions\/18639"}],"wp:featuredmedia":[{"embeddable":true,"href":"https:\/\/radioljubuski.ba\/index.php\/wp-json\/wp\/v2\/media\/18638"}],"wp:attachment":[{"href":"https:\/\/radioljubuski.ba\/index.php\/wp-json\/wp\/v2\/media?parent=18631"}],"wp:term":[{"taxonomy":"category","embeddable":true,"href":"https:\/\/radioljubuski.ba\/index.php\/wp-json\/wp\/v2\/categories?post=18631"},{"taxonomy":"post_tag","embeddable":true,"href":"https:\/\/radioljubuski.ba\/index.php\/wp-json\/wp\/v2\/tags?post=18631"}],"curies":[{"name":"wp","href":"https:\/\/api.w.org\/{rel}","templated":true}]}}