{"id":186315,"date":"2022-12-02T09:48:26","date_gmt":"2022-12-02T08:48:26","guid":{"rendered":"https:\/\/radioljubuski.ba\/?p=186315"},"modified":"2022-12-02T09:48:26","modified_gmt":"2022-12-02T08:48:26","slug":"zahvala-umirovljenika-gradu-ljubuskom","status":"publish","type":"post","link":"https:\/\/radioljubuski.ba\/index.php\/2022\/12\/02\/zahvala-umirovljenika-gradu-ljubuskom\/","title":{"rendered":"Zahvala umirovljenika Gradu Ljubu\u0161kom"},"content":{"rendered":"\n<p>Udruga umirovljenika Ljubu\u0161ki uputila je zahvalnicu upu\u0107enu gradona\u010delniku Vedranu Markoti\u0107u , predsjedniku Gradskog vije\u0107a Tihomiru Kvesi\u0107u,&nbsp; te svim gradskim vije\u0107nicima na odluci o doniranju \u201eBo\u017ei\u0107nice\u201c umirovljenicima koji primaju najni\u017ee mirovine.<\/p>\n\n\n\n<p>\u201e Dar je mio, ma koliki bio!\u201c Uz zahvalu upu\u0107uju \u010destitku&nbsp; s najljep\u0161im \u017eeljama za Bo\u017ei\u0107 i Novu godinu svim umirovljenicima i svim sugra\u0111anima&nbsp; \u201e\u017delimo Vam sretan Bo\u017ei\u0107 i sretnu Novu 2023.godinu!\u201c<\/p>\n\n\n\n<p>&nbsp;Udruga umirovljenika Ljubu\u0161ki<\/p>\n\n\n\n<p>Predsjednik<\/p>\n\n\n\n<p>Ivan Mihaljevi\u0107<\/p>\n","protected":false},"excerpt":{"rendered":"<p>Udruga umirovljenika Ljubu\u0161ki uputila je zahvalnicu upu\u0107enu gradona\u010delniku Vedranu Markoti\u0107u , predsjedniku Gradskog vije\u0107a Tihomiru Kvesi\u0107u,&nbsp; te svim gradskim vije\u0107nicima na odluci o doniranju \u201eBo\u017ei\u0107nice\u201c umirovljenicima koji primaju najni\u017ee mirovine. \u201e Dar je mio, ma koliki bio!\u201c Uz zahvalu upu\u0107uju \u010destitku&nbsp; s najljep\u0161im \u017eeljama za Bo\u017ei\u0107 i Novu godinu svim umirovljenicima i svim sugra\u0111anima&nbsp; \u201e\u017delimo [&hellip;]<\/p>\n","protected":false},"author":2,"featured_media":186316,"comment_status":"closed","ping_status":"closed","sticky":false,"template":"","format":"standard","meta":{"h5ap_radio_sources":[],"footnotes":""},"categories":[28],"tags":[],"class_list":["post-186315","post","type-post","status-publish","format-standard","has-post-thumbnail","hentry","category-novosti"],"yoast_head":"<!-- This site is optimized with the Yoast SEO plugin v27.4 - https:\/\/yoast.com\/product\/yoast-seo-wordpress\/ -->\n<title>Zahvala umirovljenika Gradu Ljubu\u0161kom - RADIO LJUBU\u0160KI<\/title>\n<meta name=\"robots\" content=\"index, follow, max-snippet:-1, max-image-preview:large, max-video-preview:-1\" \/>\n<link rel=\"canonical\" href=\"https:\/\/radioljubuski.ba\/index.php\/2022\/12\/02\/zahvala-umirovljenika-gradu-ljubuskom\/\" \/>\n<meta property=\"og:locale\" content=\"hr_HR\" \/>\n<meta property=\"og:type\" content=\"article\" \/>\n<meta property=\"og:title\" content=\"Zahvala umirovljenika Gradu Ljubu\u0161kom - RADIO LJUBU\u0160KI\" \/>\n<meta property=\"og:description\" content=\"Udruga umirovljenika Ljubu\u0161ki uputila je zahvalnicu upu\u0107enu gradona\u010delniku Vedranu Markoti\u0107u , predsjedniku Gradskog vije\u0107a Tihomiru Kvesi\u0107u,&nbsp; te svim gradskim vije\u0107nicima na odluci o doniranju \u201eBo\u017ei\u0107nice\u201c umirovljenicima koji primaju najni\u017ee mirovine. \u201e Dar je mio, ma koliki bio!\u201c Uz zahvalu upu\u0107uju \u010destitku&nbsp; s najljep\u0161im \u017eeljama za Bo\u017ei\u0107 i Novu godinu svim umirovljenicima i svim sugra\u0111anima&nbsp; \u201e\u017delimo [&hellip;]\" \/>\n<meta property=\"og:url\" content=\"https:\/\/radioljubuski.ba\/index.php\/2022\/12\/02\/zahvala-umirovljenika-gradu-ljubuskom\/\" \/>\n<meta property=\"og:site_name\" content=\"RADIO LJUBU\u0160KI\" \/>\n<meta property=\"article:publisher\" content=\"https:\/\/www.facebook.com\/Radiio-Ljubuski-1490835324566332\" \/>\n<meta property=\"article:published_time\" content=\"2022-12-02T08:48:26+00:00\" \/>\n<meta property=\"og:image\" content=\"https:\/\/radioljubuski.ba\/wp-content\/uploads\/2022\/12\/Udruga-umirovljenika-Ljubuski.png\" \/>\n\t<meta property=\"og:image:width\" content=\"940\" \/>\n\t<meta property=\"og:image:height\" content=\"788\" \/>\n\t<meta property=\"og:image:type\" content=\"image\/png\" \/>\n<meta name=\"author\" content=\"Radio Ljubu\u0161ki\" \/>\n<meta name=\"twitter:card\" content=\"summary_large_image\" \/>\n<meta name=\"twitter:creator\" content=\"@radioljubuski\" \/>\n<meta name=\"twitter:site\" content=\"@radioljubuski\" \/>\n<meta name=\"twitter:label1\" content=\"Napisao\/la\" \/>\n\t<meta name=\"twitter:data1\" content=\"Radio Ljubu\u0161ki\" \/>\n\t<meta name=\"twitter:label2\" content=\"Procijenjeno vrijeme \u010ditanja\" \/>\n\t<meta name=\"twitter:data2\" content=\"1 minuta\" \/>\n<script type=\"application\/ld+json\" class=\"yoast-schema-graph\">{\"@context\":\"https:\\\/\\\/schema.org\",\"@graph\":[{\"@type\":\"Article\",\"@id\":\"https:\\\/\\\/radioljubuski.ba\\\/index.php\\\/2022\\\/12\\\/02\\\/zahvala-umirovljenika-gradu-ljubuskom\\\/#article\",\"isPartOf\":{\"@id\":\"https:\\\/\\\/radioljubuski.ba\\\/index.php\\\/2022\\\/12\\\/02\\\/zahvala-umirovljenika-gradu-ljubuskom\\\/\"},\"author\":{\"name\":\"Radio Ljubu\u0161ki\",\"@id\":\"https:\\\/\\\/radioljubuski.ba\\\/#\\\/schema\\\/person\\\/19fc700381a780f69665d7956c469e3b\"},\"headline\":\"Zahvala umirovljenika Gradu Ljubu\u0161kom\",\"datePublished\":\"2022-12-02T08:48:26+00:00\",\"mainEntityOfPage\":{\"@id\":\"https:\\\/\\\/radioljubuski.ba\\\/index.php\\\/2022\\\/12\\\/02\\\/zahvala-umirovljenika-gradu-ljubuskom\\\/\"},\"wordCount\":91,\"publisher\":{\"@id\":\"https:\\\/\\\/radioljubuski.ba\\\/#organization\"},\"image\":{\"@id\":\"https:\\\/\\\/radioljubuski.ba\\\/index.php\\\/2022\\\/12\\\/02\\\/zahvala-umirovljenika-gradu-ljubuskom\\\/#primaryimage\"},\"thumbnailUrl\":\"https:\\\/\\\/radioljubuski.ba\\\/wp-content\\\/uploads\\\/2022\\\/12\\\/Udruga-umirovljenika-Ljubuski.png\",\"articleSection\":[\"Novosti\"],\"inLanguage\":\"hr\"},{\"@type\":\"WebPage\",\"@id\":\"https:\\\/\\\/radioljubuski.ba\\\/index.php\\\/2022\\\/12\\\/02\\\/zahvala-umirovljenika-gradu-ljubuskom\\\/\",\"url\":\"https:\\\/\\\/radioljubuski.ba\\\/index.php\\\/2022\\\/12\\\/02\\\/zahvala-umirovljenika-gradu-ljubuskom\\\/\",\"name\":\"Zahvala umirovljenika Gradu Ljubu\u0161kom - RADIO LJUBU\u0160KI\",\"isPartOf\":{\"@id\":\"https:\\\/\\\/radioljubuski.ba\\\/#website\"},\"primaryImageOfPage\":{\"@id\":\"https:\\\/\\\/radioljubuski.ba\\\/index.php\\\/2022\\\/12\\\/02\\\/zahvala-umirovljenika-gradu-ljubuskom\\\/#primaryimage\"},\"image\":{\"@id\":\"https:\\\/\\\/radioljubuski.ba\\\/index.php\\\/2022\\\/12\\\/02\\\/zahvala-umirovljenika-gradu-ljubuskom\\\/#primaryimage\"},\"thumbnailUrl\":\"https:\\\/\\\/radioljubuski.ba\\\/wp-content\\\/uploads\\\/2022\\\/12\\\/Udruga-umirovljenika-Ljubuski.png\",\"datePublished\":\"2022-12-02T08:48:26+00:00\",\"breadcrumb\":{\"@id\":\"https:\\\/\\\/radioljubuski.ba\\\/index.php\\\/2022\\\/12\\\/02\\\/zahvala-umirovljenika-gradu-ljubuskom\\\/#breadcrumb\"},\"inLanguage\":\"hr\",\"potentialAction\":[{\"@type\":\"ReadAction\",\"target\":[\"https:\\\/\\\/radioljubuski.ba\\\/index.php\\\/2022\\\/12\\\/02\\\/zahvala-umirovljenika-gradu-ljubuskom\\\/\"]}]},{\"@type\":\"ImageObject\",\"inLanguage\":\"hr\",\"@id\":\"https:\\\/\\\/radioljubuski.ba\\\/index.php\\\/2022\\\/12\\\/02\\\/zahvala-umirovljenika-gradu-ljubuskom\\\/#primaryimage\",\"url\":\"https:\\\/\\\/radioljubuski.ba\\\/wp-content\\\/uploads\\\/2022\\\/12\\\/Udruga-umirovljenika-Ljubuski.png\",\"contentUrl\":\"https:\\\/\\\/radioljubuski.ba\\\/wp-content\\\/uploads\\\/2022\\\/12\\\/Udruga-umirovljenika-Ljubuski.png\",\"width\":940,\"height\":788},{\"@type\":\"BreadcrumbList\",\"@id\":\"https:\\\/\\\/radioljubuski.ba\\\/index.php\\\/2022\\\/12\\\/02\\\/zahvala-umirovljenika-gradu-ljubuskom\\\/#breadcrumb\",\"itemListElement\":[{\"@type\":\"ListItem\",\"position\":1,\"name\":\"Po\u010detna stranica\",\"item\":\"https:\\\/\\\/radioljubuski.ba\\\/\"},{\"@type\":\"ListItem\",\"position\":2,\"name\":\"Zahvala umirovljenika Gradu Ljubu\u0161kom\"}]},{\"@type\":\"WebSite\",\"@id\":\"https:\\\/\\\/radioljubuski.ba\\\/#website\",\"url\":\"https:\\\/\\\/radioljubuski.ba\\\/\",\"name\":\"Radio Ljubu\u0161ki\",\"description\":\"Sun\u010dana frekvencija Hercegovine\",\"publisher\":{\"@id\":\"https:\\\/\\\/radioljubuski.ba\\\/#organization\"},\"potentialAction\":[{\"@type\":\"SearchAction\",\"target\":{\"@type\":\"EntryPoint\",\"urlTemplate\":\"https:\\\/\\\/radioljubuski.ba\\\/?s={search_term_string}\"},\"query-input\":{\"@type\":\"PropertyValueSpecification\",\"valueRequired\":true,\"valueName\":\"search_term_string\"}}],\"inLanguage\":\"hr\"},{\"@type\":\"Organization\",\"@id\":\"https:\\\/\\\/radioljubuski.ba\\\/#organization\",\"name\":\"Radio Ljubu\u0161ki\",\"url\":\"https:\\\/\\\/radioljubuski.ba\\\/\",\"logo\":{\"@type\":\"ImageObject\",\"inLanguage\":\"hr\",\"@id\":\"https:\\\/\\\/radioljubuski.ba\\\/#\\\/schema\\\/logo\\\/image\\\/\",\"url\":\"https:\\\/\\\/radioljubuski.ba\\\/wp-content\\\/uploads\\\/2021\\\/02\\\/cropped-Radio_Ljubuski_logo1.jpg\",\"contentUrl\":\"https:\\\/\\\/radioljubuski.ba\\\/wp-content\\\/uploads\\\/2021\\\/02\\\/cropped-Radio_Ljubuski_logo1.jpg\",\"width\":512,\"height\":512,\"caption\":\"Radio Ljubu\u0161ki\"},\"image\":{\"@id\":\"https:\\\/\\\/radioljubuski.ba\\\/#\\\/schema\\\/logo\\\/image\\\/\"},\"sameAs\":[\"https:\\\/\\\/www.facebook.com\\\/Radiio-Ljubuski-1490835324566332\",\"https:\\\/\\\/x.com\\\/radioljubuski\",\"https:\\\/\\\/hr.linkedin.com\\\/company\\\/radio-ljubuski\",\"https:\\\/\\\/www.youtube.com\\\/channel\\\/UCHYaeO_n0Db3tjNGudGpXyw\"]},{\"@type\":\"Person\",\"@id\":\"https:\\\/\\\/radioljubuski.ba\\\/#\\\/schema\\\/person\\\/19fc700381a780f69665d7956c469e3b\",\"name\":\"Radio Ljubu\u0161ki\"}]}<\/script>\n<!-- \/ Yoast SEO plugin. -->","yoast_head_json":{"title":"Zahvala umirovljenika Gradu Ljubu\u0161kom - RADIO LJUBU\u0160KI","robots":{"index":"index","follow":"follow","max-snippet":"max-snippet:-1","max-image-preview":"max-image-preview:large","max-video-preview":"max-video-preview:-1"},"canonical":"https:\/\/radioljubuski.ba\/index.php\/2022\/12\/02\/zahvala-umirovljenika-gradu-ljubuskom\/","og_locale":"hr_HR","og_type":"article","og_title":"Zahvala umirovljenika Gradu Ljubu\u0161kom - RADIO LJUBU\u0160KI","og_description":"Udruga umirovljenika Ljubu\u0161ki uputila je zahvalnicu upu\u0107enu gradona\u010delniku Vedranu Markoti\u0107u , predsjedniku Gradskog vije\u0107a Tihomiru Kvesi\u0107u,&nbsp; te svim gradskim vije\u0107nicima na odluci o doniranju \u201eBo\u017ei\u0107nice\u201c umirovljenicima koji primaju najni\u017ee mirovine. \u201e Dar je mio, ma koliki bio!\u201c Uz zahvalu upu\u0107uju \u010destitku&nbsp; s najljep\u0161im \u017eeljama za Bo\u017ei\u0107 i Novu godinu svim umirovljenicima i svim sugra\u0111anima&nbsp; \u201e\u017delimo [&hellip;]","og_url":"https:\/\/radioljubuski.ba\/index.php\/2022\/12\/02\/zahvala-umirovljenika-gradu-ljubuskom\/","og_site_name":"RADIO LJUBU\u0160KI","article_publisher":"https:\/\/www.facebook.com\/Radiio-Ljubuski-1490835324566332","article_published_time":"2022-12-02T08:48:26+00:00","og_image":[{"width":940,"height":788,"url":"https:\/\/radioljubuski.ba\/wp-content\/uploads\/2022\/12\/Udruga-umirovljenika-Ljubuski.png","type":"image\/png"}],"author":"Radio Ljubu\u0161ki","twitter_card":"summary_large_image","twitter_creator":"@radioljubuski","twitter_site":"@radioljubuski","twitter_misc":{"Napisao\/la":"Radio Ljubu\u0161ki","Procijenjeno vrijeme \u010ditanja":"1 minuta"},"schema":{"@context":"https:\/\/schema.org","@graph":[{"@type":"Article","@id":"https:\/\/radioljubuski.ba\/index.php\/2022\/12\/02\/zahvala-umirovljenika-gradu-ljubuskom\/#article","isPartOf":{"@id":"https:\/\/radioljubuski.ba\/index.php\/2022\/12\/02\/zahvala-umirovljenika-gradu-ljubuskom\/"},"author":{"name":"Radio Ljubu\u0161ki","@id":"https:\/\/radioljubuski.ba\/#\/schema\/person\/19fc700381a780f69665d7956c469e3b"},"headline":"Zahvala umirovljenika Gradu Ljubu\u0161kom","datePublished":"2022-12-02T08:48:26+00:00","mainEntityOfPage":{"@id":"https:\/\/radioljubuski.ba\/index.php\/2022\/12\/02\/zahvala-umirovljenika-gradu-ljubuskom\/"},"wordCount":91,"publisher":{"@id":"https:\/\/radioljubuski.ba\/#organization"},"image":{"@id":"https:\/\/radioljubuski.ba\/index.php\/2022\/12\/02\/zahvala-umirovljenika-gradu-ljubuskom\/#primaryimage"},"thumbnailUrl":"https:\/\/radioljubuski.ba\/wp-content\/uploads\/2022\/12\/Udruga-umirovljenika-Ljubuski.png","articleSection":["Novosti"],"inLanguage":"hr"},{"@type":"WebPage","@id":"https:\/\/radioljubuski.ba\/index.php\/2022\/12\/02\/zahvala-umirovljenika-gradu-ljubuskom\/","url":"https:\/\/radioljubuski.ba\/index.php\/2022\/12\/02\/zahvala-umirovljenika-gradu-ljubuskom\/","name":"Zahvala umirovljenika Gradu Ljubu\u0161kom - RADIO LJUBU\u0160KI","isPartOf":{"@id":"https:\/\/radioljubuski.ba\/#website"},"primaryImageOfPage":{"@id":"https:\/\/radioljubuski.ba\/index.php\/2022\/12\/02\/zahvala-umirovljenika-gradu-ljubuskom\/#primaryimage"},"image":{"@id":"https:\/\/radioljubuski.ba\/index.php\/2022\/12\/02\/zahvala-umirovljenika-gradu-ljubuskom\/#primaryimage"},"thumbnailUrl":"https:\/\/radioljubuski.ba\/wp-content\/uploads\/2022\/12\/Udruga-umirovljenika-Ljubuski.png","datePublished":"2022-12-02T08:48:26+00:00","breadcrumb":{"@id":"https:\/\/radioljubuski.ba\/index.php\/2022\/12\/02\/zahvala-umirovljenika-gradu-ljubuskom\/#breadcrumb"},"inLanguage":"hr","potentialAction":[{"@type":"ReadAction","target":["https:\/\/radioljubuski.ba\/index.php\/2022\/12\/02\/zahvala-umirovljenika-gradu-ljubuskom\/"]}]},{"@type":"ImageObject","inLanguage":"hr","@id":"https:\/\/radioljubuski.ba\/index.php\/2022\/12\/02\/zahvala-umirovljenika-gradu-ljubuskom\/#primaryimage","url":"https:\/\/radioljubuski.ba\/wp-content\/uploads\/2022\/12\/Udruga-umirovljenika-Ljubuski.png","contentUrl":"https:\/\/radioljubuski.ba\/wp-content\/uploads\/2022\/12\/Udruga-umirovljenika-Ljubuski.png","width":940,"height":788},{"@type":"BreadcrumbList","@id":"https:\/\/radioljubuski.ba\/index.php\/2022\/12\/02\/zahvala-umirovljenika-gradu-ljubuskom\/#breadcrumb","itemListElement":[{"@type":"ListItem","position":1,"name":"Po\u010detna stranica","item":"https:\/\/radioljubuski.ba\/"},{"@type":"ListItem","position":2,"name":"Zahvala umirovljenika Gradu Ljubu\u0161kom"}]},{"@type":"WebSite","@id":"https:\/\/radioljubuski.ba\/#website","url":"https:\/\/radioljubuski.ba\/","name":"Radio Ljubu\u0161ki","description":"Sun\u010dana frekvencija Hercegovine","publisher":{"@id":"https:\/\/radioljubuski.ba\/#organization"},"potentialAction":[{"@type":"SearchAction","target":{"@type":"EntryPoint","urlTemplate":"https:\/\/radioljubuski.ba\/?s={search_term_string}"},"query-input":{"@type":"PropertyValueSpecification","valueRequired":true,"valueName":"search_term_string"}}],"inLanguage":"hr"},{"@type":"Organization","@id":"https:\/\/radioljubuski.ba\/#organization","name":"Radio Ljubu\u0161ki","url":"https:\/\/radioljubuski.ba\/","logo":{"@type":"ImageObject","inLanguage":"hr","@id":"https:\/\/radioljubuski.ba\/#\/schema\/logo\/image\/","url":"https:\/\/radioljubuski.ba\/wp-content\/uploads\/2021\/02\/cropped-Radio_Ljubuski_logo1.jpg","contentUrl":"https:\/\/radioljubuski.ba\/wp-content\/uploads\/2021\/02\/cropped-Radio_Ljubuski_logo1.jpg","width":512,"height":512,"caption":"Radio Ljubu\u0161ki"},"image":{"@id":"https:\/\/radioljubuski.ba\/#\/schema\/logo\/image\/"},"sameAs":["https:\/\/www.facebook.com\/Radiio-Ljubuski-1490835324566332","https:\/\/x.com\/radioljubuski","https:\/\/hr.linkedin.com\/company\/radio-ljubuski","https:\/\/www.youtube.com\/channel\/UCHYaeO_n0Db3tjNGudGpXyw"]},{"@type":"Person","@id":"https:\/\/radioljubuski.ba\/#\/schema\/person\/19fc700381a780f69665d7956c469e3b","name":"Radio Ljubu\u0161ki"}]}},"_links":{"self":[{"href":"https:\/\/radioljubuski.ba\/index.php\/wp-json\/wp\/v2\/posts\/186315","targetHints":{"allow":["GET"]}}],"collection":[{"href":"https:\/\/radioljubuski.ba\/index.php\/wp-json\/wp\/v2\/posts"}],"about":[{"href":"https:\/\/radioljubuski.ba\/index.php\/wp-json\/wp\/v2\/types\/post"}],"author":[{"embeddable":true,"href":"https:\/\/radioljubuski.ba\/index.php\/wp-json\/wp\/v2\/users\/2"}],"replies":[{"embeddable":true,"href":"https:\/\/radioljubuski.ba\/index.php\/wp-json\/wp\/v2\/comments?post=186315"}],"version-history":[{"count":1,"href":"https:\/\/radioljubuski.ba\/index.php\/wp-json\/wp\/v2\/posts\/186315\/revisions"}],"predecessor-version":[{"id":186317,"href":"https:\/\/radioljubuski.ba\/index.php\/wp-json\/wp\/v2\/posts\/186315\/revisions\/186317"}],"wp:featuredmedia":[{"embeddable":true,"href":"https:\/\/radioljubuski.ba\/index.php\/wp-json\/wp\/v2\/media\/186316"}],"wp:attachment":[{"href":"https:\/\/radioljubuski.ba\/index.php\/wp-json\/wp\/v2\/media?parent=186315"}],"wp:term":[{"taxonomy":"category","embeddable":true,"href":"https:\/\/radioljubuski.ba\/index.php\/wp-json\/wp\/v2\/categories?post=186315"},{"taxonomy":"post_tag","embeddable":true,"href":"https:\/\/radioljubuski.ba\/index.php\/wp-json\/wp\/v2\/tags?post=186315"}],"curies":[{"name":"wp","href":"https:\/\/api.w.org\/{rel}","templated":true}]}}