{"id":186614,"date":"2022-12-15T10:15:48","date_gmt":"2022-12-15T09:15:48","guid":{"rendered":"https:\/\/radioljubuski.ba\/?p=186614"},"modified":"2022-12-15T10:15:50","modified_gmt":"2022-12-15T09:15:50","slug":"rukometni-vikend-za-kraj-polusezone","status":"publish","type":"post","link":"https:\/\/radioljubuski.ba\/index.php\/2022\/12\/15\/rukometni-vikend-za-kraj-polusezone\/","title":{"rendered":"Rukometni vikend za kraj polusezone"},"content":{"rendered":"\n<p>Ovog vikenda zavr\u0161avaju natjecanja u Premier ligama rukometa\u0161a i rukometa\u0161ica nakon \u010dega slijedi odmor do nastavka prvenstva na prolje\u0107e slijede\u0107e godine.<\/p>\n\n\n\n<figure class=\"wp-block-gallery has-nested-images columns-default is-cropped wp-block-gallery-1 is-layout-flex wp-block-gallery-is-layout-flex\">\n<figure class=\"wp-block-image size-large\"><img loading=\"lazy\" decoding=\"async\" width=\"1024\" height=\"748\" data-id=\"186615\" src=\"https:\/\/radioljubuski.ba\/wp-content\/uploads\/2022\/12\/izvidac.jpg\" alt=\"\" class=\"wp-image-186615\" srcset=\"https:\/\/radioljubuski.ba\/wp-content\/uploads\/2022\/12\/izvidac.jpg 1024w, https:\/\/radioljubuski.ba\/wp-content\/uploads\/2022\/12\/izvidac-300x219.jpg 300w, https:\/\/radioljubuski.ba\/wp-content\/uploads\/2022\/12\/izvidac-768x561.jpg 768w, https:\/\/radioljubuski.ba\/wp-content\/uploads\/2022\/12\/izvidac-16x12.jpg 16w\" sizes=\"auto, (max-width: 1024px) 100vw, 1024px\" \/><\/figure>\n<\/figure>\n\n\n\n<p>Tako \u0107e rukometa\u0161i Izvi\u0111a\u010da u 15.kolu gostovati u Grada\u010dcu kod pretposljednje mom\u010dadi na prvenstvenoj ljestvici koja je kao i viso\u010dka Bosna osvojila sedam bodova, posljednji je Kakanj sa samo dva boda. S druge strane Skauti su uvjerljivo prvi, imaju 27 od mogu\u0107ih 28 bodova i jesensku titulu su osigurali kolo prije kraja, &nbsp;\u201eprati\u201c ih Leotar sa \u010detiri boda manje, pa su gledaju\u0107i s te strane Skauti favoriti, ali treba biti oprezan. Utakmica u Grada\u010dcu igra se u petak, 16.prosinca s po\u010detkom u 18 sati.<br><br>U 11.kolu Premier lige drugoplasirane rukometa\u0161ice Izvi\u0111a\u010da zavr\u0161avaju polusezonu protiv vode\u0107ih Gruda koje imaju stopostotan u\u010dinak pa se o\u010dekuje zanimljiva i borbena utakmica. Utakmica se igra u subotu, 17.prosinca u Gradskoj \u0161portskoj dvorani u Ljubu\u0161kom &nbsp;s po\u010detkom u 19:30 sati.&nbsp;<\/p>\n\n\n\n<figure class=\"wp-block-gallery has-nested-images columns-default is-cropped wp-block-gallery-2 is-layout-flex wp-block-gallery-is-layout-flex\">\n<figure class=\"wp-block-image size-large\"><img loading=\"lazy\" decoding=\"async\" width=\"1024\" height=\"758\" data-id=\"186616\" src=\"https:\/\/radioljubuski.ba\/wp-content\/uploads\/2022\/12\/cure-1.jpg\" alt=\"\" class=\"wp-image-186616\" srcset=\"https:\/\/radioljubuski.ba\/wp-content\/uploads\/2022\/12\/cure-1.jpg 1024w, https:\/\/radioljubuski.ba\/wp-content\/uploads\/2022\/12\/cure-1-300x222.jpg 300w, https:\/\/radioljubuski.ba\/wp-content\/uploads\/2022\/12\/cure-1-768x569.jpg 768w, https:\/\/radioljubuski.ba\/wp-content\/uploads\/2022\/12\/cure-1-16x12.jpg 16w\" sizes=\"auto, (max-width: 1024px) 100vw, 1024px\" \/><\/figure>\n<\/figure>\n\n\n\n<p>Radio ljubu\u0161ki&nbsp; &nbsp;<\/p>\n","protected":false},"excerpt":{"rendered":"<p>Ovog vikenda zavr\u0161avaju natjecanja u Premier ligama rukometa\u0161a i rukometa\u0161ica nakon \u010dega slijedi odmor do nastavka prvenstva na prolje\u0107e slijede\u0107e godine. Tako \u0107e rukometa\u0161i Izvi\u0111a\u010da u 15.kolu gostovati u Grada\u010dcu kod pretposljednje mom\u010dadi na prvenstvenoj ljestvici koja je kao i viso\u010dka Bosna osvojila sedam bodova, posljednji je Kakanj sa samo dva boda. S druge strane [&hellip;]<\/p>\n","protected":false},"author":2,"featured_media":186617,"comment_status":"closed","ping_status":"closed","sticky":false,"template":"","format":"standard","meta":{"h5ap_radio_sources":[],"footnotes":""},"categories":[7],"tags":[],"class_list":["post-186614","post","type-post","status-publish","format-standard","has-post-thumbnail","hentry","category-sport"],"yoast_head":"<!-- This site is optimized with the Yoast SEO plugin v27.4 - https:\/\/yoast.com\/product\/yoast-seo-wordpress\/ -->\n<title>Rukometni vikend za kraj polusezone - RADIO LJUBU\u0160KI<\/title>\n<meta name=\"robots\" content=\"index, follow, max-snippet:-1, max-image-preview:large, max-video-preview:-1\" \/>\n<link rel=\"canonical\" href=\"https:\/\/radioljubuski.ba\/index.php\/2022\/12\/15\/rukometni-vikend-za-kraj-polusezone\/\" \/>\n<meta property=\"og:locale\" content=\"hr_HR\" \/>\n<meta property=\"og:type\" content=\"article\" \/>\n<meta property=\"og:title\" content=\"Rukometni vikend za kraj polusezone - RADIO LJUBU\u0160KI\" \/>\n<meta property=\"og:description\" content=\"Ovog vikenda zavr\u0161avaju natjecanja u Premier ligama rukometa\u0161a i rukometa\u0161ica nakon \u010dega slijedi odmor do nastavka prvenstva na prolje\u0107e slijede\u0107e godine. Tako \u0107e rukometa\u0161i Izvi\u0111a\u010da u 15.kolu gostovati u Grada\u010dcu kod pretposljednje mom\u010dadi na prvenstvenoj ljestvici koja je kao i viso\u010dka Bosna osvojila sedam bodova, posljednji je Kakanj sa samo dva boda. S druge strane [&hellip;]\" \/>\n<meta property=\"og:url\" content=\"https:\/\/radioljubuski.ba\/index.php\/2022\/12\/15\/rukometni-vikend-za-kraj-polusezone\/\" \/>\n<meta property=\"og:site_name\" content=\"RADIO LJUBU\u0160KI\" \/>\n<meta property=\"article:publisher\" content=\"https:\/\/www.facebook.com\/Radiio-Ljubuski-1490835324566332\" \/>\n<meta property=\"article:published_time\" content=\"2022-12-15T09:15:48+00:00\" \/>\n<meta property=\"article:modified_time\" content=\"2022-12-15T09:15:50+00:00\" \/>\n<meta property=\"og:image\" content=\"https:\/\/radioljubuski.ba\/wp-content\/uploads\/2022\/12\/momci.jpg\" \/>\n\t<meta property=\"og:image:width\" content=\"1024\" \/>\n\t<meta property=\"og:image:height\" content=\"683\" \/>\n\t<meta property=\"og:image:type\" content=\"image\/jpeg\" \/>\n<meta name=\"author\" content=\"Radio Ljubu\u0161ki\" \/>\n<meta name=\"twitter:card\" content=\"summary_large_image\" \/>\n<meta name=\"twitter:creator\" content=\"@radioljubuski\" \/>\n<meta name=\"twitter:site\" content=\"@radioljubuski\" \/>\n<meta name=\"twitter:label1\" content=\"Napisao\/la\" \/>\n\t<meta name=\"twitter:data1\" content=\"Radio Ljubu\u0161ki\" \/>\n\t<meta name=\"twitter:label2\" content=\"Procijenjeno vrijeme \u010ditanja\" \/>\n\t<meta name=\"twitter:data2\" content=\"2 minute\" \/>\n<script type=\"application\/ld+json\" class=\"yoast-schema-graph\">{\"@context\":\"https:\\\/\\\/schema.org\",\"@graph\":[{\"@type\":\"Article\",\"@id\":\"https:\\\/\\\/radioljubuski.ba\\\/index.php\\\/2022\\\/12\\\/15\\\/rukometni-vikend-za-kraj-polusezone\\\/#article\",\"isPartOf\":{\"@id\":\"https:\\\/\\\/radioljubuski.ba\\\/index.php\\\/2022\\\/12\\\/15\\\/rukometni-vikend-za-kraj-polusezone\\\/\"},\"author\":{\"name\":\"Radio Ljubu\u0161ki\",\"@id\":\"https:\\\/\\\/radioljubuski.ba\\\/#\\\/schema\\\/person\\\/19fc700381a780f69665d7956c469e3b\"},\"headline\":\"Rukometni vikend za kraj polusezone\",\"datePublished\":\"2022-12-15T09:15:48+00:00\",\"dateModified\":\"2022-12-15T09:15:50+00:00\",\"mainEntityOfPage\":{\"@id\":\"https:\\\/\\\/radioljubuski.ba\\\/index.php\\\/2022\\\/12\\\/15\\\/rukometni-vikend-za-kraj-polusezone\\\/\"},\"wordCount\":178,\"publisher\":{\"@id\":\"https:\\\/\\\/radioljubuski.ba\\\/#organization\"},\"image\":{\"@id\":\"https:\\\/\\\/radioljubuski.ba\\\/index.php\\\/2022\\\/12\\\/15\\\/rukometni-vikend-za-kraj-polusezone\\\/#primaryimage\"},\"thumbnailUrl\":\"https:\\\/\\\/radioljubuski.ba\\\/wp-content\\\/uploads\\\/2022\\\/12\\\/momci.jpg\",\"articleSection\":[\"\u0160port\"],\"inLanguage\":\"hr\"},{\"@type\":\"WebPage\",\"@id\":\"https:\\\/\\\/radioljubuski.ba\\\/index.php\\\/2022\\\/12\\\/15\\\/rukometni-vikend-za-kraj-polusezone\\\/\",\"url\":\"https:\\\/\\\/radioljubuski.ba\\\/index.php\\\/2022\\\/12\\\/15\\\/rukometni-vikend-za-kraj-polusezone\\\/\",\"name\":\"Rukometni vikend za kraj polusezone - RADIO LJUBU\u0160KI\",\"isPartOf\":{\"@id\":\"https:\\\/\\\/radioljubuski.ba\\\/#website\"},\"primaryImageOfPage\":{\"@id\":\"https:\\\/\\\/radioljubuski.ba\\\/index.php\\\/2022\\\/12\\\/15\\\/rukometni-vikend-za-kraj-polusezone\\\/#primaryimage\"},\"image\":{\"@id\":\"https:\\\/\\\/radioljubuski.ba\\\/index.php\\\/2022\\\/12\\\/15\\\/rukometni-vikend-za-kraj-polusezone\\\/#primaryimage\"},\"thumbnailUrl\":\"https:\\\/\\\/radioljubuski.ba\\\/wp-content\\\/uploads\\\/2022\\\/12\\\/momci.jpg\",\"datePublished\":\"2022-12-15T09:15:48+00:00\",\"dateModified\":\"2022-12-15T09:15:50+00:00\",\"breadcrumb\":{\"@id\":\"https:\\\/\\\/radioljubuski.ba\\\/index.php\\\/2022\\\/12\\\/15\\\/rukometni-vikend-za-kraj-polusezone\\\/#breadcrumb\"},\"inLanguage\":\"hr\",\"potentialAction\":[{\"@type\":\"ReadAction\",\"target\":[\"https:\\\/\\\/radioljubuski.ba\\\/index.php\\\/2022\\\/12\\\/15\\\/rukometni-vikend-za-kraj-polusezone\\\/\"]}]},{\"@type\":\"ImageObject\",\"inLanguage\":\"hr\",\"@id\":\"https:\\\/\\\/radioljubuski.ba\\\/index.php\\\/2022\\\/12\\\/15\\\/rukometni-vikend-za-kraj-polusezone\\\/#primaryimage\",\"url\":\"https:\\\/\\\/radioljubuski.ba\\\/wp-content\\\/uploads\\\/2022\\\/12\\\/momci.jpg\",\"contentUrl\":\"https:\\\/\\\/radioljubuski.ba\\\/wp-content\\\/uploads\\\/2022\\\/12\\\/momci.jpg\",\"width\":1024,\"height\":683},{\"@type\":\"BreadcrumbList\",\"@id\":\"https:\\\/\\\/radioljubuski.ba\\\/index.php\\\/2022\\\/12\\\/15\\\/rukometni-vikend-za-kraj-polusezone\\\/#breadcrumb\",\"itemListElement\":[{\"@type\":\"ListItem\",\"position\":1,\"name\":\"Po\u010detna stranica\",\"item\":\"https:\\\/\\\/radioljubuski.ba\\\/\"},{\"@type\":\"ListItem\",\"position\":2,\"name\":\"Rukometni vikend za kraj polusezone\"}]},{\"@type\":\"WebSite\",\"@id\":\"https:\\\/\\\/radioljubuski.ba\\\/#website\",\"url\":\"https:\\\/\\\/radioljubuski.ba\\\/\",\"name\":\"Radio Ljubu\u0161ki\",\"description\":\"Sun\u010dana frekvencija Hercegovine\",\"publisher\":{\"@id\":\"https:\\\/\\\/radioljubuski.ba\\\/#organization\"},\"potentialAction\":[{\"@type\":\"SearchAction\",\"target\":{\"@type\":\"EntryPoint\",\"urlTemplate\":\"https:\\\/\\\/radioljubuski.ba\\\/?s={search_term_string}\"},\"query-input\":{\"@type\":\"PropertyValueSpecification\",\"valueRequired\":true,\"valueName\":\"search_term_string\"}}],\"inLanguage\":\"hr\"},{\"@type\":\"Organization\",\"@id\":\"https:\\\/\\\/radioljubuski.ba\\\/#organization\",\"name\":\"Radio Ljubu\u0161ki\",\"url\":\"https:\\\/\\\/radioljubuski.ba\\\/\",\"logo\":{\"@type\":\"ImageObject\",\"inLanguage\":\"hr\",\"@id\":\"https:\\\/\\\/radioljubuski.ba\\\/#\\\/schema\\\/logo\\\/image\\\/\",\"url\":\"https:\\\/\\\/radioljubuski.ba\\\/wp-content\\\/uploads\\\/2021\\\/02\\\/cropped-Radio_Ljubuski_logo1.jpg\",\"contentUrl\":\"https:\\\/\\\/radioljubuski.ba\\\/wp-content\\\/uploads\\\/2021\\\/02\\\/cropped-Radio_Ljubuski_logo1.jpg\",\"width\":512,\"height\":512,\"caption\":\"Radio Ljubu\u0161ki\"},\"image\":{\"@id\":\"https:\\\/\\\/radioljubuski.ba\\\/#\\\/schema\\\/logo\\\/image\\\/\"},\"sameAs\":[\"https:\\\/\\\/www.facebook.com\\\/Radiio-Ljubuski-1490835324566332\",\"https:\\\/\\\/x.com\\\/radioljubuski\",\"https:\\\/\\\/hr.linkedin.com\\\/company\\\/radio-ljubuski\",\"https:\\\/\\\/www.youtube.com\\\/channel\\\/UCHYaeO_n0Db3tjNGudGpXyw\"]},{\"@type\":\"Person\",\"@id\":\"https:\\\/\\\/radioljubuski.ba\\\/#\\\/schema\\\/person\\\/19fc700381a780f69665d7956c469e3b\",\"name\":\"Radio Ljubu\u0161ki\"}]}<\/script>\n<!-- \/ Yoast SEO plugin. -->","yoast_head_json":{"title":"Rukometni vikend za kraj polusezone - RADIO LJUBU\u0160KI","robots":{"index":"index","follow":"follow","max-snippet":"max-snippet:-1","max-image-preview":"max-image-preview:large","max-video-preview":"max-video-preview:-1"},"canonical":"https:\/\/radioljubuski.ba\/index.php\/2022\/12\/15\/rukometni-vikend-za-kraj-polusezone\/","og_locale":"hr_HR","og_type":"article","og_title":"Rukometni vikend za kraj polusezone - RADIO LJUBU\u0160KI","og_description":"Ovog vikenda zavr\u0161avaju natjecanja u Premier ligama rukometa\u0161a i rukometa\u0161ica nakon \u010dega slijedi odmor do nastavka prvenstva na prolje\u0107e slijede\u0107e godine. Tako \u0107e rukometa\u0161i Izvi\u0111a\u010da u 15.kolu gostovati u Grada\u010dcu kod pretposljednje mom\u010dadi na prvenstvenoj ljestvici koja je kao i viso\u010dka Bosna osvojila sedam bodova, posljednji je Kakanj sa samo dva boda. S druge strane [&hellip;]","og_url":"https:\/\/radioljubuski.ba\/index.php\/2022\/12\/15\/rukometni-vikend-za-kraj-polusezone\/","og_site_name":"RADIO LJUBU\u0160KI","article_publisher":"https:\/\/www.facebook.com\/Radiio-Ljubuski-1490835324566332","article_published_time":"2022-12-15T09:15:48+00:00","article_modified_time":"2022-12-15T09:15:50+00:00","og_image":[{"width":1024,"height":683,"url":"https:\/\/radioljubuski.ba\/wp-content\/uploads\/2022\/12\/momci.jpg","type":"image\/jpeg"}],"author":"Radio Ljubu\u0161ki","twitter_card":"summary_large_image","twitter_creator":"@radioljubuski","twitter_site":"@radioljubuski","twitter_misc":{"Napisao\/la":"Radio Ljubu\u0161ki","Procijenjeno vrijeme \u010ditanja":"2 minute"},"schema":{"@context":"https:\/\/schema.org","@graph":[{"@type":"Article","@id":"https:\/\/radioljubuski.ba\/index.php\/2022\/12\/15\/rukometni-vikend-za-kraj-polusezone\/#article","isPartOf":{"@id":"https:\/\/radioljubuski.ba\/index.php\/2022\/12\/15\/rukometni-vikend-za-kraj-polusezone\/"},"author":{"name":"Radio Ljubu\u0161ki","@id":"https:\/\/radioljubuski.ba\/#\/schema\/person\/19fc700381a780f69665d7956c469e3b"},"headline":"Rukometni vikend za kraj polusezone","datePublished":"2022-12-15T09:15:48+00:00","dateModified":"2022-12-15T09:15:50+00:00","mainEntityOfPage":{"@id":"https:\/\/radioljubuski.ba\/index.php\/2022\/12\/15\/rukometni-vikend-za-kraj-polusezone\/"},"wordCount":178,"publisher":{"@id":"https:\/\/radioljubuski.ba\/#organization"},"image":{"@id":"https:\/\/radioljubuski.ba\/index.php\/2022\/12\/15\/rukometni-vikend-za-kraj-polusezone\/#primaryimage"},"thumbnailUrl":"https:\/\/radioljubuski.ba\/wp-content\/uploads\/2022\/12\/momci.jpg","articleSection":["\u0160port"],"inLanguage":"hr"},{"@type":"WebPage","@id":"https:\/\/radioljubuski.ba\/index.php\/2022\/12\/15\/rukometni-vikend-za-kraj-polusezone\/","url":"https:\/\/radioljubuski.ba\/index.php\/2022\/12\/15\/rukometni-vikend-za-kraj-polusezone\/","name":"Rukometni vikend za kraj polusezone - RADIO LJUBU\u0160KI","isPartOf":{"@id":"https:\/\/radioljubuski.ba\/#website"},"primaryImageOfPage":{"@id":"https:\/\/radioljubuski.ba\/index.php\/2022\/12\/15\/rukometni-vikend-za-kraj-polusezone\/#primaryimage"},"image":{"@id":"https:\/\/radioljubuski.ba\/index.php\/2022\/12\/15\/rukometni-vikend-za-kraj-polusezone\/#primaryimage"},"thumbnailUrl":"https:\/\/radioljubuski.ba\/wp-content\/uploads\/2022\/12\/momci.jpg","datePublished":"2022-12-15T09:15:48+00:00","dateModified":"2022-12-15T09:15:50+00:00","breadcrumb":{"@id":"https:\/\/radioljubuski.ba\/index.php\/2022\/12\/15\/rukometni-vikend-za-kraj-polusezone\/#breadcrumb"},"inLanguage":"hr","potentialAction":[{"@type":"ReadAction","target":["https:\/\/radioljubuski.ba\/index.php\/2022\/12\/15\/rukometni-vikend-za-kraj-polusezone\/"]}]},{"@type":"ImageObject","inLanguage":"hr","@id":"https:\/\/radioljubuski.ba\/index.php\/2022\/12\/15\/rukometni-vikend-za-kraj-polusezone\/#primaryimage","url":"https:\/\/radioljubuski.ba\/wp-content\/uploads\/2022\/12\/momci.jpg","contentUrl":"https:\/\/radioljubuski.ba\/wp-content\/uploads\/2022\/12\/momci.jpg","width":1024,"height":683},{"@type":"BreadcrumbList","@id":"https:\/\/radioljubuski.ba\/index.php\/2022\/12\/15\/rukometni-vikend-za-kraj-polusezone\/#breadcrumb","itemListElement":[{"@type":"ListItem","position":1,"name":"Po\u010detna stranica","item":"https:\/\/radioljubuski.ba\/"},{"@type":"ListItem","position":2,"name":"Rukometni vikend za kraj polusezone"}]},{"@type":"WebSite","@id":"https:\/\/radioljubuski.ba\/#website","url":"https:\/\/radioljubuski.ba\/","name":"Radio Ljubu\u0161ki","description":"Sun\u010dana frekvencija Hercegovine","publisher":{"@id":"https:\/\/radioljubuski.ba\/#organization"},"potentialAction":[{"@type":"SearchAction","target":{"@type":"EntryPoint","urlTemplate":"https:\/\/radioljubuski.ba\/?s={search_term_string}"},"query-input":{"@type":"PropertyValueSpecification","valueRequired":true,"valueName":"search_term_string"}}],"inLanguage":"hr"},{"@type":"Organization","@id":"https:\/\/radioljubuski.ba\/#organization","name":"Radio Ljubu\u0161ki","url":"https:\/\/radioljubuski.ba\/","logo":{"@type":"ImageObject","inLanguage":"hr","@id":"https:\/\/radioljubuski.ba\/#\/schema\/logo\/image\/","url":"https:\/\/radioljubuski.ba\/wp-content\/uploads\/2021\/02\/cropped-Radio_Ljubuski_logo1.jpg","contentUrl":"https:\/\/radioljubuski.ba\/wp-content\/uploads\/2021\/02\/cropped-Radio_Ljubuski_logo1.jpg","width":512,"height":512,"caption":"Radio Ljubu\u0161ki"},"image":{"@id":"https:\/\/radioljubuski.ba\/#\/schema\/logo\/image\/"},"sameAs":["https:\/\/www.facebook.com\/Radiio-Ljubuski-1490835324566332","https:\/\/x.com\/radioljubuski","https:\/\/hr.linkedin.com\/company\/radio-ljubuski","https:\/\/www.youtube.com\/channel\/UCHYaeO_n0Db3tjNGudGpXyw"]},{"@type":"Person","@id":"https:\/\/radioljubuski.ba\/#\/schema\/person\/19fc700381a780f69665d7956c469e3b","name":"Radio Ljubu\u0161ki"}]}},"_links":{"self":[{"href":"https:\/\/radioljubuski.ba\/index.php\/wp-json\/wp\/v2\/posts\/186614","targetHints":{"allow":["GET"]}}],"collection":[{"href":"https:\/\/radioljubuski.ba\/index.php\/wp-json\/wp\/v2\/posts"}],"about":[{"href":"https:\/\/radioljubuski.ba\/index.php\/wp-json\/wp\/v2\/types\/post"}],"author":[{"embeddable":true,"href":"https:\/\/radioljubuski.ba\/index.php\/wp-json\/wp\/v2\/users\/2"}],"replies":[{"embeddable":true,"href":"https:\/\/radioljubuski.ba\/index.php\/wp-json\/wp\/v2\/comments?post=186614"}],"version-history":[{"count":1,"href":"https:\/\/radioljubuski.ba\/index.php\/wp-json\/wp\/v2\/posts\/186614\/revisions"}],"predecessor-version":[{"id":186618,"href":"https:\/\/radioljubuski.ba\/index.php\/wp-json\/wp\/v2\/posts\/186614\/revisions\/186618"}],"wp:featuredmedia":[{"embeddable":true,"href":"https:\/\/radioljubuski.ba\/index.php\/wp-json\/wp\/v2\/media\/186617"}],"wp:attachment":[{"href":"https:\/\/radioljubuski.ba\/index.php\/wp-json\/wp\/v2\/media?parent=186614"}],"wp:term":[{"taxonomy":"category","embeddable":true,"href":"https:\/\/radioljubuski.ba\/index.php\/wp-json\/wp\/v2\/categories?post=186614"},{"taxonomy":"post_tag","embeddable":true,"href":"https:\/\/radioljubuski.ba\/index.php\/wp-json\/wp\/v2\/tags?post=186614"}],"curies":[{"name":"wp","href":"https:\/\/api.w.org\/{rel}","templated":true}]}}