{"id":186800,"date":"2022-12-20T09:51:16","date_gmt":"2022-12-20T08:51:16","guid":{"rendered":"https:\/\/radioljubuski.ba\/?p=186800"},"modified":"2022-12-20T09:51:16","modified_gmt":"2022-12-20T08:51:16","slug":"obavijest-iz-elektroprivrede-hzhb-pogledajte-gdje-u-ljubuskom-nece-biti-struje-u-cetvrtak","status":"publish","type":"post","link":"https:\/\/radioljubuski.ba\/index.php\/2022\/12\/20\/obavijest-iz-elektroprivrede-hzhb-pogledajte-gdje-u-ljubuskom-nece-biti-struje-u-cetvrtak\/","title":{"rendered":"Obavijest iz Elektroprivrede HZHB: Pogledajte gdje u Ljubu\u0161kom ne\u0107e biti struje u \u010detvrtak"},"content":{"rendered":"\n<p>JP Elektroprivreda HZHB, poslovnica &#8221;Elektro Ljubu\u0161ki&#8221; obavje\u0161tava cijenjene potro\u0161a\u010de da \u0107e zbog planiranih radova do\u0107i do prekida u isporuci elektri\u010dne energije dana 22.12.2022. godine od 08:00 do 09:00 sati na u dijelu ulice hrvatskih kraljeva, dijelu ulice Zvonimira Remete, dijelu ulice A.G. Mato\u0161a, ulici Dragutina Tadijanovi\u0107a, dijelu ulice hercega Stjepana Kosa\u010de, dijelu ulice IV. brigade HVO Stjepana Radi\u0107a i ulici Glavica.<\/p>\n\n\n\n<p>Po zavr\u0161etku radova do\u0107i \u0107e do kra\u0107eg prekida (20 minuta) u isporuci elektri\u010dne u u\u017eem dijelu grada Ljubu\u0161kog (isto\u010dnom, sredi\u0161njem i sjevernom dijelu grada te dijelu Pregra\u0111a): u dijelu ulice hrvatskih kraljeva, ulici don Ivana Musi\u0107a, ulici Zvonimira Remete, dijelu ulice A.G. Mato\u0161a, ulici Dragutina Tadijanovi\u0107a, ulici hercega Stjepana Kosa\u010de, ulici Alije Nametka, ulici Pobri\u0161\u0107e, dijelu ulice PPN Ludviga Pavlovi\u0107a, ulici IV. brigade HVO Stjepana Radi\u0107a, ulici dobrovoljnih darivatelja krvi i ulici Glavica.<\/p>\n\n\n\n<p><br>Napomena: U slu\u010daju ranijeg zavr\u0161etka radova o\u010dekuje se kratkotrajni prekid prije navedenog<br>termina.<\/p>\n\n\n\n<p><br>U slu\u010daju nevremena navedeni radovi se odga\u0111aju.<\/p>\n\n\n\n<p>Unaprijed zahvaljujemo na razumijevanju,<\/p>\n\n\n\n<p>Rukovoditelj poslovnice<br>&#8221;Elektro Ljubu\u0161ki&#8221;<br>Ivan Bubalo, dipl. ing. el.<\/p>\n","protected":false},"excerpt":{"rendered":"<p>JP Elektroprivreda HZHB, poslovnica &#8221;Elektro Ljubu\u0161ki&#8221; obavje\u0161tava cijenjene potro\u0161a\u010de da \u0107e zbog planiranih radova do\u0107i do prekida u isporuci elektri\u010dne energije dana 22.12.2022. godine od 08:00 do 09:00 sati na u dijelu ulice hrvatskih kraljeva, dijelu ulice Zvonimira Remete, dijelu ulice A.G. Mato\u0161a, ulici Dragutina Tadijanovi\u0107a, dijelu ulice hercega Stjepana Kosa\u010de, dijelu ulice IV. brigade [&hellip;]<\/p>\n","protected":false},"author":2,"featured_media":175454,"comment_status":"closed","ping_status":"closed","sticky":false,"template":"","format":"standard","meta":{"h5ap_radio_sources":[],"footnotes":""},"categories":[28],"tags":[],"class_list":["post-186800","post","type-post","status-publish","format-standard","has-post-thumbnail","hentry","category-novosti"],"yoast_head":"<!-- This site is optimized with the Yoast SEO plugin v27.5 - https:\/\/yoast.com\/product\/yoast-seo-wordpress\/ -->\n<title>Obavijest iz Elektroprivrede HZHB: Pogledajte gdje u Ljubu\u0161kom ne\u0107e biti struje u \u010detvrtak - RADIO LJUBU\u0160KI<\/title>\n<meta name=\"robots\" content=\"index, follow, max-snippet:-1, max-image-preview:large, max-video-preview:-1\" \/>\n<link rel=\"canonical\" href=\"https:\/\/radioljubuski.ba\/index.php\/2022\/12\/20\/obavijest-iz-elektroprivrede-hzhb-pogledajte-gdje-u-ljubuskom-nece-biti-struje-u-cetvrtak\/\" \/>\n<meta property=\"og:locale\" content=\"hr_HR\" \/>\n<meta property=\"og:type\" content=\"article\" \/>\n<meta property=\"og:title\" content=\"Obavijest iz Elektroprivrede HZHB: Pogledajte gdje u Ljubu\u0161kom ne\u0107e biti struje u \u010detvrtak - RADIO LJUBU\u0160KI\" \/>\n<meta property=\"og:description\" content=\"JP Elektroprivreda HZHB, poslovnica &#8221;Elektro Ljubu\u0161ki&#8221; obavje\u0161tava cijenjene potro\u0161a\u010de da \u0107e zbog planiranih radova do\u0107i do prekida u isporuci elektri\u010dne energije dana 22.12.2022. godine od 08:00 do 09:00 sati na u dijelu ulice hrvatskih kraljeva, dijelu ulice Zvonimira Remete, dijelu ulice A.G. Mato\u0161a, ulici Dragutina Tadijanovi\u0107a, dijelu ulice hercega Stjepana Kosa\u010de, dijelu ulice IV. brigade [&hellip;]\" \/>\n<meta property=\"og:url\" content=\"https:\/\/radioljubuski.ba\/index.php\/2022\/12\/20\/obavijest-iz-elektroprivrede-hzhb-pogledajte-gdje-u-ljubuskom-nece-biti-struje-u-cetvrtak\/\" \/>\n<meta property=\"og:site_name\" content=\"RADIO LJUBU\u0160KI\" \/>\n<meta property=\"article:publisher\" content=\"https:\/\/www.facebook.com\/Radiio-Ljubuski-1490835324566332\" \/>\n<meta property=\"article:published_time\" content=\"2022-12-20T08:51:16+00:00\" \/>\n<meta property=\"og:image\" content=\"https:\/\/radioljubuski.ba\/wp-content\/uploads\/2022\/09\/elektricna-energija-struja-brojac.jpg\" \/>\n\t<meta property=\"og:image:width\" content=\"810\" \/>\n\t<meta property=\"og:image:height\" content=\"568\" \/>\n\t<meta property=\"og:image:type\" content=\"image\/jpeg\" \/>\n<meta name=\"author\" content=\"Radio Ljubu\u0161ki\" \/>\n<meta name=\"twitter:card\" content=\"summary_large_image\" \/>\n<meta name=\"twitter:creator\" content=\"@radioljubuski\" \/>\n<meta name=\"twitter:site\" content=\"@radioljubuski\" \/>\n<meta name=\"twitter:label1\" content=\"Napisao\/la\" \/>\n\t<meta name=\"twitter:data1\" content=\"Radio Ljubu\u0161ki\" \/>\n\t<meta name=\"twitter:label2\" content=\"Procijenjeno vrijeme \u010ditanja\" \/>\n\t<meta name=\"twitter:data2\" content=\"1 minuta\" \/>\n<script type=\"application\/ld+json\" class=\"yoast-schema-graph\">{\"@context\":\"https:\\\/\\\/schema.org\",\"@graph\":[{\"@type\":\"Article\",\"@id\":\"https:\\\/\\\/radioljubuski.ba\\\/index.php\\\/2022\\\/12\\\/20\\\/obavijest-iz-elektroprivrede-hzhb-pogledajte-gdje-u-ljubuskom-nece-biti-struje-u-cetvrtak\\\/#article\",\"isPartOf\":{\"@id\":\"https:\\\/\\\/radioljubuski.ba\\\/index.php\\\/2022\\\/12\\\/20\\\/obavijest-iz-elektroprivrede-hzhb-pogledajte-gdje-u-ljubuskom-nece-biti-struje-u-cetvrtak\\\/\"},\"author\":{\"name\":\"Radio Ljubu\u0161ki\",\"@id\":\"https:\\\/\\\/radioljubuski.ba\\\/#\\\/schema\\\/person\\\/19fc700381a780f69665d7956c469e3b\"},\"headline\":\"Obavijest iz Elektroprivrede HZHB: Pogledajte gdje u Ljubu\u0161kom ne\u0107e biti struje u \u010detvrtak\",\"datePublished\":\"2022-12-20T08:51:16+00:00\",\"mainEntityOfPage\":{\"@id\":\"https:\\\/\\\/radioljubuski.ba\\\/index.php\\\/2022\\\/12\\\/20\\\/obavijest-iz-elektroprivrede-hzhb-pogledajte-gdje-u-ljubuskom-nece-biti-struje-u-cetvrtak\\\/\"},\"wordCount\":211,\"publisher\":{\"@id\":\"https:\\\/\\\/radioljubuski.ba\\\/#organization\"},\"image\":{\"@id\":\"https:\\\/\\\/radioljubuski.ba\\\/index.php\\\/2022\\\/12\\\/20\\\/obavijest-iz-elektroprivrede-hzhb-pogledajte-gdje-u-ljubuskom-nece-biti-struje-u-cetvrtak\\\/#primaryimage\"},\"thumbnailUrl\":\"https:\\\/\\\/radioljubuski.ba\\\/wp-content\\\/uploads\\\/2022\\\/09\\\/elektricna-energija-struja-brojac.jpg\",\"articleSection\":[\"Novosti\"],\"inLanguage\":\"hr\"},{\"@type\":\"WebPage\",\"@id\":\"https:\\\/\\\/radioljubuski.ba\\\/index.php\\\/2022\\\/12\\\/20\\\/obavijest-iz-elektroprivrede-hzhb-pogledajte-gdje-u-ljubuskom-nece-biti-struje-u-cetvrtak\\\/\",\"url\":\"https:\\\/\\\/radioljubuski.ba\\\/index.php\\\/2022\\\/12\\\/20\\\/obavijest-iz-elektroprivrede-hzhb-pogledajte-gdje-u-ljubuskom-nece-biti-struje-u-cetvrtak\\\/\",\"name\":\"Obavijest iz Elektroprivrede HZHB: Pogledajte gdje u Ljubu\u0161kom ne\u0107e biti struje u \u010detvrtak - RADIO LJUBU\u0160KI\",\"isPartOf\":{\"@id\":\"https:\\\/\\\/radioljubuski.ba\\\/#website\"},\"primaryImageOfPage\":{\"@id\":\"https:\\\/\\\/radioljubuski.ba\\\/index.php\\\/2022\\\/12\\\/20\\\/obavijest-iz-elektroprivrede-hzhb-pogledajte-gdje-u-ljubuskom-nece-biti-struje-u-cetvrtak\\\/#primaryimage\"},\"image\":{\"@id\":\"https:\\\/\\\/radioljubuski.ba\\\/index.php\\\/2022\\\/12\\\/20\\\/obavijest-iz-elektroprivrede-hzhb-pogledajte-gdje-u-ljubuskom-nece-biti-struje-u-cetvrtak\\\/#primaryimage\"},\"thumbnailUrl\":\"https:\\\/\\\/radioljubuski.ba\\\/wp-content\\\/uploads\\\/2022\\\/09\\\/elektricna-energija-struja-brojac.jpg\",\"datePublished\":\"2022-12-20T08:51:16+00:00\",\"breadcrumb\":{\"@id\":\"https:\\\/\\\/radioljubuski.ba\\\/index.php\\\/2022\\\/12\\\/20\\\/obavijest-iz-elektroprivrede-hzhb-pogledajte-gdje-u-ljubuskom-nece-biti-struje-u-cetvrtak\\\/#breadcrumb\"},\"inLanguage\":\"hr\",\"potentialAction\":[{\"@type\":\"ReadAction\",\"target\":[\"https:\\\/\\\/radioljubuski.ba\\\/index.php\\\/2022\\\/12\\\/20\\\/obavijest-iz-elektroprivrede-hzhb-pogledajte-gdje-u-ljubuskom-nece-biti-struje-u-cetvrtak\\\/\"]}]},{\"@type\":\"ImageObject\",\"inLanguage\":\"hr\",\"@id\":\"https:\\\/\\\/radioljubuski.ba\\\/index.php\\\/2022\\\/12\\\/20\\\/obavijest-iz-elektroprivrede-hzhb-pogledajte-gdje-u-ljubuskom-nece-biti-struje-u-cetvrtak\\\/#primaryimage\",\"url\":\"https:\\\/\\\/radioljubuski.ba\\\/wp-content\\\/uploads\\\/2022\\\/09\\\/elektricna-energija-struja-brojac.jpg\",\"contentUrl\":\"https:\\\/\\\/radioljubuski.ba\\\/wp-content\\\/uploads\\\/2022\\\/09\\\/elektricna-energija-struja-brojac.jpg\",\"width\":810,\"height\":568},{\"@type\":\"BreadcrumbList\",\"@id\":\"https:\\\/\\\/radioljubuski.ba\\\/index.php\\\/2022\\\/12\\\/20\\\/obavijest-iz-elektroprivrede-hzhb-pogledajte-gdje-u-ljubuskom-nece-biti-struje-u-cetvrtak\\\/#breadcrumb\",\"itemListElement\":[{\"@type\":\"ListItem\",\"position\":1,\"name\":\"Po\u010detna stranica\",\"item\":\"https:\\\/\\\/radioljubuski.ba\\\/\"},{\"@type\":\"ListItem\",\"position\":2,\"name\":\"Obavijest iz Elektroprivrede HZHB: Pogledajte gdje u Ljubu\u0161kom ne\u0107e biti struje u \u010detvrtak\"}]},{\"@type\":\"WebSite\",\"@id\":\"https:\\\/\\\/radioljubuski.ba\\\/#website\",\"url\":\"https:\\\/\\\/radioljubuski.ba\\\/\",\"name\":\"Radio Ljubu\u0161ki\",\"description\":\"Sun\u010dana frekvencija Hercegovine\",\"publisher\":{\"@id\":\"https:\\\/\\\/radioljubuski.ba\\\/#organization\"},\"potentialAction\":[{\"@type\":\"SearchAction\",\"target\":{\"@type\":\"EntryPoint\",\"urlTemplate\":\"https:\\\/\\\/radioljubuski.ba\\\/?s={search_term_string}\"},\"query-input\":{\"@type\":\"PropertyValueSpecification\",\"valueRequired\":true,\"valueName\":\"search_term_string\"}}],\"inLanguage\":\"hr\"},{\"@type\":\"Organization\",\"@id\":\"https:\\\/\\\/radioljubuski.ba\\\/#organization\",\"name\":\"Radio Ljubu\u0161ki\",\"url\":\"https:\\\/\\\/radioljubuski.ba\\\/\",\"logo\":{\"@type\":\"ImageObject\",\"inLanguage\":\"hr\",\"@id\":\"https:\\\/\\\/radioljubuski.ba\\\/#\\\/schema\\\/logo\\\/image\\\/\",\"url\":\"https:\\\/\\\/radioljubuski.ba\\\/wp-content\\\/uploads\\\/2021\\\/02\\\/cropped-Radio_Ljubuski_logo1.jpg\",\"contentUrl\":\"https:\\\/\\\/radioljubuski.ba\\\/wp-content\\\/uploads\\\/2021\\\/02\\\/cropped-Radio_Ljubuski_logo1.jpg\",\"width\":512,\"height\":512,\"caption\":\"Radio Ljubu\u0161ki\"},\"image\":{\"@id\":\"https:\\\/\\\/radioljubuski.ba\\\/#\\\/schema\\\/logo\\\/image\\\/\"},\"sameAs\":[\"https:\\\/\\\/www.facebook.com\\\/Radiio-Ljubuski-1490835324566332\",\"https:\\\/\\\/x.com\\\/radioljubuski\",\"https:\\\/\\\/hr.linkedin.com\\\/company\\\/radio-ljubuski\",\"https:\\\/\\\/www.youtube.com\\\/channel\\\/UCHYaeO_n0Db3tjNGudGpXyw\"]},{\"@type\":\"Person\",\"@id\":\"https:\\\/\\\/radioljubuski.ba\\\/#\\\/schema\\\/person\\\/19fc700381a780f69665d7956c469e3b\",\"name\":\"Radio Ljubu\u0161ki\"}]}<\/script>\n<!-- \/ Yoast SEO plugin. -->","yoast_head_json":{"title":"Obavijest iz Elektroprivrede HZHB: Pogledajte gdje u Ljubu\u0161kom ne\u0107e biti struje u \u010detvrtak - RADIO LJUBU\u0160KI","robots":{"index":"index","follow":"follow","max-snippet":"max-snippet:-1","max-image-preview":"max-image-preview:large","max-video-preview":"max-video-preview:-1"},"canonical":"https:\/\/radioljubuski.ba\/index.php\/2022\/12\/20\/obavijest-iz-elektroprivrede-hzhb-pogledajte-gdje-u-ljubuskom-nece-biti-struje-u-cetvrtak\/","og_locale":"hr_HR","og_type":"article","og_title":"Obavijest iz Elektroprivrede HZHB: Pogledajte gdje u Ljubu\u0161kom ne\u0107e biti struje u \u010detvrtak - RADIO LJUBU\u0160KI","og_description":"JP Elektroprivreda HZHB, poslovnica &#8221;Elektro Ljubu\u0161ki&#8221; obavje\u0161tava cijenjene potro\u0161a\u010de da \u0107e zbog planiranih radova do\u0107i do prekida u isporuci elektri\u010dne energije dana 22.12.2022. godine od 08:00 do 09:00 sati na u dijelu ulice hrvatskih kraljeva, dijelu ulice Zvonimira Remete, dijelu ulice A.G. Mato\u0161a, ulici Dragutina Tadijanovi\u0107a, dijelu ulice hercega Stjepana Kosa\u010de, dijelu ulice IV. brigade [&hellip;]","og_url":"https:\/\/radioljubuski.ba\/index.php\/2022\/12\/20\/obavijest-iz-elektroprivrede-hzhb-pogledajte-gdje-u-ljubuskom-nece-biti-struje-u-cetvrtak\/","og_site_name":"RADIO LJUBU\u0160KI","article_publisher":"https:\/\/www.facebook.com\/Radiio-Ljubuski-1490835324566332","article_published_time":"2022-12-20T08:51:16+00:00","og_image":[{"width":810,"height":568,"url":"https:\/\/radioljubuski.ba\/wp-content\/uploads\/2022\/09\/elektricna-energija-struja-brojac.jpg","type":"image\/jpeg"}],"author":"Radio Ljubu\u0161ki","twitter_card":"summary_large_image","twitter_creator":"@radioljubuski","twitter_site":"@radioljubuski","twitter_misc":{"Napisao\/la":"Radio Ljubu\u0161ki","Procijenjeno vrijeme \u010ditanja":"1 minuta"},"schema":{"@context":"https:\/\/schema.org","@graph":[{"@type":"Article","@id":"https:\/\/radioljubuski.ba\/index.php\/2022\/12\/20\/obavijest-iz-elektroprivrede-hzhb-pogledajte-gdje-u-ljubuskom-nece-biti-struje-u-cetvrtak\/#article","isPartOf":{"@id":"https:\/\/radioljubuski.ba\/index.php\/2022\/12\/20\/obavijest-iz-elektroprivrede-hzhb-pogledajte-gdje-u-ljubuskom-nece-biti-struje-u-cetvrtak\/"},"author":{"name":"Radio Ljubu\u0161ki","@id":"https:\/\/radioljubuski.ba\/#\/schema\/person\/19fc700381a780f69665d7956c469e3b"},"headline":"Obavijest iz Elektroprivrede HZHB: Pogledajte gdje u Ljubu\u0161kom ne\u0107e biti struje u \u010detvrtak","datePublished":"2022-12-20T08:51:16+00:00","mainEntityOfPage":{"@id":"https:\/\/radioljubuski.ba\/index.php\/2022\/12\/20\/obavijest-iz-elektroprivrede-hzhb-pogledajte-gdje-u-ljubuskom-nece-biti-struje-u-cetvrtak\/"},"wordCount":211,"publisher":{"@id":"https:\/\/radioljubuski.ba\/#organization"},"image":{"@id":"https:\/\/radioljubuski.ba\/index.php\/2022\/12\/20\/obavijest-iz-elektroprivrede-hzhb-pogledajte-gdje-u-ljubuskom-nece-biti-struje-u-cetvrtak\/#primaryimage"},"thumbnailUrl":"https:\/\/radioljubuski.ba\/wp-content\/uploads\/2022\/09\/elektricna-energija-struja-brojac.jpg","articleSection":["Novosti"],"inLanguage":"hr"},{"@type":"WebPage","@id":"https:\/\/radioljubuski.ba\/index.php\/2022\/12\/20\/obavijest-iz-elektroprivrede-hzhb-pogledajte-gdje-u-ljubuskom-nece-biti-struje-u-cetvrtak\/","url":"https:\/\/radioljubuski.ba\/index.php\/2022\/12\/20\/obavijest-iz-elektroprivrede-hzhb-pogledajte-gdje-u-ljubuskom-nece-biti-struje-u-cetvrtak\/","name":"Obavijest iz Elektroprivrede HZHB: Pogledajte gdje u Ljubu\u0161kom ne\u0107e biti struje u \u010detvrtak - RADIO LJUBU\u0160KI","isPartOf":{"@id":"https:\/\/radioljubuski.ba\/#website"},"primaryImageOfPage":{"@id":"https:\/\/radioljubuski.ba\/index.php\/2022\/12\/20\/obavijest-iz-elektroprivrede-hzhb-pogledajte-gdje-u-ljubuskom-nece-biti-struje-u-cetvrtak\/#primaryimage"},"image":{"@id":"https:\/\/radioljubuski.ba\/index.php\/2022\/12\/20\/obavijest-iz-elektroprivrede-hzhb-pogledajte-gdje-u-ljubuskom-nece-biti-struje-u-cetvrtak\/#primaryimage"},"thumbnailUrl":"https:\/\/radioljubuski.ba\/wp-content\/uploads\/2022\/09\/elektricna-energija-struja-brojac.jpg","datePublished":"2022-12-20T08:51:16+00:00","breadcrumb":{"@id":"https:\/\/radioljubuski.ba\/index.php\/2022\/12\/20\/obavijest-iz-elektroprivrede-hzhb-pogledajte-gdje-u-ljubuskom-nece-biti-struje-u-cetvrtak\/#breadcrumb"},"inLanguage":"hr","potentialAction":[{"@type":"ReadAction","target":["https:\/\/radioljubuski.ba\/index.php\/2022\/12\/20\/obavijest-iz-elektroprivrede-hzhb-pogledajte-gdje-u-ljubuskom-nece-biti-struje-u-cetvrtak\/"]}]},{"@type":"ImageObject","inLanguage":"hr","@id":"https:\/\/radioljubuski.ba\/index.php\/2022\/12\/20\/obavijest-iz-elektroprivrede-hzhb-pogledajte-gdje-u-ljubuskom-nece-biti-struje-u-cetvrtak\/#primaryimage","url":"https:\/\/radioljubuski.ba\/wp-content\/uploads\/2022\/09\/elektricna-energija-struja-brojac.jpg","contentUrl":"https:\/\/radioljubuski.ba\/wp-content\/uploads\/2022\/09\/elektricna-energija-struja-brojac.jpg","width":810,"height":568},{"@type":"BreadcrumbList","@id":"https:\/\/radioljubuski.ba\/index.php\/2022\/12\/20\/obavijest-iz-elektroprivrede-hzhb-pogledajte-gdje-u-ljubuskom-nece-biti-struje-u-cetvrtak\/#breadcrumb","itemListElement":[{"@type":"ListItem","position":1,"name":"Po\u010detna stranica","item":"https:\/\/radioljubuski.ba\/"},{"@type":"ListItem","position":2,"name":"Obavijest iz Elektroprivrede HZHB: Pogledajte gdje u Ljubu\u0161kom ne\u0107e biti struje u \u010detvrtak"}]},{"@type":"WebSite","@id":"https:\/\/radioljubuski.ba\/#website","url":"https:\/\/radioljubuski.ba\/","name":"Radio Ljubu\u0161ki","description":"Sun\u010dana frekvencija Hercegovine","publisher":{"@id":"https:\/\/radioljubuski.ba\/#organization"},"potentialAction":[{"@type":"SearchAction","target":{"@type":"EntryPoint","urlTemplate":"https:\/\/radioljubuski.ba\/?s={search_term_string}"},"query-input":{"@type":"PropertyValueSpecification","valueRequired":true,"valueName":"search_term_string"}}],"inLanguage":"hr"},{"@type":"Organization","@id":"https:\/\/radioljubuski.ba\/#organization","name":"Radio Ljubu\u0161ki","url":"https:\/\/radioljubuski.ba\/","logo":{"@type":"ImageObject","inLanguage":"hr","@id":"https:\/\/radioljubuski.ba\/#\/schema\/logo\/image\/","url":"https:\/\/radioljubuski.ba\/wp-content\/uploads\/2021\/02\/cropped-Radio_Ljubuski_logo1.jpg","contentUrl":"https:\/\/radioljubuski.ba\/wp-content\/uploads\/2021\/02\/cropped-Radio_Ljubuski_logo1.jpg","width":512,"height":512,"caption":"Radio Ljubu\u0161ki"},"image":{"@id":"https:\/\/radioljubuski.ba\/#\/schema\/logo\/image\/"},"sameAs":["https:\/\/www.facebook.com\/Radiio-Ljubuski-1490835324566332","https:\/\/x.com\/radioljubuski","https:\/\/hr.linkedin.com\/company\/radio-ljubuski","https:\/\/www.youtube.com\/channel\/UCHYaeO_n0Db3tjNGudGpXyw"]},{"@type":"Person","@id":"https:\/\/radioljubuski.ba\/#\/schema\/person\/19fc700381a780f69665d7956c469e3b","name":"Radio Ljubu\u0161ki"}]}},"_links":{"self":[{"href":"https:\/\/radioljubuski.ba\/index.php\/wp-json\/wp\/v2\/posts\/186800","targetHints":{"allow":["GET"]}}],"collection":[{"href":"https:\/\/radioljubuski.ba\/index.php\/wp-json\/wp\/v2\/posts"}],"about":[{"href":"https:\/\/radioljubuski.ba\/index.php\/wp-json\/wp\/v2\/types\/post"}],"author":[{"embeddable":true,"href":"https:\/\/radioljubuski.ba\/index.php\/wp-json\/wp\/v2\/users\/2"}],"replies":[{"embeddable":true,"href":"https:\/\/radioljubuski.ba\/index.php\/wp-json\/wp\/v2\/comments?post=186800"}],"version-history":[{"count":1,"href":"https:\/\/radioljubuski.ba\/index.php\/wp-json\/wp\/v2\/posts\/186800\/revisions"}],"predecessor-version":[{"id":186801,"href":"https:\/\/radioljubuski.ba\/index.php\/wp-json\/wp\/v2\/posts\/186800\/revisions\/186801"}],"wp:featuredmedia":[{"embeddable":true,"href":"https:\/\/radioljubuski.ba\/index.php\/wp-json\/wp\/v2\/media\/175454"}],"wp:attachment":[{"href":"https:\/\/radioljubuski.ba\/index.php\/wp-json\/wp\/v2\/media?parent=186800"}],"wp:term":[{"taxonomy":"category","embeddable":true,"href":"https:\/\/radioljubuski.ba\/index.php\/wp-json\/wp\/v2\/categories?post=186800"},{"taxonomy":"post_tag","embeddable":true,"href":"https:\/\/radioljubuski.ba\/index.php\/wp-json\/wp\/v2\/tags?post=186800"}],"curies":[{"name":"wp","href":"https:\/\/api.w.org\/{rel}","templated":true}]}}