{"id":186891,"date":"2022-12-21T13:04:24","date_gmt":"2022-12-21T12:04:24","guid":{"rendered":"https:\/\/radioljubuski.ba\/?p=186891"},"modified":"2022-12-21T13:04:24","modified_gmt":"2022-12-21T12:04:24","slug":"ucenici-cetvrtih-razreda-gimnazije-ljubuski-zajedno-sa-svojim-vjerouciteljem-fra-franjom-markicem-snimili-video-cestitku","status":"publish","type":"post","link":"https:\/\/radioljubuski.ba\/index.php\/2022\/12\/21\/ucenici-cetvrtih-razreda-gimnazije-ljubuski-zajedno-sa-svojim-vjerouciteljem-fra-franjom-markicem-snimili-video-cestitku\/","title":{"rendered":"U\u010denici \u010detvrtih razreda Gimnazije Ljubu\u0161ki, zajedno sa svojim vjerou\u010diteljem fra Franjom Marki\u0107em, snimili video \u010destitku!"},"content":{"rendered":"\n<p>\u010cestitka: Bo\u017ei\u0107ni duh pokucao je na na\u0161a vrata i zove nas da osjetimo njegove \u010dari. Arome vanilije i cimeta odjekuju hodnicima na\u0161e \u0161kole i bude u nama osje\u0107aj toplote koja polagano sti\u017ee. Zajedno s profesorima \u010dekamo kraj polugodi\u0161ta bez brige i stresa uz odli\u010dne ocjene kao i do sada. Kroz \u0161kolske prozore dopire zimska idila. koja nas podsje\u0107a da je Bo\u017ei\u0107 na pragu. Isus se rodi! Neka bo\u017ei\u0107na zvijezda zasja u tvom srcu, a Betlehemsko svjetlo nek&#8217; ti donese mir. Osmijeh malog Isusa neka te prati kroz cijeli \u017eivot. Isus te u maloj \u0161talici zove da se skru\u0161eno pokloni\u0161 i u skromnosti svoga doma do\u010deka\u0161 njegovo ro\u0111enje. Sretan i blagoslovljen Bo\u017ei\u0107 svima, iskreno \u017eele u\u010denici 4. razreda Gimnazije Ljubu\u0161ki! Zahvala: svima koji su sudjelovali, te vjerou\u010ditelju fra Franji Marki\u0107u na pripremi i organizaciji. Po\u0161tovani, u prilog Vam \u0161aljem video \u010destitku, koju sam na\u010dinio sa u\u010denicima \u010detvrtih razreda srednje \u0161kole Gimnazije u Ljubu\u0161kom. Molim Vas ako ovaj video mo\u017eete objavit. Srda\u010dan pozdrav! <\/p>\n\n\n\n<p>Tekst napisale: Ivana Kraljevi\u0107 i Matija Vuk\u0161i\u0107. <\/p>\n\n\n\n<iframe loading=\"lazy\" width=\"560\" height=\"315\" src=\"https:\/\/www.youtube.com\/embed\/EcJQsBHCMps\" title=\"YouTube video player\" frameborder=\"0\" allow=\"accelerometer; autoplay; clipboard-write; encrypted-media; gyroscope; picture-in-picture\" allowfullscreen><\/iframe>\n","protected":false},"excerpt":{"rendered":"<p>\u010cestitka: Bo\u017ei\u0107ni duh pokucao je na na\u0161a vrata i zove nas da osjetimo njegove \u010dari. Arome vanilije i cimeta odjekuju hodnicima na\u0161e \u0161kole i bude u nama osje\u0107aj toplote koja polagano sti\u017ee. Zajedno s profesorima \u010dekamo kraj polugodi\u0161ta bez brige i stresa uz odli\u010dne ocjene kao i do sada. Kroz \u0161kolske prozore dopire zimska idila. [&hellip;]<\/p>\n","protected":false},"author":2,"featured_media":0,"comment_status":"closed","ping_status":"closed","sticky":false,"template":"","format":"standard","meta":{"h5ap_radio_sources":[],"footnotes":""},"categories":[3],"tags":[],"class_list":["post-186891","post","type-post","status-publish","format-standard","hentry","category-ljubuski"],"yoast_head":"<!-- This site is optimized with the Yoast SEO plugin v27.5 - https:\/\/yoast.com\/product\/yoast-seo-wordpress\/ -->\n<title>U\u010denici \u010detvrtih razreda Gimnazije Ljubu\u0161ki, zajedno sa svojim vjerou\u010diteljem fra Franjom Marki\u0107em, snimili video \u010destitku! - RADIO LJUBU\u0160KI<\/title>\n<meta name=\"robots\" content=\"index, follow, max-snippet:-1, max-image-preview:large, max-video-preview:-1\" \/>\n<link rel=\"canonical\" href=\"https:\/\/radioljubuski.ba\/index.php\/2022\/12\/21\/ucenici-cetvrtih-razreda-gimnazije-ljubuski-zajedno-sa-svojim-vjerouciteljem-fra-franjom-markicem-snimili-video-cestitku\/\" \/>\n<meta property=\"og:locale\" content=\"hr_HR\" \/>\n<meta property=\"og:type\" content=\"article\" \/>\n<meta property=\"og:title\" content=\"U\u010denici \u010detvrtih razreda Gimnazije Ljubu\u0161ki, zajedno sa svojim vjerou\u010diteljem fra Franjom Marki\u0107em, snimili video \u010destitku! - RADIO LJUBU\u0160KI\" \/>\n<meta property=\"og:description\" content=\"\u010cestitka: Bo\u017ei\u0107ni duh pokucao je na na\u0161a vrata i zove nas da osjetimo njegove \u010dari. Arome vanilije i cimeta odjekuju hodnicima na\u0161e \u0161kole i bude u nama osje\u0107aj toplote koja polagano sti\u017ee. Zajedno s profesorima \u010dekamo kraj polugodi\u0161ta bez brige i stresa uz odli\u010dne ocjene kao i do sada. Kroz \u0161kolske prozore dopire zimska idila. [&hellip;]\" \/>\n<meta property=\"og:url\" content=\"https:\/\/radioljubuski.ba\/index.php\/2022\/12\/21\/ucenici-cetvrtih-razreda-gimnazije-ljubuski-zajedno-sa-svojim-vjerouciteljem-fra-franjom-markicem-snimili-video-cestitku\/\" \/>\n<meta property=\"og:site_name\" content=\"RADIO LJUBU\u0160KI\" \/>\n<meta property=\"article:publisher\" content=\"https:\/\/www.facebook.com\/Radiio-Ljubuski-1490835324566332\" \/>\n<meta property=\"article:published_time\" content=\"2022-12-21T12:04:24+00:00\" \/>\n<meta property=\"og:image\" content=\"https:\/\/radioljubuski.ba\/wp-content\/uploads\/2022\/12\/gimnazija-i-franjo.jpg\" \/>\n\t<meta property=\"og:image:width\" content=\"600\" \/>\n\t<meta property=\"og:image:height\" content=\"400\" \/>\n\t<meta property=\"og:image:type\" content=\"image\/jpeg\" \/>\n<meta name=\"author\" content=\"Radio Ljubu\u0161ki\" \/>\n<meta name=\"twitter:card\" content=\"summary_large_image\" \/>\n<meta name=\"twitter:creator\" content=\"@radioljubuski\" \/>\n<meta name=\"twitter:site\" content=\"@radioljubuski\" \/>\n<meta name=\"twitter:label1\" content=\"Napisao\/la\" \/>\n\t<meta name=\"twitter:data1\" content=\"Radio Ljubu\u0161ki\" \/>\n\t<meta name=\"twitter:label2\" content=\"Procijenjeno vrijeme \u010ditanja\" \/>\n\t<meta name=\"twitter:data2\" content=\"1 minuta\" \/>\n<script type=\"application\/ld+json\" class=\"yoast-schema-graph\">{\"@context\":\"https:\\\/\\\/schema.org\",\"@graph\":[{\"@type\":\"Article\",\"@id\":\"https:\\\/\\\/radioljubuski.ba\\\/index.php\\\/2022\\\/12\\\/21\\\/ucenici-cetvrtih-razreda-gimnazije-ljubuski-zajedno-sa-svojim-vjerouciteljem-fra-franjom-markicem-snimili-video-cestitku\\\/#article\",\"isPartOf\":{\"@id\":\"https:\\\/\\\/radioljubuski.ba\\\/index.php\\\/2022\\\/12\\\/21\\\/ucenici-cetvrtih-razreda-gimnazije-ljubuski-zajedno-sa-svojim-vjerouciteljem-fra-franjom-markicem-snimili-video-cestitku\\\/\"},\"author\":{\"name\":\"Radio Ljubu\u0161ki\",\"@id\":\"https:\\\/\\\/radioljubuski.ba\\\/#\\\/schema\\\/person\\\/19fc700381a780f69665d7956c469e3b\"},\"headline\":\"U\u010denici \u010detvrtih razreda Gimnazije Ljubu\u0161ki, zajedno sa svojim vjerou\u010diteljem fra Franjom Marki\u0107em, snimili video \u010destitku!\",\"datePublished\":\"2022-12-21T12:04:24+00:00\",\"mainEntityOfPage\":{\"@id\":\"https:\\\/\\\/radioljubuski.ba\\\/index.php\\\/2022\\\/12\\\/21\\\/ucenici-cetvrtih-razreda-gimnazije-ljubuski-zajedno-sa-svojim-vjerouciteljem-fra-franjom-markicem-snimili-video-cestitku\\\/\"},\"wordCount\":213,\"publisher\":{\"@id\":\"https:\\\/\\\/radioljubuski.ba\\\/#organization\"},\"articleSection\":[\"Ljubu\u0161ki\"],\"inLanguage\":\"hr\"},{\"@type\":\"WebPage\",\"@id\":\"https:\\\/\\\/radioljubuski.ba\\\/index.php\\\/2022\\\/12\\\/21\\\/ucenici-cetvrtih-razreda-gimnazije-ljubuski-zajedno-sa-svojim-vjerouciteljem-fra-franjom-markicem-snimili-video-cestitku\\\/\",\"url\":\"https:\\\/\\\/radioljubuski.ba\\\/index.php\\\/2022\\\/12\\\/21\\\/ucenici-cetvrtih-razreda-gimnazije-ljubuski-zajedno-sa-svojim-vjerouciteljem-fra-franjom-markicem-snimili-video-cestitku\\\/\",\"name\":\"U\u010denici \u010detvrtih razreda Gimnazije Ljubu\u0161ki, zajedno sa svojim vjerou\u010diteljem fra Franjom Marki\u0107em, snimili video \u010destitku! - RADIO LJUBU\u0160KI\",\"isPartOf\":{\"@id\":\"https:\\\/\\\/radioljubuski.ba\\\/#website\"},\"datePublished\":\"2022-12-21T12:04:24+00:00\",\"breadcrumb\":{\"@id\":\"https:\\\/\\\/radioljubuski.ba\\\/index.php\\\/2022\\\/12\\\/21\\\/ucenici-cetvrtih-razreda-gimnazije-ljubuski-zajedno-sa-svojim-vjerouciteljem-fra-franjom-markicem-snimili-video-cestitku\\\/#breadcrumb\"},\"inLanguage\":\"hr\",\"potentialAction\":[{\"@type\":\"ReadAction\",\"target\":[\"https:\\\/\\\/radioljubuski.ba\\\/index.php\\\/2022\\\/12\\\/21\\\/ucenici-cetvrtih-razreda-gimnazije-ljubuski-zajedno-sa-svojim-vjerouciteljem-fra-franjom-markicem-snimili-video-cestitku\\\/\"]}]},{\"@type\":\"BreadcrumbList\",\"@id\":\"https:\\\/\\\/radioljubuski.ba\\\/index.php\\\/2022\\\/12\\\/21\\\/ucenici-cetvrtih-razreda-gimnazije-ljubuski-zajedno-sa-svojim-vjerouciteljem-fra-franjom-markicem-snimili-video-cestitku\\\/#breadcrumb\",\"itemListElement\":[{\"@type\":\"ListItem\",\"position\":1,\"name\":\"Po\u010detna stranica\",\"item\":\"https:\\\/\\\/radioljubuski.ba\\\/\"},{\"@type\":\"ListItem\",\"position\":2,\"name\":\"U\u010denici \u010detvrtih razreda Gimnazije Ljubu\u0161ki, zajedno sa svojim vjerou\u010diteljem fra Franjom Marki\u0107em, snimili video \u010destitku!\"}]},{\"@type\":\"WebSite\",\"@id\":\"https:\\\/\\\/radioljubuski.ba\\\/#website\",\"url\":\"https:\\\/\\\/radioljubuski.ba\\\/\",\"name\":\"Radio Ljubu\u0161ki\",\"description\":\"Sun\u010dana frekvencija Hercegovine\",\"publisher\":{\"@id\":\"https:\\\/\\\/radioljubuski.ba\\\/#organization\"},\"potentialAction\":[{\"@type\":\"SearchAction\",\"target\":{\"@type\":\"EntryPoint\",\"urlTemplate\":\"https:\\\/\\\/radioljubuski.ba\\\/?s={search_term_string}\"},\"query-input\":{\"@type\":\"PropertyValueSpecification\",\"valueRequired\":true,\"valueName\":\"search_term_string\"}}],\"inLanguage\":\"hr\"},{\"@type\":\"Organization\",\"@id\":\"https:\\\/\\\/radioljubuski.ba\\\/#organization\",\"name\":\"Radio Ljubu\u0161ki\",\"url\":\"https:\\\/\\\/radioljubuski.ba\\\/\",\"logo\":{\"@type\":\"ImageObject\",\"inLanguage\":\"hr\",\"@id\":\"https:\\\/\\\/radioljubuski.ba\\\/#\\\/schema\\\/logo\\\/image\\\/\",\"url\":\"https:\\\/\\\/radioljubuski.ba\\\/wp-content\\\/uploads\\\/2021\\\/02\\\/cropped-Radio_Ljubuski_logo1.jpg\",\"contentUrl\":\"https:\\\/\\\/radioljubuski.ba\\\/wp-content\\\/uploads\\\/2021\\\/02\\\/cropped-Radio_Ljubuski_logo1.jpg\",\"width\":512,\"height\":512,\"caption\":\"Radio Ljubu\u0161ki\"},\"image\":{\"@id\":\"https:\\\/\\\/radioljubuski.ba\\\/#\\\/schema\\\/logo\\\/image\\\/\"},\"sameAs\":[\"https:\\\/\\\/www.facebook.com\\\/Radiio-Ljubuski-1490835324566332\",\"https:\\\/\\\/x.com\\\/radioljubuski\",\"https:\\\/\\\/hr.linkedin.com\\\/company\\\/radio-ljubuski\",\"https:\\\/\\\/www.youtube.com\\\/channel\\\/UCHYaeO_n0Db3tjNGudGpXyw\"]},{\"@type\":\"Person\",\"@id\":\"https:\\\/\\\/radioljubuski.ba\\\/#\\\/schema\\\/person\\\/19fc700381a780f69665d7956c469e3b\",\"name\":\"Radio Ljubu\u0161ki\"}]}<\/script>\n<!-- \/ Yoast SEO plugin. -->","yoast_head_json":{"title":"U\u010denici \u010detvrtih razreda Gimnazije Ljubu\u0161ki, zajedno sa svojim vjerou\u010diteljem fra Franjom Marki\u0107em, snimili video \u010destitku! - RADIO LJUBU\u0160KI","robots":{"index":"index","follow":"follow","max-snippet":"max-snippet:-1","max-image-preview":"max-image-preview:large","max-video-preview":"max-video-preview:-1"},"canonical":"https:\/\/radioljubuski.ba\/index.php\/2022\/12\/21\/ucenici-cetvrtih-razreda-gimnazije-ljubuski-zajedno-sa-svojim-vjerouciteljem-fra-franjom-markicem-snimili-video-cestitku\/","og_locale":"hr_HR","og_type":"article","og_title":"U\u010denici \u010detvrtih razreda Gimnazije Ljubu\u0161ki, zajedno sa svojim vjerou\u010diteljem fra Franjom Marki\u0107em, snimili video \u010destitku! - RADIO LJUBU\u0160KI","og_description":"\u010cestitka: Bo\u017ei\u0107ni duh pokucao je na na\u0161a vrata i zove nas da osjetimo njegove \u010dari. Arome vanilije i cimeta odjekuju hodnicima na\u0161e \u0161kole i bude u nama osje\u0107aj toplote koja polagano sti\u017ee. Zajedno s profesorima \u010dekamo kraj polugodi\u0161ta bez brige i stresa uz odli\u010dne ocjene kao i do sada. Kroz \u0161kolske prozore dopire zimska idila. [&hellip;]","og_url":"https:\/\/radioljubuski.ba\/index.php\/2022\/12\/21\/ucenici-cetvrtih-razreda-gimnazije-ljubuski-zajedno-sa-svojim-vjerouciteljem-fra-franjom-markicem-snimili-video-cestitku\/","og_site_name":"RADIO LJUBU\u0160KI","article_publisher":"https:\/\/www.facebook.com\/Radiio-Ljubuski-1490835324566332","article_published_time":"2022-12-21T12:04:24+00:00","og_image":[{"width":600,"height":400,"url":"https:\/\/radioljubuski.ba\/wp-content\/uploads\/2022\/12\/gimnazija-i-franjo.jpg","type":"image\/jpeg"}],"author":"Radio Ljubu\u0161ki","twitter_card":"summary_large_image","twitter_creator":"@radioljubuski","twitter_site":"@radioljubuski","twitter_misc":{"Napisao\/la":"Radio Ljubu\u0161ki","Procijenjeno vrijeme \u010ditanja":"1 minuta"},"schema":{"@context":"https:\/\/schema.org","@graph":[{"@type":"Article","@id":"https:\/\/radioljubuski.ba\/index.php\/2022\/12\/21\/ucenici-cetvrtih-razreda-gimnazije-ljubuski-zajedno-sa-svojim-vjerouciteljem-fra-franjom-markicem-snimili-video-cestitku\/#article","isPartOf":{"@id":"https:\/\/radioljubuski.ba\/index.php\/2022\/12\/21\/ucenici-cetvrtih-razreda-gimnazije-ljubuski-zajedno-sa-svojim-vjerouciteljem-fra-franjom-markicem-snimili-video-cestitku\/"},"author":{"name":"Radio Ljubu\u0161ki","@id":"https:\/\/radioljubuski.ba\/#\/schema\/person\/19fc700381a780f69665d7956c469e3b"},"headline":"U\u010denici \u010detvrtih razreda Gimnazije Ljubu\u0161ki, zajedno sa svojim vjerou\u010diteljem fra Franjom Marki\u0107em, snimili video \u010destitku!","datePublished":"2022-12-21T12:04:24+00:00","mainEntityOfPage":{"@id":"https:\/\/radioljubuski.ba\/index.php\/2022\/12\/21\/ucenici-cetvrtih-razreda-gimnazije-ljubuski-zajedno-sa-svojim-vjerouciteljem-fra-franjom-markicem-snimili-video-cestitku\/"},"wordCount":213,"publisher":{"@id":"https:\/\/radioljubuski.ba\/#organization"},"articleSection":["Ljubu\u0161ki"],"inLanguage":"hr"},{"@type":"WebPage","@id":"https:\/\/radioljubuski.ba\/index.php\/2022\/12\/21\/ucenici-cetvrtih-razreda-gimnazije-ljubuski-zajedno-sa-svojim-vjerouciteljem-fra-franjom-markicem-snimili-video-cestitku\/","url":"https:\/\/radioljubuski.ba\/index.php\/2022\/12\/21\/ucenici-cetvrtih-razreda-gimnazije-ljubuski-zajedno-sa-svojim-vjerouciteljem-fra-franjom-markicem-snimili-video-cestitku\/","name":"U\u010denici \u010detvrtih razreda Gimnazije Ljubu\u0161ki, zajedno sa svojim vjerou\u010diteljem fra Franjom Marki\u0107em, snimili video \u010destitku! - RADIO LJUBU\u0160KI","isPartOf":{"@id":"https:\/\/radioljubuski.ba\/#website"},"datePublished":"2022-12-21T12:04:24+00:00","breadcrumb":{"@id":"https:\/\/radioljubuski.ba\/index.php\/2022\/12\/21\/ucenici-cetvrtih-razreda-gimnazije-ljubuski-zajedno-sa-svojim-vjerouciteljem-fra-franjom-markicem-snimili-video-cestitku\/#breadcrumb"},"inLanguage":"hr","potentialAction":[{"@type":"ReadAction","target":["https:\/\/radioljubuski.ba\/index.php\/2022\/12\/21\/ucenici-cetvrtih-razreda-gimnazije-ljubuski-zajedno-sa-svojim-vjerouciteljem-fra-franjom-markicem-snimili-video-cestitku\/"]}]},{"@type":"BreadcrumbList","@id":"https:\/\/radioljubuski.ba\/index.php\/2022\/12\/21\/ucenici-cetvrtih-razreda-gimnazije-ljubuski-zajedno-sa-svojim-vjerouciteljem-fra-franjom-markicem-snimili-video-cestitku\/#breadcrumb","itemListElement":[{"@type":"ListItem","position":1,"name":"Po\u010detna stranica","item":"https:\/\/radioljubuski.ba\/"},{"@type":"ListItem","position":2,"name":"U\u010denici \u010detvrtih razreda Gimnazije Ljubu\u0161ki, zajedno sa svojim vjerou\u010diteljem fra Franjom Marki\u0107em, snimili video \u010destitku!"}]},{"@type":"WebSite","@id":"https:\/\/radioljubuski.ba\/#website","url":"https:\/\/radioljubuski.ba\/","name":"Radio Ljubu\u0161ki","description":"Sun\u010dana frekvencija Hercegovine","publisher":{"@id":"https:\/\/radioljubuski.ba\/#organization"},"potentialAction":[{"@type":"SearchAction","target":{"@type":"EntryPoint","urlTemplate":"https:\/\/radioljubuski.ba\/?s={search_term_string}"},"query-input":{"@type":"PropertyValueSpecification","valueRequired":true,"valueName":"search_term_string"}}],"inLanguage":"hr"},{"@type":"Organization","@id":"https:\/\/radioljubuski.ba\/#organization","name":"Radio Ljubu\u0161ki","url":"https:\/\/radioljubuski.ba\/","logo":{"@type":"ImageObject","inLanguage":"hr","@id":"https:\/\/radioljubuski.ba\/#\/schema\/logo\/image\/","url":"https:\/\/radioljubuski.ba\/wp-content\/uploads\/2021\/02\/cropped-Radio_Ljubuski_logo1.jpg","contentUrl":"https:\/\/radioljubuski.ba\/wp-content\/uploads\/2021\/02\/cropped-Radio_Ljubuski_logo1.jpg","width":512,"height":512,"caption":"Radio Ljubu\u0161ki"},"image":{"@id":"https:\/\/radioljubuski.ba\/#\/schema\/logo\/image\/"},"sameAs":["https:\/\/www.facebook.com\/Radiio-Ljubuski-1490835324566332","https:\/\/x.com\/radioljubuski","https:\/\/hr.linkedin.com\/company\/radio-ljubuski","https:\/\/www.youtube.com\/channel\/UCHYaeO_n0Db3tjNGudGpXyw"]},{"@type":"Person","@id":"https:\/\/radioljubuski.ba\/#\/schema\/person\/19fc700381a780f69665d7956c469e3b","name":"Radio Ljubu\u0161ki"}]}},"_links":{"self":[{"href":"https:\/\/radioljubuski.ba\/index.php\/wp-json\/wp\/v2\/posts\/186891","targetHints":{"allow":["GET"]}}],"collection":[{"href":"https:\/\/radioljubuski.ba\/index.php\/wp-json\/wp\/v2\/posts"}],"about":[{"href":"https:\/\/radioljubuski.ba\/index.php\/wp-json\/wp\/v2\/types\/post"}],"author":[{"embeddable":true,"href":"https:\/\/radioljubuski.ba\/index.php\/wp-json\/wp\/v2\/users\/2"}],"replies":[{"embeddable":true,"href":"https:\/\/radioljubuski.ba\/index.php\/wp-json\/wp\/v2\/comments?post=186891"}],"version-history":[{"count":1,"href":"https:\/\/radioljubuski.ba\/index.php\/wp-json\/wp\/v2\/posts\/186891\/revisions"}],"predecessor-version":[{"id":186893,"href":"https:\/\/radioljubuski.ba\/index.php\/wp-json\/wp\/v2\/posts\/186891\/revisions\/186893"}],"wp:attachment":[{"href":"https:\/\/radioljubuski.ba\/index.php\/wp-json\/wp\/v2\/media?parent=186891"}],"wp:term":[{"taxonomy":"category","embeddable":true,"href":"https:\/\/radioljubuski.ba\/index.php\/wp-json\/wp\/v2\/categories?post=186891"},{"taxonomy":"post_tag","embeddable":true,"href":"https:\/\/radioljubuski.ba\/index.php\/wp-json\/wp\/v2\/tags?post=186891"}],"curies":[{"name":"wp","href":"https:\/\/api.w.org\/{rel}","templated":true}]}}