{"id":186922,"date":"2022-12-22T12:22:16","date_gmt":"2022-12-22T11:22:16","guid":{"rendered":"https:\/\/radioljubuski.ba\/?p=186922"},"modified":"2024-10-11T09:56:26","modified_gmt":"2024-10-11T08:56:26","slug":"audio-usvojen-proracun-grada-ljubuskog-za-2023-godinu-u-iznosu-od-16-538-000-km","status":"publish","type":"post","link":"https:\/\/radioljubuski.ba\/index.php\/2022\/12\/22\/audio-usvojen-proracun-grada-ljubuskog-za-2023-godinu-u-iznosu-od-16-538-000-km\/","title":{"rendered":"Audio: Usvojen Prora\u010dun Grada Ljubu\u0161kog za 2023. godinu u iznosu od 16.538.000 KM"},"content":{"rendered":"\n<p>Na dana\u0161njoj, 20. sjednici Gradskog vije\u0107a Ljubu\u0161ki jednoglasno je usvojen Prora\u010dun Grada Ljubu\u0161kog za 2023. godinu u iznosu od 16.538.000 KM.<br>Prijedlog Prora\u010duna je jo\u0161 na pro\u0161loj sjednici Vije\u0107a obrazlo\u017eio pomo\u0107nik gradona\u010delnika Stipe Bubalo, a s obzirom da na Javnoj raspravi o Prora\u010dunu u proteklih 20-ak dana nije bilo ozbiljnijih prijedloga za izmjene Prora\u010duna, on je jednoglasno usvojen.<br>Bubalo je obrazlo\u017eio i Odluku o izvr\u0161enju Prora\u010duna Grada Ljubu\u0161kog za 2023. godinu, koja je, tako\u0111er, jednoglasno usvojena.<br>Za dana\u0161nju sjednicu Vije\u0107a ranije je predlo\u017een dnevni red od 11 to\u010daka, ali je on na sjednici dopunjen sa jo\u0161 \u0161est to\u010daka, tako da je na dnevnom redu dana\u0161nje sjednice bilo 17 to\u010daka.<\/p>\n\n\n\n<figure class=\"wp-block-gallery has-nested-images columns-default is-cropped wp-block-gallery-1 is-layout-flex wp-block-gallery-is-layout-flex\">\n<figure class=\"wp-block-image size-large\"><img loading=\"lazy\" decoding=\"async\" width=\"1024\" height=\"683\" data-id=\"186926\" src=\"https:\/\/radioljubuski.ba\/wp-content\/uploads\/2022\/12\/DSC0007-1-1024x683.jpg\" alt=\"\" class=\"wp-image-186926\" srcset=\"https:\/\/radioljubuski.ba\/wp-content\/uploads\/2022\/12\/DSC0007-1-1024x683.jpg 1024w, https:\/\/radioljubuski.ba\/wp-content\/uploads\/2022\/12\/DSC0007-1-300x200.jpg 300w, https:\/\/radioljubuski.ba\/wp-content\/uploads\/2022\/12\/DSC0007-1-768x512.jpg 768w, https:\/\/radioljubuski.ba\/wp-content\/uploads\/2022\/12\/DSC0007-1-1536x1025.jpg 1536w, https:\/\/radioljubuski.ba\/wp-content\/uploads\/2022\/12\/DSC0007-1-2048x1367.jpg 2048w, https:\/\/radioljubuski.ba\/wp-content\/uploads\/2022\/12\/DSC0007-1-18x12.jpg 18w\" sizes=\"auto, (max-width: 1024px) 100vw, 1024px\" \/><\/figure>\n\n\n\n<figure class=\"wp-block-image size-large\"><img loading=\"lazy\" decoding=\"async\" width=\"1024\" height=\"683\" data-id=\"186927\" src=\"https:\/\/radioljubuski.ba\/wp-content\/uploads\/2022\/12\/DSC0008-2-1024x683.jpg\" alt=\"\" class=\"wp-image-186927\" srcset=\"https:\/\/radioljubuski.ba\/wp-content\/uploads\/2022\/12\/DSC0008-2-1024x683.jpg 1024w, https:\/\/radioljubuski.ba\/wp-content\/uploads\/2022\/12\/DSC0008-2-300x200.jpg 300w, https:\/\/radioljubuski.ba\/wp-content\/uploads\/2022\/12\/DSC0008-2-768x512.jpg 768w, https:\/\/radioljubuski.ba\/wp-content\/uploads\/2022\/12\/DSC0008-2-1536x1025.jpg 1536w, https:\/\/radioljubuski.ba\/wp-content\/uploads\/2022\/12\/DSC0008-2-2048x1367.jpg 2048w, https:\/\/radioljubuski.ba\/wp-content\/uploads\/2022\/12\/DSC0008-2-18x12.jpg 18w\" sizes=\"auto, (max-width: 1024px) 100vw, 1024px\" \/><\/figure>\n\n\n\n<figure class=\"wp-block-image size-large\"><img loading=\"lazy\" decoding=\"async\" width=\"1024\" height=\"683\" data-id=\"186924\" src=\"https:\/\/radioljubuski.ba\/wp-content\/uploads\/2022\/12\/DSC0010-2-1024x683.jpg\" alt=\"\" class=\"wp-image-186924\" srcset=\"https:\/\/radioljubuski.ba\/wp-content\/uploads\/2022\/12\/DSC0010-2-1024x683.jpg 1024w, https:\/\/radioljubuski.ba\/wp-content\/uploads\/2022\/12\/DSC0010-2-300x200.jpg 300w, https:\/\/radioljubuski.ba\/wp-content\/uploads\/2022\/12\/DSC0010-2-768x512.jpg 768w, https:\/\/radioljubuski.ba\/wp-content\/uploads\/2022\/12\/DSC0010-2-1536x1025.jpg 1536w, https:\/\/radioljubuski.ba\/wp-content\/uploads\/2022\/12\/DSC0010-2-2048x1367.jpg 2048w, https:\/\/radioljubuski.ba\/wp-content\/uploads\/2022\/12\/DSC0010-2-18x12.jpg 18w\" sizes=\"auto, (max-width: 1024px) 100vw, 1024px\" \/><\/figure>\n<\/figure>\n\n\n\n<p><br>Dnevni red:<\/p>\n\n\n\n<ol class=\"wp-block-list\">\n<li>Usvajanje zapisnika sa XIX. sjednice Gradskog vije\u0107a,<\/li>\n\n\n\n<li>Aktualni sat (vije\u0107ni\u010dka pitanja, sugestije, prijedlozi i ostalo),<\/li>\n\n\n\n<li>Prijedlog Odluke o Prora\u010dunu Grada Ljubu\u0161kog za 2023. godinu,<br>(materijali dostavljeni za XIX. sj. Gradskog vije\u0107a),<\/li>\n\n\n\n<li>Prijedlog Odluke o izvr\u0161enju Prora\u010duna Grada Ljubu\u0161kog za 2023. godinu,<\/li>\n\n\n\n<li>Prijedlog Odluke o usvajanju Plana kapitalnih investicija grada Ljubu\u0161kog za razdoblje<\/li>\n\n\n\n<li>\u2013 2027.godine,<\/li>\n\n\n\n<li>Prijedlog Odluke o subvencioniranju prve stambene nekretnine za mlade na podru\u010dju Grada<br>Ljubu\u0161kog za 2022. godinu,<\/li>\n\n\n\n<li>Prijedlog Plana prihoda i program radova komunalnog gospodarstva za komunalne djelatnosti,<\/li>\n\n\n\n<li>Prijedlog Odluke o raspodjeli sredstava komunalne naknade,<\/li>\n\n\n\n<li>Prijedlog Odluke o prestanku svojstva javnog dobra u op\u0107oj uporabi<\/li>\n\n\n\n<li>Prijedlog Rje\u0161enja o:<br>a) razrje\u0161enju \u010dlanova Odbora za reviziju JP Parkovi d.o.o. Ljubu\u0161ki,<br>b) imenovanju \u010dlanova Odbora za reviziju JP Parkovi d.o.o. Ljubu\u0161ki,<\/li>\n\n\n\n<li>Prijedlog Rje\u0161enja o:<br>a) razrje\u0161enju Povjerenstva za dodjelu javnih priznanja Grada Ljubu\u0161kog za 2021. godinu,<br>b) imenovanju Povjerenstva za dodjelu javnih priznanja Grada Ljubu\u0161kog za 2022. godinu,<\/li>\n\n\n\n<li>Prijedlog Odluke o naplati dospjelih potra\u017eivanja JP \u201eParkovi\u201c d.o.o. Ljubu\u0161ki od pravnih osoba \u010diji je osniva\u010d Grad Ljubu\u0161ki, odnosno pravnih osoba koje se financiraju iz sredstava Prora\u010duna,<\/li>\n\n\n\n<li>Prijedlog Odluke o subvencioniranju dijela tro\u0161kova komunalnih vodnih usluga vodoopskrbe i odvodnje i pre\u010di\u0161\u0107avanja otpadnih voda,<\/li>\n\n\n\n<li>Prijedlog Zaklju\u010dka o davanju ovlasti Gradona\u010delniku grada Ljubu\u0161kog za sklapanje ugovora o pru\u017eanju javnih vodnih usluga na podru\u010dju grada Ljubu\u0161kog,<\/li>\n\n\n\n<li>Prijedlog Odluke o izmjeni i dopuni Odluke o provo\u0111enju Prostornog plana grada Ljubu\u0161kog (2015-2025),<\/li>\n\n\n\n<li>Prijedlog Odluke o izmjeni i dopuni Odluke o provo\u0111enju Urbanisti\u010dkog plana grada Ljubu\u0161ki,<\/li>\n\n\n\n<li>Prijedlog Odluke o poni\u0161tavanju Odluke o pokretanju postupka o dodjeli koncesija na kori\u0161tenje poljoprivrednog zemlji\u0161ta na podru\u010dju grada Ljubu\u0161kog<\/li>\n<\/ol>\n\n\n\n<p>Kada je u pitanju Odluka o subvencioniranju prve stambene nekretnine za mlade na podru\u010dju Grada Ljubu\u0161kog za 2022. godinu va\u017eno je napomenuti da se pod subvencioniranjem podrazumijeva odobravanje nepovratnih nov\u010danih sredstava.<br>Sredstva za subvencioniranje prve stambene nekretnine za mlade planirana su u Prora\u010dunu Grada Ljubu\u0161kog za 2022.godinu u iznosu od 200 000 KM.<br>Iznos subvencije odredit \u0107e se ovisno o broju podnositelja zahtjeva koji ispunjavaju uvjete iz te Odluke, s tim da isti ne mo\u017ee prije\u0107i 4 000 KM.<br>Pod stambenom nekretninom u smislu ove Odluke podrazumijeva se kupnja stana\/ku\u0107e ili gradnja ku\u0107e.<br>Dodjela subvencija izvr\u0161it \u0107e se putem javnog poziva kojeg objavljuje Gradona\u010delnik sukladno ovoj Odluci, sa rokom za podno\u0161enje prijava ne kra\u0107im od 30 dana.<br>Javni poziv \u0107e biti objavljen na slu\u017ebenoj web stranici Grada Ljubu\u0161kog, Radiju Ljubu\u0161ki i Oglasnoj plo\u010di Gradske uprave.<\/p>\n\n\n\n<figure class=\"wp-block-gallery has-nested-images columns-default is-cropped wp-block-gallery-2 is-layout-flex wp-block-gallery-is-layout-flex\">\n<figure class=\"wp-block-image size-large\"><img loading=\"lazy\" decoding=\"async\" width=\"1024\" height=\"683\" data-id=\"186928\" src=\"https:\/\/radioljubuski.ba\/wp-content\/uploads\/2022\/12\/DSC0020-1-1024x683.jpg\" alt=\"\" class=\"wp-image-186928\" srcset=\"https:\/\/radioljubuski.ba\/wp-content\/uploads\/2022\/12\/DSC0020-1-1024x683.jpg 1024w, https:\/\/radioljubuski.ba\/wp-content\/uploads\/2022\/12\/DSC0020-1-300x200.jpg 300w, https:\/\/radioljubuski.ba\/wp-content\/uploads\/2022\/12\/DSC0020-1-768x512.jpg 768w, https:\/\/radioljubuski.ba\/wp-content\/uploads\/2022\/12\/DSC0020-1-1536x1025.jpg 1536w, https:\/\/radioljubuski.ba\/wp-content\/uploads\/2022\/12\/DSC0020-1-2048x1367.jpg 2048w, https:\/\/radioljubuski.ba\/wp-content\/uploads\/2022\/12\/DSC0020-1-18x12.jpg 18w\" sizes=\"auto, (max-width: 1024px) 100vw, 1024px\" \/><\/figure>\n\n\n\n<figure class=\"wp-block-image size-large\"><img loading=\"lazy\" decoding=\"async\" width=\"1024\" height=\"683\" data-id=\"186930\" src=\"https:\/\/radioljubuski.ba\/wp-content\/uploads\/2022\/12\/DSC0023-3-1024x683.jpg\" alt=\"\" class=\"wp-image-186930\" srcset=\"https:\/\/radioljubuski.ba\/wp-content\/uploads\/2022\/12\/DSC0023-3-1024x683.jpg 1024w, https:\/\/radioljubuski.ba\/wp-content\/uploads\/2022\/12\/DSC0023-3-300x200.jpg 300w, https:\/\/radioljubuski.ba\/wp-content\/uploads\/2022\/12\/DSC0023-3-768x512.jpg 768w, https:\/\/radioljubuski.ba\/wp-content\/uploads\/2022\/12\/DSC0023-3-1536x1025.jpg 1536w, https:\/\/radioljubuski.ba\/wp-content\/uploads\/2022\/12\/DSC0023-3-2048x1367.jpg 2048w, https:\/\/radioljubuski.ba\/wp-content\/uploads\/2022\/12\/DSC0023-3-18x12.jpg 18w\" sizes=\"auto, (max-width: 1024px) 100vw, 1024px\" \/><\/figure>\n\n\n\n<figure class=\"wp-block-image size-large\"><img loading=\"lazy\" decoding=\"async\" width=\"1024\" height=\"683\" data-id=\"186931\" src=\"https:\/\/radioljubuski.ba\/wp-content\/uploads\/2022\/12\/DSC0024-2-1024x683.jpg\" alt=\"\" class=\"wp-image-186931\" srcset=\"https:\/\/radioljubuski.ba\/wp-content\/uploads\/2022\/12\/DSC0024-2-1024x683.jpg 1024w, https:\/\/radioljubuski.ba\/wp-content\/uploads\/2022\/12\/DSC0024-2-300x200.jpg 300w, https:\/\/radioljubuski.ba\/wp-content\/uploads\/2022\/12\/DSC0024-2-768x512.jpg 768w, https:\/\/radioljubuski.ba\/wp-content\/uploads\/2022\/12\/DSC0024-2-1536x1025.jpg 1536w, https:\/\/radioljubuski.ba\/wp-content\/uploads\/2022\/12\/DSC0024-2-2048x1367.jpg 2048w, https:\/\/radioljubuski.ba\/wp-content\/uploads\/2022\/12\/DSC0024-2-18x12.jpg 18w\" sizes=\"auto, (max-width: 1024px) 100vw, 1024px\" \/><\/figure>\n\n\n\n<figure class=\"wp-block-image size-large\"><img loading=\"lazy\" decoding=\"async\" width=\"1024\" height=\"683\" data-id=\"186929\" src=\"https:\/\/radioljubuski.ba\/wp-content\/uploads\/2022\/12\/DSC0026-3-1024x683.jpg\" alt=\"\" class=\"wp-image-186929\" srcset=\"https:\/\/radioljubuski.ba\/wp-content\/uploads\/2022\/12\/DSC0026-3-1024x683.jpg 1024w, https:\/\/radioljubuski.ba\/wp-content\/uploads\/2022\/12\/DSC0026-3-300x200.jpg 300w, https:\/\/radioljubuski.ba\/wp-content\/uploads\/2022\/12\/DSC0026-3-768x512.jpg 768w, https:\/\/radioljubuski.ba\/wp-content\/uploads\/2022\/12\/DSC0026-3-1536x1025.jpg 1536w, https:\/\/radioljubuski.ba\/wp-content\/uploads\/2022\/12\/DSC0026-3-2048x1367.jpg 2048w, https:\/\/radioljubuski.ba\/wp-content\/uploads\/2022\/12\/DSC0026-3-18x12.jpg 18w\" sizes=\"auto, (max-width: 1024px) 100vw, 1024px\" \/><\/figure>\n\n\n\n<figure class=\"wp-block-image size-large\"><img loading=\"lazy\" decoding=\"async\" width=\"1024\" height=\"683\" data-id=\"186932\" src=\"https:\/\/radioljubuski.ba\/wp-content\/uploads\/2022\/12\/DSC0031-1-1024x683.jpg\" alt=\"\" class=\"wp-image-186932\" srcset=\"https:\/\/radioljubuski.ba\/wp-content\/uploads\/2022\/12\/DSC0031-1-1024x683.jpg 1024w, https:\/\/radioljubuski.ba\/wp-content\/uploads\/2022\/12\/DSC0031-1-300x200.jpg 300w, https:\/\/radioljubuski.ba\/wp-content\/uploads\/2022\/12\/DSC0031-1-768x512.jpg 768w, https:\/\/radioljubuski.ba\/wp-content\/uploads\/2022\/12\/DSC0031-1-1536x1025.jpg 1536w, https:\/\/radioljubuski.ba\/wp-content\/uploads\/2022\/12\/DSC0031-1-2048x1367.jpg 2048w, https:\/\/radioljubuski.ba\/wp-content\/uploads\/2022\/12\/DSC0031-1-18x12.jpg 18w\" sizes=\"auto, (max-width: 1024px) 100vw, 1024px\" \/><\/figure>\n<\/figure>\n\n\n\n<p><br>Detaljnije o sjednici poslu\u0161ajte u integralnoj audiosnimci, te razgovoru s gradona\u010delnikom Vedranom Markoti\u0107em.<\/p>\n\n\n\n<p>Integralna audiosnimka 20. sjednice Gradskog vije\u0107a Ljubu\u0161ki:<\/p>\n\n\n\n<iframe loading=\"lazy\" width=\"560\" height=\"315\" src=\"https:\/\/www.youtube.com\/embed\/IHkkC9GjJTw\" title=\"YouTube video player\" frameborder=\"0\" allow=\"accelerometer; autoplay; clipboard-write; encrypted-media; gyroscope; picture-in-picture\" allowfullscreen=\"\"><\/iframe>\n\n\n\n<p>Osvrt gradona\u010delnika Vedrana Markoti\u0107a na 20. sjednicu Gradskog vije\u0107a Ljubu\u0161ki:<\/p>\n\n\n\n<iframe loading=\"lazy\" width=\"560\" height=\"315\" src=\"https:\/\/www.youtube.com\/embed\/Ptt17n52DNA\" title=\"YouTube video player\" frameborder=\"0\" allow=\"accelerometer; autoplay; clipboard-write; encrypted-media; gyroscope; picture-in-picture\" allowfullscreen=\"\"><\/iframe>\n\n\n\n<p>Radio Ljubu\u0161ki<\/p>\n","protected":false},"excerpt":{"rendered":"<p>Na dana\u0161njoj, 20. sjednici Gradskog vije\u0107a Ljubu\u0161ki jednoglasno je usvojen Prora\u010dun Grada Ljubu\u0161kog za 2023. godinu u iznosu od 16.538.000 KM.Prijedlog Prora\u010duna je jo\u0161 na pro\u0161loj sjednici Vije\u0107a obrazlo\u017eio pomo\u0107nik gradona\u010delnika Stipe Bubalo, a s obzirom da na Javnoj raspravi o Prora\u010dunu u proteklih 20-ak dana nije bilo ozbiljnijih prijedloga za izmjene Prora\u010duna, on je [&hellip;]<\/p>\n","protected":false},"author":2,"featured_media":186923,"comment_status":"closed","ping_status":"closed","sticky":false,"template":"","format":"standard","meta":{"h5ap_radio_sources":[],"footnotes":""},"categories":[50,28],"tags":[],"class_list":["post-186922","post","type-post","status-publish","format-standard","has-post-thumbnail","hentry","category-gradskovijece","category-novosti"],"yoast_head":"<!-- This site is optimized with the Yoast SEO plugin v27.5 - https:\/\/yoast.com\/product\/yoast-seo-wordpress\/ -->\n<title>Audio: Usvojen Prora\u010dun Grada Ljubu\u0161kog za 2023. godinu u iznosu od 16.538.000 KM - RADIO LJUBU\u0160KI<\/title>\n<meta name=\"robots\" content=\"index, follow, max-snippet:-1, max-image-preview:large, max-video-preview:-1\" \/>\n<link rel=\"canonical\" href=\"https:\/\/radioljubuski.ba\/index.php\/2022\/12\/22\/audio-usvojen-proracun-grada-ljubuskog-za-2023-godinu-u-iznosu-od-16-538-000-km\/\" \/>\n<meta property=\"og:locale\" content=\"hr_HR\" \/>\n<meta property=\"og:type\" content=\"article\" \/>\n<meta property=\"og:title\" content=\"Audio: Usvojen Prora\u010dun Grada Ljubu\u0161kog za 2023. godinu u iznosu od 16.538.000 KM - RADIO LJUBU\u0160KI\" \/>\n<meta property=\"og:description\" content=\"Na dana\u0161njoj, 20. sjednici Gradskog vije\u0107a Ljubu\u0161ki jednoglasno je usvojen Prora\u010dun Grada Ljubu\u0161kog za 2023. godinu u iznosu od 16.538.000 KM.Prijedlog Prora\u010duna je jo\u0161 na pro\u0161loj sjednici Vije\u0107a obrazlo\u017eio pomo\u0107nik gradona\u010delnika Stipe Bubalo, a s obzirom da na Javnoj raspravi o Prora\u010dunu u proteklih 20-ak dana nije bilo ozbiljnijih prijedloga za izmjene Prora\u010duna, on je [&hellip;]\" \/>\n<meta property=\"og:url\" content=\"https:\/\/radioljubuski.ba\/index.php\/2022\/12\/22\/audio-usvojen-proracun-grada-ljubuskog-za-2023-godinu-u-iznosu-od-16-538-000-km\/\" \/>\n<meta property=\"og:site_name\" content=\"RADIO LJUBU\u0160KI\" \/>\n<meta property=\"article:publisher\" content=\"https:\/\/www.facebook.com\/Radiio-Ljubuski-1490835324566332\" \/>\n<meta property=\"article:published_time\" content=\"2022-12-22T11:22:16+00:00\" \/>\n<meta property=\"article:modified_time\" content=\"2024-10-11T08:56:26+00:00\" \/>\n<meta property=\"og:image\" content=\"https:\/\/radioljubuski.ba\/wp-content\/uploads\/2022\/12\/DSC0006-2-scaled.jpg\" \/>\n\t<meta property=\"og:image:width\" content=\"2560\" \/>\n\t<meta property=\"og:image:height\" content=\"1708\" \/>\n\t<meta property=\"og:image:type\" content=\"image\/jpeg\" \/>\n<meta name=\"author\" content=\"Radio Ljubu\u0161ki\" \/>\n<meta name=\"twitter:card\" content=\"summary_large_image\" \/>\n<meta name=\"twitter:creator\" content=\"@radioljubuski\" \/>\n<meta name=\"twitter:site\" content=\"@radioljubuski\" \/>\n<meta name=\"twitter:label1\" content=\"Napisao\/la\" \/>\n\t<meta name=\"twitter:data1\" content=\"Radio Ljubu\u0161ki\" \/>\n\t<meta name=\"twitter:label2\" content=\"Procijenjeno vrijeme \u010ditanja\" \/>\n\t<meta name=\"twitter:data2\" content=\"5 minuta\" \/>\n<script type=\"application\/ld+json\" class=\"yoast-schema-graph\">{\"@context\":\"https:\\\/\\\/schema.org\",\"@graph\":[{\"@type\":\"Article\",\"@id\":\"https:\\\/\\\/radioljubuski.ba\\\/index.php\\\/2022\\\/12\\\/22\\\/audio-usvojen-proracun-grada-ljubuskog-za-2023-godinu-u-iznosu-od-16-538-000-km\\\/#article\",\"isPartOf\":{\"@id\":\"https:\\\/\\\/radioljubuski.ba\\\/index.php\\\/2022\\\/12\\\/22\\\/audio-usvojen-proracun-grada-ljubuskog-za-2023-godinu-u-iznosu-od-16-538-000-km\\\/\"},\"author\":{\"name\":\"Radio Ljubu\u0161ki\",\"@id\":\"https:\\\/\\\/radioljubuski.ba\\\/#\\\/schema\\\/person\\\/19fc700381a780f69665d7956c469e3b\"},\"headline\":\"Audio: Usvojen Prora\u010dun Grada Ljubu\u0161kog za 2023. godinu u iznosu od 16.538.000 KM\",\"datePublished\":\"2022-12-22T11:22:16+00:00\",\"dateModified\":\"2024-10-11T08:56:26+00:00\",\"mainEntityOfPage\":{\"@id\":\"https:\\\/\\\/radioljubuski.ba\\\/index.php\\\/2022\\\/12\\\/22\\\/audio-usvojen-proracun-grada-ljubuskog-za-2023-godinu-u-iznosu-od-16-538-000-km\\\/\"},\"wordCount\":631,\"publisher\":{\"@id\":\"https:\\\/\\\/radioljubuski.ba\\\/#organization\"},\"image\":{\"@id\":\"https:\\\/\\\/radioljubuski.ba\\\/index.php\\\/2022\\\/12\\\/22\\\/audio-usvojen-proracun-grada-ljubuskog-za-2023-godinu-u-iznosu-od-16-538-000-km\\\/#primaryimage\"},\"thumbnailUrl\":\"https:\\\/\\\/radioljubuski.ba\\\/wp-content\\\/uploads\\\/2022\\\/12\\\/DSC0006-2-scaled.jpg\",\"articleSection\":[\"GV Ljubu\u0161ki\",\"Novosti\"],\"inLanguage\":\"hr\"},{\"@type\":\"WebPage\",\"@id\":\"https:\\\/\\\/radioljubuski.ba\\\/index.php\\\/2022\\\/12\\\/22\\\/audio-usvojen-proracun-grada-ljubuskog-za-2023-godinu-u-iznosu-od-16-538-000-km\\\/\",\"url\":\"https:\\\/\\\/radioljubuski.ba\\\/index.php\\\/2022\\\/12\\\/22\\\/audio-usvojen-proracun-grada-ljubuskog-za-2023-godinu-u-iznosu-od-16-538-000-km\\\/\",\"name\":\"Audio: Usvojen Prora\u010dun Grada Ljubu\u0161kog za 2023. godinu u iznosu od 16.538.000 KM - RADIO LJUBU\u0160KI\",\"isPartOf\":{\"@id\":\"https:\\\/\\\/radioljubuski.ba\\\/#website\"},\"primaryImageOfPage\":{\"@id\":\"https:\\\/\\\/radioljubuski.ba\\\/index.php\\\/2022\\\/12\\\/22\\\/audio-usvojen-proracun-grada-ljubuskog-za-2023-godinu-u-iznosu-od-16-538-000-km\\\/#primaryimage\"},\"image\":{\"@id\":\"https:\\\/\\\/radioljubuski.ba\\\/index.php\\\/2022\\\/12\\\/22\\\/audio-usvojen-proracun-grada-ljubuskog-za-2023-godinu-u-iznosu-od-16-538-000-km\\\/#primaryimage\"},\"thumbnailUrl\":\"https:\\\/\\\/radioljubuski.ba\\\/wp-content\\\/uploads\\\/2022\\\/12\\\/DSC0006-2-scaled.jpg\",\"datePublished\":\"2022-12-22T11:22:16+00:00\",\"dateModified\":\"2024-10-11T08:56:26+00:00\",\"breadcrumb\":{\"@id\":\"https:\\\/\\\/radioljubuski.ba\\\/index.php\\\/2022\\\/12\\\/22\\\/audio-usvojen-proracun-grada-ljubuskog-za-2023-godinu-u-iznosu-od-16-538-000-km\\\/#breadcrumb\"},\"inLanguage\":\"hr\",\"potentialAction\":[{\"@type\":\"ReadAction\",\"target\":[\"https:\\\/\\\/radioljubuski.ba\\\/index.php\\\/2022\\\/12\\\/22\\\/audio-usvojen-proracun-grada-ljubuskog-za-2023-godinu-u-iznosu-od-16-538-000-km\\\/\"]}]},{\"@type\":\"ImageObject\",\"inLanguage\":\"hr\",\"@id\":\"https:\\\/\\\/radioljubuski.ba\\\/index.php\\\/2022\\\/12\\\/22\\\/audio-usvojen-proracun-grada-ljubuskog-za-2023-godinu-u-iznosu-od-16-538-000-km\\\/#primaryimage\",\"url\":\"https:\\\/\\\/radioljubuski.ba\\\/wp-content\\\/uploads\\\/2022\\\/12\\\/DSC0006-2-scaled.jpg\",\"contentUrl\":\"https:\\\/\\\/radioljubuski.ba\\\/wp-content\\\/uploads\\\/2022\\\/12\\\/DSC0006-2-scaled.jpg\",\"width\":2560,\"height\":1708},{\"@type\":\"BreadcrumbList\",\"@id\":\"https:\\\/\\\/radioljubuski.ba\\\/index.php\\\/2022\\\/12\\\/22\\\/audio-usvojen-proracun-grada-ljubuskog-za-2023-godinu-u-iznosu-od-16-538-000-km\\\/#breadcrumb\",\"itemListElement\":[{\"@type\":\"ListItem\",\"position\":1,\"name\":\"Po\u010detna stranica\",\"item\":\"https:\\\/\\\/radioljubuski.ba\\\/\"},{\"@type\":\"ListItem\",\"position\":2,\"name\":\"Audio: Usvojen Prora\u010dun Grada Ljubu\u0161kog za 2023. godinu u iznosu od 16.538.000 KM\"}]},{\"@type\":\"WebSite\",\"@id\":\"https:\\\/\\\/radioljubuski.ba\\\/#website\",\"url\":\"https:\\\/\\\/radioljubuski.ba\\\/\",\"name\":\"Radio Ljubu\u0161ki\",\"description\":\"Sun\u010dana frekvencija Hercegovine\",\"publisher\":{\"@id\":\"https:\\\/\\\/radioljubuski.ba\\\/#organization\"},\"potentialAction\":[{\"@type\":\"SearchAction\",\"target\":{\"@type\":\"EntryPoint\",\"urlTemplate\":\"https:\\\/\\\/radioljubuski.ba\\\/?s={search_term_string}\"},\"query-input\":{\"@type\":\"PropertyValueSpecification\",\"valueRequired\":true,\"valueName\":\"search_term_string\"}}],\"inLanguage\":\"hr\"},{\"@type\":\"Organization\",\"@id\":\"https:\\\/\\\/radioljubuski.ba\\\/#organization\",\"name\":\"Radio Ljubu\u0161ki\",\"url\":\"https:\\\/\\\/radioljubuski.ba\\\/\",\"logo\":{\"@type\":\"ImageObject\",\"inLanguage\":\"hr\",\"@id\":\"https:\\\/\\\/radioljubuski.ba\\\/#\\\/schema\\\/logo\\\/image\\\/\",\"url\":\"https:\\\/\\\/radioljubuski.ba\\\/wp-content\\\/uploads\\\/2021\\\/02\\\/cropped-Radio_Ljubuski_logo1.jpg\",\"contentUrl\":\"https:\\\/\\\/radioljubuski.ba\\\/wp-content\\\/uploads\\\/2021\\\/02\\\/cropped-Radio_Ljubuski_logo1.jpg\",\"width\":512,\"height\":512,\"caption\":\"Radio Ljubu\u0161ki\"},\"image\":{\"@id\":\"https:\\\/\\\/radioljubuski.ba\\\/#\\\/schema\\\/logo\\\/image\\\/\"},\"sameAs\":[\"https:\\\/\\\/www.facebook.com\\\/Radiio-Ljubuski-1490835324566332\",\"https:\\\/\\\/x.com\\\/radioljubuski\",\"https:\\\/\\\/hr.linkedin.com\\\/company\\\/radio-ljubuski\",\"https:\\\/\\\/www.youtube.com\\\/channel\\\/UCHYaeO_n0Db3tjNGudGpXyw\"]},{\"@type\":\"Person\",\"@id\":\"https:\\\/\\\/radioljubuski.ba\\\/#\\\/schema\\\/person\\\/19fc700381a780f69665d7956c469e3b\",\"name\":\"Radio Ljubu\u0161ki\"}]}<\/script>\n<!-- \/ Yoast SEO plugin. -->","yoast_head_json":{"title":"Audio: Usvojen Prora\u010dun Grada Ljubu\u0161kog za 2023. godinu u iznosu od 16.538.000 KM - RADIO LJUBU\u0160KI","robots":{"index":"index","follow":"follow","max-snippet":"max-snippet:-1","max-image-preview":"max-image-preview:large","max-video-preview":"max-video-preview:-1"},"canonical":"https:\/\/radioljubuski.ba\/index.php\/2022\/12\/22\/audio-usvojen-proracun-grada-ljubuskog-za-2023-godinu-u-iznosu-od-16-538-000-km\/","og_locale":"hr_HR","og_type":"article","og_title":"Audio: Usvojen Prora\u010dun Grada Ljubu\u0161kog za 2023. godinu u iznosu od 16.538.000 KM - RADIO LJUBU\u0160KI","og_description":"Na dana\u0161njoj, 20. sjednici Gradskog vije\u0107a Ljubu\u0161ki jednoglasno je usvojen Prora\u010dun Grada Ljubu\u0161kog za 2023. godinu u iznosu od 16.538.000 KM.Prijedlog Prora\u010duna je jo\u0161 na pro\u0161loj sjednici Vije\u0107a obrazlo\u017eio pomo\u0107nik gradona\u010delnika Stipe Bubalo, a s obzirom da na Javnoj raspravi o Prora\u010dunu u proteklih 20-ak dana nije bilo ozbiljnijih prijedloga za izmjene Prora\u010duna, on je [&hellip;]","og_url":"https:\/\/radioljubuski.ba\/index.php\/2022\/12\/22\/audio-usvojen-proracun-grada-ljubuskog-za-2023-godinu-u-iznosu-od-16-538-000-km\/","og_site_name":"RADIO LJUBU\u0160KI","article_publisher":"https:\/\/www.facebook.com\/Radiio-Ljubuski-1490835324566332","article_published_time":"2022-12-22T11:22:16+00:00","article_modified_time":"2024-10-11T08:56:26+00:00","og_image":[{"width":2560,"height":1708,"url":"https:\/\/radioljubuski.ba\/wp-content\/uploads\/2022\/12\/DSC0006-2-scaled.jpg","type":"image\/jpeg"}],"author":"Radio Ljubu\u0161ki","twitter_card":"summary_large_image","twitter_creator":"@radioljubuski","twitter_site":"@radioljubuski","twitter_misc":{"Napisao\/la":"Radio Ljubu\u0161ki","Procijenjeno vrijeme \u010ditanja":"5 minuta"},"schema":{"@context":"https:\/\/schema.org","@graph":[{"@type":"Article","@id":"https:\/\/radioljubuski.ba\/index.php\/2022\/12\/22\/audio-usvojen-proracun-grada-ljubuskog-za-2023-godinu-u-iznosu-od-16-538-000-km\/#article","isPartOf":{"@id":"https:\/\/radioljubuski.ba\/index.php\/2022\/12\/22\/audio-usvojen-proracun-grada-ljubuskog-za-2023-godinu-u-iznosu-od-16-538-000-km\/"},"author":{"name":"Radio Ljubu\u0161ki","@id":"https:\/\/radioljubuski.ba\/#\/schema\/person\/19fc700381a780f69665d7956c469e3b"},"headline":"Audio: Usvojen Prora\u010dun Grada Ljubu\u0161kog za 2023. godinu u iznosu od 16.538.000 KM","datePublished":"2022-12-22T11:22:16+00:00","dateModified":"2024-10-11T08:56:26+00:00","mainEntityOfPage":{"@id":"https:\/\/radioljubuski.ba\/index.php\/2022\/12\/22\/audio-usvojen-proracun-grada-ljubuskog-za-2023-godinu-u-iznosu-od-16-538-000-km\/"},"wordCount":631,"publisher":{"@id":"https:\/\/radioljubuski.ba\/#organization"},"image":{"@id":"https:\/\/radioljubuski.ba\/index.php\/2022\/12\/22\/audio-usvojen-proracun-grada-ljubuskog-za-2023-godinu-u-iznosu-od-16-538-000-km\/#primaryimage"},"thumbnailUrl":"https:\/\/radioljubuski.ba\/wp-content\/uploads\/2022\/12\/DSC0006-2-scaled.jpg","articleSection":["GV Ljubu\u0161ki","Novosti"],"inLanguage":"hr"},{"@type":"WebPage","@id":"https:\/\/radioljubuski.ba\/index.php\/2022\/12\/22\/audio-usvojen-proracun-grada-ljubuskog-za-2023-godinu-u-iznosu-od-16-538-000-km\/","url":"https:\/\/radioljubuski.ba\/index.php\/2022\/12\/22\/audio-usvojen-proracun-grada-ljubuskog-za-2023-godinu-u-iznosu-od-16-538-000-km\/","name":"Audio: Usvojen Prora\u010dun Grada Ljubu\u0161kog za 2023. godinu u iznosu od 16.538.000 KM - RADIO LJUBU\u0160KI","isPartOf":{"@id":"https:\/\/radioljubuski.ba\/#website"},"primaryImageOfPage":{"@id":"https:\/\/radioljubuski.ba\/index.php\/2022\/12\/22\/audio-usvojen-proracun-grada-ljubuskog-za-2023-godinu-u-iznosu-od-16-538-000-km\/#primaryimage"},"image":{"@id":"https:\/\/radioljubuski.ba\/index.php\/2022\/12\/22\/audio-usvojen-proracun-grada-ljubuskog-za-2023-godinu-u-iznosu-od-16-538-000-km\/#primaryimage"},"thumbnailUrl":"https:\/\/radioljubuski.ba\/wp-content\/uploads\/2022\/12\/DSC0006-2-scaled.jpg","datePublished":"2022-12-22T11:22:16+00:00","dateModified":"2024-10-11T08:56:26+00:00","breadcrumb":{"@id":"https:\/\/radioljubuski.ba\/index.php\/2022\/12\/22\/audio-usvojen-proracun-grada-ljubuskog-za-2023-godinu-u-iznosu-od-16-538-000-km\/#breadcrumb"},"inLanguage":"hr","potentialAction":[{"@type":"ReadAction","target":["https:\/\/radioljubuski.ba\/index.php\/2022\/12\/22\/audio-usvojen-proracun-grada-ljubuskog-za-2023-godinu-u-iznosu-od-16-538-000-km\/"]}]},{"@type":"ImageObject","inLanguage":"hr","@id":"https:\/\/radioljubuski.ba\/index.php\/2022\/12\/22\/audio-usvojen-proracun-grada-ljubuskog-za-2023-godinu-u-iznosu-od-16-538-000-km\/#primaryimage","url":"https:\/\/radioljubuski.ba\/wp-content\/uploads\/2022\/12\/DSC0006-2-scaled.jpg","contentUrl":"https:\/\/radioljubuski.ba\/wp-content\/uploads\/2022\/12\/DSC0006-2-scaled.jpg","width":2560,"height":1708},{"@type":"BreadcrumbList","@id":"https:\/\/radioljubuski.ba\/index.php\/2022\/12\/22\/audio-usvojen-proracun-grada-ljubuskog-za-2023-godinu-u-iznosu-od-16-538-000-km\/#breadcrumb","itemListElement":[{"@type":"ListItem","position":1,"name":"Po\u010detna stranica","item":"https:\/\/radioljubuski.ba\/"},{"@type":"ListItem","position":2,"name":"Audio: Usvojen Prora\u010dun Grada Ljubu\u0161kog za 2023. godinu u iznosu od 16.538.000 KM"}]},{"@type":"WebSite","@id":"https:\/\/radioljubuski.ba\/#website","url":"https:\/\/radioljubuski.ba\/","name":"Radio Ljubu\u0161ki","description":"Sun\u010dana frekvencija Hercegovine","publisher":{"@id":"https:\/\/radioljubuski.ba\/#organization"},"potentialAction":[{"@type":"SearchAction","target":{"@type":"EntryPoint","urlTemplate":"https:\/\/radioljubuski.ba\/?s={search_term_string}"},"query-input":{"@type":"PropertyValueSpecification","valueRequired":true,"valueName":"search_term_string"}}],"inLanguage":"hr"},{"@type":"Organization","@id":"https:\/\/radioljubuski.ba\/#organization","name":"Radio Ljubu\u0161ki","url":"https:\/\/radioljubuski.ba\/","logo":{"@type":"ImageObject","inLanguage":"hr","@id":"https:\/\/radioljubuski.ba\/#\/schema\/logo\/image\/","url":"https:\/\/radioljubuski.ba\/wp-content\/uploads\/2021\/02\/cropped-Radio_Ljubuski_logo1.jpg","contentUrl":"https:\/\/radioljubuski.ba\/wp-content\/uploads\/2021\/02\/cropped-Radio_Ljubuski_logo1.jpg","width":512,"height":512,"caption":"Radio Ljubu\u0161ki"},"image":{"@id":"https:\/\/radioljubuski.ba\/#\/schema\/logo\/image\/"},"sameAs":["https:\/\/www.facebook.com\/Radiio-Ljubuski-1490835324566332","https:\/\/x.com\/radioljubuski","https:\/\/hr.linkedin.com\/company\/radio-ljubuski","https:\/\/www.youtube.com\/channel\/UCHYaeO_n0Db3tjNGudGpXyw"]},{"@type":"Person","@id":"https:\/\/radioljubuski.ba\/#\/schema\/person\/19fc700381a780f69665d7956c469e3b","name":"Radio Ljubu\u0161ki"}]}},"_links":{"self":[{"href":"https:\/\/radioljubuski.ba\/index.php\/wp-json\/wp\/v2\/posts\/186922","targetHints":{"allow":["GET"]}}],"collection":[{"href":"https:\/\/radioljubuski.ba\/index.php\/wp-json\/wp\/v2\/posts"}],"about":[{"href":"https:\/\/radioljubuski.ba\/index.php\/wp-json\/wp\/v2\/types\/post"}],"author":[{"embeddable":true,"href":"https:\/\/radioljubuski.ba\/index.php\/wp-json\/wp\/v2\/users\/2"}],"replies":[{"embeddable":true,"href":"https:\/\/radioljubuski.ba\/index.php\/wp-json\/wp\/v2\/comments?post=186922"}],"version-history":[{"count":2,"href":"https:\/\/radioljubuski.ba\/index.php\/wp-json\/wp\/v2\/posts\/186922\/revisions"}],"predecessor-version":[{"id":186934,"href":"https:\/\/radioljubuski.ba\/index.php\/wp-json\/wp\/v2\/posts\/186922\/revisions\/186934"}],"wp:featuredmedia":[{"embeddable":true,"href":"https:\/\/radioljubuski.ba\/index.php\/wp-json\/wp\/v2\/media\/186923"}],"wp:attachment":[{"href":"https:\/\/radioljubuski.ba\/index.php\/wp-json\/wp\/v2\/media?parent=186922"}],"wp:term":[{"taxonomy":"category","embeddable":true,"href":"https:\/\/radioljubuski.ba\/index.php\/wp-json\/wp\/v2\/categories?post=186922"},{"taxonomy":"post_tag","embeddable":true,"href":"https:\/\/radioljubuski.ba\/index.php\/wp-json\/wp\/v2\/tags?post=186922"}],"curies":[{"name":"wp","href":"https:\/\/api.w.org\/{rel}","templated":true}]}}