{"id":187053,"date":"2022-12-23T20:07:45","date_gmt":"2022-12-23T19:07:45","guid":{"rendered":"https:\/\/radioljubuski.ba\/?p=187053"},"modified":"2022-12-23T20:12:25","modified_gmt":"2022-12-23T19:12:25","slug":"pogledajte-video-s-nocne-utrke-u-ljubuskom","status":"publish","type":"post","link":"https:\/\/radioljubuski.ba\/index.php\/2022\/12\/23\/pogledajte-video-s-nocne-utrke-u-ljubuskom\/","title":{"rendered":"Pogledajte video s no\u0107ne utrke u Ljubu\u0161kom"},"content":{"rendered":"\n<p>\u201eSpektakularna no\u0107na utrka po ulicama Ljubu\u0161kog\u201c, tako bi se ukratko mogao opisati ve\u010dera\u0161nji \u201eLjubu\u0161ki Advent Night Run\u201c.<\/p>\n\n\n\n<p>Sve je vrvilo od trka\u010da, pojedini su potegnuli \u010dak i iz Sarajeva te su no\u0107ili u Ljubu\u0161kom samo radi ovog doga\u0111aja, bilo je tu trka\u010da i iz Livna, Rame, organizatori su zadovoljno trljali ruke, odaziv je bio sjajan, a trka je protekla bez problema.<\/p>\n\n\n\n<p>Ugodna atmosfera je pratila ovaj doga\u0111aj od samog po\u010detka, ve\u0107 pola sata prije trke prostor ispred ulaza u Advent se po\u010deo puniti trka\u010dima.<\/p>\n\n\n\n<p>Oni su se dru\u017eili, nosili bo\u017ei\u0107ne kapice, pojedini su se zagrijavali, a uz novinarske ekipe, tu su stigli i ljubu\u0161ki GSS-ovci, policajci, biciklisti, brojni volonteri..<\/p>\n\n\n\n<p>Uo\u010di samog po\u010detka trke, trka\u010di su se poredali iza startne linije, ispred njih su i\u0161li biciklisti i ekipa na \u010detverokota\u010dima, a prof. Zvonko Herceg je bio zadu\u017een da mjeri vrijeme, ali i da opali iz startnog pi\u0161tolja \u0161to je i u\u010dinio to\u010dno u 18 sati.<\/p>\n\n\n\n<p>Nakon \u0161to je opalio startni pi\u0161tolj, vi\u0161e od stotinu trka\u010da se \u201esjurilo\u201c uz ulicu prema hotelu Bigeste, a potom su tr\u010dali zadanom stazom, promet su regulirali policajci i brojni volonteri, a s obzirom da je bila rije\u010d o laganoj trka\u010dkoj dionici od 5,2 kilometra, nije dugo trebalo da se sazna pobjednik.<\/p>\n\n\n\n<p>Bio je to Ante Pokraj\u010di\u0107 koji je istr\u010dao trku za 16 minuta i 16 sekundi, a kada je dotr\u010davao u cilj tamo ga je okupljeno mno\u0161tvo do\u010dekalo s pljeskom i uzvicima odu\u0161evljenja.<\/p>\n\n\n\n<p>Iza njega je slijedilo jo\u0161 nekoliko trka\u010da u mu\u0161koj konkurenciji, a prva od \u017eena koja je utr\u010dala u cilj bila je doma\u0107a trka\u010dica Monika Vi\u0161tica koja je ovu dionicu istr\u010dala za oko 22 minute.<\/p>\n\n\n\n<p>\u201eJesam, naravno da sam zadovoljan\u201c, odgovorio je na novinarsko pitanje prvoplasirani Ante Pokraj\u010di\u0107 koji je dodao kako je \u201ejo\u0161 zadovoljniji koliko je ljudi okupila ova trka. Naime, i organizatori su o\u010dekivali mo\u017eda 30-tak ljudi te su se iznenadili interesom. \u201eEvo, do\u0161lo je 100 ljudi tako da je Ljubu\u0161ki ne samo grad rukometa nego i tr\u010danja\u201c, zadovoljno je prokomentirao Pokraj\u010di\u0107.<\/p>\n\n\n\n<p>Monika Vi\u0161tica, najbr\u017ea u \u017eenskoj konkurenciji je dodala kako je bio super osje\u0107aj tr\u010dati u svom gradu.<\/p>\n\n\n\n<p>\u201eOvo je ba\u0161 bio pun pogodak za Ljubu\u0161ki\u201c, ocijenila je.<\/p>\n\n\n\n<p>U videozapisu donosimo dio atmosfere<\/p>\n\n\n\n<iframe loading=\"lazy\" width=\"560\" height=\"315\" src=\"https:\/\/www.youtube.com\/embed\/uLlE5oK_q1A\" title=\"YouTube video player\" frameborder=\"0\" allow=\"accelerometer; autoplay; clipboard-write; encrypted-media; gyroscope; picture-in-picture\" allowfullscreen=\"\"><\/iframe>\n","protected":false},"excerpt":{"rendered":"<p>\u201eSpektakularna no\u0107na utrka po ulicama Ljubu\u0161kog\u201c, tako bi se ukratko mogao opisati ve\u010dera\u0161nji \u201eLjubu\u0161ki Advent Night Run\u201c. Sve je vrvilo od trka\u010da, pojedini su potegnuli \u010dak i iz Sarajeva te su no\u0107ili u Ljubu\u0161kom samo radi ovog doga\u0111aja, bilo je tu trka\u010da i iz Livna, Rame, organizatori su zadovoljno trljali ruke, odaziv je bio sjajan, [&hellip;]<\/p>\n","protected":false},"author":2,"featured_media":187054,"comment_status":"closed","ping_status":"closed","sticky":false,"template":"","format":"standard","meta":{"h5ap_radio_sources":[],"footnotes":""},"categories":[28],"tags":[],"class_list":["post-187053","post","type-post","status-publish","format-standard","has-post-thumbnail","hentry","category-novosti"],"yoast_head":"<!-- This site is optimized with the Yoast SEO plugin v27.5 - https:\/\/yoast.com\/product\/yoast-seo-wordpress\/ -->\n<title>Pogledajte video s no\u0107ne utrke u Ljubu\u0161kom - RADIO LJUBU\u0160KI<\/title>\n<meta name=\"robots\" content=\"index, follow, max-snippet:-1, max-image-preview:large, max-video-preview:-1\" \/>\n<link rel=\"canonical\" href=\"https:\/\/radioljubuski.ba\/index.php\/2022\/12\/23\/pogledajte-video-s-nocne-utrke-u-ljubuskom\/\" \/>\n<meta property=\"og:locale\" content=\"hr_HR\" \/>\n<meta property=\"og:type\" content=\"article\" \/>\n<meta property=\"og:title\" content=\"Pogledajte video s no\u0107ne utrke u Ljubu\u0161kom - RADIO LJUBU\u0160KI\" \/>\n<meta property=\"og:description\" content=\"\u201eSpektakularna no\u0107na utrka po ulicama Ljubu\u0161kog\u201c, tako bi se ukratko mogao opisati ve\u010dera\u0161nji \u201eLjubu\u0161ki Advent Night Run\u201c. Sve je vrvilo od trka\u010da, pojedini su potegnuli \u010dak i iz Sarajeva te su no\u0107ili u Ljubu\u0161kom samo radi ovog doga\u0111aja, bilo je tu trka\u010da i iz Livna, Rame, organizatori su zadovoljno trljali ruke, odaziv je bio sjajan, [&hellip;]\" \/>\n<meta property=\"og:url\" content=\"https:\/\/radioljubuski.ba\/index.php\/2022\/12\/23\/pogledajte-video-s-nocne-utrke-u-ljubuskom\/\" \/>\n<meta property=\"og:site_name\" content=\"RADIO LJUBU\u0160KI\" \/>\n<meta property=\"article:publisher\" content=\"https:\/\/www.facebook.com\/Radiio-Ljubuski-1490835324566332\" \/>\n<meta property=\"article:published_time\" content=\"2022-12-23T19:07:45+00:00\" \/>\n<meta property=\"article:modified_time\" content=\"2022-12-23T19:12:25+00:00\" \/>\n<meta property=\"og:image\" content=\"https:\/\/radioljubuski.ba\/wp-content\/uploads\/2022\/12\/night-run.jpg\" \/>\n\t<meta property=\"og:image:width\" content=\"1286\" \/>\n\t<meta property=\"og:image:height\" content=\"789\" \/>\n\t<meta property=\"og:image:type\" content=\"image\/jpeg\" \/>\n<meta name=\"author\" content=\"Radio Ljubu\u0161ki\" \/>\n<meta name=\"twitter:card\" content=\"summary_large_image\" \/>\n<meta name=\"twitter:creator\" content=\"@radioljubuski\" \/>\n<meta name=\"twitter:site\" content=\"@radioljubuski\" \/>\n<meta name=\"twitter:label1\" content=\"Napisao\/la\" \/>\n\t<meta name=\"twitter:data1\" content=\"Radio Ljubu\u0161ki\" \/>\n\t<meta name=\"twitter:label2\" content=\"Procijenjeno vrijeme \u010ditanja\" \/>\n\t<meta name=\"twitter:data2\" content=\"2 minute\" \/>\n<script type=\"application\/ld+json\" class=\"yoast-schema-graph\">{\"@context\":\"https:\\\/\\\/schema.org\",\"@graph\":[{\"@type\":\"Article\",\"@id\":\"https:\\\/\\\/radioljubuski.ba\\\/index.php\\\/2022\\\/12\\\/23\\\/pogledajte-video-s-nocne-utrke-u-ljubuskom\\\/#article\",\"isPartOf\":{\"@id\":\"https:\\\/\\\/radioljubuski.ba\\\/index.php\\\/2022\\\/12\\\/23\\\/pogledajte-video-s-nocne-utrke-u-ljubuskom\\\/\"},\"author\":{\"name\":\"Radio Ljubu\u0161ki\",\"@id\":\"https:\\\/\\\/radioljubuski.ba\\\/#\\\/schema\\\/person\\\/19fc700381a780f69665d7956c469e3b\"},\"headline\":\"Pogledajte video s no\u0107ne utrke u Ljubu\u0161kom\",\"datePublished\":\"2022-12-23T19:07:45+00:00\",\"dateModified\":\"2022-12-23T19:12:25+00:00\",\"mainEntityOfPage\":{\"@id\":\"https:\\\/\\\/radioljubuski.ba\\\/index.php\\\/2022\\\/12\\\/23\\\/pogledajte-video-s-nocne-utrke-u-ljubuskom\\\/\"},\"wordCount\":422,\"publisher\":{\"@id\":\"https:\\\/\\\/radioljubuski.ba\\\/#organization\"},\"image\":{\"@id\":\"https:\\\/\\\/radioljubuski.ba\\\/index.php\\\/2022\\\/12\\\/23\\\/pogledajte-video-s-nocne-utrke-u-ljubuskom\\\/#primaryimage\"},\"thumbnailUrl\":\"https:\\\/\\\/radioljubuski.ba\\\/wp-content\\\/uploads\\\/2022\\\/12\\\/night-run.jpg\",\"articleSection\":[\"Novosti\"],\"inLanguage\":\"hr\"},{\"@type\":\"WebPage\",\"@id\":\"https:\\\/\\\/radioljubuski.ba\\\/index.php\\\/2022\\\/12\\\/23\\\/pogledajte-video-s-nocne-utrke-u-ljubuskom\\\/\",\"url\":\"https:\\\/\\\/radioljubuski.ba\\\/index.php\\\/2022\\\/12\\\/23\\\/pogledajte-video-s-nocne-utrke-u-ljubuskom\\\/\",\"name\":\"Pogledajte video s no\u0107ne utrke u Ljubu\u0161kom - RADIO LJUBU\u0160KI\",\"isPartOf\":{\"@id\":\"https:\\\/\\\/radioljubuski.ba\\\/#website\"},\"primaryImageOfPage\":{\"@id\":\"https:\\\/\\\/radioljubuski.ba\\\/index.php\\\/2022\\\/12\\\/23\\\/pogledajte-video-s-nocne-utrke-u-ljubuskom\\\/#primaryimage\"},\"image\":{\"@id\":\"https:\\\/\\\/radioljubuski.ba\\\/index.php\\\/2022\\\/12\\\/23\\\/pogledajte-video-s-nocne-utrke-u-ljubuskom\\\/#primaryimage\"},\"thumbnailUrl\":\"https:\\\/\\\/radioljubuski.ba\\\/wp-content\\\/uploads\\\/2022\\\/12\\\/night-run.jpg\",\"datePublished\":\"2022-12-23T19:07:45+00:00\",\"dateModified\":\"2022-12-23T19:12:25+00:00\",\"breadcrumb\":{\"@id\":\"https:\\\/\\\/radioljubuski.ba\\\/index.php\\\/2022\\\/12\\\/23\\\/pogledajte-video-s-nocne-utrke-u-ljubuskom\\\/#breadcrumb\"},\"inLanguage\":\"hr\",\"potentialAction\":[{\"@type\":\"ReadAction\",\"target\":[\"https:\\\/\\\/radioljubuski.ba\\\/index.php\\\/2022\\\/12\\\/23\\\/pogledajte-video-s-nocne-utrke-u-ljubuskom\\\/\"]}]},{\"@type\":\"ImageObject\",\"inLanguage\":\"hr\",\"@id\":\"https:\\\/\\\/radioljubuski.ba\\\/index.php\\\/2022\\\/12\\\/23\\\/pogledajte-video-s-nocne-utrke-u-ljubuskom\\\/#primaryimage\",\"url\":\"https:\\\/\\\/radioljubuski.ba\\\/wp-content\\\/uploads\\\/2022\\\/12\\\/night-run.jpg\",\"contentUrl\":\"https:\\\/\\\/radioljubuski.ba\\\/wp-content\\\/uploads\\\/2022\\\/12\\\/night-run.jpg\",\"width\":1286,\"height\":789},{\"@type\":\"BreadcrumbList\",\"@id\":\"https:\\\/\\\/radioljubuski.ba\\\/index.php\\\/2022\\\/12\\\/23\\\/pogledajte-video-s-nocne-utrke-u-ljubuskom\\\/#breadcrumb\",\"itemListElement\":[{\"@type\":\"ListItem\",\"position\":1,\"name\":\"Po\u010detna stranica\",\"item\":\"https:\\\/\\\/radioljubuski.ba\\\/\"},{\"@type\":\"ListItem\",\"position\":2,\"name\":\"Pogledajte video s no\u0107ne utrke u Ljubu\u0161kom\"}]},{\"@type\":\"WebSite\",\"@id\":\"https:\\\/\\\/radioljubuski.ba\\\/#website\",\"url\":\"https:\\\/\\\/radioljubuski.ba\\\/\",\"name\":\"Radio Ljubu\u0161ki\",\"description\":\"Sun\u010dana frekvencija Hercegovine\",\"publisher\":{\"@id\":\"https:\\\/\\\/radioljubuski.ba\\\/#organization\"},\"potentialAction\":[{\"@type\":\"SearchAction\",\"target\":{\"@type\":\"EntryPoint\",\"urlTemplate\":\"https:\\\/\\\/radioljubuski.ba\\\/?s={search_term_string}\"},\"query-input\":{\"@type\":\"PropertyValueSpecification\",\"valueRequired\":true,\"valueName\":\"search_term_string\"}}],\"inLanguage\":\"hr\"},{\"@type\":\"Organization\",\"@id\":\"https:\\\/\\\/radioljubuski.ba\\\/#organization\",\"name\":\"Radio Ljubu\u0161ki\",\"url\":\"https:\\\/\\\/radioljubuski.ba\\\/\",\"logo\":{\"@type\":\"ImageObject\",\"inLanguage\":\"hr\",\"@id\":\"https:\\\/\\\/radioljubuski.ba\\\/#\\\/schema\\\/logo\\\/image\\\/\",\"url\":\"https:\\\/\\\/radioljubuski.ba\\\/wp-content\\\/uploads\\\/2021\\\/02\\\/cropped-Radio_Ljubuski_logo1.jpg\",\"contentUrl\":\"https:\\\/\\\/radioljubuski.ba\\\/wp-content\\\/uploads\\\/2021\\\/02\\\/cropped-Radio_Ljubuski_logo1.jpg\",\"width\":512,\"height\":512,\"caption\":\"Radio Ljubu\u0161ki\"},\"image\":{\"@id\":\"https:\\\/\\\/radioljubuski.ba\\\/#\\\/schema\\\/logo\\\/image\\\/\"},\"sameAs\":[\"https:\\\/\\\/www.facebook.com\\\/Radiio-Ljubuski-1490835324566332\",\"https:\\\/\\\/x.com\\\/radioljubuski\",\"https:\\\/\\\/hr.linkedin.com\\\/company\\\/radio-ljubuski\",\"https:\\\/\\\/www.youtube.com\\\/channel\\\/UCHYaeO_n0Db3tjNGudGpXyw\"]},{\"@type\":\"Person\",\"@id\":\"https:\\\/\\\/radioljubuski.ba\\\/#\\\/schema\\\/person\\\/19fc700381a780f69665d7956c469e3b\",\"name\":\"Radio Ljubu\u0161ki\"}]}<\/script>\n<!-- \/ Yoast SEO plugin. -->","yoast_head_json":{"title":"Pogledajte video s no\u0107ne utrke u Ljubu\u0161kom - RADIO LJUBU\u0160KI","robots":{"index":"index","follow":"follow","max-snippet":"max-snippet:-1","max-image-preview":"max-image-preview:large","max-video-preview":"max-video-preview:-1"},"canonical":"https:\/\/radioljubuski.ba\/index.php\/2022\/12\/23\/pogledajte-video-s-nocne-utrke-u-ljubuskom\/","og_locale":"hr_HR","og_type":"article","og_title":"Pogledajte video s no\u0107ne utrke u Ljubu\u0161kom - RADIO LJUBU\u0160KI","og_description":"\u201eSpektakularna no\u0107na utrka po ulicama Ljubu\u0161kog\u201c, tako bi se ukratko mogao opisati ve\u010dera\u0161nji \u201eLjubu\u0161ki Advent Night Run\u201c. Sve je vrvilo od trka\u010da, pojedini su potegnuli \u010dak i iz Sarajeva te su no\u0107ili u Ljubu\u0161kom samo radi ovog doga\u0111aja, bilo je tu trka\u010da i iz Livna, Rame, organizatori su zadovoljno trljali ruke, odaziv je bio sjajan, [&hellip;]","og_url":"https:\/\/radioljubuski.ba\/index.php\/2022\/12\/23\/pogledajte-video-s-nocne-utrke-u-ljubuskom\/","og_site_name":"RADIO LJUBU\u0160KI","article_publisher":"https:\/\/www.facebook.com\/Radiio-Ljubuski-1490835324566332","article_published_time":"2022-12-23T19:07:45+00:00","article_modified_time":"2022-12-23T19:12:25+00:00","og_image":[{"width":1286,"height":789,"url":"https:\/\/radioljubuski.ba\/wp-content\/uploads\/2022\/12\/night-run.jpg","type":"image\/jpeg"}],"author":"Radio Ljubu\u0161ki","twitter_card":"summary_large_image","twitter_creator":"@radioljubuski","twitter_site":"@radioljubuski","twitter_misc":{"Napisao\/la":"Radio Ljubu\u0161ki","Procijenjeno vrijeme \u010ditanja":"2 minute"},"schema":{"@context":"https:\/\/schema.org","@graph":[{"@type":"Article","@id":"https:\/\/radioljubuski.ba\/index.php\/2022\/12\/23\/pogledajte-video-s-nocne-utrke-u-ljubuskom\/#article","isPartOf":{"@id":"https:\/\/radioljubuski.ba\/index.php\/2022\/12\/23\/pogledajte-video-s-nocne-utrke-u-ljubuskom\/"},"author":{"name":"Radio Ljubu\u0161ki","@id":"https:\/\/radioljubuski.ba\/#\/schema\/person\/19fc700381a780f69665d7956c469e3b"},"headline":"Pogledajte video s no\u0107ne utrke u Ljubu\u0161kom","datePublished":"2022-12-23T19:07:45+00:00","dateModified":"2022-12-23T19:12:25+00:00","mainEntityOfPage":{"@id":"https:\/\/radioljubuski.ba\/index.php\/2022\/12\/23\/pogledajte-video-s-nocne-utrke-u-ljubuskom\/"},"wordCount":422,"publisher":{"@id":"https:\/\/radioljubuski.ba\/#organization"},"image":{"@id":"https:\/\/radioljubuski.ba\/index.php\/2022\/12\/23\/pogledajte-video-s-nocne-utrke-u-ljubuskom\/#primaryimage"},"thumbnailUrl":"https:\/\/radioljubuski.ba\/wp-content\/uploads\/2022\/12\/night-run.jpg","articleSection":["Novosti"],"inLanguage":"hr"},{"@type":"WebPage","@id":"https:\/\/radioljubuski.ba\/index.php\/2022\/12\/23\/pogledajte-video-s-nocne-utrke-u-ljubuskom\/","url":"https:\/\/radioljubuski.ba\/index.php\/2022\/12\/23\/pogledajte-video-s-nocne-utrke-u-ljubuskom\/","name":"Pogledajte video s no\u0107ne utrke u Ljubu\u0161kom - RADIO LJUBU\u0160KI","isPartOf":{"@id":"https:\/\/radioljubuski.ba\/#website"},"primaryImageOfPage":{"@id":"https:\/\/radioljubuski.ba\/index.php\/2022\/12\/23\/pogledajte-video-s-nocne-utrke-u-ljubuskom\/#primaryimage"},"image":{"@id":"https:\/\/radioljubuski.ba\/index.php\/2022\/12\/23\/pogledajte-video-s-nocne-utrke-u-ljubuskom\/#primaryimage"},"thumbnailUrl":"https:\/\/radioljubuski.ba\/wp-content\/uploads\/2022\/12\/night-run.jpg","datePublished":"2022-12-23T19:07:45+00:00","dateModified":"2022-12-23T19:12:25+00:00","breadcrumb":{"@id":"https:\/\/radioljubuski.ba\/index.php\/2022\/12\/23\/pogledajte-video-s-nocne-utrke-u-ljubuskom\/#breadcrumb"},"inLanguage":"hr","potentialAction":[{"@type":"ReadAction","target":["https:\/\/radioljubuski.ba\/index.php\/2022\/12\/23\/pogledajte-video-s-nocne-utrke-u-ljubuskom\/"]}]},{"@type":"ImageObject","inLanguage":"hr","@id":"https:\/\/radioljubuski.ba\/index.php\/2022\/12\/23\/pogledajte-video-s-nocne-utrke-u-ljubuskom\/#primaryimage","url":"https:\/\/radioljubuski.ba\/wp-content\/uploads\/2022\/12\/night-run.jpg","contentUrl":"https:\/\/radioljubuski.ba\/wp-content\/uploads\/2022\/12\/night-run.jpg","width":1286,"height":789},{"@type":"BreadcrumbList","@id":"https:\/\/radioljubuski.ba\/index.php\/2022\/12\/23\/pogledajte-video-s-nocne-utrke-u-ljubuskom\/#breadcrumb","itemListElement":[{"@type":"ListItem","position":1,"name":"Po\u010detna stranica","item":"https:\/\/radioljubuski.ba\/"},{"@type":"ListItem","position":2,"name":"Pogledajte video s no\u0107ne utrke u Ljubu\u0161kom"}]},{"@type":"WebSite","@id":"https:\/\/radioljubuski.ba\/#website","url":"https:\/\/radioljubuski.ba\/","name":"Radio Ljubu\u0161ki","description":"Sun\u010dana frekvencija Hercegovine","publisher":{"@id":"https:\/\/radioljubuski.ba\/#organization"},"potentialAction":[{"@type":"SearchAction","target":{"@type":"EntryPoint","urlTemplate":"https:\/\/radioljubuski.ba\/?s={search_term_string}"},"query-input":{"@type":"PropertyValueSpecification","valueRequired":true,"valueName":"search_term_string"}}],"inLanguage":"hr"},{"@type":"Organization","@id":"https:\/\/radioljubuski.ba\/#organization","name":"Radio Ljubu\u0161ki","url":"https:\/\/radioljubuski.ba\/","logo":{"@type":"ImageObject","inLanguage":"hr","@id":"https:\/\/radioljubuski.ba\/#\/schema\/logo\/image\/","url":"https:\/\/radioljubuski.ba\/wp-content\/uploads\/2021\/02\/cropped-Radio_Ljubuski_logo1.jpg","contentUrl":"https:\/\/radioljubuski.ba\/wp-content\/uploads\/2021\/02\/cropped-Radio_Ljubuski_logo1.jpg","width":512,"height":512,"caption":"Radio Ljubu\u0161ki"},"image":{"@id":"https:\/\/radioljubuski.ba\/#\/schema\/logo\/image\/"},"sameAs":["https:\/\/www.facebook.com\/Radiio-Ljubuski-1490835324566332","https:\/\/x.com\/radioljubuski","https:\/\/hr.linkedin.com\/company\/radio-ljubuski","https:\/\/www.youtube.com\/channel\/UCHYaeO_n0Db3tjNGudGpXyw"]},{"@type":"Person","@id":"https:\/\/radioljubuski.ba\/#\/schema\/person\/19fc700381a780f69665d7956c469e3b","name":"Radio Ljubu\u0161ki"}]}},"_links":{"self":[{"href":"https:\/\/radioljubuski.ba\/index.php\/wp-json\/wp\/v2\/posts\/187053","targetHints":{"allow":["GET"]}}],"collection":[{"href":"https:\/\/radioljubuski.ba\/index.php\/wp-json\/wp\/v2\/posts"}],"about":[{"href":"https:\/\/radioljubuski.ba\/index.php\/wp-json\/wp\/v2\/types\/post"}],"author":[{"embeddable":true,"href":"https:\/\/radioljubuski.ba\/index.php\/wp-json\/wp\/v2\/users\/2"}],"replies":[{"embeddable":true,"href":"https:\/\/radioljubuski.ba\/index.php\/wp-json\/wp\/v2\/comments?post=187053"}],"version-history":[{"count":3,"href":"https:\/\/radioljubuski.ba\/index.php\/wp-json\/wp\/v2\/posts\/187053\/revisions"}],"predecessor-version":[{"id":187057,"href":"https:\/\/radioljubuski.ba\/index.php\/wp-json\/wp\/v2\/posts\/187053\/revisions\/187057"}],"wp:featuredmedia":[{"embeddable":true,"href":"https:\/\/radioljubuski.ba\/index.php\/wp-json\/wp\/v2\/media\/187054"}],"wp:attachment":[{"href":"https:\/\/radioljubuski.ba\/index.php\/wp-json\/wp\/v2\/media?parent=187053"}],"wp:term":[{"taxonomy":"category","embeddable":true,"href":"https:\/\/radioljubuski.ba\/index.php\/wp-json\/wp\/v2\/categories?post=187053"},{"taxonomy":"post_tag","embeddable":true,"href":"https:\/\/radioljubuski.ba\/index.php\/wp-json\/wp\/v2\/tags?post=187053"}],"curies":[{"name":"wp","href":"https:\/\/api.w.org\/{rel}","templated":true}]}}