{"id":187251,"date":"2023-01-03T10:19:35","date_gmt":"2023-01-03T09:19:35","guid":{"rendered":"https:\/\/radioljubuski.ba\/?p=187251"},"modified":"2023-01-03T10:25:40","modified_gmt":"2023-01-03T09:25:40","slug":"ljubuski-se-oprasta-od-massima","status":"publish","type":"post","link":"https:\/\/radioljubuski.ba\/index.php\/2023\/01\/03\/ljubuski-se-oprasta-od-massima\/","title":{"rendered":"Ljubu\u0161ki se opra\u0161ta od Massima!"},"content":{"rendered":"\n<p>Jeste li znali za povezanost Massima i Ljubu\u0161kog, za vezu koju smo godinama imali s ovim glazbenikom.!? O toj vezi \u0107emo vam sada ispri\u010dati.<br>Prije dva tjedna zatekla nas je tu\u017ena vijest o njegovoj smrti, vijest koja nas je pogodila zbog posebne veze koju smo imali.<br>Massimo je bio godinama vezan uz Ljubu\u0161ki, kroz na\u0161 radio, sve na\u0161e slu\u0161atelje i na\u0161u ku\u0107u, na jedan mo\u017eemo re\u0107i poseban na\u010din, naime Massimo je bio dio na\u0161eg identiteta, onog glasovnog dijela koji se o\u010dituje kroz identifikaciju radija. Massimo je bio glas koji je predstavljao na\u0161 radio, Radio Ljubu\u0161ki.<br>Bilo nam je drago zbog toga, uspio je prenijeti ono \u0161to smo htjeli, posebnost u njegovom glasu, na\u010dinu na koji je prenosio poruku, \u010dinila je i nas posebnima, ba\u0161 poput njega.<br>Na\u0161a zajedni\u010dka suradnja i prijateljstvo s Massimom rezultirala je jinglovima koje je Massimo snimio za nas, jinglovima koje smo emitirali svakodnevno.<br>S ponosom mo\u017eemo re\u0107i kako se Ljubu\u0161ki budio uz Massima koji bi nam po\u017eelio dobro jutro, pratio nas svojim osebujnim glasom cijeli dan, po\u017eelio nam laku no\u0107.<br>Sada ga pozdravljamo mi\u2026laku no\u0107 Massimo!<\/p>\n\n\n\n<p>Poslu\u0161ajte neke od jinglova koje je Massimo snimio za Radio Ljubu\u0161ki.<\/p>\n\n\n\n<p>Dobro jutro<br>Opipajte svoje bilo<br>Dobar dan<br>Ve\u010deras<\/p>\n\n\n\n<figure class=\"wp-block-embed is-type-video is-provider-youtube wp-block-embed-youtube wp-embed-aspect-16-9 wp-has-aspect-ratio\"><div class=\"wp-block-embed__wrapper\">\n<iframe loading=\"lazy\" title=\"Radio Ljubu\u0161ki: Massimo jinglovi\" width=\"640\" height=\"360\" src=\"https:\/\/www.youtube.com\/embed\/yiws7lzym80?start=4&#038;feature=oembed\" frameborder=\"0\" allow=\"accelerometer; autoplay; clipboard-write; encrypted-media; gyroscope; picture-in-picture; web-share\" referrerpolicy=\"strict-origin-when-cross-origin\" allowfullscreen><\/iframe>\n<\/div><\/figure>\n\n\n\n<p>Radio Ljubu\u0161ki<\/p>\n","protected":false},"excerpt":{"rendered":"<p>Jeste li znali za povezanost Massima i Ljubu\u0161kog, za vezu koju smo godinama imali s ovim glazbenikom.!? O toj vezi \u0107emo vam sada ispri\u010dati.Prije dva tjedna zatekla nas je tu\u017ena vijest o njegovoj smrti, vijest koja nas je pogodila zbog posebne veze koju smo imali.Massimo je bio godinama vezan uz Ljubu\u0161ki, kroz na\u0161 radio, sve [&hellip;]<\/p>\n","protected":false},"author":2,"featured_media":187252,"comment_status":"closed","ping_status":"closed","sticky":false,"template":"","format":"standard","meta":{"h5ap_radio_sources":[],"footnotes":""},"categories":[28,32],"tags":[],"class_list":["post-187251","post","type-post","status-publish","format-standard","has-post-thumbnail","hentry","category-novosti","category-poslusajte"],"yoast_head":"<!-- This site is optimized with the Yoast SEO plugin v27.5 - https:\/\/yoast.com\/product\/yoast-seo-wordpress\/ -->\n<title>Ljubu\u0161ki se opra\u0161ta od Massima! - RADIO LJUBU\u0160KI<\/title>\n<meta name=\"robots\" content=\"index, follow, max-snippet:-1, max-image-preview:large, max-video-preview:-1\" \/>\n<link rel=\"canonical\" href=\"https:\/\/radioljubuski.ba\/index.php\/2023\/01\/03\/ljubuski-se-oprasta-od-massima\/\" \/>\n<meta property=\"og:locale\" content=\"hr_HR\" \/>\n<meta property=\"og:type\" content=\"article\" \/>\n<meta property=\"og:title\" content=\"Ljubu\u0161ki se opra\u0161ta od Massima! - RADIO LJUBU\u0160KI\" \/>\n<meta property=\"og:description\" content=\"Jeste li znali za povezanost Massima i Ljubu\u0161kog, za vezu koju smo godinama imali s ovim glazbenikom.!? O toj vezi \u0107emo vam sada ispri\u010dati.Prije dva tjedna zatekla nas je tu\u017ena vijest o njegovoj smrti, vijest koja nas je pogodila zbog posebne veze koju smo imali.Massimo je bio godinama vezan uz Ljubu\u0161ki, kroz na\u0161 radio, sve [&hellip;]\" \/>\n<meta property=\"og:url\" content=\"https:\/\/radioljubuski.ba\/index.php\/2023\/01\/03\/ljubuski-se-oprasta-od-massima\/\" \/>\n<meta property=\"og:site_name\" content=\"RADIO LJUBU\u0160KI\" \/>\n<meta property=\"article:publisher\" content=\"https:\/\/www.facebook.com\/Radiio-Ljubuski-1490835324566332\" \/>\n<meta property=\"article:published_time\" content=\"2023-01-03T09:19:35+00:00\" \/>\n<meta property=\"article:modified_time\" content=\"2023-01-03T09:25:40+00:00\" \/>\n<meta property=\"og:image\" content=\"https:\/\/radioljubuski.ba\/wp-content\/uploads\/2023\/01\/massimo1.jpg\" \/>\n\t<meta property=\"og:image:width\" content=\"1440\" \/>\n\t<meta property=\"og:image:height\" content=\"1440\" \/>\n\t<meta property=\"og:image:type\" content=\"image\/jpeg\" \/>\n<meta name=\"author\" content=\"Radio Ljubu\u0161ki\" \/>\n<meta name=\"twitter:card\" content=\"summary_large_image\" \/>\n<meta name=\"twitter:creator\" content=\"@radioljubuski\" \/>\n<meta name=\"twitter:site\" content=\"@radioljubuski\" \/>\n<meta name=\"twitter:label1\" content=\"Napisao\/la\" \/>\n\t<meta name=\"twitter:data1\" content=\"Radio Ljubu\u0161ki\" \/>\n\t<meta name=\"twitter:label2\" content=\"Procijenjeno vrijeme \u010ditanja\" \/>\n\t<meta name=\"twitter:data2\" content=\"2 minute\" \/>\n<script type=\"application\/ld+json\" class=\"yoast-schema-graph\">{\"@context\":\"https:\\\/\\\/schema.org\",\"@graph\":[{\"@type\":\"Article\",\"@id\":\"https:\\\/\\\/radioljubuski.ba\\\/index.php\\\/2023\\\/01\\\/03\\\/ljubuski-se-oprasta-od-massima\\\/#article\",\"isPartOf\":{\"@id\":\"https:\\\/\\\/radioljubuski.ba\\\/index.php\\\/2023\\\/01\\\/03\\\/ljubuski-se-oprasta-od-massima\\\/\"},\"author\":{\"name\":\"Radio Ljubu\u0161ki\",\"@id\":\"https:\\\/\\\/radioljubuski.ba\\\/#\\\/schema\\\/person\\\/19fc700381a780f69665d7956c469e3b\"},\"headline\":\"Ljubu\u0161ki se opra\u0161ta od Massima!\",\"datePublished\":\"2023-01-03T09:19:35+00:00\",\"dateModified\":\"2023-01-03T09:25:40+00:00\",\"mainEntityOfPage\":{\"@id\":\"https:\\\/\\\/radioljubuski.ba\\\/index.php\\\/2023\\\/01\\\/03\\\/ljubuski-se-oprasta-od-massima\\\/\"},\"wordCount\":243,\"publisher\":{\"@id\":\"https:\\\/\\\/radioljubuski.ba\\\/#organization\"},\"image\":{\"@id\":\"https:\\\/\\\/radioljubuski.ba\\\/index.php\\\/2023\\\/01\\\/03\\\/ljubuski-se-oprasta-od-massima\\\/#primaryimage\"},\"thumbnailUrl\":\"https:\\\/\\\/radioljubuski.ba\\\/wp-content\\\/uploads\\\/2023\\\/01\\\/massimo1.jpg\",\"articleSection\":[\"Novosti\",\"Poslu\u0161ajte\"],\"inLanguage\":\"hr\"},{\"@type\":\"WebPage\",\"@id\":\"https:\\\/\\\/radioljubuski.ba\\\/index.php\\\/2023\\\/01\\\/03\\\/ljubuski-se-oprasta-od-massima\\\/\",\"url\":\"https:\\\/\\\/radioljubuski.ba\\\/index.php\\\/2023\\\/01\\\/03\\\/ljubuski-se-oprasta-od-massima\\\/\",\"name\":\"Ljubu\u0161ki se opra\u0161ta od Massima! - RADIO LJUBU\u0160KI\",\"isPartOf\":{\"@id\":\"https:\\\/\\\/radioljubuski.ba\\\/#website\"},\"primaryImageOfPage\":{\"@id\":\"https:\\\/\\\/radioljubuski.ba\\\/index.php\\\/2023\\\/01\\\/03\\\/ljubuski-se-oprasta-od-massima\\\/#primaryimage\"},\"image\":{\"@id\":\"https:\\\/\\\/radioljubuski.ba\\\/index.php\\\/2023\\\/01\\\/03\\\/ljubuski-se-oprasta-od-massima\\\/#primaryimage\"},\"thumbnailUrl\":\"https:\\\/\\\/radioljubuski.ba\\\/wp-content\\\/uploads\\\/2023\\\/01\\\/massimo1.jpg\",\"datePublished\":\"2023-01-03T09:19:35+00:00\",\"dateModified\":\"2023-01-03T09:25:40+00:00\",\"breadcrumb\":{\"@id\":\"https:\\\/\\\/radioljubuski.ba\\\/index.php\\\/2023\\\/01\\\/03\\\/ljubuski-se-oprasta-od-massima\\\/#breadcrumb\"},\"inLanguage\":\"hr\",\"potentialAction\":[{\"@type\":\"ReadAction\",\"target\":[\"https:\\\/\\\/radioljubuski.ba\\\/index.php\\\/2023\\\/01\\\/03\\\/ljubuski-se-oprasta-od-massima\\\/\"]}]},{\"@type\":\"ImageObject\",\"inLanguage\":\"hr\",\"@id\":\"https:\\\/\\\/radioljubuski.ba\\\/index.php\\\/2023\\\/01\\\/03\\\/ljubuski-se-oprasta-od-massima\\\/#primaryimage\",\"url\":\"https:\\\/\\\/radioljubuski.ba\\\/wp-content\\\/uploads\\\/2023\\\/01\\\/massimo1.jpg\",\"contentUrl\":\"https:\\\/\\\/radioljubuski.ba\\\/wp-content\\\/uploads\\\/2023\\\/01\\\/massimo1.jpg\",\"width\":1440,\"height\":1440},{\"@type\":\"BreadcrumbList\",\"@id\":\"https:\\\/\\\/radioljubuski.ba\\\/index.php\\\/2023\\\/01\\\/03\\\/ljubuski-se-oprasta-od-massima\\\/#breadcrumb\",\"itemListElement\":[{\"@type\":\"ListItem\",\"position\":1,\"name\":\"Po\u010detna stranica\",\"item\":\"https:\\\/\\\/radioljubuski.ba\\\/\"},{\"@type\":\"ListItem\",\"position\":2,\"name\":\"Ljubu\u0161ki se opra\u0161ta od Massima!\"}]},{\"@type\":\"WebSite\",\"@id\":\"https:\\\/\\\/radioljubuski.ba\\\/#website\",\"url\":\"https:\\\/\\\/radioljubuski.ba\\\/\",\"name\":\"Radio Ljubu\u0161ki\",\"description\":\"Sun\u010dana frekvencija Hercegovine\",\"publisher\":{\"@id\":\"https:\\\/\\\/radioljubuski.ba\\\/#organization\"},\"potentialAction\":[{\"@type\":\"SearchAction\",\"target\":{\"@type\":\"EntryPoint\",\"urlTemplate\":\"https:\\\/\\\/radioljubuski.ba\\\/?s={search_term_string}\"},\"query-input\":{\"@type\":\"PropertyValueSpecification\",\"valueRequired\":true,\"valueName\":\"search_term_string\"}}],\"inLanguage\":\"hr\"},{\"@type\":\"Organization\",\"@id\":\"https:\\\/\\\/radioljubuski.ba\\\/#organization\",\"name\":\"Radio Ljubu\u0161ki\",\"url\":\"https:\\\/\\\/radioljubuski.ba\\\/\",\"logo\":{\"@type\":\"ImageObject\",\"inLanguage\":\"hr\",\"@id\":\"https:\\\/\\\/radioljubuski.ba\\\/#\\\/schema\\\/logo\\\/image\\\/\",\"url\":\"https:\\\/\\\/radioljubuski.ba\\\/wp-content\\\/uploads\\\/2021\\\/02\\\/cropped-Radio_Ljubuski_logo1.jpg\",\"contentUrl\":\"https:\\\/\\\/radioljubuski.ba\\\/wp-content\\\/uploads\\\/2021\\\/02\\\/cropped-Radio_Ljubuski_logo1.jpg\",\"width\":512,\"height\":512,\"caption\":\"Radio Ljubu\u0161ki\"},\"image\":{\"@id\":\"https:\\\/\\\/radioljubuski.ba\\\/#\\\/schema\\\/logo\\\/image\\\/\"},\"sameAs\":[\"https:\\\/\\\/www.facebook.com\\\/Radiio-Ljubuski-1490835324566332\",\"https:\\\/\\\/x.com\\\/radioljubuski\",\"https:\\\/\\\/hr.linkedin.com\\\/company\\\/radio-ljubuski\",\"https:\\\/\\\/www.youtube.com\\\/channel\\\/UCHYaeO_n0Db3tjNGudGpXyw\"]},{\"@type\":\"Person\",\"@id\":\"https:\\\/\\\/radioljubuski.ba\\\/#\\\/schema\\\/person\\\/19fc700381a780f69665d7956c469e3b\",\"name\":\"Radio Ljubu\u0161ki\"}]}<\/script>\n<!-- \/ Yoast SEO plugin. -->","yoast_head_json":{"title":"Ljubu\u0161ki se opra\u0161ta od Massima! - RADIO LJUBU\u0160KI","robots":{"index":"index","follow":"follow","max-snippet":"max-snippet:-1","max-image-preview":"max-image-preview:large","max-video-preview":"max-video-preview:-1"},"canonical":"https:\/\/radioljubuski.ba\/index.php\/2023\/01\/03\/ljubuski-se-oprasta-od-massima\/","og_locale":"hr_HR","og_type":"article","og_title":"Ljubu\u0161ki se opra\u0161ta od Massima! - RADIO LJUBU\u0160KI","og_description":"Jeste li znali za povezanost Massima i Ljubu\u0161kog, za vezu koju smo godinama imali s ovim glazbenikom.!? O toj vezi \u0107emo vam sada ispri\u010dati.Prije dva tjedna zatekla nas je tu\u017ena vijest o njegovoj smrti, vijest koja nas je pogodila zbog posebne veze koju smo imali.Massimo je bio godinama vezan uz Ljubu\u0161ki, kroz na\u0161 radio, sve [&hellip;]","og_url":"https:\/\/radioljubuski.ba\/index.php\/2023\/01\/03\/ljubuski-se-oprasta-od-massima\/","og_site_name":"RADIO LJUBU\u0160KI","article_publisher":"https:\/\/www.facebook.com\/Radiio-Ljubuski-1490835324566332","article_published_time":"2023-01-03T09:19:35+00:00","article_modified_time":"2023-01-03T09:25:40+00:00","og_image":[{"width":1440,"height":1440,"url":"https:\/\/radioljubuski.ba\/wp-content\/uploads\/2023\/01\/massimo1.jpg","type":"image\/jpeg"}],"author":"Radio Ljubu\u0161ki","twitter_card":"summary_large_image","twitter_creator":"@radioljubuski","twitter_site":"@radioljubuski","twitter_misc":{"Napisao\/la":"Radio Ljubu\u0161ki","Procijenjeno vrijeme \u010ditanja":"2 minute"},"schema":{"@context":"https:\/\/schema.org","@graph":[{"@type":"Article","@id":"https:\/\/radioljubuski.ba\/index.php\/2023\/01\/03\/ljubuski-se-oprasta-od-massima\/#article","isPartOf":{"@id":"https:\/\/radioljubuski.ba\/index.php\/2023\/01\/03\/ljubuski-se-oprasta-od-massima\/"},"author":{"name":"Radio Ljubu\u0161ki","@id":"https:\/\/radioljubuski.ba\/#\/schema\/person\/19fc700381a780f69665d7956c469e3b"},"headline":"Ljubu\u0161ki se opra\u0161ta od Massima!","datePublished":"2023-01-03T09:19:35+00:00","dateModified":"2023-01-03T09:25:40+00:00","mainEntityOfPage":{"@id":"https:\/\/radioljubuski.ba\/index.php\/2023\/01\/03\/ljubuski-se-oprasta-od-massima\/"},"wordCount":243,"publisher":{"@id":"https:\/\/radioljubuski.ba\/#organization"},"image":{"@id":"https:\/\/radioljubuski.ba\/index.php\/2023\/01\/03\/ljubuski-se-oprasta-od-massima\/#primaryimage"},"thumbnailUrl":"https:\/\/radioljubuski.ba\/wp-content\/uploads\/2023\/01\/massimo1.jpg","articleSection":["Novosti","Poslu\u0161ajte"],"inLanguage":"hr"},{"@type":"WebPage","@id":"https:\/\/radioljubuski.ba\/index.php\/2023\/01\/03\/ljubuski-se-oprasta-od-massima\/","url":"https:\/\/radioljubuski.ba\/index.php\/2023\/01\/03\/ljubuski-se-oprasta-od-massima\/","name":"Ljubu\u0161ki se opra\u0161ta od Massima! - RADIO LJUBU\u0160KI","isPartOf":{"@id":"https:\/\/radioljubuski.ba\/#website"},"primaryImageOfPage":{"@id":"https:\/\/radioljubuski.ba\/index.php\/2023\/01\/03\/ljubuski-se-oprasta-od-massima\/#primaryimage"},"image":{"@id":"https:\/\/radioljubuski.ba\/index.php\/2023\/01\/03\/ljubuski-se-oprasta-od-massima\/#primaryimage"},"thumbnailUrl":"https:\/\/radioljubuski.ba\/wp-content\/uploads\/2023\/01\/massimo1.jpg","datePublished":"2023-01-03T09:19:35+00:00","dateModified":"2023-01-03T09:25:40+00:00","breadcrumb":{"@id":"https:\/\/radioljubuski.ba\/index.php\/2023\/01\/03\/ljubuski-se-oprasta-od-massima\/#breadcrumb"},"inLanguage":"hr","potentialAction":[{"@type":"ReadAction","target":["https:\/\/radioljubuski.ba\/index.php\/2023\/01\/03\/ljubuski-se-oprasta-od-massima\/"]}]},{"@type":"ImageObject","inLanguage":"hr","@id":"https:\/\/radioljubuski.ba\/index.php\/2023\/01\/03\/ljubuski-se-oprasta-od-massima\/#primaryimage","url":"https:\/\/radioljubuski.ba\/wp-content\/uploads\/2023\/01\/massimo1.jpg","contentUrl":"https:\/\/radioljubuski.ba\/wp-content\/uploads\/2023\/01\/massimo1.jpg","width":1440,"height":1440},{"@type":"BreadcrumbList","@id":"https:\/\/radioljubuski.ba\/index.php\/2023\/01\/03\/ljubuski-se-oprasta-od-massima\/#breadcrumb","itemListElement":[{"@type":"ListItem","position":1,"name":"Po\u010detna stranica","item":"https:\/\/radioljubuski.ba\/"},{"@type":"ListItem","position":2,"name":"Ljubu\u0161ki se opra\u0161ta od Massima!"}]},{"@type":"WebSite","@id":"https:\/\/radioljubuski.ba\/#website","url":"https:\/\/radioljubuski.ba\/","name":"Radio Ljubu\u0161ki","description":"Sun\u010dana frekvencija Hercegovine","publisher":{"@id":"https:\/\/radioljubuski.ba\/#organization"},"potentialAction":[{"@type":"SearchAction","target":{"@type":"EntryPoint","urlTemplate":"https:\/\/radioljubuski.ba\/?s={search_term_string}"},"query-input":{"@type":"PropertyValueSpecification","valueRequired":true,"valueName":"search_term_string"}}],"inLanguage":"hr"},{"@type":"Organization","@id":"https:\/\/radioljubuski.ba\/#organization","name":"Radio Ljubu\u0161ki","url":"https:\/\/radioljubuski.ba\/","logo":{"@type":"ImageObject","inLanguage":"hr","@id":"https:\/\/radioljubuski.ba\/#\/schema\/logo\/image\/","url":"https:\/\/radioljubuski.ba\/wp-content\/uploads\/2021\/02\/cropped-Radio_Ljubuski_logo1.jpg","contentUrl":"https:\/\/radioljubuski.ba\/wp-content\/uploads\/2021\/02\/cropped-Radio_Ljubuski_logo1.jpg","width":512,"height":512,"caption":"Radio Ljubu\u0161ki"},"image":{"@id":"https:\/\/radioljubuski.ba\/#\/schema\/logo\/image\/"},"sameAs":["https:\/\/www.facebook.com\/Radiio-Ljubuski-1490835324566332","https:\/\/x.com\/radioljubuski","https:\/\/hr.linkedin.com\/company\/radio-ljubuski","https:\/\/www.youtube.com\/channel\/UCHYaeO_n0Db3tjNGudGpXyw"]},{"@type":"Person","@id":"https:\/\/radioljubuski.ba\/#\/schema\/person\/19fc700381a780f69665d7956c469e3b","name":"Radio Ljubu\u0161ki"}]}},"_links":{"self":[{"href":"https:\/\/radioljubuski.ba\/index.php\/wp-json\/wp\/v2\/posts\/187251","targetHints":{"allow":["GET"]}}],"collection":[{"href":"https:\/\/radioljubuski.ba\/index.php\/wp-json\/wp\/v2\/posts"}],"about":[{"href":"https:\/\/radioljubuski.ba\/index.php\/wp-json\/wp\/v2\/types\/post"}],"author":[{"embeddable":true,"href":"https:\/\/radioljubuski.ba\/index.php\/wp-json\/wp\/v2\/users\/2"}],"replies":[{"embeddable":true,"href":"https:\/\/radioljubuski.ba\/index.php\/wp-json\/wp\/v2\/comments?post=187251"}],"version-history":[{"count":2,"href":"https:\/\/radioljubuski.ba\/index.php\/wp-json\/wp\/v2\/posts\/187251\/revisions"}],"predecessor-version":[{"id":187255,"href":"https:\/\/radioljubuski.ba\/index.php\/wp-json\/wp\/v2\/posts\/187251\/revisions\/187255"}],"wp:featuredmedia":[{"embeddable":true,"href":"https:\/\/radioljubuski.ba\/index.php\/wp-json\/wp\/v2\/media\/187252"}],"wp:attachment":[{"href":"https:\/\/radioljubuski.ba\/index.php\/wp-json\/wp\/v2\/media?parent=187251"}],"wp:term":[{"taxonomy":"category","embeddable":true,"href":"https:\/\/radioljubuski.ba\/index.php\/wp-json\/wp\/v2\/categories?post=187251"},{"taxonomy":"post_tag","embeddable":true,"href":"https:\/\/radioljubuski.ba\/index.php\/wp-json\/wp\/v2\/tags?post=187251"}],"curies":[{"name":"wp","href":"https:\/\/api.w.org\/{rel}","templated":true}]}}