{"id":187335,"date":"2023-01-07T12:01:17","date_gmt":"2023-01-07T11:01:17","guid":{"rendered":"https:\/\/radioljubuski.ba\/?p=187335"},"modified":"2023-01-07T12:01:17","modified_gmt":"2023-01-07T11:01:17","slug":"u-ponedjeljak-vjetrovito-i-kisovito-vrijeme","status":"publish","type":"post","link":"https:\/\/radioljubuski.ba\/index.php\/2023\/01\/07\/u-ponedjeljak-vjetrovito-i-kisovito-vrijeme\/","title":{"rendered":"U ponedjeljak vjetrovito i ki\u0161ovito vrijeme"},"content":{"rendered":"\n<p>Danas \u0107e u na\u0161oj zemlji preovladavati sun\u010dano vrijeme. U Bosni po kotlinama i uz rije\u010dne tokove, prije podne, magla. Vjetar slab promjenljivog smjera. Dnevna temperatura u podru\u010djima sa dugotajnom maglom od 0 do 5, a u ostalim podru\u010djima od 7 do 14 \u00b0C.<\/p>\n\n\n\n<p>U nedjelju 08.01.2023., u Hercegovini i zapadnim podru\u010djima Bosne umjereno ili prete\u017eno obla\u010dno vrijeme. U ostatku zemlje sun\u010dano uz postepeno naobla\u010denje. Poslije podne i tokom no\u0107i slaba ki\u0161a je mogu\u0107a u Hercegovini i zapadnim podru\u010djima Bosne. Vjetar slab do umjeren ju\u017eni i jugozapadni. Jutarnja temperatura od 0 do 6, na sjeverozapadu Bosne do 9, a dnevna od 8 do 14, a sjeverozapadu Bosne do 17 \u00b0C.<\/p>\n\n\n\n<p>U ponedjeljak 09.01.2023., prete\u017eno obla\u010dno vrijeme sa ki\u0161om u Hercegovini, zapadnim i sjeverozapadnim podru\u010djima Bosne. U ostatku zemlje poslije podne ili tokom no\u0107i. Na planinama se o\u010dekuje prelazak ki\u0161e u susnje\u017eicu i snijeg. Intenzivnije padavina na jugu i jugozapadu zemlje, gdje je mogu\u0107a i grmljavina. Vjetar umjeren do jak, povremeno sa olujnim udarima ju\u017eni. Jutarnja temperatura od 6 do 12, na jugu do 14, a dnevna od 8 do 14, na jugu i sjeverozapadu zemlje do 17 \u00b0C.<\/p>\n\n\n\n<p>U utorak 10.01.2023., prete\u017eno obla\u010dno vrijeme sa ki\u0161om, a na planinama s snijegom. Poslije podne prestanak padavina u Hercegovini, Posavini i Krajini uz djelimi\u010dno razvedravanje, a u ostatku zemlje tokom no\u0107i. Jutarnja temperatura od 0 do 6, na jugu do 9, a dnevna od 2 do 8, na jugu i sjeverozapadu zemlje do 12 \u00b0C.<\/p>\n\n\n\n<p>U srijedu 11.01.2023., umjereno do prete\u017eno obla\u010dno vrijeme. Jutarnja temperatura od -2 do 3, na jugu do 6, a dnevna od 3 do 9, na jugu do 13 \u00b0C.<\/p>\n","protected":false},"excerpt":{"rendered":"<p>Danas \u0107e u na\u0161oj zemlji preovladavati sun\u010dano vrijeme. U Bosni po kotlinama i uz rije\u010dne tokove, prije podne, magla. Vjetar slab promjenljivog smjera. Dnevna temperatura u podru\u010djima sa dugotajnom maglom od 0 do 5, a u ostalim podru\u010djima od 7 do 14 \u00b0C. U nedjelju 08.01.2023., u Hercegovini i zapadnim podru\u010djima Bosne umjereno ili prete\u017eno [&hellip;]<\/p>\n","protected":false},"author":2,"featured_media":187336,"comment_status":"closed","ping_status":"closed","sticky":false,"template":"","format":"standard","meta":{"h5ap_radio_sources":[],"footnotes":""},"categories":[28],"tags":[],"class_list":["post-187335","post","type-post","status-publish","format-standard","has-post-thumbnail","hentry","category-novosti"],"yoast_head":"<!-- This site is optimized with the Yoast SEO plugin v27.5 - https:\/\/yoast.com\/product\/yoast-seo-wordpress\/ -->\n<title>U ponedjeljak vjetrovito i ki\u0161ovito vrijeme - RADIO LJUBU\u0160KI<\/title>\n<meta name=\"robots\" content=\"index, follow, max-snippet:-1, max-image-preview:large, max-video-preview:-1\" \/>\n<link rel=\"canonical\" href=\"https:\/\/radioljubuski.ba\/index.php\/2023\/01\/07\/u-ponedjeljak-vjetrovito-i-kisovito-vrijeme\/\" \/>\n<meta property=\"og:locale\" content=\"hr_HR\" \/>\n<meta property=\"og:type\" content=\"article\" \/>\n<meta property=\"og:title\" content=\"U ponedjeljak vjetrovito i ki\u0161ovito vrijeme - RADIO LJUBU\u0160KI\" \/>\n<meta property=\"og:description\" content=\"Danas \u0107e u na\u0161oj zemlji preovladavati sun\u010dano vrijeme. U Bosni po kotlinama i uz rije\u010dne tokove, prije podne, magla. Vjetar slab promjenljivog smjera. Dnevna temperatura u podru\u010djima sa dugotajnom maglom od 0 do 5, a u ostalim podru\u010djima od 7 do 14 \u00b0C. U nedjelju 08.01.2023., u Hercegovini i zapadnim podru\u010djima Bosne umjereno ili prete\u017eno [&hellip;]\" \/>\n<meta property=\"og:url\" content=\"https:\/\/radioljubuski.ba\/index.php\/2023\/01\/07\/u-ponedjeljak-vjetrovito-i-kisovito-vrijeme\/\" \/>\n<meta property=\"og:site_name\" content=\"RADIO LJUBU\u0160KI\" \/>\n<meta property=\"article:publisher\" content=\"https:\/\/www.facebook.com\/Radiio-Ljubuski-1490835324566332\" \/>\n<meta property=\"article:published_time\" content=\"2023-01-07T11:01:17+00:00\" \/>\n<meta property=\"og:image\" content=\"https:\/\/radioljubuski.ba\/wp-content\/uploads\/2023\/01\/DSC0017-scaled.jpg\" \/>\n\t<meta property=\"og:image:width\" content=\"1708\" \/>\n\t<meta property=\"og:image:height\" content=\"2560\" \/>\n\t<meta property=\"og:image:type\" content=\"image\/jpeg\" \/>\n<meta name=\"author\" content=\"Radio Ljubu\u0161ki\" \/>\n<meta name=\"twitter:card\" content=\"summary_large_image\" \/>\n<meta name=\"twitter:creator\" content=\"@radioljubuski\" \/>\n<meta name=\"twitter:site\" content=\"@radioljubuski\" \/>\n<meta name=\"twitter:label1\" content=\"Napisao\/la\" \/>\n\t<meta name=\"twitter:data1\" content=\"Radio Ljubu\u0161ki\" \/>\n\t<meta name=\"twitter:label2\" content=\"Procijenjeno vrijeme \u010ditanja\" \/>\n\t<meta name=\"twitter:data2\" content=\"2 minute\" \/>\n<script type=\"application\/ld+json\" class=\"yoast-schema-graph\">{\"@context\":\"https:\\\/\\\/schema.org\",\"@graph\":[{\"@type\":\"Article\",\"@id\":\"https:\\\/\\\/radioljubuski.ba\\\/index.php\\\/2023\\\/01\\\/07\\\/u-ponedjeljak-vjetrovito-i-kisovito-vrijeme\\\/#article\",\"isPartOf\":{\"@id\":\"https:\\\/\\\/radioljubuski.ba\\\/index.php\\\/2023\\\/01\\\/07\\\/u-ponedjeljak-vjetrovito-i-kisovito-vrijeme\\\/\"},\"author\":{\"name\":\"Radio Ljubu\u0161ki\",\"@id\":\"https:\\\/\\\/radioljubuski.ba\\\/#\\\/schema\\\/person\\\/19fc700381a780f69665d7956c469e3b\"},\"headline\":\"U ponedjeljak vjetrovito i ki\u0161ovito vrijeme\",\"datePublished\":\"2023-01-07T11:01:17+00:00\",\"mainEntityOfPage\":{\"@id\":\"https:\\\/\\\/radioljubuski.ba\\\/index.php\\\/2023\\\/01\\\/07\\\/u-ponedjeljak-vjetrovito-i-kisovito-vrijeme\\\/\"},\"wordCount\":279,\"publisher\":{\"@id\":\"https:\\\/\\\/radioljubuski.ba\\\/#organization\"},\"image\":{\"@id\":\"https:\\\/\\\/radioljubuski.ba\\\/index.php\\\/2023\\\/01\\\/07\\\/u-ponedjeljak-vjetrovito-i-kisovito-vrijeme\\\/#primaryimage\"},\"thumbnailUrl\":\"https:\\\/\\\/radioljubuski.ba\\\/wp-content\\\/uploads\\\/2023\\\/01\\\/DSC0017-scaled.jpg\",\"articleSection\":[\"Novosti\"],\"inLanguage\":\"hr\"},{\"@type\":\"WebPage\",\"@id\":\"https:\\\/\\\/radioljubuski.ba\\\/index.php\\\/2023\\\/01\\\/07\\\/u-ponedjeljak-vjetrovito-i-kisovito-vrijeme\\\/\",\"url\":\"https:\\\/\\\/radioljubuski.ba\\\/index.php\\\/2023\\\/01\\\/07\\\/u-ponedjeljak-vjetrovito-i-kisovito-vrijeme\\\/\",\"name\":\"U ponedjeljak vjetrovito i ki\u0161ovito vrijeme - RADIO LJUBU\u0160KI\",\"isPartOf\":{\"@id\":\"https:\\\/\\\/radioljubuski.ba\\\/#website\"},\"primaryImageOfPage\":{\"@id\":\"https:\\\/\\\/radioljubuski.ba\\\/index.php\\\/2023\\\/01\\\/07\\\/u-ponedjeljak-vjetrovito-i-kisovito-vrijeme\\\/#primaryimage\"},\"image\":{\"@id\":\"https:\\\/\\\/radioljubuski.ba\\\/index.php\\\/2023\\\/01\\\/07\\\/u-ponedjeljak-vjetrovito-i-kisovito-vrijeme\\\/#primaryimage\"},\"thumbnailUrl\":\"https:\\\/\\\/radioljubuski.ba\\\/wp-content\\\/uploads\\\/2023\\\/01\\\/DSC0017-scaled.jpg\",\"datePublished\":\"2023-01-07T11:01:17+00:00\",\"breadcrumb\":{\"@id\":\"https:\\\/\\\/radioljubuski.ba\\\/index.php\\\/2023\\\/01\\\/07\\\/u-ponedjeljak-vjetrovito-i-kisovito-vrijeme\\\/#breadcrumb\"},\"inLanguage\":\"hr\",\"potentialAction\":[{\"@type\":\"ReadAction\",\"target\":[\"https:\\\/\\\/radioljubuski.ba\\\/index.php\\\/2023\\\/01\\\/07\\\/u-ponedjeljak-vjetrovito-i-kisovito-vrijeme\\\/\"]}]},{\"@type\":\"ImageObject\",\"inLanguage\":\"hr\",\"@id\":\"https:\\\/\\\/radioljubuski.ba\\\/index.php\\\/2023\\\/01\\\/07\\\/u-ponedjeljak-vjetrovito-i-kisovito-vrijeme\\\/#primaryimage\",\"url\":\"https:\\\/\\\/radioljubuski.ba\\\/wp-content\\\/uploads\\\/2023\\\/01\\\/DSC0017-scaled.jpg\",\"contentUrl\":\"https:\\\/\\\/radioljubuski.ba\\\/wp-content\\\/uploads\\\/2023\\\/01\\\/DSC0017-scaled.jpg\",\"width\":1708,\"height\":2560},{\"@type\":\"BreadcrumbList\",\"@id\":\"https:\\\/\\\/radioljubuski.ba\\\/index.php\\\/2023\\\/01\\\/07\\\/u-ponedjeljak-vjetrovito-i-kisovito-vrijeme\\\/#breadcrumb\",\"itemListElement\":[{\"@type\":\"ListItem\",\"position\":1,\"name\":\"Po\u010detna stranica\",\"item\":\"https:\\\/\\\/radioljubuski.ba\\\/\"},{\"@type\":\"ListItem\",\"position\":2,\"name\":\"U ponedjeljak vjetrovito i ki\u0161ovito vrijeme\"}]},{\"@type\":\"WebSite\",\"@id\":\"https:\\\/\\\/radioljubuski.ba\\\/#website\",\"url\":\"https:\\\/\\\/radioljubuski.ba\\\/\",\"name\":\"Radio Ljubu\u0161ki\",\"description\":\"Sun\u010dana frekvencija Hercegovine\",\"publisher\":{\"@id\":\"https:\\\/\\\/radioljubuski.ba\\\/#organization\"},\"potentialAction\":[{\"@type\":\"SearchAction\",\"target\":{\"@type\":\"EntryPoint\",\"urlTemplate\":\"https:\\\/\\\/radioljubuski.ba\\\/?s={search_term_string}\"},\"query-input\":{\"@type\":\"PropertyValueSpecification\",\"valueRequired\":true,\"valueName\":\"search_term_string\"}}],\"inLanguage\":\"hr\"},{\"@type\":\"Organization\",\"@id\":\"https:\\\/\\\/radioljubuski.ba\\\/#organization\",\"name\":\"Radio Ljubu\u0161ki\",\"url\":\"https:\\\/\\\/radioljubuski.ba\\\/\",\"logo\":{\"@type\":\"ImageObject\",\"inLanguage\":\"hr\",\"@id\":\"https:\\\/\\\/radioljubuski.ba\\\/#\\\/schema\\\/logo\\\/image\\\/\",\"url\":\"https:\\\/\\\/radioljubuski.ba\\\/wp-content\\\/uploads\\\/2021\\\/02\\\/cropped-Radio_Ljubuski_logo1.jpg\",\"contentUrl\":\"https:\\\/\\\/radioljubuski.ba\\\/wp-content\\\/uploads\\\/2021\\\/02\\\/cropped-Radio_Ljubuski_logo1.jpg\",\"width\":512,\"height\":512,\"caption\":\"Radio Ljubu\u0161ki\"},\"image\":{\"@id\":\"https:\\\/\\\/radioljubuski.ba\\\/#\\\/schema\\\/logo\\\/image\\\/\"},\"sameAs\":[\"https:\\\/\\\/www.facebook.com\\\/Radiio-Ljubuski-1490835324566332\",\"https:\\\/\\\/x.com\\\/radioljubuski\",\"https:\\\/\\\/hr.linkedin.com\\\/company\\\/radio-ljubuski\",\"https:\\\/\\\/www.youtube.com\\\/channel\\\/UCHYaeO_n0Db3tjNGudGpXyw\"]},{\"@type\":\"Person\",\"@id\":\"https:\\\/\\\/radioljubuski.ba\\\/#\\\/schema\\\/person\\\/19fc700381a780f69665d7956c469e3b\",\"name\":\"Radio Ljubu\u0161ki\"}]}<\/script>\n<!-- \/ Yoast SEO plugin. -->","yoast_head_json":{"title":"U ponedjeljak vjetrovito i ki\u0161ovito vrijeme - RADIO LJUBU\u0160KI","robots":{"index":"index","follow":"follow","max-snippet":"max-snippet:-1","max-image-preview":"max-image-preview:large","max-video-preview":"max-video-preview:-1"},"canonical":"https:\/\/radioljubuski.ba\/index.php\/2023\/01\/07\/u-ponedjeljak-vjetrovito-i-kisovito-vrijeme\/","og_locale":"hr_HR","og_type":"article","og_title":"U ponedjeljak vjetrovito i ki\u0161ovito vrijeme - RADIO LJUBU\u0160KI","og_description":"Danas \u0107e u na\u0161oj zemlji preovladavati sun\u010dano vrijeme. U Bosni po kotlinama i uz rije\u010dne tokove, prije podne, magla. Vjetar slab promjenljivog smjera. Dnevna temperatura u podru\u010djima sa dugotajnom maglom od 0 do 5, a u ostalim podru\u010djima od 7 do 14 \u00b0C. U nedjelju 08.01.2023., u Hercegovini i zapadnim podru\u010djima Bosne umjereno ili prete\u017eno [&hellip;]","og_url":"https:\/\/radioljubuski.ba\/index.php\/2023\/01\/07\/u-ponedjeljak-vjetrovito-i-kisovito-vrijeme\/","og_site_name":"RADIO LJUBU\u0160KI","article_publisher":"https:\/\/www.facebook.com\/Radiio-Ljubuski-1490835324566332","article_published_time":"2023-01-07T11:01:17+00:00","og_image":[{"width":1708,"height":2560,"url":"https:\/\/radioljubuski.ba\/wp-content\/uploads\/2023\/01\/DSC0017-scaled.jpg","type":"image\/jpeg"}],"author":"Radio Ljubu\u0161ki","twitter_card":"summary_large_image","twitter_creator":"@radioljubuski","twitter_site":"@radioljubuski","twitter_misc":{"Napisao\/la":"Radio Ljubu\u0161ki","Procijenjeno vrijeme \u010ditanja":"2 minute"},"schema":{"@context":"https:\/\/schema.org","@graph":[{"@type":"Article","@id":"https:\/\/radioljubuski.ba\/index.php\/2023\/01\/07\/u-ponedjeljak-vjetrovito-i-kisovito-vrijeme\/#article","isPartOf":{"@id":"https:\/\/radioljubuski.ba\/index.php\/2023\/01\/07\/u-ponedjeljak-vjetrovito-i-kisovito-vrijeme\/"},"author":{"name":"Radio Ljubu\u0161ki","@id":"https:\/\/radioljubuski.ba\/#\/schema\/person\/19fc700381a780f69665d7956c469e3b"},"headline":"U ponedjeljak vjetrovito i ki\u0161ovito vrijeme","datePublished":"2023-01-07T11:01:17+00:00","mainEntityOfPage":{"@id":"https:\/\/radioljubuski.ba\/index.php\/2023\/01\/07\/u-ponedjeljak-vjetrovito-i-kisovito-vrijeme\/"},"wordCount":279,"publisher":{"@id":"https:\/\/radioljubuski.ba\/#organization"},"image":{"@id":"https:\/\/radioljubuski.ba\/index.php\/2023\/01\/07\/u-ponedjeljak-vjetrovito-i-kisovito-vrijeme\/#primaryimage"},"thumbnailUrl":"https:\/\/radioljubuski.ba\/wp-content\/uploads\/2023\/01\/DSC0017-scaled.jpg","articleSection":["Novosti"],"inLanguage":"hr"},{"@type":"WebPage","@id":"https:\/\/radioljubuski.ba\/index.php\/2023\/01\/07\/u-ponedjeljak-vjetrovito-i-kisovito-vrijeme\/","url":"https:\/\/radioljubuski.ba\/index.php\/2023\/01\/07\/u-ponedjeljak-vjetrovito-i-kisovito-vrijeme\/","name":"U ponedjeljak vjetrovito i ki\u0161ovito vrijeme - RADIO LJUBU\u0160KI","isPartOf":{"@id":"https:\/\/radioljubuski.ba\/#website"},"primaryImageOfPage":{"@id":"https:\/\/radioljubuski.ba\/index.php\/2023\/01\/07\/u-ponedjeljak-vjetrovito-i-kisovito-vrijeme\/#primaryimage"},"image":{"@id":"https:\/\/radioljubuski.ba\/index.php\/2023\/01\/07\/u-ponedjeljak-vjetrovito-i-kisovito-vrijeme\/#primaryimage"},"thumbnailUrl":"https:\/\/radioljubuski.ba\/wp-content\/uploads\/2023\/01\/DSC0017-scaled.jpg","datePublished":"2023-01-07T11:01:17+00:00","breadcrumb":{"@id":"https:\/\/radioljubuski.ba\/index.php\/2023\/01\/07\/u-ponedjeljak-vjetrovito-i-kisovito-vrijeme\/#breadcrumb"},"inLanguage":"hr","potentialAction":[{"@type":"ReadAction","target":["https:\/\/radioljubuski.ba\/index.php\/2023\/01\/07\/u-ponedjeljak-vjetrovito-i-kisovito-vrijeme\/"]}]},{"@type":"ImageObject","inLanguage":"hr","@id":"https:\/\/radioljubuski.ba\/index.php\/2023\/01\/07\/u-ponedjeljak-vjetrovito-i-kisovito-vrijeme\/#primaryimage","url":"https:\/\/radioljubuski.ba\/wp-content\/uploads\/2023\/01\/DSC0017-scaled.jpg","contentUrl":"https:\/\/radioljubuski.ba\/wp-content\/uploads\/2023\/01\/DSC0017-scaled.jpg","width":1708,"height":2560},{"@type":"BreadcrumbList","@id":"https:\/\/radioljubuski.ba\/index.php\/2023\/01\/07\/u-ponedjeljak-vjetrovito-i-kisovito-vrijeme\/#breadcrumb","itemListElement":[{"@type":"ListItem","position":1,"name":"Po\u010detna stranica","item":"https:\/\/radioljubuski.ba\/"},{"@type":"ListItem","position":2,"name":"U ponedjeljak vjetrovito i ki\u0161ovito vrijeme"}]},{"@type":"WebSite","@id":"https:\/\/radioljubuski.ba\/#website","url":"https:\/\/radioljubuski.ba\/","name":"Radio Ljubu\u0161ki","description":"Sun\u010dana frekvencija Hercegovine","publisher":{"@id":"https:\/\/radioljubuski.ba\/#organization"},"potentialAction":[{"@type":"SearchAction","target":{"@type":"EntryPoint","urlTemplate":"https:\/\/radioljubuski.ba\/?s={search_term_string}"},"query-input":{"@type":"PropertyValueSpecification","valueRequired":true,"valueName":"search_term_string"}}],"inLanguage":"hr"},{"@type":"Organization","@id":"https:\/\/radioljubuski.ba\/#organization","name":"Radio Ljubu\u0161ki","url":"https:\/\/radioljubuski.ba\/","logo":{"@type":"ImageObject","inLanguage":"hr","@id":"https:\/\/radioljubuski.ba\/#\/schema\/logo\/image\/","url":"https:\/\/radioljubuski.ba\/wp-content\/uploads\/2021\/02\/cropped-Radio_Ljubuski_logo1.jpg","contentUrl":"https:\/\/radioljubuski.ba\/wp-content\/uploads\/2021\/02\/cropped-Radio_Ljubuski_logo1.jpg","width":512,"height":512,"caption":"Radio Ljubu\u0161ki"},"image":{"@id":"https:\/\/radioljubuski.ba\/#\/schema\/logo\/image\/"},"sameAs":["https:\/\/www.facebook.com\/Radiio-Ljubuski-1490835324566332","https:\/\/x.com\/radioljubuski","https:\/\/hr.linkedin.com\/company\/radio-ljubuski","https:\/\/www.youtube.com\/channel\/UCHYaeO_n0Db3tjNGudGpXyw"]},{"@type":"Person","@id":"https:\/\/radioljubuski.ba\/#\/schema\/person\/19fc700381a780f69665d7956c469e3b","name":"Radio Ljubu\u0161ki"}]}},"_links":{"self":[{"href":"https:\/\/radioljubuski.ba\/index.php\/wp-json\/wp\/v2\/posts\/187335","targetHints":{"allow":["GET"]}}],"collection":[{"href":"https:\/\/radioljubuski.ba\/index.php\/wp-json\/wp\/v2\/posts"}],"about":[{"href":"https:\/\/radioljubuski.ba\/index.php\/wp-json\/wp\/v2\/types\/post"}],"author":[{"embeddable":true,"href":"https:\/\/radioljubuski.ba\/index.php\/wp-json\/wp\/v2\/users\/2"}],"replies":[{"embeddable":true,"href":"https:\/\/radioljubuski.ba\/index.php\/wp-json\/wp\/v2\/comments?post=187335"}],"version-history":[{"count":1,"href":"https:\/\/radioljubuski.ba\/index.php\/wp-json\/wp\/v2\/posts\/187335\/revisions"}],"predecessor-version":[{"id":187337,"href":"https:\/\/radioljubuski.ba\/index.php\/wp-json\/wp\/v2\/posts\/187335\/revisions\/187337"}],"wp:featuredmedia":[{"embeddable":true,"href":"https:\/\/radioljubuski.ba\/index.php\/wp-json\/wp\/v2\/media\/187336"}],"wp:attachment":[{"href":"https:\/\/radioljubuski.ba\/index.php\/wp-json\/wp\/v2\/media?parent=187335"}],"wp:term":[{"taxonomy":"category","embeddable":true,"href":"https:\/\/radioljubuski.ba\/index.php\/wp-json\/wp\/v2\/categories?post=187335"},{"taxonomy":"post_tag","embeddable":true,"href":"https:\/\/radioljubuski.ba\/index.php\/wp-json\/wp\/v2\/tags?post=187335"}],"curies":[{"name":"wp","href":"https:\/\/api.w.org\/{rel}","templated":true}]}}