{"id":187437,"date":"2023-01-13T13:13:31","date_gmt":"2023-01-13T12:13:31","guid":{"rendered":"https:\/\/radioljubuski.ba\/?p=187437"},"modified":"2023-01-13T13:13:32","modified_gmt":"2023-01-13T12:13:32","slug":"sr-izvidac-na-rukometnom-turniru-u-mostaru","status":"publish","type":"post","link":"https:\/\/radioljubuski.ba\/index.php\/2023\/01\/13\/sr-izvidac-na-rukometnom-turniru-u-mostaru\/","title":{"rendered":"\u0160R Izvi\u0111a\u010d na rukometnom turniru u Mostaru"},"content":{"rendered":"\n<p>\u0160kola rukometa Zrinjski i SRK Zrinjski Mostar 13.,14. i 15. sije\u010dnja organiziraju Me\u0111unarodni rukometni turnir pod nazivom II. KLAS HANDBALL WINTER CUP MOSTAR.<\/p>\n\n\n\n<p>Turnir se odr\u017eava u 3 kategorije (kadeti, mla\u0111i kadeti i dje\u010daci).<\/p>\n\n\n\n<p>Na turniru nastupaju:<\/p>\n\n\n\n<ul class=\"wp-block-list\">\n<li>Partizan Tivat (Crna Gora)<\/li>\n\n\n\n<li>Metkovi\u0107 Mehanika (Hrvatska)<\/li>\n\n\n\n<li>Leotar Trebinje<\/li>\n\n\n\n<li>Neum<\/li>\n\n\n\n<li>Izvi\u0111a\u010d Ljubu\u0161ki<\/li>\n\n\n\n<li>Me\u0111ugorje<\/li>\n\n\n\n<li>Hercegovina Nevesinje<\/li>\n\n\n\n<li>Krivaja Zavidovi\u0107i<\/li>\n\n\n\n<li>Konjuh \u017divinice<\/li>\n\n\n\n<li>Maglaj<\/li>\n\n\n\n<li>Zrinjski<\/li>\n<\/ul>\n\n\n\n<p>Turnir se odr\u017eava u SD Bijeli Brijeg, SD M.H. Hujka i SD Osnovne \u0161kole Zalik.<\/p>\n\n\n\n<p>Kompanija Klas d.d. Sarajevo je generalni pokrovitelj turnir<\/p>\n\n\n\n<iframe loading=\"lazy\" src=\"https:\/\/www.facebook.com\/plugins\/post.php?href=https%3A%2F%2Fwww.facebook.com%2Fsrkzrinjski%2Fposts%2Fpfbid0mbHdHii1vWzzDEVv4cCf2Bsot7izKtQZrdXqijoM8uYb2VZMcrqfsvARwD2AHnubl&#038;show_text=true&#038;width=500\" width=\"500\" height=\"735\" style=\"border:none;overflow:hidden\" scrolling=\"no\" frameborder=\"0\" allowfullscreen=\"true\" allow=\"autoplay; clipboard-write; encrypted-media; picture-in-picture; web-share\"><\/iframe>\n\n\n\n<p>Izvor: <a href=\"https:\/\/iks-portal.info\/sport\/rukomet\/item\/21968-sr-izvidac-na-rukometnom-turniru-u-mostaru.html\">Iks portal<\/a><\/p>\n","protected":false},"excerpt":{"rendered":"<p>\u0160kola rukometa Zrinjski i SRK Zrinjski Mostar 13.,14. i 15. sije\u010dnja organiziraju Me\u0111unarodni rukometni turnir pod nazivom II. KLAS HANDBALL WINTER CUP MOSTAR. Turnir se odr\u017eava u 3 kategorije (kadeti, mla\u0111i kadeti i dje\u010daci). Na turniru nastupaju: Turnir se odr\u017eava u SD Bijeli Brijeg, SD M.H. Hujka i SD Osnovne \u0161kole Zalik. Kompanija Klas d.d. [&hellip;]<\/p>\n","protected":false},"author":2,"featured_media":187438,"comment_status":"closed","ping_status":"closed","sticky":false,"template":"","format":"standard","meta":{"h5ap_radio_sources":[],"footnotes":""},"categories":[7],"tags":[],"class_list":["post-187437","post","type-post","status-publish","format-standard","has-post-thumbnail","hentry","category-sport"],"yoast_head":"<!-- This site is optimized with the Yoast SEO plugin v27.5 - https:\/\/yoast.com\/product\/yoast-seo-wordpress\/ -->\n<title>\u0160R Izvi\u0111a\u010d na rukometnom turniru u Mostaru - RADIO LJUBU\u0160KI<\/title>\n<meta name=\"robots\" content=\"index, follow, max-snippet:-1, max-image-preview:large, max-video-preview:-1\" \/>\n<link rel=\"canonical\" href=\"https:\/\/radioljubuski.ba\/index.php\/2023\/01\/13\/sr-izvidac-na-rukometnom-turniru-u-mostaru\/\" \/>\n<meta property=\"og:locale\" content=\"hr_HR\" \/>\n<meta property=\"og:type\" content=\"article\" \/>\n<meta property=\"og:title\" content=\"\u0160R Izvi\u0111a\u010d na rukometnom turniru u Mostaru - RADIO LJUBU\u0160KI\" \/>\n<meta property=\"og:description\" content=\"\u0160kola rukometa Zrinjski i SRK Zrinjski Mostar 13.,14. i 15. sije\u010dnja organiziraju Me\u0111unarodni rukometni turnir pod nazivom II. KLAS HANDBALL WINTER CUP MOSTAR. Turnir se odr\u017eava u 3 kategorije (kadeti, mla\u0111i kadeti i dje\u010daci). Na turniru nastupaju: Turnir se odr\u017eava u SD Bijeli Brijeg, SD M.H. Hujka i SD Osnovne \u0161kole Zalik. Kompanija Klas d.d. [&hellip;]\" \/>\n<meta property=\"og:url\" content=\"https:\/\/radioljubuski.ba\/index.php\/2023\/01\/13\/sr-izvidac-na-rukometnom-turniru-u-mostaru\/\" \/>\n<meta property=\"og:site_name\" content=\"RADIO LJUBU\u0160KI\" \/>\n<meta property=\"article:publisher\" content=\"https:\/\/www.facebook.com\/Radiio-Ljubuski-1490835324566332\" \/>\n<meta property=\"article:published_time\" content=\"2023-01-13T12:13:31+00:00\" \/>\n<meta property=\"article:modified_time\" content=\"2023-01-13T12:13:32+00:00\" \/>\n<meta property=\"og:image\" content=\"https:\/\/radioljubuski.ba\/wp-content\/uploads\/2023\/01\/c523d148290eddd70501c498ceb9ffe2_L.jpg\" \/>\n\t<meta property=\"og:image:width\" content=\"1024\" \/>\n\t<meta property=\"og:image:height\" content=\"788\" \/>\n\t<meta property=\"og:image:type\" content=\"image\/jpeg\" \/>\n<meta name=\"author\" content=\"Radio Ljubu\u0161ki\" \/>\n<meta name=\"twitter:card\" content=\"summary_large_image\" \/>\n<meta name=\"twitter:creator\" content=\"@radioljubuski\" \/>\n<meta name=\"twitter:site\" content=\"@radioljubuski\" \/>\n<meta name=\"twitter:label1\" content=\"Napisao\/la\" \/>\n\t<meta name=\"twitter:data1\" content=\"Radio Ljubu\u0161ki\" \/>\n\t<meta name=\"twitter:label2\" content=\"Procijenjeno vrijeme \u010ditanja\" \/>\n\t<meta name=\"twitter:data2\" content=\"1 minuta\" \/>\n<script type=\"application\/ld+json\" class=\"yoast-schema-graph\">{\"@context\":\"https:\\\/\\\/schema.org\",\"@graph\":[{\"@type\":\"Article\",\"@id\":\"https:\\\/\\\/radioljubuski.ba\\\/index.php\\\/2023\\\/01\\\/13\\\/sr-izvidac-na-rukometnom-turniru-u-mostaru\\\/#article\",\"isPartOf\":{\"@id\":\"https:\\\/\\\/radioljubuski.ba\\\/index.php\\\/2023\\\/01\\\/13\\\/sr-izvidac-na-rukometnom-turniru-u-mostaru\\\/\"},\"author\":{\"name\":\"Radio Ljubu\u0161ki\",\"@id\":\"https:\\\/\\\/radioljubuski.ba\\\/#\\\/schema\\\/person\\\/19fc700381a780f69665d7956c469e3b\"},\"headline\":\"\u0160R Izvi\u0111a\u010d na rukometnom turniru u Mostaru\",\"datePublished\":\"2023-01-13T12:13:31+00:00\",\"dateModified\":\"2023-01-13T12:13:32+00:00\",\"mainEntityOfPage\":{\"@id\":\"https:\\\/\\\/radioljubuski.ba\\\/index.php\\\/2023\\\/01\\\/13\\\/sr-izvidac-na-rukometnom-turniru-u-mostaru\\\/\"},\"wordCount\":101,\"publisher\":{\"@id\":\"https:\\\/\\\/radioljubuski.ba\\\/#organization\"},\"image\":{\"@id\":\"https:\\\/\\\/radioljubuski.ba\\\/index.php\\\/2023\\\/01\\\/13\\\/sr-izvidac-na-rukometnom-turniru-u-mostaru\\\/#primaryimage\"},\"thumbnailUrl\":\"https:\\\/\\\/radioljubuski.ba\\\/wp-content\\\/uploads\\\/2023\\\/01\\\/c523d148290eddd70501c498ceb9ffe2_L.jpg\",\"articleSection\":[\"\u0160port\"],\"inLanguage\":\"hr\"},{\"@type\":\"WebPage\",\"@id\":\"https:\\\/\\\/radioljubuski.ba\\\/index.php\\\/2023\\\/01\\\/13\\\/sr-izvidac-na-rukometnom-turniru-u-mostaru\\\/\",\"url\":\"https:\\\/\\\/radioljubuski.ba\\\/index.php\\\/2023\\\/01\\\/13\\\/sr-izvidac-na-rukometnom-turniru-u-mostaru\\\/\",\"name\":\"\u0160R Izvi\u0111a\u010d na rukometnom turniru u Mostaru - RADIO LJUBU\u0160KI\",\"isPartOf\":{\"@id\":\"https:\\\/\\\/radioljubuski.ba\\\/#website\"},\"primaryImageOfPage\":{\"@id\":\"https:\\\/\\\/radioljubuski.ba\\\/index.php\\\/2023\\\/01\\\/13\\\/sr-izvidac-na-rukometnom-turniru-u-mostaru\\\/#primaryimage\"},\"image\":{\"@id\":\"https:\\\/\\\/radioljubuski.ba\\\/index.php\\\/2023\\\/01\\\/13\\\/sr-izvidac-na-rukometnom-turniru-u-mostaru\\\/#primaryimage\"},\"thumbnailUrl\":\"https:\\\/\\\/radioljubuski.ba\\\/wp-content\\\/uploads\\\/2023\\\/01\\\/c523d148290eddd70501c498ceb9ffe2_L.jpg\",\"datePublished\":\"2023-01-13T12:13:31+00:00\",\"dateModified\":\"2023-01-13T12:13:32+00:00\",\"breadcrumb\":{\"@id\":\"https:\\\/\\\/radioljubuski.ba\\\/index.php\\\/2023\\\/01\\\/13\\\/sr-izvidac-na-rukometnom-turniru-u-mostaru\\\/#breadcrumb\"},\"inLanguage\":\"hr\",\"potentialAction\":[{\"@type\":\"ReadAction\",\"target\":[\"https:\\\/\\\/radioljubuski.ba\\\/index.php\\\/2023\\\/01\\\/13\\\/sr-izvidac-na-rukometnom-turniru-u-mostaru\\\/\"]}]},{\"@type\":\"ImageObject\",\"inLanguage\":\"hr\",\"@id\":\"https:\\\/\\\/radioljubuski.ba\\\/index.php\\\/2023\\\/01\\\/13\\\/sr-izvidac-na-rukometnom-turniru-u-mostaru\\\/#primaryimage\",\"url\":\"https:\\\/\\\/radioljubuski.ba\\\/wp-content\\\/uploads\\\/2023\\\/01\\\/c523d148290eddd70501c498ceb9ffe2_L.jpg\",\"contentUrl\":\"https:\\\/\\\/radioljubuski.ba\\\/wp-content\\\/uploads\\\/2023\\\/01\\\/c523d148290eddd70501c498ceb9ffe2_L.jpg\",\"width\":1024,\"height\":788},{\"@type\":\"BreadcrumbList\",\"@id\":\"https:\\\/\\\/radioljubuski.ba\\\/index.php\\\/2023\\\/01\\\/13\\\/sr-izvidac-na-rukometnom-turniru-u-mostaru\\\/#breadcrumb\",\"itemListElement\":[{\"@type\":\"ListItem\",\"position\":1,\"name\":\"Po\u010detna stranica\",\"item\":\"https:\\\/\\\/radioljubuski.ba\\\/\"},{\"@type\":\"ListItem\",\"position\":2,\"name\":\"\u0160R Izvi\u0111a\u010d na rukometnom turniru u Mostaru\"}]},{\"@type\":\"WebSite\",\"@id\":\"https:\\\/\\\/radioljubuski.ba\\\/#website\",\"url\":\"https:\\\/\\\/radioljubuski.ba\\\/\",\"name\":\"Radio Ljubu\u0161ki\",\"description\":\"Sun\u010dana frekvencija Hercegovine\",\"publisher\":{\"@id\":\"https:\\\/\\\/radioljubuski.ba\\\/#organization\"},\"potentialAction\":[{\"@type\":\"SearchAction\",\"target\":{\"@type\":\"EntryPoint\",\"urlTemplate\":\"https:\\\/\\\/radioljubuski.ba\\\/?s={search_term_string}\"},\"query-input\":{\"@type\":\"PropertyValueSpecification\",\"valueRequired\":true,\"valueName\":\"search_term_string\"}}],\"inLanguage\":\"hr\"},{\"@type\":\"Organization\",\"@id\":\"https:\\\/\\\/radioljubuski.ba\\\/#organization\",\"name\":\"Radio Ljubu\u0161ki\",\"url\":\"https:\\\/\\\/radioljubuski.ba\\\/\",\"logo\":{\"@type\":\"ImageObject\",\"inLanguage\":\"hr\",\"@id\":\"https:\\\/\\\/radioljubuski.ba\\\/#\\\/schema\\\/logo\\\/image\\\/\",\"url\":\"https:\\\/\\\/radioljubuski.ba\\\/wp-content\\\/uploads\\\/2021\\\/02\\\/cropped-Radio_Ljubuski_logo1.jpg\",\"contentUrl\":\"https:\\\/\\\/radioljubuski.ba\\\/wp-content\\\/uploads\\\/2021\\\/02\\\/cropped-Radio_Ljubuski_logo1.jpg\",\"width\":512,\"height\":512,\"caption\":\"Radio Ljubu\u0161ki\"},\"image\":{\"@id\":\"https:\\\/\\\/radioljubuski.ba\\\/#\\\/schema\\\/logo\\\/image\\\/\"},\"sameAs\":[\"https:\\\/\\\/www.facebook.com\\\/Radiio-Ljubuski-1490835324566332\",\"https:\\\/\\\/x.com\\\/radioljubuski\",\"https:\\\/\\\/hr.linkedin.com\\\/company\\\/radio-ljubuski\",\"https:\\\/\\\/www.youtube.com\\\/channel\\\/UCHYaeO_n0Db3tjNGudGpXyw\"]},{\"@type\":\"Person\",\"@id\":\"https:\\\/\\\/radioljubuski.ba\\\/#\\\/schema\\\/person\\\/19fc700381a780f69665d7956c469e3b\",\"name\":\"Radio Ljubu\u0161ki\"}]}<\/script>\n<!-- \/ Yoast SEO plugin. -->","yoast_head_json":{"title":"\u0160R Izvi\u0111a\u010d na rukometnom turniru u Mostaru - RADIO LJUBU\u0160KI","robots":{"index":"index","follow":"follow","max-snippet":"max-snippet:-1","max-image-preview":"max-image-preview:large","max-video-preview":"max-video-preview:-1"},"canonical":"https:\/\/radioljubuski.ba\/index.php\/2023\/01\/13\/sr-izvidac-na-rukometnom-turniru-u-mostaru\/","og_locale":"hr_HR","og_type":"article","og_title":"\u0160R Izvi\u0111a\u010d na rukometnom turniru u Mostaru - RADIO LJUBU\u0160KI","og_description":"\u0160kola rukometa Zrinjski i SRK Zrinjski Mostar 13.,14. i 15. sije\u010dnja organiziraju Me\u0111unarodni rukometni turnir pod nazivom II. KLAS HANDBALL WINTER CUP MOSTAR. Turnir se odr\u017eava u 3 kategorije (kadeti, mla\u0111i kadeti i dje\u010daci). Na turniru nastupaju: Turnir se odr\u017eava u SD Bijeli Brijeg, SD M.H. Hujka i SD Osnovne \u0161kole Zalik. Kompanija Klas d.d. [&hellip;]","og_url":"https:\/\/radioljubuski.ba\/index.php\/2023\/01\/13\/sr-izvidac-na-rukometnom-turniru-u-mostaru\/","og_site_name":"RADIO LJUBU\u0160KI","article_publisher":"https:\/\/www.facebook.com\/Radiio-Ljubuski-1490835324566332","article_published_time":"2023-01-13T12:13:31+00:00","article_modified_time":"2023-01-13T12:13:32+00:00","og_image":[{"width":1024,"height":788,"url":"https:\/\/radioljubuski.ba\/wp-content\/uploads\/2023\/01\/c523d148290eddd70501c498ceb9ffe2_L.jpg","type":"image\/jpeg"}],"author":"Radio Ljubu\u0161ki","twitter_card":"summary_large_image","twitter_creator":"@radioljubuski","twitter_site":"@radioljubuski","twitter_misc":{"Napisao\/la":"Radio Ljubu\u0161ki","Procijenjeno vrijeme \u010ditanja":"1 minuta"},"schema":{"@context":"https:\/\/schema.org","@graph":[{"@type":"Article","@id":"https:\/\/radioljubuski.ba\/index.php\/2023\/01\/13\/sr-izvidac-na-rukometnom-turniru-u-mostaru\/#article","isPartOf":{"@id":"https:\/\/radioljubuski.ba\/index.php\/2023\/01\/13\/sr-izvidac-na-rukometnom-turniru-u-mostaru\/"},"author":{"name":"Radio Ljubu\u0161ki","@id":"https:\/\/radioljubuski.ba\/#\/schema\/person\/19fc700381a780f69665d7956c469e3b"},"headline":"\u0160R Izvi\u0111a\u010d na rukometnom turniru u Mostaru","datePublished":"2023-01-13T12:13:31+00:00","dateModified":"2023-01-13T12:13:32+00:00","mainEntityOfPage":{"@id":"https:\/\/radioljubuski.ba\/index.php\/2023\/01\/13\/sr-izvidac-na-rukometnom-turniru-u-mostaru\/"},"wordCount":101,"publisher":{"@id":"https:\/\/radioljubuski.ba\/#organization"},"image":{"@id":"https:\/\/radioljubuski.ba\/index.php\/2023\/01\/13\/sr-izvidac-na-rukometnom-turniru-u-mostaru\/#primaryimage"},"thumbnailUrl":"https:\/\/radioljubuski.ba\/wp-content\/uploads\/2023\/01\/c523d148290eddd70501c498ceb9ffe2_L.jpg","articleSection":["\u0160port"],"inLanguage":"hr"},{"@type":"WebPage","@id":"https:\/\/radioljubuski.ba\/index.php\/2023\/01\/13\/sr-izvidac-na-rukometnom-turniru-u-mostaru\/","url":"https:\/\/radioljubuski.ba\/index.php\/2023\/01\/13\/sr-izvidac-na-rukometnom-turniru-u-mostaru\/","name":"\u0160R Izvi\u0111a\u010d na rukometnom turniru u Mostaru - RADIO LJUBU\u0160KI","isPartOf":{"@id":"https:\/\/radioljubuski.ba\/#website"},"primaryImageOfPage":{"@id":"https:\/\/radioljubuski.ba\/index.php\/2023\/01\/13\/sr-izvidac-na-rukometnom-turniru-u-mostaru\/#primaryimage"},"image":{"@id":"https:\/\/radioljubuski.ba\/index.php\/2023\/01\/13\/sr-izvidac-na-rukometnom-turniru-u-mostaru\/#primaryimage"},"thumbnailUrl":"https:\/\/radioljubuski.ba\/wp-content\/uploads\/2023\/01\/c523d148290eddd70501c498ceb9ffe2_L.jpg","datePublished":"2023-01-13T12:13:31+00:00","dateModified":"2023-01-13T12:13:32+00:00","breadcrumb":{"@id":"https:\/\/radioljubuski.ba\/index.php\/2023\/01\/13\/sr-izvidac-na-rukometnom-turniru-u-mostaru\/#breadcrumb"},"inLanguage":"hr","potentialAction":[{"@type":"ReadAction","target":["https:\/\/radioljubuski.ba\/index.php\/2023\/01\/13\/sr-izvidac-na-rukometnom-turniru-u-mostaru\/"]}]},{"@type":"ImageObject","inLanguage":"hr","@id":"https:\/\/radioljubuski.ba\/index.php\/2023\/01\/13\/sr-izvidac-na-rukometnom-turniru-u-mostaru\/#primaryimage","url":"https:\/\/radioljubuski.ba\/wp-content\/uploads\/2023\/01\/c523d148290eddd70501c498ceb9ffe2_L.jpg","contentUrl":"https:\/\/radioljubuski.ba\/wp-content\/uploads\/2023\/01\/c523d148290eddd70501c498ceb9ffe2_L.jpg","width":1024,"height":788},{"@type":"BreadcrumbList","@id":"https:\/\/radioljubuski.ba\/index.php\/2023\/01\/13\/sr-izvidac-na-rukometnom-turniru-u-mostaru\/#breadcrumb","itemListElement":[{"@type":"ListItem","position":1,"name":"Po\u010detna stranica","item":"https:\/\/radioljubuski.ba\/"},{"@type":"ListItem","position":2,"name":"\u0160R Izvi\u0111a\u010d na rukometnom turniru u Mostaru"}]},{"@type":"WebSite","@id":"https:\/\/radioljubuski.ba\/#website","url":"https:\/\/radioljubuski.ba\/","name":"Radio Ljubu\u0161ki","description":"Sun\u010dana frekvencija Hercegovine","publisher":{"@id":"https:\/\/radioljubuski.ba\/#organization"},"potentialAction":[{"@type":"SearchAction","target":{"@type":"EntryPoint","urlTemplate":"https:\/\/radioljubuski.ba\/?s={search_term_string}"},"query-input":{"@type":"PropertyValueSpecification","valueRequired":true,"valueName":"search_term_string"}}],"inLanguage":"hr"},{"@type":"Organization","@id":"https:\/\/radioljubuski.ba\/#organization","name":"Radio Ljubu\u0161ki","url":"https:\/\/radioljubuski.ba\/","logo":{"@type":"ImageObject","inLanguage":"hr","@id":"https:\/\/radioljubuski.ba\/#\/schema\/logo\/image\/","url":"https:\/\/radioljubuski.ba\/wp-content\/uploads\/2021\/02\/cropped-Radio_Ljubuski_logo1.jpg","contentUrl":"https:\/\/radioljubuski.ba\/wp-content\/uploads\/2021\/02\/cropped-Radio_Ljubuski_logo1.jpg","width":512,"height":512,"caption":"Radio Ljubu\u0161ki"},"image":{"@id":"https:\/\/radioljubuski.ba\/#\/schema\/logo\/image\/"},"sameAs":["https:\/\/www.facebook.com\/Radiio-Ljubuski-1490835324566332","https:\/\/x.com\/radioljubuski","https:\/\/hr.linkedin.com\/company\/radio-ljubuski","https:\/\/www.youtube.com\/channel\/UCHYaeO_n0Db3tjNGudGpXyw"]},{"@type":"Person","@id":"https:\/\/radioljubuski.ba\/#\/schema\/person\/19fc700381a780f69665d7956c469e3b","name":"Radio Ljubu\u0161ki"}]}},"_links":{"self":[{"href":"https:\/\/radioljubuski.ba\/index.php\/wp-json\/wp\/v2\/posts\/187437","targetHints":{"allow":["GET"]}}],"collection":[{"href":"https:\/\/radioljubuski.ba\/index.php\/wp-json\/wp\/v2\/posts"}],"about":[{"href":"https:\/\/radioljubuski.ba\/index.php\/wp-json\/wp\/v2\/types\/post"}],"author":[{"embeddable":true,"href":"https:\/\/radioljubuski.ba\/index.php\/wp-json\/wp\/v2\/users\/2"}],"replies":[{"embeddable":true,"href":"https:\/\/radioljubuski.ba\/index.php\/wp-json\/wp\/v2\/comments?post=187437"}],"version-history":[{"count":1,"href":"https:\/\/radioljubuski.ba\/index.php\/wp-json\/wp\/v2\/posts\/187437\/revisions"}],"predecessor-version":[{"id":187439,"href":"https:\/\/radioljubuski.ba\/index.php\/wp-json\/wp\/v2\/posts\/187437\/revisions\/187439"}],"wp:featuredmedia":[{"embeddable":true,"href":"https:\/\/radioljubuski.ba\/index.php\/wp-json\/wp\/v2\/media\/187438"}],"wp:attachment":[{"href":"https:\/\/radioljubuski.ba\/index.php\/wp-json\/wp\/v2\/media?parent=187437"}],"wp:term":[{"taxonomy":"category","embeddable":true,"href":"https:\/\/radioljubuski.ba\/index.php\/wp-json\/wp\/v2\/categories?post=187437"},{"taxonomy":"post_tag","embeddable":true,"href":"https:\/\/radioljubuski.ba\/index.php\/wp-json\/wp\/v2\/tags?post=187437"}],"curies":[{"name":"wp","href":"https:\/\/api.w.org\/{rel}","templated":true}]}}