{"id":187567,"date":"2023-01-23T09:30:57","date_gmt":"2023-01-23T08:30:57","guid":{"rendered":"https:\/\/radioljubuski.ba\/?p=187567"},"modified":"2023-01-23T13:51:46","modified_gmt":"2023-01-23T12:51:46","slug":"ljubusak-ante-grbavac-najbolji-golman-spanjolske-lige-igrao-sam-za-bih-ali-zelim-za-hrvatsku","status":"publish","type":"post","link":"https:\/\/radioljubuski.ba\/index.php\/2023\/01\/23\/ljubusak-ante-grbavac-najbolji-golman-spanjolske-lige-igrao-sam-za-bih-ali-zelim-za-hrvatsku\/","title":{"rendered":"Ljubu\u0161ak Ante Grbavac, najbolji golman \u0161panjolske lige: Igrao sam za BiH, ali \u017eelim za Hrvatsku!"},"content":{"rendered":"\n<p>Pe\u0161i\u0107, \u0160ego, \u0160unji\u0107, Pilipovi\u0107, Alilovi\u0107, Mandi\u0107, Kuzmanovi\u0107, Slavi\u0107. \u010cak osam golmana izmijenili smo samo u zadnjih 12 mjeseci. Izme\u0111u lanjskog Eura na kojem smo bili osmi i ovog Svjetskog prvenstva, na kojem ne\u0107emo bolji od devetog.<\/p>\n\n\n\n<p>\u0160to je previ\u0161e, previ\u0161e je. A jo\u0161 i dalje ne znamo tko nam je prvi, prenosi e-hercegovina.com.<\/p>\n\n\n\n<p>Na ovom SP-u brane Slavi\u0107, Kuzmanovi\u0107 i \u0160unji\u0107 i svi su imali dobre preporuke za Horvatov poziv; Slavi\u0107 je po broju obrana tre\u0107i golman Lige prvaka, \u0160unji\u0107 \u010detvrti francuske lige, a Kuzmanovi\u0107 je kao velika perspektiva imao nekoliko vrhunskih predstava s Nexeom u Europskoj ligi.<\/p>\n\n\n\n<p>Jako dobre iz \u0161panjolske lige, pak, ima jo\u0161 jedan Hrvat. Po broju obrana, \u0161tovi\u0161e, vode\u0107i golman ASOBAL lige!&nbsp;<\/p>\n\n\n\n<p>\u2013 Da, statistika je to\u010dna. Imam 154 obrane i po tome sam najbolji golman na polusezoni \u2013 potvrdit \u0107e nam brojke Ljubu\u0161ak&nbsp;Ante Grbavac&nbsp;(24), koji je s&nbsp;Cuencom&nbsp;na visokom tre\u0107em mjestu lige, nakon francuske, njema\u010dke i danske najbolje u Europi.<\/p>\n\n\n\n<p>\u2013 Te\u0161ko se boriti sa \u0160panjolcima u statistici i svemu, oni jako dr\u017ee do svojih golmana. I to mi je motiv vi\u0161e da nastavim raditi i da napadnemo drugo mjesto iza Barcelone.<\/p>\n\n\n\n<p>U \u0160panjolsku je do\u0161ao prije godinu u pol iz Ljubu\u0161kog, u kojem je branio s&nbsp;Matejem Mandi\u0107em, kojeg je put odveo prema PPD Zagrebu.<\/p>\n\n\n\n<p>\u2013 Rukomet je u Ljubu\u0161kom najpopularniji sport, \u017eivi se za rukomet. Po\u010deo sam s osam godina i nekad nas je znalo&nbsp;biti na treningu&nbsp;i 35! Mandi\u0107 i ja bili smo tandem dvije sezone iako nas je korona poremetila, ali treneri su nam bili pozitivni lu\u0111aci i dok se ni\u0161ta nije igralo, mi smo trenirali preko video-poziva. Moram tu spomenuti najvi\u0161e Milana Toli\u0107a. A Mate je vrhunski golman i momak, nikakve zle krvi nikad nije bilo me\u0111u nama. Uvijek iz svake generacije isplivaju tri-\u010detiri igra\u010da.<\/p>\n\n\n\n<p><strong>Bez trenera golmana<\/strong><\/p>\n\n\n\n<p>Do hrvatske reprezentacije isplivali su iz Ljubu\u0161kog David i Mate Mandi\u0107, \u0160arac, sada Kraljevi\u0107, ranije Hrsti\u0107\u2026<\/p>\n\n\n\n<p>\u2013 Igrao sam s Davidom Mandi\u0107em i Hrsti\u0107em u sezoni 2016.\/2017. dok su jo\u0161 bili u Ljubu\u0161kom, imao sam tada 17 godina. Pozdravimo se uvijek kada se vidimo, a \u010dujem se ponekad sa \u0160arcem.<\/p>\n\n\n\n<p>U mla\u0111im kategorijama igrali ste za BiH?<\/p>\n\n\n\n<p>\u2013 Da, prije \u0161est-sedam godina. Ali moja se \u017eelja zna, svi iz Ljubu\u0161kog imaju istu, ma \u0161to god govorili. \u017delim igrati za Hrvatsku.<\/p>\n\n\n\n<p>Je li vas itko kontaktirao?<\/p>\n\n\n\n<p>\u2013 Jo\u0161 nitko. Ja radim i trudim se, dajem sve \u0161to mogu, a ostalo \u0107e valjda do\u0107i s vremenom i rezultatima. Nisam ljut ni ogor\u010den. Moj je moto da koliko rada i truda ulo\u017ei\u0161, toliko \u0107e\u0161 i dobiti. Naravno da bi za mene bilo veliko zadovoljstvo, ponos i sre\u0107a da jednog dana dobijem poziv, a pogotovo kad bih dobio \u0161ansu zaigrati s Duvnjakom i ostalim ikonama hrvatskog rukometa.<\/p>\n\n\n\n<p>Koji se ni \u010detvrto natjecanje u nizu nije proslavio\u2026<\/p>\n\n\n\n<p>\u2013 Iznenadila me prva utakmica s Egiptom, previ\u0161e je devet razlike. Mislim da smo trebali u pripremama imati ja\u010de protivnike, da osjetimo kako se udara, tr\u010di. \u010cak je i Duvnjak poslije Izraela rekao da to nije mjerilo. Ali ponosan sam kako su odigrali protiv Danske. Prije utakmice na treningu su mi svi \u0160panjolci govorili da \u0107e biti barem sedam razlike za Dansku, a dan kasnije su mi \u010destitali. Rekao sam im da sanjaju o na\u0161em mentalitetu. \u0160panjolski suci? Priznali su i oni da su suci bili na danskoj strani.&nbsp;<\/p>\n\n\n\n<p>S klubom igrate iznad o\u010dekivanja?<\/p>\n\n\n\n<p>\u2013 Po\u010detak pro\u0161le sezone, kada sam do\u0161ao, bio je katastrofalan, ispali smo od drugoliga\u0161a u Kupu i svi su se pitali vrijede li poja\u010danja. U nastavku sezone ostvarili smo povijestan uspjeh s 22 boda, a sad ve\u0107 imamo 21, pet manje od drugog Granollersa.&nbsp;Trener nikad nije zadovoljan i to me motivira, zadovoljstvo mi je ba\u0161, treninzi su po dva i pol sata.&nbsp;Imamo nekoliko reprezentativaca Argentine i Brazila, klub je stvarno uvjetima na europskoj razini, no ono \u0161to je veliki minus, jest da nemamo trenera golmana. Ovdje je ranije branio jedan stariji golman Leonel Maciel pa im nije bio potreban valjda. Tra\u017eio sam trenera, ali rekli su da ga ne mogu priu\u0161titi. Tako da gledam dosta materijala na YouTubeu i radim s pomo\u0107nim trenerom. \u017dele da ostanem, ali htio bih stepenicu vi\u0161e da napredujem jo\u0161, za po\u010detak igrati Europu. Najvi\u0161e mi se svi\u0111a francuska liga.<\/p>\n\n\n\n<p>U drugom ste kolu igrali protiv Cindri\u0107eve Barcelone?<\/p>\n\n\n\n<p>\u2013 Ali on nije tada do\u0161ao. No vidjeli smo se na ranijim utakmicama, nismo puno pri\u010dali, samo ona klasi\u010dna pitanja i pozdravi. Kad sam prvi put igrao protiv Barce u gostima, bio sam impresioniran, ne vjeruje\u0161 da igra\u0161 protiv takve ekipe, ali ve\u0107 idu\u0107u sam ih do\u010dekao bez respekta. Kako je braniti Francuzu Diki Memu? Uh, on zna svaki korak, ba\u0161 je inteligentan, ali sje\u0107am se da sam mu u toj prvoj utakmici skinuo jedan udarac.&nbsp;<\/p>\n\n\n\n<p>Pamtite li neku utakmicu posebno?<\/p>\n\n\n\n<p>\u2013 Protiv Benidorma pro\u0161le sezone. Dan prije utakmice trener mi je poslao poruku i napisao da vjeruje u mene. Bio sam tu tek pola godine i to mi je bila stra\u0161na motivacija. I obranio sam na toj utakmici 23 udarca, vi\u0161e od 50 posto. Sada branim gotovo svaku utakmicu 60 minuta.<\/p>\n\n\n\n<p><strong>\u0160terbik uzor<\/strong><\/p>\n\n\n\n<p>\u010cije poteze upijate na golu?<\/p>\n\n\n\n<p>\u2013 \u0160terbik mi je apsolutni broj jedan, onda deset mjesta iza mogu tek Landin ili ostali. No upe\u010datljiv mi je jako bio Dejan Peri\u0107, dosta sam stvari upio gledaju\u0107i njega i to kopiram. Ali volim se igrati s protivnicima na sedmercima, mislim da golman tu ima ve\u0107u prednost.<\/p>\n\n\n\n<p>Mo\u017eete li ostati i na kraju sezone broj jedan u \u0160panjolskoj?<\/p>\n\n\n\n<p>\u2013 Mogu i ho\u0107u! \u017delim popraviti jo\u0161 i postotak obrana, izborili smo zavr\u0161nicu i ASOBAL kupa i Kupa kralja \u2013 ka\u017ee Ante koji je, netko je upisao podatak, na 201 centimetru?<\/p>\n\n\n\n<p>\u2013 Nisam, manje, oko 196.<\/p>\n\n\n\n<p>Tko vam je od Hrvata golmanski broj jedan? Po kvaliteti, ne centimetrima.<\/p>\n\n\n\n<p>\u2013 Pe\u0161i\u0107 kad nije ozlije\u0111en. A sad trenutno od ove trojice te\u0161ko je re\u0107i, svi su dobri po statistici. Osu\u0111uje ih se i nije lako to podnijeti. Svi\u0111a mi se jako Kuzmanovi\u0107.<\/p>\n\n\n\n<p>Dobro zvu\u010di golmanska trojka budu\u0107nosti; Kuzmanovi\u0107, Mandi\u0107, Grbavac.<\/p>\n\n\n\n<p>\u2013 Haha, daj bo\u017ee.<\/p>\n\n\n\n<p>Ante izvan rukometa?<\/p>\n\n\n\n<p>Uh, zapravo sam jako fokusiran na rukomet i to mi je nekad mana. Kada razgovaram, uvijek pri\u010da zavr\u0161i na rukometu.&nbsp;Malo se nekad i brzo naljutim, ali i odljutim sre\u0107om.<\/p>\n\n\n\n<p>Ljubu\u0161acima je vjera vrlo va\u017ena?<\/p>\n\n\n\n<p>\u2013 Ona mi je najve\u0107i motor, ve\u010der prije utakmice uvijek izmolim krunicu. Jedno sam vrijeme bio i ministrant u malom selu kraj Ljubu\u0161kog, to je bilo ba\u0161 predivno.<\/p>\n\n\n\n<p>Izvor:<a href=\"https:\/\/iks-portal.info\/sport\/rukomet\/item\/22050-ljubusak-ante-grbavac-najbolji-golman-spanjolske-lige-igrao-sam-za-bih-ali-zelim-za-hrvatsku.html\"> Iks portal<\/a><\/p>\n","protected":false},"excerpt":{"rendered":"<p>Pe\u0161i\u0107, \u0160ego, \u0160unji\u0107, Pilipovi\u0107, Alilovi\u0107, Mandi\u0107, Kuzmanovi\u0107, Slavi\u0107. \u010cak osam golmana izmijenili smo samo u zadnjih 12 mjeseci. Izme\u0111u lanjskog Eura na kojem smo bili osmi i ovog Svjetskog prvenstva, na kojem ne\u0107emo bolji od devetog. \u0160to je previ\u0161e, previ\u0161e je. A jo\u0161 i dalje ne znamo tko nam je prvi, prenosi e-hercegovina.com. Na ovom [&hellip;]<\/p>\n","protected":false},"author":2,"featured_media":187568,"comment_status":"closed","ping_status":"closed","sticky":false,"template":"","format":"standard","meta":{"h5ap_radio_sources":[],"footnotes":""},"categories":[7],"tags":[],"class_list":["post-187567","post","type-post","status-publish","format-standard","has-post-thumbnail","hentry","category-sport"],"yoast_head":"<!-- This site is optimized with the Yoast SEO plugin v27.5 - https:\/\/yoast.com\/product\/yoast-seo-wordpress\/ -->\n<title>Ljubu\u0161ak Ante Grbavac, najbolji golman \u0161panjolske lige: Igrao sam za BiH, ali \u017eelim za Hrvatsku! - RADIO LJUBU\u0160KI<\/title>\n<meta name=\"robots\" content=\"index, follow, max-snippet:-1, max-image-preview:large, max-video-preview:-1\" \/>\n<link rel=\"canonical\" href=\"https:\/\/radioljubuski.ba\/index.php\/2023\/01\/23\/ljubusak-ante-grbavac-najbolji-golman-spanjolske-lige-igrao-sam-za-bih-ali-zelim-za-hrvatsku\/\" \/>\n<meta property=\"og:locale\" content=\"hr_HR\" \/>\n<meta property=\"og:type\" content=\"article\" \/>\n<meta property=\"og:title\" content=\"Ljubu\u0161ak Ante Grbavac, najbolji golman \u0161panjolske lige: Igrao sam za BiH, ali \u017eelim za Hrvatsku! - RADIO LJUBU\u0160KI\" \/>\n<meta property=\"og:description\" content=\"Pe\u0161i\u0107, \u0160ego, \u0160unji\u0107, Pilipovi\u0107, Alilovi\u0107, Mandi\u0107, Kuzmanovi\u0107, Slavi\u0107. \u010cak osam golmana izmijenili smo samo u zadnjih 12 mjeseci. Izme\u0111u lanjskog Eura na kojem smo bili osmi i ovog Svjetskog prvenstva, na kojem ne\u0107emo bolji od devetog. \u0160to je previ\u0161e, previ\u0161e je. A jo\u0161 i dalje ne znamo tko nam je prvi, prenosi e-hercegovina.com. Na ovom [&hellip;]\" \/>\n<meta property=\"og:url\" content=\"https:\/\/radioljubuski.ba\/index.php\/2023\/01\/23\/ljubusak-ante-grbavac-najbolji-golman-spanjolske-lige-igrao-sam-za-bih-ali-zelim-za-hrvatsku\/\" \/>\n<meta property=\"og:site_name\" content=\"RADIO LJUBU\u0160KI\" \/>\n<meta property=\"article:publisher\" content=\"https:\/\/www.facebook.com\/Radiio-Ljubuski-1490835324566332\" \/>\n<meta property=\"article:published_time\" content=\"2023-01-23T08:30:57+00:00\" \/>\n<meta property=\"article:modified_time\" content=\"2023-01-23T12:51:46+00:00\" \/>\n<meta property=\"og:image\" content=\"https:\/\/radioljubuski.ba\/wp-content\/uploads\/2023\/01\/ante-grbavac.jpg\" \/>\n\t<meta property=\"og:image:width\" content=\"600\" \/>\n\t<meta property=\"og:image:height\" content=\"400\" \/>\n\t<meta property=\"og:image:type\" content=\"image\/jpeg\" \/>\n<meta name=\"author\" content=\"Radio Ljubu\u0161ki\" \/>\n<meta name=\"twitter:card\" content=\"summary_large_image\" \/>\n<meta name=\"twitter:creator\" content=\"@radioljubuski\" \/>\n<meta name=\"twitter:site\" content=\"@radioljubuski\" \/>\n<meta name=\"twitter:label1\" content=\"Napisao\/la\" \/>\n\t<meta name=\"twitter:data1\" content=\"Radio Ljubu\u0161ki\" \/>\n\t<meta name=\"twitter:label2\" content=\"Procijenjeno vrijeme \u010ditanja\" \/>\n\t<meta name=\"twitter:data2\" content=\"6 minuta\" \/>\n<script type=\"application\/ld+json\" class=\"yoast-schema-graph\">{\"@context\":\"https:\\\/\\\/schema.org\",\"@graph\":[{\"@type\":\"Article\",\"@id\":\"https:\\\/\\\/radioljubuski.ba\\\/index.php\\\/2023\\\/01\\\/23\\\/ljubusak-ante-grbavac-najbolji-golman-spanjolske-lige-igrao-sam-za-bih-ali-zelim-za-hrvatsku\\\/#article\",\"isPartOf\":{\"@id\":\"https:\\\/\\\/radioljubuski.ba\\\/index.php\\\/2023\\\/01\\\/23\\\/ljubusak-ante-grbavac-najbolji-golman-spanjolske-lige-igrao-sam-za-bih-ali-zelim-za-hrvatsku\\\/\"},\"author\":{\"name\":\"Radio Ljubu\u0161ki\",\"@id\":\"https:\\\/\\\/radioljubuski.ba\\\/#\\\/schema\\\/person\\\/19fc700381a780f69665d7956c469e3b\"},\"headline\":\"Ljubu\u0161ak Ante Grbavac, najbolji golman \u0161panjolske lige: Igrao sam za BiH, ali \u017eelim za Hrvatsku!\",\"datePublished\":\"2023-01-23T08:30:57+00:00\",\"dateModified\":\"2023-01-23T12:51:46+00:00\",\"mainEntityOfPage\":{\"@id\":\"https:\\\/\\\/radioljubuski.ba\\\/index.php\\\/2023\\\/01\\\/23\\\/ljubusak-ante-grbavac-najbolji-golman-spanjolske-lige-igrao-sam-za-bih-ali-zelim-za-hrvatsku\\\/\"},\"wordCount\":1158,\"publisher\":{\"@id\":\"https:\\\/\\\/radioljubuski.ba\\\/#organization\"},\"image\":{\"@id\":\"https:\\\/\\\/radioljubuski.ba\\\/index.php\\\/2023\\\/01\\\/23\\\/ljubusak-ante-grbavac-najbolji-golman-spanjolske-lige-igrao-sam-za-bih-ali-zelim-za-hrvatsku\\\/#primaryimage\"},\"thumbnailUrl\":\"https:\\\/\\\/radioljubuski.ba\\\/wp-content\\\/uploads\\\/2023\\\/01\\\/ante-grbavac.jpg\",\"articleSection\":[\"\u0160port\"],\"inLanguage\":\"hr\"},{\"@type\":\"WebPage\",\"@id\":\"https:\\\/\\\/radioljubuski.ba\\\/index.php\\\/2023\\\/01\\\/23\\\/ljubusak-ante-grbavac-najbolji-golman-spanjolske-lige-igrao-sam-za-bih-ali-zelim-za-hrvatsku\\\/\",\"url\":\"https:\\\/\\\/radioljubuski.ba\\\/index.php\\\/2023\\\/01\\\/23\\\/ljubusak-ante-grbavac-najbolji-golman-spanjolske-lige-igrao-sam-za-bih-ali-zelim-za-hrvatsku\\\/\",\"name\":\"Ljubu\u0161ak Ante Grbavac, najbolji golman \u0161panjolske lige: Igrao sam za BiH, ali \u017eelim za Hrvatsku! - RADIO LJUBU\u0160KI\",\"isPartOf\":{\"@id\":\"https:\\\/\\\/radioljubuski.ba\\\/#website\"},\"primaryImageOfPage\":{\"@id\":\"https:\\\/\\\/radioljubuski.ba\\\/index.php\\\/2023\\\/01\\\/23\\\/ljubusak-ante-grbavac-najbolji-golman-spanjolske-lige-igrao-sam-za-bih-ali-zelim-za-hrvatsku\\\/#primaryimage\"},\"image\":{\"@id\":\"https:\\\/\\\/radioljubuski.ba\\\/index.php\\\/2023\\\/01\\\/23\\\/ljubusak-ante-grbavac-najbolji-golman-spanjolske-lige-igrao-sam-za-bih-ali-zelim-za-hrvatsku\\\/#primaryimage\"},\"thumbnailUrl\":\"https:\\\/\\\/radioljubuski.ba\\\/wp-content\\\/uploads\\\/2023\\\/01\\\/ante-grbavac.jpg\",\"datePublished\":\"2023-01-23T08:30:57+00:00\",\"dateModified\":\"2023-01-23T12:51:46+00:00\",\"breadcrumb\":{\"@id\":\"https:\\\/\\\/radioljubuski.ba\\\/index.php\\\/2023\\\/01\\\/23\\\/ljubusak-ante-grbavac-najbolji-golman-spanjolske-lige-igrao-sam-za-bih-ali-zelim-za-hrvatsku\\\/#breadcrumb\"},\"inLanguage\":\"hr\",\"potentialAction\":[{\"@type\":\"ReadAction\",\"target\":[\"https:\\\/\\\/radioljubuski.ba\\\/index.php\\\/2023\\\/01\\\/23\\\/ljubusak-ante-grbavac-najbolji-golman-spanjolske-lige-igrao-sam-za-bih-ali-zelim-za-hrvatsku\\\/\"]}]},{\"@type\":\"ImageObject\",\"inLanguage\":\"hr\",\"@id\":\"https:\\\/\\\/radioljubuski.ba\\\/index.php\\\/2023\\\/01\\\/23\\\/ljubusak-ante-grbavac-najbolji-golman-spanjolske-lige-igrao-sam-za-bih-ali-zelim-za-hrvatsku\\\/#primaryimage\",\"url\":\"https:\\\/\\\/radioljubuski.ba\\\/wp-content\\\/uploads\\\/2023\\\/01\\\/ante-grbavac.jpg\",\"contentUrl\":\"https:\\\/\\\/radioljubuski.ba\\\/wp-content\\\/uploads\\\/2023\\\/01\\\/ante-grbavac.jpg\",\"width\":600,\"height\":400},{\"@type\":\"BreadcrumbList\",\"@id\":\"https:\\\/\\\/radioljubuski.ba\\\/index.php\\\/2023\\\/01\\\/23\\\/ljubusak-ante-grbavac-najbolji-golman-spanjolske-lige-igrao-sam-za-bih-ali-zelim-za-hrvatsku\\\/#breadcrumb\",\"itemListElement\":[{\"@type\":\"ListItem\",\"position\":1,\"name\":\"Po\u010detna stranica\",\"item\":\"https:\\\/\\\/radioljubuski.ba\\\/\"},{\"@type\":\"ListItem\",\"position\":2,\"name\":\"Ljubu\u0161ak Ante Grbavac, najbolji golman \u0161panjolske lige: Igrao sam za BiH, ali \u017eelim za Hrvatsku!\"}]},{\"@type\":\"WebSite\",\"@id\":\"https:\\\/\\\/radioljubuski.ba\\\/#website\",\"url\":\"https:\\\/\\\/radioljubuski.ba\\\/\",\"name\":\"Radio Ljubu\u0161ki\",\"description\":\"Sun\u010dana frekvencija Hercegovine\",\"publisher\":{\"@id\":\"https:\\\/\\\/radioljubuski.ba\\\/#organization\"},\"potentialAction\":[{\"@type\":\"SearchAction\",\"target\":{\"@type\":\"EntryPoint\",\"urlTemplate\":\"https:\\\/\\\/radioljubuski.ba\\\/?s={search_term_string}\"},\"query-input\":{\"@type\":\"PropertyValueSpecification\",\"valueRequired\":true,\"valueName\":\"search_term_string\"}}],\"inLanguage\":\"hr\"},{\"@type\":\"Organization\",\"@id\":\"https:\\\/\\\/radioljubuski.ba\\\/#organization\",\"name\":\"Radio Ljubu\u0161ki\",\"url\":\"https:\\\/\\\/radioljubuski.ba\\\/\",\"logo\":{\"@type\":\"ImageObject\",\"inLanguage\":\"hr\",\"@id\":\"https:\\\/\\\/radioljubuski.ba\\\/#\\\/schema\\\/logo\\\/image\\\/\",\"url\":\"https:\\\/\\\/radioljubuski.ba\\\/wp-content\\\/uploads\\\/2021\\\/02\\\/cropped-Radio_Ljubuski_logo1.jpg\",\"contentUrl\":\"https:\\\/\\\/radioljubuski.ba\\\/wp-content\\\/uploads\\\/2021\\\/02\\\/cropped-Radio_Ljubuski_logo1.jpg\",\"width\":512,\"height\":512,\"caption\":\"Radio Ljubu\u0161ki\"},\"image\":{\"@id\":\"https:\\\/\\\/radioljubuski.ba\\\/#\\\/schema\\\/logo\\\/image\\\/\"},\"sameAs\":[\"https:\\\/\\\/www.facebook.com\\\/Radiio-Ljubuski-1490835324566332\",\"https:\\\/\\\/x.com\\\/radioljubuski\",\"https:\\\/\\\/hr.linkedin.com\\\/company\\\/radio-ljubuski\",\"https:\\\/\\\/www.youtube.com\\\/channel\\\/UCHYaeO_n0Db3tjNGudGpXyw\"]},{\"@type\":\"Person\",\"@id\":\"https:\\\/\\\/radioljubuski.ba\\\/#\\\/schema\\\/person\\\/19fc700381a780f69665d7956c469e3b\",\"name\":\"Radio Ljubu\u0161ki\"}]}<\/script>\n<!-- \/ Yoast SEO plugin. -->","yoast_head_json":{"title":"Ljubu\u0161ak Ante Grbavac, najbolji golman \u0161panjolske lige: Igrao sam za BiH, ali \u017eelim za Hrvatsku! - RADIO LJUBU\u0160KI","robots":{"index":"index","follow":"follow","max-snippet":"max-snippet:-1","max-image-preview":"max-image-preview:large","max-video-preview":"max-video-preview:-1"},"canonical":"https:\/\/radioljubuski.ba\/index.php\/2023\/01\/23\/ljubusak-ante-grbavac-najbolji-golman-spanjolske-lige-igrao-sam-za-bih-ali-zelim-za-hrvatsku\/","og_locale":"hr_HR","og_type":"article","og_title":"Ljubu\u0161ak Ante Grbavac, najbolji golman \u0161panjolske lige: Igrao sam za BiH, ali \u017eelim za Hrvatsku! - RADIO LJUBU\u0160KI","og_description":"Pe\u0161i\u0107, \u0160ego, \u0160unji\u0107, Pilipovi\u0107, Alilovi\u0107, Mandi\u0107, Kuzmanovi\u0107, Slavi\u0107. \u010cak osam golmana izmijenili smo samo u zadnjih 12 mjeseci. Izme\u0111u lanjskog Eura na kojem smo bili osmi i ovog Svjetskog prvenstva, na kojem ne\u0107emo bolji od devetog. \u0160to je previ\u0161e, previ\u0161e je. A jo\u0161 i dalje ne znamo tko nam je prvi, prenosi e-hercegovina.com. Na ovom [&hellip;]","og_url":"https:\/\/radioljubuski.ba\/index.php\/2023\/01\/23\/ljubusak-ante-grbavac-najbolji-golman-spanjolske-lige-igrao-sam-za-bih-ali-zelim-za-hrvatsku\/","og_site_name":"RADIO LJUBU\u0160KI","article_publisher":"https:\/\/www.facebook.com\/Radiio-Ljubuski-1490835324566332","article_published_time":"2023-01-23T08:30:57+00:00","article_modified_time":"2023-01-23T12:51:46+00:00","og_image":[{"width":600,"height":400,"url":"https:\/\/radioljubuski.ba\/wp-content\/uploads\/2023\/01\/ante-grbavac.jpg","type":"image\/jpeg"}],"author":"Radio Ljubu\u0161ki","twitter_card":"summary_large_image","twitter_creator":"@radioljubuski","twitter_site":"@radioljubuski","twitter_misc":{"Napisao\/la":"Radio Ljubu\u0161ki","Procijenjeno vrijeme \u010ditanja":"6 minuta"},"schema":{"@context":"https:\/\/schema.org","@graph":[{"@type":"Article","@id":"https:\/\/radioljubuski.ba\/index.php\/2023\/01\/23\/ljubusak-ante-grbavac-najbolji-golman-spanjolske-lige-igrao-sam-za-bih-ali-zelim-za-hrvatsku\/#article","isPartOf":{"@id":"https:\/\/radioljubuski.ba\/index.php\/2023\/01\/23\/ljubusak-ante-grbavac-najbolji-golman-spanjolske-lige-igrao-sam-za-bih-ali-zelim-za-hrvatsku\/"},"author":{"name":"Radio Ljubu\u0161ki","@id":"https:\/\/radioljubuski.ba\/#\/schema\/person\/19fc700381a780f69665d7956c469e3b"},"headline":"Ljubu\u0161ak Ante Grbavac, najbolji golman \u0161panjolske lige: Igrao sam za BiH, ali \u017eelim za Hrvatsku!","datePublished":"2023-01-23T08:30:57+00:00","dateModified":"2023-01-23T12:51:46+00:00","mainEntityOfPage":{"@id":"https:\/\/radioljubuski.ba\/index.php\/2023\/01\/23\/ljubusak-ante-grbavac-najbolji-golman-spanjolske-lige-igrao-sam-za-bih-ali-zelim-za-hrvatsku\/"},"wordCount":1158,"publisher":{"@id":"https:\/\/radioljubuski.ba\/#organization"},"image":{"@id":"https:\/\/radioljubuski.ba\/index.php\/2023\/01\/23\/ljubusak-ante-grbavac-najbolji-golman-spanjolske-lige-igrao-sam-za-bih-ali-zelim-za-hrvatsku\/#primaryimage"},"thumbnailUrl":"https:\/\/radioljubuski.ba\/wp-content\/uploads\/2023\/01\/ante-grbavac.jpg","articleSection":["\u0160port"],"inLanguage":"hr"},{"@type":"WebPage","@id":"https:\/\/radioljubuski.ba\/index.php\/2023\/01\/23\/ljubusak-ante-grbavac-najbolji-golman-spanjolske-lige-igrao-sam-za-bih-ali-zelim-za-hrvatsku\/","url":"https:\/\/radioljubuski.ba\/index.php\/2023\/01\/23\/ljubusak-ante-grbavac-najbolji-golman-spanjolske-lige-igrao-sam-za-bih-ali-zelim-za-hrvatsku\/","name":"Ljubu\u0161ak Ante Grbavac, najbolji golman \u0161panjolske lige: Igrao sam za BiH, ali \u017eelim za Hrvatsku! - RADIO LJUBU\u0160KI","isPartOf":{"@id":"https:\/\/radioljubuski.ba\/#website"},"primaryImageOfPage":{"@id":"https:\/\/radioljubuski.ba\/index.php\/2023\/01\/23\/ljubusak-ante-grbavac-najbolji-golman-spanjolske-lige-igrao-sam-za-bih-ali-zelim-za-hrvatsku\/#primaryimage"},"image":{"@id":"https:\/\/radioljubuski.ba\/index.php\/2023\/01\/23\/ljubusak-ante-grbavac-najbolji-golman-spanjolske-lige-igrao-sam-za-bih-ali-zelim-za-hrvatsku\/#primaryimage"},"thumbnailUrl":"https:\/\/radioljubuski.ba\/wp-content\/uploads\/2023\/01\/ante-grbavac.jpg","datePublished":"2023-01-23T08:30:57+00:00","dateModified":"2023-01-23T12:51:46+00:00","breadcrumb":{"@id":"https:\/\/radioljubuski.ba\/index.php\/2023\/01\/23\/ljubusak-ante-grbavac-najbolji-golman-spanjolske-lige-igrao-sam-za-bih-ali-zelim-za-hrvatsku\/#breadcrumb"},"inLanguage":"hr","potentialAction":[{"@type":"ReadAction","target":["https:\/\/radioljubuski.ba\/index.php\/2023\/01\/23\/ljubusak-ante-grbavac-najbolji-golman-spanjolske-lige-igrao-sam-za-bih-ali-zelim-za-hrvatsku\/"]}]},{"@type":"ImageObject","inLanguage":"hr","@id":"https:\/\/radioljubuski.ba\/index.php\/2023\/01\/23\/ljubusak-ante-grbavac-najbolji-golman-spanjolske-lige-igrao-sam-za-bih-ali-zelim-za-hrvatsku\/#primaryimage","url":"https:\/\/radioljubuski.ba\/wp-content\/uploads\/2023\/01\/ante-grbavac.jpg","contentUrl":"https:\/\/radioljubuski.ba\/wp-content\/uploads\/2023\/01\/ante-grbavac.jpg","width":600,"height":400},{"@type":"BreadcrumbList","@id":"https:\/\/radioljubuski.ba\/index.php\/2023\/01\/23\/ljubusak-ante-grbavac-najbolji-golman-spanjolske-lige-igrao-sam-za-bih-ali-zelim-za-hrvatsku\/#breadcrumb","itemListElement":[{"@type":"ListItem","position":1,"name":"Po\u010detna stranica","item":"https:\/\/radioljubuski.ba\/"},{"@type":"ListItem","position":2,"name":"Ljubu\u0161ak Ante Grbavac, najbolji golman \u0161panjolske lige: Igrao sam za BiH, ali \u017eelim za Hrvatsku!"}]},{"@type":"WebSite","@id":"https:\/\/radioljubuski.ba\/#website","url":"https:\/\/radioljubuski.ba\/","name":"Radio Ljubu\u0161ki","description":"Sun\u010dana frekvencija Hercegovine","publisher":{"@id":"https:\/\/radioljubuski.ba\/#organization"},"potentialAction":[{"@type":"SearchAction","target":{"@type":"EntryPoint","urlTemplate":"https:\/\/radioljubuski.ba\/?s={search_term_string}"},"query-input":{"@type":"PropertyValueSpecification","valueRequired":true,"valueName":"search_term_string"}}],"inLanguage":"hr"},{"@type":"Organization","@id":"https:\/\/radioljubuski.ba\/#organization","name":"Radio Ljubu\u0161ki","url":"https:\/\/radioljubuski.ba\/","logo":{"@type":"ImageObject","inLanguage":"hr","@id":"https:\/\/radioljubuski.ba\/#\/schema\/logo\/image\/","url":"https:\/\/radioljubuski.ba\/wp-content\/uploads\/2021\/02\/cropped-Radio_Ljubuski_logo1.jpg","contentUrl":"https:\/\/radioljubuski.ba\/wp-content\/uploads\/2021\/02\/cropped-Radio_Ljubuski_logo1.jpg","width":512,"height":512,"caption":"Radio Ljubu\u0161ki"},"image":{"@id":"https:\/\/radioljubuski.ba\/#\/schema\/logo\/image\/"},"sameAs":["https:\/\/www.facebook.com\/Radiio-Ljubuski-1490835324566332","https:\/\/x.com\/radioljubuski","https:\/\/hr.linkedin.com\/company\/radio-ljubuski","https:\/\/www.youtube.com\/channel\/UCHYaeO_n0Db3tjNGudGpXyw"]},{"@type":"Person","@id":"https:\/\/radioljubuski.ba\/#\/schema\/person\/19fc700381a780f69665d7956c469e3b","name":"Radio Ljubu\u0161ki"}]}},"_links":{"self":[{"href":"https:\/\/radioljubuski.ba\/index.php\/wp-json\/wp\/v2\/posts\/187567","targetHints":{"allow":["GET"]}}],"collection":[{"href":"https:\/\/radioljubuski.ba\/index.php\/wp-json\/wp\/v2\/posts"}],"about":[{"href":"https:\/\/radioljubuski.ba\/index.php\/wp-json\/wp\/v2\/types\/post"}],"author":[{"embeddable":true,"href":"https:\/\/radioljubuski.ba\/index.php\/wp-json\/wp\/v2\/users\/2"}],"replies":[{"embeddable":true,"href":"https:\/\/radioljubuski.ba\/index.php\/wp-json\/wp\/v2\/comments?post=187567"}],"version-history":[{"count":2,"href":"https:\/\/radioljubuski.ba\/index.php\/wp-json\/wp\/v2\/posts\/187567\/revisions"}],"predecessor-version":[{"id":187578,"href":"https:\/\/radioljubuski.ba\/index.php\/wp-json\/wp\/v2\/posts\/187567\/revisions\/187578"}],"wp:featuredmedia":[{"embeddable":true,"href":"https:\/\/radioljubuski.ba\/index.php\/wp-json\/wp\/v2\/media\/187568"}],"wp:attachment":[{"href":"https:\/\/radioljubuski.ba\/index.php\/wp-json\/wp\/v2\/media?parent=187567"}],"wp:term":[{"taxonomy":"category","embeddable":true,"href":"https:\/\/radioljubuski.ba\/index.php\/wp-json\/wp\/v2\/categories?post=187567"},{"taxonomy":"post_tag","embeddable":true,"href":"https:\/\/radioljubuski.ba\/index.php\/wp-json\/wp\/v2\/tags?post=187567"}],"curies":[{"name":"wp","href":"https:\/\/api.w.org\/{rel}","templated":true}]}}