{"id":187614,"date":"2023-01-25T10:05:26","date_gmt":"2023-01-25T09:05:26","guid":{"rendered":"https:\/\/radioljubuski.ba\/?p=187614"},"modified":"2023-01-30T08:21:15","modified_gmt":"2023-01-30T07:21:15","slug":"rk-izvidac-ljubuski-dobio-novog-sponzora","status":"publish","type":"post","link":"https:\/\/radioljubuski.ba\/index.php\/2023\/01\/25\/rk-izvidac-ljubuski-dobio-novog-sponzora\/","title":{"rendered":"RK Izvi\u0111a\u010d Ljubu\u0161ki dobio novog sponzora"},"content":{"rendered":"\n<p><\/p>\n\n\n\n<h3 class=\"wp-block-heading\"><strong>Franck BiH novi je sponzor Rukometnog kluba Izvi\u0111a\u010d Ljubu\u0161ki. Ugovor o sponzorskoj podr\u0161ci za 2023. godinu potpisali su Toni Kraljevi\u0107, predsjednik kluba i Edin \u0160kalji\u0107, direktor Francka u Bosni i Hercegovini.<\/strong><\/h3>\n\n\n\n<p>\u201e<em>Raduje nas \u0161to se Franck pridru\u017euje velikoj obitelji Rukometnog kluba Izvi\u0111a\u010d Ljubu\u0161ki. Vjerujem da su prepoznali ambiciju i snagu koju imamo i koju s puno entuzijazma i sportskog duha pokazujemo na terenu. Na\u0161 novi sponzorski partner \u0107e nam pomo\u0107i da se jo\u0161 vi\u0161e razvijamo i pobje\u0111ujemo na terenu. Franck je prepoznao kvalitetu na\u0161eg kluba i na\u0161ih igra\u010da te smo zahvalni \u0161to su se odlu\u010dili pridru\u017eiti na\u0161em putu prema uspjehu. Ova suradnja \u0107e omogu\u0107iti Izvi\u0111a\u010du Ljubu\u0161ki da nastavi s razvojem kluba i omogu\u0107iti nam da se jo\u0161 vi\u0161e fokusiramo na ciljeve koji su nam najva\u017eniji. Hvala Francku na podr\u0161ci i radu s nama<\/em>!&#8221;, poru\u010duju iz <strong>RK Izvi\u0111a\u010d Ljubu\u0161ki<\/strong>.<\/p>\n\n\n\n<p>Mnogima u Ljubu\u0161kom i \u017dupaniji Zapadnohercegova\u010dkoj rukomet predstavlja istinsku strast koja privla\u010di i motivira veliki broj mladih talenata, a stru\u010dni kadrovi RK Izvi\u0111a\u010d na najbolji ih mogu\u0107i na\u010din usmjeravaju prema ostvarivanju vrhunskih rezultata.<\/p>\n\n\n\n<p>\u201e<em>Kao kompanija s vi\u0161e od 130 godina uspje\u0161nog poslovanja, Franck je prepoznao dugu i bogatu tradiciju kluba te kvalitetu i uspjehe koje posti\u017eu na terenu na nacionalnoj i europskoj razini. Veliko nam je zadovoljstvo \u0161to na ovaj na\u010din mo\u017eemo podr\u017eati njihov trud, zalaganje i vrhunske rezultate, ali jednako tako i ulagati u talentirane mla\u0111e igra\u010de. <\/em><em>RK Izvi\u0111a\u010d ima izvrsne juniorske i kadetske selekcije koji su budu\u0107nost kluba, ali i rukometa u BiH. Vjerujemo kako \u0107e s na\u0161om sponzorskom podr\u0161kom mo\u0107i na jo\u0161 kvalitetniji na\u010din nastaviti pru\u017eati najbolje mogu\u0107e uvjete za rad i razvoj svih uzrasta unutar kluba. RK Izvi\u0111a\u010d ponosan je predstavnik i najbolji ambasador svoga grada Ljubu\u0161kog i cijele Bosne i Hercegovine. Radujemo se suradnji sa Izvi\u0111a\u010dem Ljubu\u0161ki i podr\u017eavamo ih u njihovim ciljevima.&#8221;,<\/em> rekao je <strong>Edin \u0160kalji\u0107<\/strong> prilikom potpisivanja ugovora. &nbsp;&nbsp;&nbsp;&nbsp;<\/p>\n\n\n\n<p><strong>O RK Izvi\u0111a\u010d &nbsp;<\/strong><\/p>\n\n\n\n<p>RK Izvi\u0111a\u010d&nbsp; je sportski klub duge i bogate tradicije, utemeljen 1956. godine i ve\u0107 vi\u0161e godina je nositelj i perjanica kako ljubu\u0161kog, tako i bosanskohercegova\u010dkog sporta. Izvi\u0111a\u010d je i osmerostruki prvak BiH te trostruki pobjednik Kupa BiH.<\/p>\n\n\n\n<p>Izvi\u0111a\u010d redovito nastupa i na europskoj sceni te regionalnoj SEHA \u2013 Gazprom ligi. Osobito je uspje\u0161an, medijski i rezultatski, nastup \u2019\u2019Skauta\u2019\u2019 u utakmicama s najslavnijom europskom rukometnom&nbsp; mom\u010dadi \u2013 Barcelonom, Ciudad Realom i protiv vi\u0161estrukog njema\u010dkog prvaka THW Kiela.<\/p>\n\n\n\n<p>Prvu mom\u010dad Izvi\u0111a\u010da vodili su Boris Jarak, u dva navrata Josip Glava\u0161 i Silvio Ivandija, Sini\u0161a Markota, Zdenko Grbavac, Dario Mikuli\u0107, Ilija Duka Puljevi\u0107, Mario Bjeli\u0161 te Toni \u010colina. Temelje struke udario je Josip Glava\u0161 koji u svojoj sportskoj karijeri ima cijeli niz uspjeha sa najuglednijim klubovima i reprezentacijom Hrvatske. Pod vodstvom Josipa Glava\u0161a Izvi\u0111a\u010d je ostvario povijesne uspjehe. Osvojio je tri prvenstva i kup BiH, dva puta se plasirao u Ligu prvaka i u polufinale europskog Kupa pobjednika kupova. Pod njegovim vodstvom pobije\u0111eni su Kolding, dva puta Wintertur, Pick Szeged, Gorenje, Prevent, igralo se ravnopravno sa Barcelonom, Ciudad Realom, Ademar Leonom \u2026<\/p>\n\n\n\n<p>Izvi\u0111a\u010d je u novijoj povijesti 22 puta progla\u0161avan za najbolju sportsku mom\u010dad op\u0107ine Ljubu\u0161ki, dok je u 2004. i 2005. godine progla\u0161en za najbolju sportsku mom\u010dad u BiH.<\/p>\n\n\n\n<p>Iz kluba potje\u010du svjetske klase kao \u0161to su Mirko Alilovi\u0107, Denis Bunti\u0107, David Mandi\u0107, Josip \u0160arac, Matej Hrsti\u0107, \u2026 Svoju afirmaciju u klubu stekli su Nikola Prce, Mirsad Terzi\u0107, Marin \u0160ego \u017deljko Musa, Josip Peri\u0107, Adnan Harmandi\u0107, Benjamin i Senjamin Buri\u0107, Mirko Herceg, Dejan Malinovi\u0107 \u2026 rukometa\u0161i koji su danas \u010dlanovi najboljih europskih klubova.<\/p>\n\n\n\n<p><strong>O Francku u Bosni i Hercegovini<\/strong><\/p>\n\n\n\n<p>Franckov proizvodni pogon u Grudama otvoren je jo\u0161 2008. godine kao greenfield investicija u koju je ulo\u017eeno vi\u0161e od \u0161est (6) milijuna KM. Kompanija u punom kapacitetu zadovoljava potrebe potro\u0161a\u010da u Bosni i Hercegovini s proizvodnjom strate\u0161kih proizvoda, primarno mljevene kave poznatih brendova poput poznate <strong>Jubilarne kave ili Bonus espressa<\/strong> u zrnu za ugostiteljske objekte. Kontinuiranim ulaganjima u proizvodne kapacitete, Franck nastoji biti dobar primjer uspje\u0161nih doma\u0107ih investicija koje doprinose otvaranju novih radnih mjesta i razvoju cjelokupnog bh. gospodarstva. Kompanija je izazovno razdoblje tijekom pandemije i zatvaranja iskoristila za osna\u017eivanje svojih kapaciteta i prodajne snage, kao i za organizacijsko ja\u010danje uz pove\u0107anje broja zaposlenih i unapre\u0111enje prodajnog pristupa tr\u017ei\u0161tu. Sponzoriranjem RK Izvi\u0111a\u010d daje svoj obol razvoju vrhunskog sporta i sportskih talenata u zajednici u kojoj posluje. <strong><\/strong><\/p>\n","protected":false},"excerpt":{"rendered":"<p>Franck BiH novi je sponzor Rukometnog kluba Izvi\u0111a\u010d Ljubu\u0161ki. Ugovor o sponzorskoj podr\u0161ci za 2023. godinu potpisali su Toni Kraljevi\u0107, predsjednik kluba i Edin \u0160kalji\u0107, direktor Francka u Bosni i Hercegovini. \u201eRaduje nas \u0161to se Franck pridru\u017euje velikoj obitelji Rukometnog kluba Izvi\u0111a\u010d Ljubu\u0161ki. Vjerujem da su prepoznali ambiciju i snagu koju imamo i koju s [&hellip;]<\/p>\n","protected":false},"author":2,"featured_media":0,"comment_status":"closed","ping_status":"closed","sticky":false,"template":"","format":"standard","meta":{"h5ap_radio_sources":[],"footnotes":""},"categories":[28],"tags":[],"class_list":["post-187614","post","type-post","status-publish","format-standard","hentry","category-novosti"],"yoast_head":"<!-- This site is optimized with the Yoast SEO plugin v27.5 - https:\/\/yoast.com\/product\/yoast-seo-wordpress\/ -->\n<title>RK Izvi\u0111a\u010d Ljubu\u0161ki dobio novog sponzora - RADIO LJUBU\u0160KI<\/title>\n<meta name=\"robots\" content=\"index, follow, max-snippet:-1, max-image-preview:large, max-video-preview:-1\" \/>\n<link rel=\"canonical\" href=\"https:\/\/radioljubuski.ba\/index.php\/2023\/01\/25\/rk-izvidac-ljubuski-dobio-novog-sponzora\/\" \/>\n<meta property=\"og:locale\" content=\"hr_HR\" \/>\n<meta property=\"og:type\" content=\"article\" \/>\n<meta property=\"og:title\" content=\"RK Izvi\u0111a\u010d Ljubu\u0161ki dobio novog sponzora - RADIO LJUBU\u0160KI\" \/>\n<meta property=\"og:description\" content=\"Franck BiH novi je sponzor Rukometnog kluba Izvi\u0111a\u010d Ljubu\u0161ki. Ugovor o sponzorskoj podr\u0161ci za 2023. godinu potpisali su Toni Kraljevi\u0107, predsjednik kluba i Edin \u0160kalji\u0107, direktor Francka u Bosni i Hercegovini. \u201eRaduje nas \u0161to se Franck pridru\u017euje velikoj obitelji Rukometnog kluba Izvi\u0111a\u010d Ljubu\u0161ki. Vjerujem da su prepoznali ambiciju i snagu koju imamo i koju s [&hellip;]\" \/>\n<meta property=\"og:url\" content=\"https:\/\/radioljubuski.ba\/index.php\/2023\/01\/25\/rk-izvidac-ljubuski-dobio-novog-sponzora\/\" \/>\n<meta property=\"og:site_name\" content=\"RADIO LJUBU\u0160KI\" \/>\n<meta property=\"article:publisher\" content=\"https:\/\/www.facebook.com\/Radiio-Ljubuski-1490835324566332\" \/>\n<meta property=\"article:published_time\" content=\"2023-01-25T09:05:26+00:00\" \/>\n<meta property=\"article:modified_time\" content=\"2023-01-30T07:21:15+00:00\" \/>\n<meta property=\"og:image\" content=\"https:\/\/radioljubuski.ba\/wp-content\/uploads\/2023\/01\/RK-Izvidjac-i-Franck_2.jpeg\" \/>\n\t<meta property=\"og:image:width\" content=\"640\" \/>\n\t<meta property=\"og:image:height\" content=\"480\" \/>\n\t<meta property=\"og:image:type\" content=\"image\/jpeg\" \/>\n<meta name=\"author\" content=\"Radio Ljubu\u0161ki\" \/>\n<meta name=\"twitter:card\" content=\"summary_large_image\" \/>\n<meta name=\"twitter:creator\" content=\"@radioljubuski\" \/>\n<meta name=\"twitter:site\" content=\"@radioljubuski\" \/>\n<meta name=\"twitter:label1\" content=\"Napisao\/la\" \/>\n\t<meta name=\"twitter:data1\" content=\"Radio Ljubu\u0161ki\" \/>\n\t<meta name=\"twitter:label2\" content=\"Procijenjeno vrijeme \u010ditanja\" \/>\n\t<meta name=\"twitter:data2\" content=\"4 minute\" \/>\n<script type=\"application\/ld+json\" class=\"yoast-schema-graph\">{\"@context\":\"https:\\\/\\\/schema.org\",\"@graph\":[{\"@type\":\"Article\",\"@id\":\"https:\\\/\\\/radioljubuski.ba\\\/index.php\\\/2023\\\/01\\\/25\\\/rk-izvidac-ljubuski-dobio-novog-sponzora\\\/#article\",\"isPartOf\":{\"@id\":\"https:\\\/\\\/radioljubuski.ba\\\/index.php\\\/2023\\\/01\\\/25\\\/rk-izvidac-ljubuski-dobio-novog-sponzora\\\/\"},\"author\":{\"name\":\"Radio Ljubu\u0161ki\",\"@id\":\"https:\\\/\\\/radioljubuski.ba\\\/#\\\/schema\\\/person\\\/19fc700381a780f69665d7956c469e3b\"},\"headline\":\"RK Izvi\u0111a\u010d Ljubu\u0161ki dobio novog sponzora\",\"datePublished\":\"2023-01-25T09:05:26+00:00\",\"dateModified\":\"2023-01-30T07:21:15+00:00\",\"mainEntityOfPage\":{\"@id\":\"https:\\\/\\\/radioljubuski.ba\\\/index.php\\\/2023\\\/01\\\/25\\\/rk-izvidac-ljubuski-dobio-novog-sponzora\\\/\"},\"wordCount\":797,\"publisher\":{\"@id\":\"https:\\\/\\\/radioljubuski.ba\\\/#organization\"},\"articleSection\":[\"Novosti\"],\"inLanguage\":\"hr\"},{\"@type\":\"WebPage\",\"@id\":\"https:\\\/\\\/radioljubuski.ba\\\/index.php\\\/2023\\\/01\\\/25\\\/rk-izvidac-ljubuski-dobio-novog-sponzora\\\/\",\"url\":\"https:\\\/\\\/radioljubuski.ba\\\/index.php\\\/2023\\\/01\\\/25\\\/rk-izvidac-ljubuski-dobio-novog-sponzora\\\/\",\"name\":\"RK Izvi\u0111a\u010d Ljubu\u0161ki dobio novog sponzora - RADIO LJUBU\u0160KI\",\"isPartOf\":{\"@id\":\"https:\\\/\\\/radioljubuski.ba\\\/#website\"},\"datePublished\":\"2023-01-25T09:05:26+00:00\",\"dateModified\":\"2023-01-30T07:21:15+00:00\",\"breadcrumb\":{\"@id\":\"https:\\\/\\\/radioljubuski.ba\\\/index.php\\\/2023\\\/01\\\/25\\\/rk-izvidac-ljubuski-dobio-novog-sponzora\\\/#breadcrumb\"},\"inLanguage\":\"hr\",\"potentialAction\":[{\"@type\":\"ReadAction\",\"target\":[\"https:\\\/\\\/radioljubuski.ba\\\/index.php\\\/2023\\\/01\\\/25\\\/rk-izvidac-ljubuski-dobio-novog-sponzora\\\/\"]}]},{\"@type\":\"BreadcrumbList\",\"@id\":\"https:\\\/\\\/radioljubuski.ba\\\/index.php\\\/2023\\\/01\\\/25\\\/rk-izvidac-ljubuski-dobio-novog-sponzora\\\/#breadcrumb\",\"itemListElement\":[{\"@type\":\"ListItem\",\"position\":1,\"name\":\"Po\u010detna stranica\",\"item\":\"https:\\\/\\\/radioljubuski.ba\\\/\"},{\"@type\":\"ListItem\",\"position\":2,\"name\":\"RK Izvi\u0111a\u010d Ljubu\u0161ki dobio novog sponzora\"}]},{\"@type\":\"WebSite\",\"@id\":\"https:\\\/\\\/radioljubuski.ba\\\/#website\",\"url\":\"https:\\\/\\\/radioljubuski.ba\\\/\",\"name\":\"Radio Ljubu\u0161ki\",\"description\":\"Sun\u010dana frekvencija Hercegovine\",\"publisher\":{\"@id\":\"https:\\\/\\\/radioljubuski.ba\\\/#organization\"},\"potentialAction\":[{\"@type\":\"SearchAction\",\"target\":{\"@type\":\"EntryPoint\",\"urlTemplate\":\"https:\\\/\\\/radioljubuski.ba\\\/?s={search_term_string}\"},\"query-input\":{\"@type\":\"PropertyValueSpecification\",\"valueRequired\":true,\"valueName\":\"search_term_string\"}}],\"inLanguage\":\"hr\"},{\"@type\":\"Organization\",\"@id\":\"https:\\\/\\\/radioljubuski.ba\\\/#organization\",\"name\":\"Radio Ljubu\u0161ki\",\"url\":\"https:\\\/\\\/radioljubuski.ba\\\/\",\"logo\":{\"@type\":\"ImageObject\",\"inLanguage\":\"hr\",\"@id\":\"https:\\\/\\\/radioljubuski.ba\\\/#\\\/schema\\\/logo\\\/image\\\/\",\"url\":\"https:\\\/\\\/radioljubuski.ba\\\/wp-content\\\/uploads\\\/2021\\\/02\\\/cropped-Radio_Ljubuski_logo1.jpg\",\"contentUrl\":\"https:\\\/\\\/radioljubuski.ba\\\/wp-content\\\/uploads\\\/2021\\\/02\\\/cropped-Radio_Ljubuski_logo1.jpg\",\"width\":512,\"height\":512,\"caption\":\"Radio Ljubu\u0161ki\"},\"image\":{\"@id\":\"https:\\\/\\\/radioljubuski.ba\\\/#\\\/schema\\\/logo\\\/image\\\/\"},\"sameAs\":[\"https:\\\/\\\/www.facebook.com\\\/Radiio-Ljubuski-1490835324566332\",\"https:\\\/\\\/x.com\\\/radioljubuski\",\"https:\\\/\\\/hr.linkedin.com\\\/company\\\/radio-ljubuski\",\"https:\\\/\\\/www.youtube.com\\\/channel\\\/UCHYaeO_n0Db3tjNGudGpXyw\"]},{\"@type\":\"Person\",\"@id\":\"https:\\\/\\\/radioljubuski.ba\\\/#\\\/schema\\\/person\\\/19fc700381a780f69665d7956c469e3b\",\"name\":\"Radio Ljubu\u0161ki\"}]}<\/script>\n<!-- \/ Yoast SEO plugin. -->","yoast_head_json":{"title":"RK Izvi\u0111a\u010d Ljubu\u0161ki dobio novog sponzora - RADIO LJUBU\u0160KI","robots":{"index":"index","follow":"follow","max-snippet":"max-snippet:-1","max-image-preview":"max-image-preview:large","max-video-preview":"max-video-preview:-1"},"canonical":"https:\/\/radioljubuski.ba\/index.php\/2023\/01\/25\/rk-izvidac-ljubuski-dobio-novog-sponzora\/","og_locale":"hr_HR","og_type":"article","og_title":"RK Izvi\u0111a\u010d Ljubu\u0161ki dobio novog sponzora - RADIO LJUBU\u0160KI","og_description":"Franck BiH novi je sponzor Rukometnog kluba Izvi\u0111a\u010d Ljubu\u0161ki. Ugovor o sponzorskoj podr\u0161ci za 2023. godinu potpisali su Toni Kraljevi\u0107, predsjednik kluba i Edin \u0160kalji\u0107, direktor Francka u Bosni i Hercegovini. \u201eRaduje nas \u0161to se Franck pridru\u017euje velikoj obitelji Rukometnog kluba Izvi\u0111a\u010d Ljubu\u0161ki. Vjerujem da su prepoznali ambiciju i snagu koju imamo i koju s [&hellip;]","og_url":"https:\/\/radioljubuski.ba\/index.php\/2023\/01\/25\/rk-izvidac-ljubuski-dobio-novog-sponzora\/","og_site_name":"RADIO LJUBU\u0160KI","article_publisher":"https:\/\/www.facebook.com\/Radiio-Ljubuski-1490835324566332","article_published_time":"2023-01-25T09:05:26+00:00","article_modified_time":"2023-01-30T07:21:15+00:00","og_image":[{"width":640,"height":480,"url":"https:\/\/radioljubuski.ba\/wp-content\/uploads\/2023\/01\/RK-Izvidjac-i-Franck_2.jpeg","type":"image\/jpeg"}],"author":"Radio Ljubu\u0161ki","twitter_card":"summary_large_image","twitter_creator":"@radioljubuski","twitter_site":"@radioljubuski","twitter_misc":{"Napisao\/la":"Radio Ljubu\u0161ki","Procijenjeno vrijeme \u010ditanja":"4 minute"},"schema":{"@context":"https:\/\/schema.org","@graph":[{"@type":"Article","@id":"https:\/\/radioljubuski.ba\/index.php\/2023\/01\/25\/rk-izvidac-ljubuski-dobio-novog-sponzora\/#article","isPartOf":{"@id":"https:\/\/radioljubuski.ba\/index.php\/2023\/01\/25\/rk-izvidac-ljubuski-dobio-novog-sponzora\/"},"author":{"name":"Radio Ljubu\u0161ki","@id":"https:\/\/radioljubuski.ba\/#\/schema\/person\/19fc700381a780f69665d7956c469e3b"},"headline":"RK Izvi\u0111a\u010d Ljubu\u0161ki dobio novog sponzora","datePublished":"2023-01-25T09:05:26+00:00","dateModified":"2023-01-30T07:21:15+00:00","mainEntityOfPage":{"@id":"https:\/\/radioljubuski.ba\/index.php\/2023\/01\/25\/rk-izvidac-ljubuski-dobio-novog-sponzora\/"},"wordCount":797,"publisher":{"@id":"https:\/\/radioljubuski.ba\/#organization"},"articleSection":["Novosti"],"inLanguage":"hr"},{"@type":"WebPage","@id":"https:\/\/radioljubuski.ba\/index.php\/2023\/01\/25\/rk-izvidac-ljubuski-dobio-novog-sponzora\/","url":"https:\/\/radioljubuski.ba\/index.php\/2023\/01\/25\/rk-izvidac-ljubuski-dobio-novog-sponzora\/","name":"RK Izvi\u0111a\u010d Ljubu\u0161ki dobio novog sponzora - RADIO LJUBU\u0160KI","isPartOf":{"@id":"https:\/\/radioljubuski.ba\/#website"},"datePublished":"2023-01-25T09:05:26+00:00","dateModified":"2023-01-30T07:21:15+00:00","breadcrumb":{"@id":"https:\/\/radioljubuski.ba\/index.php\/2023\/01\/25\/rk-izvidac-ljubuski-dobio-novog-sponzora\/#breadcrumb"},"inLanguage":"hr","potentialAction":[{"@type":"ReadAction","target":["https:\/\/radioljubuski.ba\/index.php\/2023\/01\/25\/rk-izvidac-ljubuski-dobio-novog-sponzora\/"]}]},{"@type":"BreadcrumbList","@id":"https:\/\/radioljubuski.ba\/index.php\/2023\/01\/25\/rk-izvidac-ljubuski-dobio-novog-sponzora\/#breadcrumb","itemListElement":[{"@type":"ListItem","position":1,"name":"Po\u010detna stranica","item":"https:\/\/radioljubuski.ba\/"},{"@type":"ListItem","position":2,"name":"RK Izvi\u0111a\u010d Ljubu\u0161ki dobio novog sponzora"}]},{"@type":"WebSite","@id":"https:\/\/radioljubuski.ba\/#website","url":"https:\/\/radioljubuski.ba\/","name":"Radio Ljubu\u0161ki","description":"Sun\u010dana frekvencija Hercegovine","publisher":{"@id":"https:\/\/radioljubuski.ba\/#organization"},"potentialAction":[{"@type":"SearchAction","target":{"@type":"EntryPoint","urlTemplate":"https:\/\/radioljubuski.ba\/?s={search_term_string}"},"query-input":{"@type":"PropertyValueSpecification","valueRequired":true,"valueName":"search_term_string"}}],"inLanguage":"hr"},{"@type":"Organization","@id":"https:\/\/radioljubuski.ba\/#organization","name":"Radio Ljubu\u0161ki","url":"https:\/\/radioljubuski.ba\/","logo":{"@type":"ImageObject","inLanguage":"hr","@id":"https:\/\/radioljubuski.ba\/#\/schema\/logo\/image\/","url":"https:\/\/radioljubuski.ba\/wp-content\/uploads\/2021\/02\/cropped-Radio_Ljubuski_logo1.jpg","contentUrl":"https:\/\/radioljubuski.ba\/wp-content\/uploads\/2021\/02\/cropped-Radio_Ljubuski_logo1.jpg","width":512,"height":512,"caption":"Radio Ljubu\u0161ki"},"image":{"@id":"https:\/\/radioljubuski.ba\/#\/schema\/logo\/image\/"},"sameAs":["https:\/\/www.facebook.com\/Radiio-Ljubuski-1490835324566332","https:\/\/x.com\/radioljubuski","https:\/\/hr.linkedin.com\/company\/radio-ljubuski","https:\/\/www.youtube.com\/channel\/UCHYaeO_n0Db3tjNGudGpXyw"]},{"@type":"Person","@id":"https:\/\/radioljubuski.ba\/#\/schema\/person\/19fc700381a780f69665d7956c469e3b","name":"Radio Ljubu\u0161ki"}]}},"_links":{"self":[{"href":"https:\/\/radioljubuski.ba\/index.php\/wp-json\/wp\/v2\/posts\/187614","targetHints":{"allow":["GET"]}}],"collection":[{"href":"https:\/\/radioljubuski.ba\/index.php\/wp-json\/wp\/v2\/posts"}],"about":[{"href":"https:\/\/radioljubuski.ba\/index.php\/wp-json\/wp\/v2\/types\/post"}],"author":[{"embeddable":true,"href":"https:\/\/radioljubuski.ba\/index.php\/wp-json\/wp\/v2\/users\/2"}],"replies":[{"embeddable":true,"href":"https:\/\/radioljubuski.ba\/index.php\/wp-json\/wp\/v2\/comments?post=187614"}],"version-history":[{"count":2,"href":"https:\/\/radioljubuski.ba\/index.php\/wp-json\/wp\/v2\/posts\/187614\/revisions"}],"predecessor-version":[{"id":187640,"href":"https:\/\/radioljubuski.ba\/index.php\/wp-json\/wp\/v2\/posts\/187614\/revisions\/187640"}],"wp:attachment":[{"href":"https:\/\/radioljubuski.ba\/index.php\/wp-json\/wp\/v2\/media?parent=187614"}],"wp:term":[{"taxonomy":"category","embeddable":true,"href":"https:\/\/radioljubuski.ba\/index.php\/wp-json\/wp\/v2\/categories?post=187614"},{"taxonomy":"post_tag","embeddable":true,"href":"https:\/\/radioljubuski.ba\/index.php\/wp-json\/wp\/v2\/tags?post=187614"}],"curies":[{"name":"wp","href":"https:\/\/api.w.org\/{rel}","templated":true}]}}