{"id":187625,"date":"2023-01-26T09:54:55","date_gmt":"2023-01-26T08:54:55","guid":{"rendered":"https:\/\/radioljubuski.ba\/?p=187625"},"modified":"2023-01-26T09:54:56","modified_gmt":"2023-01-26T08:54:56","slug":"uefa-uvela-cetvrtfinale-lige-nacija-kazanju-oduzet-superkup","status":"publish","type":"post","link":"https:\/\/radioljubuski.ba\/index.php\/2023\/01\/26\/uefa-uvela-cetvrtfinale-lige-nacija-kazanju-oduzet-superkup\/","title":{"rendered":"UEFA uvela \u010detvrtfinale Lige nacija, Kazanju oduzet Superkup"},"content":{"rendered":"\n<p>Europska nogometna federacija (UEFA) je na dana\u0161njem zasjedanju Izvr\u0161nog odbora u Nyonu uvela promjene u sustavu natjecanja Lige nacija koje \u0107e stupiti na snagu u rujnu 2024. godine.<\/p>\n\n\n\n<p>Liga nacija \u0107e biti pro\u0161irena nokaut rundom koja \u0107e se igrati u o\u017eujku, \u010dime \u0107e se stvoriti kontinuitet izme\u0111u grupne faze koja zavr\u0161ava u studenom i zavr\u0161nog turnira koji se igra u lipnju.<\/p>\n\n\n\n<p>Po sada\u0161njem formatu Lige nacija pobjednici skupina elitnog razreda Lige A izborili su plasman na Final Four. Tako je Hrvatska koja je bila najbolja u skupini 1 izborila zavr\u0161ni turnir na kojem \u0107e u polufinalu 14. lipnja igrati protiv Nizozemske, dok \u0107e se u drugom polufinalu dan kasnije sastati Italija i \u0160panjolska. Finale i susret za 3. mjesto su 18. lipnja.<br><br>Me\u0111utim, od idu\u0107eg izdanja Lige nacija 2024\/25. uvodi se \u010detvrtfinale u kojem \u0107e pobjednici i drugoplasirani iz skupina Lige A u o\u017eujku igrati me\u0111usobno kod ku\u0107e i u gostima, a pobjednici tih susreta kvalificirat \u0107e se za Final Four.<\/p>\n\n\n\n<p>Do\u0161lo je do promjene i u ni\u017eim ligama. Kao dio promjene formata, uvest \u0107e se i doigravanje za promociju\/ispadanje, pri \u010demu \u0107e tre\u0107eplasirane reprezentacije Lige A igrati protiv drugoplasiranih Lige B, a tre\u0107eplasirane ekipe Lige B protiv drugoplasiranih. Lige C. Utakmice \u0107e se igrati kod ku\u0107e i u gostima, s tim da pobjednici idu u vi\u0161u, a pora\u017eeni u ni\u017eu ligu.<\/p>\n\n\n\n<p>Ostaje isto da u Ligama B, C i D pobjednici skupina napreduju, dok posljednjeplasirane mom\u010dadi iz skupina A, B i C ispadaju u ni\u017ei razred. Kako Liga C ima \u010detiri skupine, dok Liga D ima samo dvije, dvije najlo\u0161ije rangirane reprezentacije Lige C automatski \u0107e ispasti.<\/p>\n\n\n\n<p>&#8211; Uvo\u0111enje UEFA Lige nacija bila je pri\u010da o uspjehu, jer su prijateljske utakmice zamijenjene natjecateljskim utakmicama. A sada, uvo\u0111enjem nove knock-out faze, mom\u010dadi \u0107e dobiti jo\u0161 vi\u0161e prilika za napredak uz zadr\u017eavanje istog broja utakmica unutar me\u0111unarodnog kalendara utakmica, kazao je predsjednik UEFA-e<strong>&nbsp;Aleksander \u010ceferin<\/strong>.<\/p>\n\n\n\n<p>Do\u0161lo je i do promjena u formatu kvalifikacija za EURO, te europskih kvalifikacija za Svjetsko prvenstvo. Po novome \u0107e se \u017edrijebati 12 skupina od \u010detiri i pet reprezentacija.&nbsp;<br><br>Pobjednici skupina kvalificirat \u0107e se izravno za EP ili SP, a dok \u0107e se drugoplasirane ekipe ili izravno kvalificirati ili sudjelovati u utakmicama doigravanja (s mom\u010dadima Lige nacija za kvalifikacije za UEFA-u EURO). Novi format bit \u0107e implementiran nakon UEFA EURO 2024.<\/p>\n\n\n\n<p>Dodajmo i kako je UEFA oduzela ruskom Kazanju doma\u0107instvo europskog Superkupa 2023. Umjesto u Rusiji igrat \u0107e se u Ateni na stadionu Georgios Karaiskakis u srijedu 16. kolovoza.<\/p>\n\n\n\n<p>izvor: hrt.hr<\/p>\n","protected":false},"excerpt":{"rendered":"<p>Europska nogometna federacija (UEFA) je na dana\u0161njem zasjedanju Izvr\u0161nog odbora u Nyonu uvela promjene u sustavu natjecanja Lige nacija koje \u0107e stupiti na snagu u rujnu 2024. godine. Liga nacija \u0107e biti pro\u0161irena nokaut rundom koja \u0107e se igrati u o\u017eujku, \u010dime \u0107e se stvoriti kontinuitet izme\u0111u grupne faze koja zavr\u0161ava u studenom i zavr\u0161nog [&hellip;]<\/p>\n","protected":false},"author":2,"featured_media":187626,"comment_status":"closed","ping_status":"closed","sticky":false,"template":"","format":"standard","meta":{"h5ap_radio_sources":[],"footnotes":""},"categories":[7],"tags":[],"class_list":["post-187625","post","type-post","status-publish","format-standard","has-post-thumbnail","hentry","category-sport"],"yoast_head":"<!-- This site is optimized with the Yoast SEO plugin v27.5 - https:\/\/yoast.com\/product\/yoast-seo-wordpress\/ -->\n<title>UEFA uvela \u010detvrtfinale Lige nacija, Kazanju oduzet Superkup - RADIO LJUBU\u0160KI<\/title>\n<meta name=\"robots\" content=\"index, follow, max-snippet:-1, max-image-preview:large, max-video-preview:-1\" \/>\n<link rel=\"canonical\" href=\"https:\/\/radioljubuski.ba\/index.php\/2023\/01\/26\/uefa-uvela-cetvrtfinale-lige-nacija-kazanju-oduzet-superkup\/\" \/>\n<meta property=\"og:locale\" content=\"hr_HR\" \/>\n<meta property=\"og:type\" content=\"article\" \/>\n<meta property=\"og:title\" content=\"UEFA uvela \u010detvrtfinale Lige nacija, Kazanju oduzet Superkup - RADIO LJUBU\u0160KI\" \/>\n<meta property=\"og:description\" content=\"Europska nogometna federacija (UEFA) je na dana\u0161njem zasjedanju Izvr\u0161nog odbora u Nyonu uvela promjene u sustavu natjecanja Lige nacija koje \u0107e stupiti na snagu u rujnu 2024. godine. Liga nacija \u0107e biti pro\u0161irena nokaut rundom koja \u0107e se igrati u o\u017eujku, \u010dime \u0107e se stvoriti kontinuitet izme\u0111u grupne faze koja zavr\u0161ava u studenom i zavr\u0161nog [&hellip;]\" \/>\n<meta property=\"og:url\" content=\"https:\/\/radioljubuski.ba\/index.php\/2023\/01\/26\/uefa-uvela-cetvrtfinale-lige-nacija-kazanju-oduzet-superkup\/\" \/>\n<meta property=\"og:site_name\" content=\"RADIO LJUBU\u0160KI\" \/>\n<meta property=\"article:publisher\" content=\"https:\/\/www.facebook.com\/Radiio-Ljubuski-1490835324566332\" \/>\n<meta property=\"article:published_time\" content=\"2023-01-26T08:54:55+00:00\" \/>\n<meta property=\"article:modified_time\" content=\"2023-01-26T08:54:56+00:00\" \/>\n<meta property=\"og:image\" content=\"https:\/\/radioljubuski.ba\/wp-content\/uploads\/2023\/01\/preuzmi.jpg\" \/>\n\t<meta property=\"og:image:width\" content=\"225\" \/>\n\t<meta property=\"og:image:height\" content=\"225\" \/>\n\t<meta property=\"og:image:type\" content=\"image\/jpeg\" \/>\n<meta name=\"author\" content=\"Radio Ljubu\u0161ki\" \/>\n<meta name=\"twitter:card\" content=\"summary_large_image\" \/>\n<meta name=\"twitter:creator\" content=\"@radioljubuski\" \/>\n<meta name=\"twitter:site\" content=\"@radioljubuski\" \/>\n<meta name=\"twitter:label1\" content=\"Napisao\/la\" \/>\n\t<meta name=\"twitter:data1\" content=\"Radio Ljubu\u0161ki\" \/>\n\t<meta name=\"twitter:label2\" content=\"Procijenjeno vrijeme \u010ditanja\" \/>\n\t<meta name=\"twitter:data2\" content=\"3 minute\" \/>\n<script type=\"application\/ld+json\" class=\"yoast-schema-graph\">{\"@context\":\"https:\\\/\\\/schema.org\",\"@graph\":[{\"@type\":\"Article\",\"@id\":\"https:\\\/\\\/radioljubuski.ba\\\/index.php\\\/2023\\\/01\\\/26\\\/uefa-uvela-cetvrtfinale-lige-nacija-kazanju-oduzet-superkup\\\/#article\",\"isPartOf\":{\"@id\":\"https:\\\/\\\/radioljubuski.ba\\\/index.php\\\/2023\\\/01\\\/26\\\/uefa-uvela-cetvrtfinale-lige-nacija-kazanju-oduzet-superkup\\\/\"},\"author\":{\"name\":\"Radio Ljubu\u0161ki\",\"@id\":\"https:\\\/\\\/radioljubuski.ba\\\/#\\\/schema\\\/person\\\/19fc700381a780f69665d7956c469e3b\"},\"headline\":\"UEFA uvela \u010detvrtfinale Lige nacija, Kazanju oduzet Superkup\",\"datePublished\":\"2023-01-26T08:54:55+00:00\",\"dateModified\":\"2023-01-26T08:54:56+00:00\",\"mainEntityOfPage\":{\"@id\":\"https:\\\/\\\/radioljubuski.ba\\\/index.php\\\/2023\\\/01\\\/26\\\/uefa-uvela-cetvrtfinale-lige-nacija-kazanju-oduzet-superkup\\\/\"},\"wordCount\":451,\"publisher\":{\"@id\":\"https:\\\/\\\/radioljubuski.ba\\\/#organization\"},\"image\":{\"@id\":\"https:\\\/\\\/radioljubuski.ba\\\/index.php\\\/2023\\\/01\\\/26\\\/uefa-uvela-cetvrtfinale-lige-nacija-kazanju-oduzet-superkup\\\/#primaryimage\"},\"thumbnailUrl\":\"https:\\\/\\\/radioljubuski.ba\\\/wp-content\\\/uploads\\\/2023\\\/01\\\/preuzmi.jpg\",\"articleSection\":[\"\u0160port\"],\"inLanguage\":\"hr\"},{\"@type\":\"WebPage\",\"@id\":\"https:\\\/\\\/radioljubuski.ba\\\/index.php\\\/2023\\\/01\\\/26\\\/uefa-uvela-cetvrtfinale-lige-nacija-kazanju-oduzet-superkup\\\/\",\"url\":\"https:\\\/\\\/radioljubuski.ba\\\/index.php\\\/2023\\\/01\\\/26\\\/uefa-uvela-cetvrtfinale-lige-nacija-kazanju-oduzet-superkup\\\/\",\"name\":\"UEFA uvela \u010detvrtfinale Lige nacija, Kazanju oduzet Superkup - RADIO LJUBU\u0160KI\",\"isPartOf\":{\"@id\":\"https:\\\/\\\/radioljubuski.ba\\\/#website\"},\"primaryImageOfPage\":{\"@id\":\"https:\\\/\\\/radioljubuski.ba\\\/index.php\\\/2023\\\/01\\\/26\\\/uefa-uvela-cetvrtfinale-lige-nacija-kazanju-oduzet-superkup\\\/#primaryimage\"},\"image\":{\"@id\":\"https:\\\/\\\/radioljubuski.ba\\\/index.php\\\/2023\\\/01\\\/26\\\/uefa-uvela-cetvrtfinale-lige-nacija-kazanju-oduzet-superkup\\\/#primaryimage\"},\"thumbnailUrl\":\"https:\\\/\\\/radioljubuski.ba\\\/wp-content\\\/uploads\\\/2023\\\/01\\\/preuzmi.jpg\",\"datePublished\":\"2023-01-26T08:54:55+00:00\",\"dateModified\":\"2023-01-26T08:54:56+00:00\",\"breadcrumb\":{\"@id\":\"https:\\\/\\\/radioljubuski.ba\\\/index.php\\\/2023\\\/01\\\/26\\\/uefa-uvela-cetvrtfinale-lige-nacija-kazanju-oduzet-superkup\\\/#breadcrumb\"},\"inLanguage\":\"hr\",\"potentialAction\":[{\"@type\":\"ReadAction\",\"target\":[\"https:\\\/\\\/radioljubuski.ba\\\/index.php\\\/2023\\\/01\\\/26\\\/uefa-uvela-cetvrtfinale-lige-nacija-kazanju-oduzet-superkup\\\/\"]}]},{\"@type\":\"ImageObject\",\"inLanguage\":\"hr\",\"@id\":\"https:\\\/\\\/radioljubuski.ba\\\/index.php\\\/2023\\\/01\\\/26\\\/uefa-uvela-cetvrtfinale-lige-nacija-kazanju-oduzet-superkup\\\/#primaryimage\",\"url\":\"https:\\\/\\\/radioljubuski.ba\\\/wp-content\\\/uploads\\\/2023\\\/01\\\/preuzmi.jpg\",\"contentUrl\":\"https:\\\/\\\/radioljubuski.ba\\\/wp-content\\\/uploads\\\/2023\\\/01\\\/preuzmi.jpg\",\"width\":225,\"height\":225},{\"@type\":\"BreadcrumbList\",\"@id\":\"https:\\\/\\\/radioljubuski.ba\\\/index.php\\\/2023\\\/01\\\/26\\\/uefa-uvela-cetvrtfinale-lige-nacija-kazanju-oduzet-superkup\\\/#breadcrumb\",\"itemListElement\":[{\"@type\":\"ListItem\",\"position\":1,\"name\":\"Po\u010detna stranica\",\"item\":\"https:\\\/\\\/radioljubuski.ba\\\/\"},{\"@type\":\"ListItem\",\"position\":2,\"name\":\"UEFA uvela \u010detvrtfinale Lige nacija, Kazanju oduzet Superkup\"}]},{\"@type\":\"WebSite\",\"@id\":\"https:\\\/\\\/radioljubuski.ba\\\/#website\",\"url\":\"https:\\\/\\\/radioljubuski.ba\\\/\",\"name\":\"Radio Ljubu\u0161ki\",\"description\":\"Sun\u010dana frekvencija Hercegovine\",\"publisher\":{\"@id\":\"https:\\\/\\\/radioljubuski.ba\\\/#organization\"},\"potentialAction\":[{\"@type\":\"SearchAction\",\"target\":{\"@type\":\"EntryPoint\",\"urlTemplate\":\"https:\\\/\\\/radioljubuski.ba\\\/?s={search_term_string}\"},\"query-input\":{\"@type\":\"PropertyValueSpecification\",\"valueRequired\":true,\"valueName\":\"search_term_string\"}}],\"inLanguage\":\"hr\"},{\"@type\":\"Organization\",\"@id\":\"https:\\\/\\\/radioljubuski.ba\\\/#organization\",\"name\":\"Radio Ljubu\u0161ki\",\"url\":\"https:\\\/\\\/radioljubuski.ba\\\/\",\"logo\":{\"@type\":\"ImageObject\",\"inLanguage\":\"hr\",\"@id\":\"https:\\\/\\\/radioljubuski.ba\\\/#\\\/schema\\\/logo\\\/image\\\/\",\"url\":\"https:\\\/\\\/radioljubuski.ba\\\/wp-content\\\/uploads\\\/2021\\\/02\\\/cropped-Radio_Ljubuski_logo1.jpg\",\"contentUrl\":\"https:\\\/\\\/radioljubuski.ba\\\/wp-content\\\/uploads\\\/2021\\\/02\\\/cropped-Radio_Ljubuski_logo1.jpg\",\"width\":512,\"height\":512,\"caption\":\"Radio Ljubu\u0161ki\"},\"image\":{\"@id\":\"https:\\\/\\\/radioljubuski.ba\\\/#\\\/schema\\\/logo\\\/image\\\/\"},\"sameAs\":[\"https:\\\/\\\/www.facebook.com\\\/Radiio-Ljubuski-1490835324566332\",\"https:\\\/\\\/x.com\\\/radioljubuski\",\"https:\\\/\\\/hr.linkedin.com\\\/company\\\/radio-ljubuski\",\"https:\\\/\\\/www.youtube.com\\\/channel\\\/UCHYaeO_n0Db3tjNGudGpXyw\"]},{\"@type\":\"Person\",\"@id\":\"https:\\\/\\\/radioljubuski.ba\\\/#\\\/schema\\\/person\\\/19fc700381a780f69665d7956c469e3b\",\"name\":\"Radio Ljubu\u0161ki\"}]}<\/script>\n<!-- \/ Yoast SEO plugin. -->","yoast_head_json":{"title":"UEFA uvela \u010detvrtfinale Lige nacija, Kazanju oduzet Superkup - RADIO LJUBU\u0160KI","robots":{"index":"index","follow":"follow","max-snippet":"max-snippet:-1","max-image-preview":"max-image-preview:large","max-video-preview":"max-video-preview:-1"},"canonical":"https:\/\/radioljubuski.ba\/index.php\/2023\/01\/26\/uefa-uvela-cetvrtfinale-lige-nacija-kazanju-oduzet-superkup\/","og_locale":"hr_HR","og_type":"article","og_title":"UEFA uvela \u010detvrtfinale Lige nacija, Kazanju oduzet Superkup - RADIO LJUBU\u0160KI","og_description":"Europska nogometna federacija (UEFA) je na dana\u0161njem zasjedanju Izvr\u0161nog odbora u Nyonu uvela promjene u sustavu natjecanja Lige nacija koje \u0107e stupiti na snagu u rujnu 2024. godine. Liga nacija \u0107e biti pro\u0161irena nokaut rundom koja \u0107e se igrati u o\u017eujku, \u010dime \u0107e se stvoriti kontinuitet izme\u0111u grupne faze koja zavr\u0161ava u studenom i zavr\u0161nog [&hellip;]","og_url":"https:\/\/radioljubuski.ba\/index.php\/2023\/01\/26\/uefa-uvela-cetvrtfinale-lige-nacija-kazanju-oduzet-superkup\/","og_site_name":"RADIO LJUBU\u0160KI","article_publisher":"https:\/\/www.facebook.com\/Radiio-Ljubuski-1490835324566332","article_published_time":"2023-01-26T08:54:55+00:00","article_modified_time":"2023-01-26T08:54:56+00:00","og_image":[{"width":225,"height":225,"url":"https:\/\/radioljubuski.ba\/wp-content\/uploads\/2023\/01\/preuzmi.jpg","type":"image\/jpeg"}],"author":"Radio Ljubu\u0161ki","twitter_card":"summary_large_image","twitter_creator":"@radioljubuski","twitter_site":"@radioljubuski","twitter_misc":{"Napisao\/la":"Radio Ljubu\u0161ki","Procijenjeno vrijeme \u010ditanja":"3 minute"},"schema":{"@context":"https:\/\/schema.org","@graph":[{"@type":"Article","@id":"https:\/\/radioljubuski.ba\/index.php\/2023\/01\/26\/uefa-uvela-cetvrtfinale-lige-nacija-kazanju-oduzet-superkup\/#article","isPartOf":{"@id":"https:\/\/radioljubuski.ba\/index.php\/2023\/01\/26\/uefa-uvela-cetvrtfinale-lige-nacija-kazanju-oduzet-superkup\/"},"author":{"name":"Radio Ljubu\u0161ki","@id":"https:\/\/radioljubuski.ba\/#\/schema\/person\/19fc700381a780f69665d7956c469e3b"},"headline":"UEFA uvela \u010detvrtfinale Lige nacija, Kazanju oduzet Superkup","datePublished":"2023-01-26T08:54:55+00:00","dateModified":"2023-01-26T08:54:56+00:00","mainEntityOfPage":{"@id":"https:\/\/radioljubuski.ba\/index.php\/2023\/01\/26\/uefa-uvela-cetvrtfinale-lige-nacija-kazanju-oduzet-superkup\/"},"wordCount":451,"publisher":{"@id":"https:\/\/radioljubuski.ba\/#organization"},"image":{"@id":"https:\/\/radioljubuski.ba\/index.php\/2023\/01\/26\/uefa-uvela-cetvrtfinale-lige-nacija-kazanju-oduzet-superkup\/#primaryimage"},"thumbnailUrl":"https:\/\/radioljubuski.ba\/wp-content\/uploads\/2023\/01\/preuzmi.jpg","articleSection":["\u0160port"],"inLanguage":"hr"},{"@type":"WebPage","@id":"https:\/\/radioljubuski.ba\/index.php\/2023\/01\/26\/uefa-uvela-cetvrtfinale-lige-nacija-kazanju-oduzet-superkup\/","url":"https:\/\/radioljubuski.ba\/index.php\/2023\/01\/26\/uefa-uvela-cetvrtfinale-lige-nacija-kazanju-oduzet-superkup\/","name":"UEFA uvela \u010detvrtfinale Lige nacija, Kazanju oduzet Superkup - RADIO LJUBU\u0160KI","isPartOf":{"@id":"https:\/\/radioljubuski.ba\/#website"},"primaryImageOfPage":{"@id":"https:\/\/radioljubuski.ba\/index.php\/2023\/01\/26\/uefa-uvela-cetvrtfinale-lige-nacija-kazanju-oduzet-superkup\/#primaryimage"},"image":{"@id":"https:\/\/radioljubuski.ba\/index.php\/2023\/01\/26\/uefa-uvela-cetvrtfinale-lige-nacija-kazanju-oduzet-superkup\/#primaryimage"},"thumbnailUrl":"https:\/\/radioljubuski.ba\/wp-content\/uploads\/2023\/01\/preuzmi.jpg","datePublished":"2023-01-26T08:54:55+00:00","dateModified":"2023-01-26T08:54:56+00:00","breadcrumb":{"@id":"https:\/\/radioljubuski.ba\/index.php\/2023\/01\/26\/uefa-uvela-cetvrtfinale-lige-nacija-kazanju-oduzet-superkup\/#breadcrumb"},"inLanguage":"hr","potentialAction":[{"@type":"ReadAction","target":["https:\/\/radioljubuski.ba\/index.php\/2023\/01\/26\/uefa-uvela-cetvrtfinale-lige-nacija-kazanju-oduzet-superkup\/"]}]},{"@type":"ImageObject","inLanguage":"hr","@id":"https:\/\/radioljubuski.ba\/index.php\/2023\/01\/26\/uefa-uvela-cetvrtfinale-lige-nacija-kazanju-oduzet-superkup\/#primaryimage","url":"https:\/\/radioljubuski.ba\/wp-content\/uploads\/2023\/01\/preuzmi.jpg","contentUrl":"https:\/\/radioljubuski.ba\/wp-content\/uploads\/2023\/01\/preuzmi.jpg","width":225,"height":225},{"@type":"BreadcrumbList","@id":"https:\/\/radioljubuski.ba\/index.php\/2023\/01\/26\/uefa-uvela-cetvrtfinale-lige-nacija-kazanju-oduzet-superkup\/#breadcrumb","itemListElement":[{"@type":"ListItem","position":1,"name":"Po\u010detna stranica","item":"https:\/\/radioljubuski.ba\/"},{"@type":"ListItem","position":2,"name":"UEFA uvela \u010detvrtfinale Lige nacija, Kazanju oduzet Superkup"}]},{"@type":"WebSite","@id":"https:\/\/radioljubuski.ba\/#website","url":"https:\/\/radioljubuski.ba\/","name":"Radio Ljubu\u0161ki","description":"Sun\u010dana frekvencija Hercegovine","publisher":{"@id":"https:\/\/radioljubuski.ba\/#organization"},"potentialAction":[{"@type":"SearchAction","target":{"@type":"EntryPoint","urlTemplate":"https:\/\/radioljubuski.ba\/?s={search_term_string}"},"query-input":{"@type":"PropertyValueSpecification","valueRequired":true,"valueName":"search_term_string"}}],"inLanguage":"hr"},{"@type":"Organization","@id":"https:\/\/radioljubuski.ba\/#organization","name":"Radio Ljubu\u0161ki","url":"https:\/\/radioljubuski.ba\/","logo":{"@type":"ImageObject","inLanguage":"hr","@id":"https:\/\/radioljubuski.ba\/#\/schema\/logo\/image\/","url":"https:\/\/radioljubuski.ba\/wp-content\/uploads\/2021\/02\/cropped-Radio_Ljubuski_logo1.jpg","contentUrl":"https:\/\/radioljubuski.ba\/wp-content\/uploads\/2021\/02\/cropped-Radio_Ljubuski_logo1.jpg","width":512,"height":512,"caption":"Radio Ljubu\u0161ki"},"image":{"@id":"https:\/\/radioljubuski.ba\/#\/schema\/logo\/image\/"},"sameAs":["https:\/\/www.facebook.com\/Radiio-Ljubuski-1490835324566332","https:\/\/x.com\/radioljubuski","https:\/\/hr.linkedin.com\/company\/radio-ljubuski","https:\/\/www.youtube.com\/channel\/UCHYaeO_n0Db3tjNGudGpXyw"]},{"@type":"Person","@id":"https:\/\/radioljubuski.ba\/#\/schema\/person\/19fc700381a780f69665d7956c469e3b","name":"Radio Ljubu\u0161ki"}]}},"_links":{"self":[{"href":"https:\/\/radioljubuski.ba\/index.php\/wp-json\/wp\/v2\/posts\/187625","targetHints":{"allow":["GET"]}}],"collection":[{"href":"https:\/\/radioljubuski.ba\/index.php\/wp-json\/wp\/v2\/posts"}],"about":[{"href":"https:\/\/radioljubuski.ba\/index.php\/wp-json\/wp\/v2\/types\/post"}],"author":[{"embeddable":true,"href":"https:\/\/radioljubuski.ba\/index.php\/wp-json\/wp\/v2\/users\/2"}],"replies":[{"embeddable":true,"href":"https:\/\/radioljubuski.ba\/index.php\/wp-json\/wp\/v2\/comments?post=187625"}],"version-history":[{"count":1,"href":"https:\/\/radioljubuski.ba\/index.php\/wp-json\/wp\/v2\/posts\/187625\/revisions"}],"predecessor-version":[{"id":187627,"href":"https:\/\/radioljubuski.ba\/index.php\/wp-json\/wp\/v2\/posts\/187625\/revisions\/187627"}],"wp:featuredmedia":[{"embeddable":true,"href":"https:\/\/radioljubuski.ba\/index.php\/wp-json\/wp\/v2\/media\/187626"}],"wp:attachment":[{"href":"https:\/\/radioljubuski.ba\/index.php\/wp-json\/wp\/v2\/media?parent=187625"}],"wp:term":[{"taxonomy":"category","embeddable":true,"href":"https:\/\/radioljubuski.ba\/index.php\/wp-json\/wp\/v2\/categories?post=187625"},{"taxonomy":"post_tag","embeddable":true,"href":"https:\/\/radioljubuski.ba\/index.php\/wp-json\/wp\/v2\/tags?post=187625"}],"curies":[{"name":"wp","href":"https:\/\/api.w.org\/{rel}","templated":true}]}}