{"id":187634,"date":"2023-01-27T14:01:15","date_gmt":"2023-01-27T13:01:15","guid":{"rendered":"https:\/\/radioljubuski.ba\/?p=187634"},"modified":"2023-01-30T10:02:56","modified_gmt":"2023-01-30T09:02:56","slug":"roditelji-roditeljskih-vijeca-gimnazija-siroki-brijeg-ljubuski-i-posusje-javno-se-svrstavamo-na-stranu-prosvjetnih-djelatnika-i-zelimo-da-ustraju-u-svojoj-borbi","status":"publish","type":"post","link":"https:\/\/radioljubuski.ba\/index.php\/2023\/01\/27\/roditelji-roditeljskih-vijeca-gimnazija-siroki-brijeg-ljubuski-i-posusje-javno-se-svrstavamo-na-stranu-prosvjetnih-djelatnika-i-zelimo-da-ustraju-u-svojoj-borbi\/","title":{"rendered":"Roditelji Roditeljskih vije\u0107a Gimnazija, \u0160iroki Brijeg, Ljubu\u0161ki i Posu\u0161je: JAVNO se svrstavamo na stranu prosvjetnih djelatnika i \u017eelimo da ustraju u svojoj borbi"},"content":{"rendered":"\n<p>Roditelji Roditeljskih vije\u0107a Gimnazija: \u0160iroki Brijeg, Ljubu\u0161ki i Posu\u0161je se priop\u0107enjem za javnost obratili aktualnoj Vladi \u017dZH. U priop\u0107enju su naveli da javno \u201estaju\u201c na stranu prosvjetnih djelatnika.<\/p>\n\n\n\n<p>Priop\u0107enje prenosimo u cijelosti:<\/p>\n\n\n\n<p>Po\u0161tovani,<\/p>\n\n\n\n<p>Roditelji Roditeljskih vije\u0107a Gimnazija: \u0160iroki Brijeg, Ljubu\u0161ki i Posu\u0161je se obra\u0107aju aktualnoj Vladi, obzirom da do danas nije do\u0161lo do rje\u0161enja situacije zvane \u0160TRAJK i zahtijevamo da se svaki dan odr\u017eava sastanak na ovu goru\u0107u temu i da se na njoj radi svakodnevno na obje strane.<\/p>\n\n\n\n<p>Do danas, 26. sije\u010dnja 2023. godine mi nismo primijetili da se odvija bilo kakav dijalog na relaciji suprotstavljenih strana.<\/p>\n\n\n\n<p><strong><u>Ako je do sada bilo nejasno, JAVNO se svrstavamo na stranu prosvjetnih djelatnika i \u017eelimo da ustraju u svojoj borbi jer su im pla\u0107e sramotno niske.<\/u><\/strong><\/p>\n\n\n\n<p>Na\u0161a \u017dupanija je me\u0111u gospodarski najrazvijenijima u dr\u017eavi. To je ujedno i \u017dupanija sa najskupljom potro\u0161a\u010dkom ko\u0161aricom u dr\u017eavi. Usporedimo li pla\u0107e na\u0161ih prosvjetnih djelatnika s onima u drugim \u017eupanijama, jasno vidimo kako su zna\u010dajno manje.<\/p>\n\n\n\n<p>Ovo je ujedno prilika nama roditeljima da iznesemo i odre\u0111ene zahtjeve obzirom da je godinama prisutan osje\u0107aj da je obrazovanje na dnu prioriteta i van fokusa svih interesa.<\/p>\n\n\n\n<p><strong>OBRAZOVANJE DJECE I DIGNITET PROSVJETNIH DJELATNIKA SU VA\u017dNI!! NAJVA\u017dNIJI!<\/strong><\/p>\n\n\n\n<p>Tra\u017eimo izme\u0111u ostalog:<\/p>\n\n\n\n<ol class=\"wp-block-list\" type=\"a\">\n<li>pove\u0107anje kvalitete nastave (edukacijom prosvjetnih radnika);<\/li>\n\n\n\n<li>pove\u0107anje kvalitete predavanja (gradivo se ne smanjuje nego se kvalitetno obrazla\u017ee);<\/li>\n\n\n\n<li>pove\u0107anje kulture i nivoa pona\u0161anja kako djece tako i profesora (dono\u0161enjem adekvatnih Pravilnika pona\u0161anja unutar i van obrazovnih prostora).<\/li>\n<\/ol>\n\n\n\n<p>Pro\u0161lo je vrijeme suhoparnog diktiranja nastavnog gradiva. Nastava i proces ocjenjivanja trebaju biti prilago\u0111eni dana\u0161njim generacijama kako djece tako i profesora i roditelja. Zala\u017eemo se za moderniji pristup i digitalizaciju.<\/p>\n\n\n\n<p>Tra\u017eimo suradnju svih institucija kako bi se, po statistici, uvele kvalitetne smjernice za profesionalniju orijentaciju u\u010denika, na nivou kako osnovne tako i srednje \u0161kole. Tada bismo mogli imati obrazovanje prilago\u0111eno potrebama tr\u017ei\u0161ta rada.<\/p>\n\n\n\n<p>Tra\u017eimo uvo\u0111enje ozbiljnih priprema za upis u srednje \u0161kole i fakultete, kao i stro\u017ee uvjete za upis u srednje \u0161kole, podlo\u017ene kontroli.<\/p>\n\n\n\n<p>Tra\u017eimo dono\u0161enje akata na razini \u017dupanije i to:<\/p>\n\n\n\n<p>Protokola u slu\u010daju svih vrsta nasilja (fizi\u010dkog, psihi\u010dkog i emocionalnog) svih sudionika u procesu obrazovanja,<\/p>\n\n\n\n<p>Pravilnika o odijevanju u obrazovnim institucijama,<\/p>\n\n\n\n<p>Pravilnika o pona\u0161anju u obrazovnim institucijama (u\u010denika i nastavni\u010dkog osoblja),<\/p>\n\n\n\n<p>Pravilnik\/Poslovnik o radu Roditeljskog vije\u0107a,<\/p>\n\n\n\n<p>Pravilnik\/Poslovnik o radu U\u010deni\u010dkog vije\u0107a,<\/p>\n\n\n\n<p>Pravilnik\/Poslovnik o radu Nastavni\u010dkog vije\u0107a,<\/p>\n\n\n\n<p>Pravilnik o na\u010dinu izbora i rada \u0160kolskog odbora.<\/p>\n\n\n\n<p>I na kraju, dodatna napomena: na raspolaganju je jo\u0161 121 dan do kraja nastave za maturante i 128 dana do dr\u017eavne mature u Hrvatskoj, pa je \u017eurna reakcija NU\u017dNA.<\/p>\n\n\n\n<p>Do sada smo djecu slali na fakultet u Hrvatsku, ne tjerajte nas da ih \u0161aljemo u Hrvatsku i u srednju \u0161kolu.<\/p>\n\n\n\n<p>Radio Ljubu\u0161ki<\/p>\n","protected":false},"excerpt":{"rendered":"<p>Roditelji Roditeljskih vije\u0107a Gimnazija: \u0160iroki Brijeg, Ljubu\u0161ki i Posu\u0161je se priop\u0107enjem za javnost obratili aktualnoj Vladi \u017dZH. U priop\u0107enju su naveli da javno \u201estaju\u201c na stranu prosvjetnih djelatnika. Priop\u0107enje prenosimo u cijelosti: Po\u0161tovani, Roditelji Roditeljskih vije\u0107a Gimnazija: \u0160iroki Brijeg, Ljubu\u0161ki i Posu\u0161je se obra\u0107aju aktualnoj Vladi, obzirom da do danas nije do\u0161lo do rje\u0161enja situacije [&hellip;]<\/p>\n","protected":false},"author":2,"featured_media":187635,"comment_status":"closed","ping_status":"closed","sticky":false,"template":"","format":"standard","meta":{"h5ap_radio_sources":[],"footnotes":""},"categories":[30],"tags":[],"class_list":["post-187634","post","type-post","status-publish","format-standard","has-post-thumbnail","hentry","category-zupanija-zapadnohercegovacka"],"yoast_head":"<!-- This site is optimized with the Yoast SEO plugin v27.5 - https:\/\/yoast.com\/product\/yoast-seo-wordpress\/ -->\n<title>Roditelji Roditeljskih vije\u0107a Gimnazija, \u0160iroki Brijeg, Ljubu\u0161ki i Posu\u0161je: JAVNO se svrstavamo na stranu prosvjetnih djelatnika i \u017eelimo da ustraju u svojoj borbi - RADIO LJUBU\u0160KI<\/title>\n<meta name=\"robots\" content=\"index, follow, max-snippet:-1, max-image-preview:large, max-video-preview:-1\" \/>\n<link rel=\"canonical\" href=\"https:\/\/radioljubuski.ba\/index.php\/2023\/01\/27\/roditelji-roditeljskih-vijeca-gimnazija-siroki-brijeg-ljubuski-i-posusje-javno-se-svrstavamo-na-stranu-prosvjetnih-djelatnika-i-zelimo-da-ustraju-u-svojoj-borbi\/\" \/>\n<meta property=\"og:locale\" content=\"hr_HR\" \/>\n<meta property=\"og:type\" content=\"article\" \/>\n<meta property=\"og:title\" content=\"Roditelji Roditeljskih vije\u0107a Gimnazija, \u0160iroki Brijeg, Ljubu\u0161ki i Posu\u0161je: JAVNO se svrstavamo na stranu prosvjetnih djelatnika i \u017eelimo da ustraju u svojoj borbi - RADIO LJUBU\u0160KI\" \/>\n<meta property=\"og:description\" content=\"Roditelji Roditeljskih vije\u0107a Gimnazija: \u0160iroki Brijeg, Ljubu\u0161ki i Posu\u0161je se priop\u0107enjem za javnost obratili aktualnoj Vladi \u017dZH. U priop\u0107enju su naveli da javno \u201estaju\u201c na stranu prosvjetnih djelatnika. Priop\u0107enje prenosimo u cijelosti: Po\u0161tovani, Roditelji Roditeljskih vije\u0107a Gimnazija: \u0160iroki Brijeg, Ljubu\u0161ki i Posu\u0161je se obra\u0107aju aktualnoj Vladi, obzirom da do danas nije do\u0161lo do rje\u0161enja situacije [&hellip;]\" \/>\n<meta property=\"og:url\" content=\"https:\/\/radioljubuski.ba\/index.php\/2023\/01\/27\/roditelji-roditeljskih-vijeca-gimnazija-siroki-brijeg-ljubuski-i-posusje-javno-se-svrstavamo-na-stranu-prosvjetnih-djelatnika-i-zelimo-da-ustraju-u-svojoj-borbi\/\" \/>\n<meta property=\"og:site_name\" content=\"RADIO LJUBU\u0160KI\" \/>\n<meta property=\"article:publisher\" content=\"https:\/\/www.facebook.com\/Radiio-Ljubuski-1490835324566332\" \/>\n<meta property=\"article:published_time\" content=\"2023-01-27T13:01:15+00:00\" \/>\n<meta property=\"article:modified_time\" content=\"2023-01-30T09:02:56+00:00\" \/>\n<meta property=\"og:image\" content=\"https:\/\/radioljubuski.ba\/wp-content\/uploads\/2023\/01\/81e91cbfbf5d735d2ad68669a336d6dc_XL.jpg\" \/>\n\t<meta property=\"og:image:width\" content=\"1920\" \/>\n\t<meta property=\"og:image:height\" content=\"1280\" \/>\n\t<meta property=\"og:image:type\" content=\"image\/jpeg\" \/>\n<meta name=\"author\" content=\"Radio Ljubu\u0161ki\" \/>\n<meta name=\"twitter:card\" content=\"summary_large_image\" \/>\n<meta name=\"twitter:creator\" content=\"@radioljubuski\" \/>\n<meta name=\"twitter:site\" content=\"@radioljubuski\" \/>\n<meta name=\"twitter:label1\" content=\"Napisao\/la\" \/>\n\t<meta name=\"twitter:data1\" content=\"Radio Ljubu\u0161ki\" \/>\n\t<meta name=\"twitter:label2\" content=\"Procijenjeno vrijeme \u010ditanja\" \/>\n\t<meta name=\"twitter:data2\" content=\"3 minute\" \/>\n<script type=\"application\/ld+json\" class=\"yoast-schema-graph\">{\"@context\":\"https:\\\/\\\/schema.org\",\"@graph\":[{\"@type\":\"Article\",\"@id\":\"https:\\\/\\\/radioljubuski.ba\\\/index.php\\\/2023\\\/01\\\/27\\\/roditelji-roditeljskih-vijeca-gimnazija-siroki-brijeg-ljubuski-i-posusje-javno-se-svrstavamo-na-stranu-prosvjetnih-djelatnika-i-zelimo-da-ustraju-u-svojoj-borbi\\\/#article\",\"isPartOf\":{\"@id\":\"https:\\\/\\\/radioljubuski.ba\\\/index.php\\\/2023\\\/01\\\/27\\\/roditelji-roditeljskih-vijeca-gimnazija-siroki-brijeg-ljubuski-i-posusje-javno-se-svrstavamo-na-stranu-prosvjetnih-djelatnika-i-zelimo-da-ustraju-u-svojoj-borbi\\\/\"},\"author\":{\"name\":\"Radio Ljubu\u0161ki\",\"@id\":\"https:\\\/\\\/radioljubuski.ba\\\/#\\\/schema\\\/person\\\/19fc700381a780f69665d7956c469e3b\"},\"headline\":\"Roditelji Roditeljskih vije\u0107a Gimnazija, \u0160iroki Brijeg, Ljubu\u0161ki i Posu\u0161je: JAVNO se svrstavamo na stranu prosvjetnih djelatnika i \u017eelimo da ustraju u svojoj borbi\",\"datePublished\":\"2023-01-27T13:01:15+00:00\",\"dateModified\":\"2023-01-30T09:02:56+00:00\",\"mainEntityOfPage\":{\"@id\":\"https:\\\/\\\/radioljubuski.ba\\\/index.php\\\/2023\\\/01\\\/27\\\/roditelji-roditeljskih-vijeca-gimnazija-siroki-brijeg-ljubuski-i-posusje-javno-se-svrstavamo-na-stranu-prosvjetnih-djelatnika-i-zelimo-da-ustraju-u-svojoj-borbi\\\/\"},\"wordCount\":531,\"publisher\":{\"@id\":\"https:\\\/\\\/radioljubuski.ba\\\/#organization\"},\"image\":{\"@id\":\"https:\\\/\\\/radioljubuski.ba\\\/index.php\\\/2023\\\/01\\\/27\\\/roditelji-roditeljskih-vijeca-gimnazija-siroki-brijeg-ljubuski-i-posusje-javno-se-svrstavamo-na-stranu-prosvjetnih-djelatnika-i-zelimo-da-ustraju-u-svojoj-borbi\\\/#primaryimage\"},\"thumbnailUrl\":\"https:\\\/\\\/radioljubuski.ba\\\/wp-content\\\/uploads\\\/2023\\\/01\\\/81e91cbfbf5d735d2ad68669a336d6dc_XL.jpg\",\"articleSection\":[\"\u017dupanija Zapadnohercegova\u010dka\"],\"inLanguage\":\"hr\"},{\"@type\":\"WebPage\",\"@id\":\"https:\\\/\\\/radioljubuski.ba\\\/index.php\\\/2023\\\/01\\\/27\\\/roditelji-roditeljskih-vijeca-gimnazija-siroki-brijeg-ljubuski-i-posusje-javno-se-svrstavamo-na-stranu-prosvjetnih-djelatnika-i-zelimo-da-ustraju-u-svojoj-borbi\\\/\",\"url\":\"https:\\\/\\\/radioljubuski.ba\\\/index.php\\\/2023\\\/01\\\/27\\\/roditelji-roditeljskih-vijeca-gimnazija-siroki-brijeg-ljubuski-i-posusje-javno-se-svrstavamo-na-stranu-prosvjetnih-djelatnika-i-zelimo-da-ustraju-u-svojoj-borbi\\\/\",\"name\":\"Roditelji Roditeljskih vije\u0107a Gimnazija, \u0160iroki Brijeg, Ljubu\u0161ki i Posu\u0161je: JAVNO se svrstavamo na stranu prosvjetnih djelatnika i \u017eelimo da ustraju u svojoj borbi - RADIO LJUBU\u0160KI\",\"isPartOf\":{\"@id\":\"https:\\\/\\\/radioljubuski.ba\\\/#website\"},\"primaryImageOfPage\":{\"@id\":\"https:\\\/\\\/radioljubuski.ba\\\/index.php\\\/2023\\\/01\\\/27\\\/roditelji-roditeljskih-vijeca-gimnazija-siroki-brijeg-ljubuski-i-posusje-javno-se-svrstavamo-na-stranu-prosvjetnih-djelatnika-i-zelimo-da-ustraju-u-svojoj-borbi\\\/#primaryimage\"},\"image\":{\"@id\":\"https:\\\/\\\/radioljubuski.ba\\\/index.php\\\/2023\\\/01\\\/27\\\/roditelji-roditeljskih-vijeca-gimnazija-siroki-brijeg-ljubuski-i-posusje-javno-se-svrstavamo-na-stranu-prosvjetnih-djelatnika-i-zelimo-da-ustraju-u-svojoj-borbi\\\/#primaryimage\"},\"thumbnailUrl\":\"https:\\\/\\\/radioljubuski.ba\\\/wp-content\\\/uploads\\\/2023\\\/01\\\/81e91cbfbf5d735d2ad68669a336d6dc_XL.jpg\",\"datePublished\":\"2023-01-27T13:01:15+00:00\",\"dateModified\":\"2023-01-30T09:02:56+00:00\",\"breadcrumb\":{\"@id\":\"https:\\\/\\\/radioljubuski.ba\\\/index.php\\\/2023\\\/01\\\/27\\\/roditelji-roditeljskih-vijeca-gimnazija-siroki-brijeg-ljubuski-i-posusje-javno-se-svrstavamo-na-stranu-prosvjetnih-djelatnika-i-zelimo-da-ustraju-u-svojoj-borbi\\\/#breadcrumb\"},\"inLanguage\":\"hr\",\"potentialAction\":[{\"@type\":\"ReadAction\",\"target\":[\"https:\\\/\\\/radioljubuski.ba\\\/index.php\\\/2023\\\/01\\\/27\\\/roditelji-roditeljskih-vijeca-gimnazija-siroki-brijeg-ljubuski-i-posusje-javno-se-svrstavamo-na-stranu-prosvjetnih-djelatnika-i-zelimo-da-ustraju-u-svojoj-borbi\\\/\"]}]},{\"@type\":\"ImageObject\",\"inLanguage\":\"hr\",\"@id\":\"https:\\\/\\\/radioljubuski.ba\\\/index.php\\\/2023\\\/01\\\/27\\\/roditelji-roditeljskih-vijeca-gimnazija-siroki-brijeg-ljubuski-i-posusje-javno-se-svrstavamo-na-stranu-prosvjetnih-djelatnika-i-zelimo-da-ustraju-u-svojoj-borbi\\\/#primaryimage\",\"url\":\"https:\\\/\\\/radioljubuski.ba\\\/wp-content\\\/uploads\\\/2023\\\/01\\\/81e91cbfbf5d735d2ad68669a336d6dc_XL.jpg\",\"contentUrl\":\"https:\\\/\\\/radioljubuski.ba\\\/wp-content\\\/uploads\\\/2023\\\/01\\\/81e91cbfbf5d735d2ad68669a336d6dc_XL.jpg\",\"width\":1920,\"height\":1280},{\"@type\":\"BreadcrumbList\",\"@id\":\"https:\\\/\\\/radioljubuski.ba\\\/index.php\\\/2023\\\/01\\\/27\\\/roditelji-roditeljskih-vijeca-gimnazija-siroki-brijeg-ljubuski-i-posusje-javno-se-svrstavamo-na-stranu-prosvjetnih-djelatnika-i-zelimo-da-ustraju-u-svojoj-borbi\\\/#breadcrumb\",\"itemListElement\":[{\"@type\":\"ListItem\",\"position\":1,\"name\":\"Po\u010detna stranica\",\"item\":\"https:\\\/\\\/radioljubuski.ba\\\/\"},{\"@type\":\"ListItem\",\"position\":2,\"name\":\"Roditelji Roditeljskih vije\u0107a Gimnazija, \u0160iroki Brijeg, Ljubu\u0161ki i Posu\u0161je: JAVNO se svrstavamo na stranu prosvjetnih djelatnika i \u017eelimo da ustraju u svojoj borbi\"}]},{\"@type\":\"WebSite\",\"@id\":\"https:\\\/\\\/radioljubuski.ba\\\/#website\",\"url\":\"https:\\\/\\\/radioljubuski.ba\\\/\",\"name\":\"Radio Ljubu\u0161ki\",\"description\":\"Sun\u010dana frekvencija Hercegovine\",\"publisher\":{\"@id\":\"https:\\\/\\\/radioljubuski.ba\\\/#organization\"},\"potentialAction\":[{\"@type\":\"SearchAction\",\"target\":{\"@type\":\"EntryPoint\",\"urlTemplate\":\"https:\\\/\\\/radioljubuski.ba\\\/?s={search_term_string}\"},\"query-input\":{\"@type\":\"PropertyValueSpecification\",\"valueRequired\":true,\"valueName\":\"search_term_string\"}}],\"inLanguage\":\"hr\"},{\"@type\":\"Organization\",\"@id\":\"https:\\\/\\\/radioljubuski.ba\\\/#organization\",\"name\":\"Radio Ljubu\u0161ki\",\"url\":\"https:\\\/\\\/radioljubuski.ba\\\/\",\"logo\":{\"@type\":\"ImageObject\",\"inLanguage\":\"hr\",\"@id\":\"https:\\\/\\\/radioljubuski.ba\\\/#\\\/schema\\\/logo\\\/image\\\/\",\"url\":\"https:\\\/\\\/radioljubuski.ba\\\/wp-content\\\/uploads\\\/2021\\\/02\\\/cropped-Radio_Ljubuski_logo1.jpg\",\"contentUrl\":\"https:\\\/\\\/radioljubuski.ba\\\/wp-content\\\/uploads\\\/2021\\\/02\\\/cropped-Radio_Ljubuski_logo1.jpg\",\"width\":512,\"height\":512,\"caption\":\"Radio Ljubu\u0161ki\"},\"image\":{\"@id\":\"https:\\\/\\\/radioljubuski.ba\\\/#\\\/schema\\\/logo\\\/image\\\/\"},\"sameAs\":[\"https:\\\/\\\/www.facebook.com\\\/Radiio-Ljubuski-1490835324566332\",\"https:\\\/\\\/x.com\\\/radioljubuski\",\"https:\\\/\\\/hr.linkedin.com\\\/company\\\/radio-ljubuski\",\"https:\\\/\\\/www.youtube.com\\\/channel\\\/UCHYaeO_n0Db3tjNGudGpXyw\"]},{\"@type\":\"Person\",\"@id\":\"https:\\\/\\\/radioljubuski.ba\\\/#\\\/schema\\\/person\\\/19fc700381a780f69665d7956c469e3b\",\"name\":\"Radio Ljubu\u0161ki\"}]}<\/script>\n<!-- \/ Yoast SEO plugin. -->","yoast_head_json":{"title":"Roditelji Roditeljskih vije\u0107a Gimnazija, \u0160iroki Brijeg, Ljubu\u0161ki i Posu\u0161je: JAVNO se svrstavamo na stranu prosvjetnih djelatnika i \u017eelimo da ustraju u svojoj borbi - RADIO LJUBU\u0160KI","robots":{"index":"index","follow":"follow","max-snippet":"max-snippet:-1","max-image-preview":"max-image-preview:large","max-video-preview":"max-video-preview:-1"},"canonical":"https:\/\/radioljubuski.ba\/index.php\/2023\/01\/27\/roditelji-roditeljskih-vijeca-gimnazija-siroki-brijeg-ljubuski-i-posusje-javno-se-svrstavamo-na-stranu-prosvjetnih-djelatnika-i-zelimo-da-ustraju-u-svojoj-borbi\/","og_locale":"hr_HR","og_type":"article","og_title":"Roditelji Roditeljskih vije\u0107a Gimnazija, \u0160iroki Brijeg, Ljubu\u0161ki i Posu\u0161je: JAVNO se svrstavamo na stranu prosvjetnih djelatnika i \u017eelimo da ustraju u svojoj borbi - RADIO LJUBU\u0160KI","og_description":"Roditelji Roditeljskih vije\u0107a Gimnazija: \u0160iroki Brijeg, Ljubu\u0161ki i Posu\u0161je se priop\u0107enjem za javnost obratili aktualnoj Vladi \u017dZH. U priop\u0107enju su naveli da javno \u201estaju\u201c na stranu prosvjetnih djelatnika. Priop\u0107enje prenosimo u cijelosti: Po\u0161tovani, Roditelji Roditeljskih vije\u0107a Gimnazija: \u0160iroki Brijeg, Ljubu\u0161ki i Posu\u0161je se obra\u0107aju aktualnoj Vladi, obzirom da do danas nije do\u0161lo do rje\u0161enja situacije [&hellip;]","og_url":"https:\/\/radioljubuski.ba\/index.php\/2023\/01\/27\/roditelji-roditeljskih-vijeca-gimnazija-siroki-brijeg-ljubuski-i-posusje-javno-se-svrstavamo-na-stranu-prosvjetnih-djelatnika-i-zelimo-da-ustraju-u-svojoj-borbi\/","og_site_name":"RADIO LJUBU\u0160KI","article_publisher":"https:\/\/www.facebook.com\/Radiio-Ljubuski-1490835324566332","article_published_time":"2023-01-27T13:01:15+00:00","article_modified_time":"2023-01-30T09:02:56+00:00","og_image":[{"width":1920,"height":1280,"url":"https:\/\/radioljubuski.ba\/wp-content\/uploads\/2023\/01\/81e91cbfbf5d735d2ad68669a336d6dc_XL.jpg","type":"image\/jpeg"}],"author":"Radio Ljubu\u0161ki","twitter_card":"summary_large_image","twitter_creator":"@radioljubuski","twitter_site":"@radioljubuski","twitter_misc":{"Napisao\/la":"Radio Ljubu\u0161ki","Procijenjeno vrijeme \u010ditanja":"3 minute"},"schema":{"@context":"https:\/\/schema.org","@graph":[{"@type":"Article","@id":"https:\/\/radioljubuski.ba\/index.php\/2023\/01\/27\/roditelji-roditeljskih-vijeca-gimnazija-siroki-brijeg-ljubuski-i-posusje-javno-se-svrstavamo-na-stranu-prosvjetnih-djelatnika-i-zelimo-da-ustraju-u-svojoj-borbi\/#article","isPartOf":{"@id":"https:\/\/radioljubuski.ba\/index.php\/2023\/01\/27\/roditelji-roditeljskih-vijeca-gimnazija-siroki-brijeg-ljubuski-i-posusje-javno-se-svrstavamo-na-stranu-prosvjetnih-djelatnika-i-zelimo-da-ustraju-u-svojoj-borbi\/"},"author":{"name":"Radio Ljubu\u0161ki","@id":"https:\/\/radioljubuski.ba\/#\/schema\/person\/19fc700381a780f69665d7956c469e3b"},"headline":"Roditelji Roditeljskih vije\u0107a Gimnazija, \u0160iroki Brijeg, Ljubu\u0161ki i Posu\u0161je: JAVNO se svrstavamo na stranu prosvjetnih djelatnika i \u017eelimo da ustraju u svojoj borbi","datePublished":"2023-01-27T13:01:15+00:00","dateModified":"2023-01-30T09:02:56+00:00","mainEntityOfPage":{"@id":"https:\/\/radioljubuski.ba\/index.php\/2023\/01\/27\/roditelji-roditeljskih-vijeca-gimnazija-siroki-brijeg-ljubuski-i-posusje-javno-se-svrstavamo-na-stranu-prosvjetnih-djelatnika-i-zelimo-da-ustraju-u-svojoj-borbi\/"},"wordCount":531,"publisher":{"@id":"https:\/\/radioljubuski.ba\/#organization"},"image":{"@id":"https:\/\/radioljubuski.ba\/index.php\/2023\/01\/27\/roditelji-roditeljskih-vijeca-gimnazija-siroki-brijeg-ljubuski-i-posusje-javno-se-svrstavamo-na-stranu-prosvjetnih-djelatnika-i-zelimo-da-ustraju-u-svojoj-borbi\/#primaryimage"},"thumbnailUrl":"https:\/\/radioljubuski.ba\/wp-content\/uploads\/2023\/01\/81e91cbfbf5d735d2ad68669a336d6dc_XL.jpg","articleSection":["\u017dupanija Zapadnohercegova\u010dka"],"inLanguage":"hr"},{"@type":"WebPage","@id":"https:\/\/radioljubuski.ba\/index.php\/2023\/01\/27\/roditelji-roditeljskih-vijeca-gimnazija-siroki-brijeg-ljubuski-i-posusje-javno-se-svrstavamo-na-stranu-prosvjetnih-djelatnika-i-zelimo-da-ustraju-u-svojoj-borbi\/","url":"https:\/\/radioljubuski.ba\/index.php\/2023\/01\/27\/roditelji-roditeljskih-vijeca-gimnazija-siroki-brijeg-ljubuski-i-posusje-javno-se-svrstavamo-na-stranu-prosvjetnih-djelatnika-i-zelimo-da-ustraju-u-svojoj-borbi\/","name":"Roditelji Roditeljskih vije\u0107a Gimnazija, \u0160iroki Brijeg, Ljubu\u0161ki i Posu\u0161je: JAVNO se svrstavamo na stranu prosvjetnih djelatnika i \u017eelimo da ustraju u svojoj borbi - RADIO LJUBU\u0160KI","isPartOf":{"@id":"https:\/\/radioljubuski.ba\/#website"},"primaryImageOfPage":{"@id":"https:\/\/radioljubuski.ba\/index.php\/2023\/01\/27\/roditelji-roditeljskih-vijeca-gimnazija-siroki-brijeg-ljubuski-i-posusje-javno-se-svrstavamo-na-stranu-prosvjetnih-djelatnika-i-zelimo-da-ustraju-u-svojoj-borbi\/#primaryimage"},"image":{"@id":"https:\/\/radioljubuski.ba\/index.php\/2023\/01\/27\/roditelji-roditeljskih-vijeca-gimnazija-siroki-brijeg-ljubuski-i-posusje-javno-se-svrstavamo-na-stranu-prosvjetnih-djelatnika-i-zelimo-da-ustraju-u-svojoj-borbi\/#primaryimage"},"thumbnailUrl":"https:\/\/radioljubuski.ba\/wp-content\/uploads\/2023\/01\/81e91cbfbf5d735d2ad68669a336d6dc_XL.jpg","datePublished":"2023-01-27T13:01:15+00:00","dateModified":"2023-01-30T09:02:56+00:00","breadcrumb":{"@id":"https:\/\/radioljubuski.ba\/index.php\/2023\/01\/27\/roditelji-roditeljskih-vijeca-gimnazija-siroki-brijeg-ljubuski-i-posusje-javno-se-svrstavamo-na-stranu-prosvjetnih-djelatnika-i-zelimo-da-ustraju-u-svojoj-borbi\/#breadcrumb"},"inLanguage":"hr","potentialAction":[{"@type":"ReadAction","target":["https:\/\/radioljubuski.ba\/index.php\/2023\/01\/27\/roditelji-roditeljskih-vijeca-gimnazija-siroki-brijeg-ljubuski-i-posusje-javno-se-svrstavamo-na-stranu-prosvjetnih-djelatnika-i-zelimo-da-ustraju-u-svojoj-borbi\/"]}]},{"@type":"ImageObject","inLanguage":"hr","@id":"https:\/\/radioljubuski.ba\/index.php\/2023\/01\/27\/roditelji-roditeljskih-vijeca-gimnazija-siroki-brijeg-ljubuski-i-posusje-javno-se-svrstavamo-na-stranu-prosvjetnih-djelatnika-i-zelimo-da-ustraju-u-svojoj-borbi\/#primaryimage","url":"https:\/\/radioljubuski.ba\/wp-content\/uploads\/2023\/01\/81e91cbfbf5d735d2ad68669a336d6dc_XL.jpg","contentUrl":"https:\/\/radioljubuski.ba\/wp-content\/uploads\/2023\/01\/81e91cbfbf5d735d2ad68669a336d6dc_XL.jpg","width":1920,"height":1280},{"@type":"BreadcrumbList","@id":"https:\/\/radioljubuski.ba\/index.php\/2023\/01\/27\/roditelji-roditeljskih-vijeca-gimnazija-siroki-brijeg-ljubuski-i-posusje-javno-se-svrstavamo-na-stranu-prosvjetnih-djelatnika-i-zelimo-da-ustraju-u-svojoj-borbi\/#breadcrumb","itemListElement":[{"@type":"ListItem","position":1,"name":"Po\u010detna stranica","item":"https:\/\/radioljubuski.ba\/"},{"@type":"ListItem","position":2,"name":"Roditelji Roditeljskih vije\u0107a Gimnazija, \u0160iroki Brijeg, Ljubu\u0161ki i Posu\u0161je: JAVNO se svrstavamo na stranu prosvjetnih djelatnika i \u017eelimo da ustraju u svojoj borbi"}]},{"@type":"WebSite","@id":"https:\/\/radioljubuski.ba\/#website","url":"https:\/\/radioljubuski.ba\/","name":"Radio Ljubu\u0161ki","description":"Sun\u010dana frekvencija Hercegovine","publisher":{"@id":"https:\/\/radioljubuski.ba\/#organization"},"potentialAction":[{"@type":"SearchAction","target":{"@type":"EntryPoint","urlTemplate":"https:\/\/radioljubuski.ba\/?s={search_term_string}"},"query-input":{"@type":"PropertyValueSpecification","valueRequired":true,"valueName":"search_term_string"}}],"inLanguage":"hr"},{"@type":"Organization","@id":"https:\/\/radioljubuski.ba\/#organization","name":"Radio Ljubu\u0161ki","url":"https:\/\/radioljubuski.ba\/","logo":{"@type":"ImageObject","inLanguage":"hr","@id":"https:\/\/radioljubuski.ba\/#\/schema\/logo\/image\/","url":"https:\/\/radioljubuski.ba\/wp-content\/uploads\/2021\/02\/cropped-Radio_Ljubuski_logo1.jpg","contentUrl":"https:\/\/radioljubuski.ba\/wp-content\/uploads\/2021\/02\/cropped-Radio_Ljubuski_logo1.jpg","width":512,"height":512,"caption":"Radio Ljubu\u0161ki"},"image":{"@id":"https:\/\/radioljubuski.ba\/#\/schema\/logo\/image\/"},"sameAs":["https:\/\/www.facebook.com\/Radiio-Ljubuski-1490835324566332","https:\/\/x.com\/radioljubuski","https:\/\/hr.linkedin.com\/company\/radio-ljubuski","https:\/\/www.youtube.com\/channel\/UCHYaeO_n0Db3tjNGudGpXyw"]},{"@type":"Person","@id":"https:\/\/radioljubuski.ba\/#\/schema\/person\/19fc700381a780f69665d7956c469e3b","name":"Radio Ljubu\u0161ki"}]}},"_links":{"self":[{"href":"https:\/\/radioljubuski.ba\/index.php\/wp-json\/wp\/v2\/posts\/187634","targetHints":{"allow":["GET"]}}],"collection":[{"href":"https:\/\/radioljubuski.ba\/index.php\/wp-json\/wp\/v2\/posts"}],"about":[{"href":"https:\/\/radioljubuski.ba\/index.php\/wp-json\/wp\/v2\/types\/post"}],"author":[{"embeddable":true,"href":"https:\/\/radioljubuski.ba\/index.php\/wp-json\/wp\/v2\/users\/2"}],"replies":[{"embeddable":true,"href":"https:\/\/radioljubuski.ba\/index.php\/wp-json\/wp\/v2\/comments?post=187634"}],"version-history":[{"count":1,"href":"https:\/\/radioljubuski.ba\/index.php\/wp-json\/wp\/v2\/posts\/187634\/revisions"}],"predecessor-version":[{"id":187636,"href":"https:\/\/radioljubuski.ba\/index.php\/wp-json\/wp\/v2\/posts\/187634\/revisions\/187636"}],"wp:featuredmedia":[{"embeddable":true,"href":"https:\/\/radioljubuski.ba\/index.php\/wp-json\/wp\/v2\/media\/187635"}],"wp:attachment":[{"href":"https:\/\/radioljubuski.ba\/index.php\/wp-json\/wp\/v2\/media?parent=187634"}],"wp:term":[{"taxonomy":"category","embeddable":true,"href":"https:\/\/radioljubuski.ba\/index.php\/wp-json\/wp\/v2\/categories?post=187634"},{"taxonomy":"post_tag","embeddable":true,"href":"https:\/\/radioljubuski.ba\/index.php\/wp-json\/wp\/v2\/tags?post=187634"}],"curies":[{"name":"wp","href":"https:\/\/api.w.org\/{rel}","templated":true}]}}