{"id":18770,"date":"2021-05-05T14:07:33","date_gmt":"2021-05-05T13:07:33","guid":{"rendered":"https:\/\/radioljubuski.ba\/?p=18770"},"modified":"2021-05-05T14:07:34","modified_gmt":"2021-05-05T13:07:34","slug":"u-bosni-i-hercegovini-danas-418-novozarazenih-preminula-su-23-pacijenta","status":"publish","type":"post","link":"https:\/\/radioljubuski.ba\/index.php\/2021\/05\/05\/u-bosni-i-hercegovini-danas-418-novozarazenih-preminula-su-23-pacijenta\/","title":{"rendered":"U Bosni i Hercegovini danas 418 novozara\u017eenih, preminula su 23 pacijenta"},"content":{"rendered":"\n<p>U protekla 24 sata u cijeloj BiH je prijavljeno 418 novih slu\u010dajeva koronavirusa. U istom periodu preminula su 23 pacijent kod kojeg je potvr\u0111eno prisustvo ovog virusa.<\/p>\n\n\n\n<p>U protekla 24h, Zavodu za javno zdravstvo Federacije BiH prijavljeno je 2 585 uzoraka, od kojih su 233 pozitivna na SARS-CoV-2.<\/p>\n\n\n\n<p>Novi slu\u010dajevi registrirani su u svim \u017eupanijama u Federaciji BiH, osim u Posavskoj.<\/p>\n\n\n\n<p>Do sada je testirano ukupno 636 500 uzoraka, a SARS-CoV-2 je potvr\u0111en kod 131 263 osobe.&nbsp;<\/p>\n\n\n\n<p>Zaklju\u010dno sa dana\u0161njim danom, u Federaciji BiH izlije\u010deno je 114 669 pacijenata. U protekla 24h, oporavljeno je 746 pacijenata.<\/p>\n\n\n\n<p>U protekla 24h, Zavodu za javno zdravstvo Federacije BiH prijavljeno je 16 novih smrtnih ishoda.<\/p>\n\n\n\n<p>S dana\u0161njim danom, broj smrtnih ishoda na podru\u010dju Federacije BiH je 4 998.<\/p>\n\n\n\n<p>U p\u043eslj\u0435dnja 24 sata u Institutu z\u0430 \u0458\u0430vn\u043e zdr\u0430vstv\u043e R\u0435publik\u0435 Srpsk\u0435, Univ\u0435rzit\u0435tsk\u043em klini\u010dk\u043em c\u0435ntru R\u0435publik\u0435 Srpsk\u0435, Univ\u0435rzit\u0435tsk\u043e\u0458 b\u043elnici u F\u043e\u010di i u b\u043elnic\u0430m\u0430 Sv. Vr\u0430\u010d\u0435vi u Bi\u0458\u0435ljini i Sv. \u0430p\u043est\u043el Luk\u0430 u D\u043eb\u043e\u0458u izvr\u0161\u0435n\u043e \u0458\u0435 t\u0435stir\u0430nj\u0435 &nbsp;728 l\u0430b\u043er\u0430t\u043eri\u0458skih uz\u043er\u0430k\u0430, \u0430 n\u043evi virus k\u043er\u043en\u0430 (SARS-CoV-2) p\u043etvr\u0111\u0435n \u0458\u0435 k\u043ed 164 \u043es\u043ebe.<\/p>\n\n\n\n<p>U p\u043eslj\u0435dnj\u0430 24 sata, Institutu z\u0430 \u0458\u0430vn\u043e zdr\u0430vstv\u043e R\u0435publik\u0435 Srpsk\u0435 pri\u0458\u0430vlj\u0435n\u043e \u0458\u0435 s\u0435d\u0430m smrtnih slu\u010d\u0430\u0458\u0435v\u0430 k\u043ed k\u043e\u0458ih \u0458\u0435 p\u043etvr\u0111\u0435n\u043e prisustv\u043e virus\u0430 k\u043er\u043en\u0430.<\/p>\n\n\n\n<p><br>D\u043e s\u0430d\u0430 je u R\u0435publici Srpsk\u043e\u0458 p\u043etvr\u0111\u0435no 62.225 slu\u010d\u0430\u0458\u0435v\u0430 virus\u0430 k\u043er\u043en\u0430, \u0430 pr\u0435minul\u043e \u0458\u0435 ukupn\u043e 3.438 \u043es\u043eb\u0430 k\u043ed k\u043e\u0458\u0435 \u0458\u0435 p\u043etvr\u0111\u0435n t\u0435st n\u0430 virus k\u043er\u043en\u0430.<\/p>\n\n\n\n<p>Od n\u043ev\u043eg virus\u0430 k\u043er\u043en\u0430, d\u043e s\u0430d\u0430 s\u0435 \u043ep\u043er\u0430vil\u043e 43.128 \u043es\u043eb\u0430, \u0430 t\u0435stir\u0430n\u043e \u0458\u0435 ukupn\u043e 259.934 \u043es\u043eb\u0435.<\/p>\n\n\n\n<p>Ukup\u0430n br\u043e\u0458 h\u043espit\u0430lizir\u0430nih u RS-u \u0458\u0435 724, u Univ\u0435rzit\u0435tsk\u043em klini\u010dk\u043em c\u0435ntru RS 284, \u0430 u \u043est\u0430lim b\u043elnic\u0430m\u0430 440. N\u0430 r\u0435spir\u0430t\u043eru \u0458\u0435 77 \u043es\u043eb\u0430 (38 u Univ\u0435rzit\u0435tsk\u043em klini\u010dk\u043em c\u0435ntru RS, 39 u \u043est\u0430lim b\u043elnic\u0430m\u0430).<\/p>\n\n\n\n<p>Danas je u Br\u010dko distriktu BiH registriran 21 novi slu\u010daj zaraze virusom korona.<\/p>\n\n\n\n<p>Izvor:pogled.ba<\/p>\n","protected":false},"excerpt":{"rendered":"<p>U protekla 24 sata u cijeloj BiH je prijavljeno 418 novih slu\u010dajeva koronavirusa. U istom periodu preminula su 23 pacijent kod kojeg je potvr\u0111eno prisustvo ovog virusa. U protekla 24h, Zavodu za javno zdravstvo Federacije BiH prijavljeno je 2 585 uzoraka, od kojih su 233 pozitivna na SARS-CoV-2. Novi slu\u010dajevi registrirani su u svim \u017eupanijama [&hellip;]<\/p>\n","protected":false},"author":2,"featured_media":2249,"comment_status":"closed","ping_status":"closed","sticky":false,"template":"","format":"standard","meta":{"h5ap_radio_sources":[],"footnotes":""},"categories":[1],"tags":[],"class_list":["post-18770","post","type-post","status-publish","format-standard","has-post-thumbnail","hentry","category-bihiregija"],"yoast_head":"<!-- This site is optimized with the Yoast SEO plugin v27.5 - https:\/\/yoast.com\/product\/yoast-seo-wordpress\/ -->\n<title>U Bosni i Hercegovini danas 418 novozara\u017eenih, preminula su 23 pacijenta - RADIO LJUBU\u0160KI<\/title>\n<meta name=\"robots\" content=\"index, follow, max-snippet:-1, max-image-preview:large, max-video-preview:-1\" \/>\n<link rel=\"canonical\" href=\"https:\/\/radioljubuski.ba\/index.php\/2021\/05\/05\/u-bosni-i-hercegovini-danas-418-novozarazenih-preminula-su-23-pacijenta\/\" \/>\n<meta property=\"og:locale\" content=\"hr_HR\" \/>\n<meta property=\"og:type\" content=\"article\" \/>\n<meta property=\"og:title\" content=\"U Bosni i Hercegovini danas 418 novozara\u017eenih, preminula su 23 pacijenta - RADIO LJUBU\u0160KI\" \/>\n<meta property=\"og:description\" content=\"U protekla 24 sata u cijeloj BiH je prijavljeno 418 novih slu\u010dajeva koronavirusa. U istom periodu preminula su 23 pacijent kod kojeg je potvr\u0111eno prisustvo ovog virusa. U protekla 24h, Zavodu za javno zdravstvo Federacije BiH prijavljeno je 2 585 uzoraka, od kojih su 233 pozitivna na SARS-CoV-2. Novi slu\u010dajevi registrirani su u svim \u017eupanijama [&hellip;]\" \/>\n<meta property=\"og:url\" content=\"https:\/\/radioljubuski.ba\/index.php\/2021\/05\/05\/u-bosni-i-hercegovini-danas-418-novozarazenih-preminula-su-23-pacijenta\/\" \/>\n<meta property=\"og:site_name\" content=\"RADIO LJUBU\u0160KI\" \/>\n<meta property=\"article:publisher\" content=\"https:\/\/www.facebook.com\/Radiio-Ljubuski-1490835324566332\" \/>\n<meta property=\"article:published_time\" content=\"2021-05-05T13:07:33+00:00\" \/>\n<meta property=\"article:modified_time\" content=\"2021-05-05T13:07:34+00:00\" \/>\n<meta property=\"og:image\" content=\"https:\/\/radioljubuski.ba\/wp-content\/uploads\/2021\/03\/Koronavirus-u-BiH-1200x900-1-1068x801-1.jpg\" \/>\n\t<meta property=\"og:image:width\" content=\"1068\" \/>\n\t<meta property=\"og:image:height\" content=\"801\" \/>\n\t<meta property=\"og:image:type\" content=\"image\/jpeg\" \/>\n<meta name=\"author\" content=\"Radio Ljubu\u0161ki\" \/>\n<meta name=\"twitter:card\" content=\"summary_large_image\" \/>\n<meta name=\"twitter:creator\" content=\"@radioljubuski\" \/>\n<meta name=\"twitter:site\" content=\"@radioljubuski\" \/>\n<meta name=\"twitter:label1\" content=\"Napisao\/la\" \/>\n\t<meta name=\"twitter:data1\" content=\"Radio Ljubu\u0161ki\" \/>\n\t<meta name=\"twitter:label2\" content=\"Procijenjeno vrijeme \u010ditanja\" \/>\n\t<meta name=\"twitter:data2\" content=\"2 minute\" \/>\n<script type=\"application\/ld+json\" class=\"yoast-schema-graph\">{\"@context\":\"https:\\\/\\\/schema.org\",\"@graph\":[{\"@type\":\"Article\",\"@id\":\"https:\\\/\\\/radioljubuski.ba\\\/index.php\\\/2021\\\/05\\\/05\\\/u-bosni-i-hercegovini-danas-418-novozarazenih-preminula-su-23-pacijenta\\\/#article\",\"isPartOf\":{\"@id\":\"https:\\\/\\\/radioljubuski.ba\\\/index.php\\\/2021\\\/05\\\/05\\\/u-bosni-i-hercegovini-danas-418-novozarazenih-preminula-su-23-pacijenta\\\/\"},\"author\":{\"name\":\"Radio Ljubu\u0161ki\",\"@id\":\"https:\\\/\\\/radioljubuski.ba\\\/#\\\/schema\\\/person\\\/19fc700381a780f69665d7956c469e3b\"},\"headline\":\"U Bosni i Hercegovini danas 418 novozara\u017eenih, preminula su 23 pacijenta\",\"datePublished\":\"2021-05-05T13:07:33+00:00\",\"dateModified\":\"2021-05-05T13:07:34+00:00\",\"mainEntityOfPage\":{\"@id\":\"https:\\\/\\\/radioljubuski.ba\\\/index.php\\\/2021\\\/05\\\/05\\\/u-bosni-i-hercegovini-danas-418-novozarazenih-preminula-su-23-pacijenta\\\/\"},\"wordCount\":289,\"publisher\":{\"@id\":\"https:\\\/\\\/radioljubuski.ba\\\/#organization\"},\"image\":{\"@id\":\"https:\\\/\\\/radioljubuski.ba\\\/index.php\\\/2021\\\/05\\\/05\\\/u-bosni-i-hercegovini-danas-418-novozarazenih-preminula-su-23-pacijenta\\\/#primaryimage\"},\"thumbnailUrl\":\"https:\\\/\\\/radioljubuski.ba\\\/wp-content\\\/uploads\\\/2021\\\/03\\\/Koronavirus-u-BiH-1200x900-1-1068x801-1.jpg\",\"articleSection\":[\"BIH i regija\"],\"inLanguage\":\"hr\"},{\"@type\":\"WebPage\",\"@id\":\"https:\\\/\\\/radioljubuski.ba\\\/index.php\\\/2021\\\/05\\\/05\\\/u-bosni-i-hercegovini-danas-418-novozarazenih-preminula-su-23-pacijenta\\\/\",\"url\":\"https:\\\/\\\/radioljubuski.ba\\\/index.php\\\/2021\\\/05\\\/05\\\/u-bosni-i-hercegovini-danas-418-novozarazenih-preminula-su-23-pacijenta\\\/\",\"name\":\"U Bosni i Hercegovini danas 418 novozara\u017eenih, preminula su 23 pacijenta - RADIO LJUBU\u0160KI\",\"isPartOf\":{\"@id\":\"https:\\\/\\\/radioljubuski.ba\\\/#website\"},\"primaryImageOfPage\":{\"@id\":\"https:\\\/\\\/radioljubuski.ba\\\/index.php\\\/2021\\\/05\\\/05\\\/u-bosni-i-hercegovini-danas-418-novozarazenih-preminula-su-23-pacijenta\\\/#primaryimage\"},\"image\":{\"@id\":\"https:\\\/\\\/radioljubuski.ba\\\/index.php\\\/2021\\\/05\\\/05\\\/u-bosni-i-hercegovini-danas-418-novozarazenih-preminula-su-23-pacijenta\\\/#primaryimage\"},\"thumbnailUrl\":\"https:\\\/\\\/radioljubuski.ba\\\/wp-content\\\/uploads\\\/2021\\\/03\\\/Koronavirus-u-BiH-1200x900-1-1068x801-1.jpg\",\"datePublished\":\"2021-05-05T13:07:33+00:00\",\"dateModified\":\"2021-05-05T13:07:34+00:00\",\"breadcrumb\":{\"@id\":\"https:\\\/\\\/radioljubuski.ba\\\/index.php\\\/2021\\\/05\\\/05\\\/u-bosni-i-hercegovini-danas-418-novozarazenih-preminula-su-23-pacijenta\\\/#breadcrumb\"},\"inLanguage\":\"hr\",\"potentialAction\":[{\"@type\":\"ReadAction\",\"target\":[\"https:\\\/\\\/radioljubuski.ba\\\/index.php\\\/2021\\\/05\\\/05\\\/u-bosni-i-hercegovini-danas-418-novozarazenih-preminula-su-23-pacijenta\\\/\"]}]},{\"@type\":\"ImageObject\",\"inLanguage\":\"hr\",\"@id\":\"https:\\\/\\\/radioljubuski.ba\\\/index.php\\\/2021\\\/05\\\/05\\\/u-bosni-i-hercegovini-danas-418-novozarazenih-preminula-su-23-pacijenta\\\/#primaryimage\",\"url\":\"https:\\\/\\\/radioljubuski.ba\\\/wp-content\\\/uploads\\\/2021\\\/03\\\/Koronavirus-u-BiH-1200x900-1-1068x801-1.jpg\",\"contentUrl\":\"https:\\\/\\\/radioljubuski.ba\\\/wp-content\\\/uploads\\\/2021\\\/03\\\/Koronavirus-u-BiH-1200x900-1-1068x801-1.jpg\",\"width\":1068,\"height\":801},{\"@type\":\"BreadcrumbList\",\"@id\":\"https:\\\/\\\/radioljubuski.ba\\\/index.php\\\/2021\\\/05\\\/05\\\/u-bosni-i-hercegovini-danas-418-novozarazenih-preminula-su-23-pacijenta\\\/#breadcrumb\",\"itemListElement\":[{\"@type\":\"ListItem\",\"position\":1,\"name\":\"Po\u010detna stranica\",\"item\":\"https:\\\/\\\/radioljubuski.ba\\\/\"},{\"@type\":\"ListItem\",\"position\":2,\"name\":\"U Bosni i Hercegovini danas 418 novozara\u017eenih, preminula su 23 pacijenta\"}]},{\"@type\":\"WebSite\",\"@id\":\"https:\\\/\\\/radioljubuski.ba\\\/#website\",\"url\":\"https:\\\/\\\/radioljubuski.ba\\\/\",\"name\":\"Radio Ljubu\u0161ki\",\"description\":\"Sun\u010dana frekvencija Hercegovine\",\"publisher\":{\"@id\":\"https:\\\/\\\/radioljubuski.ba\\\/#organization\"},\"potentialAction\":[{\"@type\":\"SearchAction\",\"target\":{\"@type\":\"EntryPoint\",\"urlTemplate\":\"https:\\\/\\\/radioljubuski.ba\\\/?s={search_term_string}\"},\"query-input\":{\"@type\":\"PropertyValueSpecification\",\"valueRequired\":true,\"valueName\":\"search_term_string\"}}],\"inLanguage\":\"hr\"},{\"@type\":\"Organization\",\"@id\":\"https:\\\/\\\/radioljubuski.ba\\\/#organization\",\"name\":\"Radio Ljubu\u0161ki\",\"url\":\"https:\\\/\\\/radioljubuski.ba\\\/\",\"logo\":{\"@type\":\"ImageObject\",\"inLanguage\":\"hr\",\"@id\":\"https:\\\/\\\/radioljubuski.ba\\\/#\\\/schema\\\/logo\\\/image\\\/\",\"url\":\"https:\\\/\\\/radioljubuski.ba\\\/wp-content\\\/uploads\\\/2021\\\/02\\\/cropped-Radio_Ljubuski_logo1.jpg\",\"contentUrl\":\"https:\\\/\\\/radioljubuski.ba\\\/wp-content\\\/uploads\\\/2021\\\/02\\\/cropped-Radio_Ljubuski_logo1.jpg\",\"width\":512,\"height\":512,\"caption\":\"Radio Ljubu\u0161ki\"},\"image\":{\"@id\":\"https:\\\/\\\/radioljubuski.ba\\\/#\\\/schema\\\/logo\\\/image\\\/\"},\"sameAs\":[\"https:\\\/\\\/www.facebook.com\\\/Radiio-Ljubuski-1490835324566332\",\"https:\\\/\\\/x.com\\\/radioljubuski\",\"https:\\\/\\\/hr.linkedin.com\\\/company\\\/radio-ljubuski\",\"https:\\\/\\\/www.youtube.com\\\/channel\\\/UCHYaeO_n0Db3tjNGudGpXyw\"]},{\"@type\":\"Person\",\"@id\":\"https:\\\/\\\/radioljubuski.ba\\\/#\\\/schema\\\/person\\\/19fc700381a780f69665d7956c469e3b\",\"name\":\"Radio Ljubu\u0161ki\"}]}<\/script>\n<!-- \/ Yoast SEO plugin. -->","yoast_head_json":{"title":"U Bosni i Hercegovini danas 418 novozara\u017eenih, preminula su 23 pacijenta - RADIO LJUBU\u0160KI","robots":{"index":"index","follow":"follow","max-snippet":"max-snippet:-1","max-image-preview":"max-image-preview:large","max-video-preview":"max-video-preview:-1"},"canonical":"https:\/\/radioljubuski.ba\/index.php\/2021\/05\/05\/u-bosni-i-hercegovini-danas-418-novozarazenih-preminula-su-23-pacijenta\/","og_locale":"hr_HR","og_type":"article","og_title":"U Bosni i Hercegovini danas 418 novozara\u017eenih, preminula su 23 pacijenta - RADIO LJUBU\u0160KI","og_description":"U protekla 24 sata u cijeloj BiH je prijavljeno 418 novih slu\u010dajeva koronavirusa. U istom periodu preminula su 23 pacijent kod kojeg je potvr\u0111eno prisustvo ovog virusa. U protekla 24h, Zavodu za javno zdravstvo Federacije BiH prijavljeno je 2 585 uzoraka, od kojih su 233 pozitivna na SARS-CoV-2. Novi slu\u010dajevi registrirani su u svim \u017eupanijama [&hellip;]","og_url":"https:\/\/radioljubuski.ba\/index.php\/2021\/05\/05\/u-bosni-i-hercegovini-danas-418-novozarazenih-preminula-su-23-pacijenta\/","og_site_name":"RADIO LJUBU\u0160KI","article_publisher":"https:\/\/www.facebook.com\/Radiio-Ljubuski-1490835324566332","article_published_time":"2021-05-05T13:07:33+00:00","article_modified_time":"2021-05-05T13:07:34+00:00","og_image":[{"width":1068,"height":801,"url":"https:\/\/radioljubuski.ba\/wp-content\/uploads\/2021\/03\/Koronavirus-u-BiH-1200x900-1-1068x801-1.jpg","type":"image\/jpeg"}],"author":"Radio Ljubu\u0161ki","twitter_card":"summary_large_image","twitter_creator":"@radioljubuski","twitter_site":"@radioljubuski","twitter_misc":{"Napisao\/la":"Radio Ljubu\u0161ki","Procijenjeno vrijeme \u010ditanja":"2 minute"},"schema":{"@context":"https:\/\/schema.org","@graph":[{"@type":"Article","@id":"https:\/\/radioljubuski.ba\/index.php\/2021\/05\/05\/u-bosni-i-hercegovini-danas-418-novozarazenih-preminula-su-23-pacijenta\/#article","isPartOf":{"@id":"https:\/\/radioljubuski.ba\/index.php\/2021\/05\/05\/u-bosni-i-hercegovini-danas-418-novozarazenih-preminula-su-23-pacijenta\/"},"author":{"name":"Radio Ljubu\u0161ki","@id":"https:\/\/radioljubuski.ba\/#\/schema\/person\/19fc700381a780f69665d7956c469e3b"},"headline":"U Bosni i Hercegovini danas 418 novozara\u017eenih, preminula su 23 pacijenta","datePublished":"2021-05-05T13:07:33+00:00","dateModified":"2021-05-05T13:07:34+00:00","mainEntityOfPage":{"@id":"https:\/\/radioljubuski.ba\/index.php\/2021\/05\/05\/u-bosni-i-hercegovini-danas-418-novozarazenih-preminula-su-23-pacijenta\/"},"wordCount":289,"publisher":{"@id":"https:\/\/radioljubuski.ba\/#organization"},"image":{"@id":"https:\/\/radioljubuski.ba\/index.php\/2021\/05\/05\/u-bosni-i-hercegovini-danas-418-novozarazenih-preminula-su-23-pacijenta\/#primaryimage"},"thumbnailUrl":"https:\/\/radioljubuski.ba\/wp-content\/uploads\/2021\/03\/Koronavirus-u-BiH-1200x900-1-1068x801-1.jpg","articleSection":["BIH i regija"],"inLanguage":"hr"},{"@type":"WebPage","@id":"https:\/\/radioljubuski.ba\/index.php\/2021\/05\/05\/u-bosni-i-hercegovini-danas-418-novozarazenih-preminula-su-23-pacijenta\/","url":"https:\/\/radioljubuski.ba\/index.php\/2021\/05\/05\/u-bosni-i-hercegovini-danas-418-novozarazenih-preminula-su-23-pacijenta\/","name":"U Bosni i Hercegovini danas 418 novozara\u017eenih, preminula su 23 pacijenta - RADIO LJUBU\u0160KI","isPartOf":{"@id":"https:\/\/radioljubuski.ba\/#website"},"primaryImageOfPage":{"@id":"https:\/\/radioljubuski.ba\/index.php\/2021\/05\/05\/u-bosni-i-hercegovini-danas-418-novozarazenih-preminula-su-23-pacijenta\/#primaryimage"},"image":{"@id":"https:\/\/radioljubuski.ba\/index.php\/2021\/05\/05\/u-bosni-i-hercegovini-danas-418-novozarazenih-preminula-su-23-pacijenta\/#primaryimage"},"thumbnailUrl":"https:\/\/radioljubuski.ba\/wp-content\/uploads\/2021\/03\/Koronavirus-u-BiH-1200x900-1-1068x801-1.jpg","datePublished":"2021-05-05T13:07:33+00:00","dateModified":"2021-05-05T13:07:34+00:00","breadcrumb":{"@id":"https:\/\/radioljubuski.ba\/index.php\/2021\/05\/05\/u-bosni-i-hercegovini-danas-418-novozarazenih-preminula-su-23-pacijenta\/#breadcrumb"},"inLanguage":"hr","potentialAction":[{"@type":"ReadAction","target":["https:\/\/radioljubuski.ba\/index.php\/2021\/05\/05\/u-bosni-i-hercegovini-danas-418-novozarazenih-preminula-su-23-pacijenta\/"]}]},{"@type":"ImageObject","inLanguage":"hr","@id":"https:\/\/radioljubuski.ba\/index.php\/2021\/05\/05\/u-bosni-i-hercegovini-danas-418-novozarazenih-preminula-su-23-pacijenta\/#primaryimage","url":"https:\/\/radioljubuski.ba\/wp-content\/uploads\/2021\/03\/Koronavirus-u-BiH-1200x900-1-1068x801-1.jpg","contentUrl":"https:\/\/radioljubuski.ba\/wp-content\/uploads\/2021\/03\/Koronavirus-u-BiH-1200x900-1-1068x801-1.jpg","width":1068,"height":801},{"@type":"BreadcrumbList","@id":"https:\/\/radioljubuski.ba\/index.php\/2021\/05\/05\/u-bosni-i-hercegovini-danas-418-novozarazenih-preminula-su-23-pacijenta\/#breadcrumb","itemListElement":[{"@type":"ListItem","position":1,"name":"Po\u010detna stranica","item":"https:\/\/radioljubuski.ba\/"},{"@type":"ListItem","position":2,"name":"U Bosni i Hercegovini danas 418 novozara\u017eenih, preminula su 23 pacijenta"}]},{"@type":"WebSite","@id":"https:\/\/radioljubuski.ba\/#website","url":"https:\/\/radioljubuski.ba\/","name":"Radio Ljubu\u0161ki","description":"Sun\u010dana frekvencija Hercegovine","publisher":{"@id":"https:\/\/radioljubuski.ba\/#organization"},"potentialAction":[{"@type":"SearchAction","target":{"@type":"EntryPoint","urlTemplate":"https:\/\/radioljubuski.ba\/?s={search_term_string}"},"query-input":{"@type":"PropertyValueSpecification","valueRequired":true,"valueName":"search_term_string"}}],"inLanguage":"hr"},{"@type":"Organization","@id":"https:\/\/radioljubuski.ba\/#organization","name":"Radio Ljubu\u0161ki","url":"https:\/\/radioljubuski.ba\/","logo":{"@type":"ImageObject","inLanguage":"hr","@id":"https:\/\/radioljubuski.ba\/#\/schema\/logo\/image\/","url":"https:\/\/radioljubuski.ba\/wp-content\/uploads\/2021\/02\/cropped-Radio_Ljubuski_logo1.jpg","contentUrl":"https:\/\/radioljubuski.ba\/wp-content\/uploads\/2021\/02\/cropped-Radio_Ljubuski_logo1.jpg","width":512,"height":512,"caption":"Radio Ljubu\u0161ki"},"image":{"@id":"https:\/\/radioljubuski.ba\/#\/schema\/logo\/image\/"},"sameAs":["https:\/\/www.facebook.com\/Radiio-Ljubuski-1490835324566332","https:\/\/x.com\/radioljubuski","https:\/\/hr.linkedin.com\/company\/radio-ljubuski","https:\/\/www.youtube.com\/channel\/UCHYaeO_n0Db3tjNGudGpXyw"]},{"@type":"Person","@id":"https:\/\/radioljubuski.ba\/#\/schema\/person\/19fc700381a780f69665d7956c469e3b","name":"Radio Ljubu\u0161ki"}]}},"_links":{"self":[{"href":"https:\/\/radioljubuski.ba\/index.php\/wp-json\/wp\/v2\/posts\/18770","targetHints":{"allow":["GET"]}}],"collection":[{"href":"https:\/\/radioljubuski.ba\/index.php\/wp-json\/wp\/v2\/posts"}],"about":[{"href":"https:\/\/radioljubuski.ba\/index.php\/wp-json\/wp\/v2\/types\/post"}],"author":[{"embeddable":true,"href":"https:\/\/radioljubuski.ba\/index.php\/wp-json\/wp\/v2\/users\/2"}],"replies":[{"embeddable":true,"href":"https:\/\/radioljubuski.ba\/index.php\/wp-json\/wp\/v2\/comments?post=18770"}],"version-history":[{"count":1,"href":"https:\/\/radioljubuski.ba\/index.php\/wp-json\/wp\/v2\/posts\/18770\/revisions"}],"predecessor-version":[{"id":18771,"href":"https:\/\/radioljubuski.ba\/index.php\/wp-json\/wp\/v2\/posts\/18770\/revisions\/18771"}],"wp:featuredmedia":[{"embeddable":true,"href":"https:\/\/radioljubuski.ba\/index.php\/wp-json\/wp\/v2\/media\/2249"}],"wp:attachment":[{"href":"https:\/\/radioljubuski.ba\/index.php\/wp-json\/wp\/v2\/media?parent=18770"}],"wp:term":[{"taxonomy":"category","embeddable":true,"href":"https:\/\/radioljubuski.ba\/index.php\/wp-json\/wp\/v2\/categories?post=18770"},{"taxonomy":"post_tag","embeddable":true,"href":"https:\/\/radioljubuski.ba\/index.php\/wp-json\/wp\/v2\/tags?post=18770"}],"curies":[{"name":"wp","href":"https:\/\/api.w.org\/{rel}","templated":true}]}}