{"id":187887,"date":"2023-02-08T10:43:46","date_gmt":"2023-02-08T09:43:46","guid":{"rendered":"https:\/\/radioljubuski.ba\/?p=187887"},"modified":"2023-02-08T10:43:46","modified_gmt":"2023-02-08T09:43:46","slug":"louise-i-steve-bubalo-darovali-djecu-u-djecjem-vrticu-ljubuski","status":"publish","type":"post","link":"https:\/\/radioljubuski.ba\/index.php\/2023\/02\/08\/louise-i-steve-bubalo-darovali-djecu-u-djecjem-vrticu-ljubuski\/","title":{"rendered":"Louise i Steve Bubalo darovali djecu u Dje\u010djem vrti\u0107u Ljubu\u0161ki"},"content":{"rendered":"\n<h5 class=\"wp-block-heading\">Steve (Stipe) Bubalo, ameri\u010dki poduzetnik ljubu\u0161kih korijena, sa svojom suprugom Louise poznat je po uspje\u0161nim poslovnim aktivnostima, ali i privr\u017eenosti svom rodnom kraju u koji \u010desto dolazi i pru\u017ea pomo\u0107 pri realizaciji raznih projekata.<\/h5>\n\n\n\n<p>Nebrojeno puta supru\u017enici Bubalo pokazali su svoju humanu stranu, a nedavno su obradovali i djecu koja poha\u0111aju&nbsp;<strong>Dje\u010dji vrti\u0107 Ljubu\u0161ki<\/strong>.<\/p>\n\n\n\n<p><em>Krajem pro\u0161le godine jako nas je obradovala vijest da \u0107e djeca dobiti&nbsp;<strong>nove igra\u010dke i materijal za rad<\/strong>&nbsp;od Louise i Stipe Stevea Bubala u vrijednosti od<strong>&nbsp;2.000 ameri\u010dkih dolara<\/strong>. Donacijom velikih magnetnih plo\u010da obogatili smo ulazni dio gdje \u0107emo od sada mo\u0107i imati izlo\u017ebe dje\u010djih radova. Nove igra\u010dke poput&nbsp;<strong>klackalica i lopti<\/strong>&nbsp;djeci \u0107e uljep\u0161ati vrijeme u na\u0161oj igraonici.<\/em><\/p>\n\n\n\n<p><em>Dobili smo i&nbsp;<strong>novi materijal za kreativni rad<\/strong>&nbsp;po skupinama: papire u boji, bijeli papir, male \u0161kare za djecu, ljepila, ukrase, klamerice, plastifikatore, tempere, krede. Za poticanje dje\u010dje ma\u0161te kroz igru kupljene su lego kockice i razli\u010dite kvalitetne drvene igra\u010dke: ku\u0107ice za lutke, trgovine, kuhinje, slasti\u010darna, kafi\u0107, staze i gara\u017ee za auti\u0107e.<\/em><\/p>\n\n\n\n<p><em>Djecu su razveselile i nove slikovnice, puzzle, dru\u0161tvene i<strong>&nbsp;didakti\u010dke igre<\/strong>. Ne mo\u017eemo rije\u010dima opisati koliko je odu\u0161evljenje djece bilo kada su ugledali nove igra\u010dke.<\/em><\/p>\n\n\n\n<p><em>Neka nam svima najve\u0107a nagrada budu sretna djeca u vrti\u0107u, koja su se odu\u0161evila poklonom. Imamo&nbsp;<strong>\u010dast odgajati najmla\u0111e Ljubu\u0161ake i<\/strong>&nbsp;trudit \u0107emo se da ih u\u010dimo \u017eivjeti po njihovom primjeru, da jednog dana, ako ih \u017eivot odvede daleko, ne zaborave gdje su njihovi korijeni.&nbsp;Dragi Stipe i Louise, hvala od srca jer ovaj poklon nama puno zna\u010di<\/em>, poru\u010dili su iz Dje\u010djeg vrti\u0107a Ljubu\u0161ki.<\/p>\n\n\n\n<p>Podsjetimo, Gradsko vije\u0107e Ljubu\u0161ki na 21. sjednici usvojilo je odluku o dodjeli&nbsp;<strong>nagrade Grada Ljubu\u0161kog za \u017eivotno djel<\/strong>o koja \u0107e ove godine oti\u0107i u ruke Louise i Stevea \u2013 Stipe Bubala,<strong>&nbsp;najuglednije i najimu\u0107nije obitelji u hrvatskoj dijaspori<\/strong>, koja je poznata po svojoj humanosti i svesrdnoj pomo\u0107i rodnom kraju.<\/p>\n\n\n\n<p>Supru\u017enicima Bubalo bit \u0107e uru\u010dena i\u00a0<strong>Povelja<\/strong>\u00a0te\u00a0<strong>Zlatni grb<\/strong>\u00a0Grada Ljubu\u0161kog, priop\u0107eno je u utorak kasno nave\u010der iz Javne ustanove \u201dDje\u010dji vrti\u0107 Ljubu\u0161ki\u201d.<\/p>\n\n\n\n<iframe loading=\"lazy\" width=\"560\" height=\"315\" src=\"https:\/\/www.youtube.com\/embed\/rUKRteuPC-s\" title=\"YouTube video player\" frameborder=\"0\" allow=\"accelerometer; autoplay; clipboard-write; encrypted-media; gyroscope; picture-in-picture; web-share\" allowfullscreen><\/iframe>\n","protected":false},"excerpt":{"rendered":"<p>Steve (Stipe) Bubalo, ameri\u010dki poduzetnik ljubu\u0161kih korijena, sa svojom suprugom Louise poznat je po uspje\u0161nim poslovnim aktivnostima, ali i privr\u017eenosti svom rodnom kraju u koji \u010desto dolazi i pru\u017ea pomo\u0107 pri realizaciji raznih projekata. Nebrojeno puta supru\u017enici Bubalo pokazali su svoju humanu stranu, a nedavno su obradovali i djecu koja poha\u0111aju&nbsp;Dje\u010dji vrti\u0107 Ljubu\u0161ki. Krajem pro\u0161le [&hellip;]<\/p>\n","protected":false},"author":2,"featured_media":187888,"comment_status":"closed","ping_status":"closed","sticky":false,"template":"","format":"standard","meta":{"h5ap_radio_sources":[],"footnotes":""},"categories":[28],"tags":[],"class_list":["post-187887","post","type-post","status-publish","format-standard","has-post-thumbnail","hentry","category-novosti"],"yoast_head":"<!-- This site is optimized with the Yoast SEO plugin v27.5 - https:\/\/yoast.com\/product\/yoast-seo-wordpress\/ -->\n<title>Louise i Steve Bubalo darovali djecu u Dje\u010djem vrti\u0107u Ljubu\u0161ki - RADIO LJUBU\u0160KI<\/title>\n<meta name=\"robots\" content=\"index, follow, max-snippet:-1, max-image-preview:large, max-video-preview:-1\" \/>\n<link rel=\"canonical\" href=\"https:\/\/radioljubuski.ba\/index.php\/2023\/02\/08\/louise-i-steve-bubalo-darovali-djecu-u-djecjem-vrticu-ljubuski\/\" \/>\n<meta property=\"og:locale\" content=\"hr_HR\" \/>\n<meta property=\"og:type\" content=\"article\" \/>\n<meta property=\"og:title\" content=\"Louise i Steve Bubalo darovali djecu u Dje\u010djem vrti\u0107u Ljubu\u0161ki - RADIO LJUBU\u0160KI\" \/>\n<meta property=\"og:description\" content=\"Steve (Stipe) Bubalo, ameri\u010dki poduzetnik ljubu\u0161kih korijena, sa svojom suprugom Louise poznat je po uspje\u0161nim poslovnim aktivnostima, ali i privr\u017eenosti svom rodnom kraju u koji \u010desto dolazi i pru\u017ea pomo\u0107 pri realizaciji raznih projekata. Nebrojeno puta supru\u017enici Bubalo pokazali su svoju humanu stranu, a nedavno su obradovali i djecu koja poha\u0111aju&nbsp;Dje\u010dji vrti\u0107 Ljubu\u0161ki. Krajem pro\u0161le [&hellip;]\" \/>\n<meta property=\"og:url\" content=\"https:\/\/radioljubuski.ba\/index.php\/2023\/02\/08\/louise-i-steve-bubalo-darovali-djecu-u-djecjem-vrticu-ljubuski\/\" \/>\n<meta property=\"og:site_name\" content=\"RADIO LJUBU\u0160KI\" \/>\n<meta property=\"article:publisher\" content=\"https:\/\/www.facebook.com\/Radiio-Ljubuski-1490835324566332\" \/>\n<meta property=\"article:published_time\" content=\"2023-02-08T09:43:46+00:00\" \/>\n<meta property=\"og:image\" content=\"https:\/\/radioljubuski.ba\/wp-content\/uploads\/2023\/02\/vrtic.webp\" \/>\n\t<meta property=\"og:image:width\" content=\"1000\" \/>\n\t<meta property=\"og:image:height\" content=\"800\" \/>\n\t<meta property=\"og:image:type\" content=\"image\/webp\" \/>\n<meta name=\"author\" content=\"Radio Ljubu\u0161ki\" \/>\n<meta name=\"twitter:card\" content=\"summary_large_image\" \/>\n<meta name=\"twitter:creator\" content=\"@radioljubuski\" \/>\n<meta name=\"twitter:site\" content=\"@radioljubuski\" \/>\n<meta name=\"twitter:label1\" content=\"Napisao\/la\" \/>\n\t<meta name=\"twitter:data1\" content=\"Radio Ljubu\u0161ki\" \/>\n\t<meta name=\"twitter:label2\" content=\"Procijenjeno vrijeme \u010ditanja\" \/>\n\t<meta name=\"twitter:data2\" content=\"2 minute\" \/>\n<script type=\"application\/ld+json\" class=\"yoast-schema-graph\">{\"@context\":\"https:\\\/\\\/schema.org\",\"@graph\":[{\"@type\":\"Article\",\"@id\":\"https:\\\/\\\/radioljubuski.ba\\\/index.php\\\/2023\\\/02\\\/08\\\/louise-i-steve-bubalo-darovali-djecu-u-djecjem-vrticu-ljubuski\\\/#article\",\"isPartOf\":{\"@id\":\"https:\\\/\\\/radioljubuski.ba\\\/index.php\\\/2023\\\/02\\\/08\\\/louise-i-steve-bubalo-darovali-djecu-u-djecjem-vrticu-ljubuski\\\/\"},\"author\":{\"name\":\"Radio Ljubu\u0161ki\",\"@id\":\"https:\\\/\\\/radioljubuski.ba\\\/#\\\/schema\\\/person\\\/19fc700381a780f69665d7956c469e3b\"},\"headline\":\"Louise i Steve Bubalo darovali djecu u Dje\u010djem vrti\u0107u Ljubu\u0161ki\",\"datePublished\":\"2023-02-08T09:43:46+00:00\",\"mainEntityOfPage\":{\"@id\":\"https:\\\/\\\/radioljubuski.ba\\\/index.php\\\/2023\\\/02\\\/08\\\/louise-i-steve-bubalo-darovali-djecu-u-djecjem-vrticu-ljubuski\\\/\"},\"wordCount\":409,\"publisher\":{\"@id\":\"https:\\\/\\\/radioljubuski.ba\\\/#organization\"},\"image\":{\"@id\":\"https:\\\/\\\/radioljubuski.ba\\\/index.php\\\/2023\\\/02\\\/08\\\/louise-i-steve-bubalo-darovali-djecu-u-djecjem-vrticu-ljubuski\\\/#primaryimage\"},\"thumbnailUrl\":\"https:\\\/\\\/radioljubuski.ba\\\/wp-content\\\/uploads\\\/2023\\\/02\\\/vrtic.webp\",\"articleSection\":[\"Novosti\"],\"inLanguage\":\"hr\"},{\"@type\":\"WebPage\",\"@id\":\"https:\\\/\\\/radioljubuski.ba\\\/index.php\\\/2023\\\/02\\\/08\\\/louise-i-steve-bubalo-darovali-djecu-u-djecjem-vrticu-ljubuski\\\/\",\"url\":\"https:\\\/\\\/radioljubuski.ba\\\/index.php\\\/2023\\\/02\\\/08\\\/louise-i-steve-bubalo-darovali-djecu-u-djecjem-vrticu-ljubuski\\\/\",\"name\":\"Louise i Steve Bubalo darovali djecu u Dje\u010djem vrti\u0107u Ljubu\u0161ki - RADIO LJUBU\u0160KI\",\"isPartOf\":{\"@id\":\"https:\\\/\\\/radioljubuski.ba\\\/#website\"},\"primaryImageOfPage\":{\"@id\":\"https:\\\/\\\/radioljubuski.ba\\\/index.php\\\/2023\\\/02\\\/08\\\/louise-i-steve-bubalo-darovali-djecu-u-djecjem-vrticu-ljubuski\\\/#primaryimage\"},\"image\":{\"@id\":\"https:\\\/\\\/radioljubuski.ba\\\/index.php\\\/2023\\\/02\\\/08\\\/louise-i-steve-bubalo-darovali-djecu-u-djecjem-vrticu-ljubuski\\\/#primaryimage\"},\"thumbnailUrl\":\"https:\\\/\\\/radioljubuski.ba\\\/wp-content\\\/uploads\\\/2023\\\/02\\\/vrtic.webp\",\"datePublished\":\"2023-02-08T09:43:46+00:00\",\"breadcrumb\":{\"@id\":\"https:\\\/\\\/radioljubuski.ba\\\/index.php\\\/2023\\\/02\\\/08\\\/louise-i-steve-bubalo-darovali-djecu-u-djecjem-vrticu-ljubuski\\\/#breadcrumb\"},\"inLanguage\":\"hr\",\"potentialAction\":[{\"@type\":\"ReadAction\",\"target\":[\"https:\\\/\\\/radioljubuski.ba\\\/index.php\\\/2023\\\/02\\\/08\\\/louise-i-steve-bubalo-darovali-djecu-u-djecjem-vrticu-ljubuski\\\/\"]}]},{\"@type\":\"ImageObject\",\"inLanguage\":\"hr\",\"@id\":\"https:\\\/\\\/radioljubuski.ba\\\/index.php\\\/2023\\\/02\\\/08\\\/louise-i-steve-bubalo-darovali-djecu-u-djecjem-vrticu-ljubuski\\\/#primaryimage\",\"url\":\"https:\\\/\\\/radioljubuski.ba\\\/wp-content\\\/uploads\\\/2023\\\/02\\\/vrtic.webp\",\"contentUrl\":\"https:\\\/\\\/radioljubuski.ba\\\/wp-content\\\/uploads\\\/2023\\\/02\\\/vrtic.webp\",\"width\":1000,\"height\":800},{\"@type\":\"BreadcrumbList\",\"@id\":\"https:\\\/\\\/radioljubuski.ba\\\/index.php\\\/2023\\\/02\\\/08\\\/louise-i-steve-bubalo-darovali-djecu-u-djecjem-vrticu-ljubuski\\\/#breadcrumb\",\"itemListElement\":[{\"@type\":\"ListItem\",\"position\":1,\"name\":\"Po\u010detna stranica\",\"item\":\"https:\\\/\\\/radioljubuski.ba\\\/\"},{\"@type\":\"ListItem\",\"position\":2,\"name\":\"Louise i Steve Bubalo darovali djecu u Dje\u010djem vrti\u0107u Ljubu\u0161ki\"}]},{\"@type\":\"WebSite\",\"@id\":\"https:\\\/\\\/radioljubuski.ba\\\/#website\",\"url\":\"https:\\\/\\\/radioljubuski.ba\\\/\",\"name\":\"Radio Ljubu\u0161ki\",\"description\":\"Sun\u010dana frekvencija Hercegovine\",\"publisher\":{\"@id\":\"https:\\\/\\\/radioljubuski.ba\\\/#organization\"},\"potentialAction\":[{\"@type\":\"SearchAction\",\"target\":{\"@type\":\"EntryPoint\",\"urlTemplate\":\"https:\\\/\\\/radioljubuski.ba\\\/?s={search_term_string}\"},\"query-input\":{\"@type\":\"PropertyValueSpecification\",\"valueRequired\":true,\"valueName\":\"search_term_string\"}}],\"inLanguage\":\"hr\"},{\"@type\":\"Organization\",\"@id\":\"https:\\\/\\\/radioljubuski.ba\\\/#organization\",\"name\":\"Radio Ljubu\u0161ki\",\"url\":\"https:\\\/\\\/radioljubuski.ba\\\/\",\"logo\":{\"@type\":\"ImageObject\",\"inLanguage\":\"hr\",\"@id\":\"https:\\\/\\\/radioljubuski.ba\\\/#\\\/schema\\\/logo\\\/image\\\/\",\"url\":\"https:\\\/\\\/radioljubuski.ba\\\/wp-content\\\/uploads\\\/2021\\\/02\\\/cropped-Radio_Ljubuski_logo1.jpg\",\"contentUrl\":\"https:\\\/\\\/radioljubuski.ba\\\/wp-content\\\/uploads\\\/2021\\\/02\\\/cropped-Radio_Ljubuski_logo1.jpg\",\"width\":512,\"height\":512,\"caption\":\"Radio Ljubu\u0161ki\"},\"image\":{\"@id\":\"https:\\\/\\\/radioljubuski.ba\\\/#\\\/schema\\\/logo\\\/image\\\/\"},\"sameAs\":[\"https:\\\/\\\/www.facebook.com\\\/Radiio-Ljubuski-1490835324566332\",\"https:\\\/\\\/x.com\\\/radioljubuski\",\"https:\\\/\\\/hr.linkedin.com\\\/company\\\/radio-ljubuski\",\"https:\\\/\\\/www.youtube.com\\\/channel\\\/UCHYaeO_n0Db3tjNGudGpXyw\"]},{\"@type\":\"Person\",\"@id\":\"https:\\\/\\\/radioljubuski.ba\\\/#\\\/schema\\\/person\\\/19fc700381a780f69665d7956c469e3b\",\"name\":\"Radio Ljubu\u0161ki\"}]}<\/script>\n<!-- \/ Yoast SEO plugin. -->","yoast_head_json":{"title":"Louise i Steve Bubalo darovali djecu u Dje\u010djem vrti\u0107u Ljubu\u0161ki - RADIO LJUBU\u0160KI","robots":{"index":"index","follow":"follow","max-snippet":"max-snippet:-1","max-image-preview":"max-image-preview:large","max-video-preview":"max-video-preview:-1"},"canonical":"https:\/\/radioljubuski.ba\/index.php\/2023\/02\/08\/louise-i-steve-bubalo-darovali-djecu-u-djecjem-vrticu-ljubuski\/","og_locale":"hr_HR","og_type":"article","og_title":"Louise i Steve Bubalo darovali djecu u Dje\u010djem vrti\u0107u Ljubu\u0161ki - RADIO LJUBU\u0160KI","og_description":"Steve (Stipe) Bubalo, ameri\u010dki poduzetnik ljubu\u0161kih korijena, sa svojom suprugom Louise poznat je po uspje\u0161nim poslovnim aktivnostima, ali i privr\u017eenosti svom rodnom kraju u koji \u010desto dolazi i pru\u017ea pomo\u0107 pri realizaciji raznih projekata. Nebrojeno puta supru\u017enici Bubalo pokazali su svoju humanu stranu, a nedavno su obradovali i djecu koja poha\u0111aju&nbsp;Dje\u010dji vrti\u0107 Ljubu\u0161ki. Krajem pro\u0161le [&hellip;]","og_url":"https:\/\/radioljubuski.ba\/index.php\/2023\/02\/08\/louise-i-steve-bubalo-darovali-djecu-u-djecjem-vrticu-ljubuski\/","og_site_name":"RADIO LJUBU\u0160KI","article_publisher":"https:\/\/www.facebook.com\/Radiio-Ljubuski-1490835324566332","article_published_time":"2023-02-08T09:43:46+00:00","og_image":[{"width":1000,"height":800,"url":"https:\/\/radioljubuski.ba\/wp-content\/uploads\/2023\/02\/vrtic.webp","type":"image\/webp"}],"author":"Radio Ljubu\u0161ki","twitter_card":"summary_large_image","twitter_creator":"@radioljubuski","twitter_site":"@radioljubuski","twitter_misc":{"Napisao\/la":"Radio Ljubu\u0161ki","Procijenjeno vrijeme \u010ditanja":"2 minute"},"schema":{"@context":"https:\/\/schema.org","@graph":[{"@type":"Article","@id":"https:\/\/radioljubuski.ba\/index.php\/2023\/02\/08\/louise-i-steve-bubalo-darovali-djecu-u-djecjem-vrticu-ljubuski\/#article","isPartOf":{"@id":"https:\/\/radioljubuski.ba\/index.php\/2023\/02\/08\/louise-i-steve-bubalo-darovali-djecu-u-djecjem-vrticu-ljubuski\/"},"author":{"name":"Radio Ljubu\u0161ki","@id":"https:\/\/radioljubuski.ba\/#\/schema\/person\/19fc700381a780f69665d7956c469e3b"},"headline":"Louise i Steve Bubalo darovali djecu u Dje\u010djem vrti\u0107u Ljubu\u0161ki","datePublished":"2023-02-08T09:43:46+00:00","mainEntityOfPage":{"@id":"https:\/\/radioljubuski.ba\/index.php\/2023\/02\/08\/louise-i-steve-bubalo-darovali-djecu-u-djecjem-vrticu-ljubuski\/"},"wordCount":409,"publisher":{"@id":"https:\/\/radioljubuski.ba\/#organization"},"image":{"@id":"https:\/\/radioljubuski.ba\/index.php\/2023\/02\/08\/louise-i-steve-bubalo-darovali-djecu-u-djecjem-vrticu-ljubuski\/#primaryimage"},"thumbnailUrl":"https:\/\/radioljubuski.ba\/wp-content\/uploads\/2023\/02\/vrtic.webp","articleSection":["Novosti"],"inLanguage":"hr"},{"@type":"WebPage","@id":"https:\/\/radioljubuski.ba\/index.php\/2023\/02\/08\/louise-i-steve-bubalo-darovali-djecu-u-djecjem-vrticu-ljubuski\/","url":"https:\/\/radioljubuski.ba\/index.php\/2023\/02\/08\/louise-i-steve-bubalo-darovali-djecu-u-djecjem-vrticu-ljubuski\/","name":"Louise i Steve Bubalo darovali djecu u Dje\u010djem vrti\u0107u Ljubu\u0161ki - RADIO LJUBU\u0160KI","isPartOf":{"@id":"https:\/\/radioljubuski.ba\/#website"},"primaryImageOfPage":{"@id":"https:\/\/radioljubuski.ba\/index.php\/2023\/02\/08\/louise-i-steve-bubalo-darovali-djecu-u-djecjem-vrticu-ljubuski\/#primaryimage"},"image":{"@id":"https:\/\/radioljubuski.ba\/index.php\/2023\/02\/08\/louise-i-steve-bubalo-darovali-djecu-u-djecjem-vrticu-ljubuski\/#primaryimage"},"thumbnailUrl":"https:\/\/radioljubuski.ba\/wp-content\/uploads\/2023\/02\/vrtic.webp","datePublished":"2023-02-08T09:43:46+00:00","breadcrumb":{"@id":"https:\/\/radioljubuski.ba\/index.php\/2023\/02\/08\/louise-i-steve-bubalo-darovali-djecu-u-djecjem-vrticu-ljubuski\/#breadcrumb"},"inLanguage":"hr","potentialAction":[{"@type":"ReadAction","target":["https:\/\/radioljubuski.ba\/index.php\/2023\/02\/08\/louise-i-steve-bubalo-darovali-djecu-u-djecjem-vrticu-ljubuski\/"]}]},{"@type":"ImageObject","inLanguage":"hr","@id":"https:\/\/radioljubuski.ba\/index.php\/2023\/02\/08\/louise-i-steve-bubalo-darovali-djecu-u-djecjem-vrticu-ljubuski\/#primaryimage","url":"https:\/\/radioljubuski.ba\/wp-content\/uploads\/2023\/02\/vrtic.webp","contentUrl":"https:\/\/radioljubuski.ba\/wp-content\/uploads\/2023\/02\/vrtic.webp","width":1000,"height":800},{"@type":"BreadcrumbList","@id":"https:\/\/radioljubuski.ba\/index.php\/2023\/02\/08\/louise-i-steve-bubalo-darovali-djecu-u-djecjem-vrticu-ljubuski\/#breadcrumb","itemListElement":[{"@type":"ListItem","position":1,"name":"Po\u010detna stranica","item":"https:\/\/radioljubuski.ba\/"},{"@type":"ListItem","position":2,"name":"Louise i Steve Bubalo darovali djecu u Dje\u010djem vrti\u0107u Ljubu\u0161ki"}]},{"@type":"WebSite","@id":"https:\/\/radioljubuski.ba\/#website","url":"https:\/\/radioljubuski.ba\/","name":"Radio Ljubu\u0161ki","description":"Sun\u010dana frekvencija Hercegovine","publisher":{"@id":"https:\/\/radioljubuski.ba\/#organization"},"potentialAction":[{"@type":"SearchAction","target":{"@type":"EntryPoint","urlTemplate":"https:\/\/radioljubuski.ba\/?s={search_term_string}"},"query-input":{"@type":"PropertyValueSpecification","valueRequired":true,"valueName":"search_term_string"}}],"inLanguage":"hr"},{"@type":"Organization","@id":"https:\/\/radioljubuski.ba\/#organization","name":"Radio Ljubu\u0161ki","url":"https:\/\/radioljubuski.ba\/","logo":{"@type":"ImageObject","inLanguage":"hr","@id":"https:\/\/radioljubuski.ba\/#\/schema\/logo\/image\/","url":"https:\/\/radioljubuski.ba\/wp-content\/uploads\/2021\/02\/cropped-Radio_Ljubuski_logo1.jpg","contentUrl":"https:\/\/radioljubuski.ba\/wp-content\/uploads\/2021\/02\/cropped-Radio_Ljubuski_logo1.jpg","width":512,"height":512,"caption":"Radio Ljubu\u0161ki"},"image":{"@id":"https:\/\/radioljubuski.ba\/#\/schema\/logo\/image\/"},"sameAs":["https:\/\/www.facebook.com\/Radiio-Ljubuski-1490835324566332","https:\/\/x.com\/radioljubuski","https:\/\/hr.linkedin.com\/company\/radio-ljubuski","https:\/\/www.youtube.com\/channel\/UCHYaeO_n0Db3tjNGudGpXyw"]},{"@type":"Person","@id":"https:\/\/radioljubuski.ba\/#\/schema\/person\/19fc700381a780f69665d7956c469e3b","name":"Radio Ljubu\u0161ki"}]}},"_links":{"self":[{"href":"https:\/\/radioljubuski.ba\/index.php\/wp-json\/wp\/v2\/posts\/187887","targetHints":{"allow":["GET"]}}],"collection":[{"href":"https:\/\/radioljubuski.ba\/index.php\/wp-json\/wp\/v2\/posts"}],"about":[{"href":"https:\/\/radioljubuski.ba\/index.php\/wp-json\/wp\/v2\/types\/post"}],"author":[{"embeddable":true,"href":"https:\/\/radioljubuski.ba\/index.php\/wp-json\/wp\/v2\/users\/2"}],"replies":[{"embeddable":true,"href":"https:\/\/radioljubuski.ba\/index.php\/wp-json\/wp\/v2\/comments?post=187887"}],"version-history":[{"count":1,"href":"https:\/\/radioljubuski.ba\/index.php\/wp-json\/wp\/v2\/posts\/187887\/revisions"}],"predecessor-version":[{"id":187889,"href":"https:\/\/radioljubuski.ba\/index.php\/wp-json\/wp\/v2\/posts\/187887\/revisions\/187889"}],"wp:featuredmedia":[{"embeddable":true,"href":"https:\/\/radioljubuski.ba\/index.php\/wp-json\/wp\/v2\/media\/187888"}],"wp:attachment":[{"href":"https:\/\/radioljubuski.ba\/index.php\/wp-json\/wp\/v2\/media?parent=187887"}],"wp:term":[{"taxonomy":"category","embeddable":true,"href":"https:\/\/radioljubuski.ba\/index.php\/wp-json\/wp\/v2\/categories?post=187887"},{"taxonomy":"post_tag","embeddable":true,"href":"https:\/\/radioljubuski.ba\/index.php\/wp-json\/wp\/v2\/tags?post=187887"}],"curies":[{"name":"wp","href":"https:\/\/api.w.org\/{rel}","templated":true}]}}