{"id":188089,"date":"2023-02-14T08:55:58","date_gmt":"2023-02-14T07:55:58","guid":{"rendered":"https:\/\/radioljubuski.ba\/?p=188089"},"modified":"2023-02-14T09:18:11","modified_gmt":"2023-02-14T08:18:11","slug":"jos-jedna-titula-u-fnc-u-dobiva-vlasnika-croata-i-ribeiro-u-ljubuskom-za-pojas-lake-kategorije","status":"publish","type":"post","link":"https:\/\/radioljubuski.ba\/index.php\/2023\/02\/14\/jos-jedna-titula-u-fnc-u-dobiva-vlasnika-croata-i-ribeiro-u-ljubuskom-za-pojas-lake-kategorije\/","title":{"rendered":"Jo\u0161 jedna titula u FNC-u dobiva vlasnika: \u2018Croata\u2019 i Ribeiro u Ljubu\u0161kom za pojas lake kategorije!"},"content":{"rendered":"\n<p>Deseta priredba Fight Nation Championshipa na rasporedu je za mjesec dana, to\u010dnije 4. o\u017eujka te \u0107e FNC po prvi put oti\u0107i izvan Hrvatske. I to u Bosnu i Hercegovinu, odnosno Ljubu\u0161ki. Neki su doma\u0107i borci ve\u0107 najavljeni, a prvi slu\u017ebeno predstavljeni me\u010d je prava poslastica. Tako \u0107e u borbu za pojas lake kategorije i\u0107i Francisco \u2018Croata\u2019 Barrio (33, 10-3) i Brazilac Arlen \u2018Benks\u2019 Ribeiro (31, 12-4)!<\/p>\n\n\n\n<p>Argentinsko-hrvatski borac vra\u0107a se u kavez FNC-a nakon dvije borbe u poljskom KSW-u. Podsjetimo, tamo je slavio u svibnju pro\u0161le godine protiv Lukasza Rajewskog (33, 12-8-1) gu\u0161enjem u drugoj rundi, dok je u studenom izgubio nokautom u tre\u0107oj rundi protiv Macieja Kazieczka (29, 9-2). U FNC-u ima tri pobjede \u2013 protiv Adija Durakovi\u0107a na FNC-u 2, Aleksandra Jankovi\u0107a (28, 14-12-1) na FNC 3 priredbi i protiv Vase Bako\u010devi\u0107a (33, 42-23-1).<\/p>\n\n\n\n<p>Njegovog smo protivnika trebali gledati na FNC 9 priredbi u Sisku protiv Filipa \u2018Nitra\u2019 Peji\u0107a (30, 17-7-2), ali zbog problema s korona virusom otkazao je nastup. Upoznali smo ga smo upoznali na spektakularnoj FNC 7 priredbi u Puli gdje je u prvoj rundi gu\u0161enjem slavio protiv Kerkera Silve (35, 6-4).<\/p>\n\n\n\n<p>Sljede\u0107eg je vikenda na rasporedu amaterski turnir FNC-a, a ve\u0107 za mjesec dana na scenu stupaju \u2013 profesionalci. Uskoro \u0107e u prodaju i ulaznice, a oni koji priredbu ne\u0107e mo\u0107i pratiti u\u017eivo iz dvorane mo\u0107i \u0107e to napraviti putem PPV-a.<\/p>\n","protected":false},"excerpt":{"rendered":"<p>Deseta priredba Fight Nation Championshipa na rasporedu je za mjesec dana, to\u010dnije 4. o\u017eujka te \u0107e FNC po prvi put oti\u0107i izvan Hrvatske. I to u Bosnu i Hercegovinu, odnosno Ljubu\u0161ki. Neki su doma\u0107i borci ve\u0107 najavljeni, a prvi slu\u017ebeno predstavljeni me\u010d je prava poslastica. Tako \u0107e u borbu za pojas lake kategorije i\u0107i Francisco [&hellip;]<\/p>\n","protected":false},"author":2,"featured_media":188090,"comment_status":"closed","ping_status":"closed","sticky":false,"template":"","format":"standard","meta":{"h5ap_radio_sources":[],"footnotes":""},"categories":[28],"tags":[],"class_list":["post-188089","post","type-post","status-publish","format-standard","has-post-thumbnail","hentry","category-novosti"],"yoast_head":"<!-- This site is optimized with the Yoast SEO plugin v27.5 - https:\/\/yoast.com\/product\/yoast-seo-wordpress\/ -->\n<title>Jo\u0161 jedna titula u FNC-u dobiva vlasnika: \u2018Croata\u2019 i Ribeiro u Ljubu\u0161kom za pojas lake kategorije! - RADIO LJUBU\u0160KI<\/title>\n<meta name=\"robots\" content=\"index, follow, max-snippet:-1, max-image-preview:large, max-video-preview:-1\" \/>\n<link rel=\"canonical\" href=\"https:\/\/radioljubuski.ba\/index.php\/2023\/02\/14\/jos-jedna-titula-u-fnc-u-dobiva-vlasnika-croata-i-ribeiro-u-ljubuskom-za-pojas-lake-kategorije\/\" \/>\n<meta property=\"og:locale\" content=\"hr_HR\" \/>\n<meta property=\"og:type\" content=\"article\" \/>\n<meta property=\"og:title\" content=\"Jo\u0161 jedna titula u FNC-u dobiva vlasnika: \u2018Croata\u2019 i Ribeiro u Ljubu\u0161kom za pojas lake kategorije! - RADIO LJUBU\u0160KI\" \/>\n<meta property=\"og:description\" content=\"Deseta priredba Fight Nation Championshipa na rasporedu je za mjesec dana, to\u010dnije 4. o\u017eujka te \u0107e FNC po prvi put oti\u0107i izvan Hrvatske. I to u Bosnu i Hercegovinu, odnosno Ljubu\u0161ki. Neki su doma\u0107i borci ve\u0107 najavljeni, a prvi slu\u017ebeno predstavljeni me\u010d je prava poslastica. Tako \u0107e u borbu za pojas lake kategorije i\u0107i Francisco [&hellip;]\" \/>\n<meta property=\"og:url\" content=\"https:\/\/radioljubuski.ba\/index.php\/2023\/02\/14\/jos-jedna-titula-u-fnc-u-dobiva-vlasnika-croata-i-ribeiro-u-ljubuskom-za-pojas-lake-kategorije\/\" \/>\n<meta property=\"og:site_name\" content=\"RADIO LJUBU\u0160KI\" \/>\n<meta property=\"article:publisher\" content=\"https:\/\/www.facebook.com\/Radiio-Ljubuski-1490835324566332\" \/>\n<meta property=\"article:published_time\" content=\"2023-02-14T07:55:58+00:00\" \/>\n<meta property=\"article:modified_time\" content=\"2023-02-14T08:18:11+00:00\" \/>\n<meta property=\"og:image\" content=\"https:\/\/radioljubuski.ba\/wp-content\/uploads\/2023\/02\/croata-ribeiro-visual.jpeg\" \/>\n\t<meta property=\"og:image:width\" content=\"1280\" \/>\n\t<meta property=\"og:image:height\" content=\"1600\" \/>\n\t<meta property=\"og:image:type\" content=\"image\/jpeg\" \/>\n<meta name=\"author\" content=\"Radio Ljubu\u0161ki\" \/>\n<meta name=\"twitter:card\" content=\"summary_large_image\" \/>\n<meta name=\"twitter:creator\" content=\"@radioljubuski\" \/>\n<meta name=\"twitter:site\" content=\"@radioljubuski\" \/>\n<meta name=\"twitter:label1\" content=\"Napisao\/la\" \/>\n\t<meta name=\"twitter:data1\" content=\"Radio Ljubu\u0161ki\" \/>\n<script type=\"application\/ld+json\" class=\"yoast-schema-graph\">{\"@context\":\"https:\\\/\\\/schema.org\",\"@graph\":[{\"@type\":\"Article\",\"@id\":\"https:\\\/\\\/radioljubuski.ba\\\/index.php\\\/2023\\\/02\\\/14\\\/jos-jedna-titula-u-fnc-u-dobiva-vlasnika-croata-i-ribeiro-u-ljubuskom-za-pojas-lake-kategorije\\\/#article\",\"isPartOf\":{\"@id\":\"https:\\\/\\\/radioljubuski.ba\\\/index.php\\\/2023\\\/02\\\/14\\\/jos-jedna-titula-u-fnc-u-dobiva-vlasnika-croata-i-ribeiro-u-ljubuskom-za-pojas-lake-kategorije\\\/\"},\"author\":{\"name\":\"Radio Ljubu\u0161ki\",\"@id\":\"https:\\\/\\\/radioljubuski.ba\\\/#\\\/schema\\\/person\\\/19fc700381a780f69665d7956c469e3b\"},\"headline\":\"Jo\u0161 jedna titula u FNC-u dobiva vlasnika: \u2018Croata\u2019 i Ribeiro u Ljubu\u0161kom za pojas lake kategorije!\",\"datePublished\":\"2023-02-14T07:55:58+00:00\",\"dateModified\":\"2023-02-14T08:18:11+00:00\",\"mainEntityOfPage\":{\"@id\":\"https:\\\/\\\/radioljubuski.ba\\\/index.php\\\/2023\\\/02\\\/14\\\/jos-jedna-titula-u-fnc-u-dobiva-vlasnika-croata-i-ribeiro-u-ljubuskom-za-pojas-lake-kategorije\\\/\"},\"wordCount\":254,\"publisher\":{\"@id\":\"https:\\\/\\\/radioljubuski.ba\\\/#organization\"},\"image\":{\"@id\":\"https:\\\/\\\/radioljubuski.ba\\\/index.php\\\/2023\\\/02\\\/14\\\/jos-jedna-titula-u-fnc-u-dobiva-vlasnika-croata-i-ribeiro-u-ljubuskom-za-pojas-lake-kategorije\\\/#primaryimage\"},\"thumbnailUrl\":\"https:\\\/\\\/radioljubuski.ba\\\/wp-content\\\/uploads\\\/2023\\\/02\\\/croata-ribeiro-visual.jpeg\",\"articleSection\":[\"Novosti\"],\"inLanguage\":\"hr\"},{\"@type\":\"WebPage\",\"@id\":\"https:\\\/\\\/radioljubuski.ba\\\/index.php\\\/2023\\\/02\\\/14\\\/jos-jedna-titula-u-fnc-u-dobiva-vlasnika-croata-i-ribeiro-u-ljubuskom-za-pojas-lake-kategorije\\\/\",\"url\":\"https:\\\/\\\/radioljubuski.ba\\\/index.php\\\/2023\\\/02\\\/14\\\/jos-jedna-titula-u-fnc-u-dobiva-vlasnika-croata-i-ribeiro-u-ljubuskom-za-pojas-lake-kategorije\\\/\",\"name\":\"Jo\u0161 jedna titula u FNC-u dobiva vlasnika: \u2018Croata\u2019 i Ribeiro u Ljubu\u0161kom za pojas lake kategorije! - RADIO LJUBU\u0160KI\",\"isPartOf\":{\"@id\":\"https:\\\/\\\/radioljubuski.ba\\\/#website\"},\"primaryImageOfPage\":{\"@id\":\"https:\\\/\\\/radioljubuski.ba\\\/index.php\\\/2023\\\/02\\\/14\\\/jos-jedna-titula-u-fnc-u-dobiva-vlasnika-croata-i-ribeiro-u-ljubuskom-za-pojas-lake-kategorije\\\/#primaryimage\"},\"image\":{\"@id\":\"https:\\\/\\\/radioljubuski.ba\\\/index.php\\\/2023\\\/02\\\/14\\\/jos-jedna-titula-u-fnc-u-dobiva-vlasnika-croata-i-ribeiro-u-ljubuskom-za-pojas-lake-kategorije\\\/#primaryimage\"},\"thumbnailUrl\":\"https:\\\/\\\/radioljubuski.ba\\\/wp-content\\\/uploads\\\/2023\\\/02\\\/croata-ribeiro-visual.jpeg\",\"datePublished\":\"2023-02-14T07:55:58+00:00\",\"dateModified\":\"2023-02-14T08:18:11+00:00\",\"breadcrumb\":{\"@id\":\"https:\\\/\\\/radioljubuski.ba\\\/index.php\\\/2023\\\/02\\\/14\\\/jos-jedna-titula-u-fnc-u-dobiva-vlasnika-croata-i-ribeiro-u-ljubuskom-za-pojas-lake-kategorije\\\/#breadcrumb\"},\"inLanguage\":\"hr\",\"potentialAction\":[{\"@type\":\"ReadAction\",\"target\":[\"https:\\\/\\\/radioljubuski.ba\\\/index.php\\\/2023\\\/02\\\/14\\\/jos-jedna-titula-u-fnc-u-dobiva-vlasnika-croata-i-ribeiro-u-ljubuskom-za-pojas-lake-kategorije\\\/\"]}]},{\"@type\":\"ImageObject\",\"inLanguage\":\"hr\",\"@id\":\"https:\\\/\\\/radioljubuski.ba\\\/index.php\\\/2023\\\/02\\\/14\\\/jos-jedna-titula-u-fnc-u-dobiva-vlasnika-croata-i-ribeiro-u-ljubuskom-za-pojas-lake-kategorije\\\/#primaryimage\",\"url\":\"https:\\\/\\\/radioljubuski.ba\\\/wp-content\\\/uploads\\\/2023\\\/02\\\/croata-ribeiro-visual.jpeg\",\"contentUrl\":\"https:\\\/\\\/radioljubuski.ba\\\/wp-content\\\/uploads\\\/2023\\\/02\\\/croata-ribeiro-visual.jpeg\",\"width\":1280,\"height\":1600},{\"@type\":\"BreadcrumbList\",\"@id\":\"https:\\\/\\\/radioljubuski.ba\\\/index.php\\\/2023\\\/02\\\/14\\\/jos-jedna-titula-u-fnc-u-dobiva-vlasnika-croata-i-ribeiro-u-ljubuskom-za-pojas-lake-kategorije\\\/#breadcrumb\",\"itemListElement\":[{\"@type\":\"ListItem\",\"position\":1,\"name\":\"Po\u010detna stranica\",\"item\":\"https:\\\/\\\/radioljubuski.ba\\\/\"},{\"@type\":\"ListItem\",\"position\":2,\"name\":\"Jo\u0161 jedna titula u FNC-u dobiva vlasnika: \u2018Croata\u2019 i Ribeiro u Ljubu\u0161kom za pojas lake kategorije!\"}]},{\"@type\":\"WebSite\",\"@id\":\"https:\\\/\\\/radioljubuski.ba\\\/#website\",\"url\":\"https:\\\/\\\/radioljubuski.ba\\\/\",\"name\":\"Radio Ljubu\u0161ki\",\"description\":\"Sun\u010dana frekvencija Hercegovine\",\"publisher\":{\"@id\":\"https:\\\/\\\/radioljubuski.ba\\\/#organization\"},\"potentialAction\":[{\"@type\":\"SearchAction\",\"target\":{\"@type\":\"EntryPoint\",\"urlTemplate\":\"https:\\\/\\\/radioljubuski.ba\\\/?s={search_term_string}\"},\"query-input\":{\"@type\":\"PropertyValueSpecification\",\"valueRequired\":true,\"valueName\":\"search_term_string\"}}],\"inLanguage\":\"hr\"},{\"@type\":\"Organization\",\"@id\":\"https:\\\/\\\/radioljubuski.ba\\\/#organization\",\"name\":\"Radio Ljubu\u0161ki\",\"url\":\"https:\\\/\\\/radioljubuski.ba\\\/\",\"logo\":{\"@type\":\"ImageObject\",\"inLanguage\":\"hr\",\"@id\":\"https:\\\/\\\/radioljubuski.ba\\\/#\\\/schema\\\/logo\\\/image\\\/\",\"url\":\"https:\\\/\\\/radioljubuski.ba\\\/wp-content\\\/uploads\\\/2021\\\/02\\\/cropped-Radio_Ljubuski_logo1.jpg\",\"contentUrl\":\"https:\\\/\\\/radioljubuski.ba\\\/wp-content\\\/uploads\\\/2021\\\/02\\\/cropped-Radio_Ljubuski_logo1.jpg\",\"width\":512,\"height\":512,\"caption\":\"Radio Ljubu\u0161ki\"},\"image\":{\"@id\":\"https:\\\/\\\/radioljubuski.ba\\\/#\\\/schema\\\/logo\\\/image\\\/\"},\"sameAs\":[\"https:\\\/\\\/www.facebook.com\\\/Radiio-Ljubuski-1490835324566332\",\"https:\\\/\\\/x.com\\\/radioljubuski\",\"https:\\\/\\\/hr.linkedin.com\\\/company\\\/radio-ljubuski\",\"https:\\\/\\\/www.youtube.com\\\/channel\\\/UCHYaeO_n0Db3tjNGudGpXyw\"]},{\"@type\":\"Person\",\"@id\":\"https:\\\/\\\/radioljubuski.ba\\\/#\\\/schema\\\/person\\\/19fc700381a780f69665d7956c469e3b\",\"name\":\"Radio Ljubu\u0161ki\"}]}<\/script>\n<!-- \/ Yoast SEO plugin. -->","yoast_head_json":{"title":"Jo\u0161 jedna titula u FNC-u dobiva vlasnika: \u2018Croata\u2019 i Ribeiro u Ljubu\u0161kom za pojas lake kategorije! - RADIO LJUBU\u0160KI","robots":{"index":"index","follow":"follow","max-snippet":"max-snippet:-1","max-image-preview":"max-image-preview:large","max-video-preview":"max-video-preview:-1"},"canonical":"https:\/\/radioljubuski.ba\/index.php\/2023\/02\/14\/jos-jedna-titula-u-fnc-u-dobiva-vlasnika-croata-i-ribeiro-u-ljubuskom-za-pojas-lake-kategorije\/","og_locale":"hr_HR","og_type":"article","og_title":"Jo\u0161 jedna titula u FNC-u dobiva vlasnika: \u2018Croata\u2019 i Ribeiro u Ljubu\u0161kom za pojas lake kategorije! - RADIO LJUBU\u0160KI","og_description":"Deseta priredba Fight Nation Championshipa na rasporedu je za mjesec dana, to\u010dnije 4. o\u017eujka te \u0107e FNC po prvi put oti\u0107i izvan Hrvatske. I to u Bosnu i Hercegovinu, odnosno Ljubu\u0161ki. Neki su doma\u0107i borci ve\u0107 najavljeni, a prvi slu\u017ebeno predstavljeni me\u010d je prava poslastica. Tako \u0107e u borbu za pojas lake kategorije i\u0107i Francisco [&hellip;]","og_url":"https:\/\/radioljubuski.ba\/index.php\/2023\/02\/14\/jos-jedna-titula-u-fnc-u-dobiva-vlasnika-croata-i-ribeiro-u-ljubuskom-za-pojas-lake-kategorije\/","og_site_name":"RADIO LJUBU\u0160KI","article_publisher":"https:\/\/www.facebook.com\/Radiio-Ljubuski-1490835324566332","article_published_time":"2023-02-14T07:55:58+00:00","article_modified_time":"2023-02-14T08:18:11+00:00","og_image":[{"width":1280,"height":1600,"url":"https:\/\/radioljubuski.ba\/wp-content\/uploads\/2023\/02\/croata-ribeiro-visual.jpeg","type":"image\/jpeg"}],"author":"Radio Ljubu\u0161ki","twitter_card":"summary_large_image","twitter_creator":"@radioljubuski","twitter_site":"@radioljubuski","twitter_misc":{"Napisao\/la":"Radio Ljubu\u0161ki"},"schema":{"@context":"https:\/\/schema.org","@graph":[{"@type":"Article","@id":"https:\/\/radioljubuski.ba\/index.php\/2023\/02\/14\/jos-jedna-titula-u-fnc-u-dobiva-vlasnika-croata-i-ribeiro-u-ljubuskom-za-pojas-lake-kategorije\/#article","isPartOf":{"@id":"https:\/\/radioljubuski.ba\/index.php\/2023\/02\/14\/jos-jedna-titula-u-fnc-u-dobiva-vlasnika-croata-i-ribeiro-u-ljubuskom-za-pojas-lake-kategorije\/"},"author":{"name":"Radio Ljubu\u0161ki","@id":"https:\/\/radioljubuski.ba\/#\/schema\/person\/19fc700381a780f69665d7956c469e3b"},"headline":"Jo\u0161 jedna titula u FNC-u dobiva vlasnika: \u2018Croata\u2019 i Ribeiro u Ljubu\u0161kom za pojas lake kategorije!","datePublished":"2023-02-14T07:55:58+00:00","dateModified":"2023-02-14T08:18:11+00:00","mainEntityOfPage":{"@id":"https:\/\/radioljubuski.ba\/index.php\/2023\/02\/14\/jos-jedna-titula-u-fnc-u-dobiva-vlasnika-croata-i-ribeiro-u-ljubuskom-za-pojas-lake-kategorije\/"},"wordCount":254,"publisher":{"@id":"https:\/\/radioljubuski.ba\/#organization"},"image":{"@id":"https:\/\/radioljubuski.ba\/index.php\/2023\/02\/14\/jos-jedna-titula-u-fnc-u-dobiva-vlasnika-croata-i-ribeiro-u-ljubuskom-za-pojas-lake-kategorije\/#primaryimage"},"thumbnailUrl":"https:\/\/radioljubuski.ba\/wp-content\/uploads\/2023\/02\/croata-ribeiro-visual.jpeg","articleSection":["Novosti"],"inLanguage":"hr"},{"@type":"WebPage","@id":"https:\/\/radioljubuski.ba\/index.php\/2023\/02\/14\/jos-jedna-titula-u-fnc-u-dobiva-vlasnika-croata-i-ribeiro-u-ljubuskom-za-pojas-lake-kategorije\/","url":"https:\/\/radioljubuski.ba\/index.php\/2023\/02\/14\/jos-jedna-titula-u-fnc-u-dobiva-vlasnika-croata-i-ribeiro-u-ljubuskom-za-pojas-lake-kategorije\/","name":"Jo\u0161 jedna titula u FNC-u dobiva vlasnika: \u2018Croata\u2019 i Ribeiro u Ljubu\u0161kom za pojas lake kategorije! - RADIO LJUBU\u0160KI","isPartOf":{"@id":"https:\/\/radioljubuski.ba\/#website"},"primaryImageOfPage":{"@id":"https:\/\/radioljubuski.ba\/index.php\/2023\/02\/14\/jos-jedna-titula-u-fnc-u-dobiva-vlasnika-croata-i-ribeiro-u-ljubuskom-za-pojas-lake-kategorije\/#primaryimage"},"image":{"@id":"https:\/\/radioljubuski.ba\/index.php\/2023\/02\/14\/jos-jedna-titula-u-fnc-u-dobiva-vlasnika-croata-i-ribeiro-u-ljubuskom-za-pojas-lake-kategorije\/#primaryimage"},"thumbnailUrl":"https:\/\/radioljubuski.ba\/wp-content\/uploads\/2023\/02\/croata-ribeiro-visual.jpeg","datePublished":"2023-02-14T07:55:58+00:00","dateModified":"2023-02-14T08:18:11+00:00","breadcrumb":{"@id":"https:\/\/radioljubuski.ba\/index.php\/2023\/02\/14\/jos-jedna-titula-u-fnc-u-dobiva-vlasnika-croata-i-ribeiro-u-ljubuskom-za-pojas-lake-kategorije\/#breadcrumb"},"inLanguage":"hr","potentialAction":[{"@type":"ReadAction","target":["https:\/\/radioljubuski.ba\/index.php\/2023\/02\/14\/jos-jedna-titula-u-fnc-u-dobiva-vlasnika-croata-i-ribeiro-u-ljubuskom-za-pojas-lake-kategorije\/"]}]},{"@type":"ImageObject","inLanguage":"hr","@id":"https:\/\/radioljubuski.ba\/index.php\/2023\/02\/14\/jos-jedna-titula-u-fnc-u-dobiva-vlasnika-croata-i-ribeiro-u-ljubuskom-za-pojas-lake-kategorije\/#primaryimage","url":"https:\/\/radioljubuski.ba\/wp-content\/uploads\/2023\/02\/croata-ribeiro-visual.jpeg","contentUrl":"https:\/\/radioljubuski.ba\/wp-content\/uploads\/2023\/02\/croata-ribeiro-visual.jpeg","width":1280,"height":1600},{"@type":"BreadcrumbList","@id":"https:\/\/radioljubuski.ba\/index.php\/2023\/02\/14\/jos-jedna-titula-u-fnc-u-dobiva-vlasnika-croata-i-ribeiro-u-ljubuskom-za-pojas-lake-kategorije\/#breadcrumb","itemListElement":[{"@type":"ListItem","position":1,"name":"Po\u010detna stranica","item":"https:\/\/radioljubuski.ba\/"},{"@type":"ListItem","position":2,"name":"Jo\u0161 jedna titula u FNC-u dobiva vlasnika: \u2018Croata\u2019 i Ribeiro u Ljubu\u0161kom za pojas lake kategorije!"}]},{"@type":"WebSite","@id":"https:\/\/radioljubuski.ba\/#website","url":"https:\/\/radioljubuski.ba\/","name":"Radio Ljubu\u0161ki","description":"Sun\u010dana frekvencija Hercegovine","publisher":{"@id":"https:\/\/radioljubuski.ba\/#organization"},"potentialAction":[{"@type":"SearchAction","target":{"@type":"EntryPoint","urlTemplate":"https:\/\/radioljubuski.ba\/?s={search_term_string}"},"query-input":{"@type":"PropertyValueSpecification","valueRequired":true,"valueName":"search_term_string"}}],"inLanguage":"hr"},{"@type":"Organization","@id":"https:\/\/radioljubuski.ba\/#organization","name":"Radio Ljubu\u0161ki","url":"https:\/\/radioljubuski.ba\/","logo":{"@type":"ImageObject","inLanguage":"hr","@id":"https:\/\/radioljubuski.ba\/#\/schema\/logo\/image\/","url":"https:\/\/radioljubuski.ba\/wp-content\/uploads\/2021\/02\/cropped-Radio_Ljubuski_logo1.jpg","contentUrl":"https:\/\/radioljubuski.ba\/wp-content\/uploads\/2021\/02\/cropped-Radio_Ljubuski_logo1.jpg","width":512,"height":512,"caption":"Radio Ljubu\u0161ki"},"image":{"@id":"https:\/\/radioljubuski.ba\/#\/schema\/logo\/image\/"},"sameAs":["https:\/\/www.facebook.com\/Radiio-Ljubuski-1490835324566332","https:\/\/x.com\/radioljubuski","https:\/\/hr.linkedin.com\/company\/radio-ljubuski","https:\/\/www.youtube.com\/channel\/UCHYaeO_n0Db3tjNGudGpXyw"]},{"@type":"Person","@id":"https:\/\/radioljubuski.ba\/#\/schema\/person\/19fc700381a780f69665d7956c469e3b","name":"Radio Ljubu\u0161ki"}]}},"_links":{"self":[{"href":"https:\/\/radioljubuski.ba\/index.php\/wp-json\/wp\/v2\/posts\/188089","targetHints":{"allow":["GET"]}}],"collection":[{"href":"https:\/\/radioljubuski.ba\/index.php\/wp-json\/wp\/v2\/posts"}],"about":[{"href":"https:\/\/radioljubuski.ba\/index.php\/wp-json\/wp\/v2\/types\/post"}],"author":[{"embeddable":true,"href":"https:\/\/radioljubuski.ba\/index.php\/wp-json\/wp\/v2\/users\/2"}],"replies":[{"embeddable":true,"href":"https:\/\/radioljubuski.ba\/index.php\/wp-json\/wp\/v2\/comments?post=188089"}],"version-history":[{"count":2,"href":"https:\/\/radioljubuski.ba\/index.php\/wp-json\/wp\/v2\/posts\/188089\/revisions"}],"predecessor-version":[{"id":188092,"href":"https:\/\/radioljubuski.ba\/index.php\/wp-json\/wp\/v2\/posts\/188089\/revisions\/188092"}],"wp:featuredmedia":[{"embeddable":true,"href":"https:\/\/radioljubuski.ba\/index.php\/wp-json\/wp\/v2\/media\/188090"}],"wp:attachment":[{"href":"https:\/\/radioljubuski.ba\/index.php\/wp-json\/wp\/v2\/media?parent=188089"}],"wp:term":[{"taxonomy":"category","embeddable":true,"href":"https:\/\/radioljubuski.ba\/index.php\/wp-json\/wp\/v2\/categories?post=188089"},{"taxonomy":"post_tag","embeddable":true,"href":"https:\/\/radioljubuski.ba\/index.php\/wp-json\/wp\/v2\/tags?post=188089"}],"curies":[{"name":"wp","href":"https:\/\/api.w.org\/{rel}","templated":true}]}}