{"id":188108,"date":"2023-02-13T14:24:50","date_gmt":"2023-02-13T13:24:50","guid":{"rendered":"https:\/\/radioljubuski.ba\/?p=188108"},"modified":"2023-02-16T09:24:41","modified_gmt":"2023-02-16T08:24:41","slug":"u-srijedu-proglasenje-najboljih-sportasa-grada-ljubuskog-za-2022-godinu-pogledajte-tko-su-najbolji","status":"publish","type":"post","link":"https:\/\/radioljubuski.ba\/index.php\/2023\/02\/13\/u-srijedu-proglasenje-najboljih-sportasa-grada-ljubuskog-za-2022-godinu-pogledajte-tko-su-najbolji\/","title":{"rendered":"U srijedu progla\u0161enje najboljih sporta\u0161a grada Ljubu\u0161kog za 2022. godinu &#8211; pogledajte tko su najbolji"},"content":{"rendered":"\n<p>U sklopu obilje\u017eavanja Dana grada Ljubu\u0161kog u srijedu, 15. velja\u010de, u hotelu Bigeste, bit \u0107e uprili\u010deno sve\u010dano progla\u0161enje sporta\u0161a godine za 2022. godinu.<\/p>\n\n\n\n<p>Izbor sporta\u0161a grada Ljubu\u0161kog za 2022.godinu odr\u017ean je prije dvadesetak dana, a na sve\u010danosti \u0107e najboljima biti dodijeljena priznanja.<\/p>\n\n\n\n<p>Naime, 27. sije\u010dnja 2023. godine u organizaciji Gradona\u010delnika Ljubu\u0161kog, odr\u017ean je 26. tradicionalni izbor najboljih sporta\u0161a grada Ljubu\u0161kog za 2022. godinu. Povjerenstvo za izbor najboljih sporta\u0161a Grada Ljubu\u0161kog tajnim je glasovanjem biralo najbolje u \u0161est kategorija.<\/p>\n\n\n\n<p>&nbsp;&nbsp;&nbsp;&nbsp;&nbsp;&nbsp;&nbsp;&nbsp;&nbsp;&nbsp;&nbsp;&nbsp;&nbsp;&nbsp;&nbsp; Izabrani su:<\/p>\n\n\n\n<p>&nbsp;&nbsp;&nbsp;&nbsp;&nbsp;&nbsp;&nbsp;&nbsp;&nbsp;&nbsp;&nbsp;&nbsp;&nbsp;&nbsp;&nbsp; 1. NAJBOLJA JUNIORKA \u2013 Dragana Mati\u0107<\/p>\n\n\n\n<p>&nbsp;&nbsp;&nbsp;&nbsp;&nbsp;&nbsp;&nbsp;&nbsp;&nbsp;&nbsp;&nbsp;&nbsp;&nbsp;&nbsp;&nbsp; 2. NAJBOLJI JUNIOR \u2013 Kre\u0161imir Medi\u0107<\/p>\n\n\n\n<p>&nbsp;&nbsp;&nbsp;&nbsp;&nbsp;&nbsp;&nbsp;&nbsp;&nbsp;&nbsp;&nbsp;&nbsp;&nbsp;&nbsp;&nbsp; 3.NAJBOLJA SPORTA\u0160ICA \u2013 Matea Nosi\u0107<\/p>\n\n\n\n<p>&nbsp;&nbsp;&nbsp;&nbsp;&nbsp;&nbsp;&nbsp;&nbsp;&nbsp;&nbsp;&nbsp;&nbsp;&nbsp;&nbsp;&nbsp; 4. NAJBOLJI SPORTA\u0160 \u2013 Stipe Dugad\u017ei\u0107<\/p>\n\n\n\n<p>&nbsp;&nbsp;&nbsp;&nbsp;&nbsp;&nbsp;&nbsp;&nbsp;&nbsp;&nbsp;&nbsp;&nbsp;&nbsp;&nbsp;&nbsp; 5. NAJBOLJI SPORTSKI KLUB &#8211; RK Izvi\u0111a\u010d Central Osiguranje d.d.<\/p>\n\n\n\n<p>&nbsp;&nbsp;&nbsp;&nbsp;&nbsp;&nbsp;&nbsp;&nbsp;&nbsp;&nbsp;&nbsp;&nbsp;&nbsp;&nbsp;&nbsp; 6. NAJUSPJE\u0160NIJI TRENER \u2013 Toni \u010colina<\/p>\n\n\n\n<p><strong>Najbolja juniorka Dragana Mati\u0107<\/strong><\/p>\n\n\n\n<p>Dragana Mati\u0107 \u010dlanica je BK Ljubu\u0161ki. U\u010denica je Gimnazije Ljubu\u0161ki, veoma je vrijedna i pored svakodnevnih treninga nastoji biti uzorna u\u010denica.<\/p>\n\n\n\n<p>U 2022 imala je veoma zapa\u017eene rezultate a to su:<\/p>\n\n\n\n<p>Prvakinja BiH u XCO disciplini (olimpijski kros)<\/p>\n\n\n\n<p>Prvakinja BiH u XCM disciplini (maraton)<\/p>\n\n\n\n<p>Prvakinja BiH u XCU disciplini (uspon)<\/p>\n\n\n\n<p>Osvaja\u010dica premier lige BiH u kategoriji Kadetkinja<\/p>\n\n\n\n<p>Ono na \u0161to su u klubu zaista ponosni je osvajanje Bron\u010dane medalje na Balkanskom prvenstvu u Gr\u010dkoj u disciplini XCE (Eliminator) i 4. Mjesto na istom prvenstvu u disciplini XCO.<\/p>\n\n\n\n<p>Tako\u0111er klubu je \u010dast sto je Dragana progla\u0161ena za najperspektivniju mladu sporta\u0161icu u Bosni i Hercegovini u godini 2022.a na ponos je sviju nas u gradu Ljubu\u0161kom zato je i nagra\u0111ena za najbolju juniorku Ljubu\u0161kog.<\/p>\n\n\n\n<p>1. Mjesto XC premier lige BiH<br>Prvakinja BiH u XCO disciplini (olimpijski kros)<br>Prvakinja BiH u XCU disciplini (MTB uspon)<br><br>Sve to u kategoriji mladih kadetkinja, a ne smijemo zaboraviti ni poziv u MTB reprezentaciju BiH te nastup u Biha\u0107u na Balkanskom prvenstvu.<\/p>\n\n\n\n<p><strong>Najbolji junior \u2013 Kre\u0161imir Medi\u0107<\/strong><\/p>\n\n\n\n<p>Kre\u0161imir je ro\u0111en 7.1.2006 i do 13 godine je bio \u010dlan NK Sloge Ljubu\u0161ki, a zatim prelazi u NK \u0160iroki Brijeg, \u010diji dres nosi i danas. Svojim marljivim radom, treninzima i talentom zaslu\u017eio je prvo potpisivanje profesionalnog ugovora s uglednim Premijerliga\u0161om, jakom ekipom NK \u0160iroki Brijeg. Sretno mu bilo u profesionalnim nogometa\u0161kim vodama.<\/p>\n\n\n\n<p><strong>Najbolja sporta\u0161ica \u2013 Matea Nosi\u0107<\/strong><\/p>\n\n\n\n<p>Igra\u010dica je rukometnog kluba Ljubu\u0161ki, u kojem uspje\u0161no nastupa dugi niz godina. Posebno se pamte njezine briljantne utakmice zavr\u0161nice kupa BiH gdje je Matea bila najbolji strijelac. Nastupala je za kadetsku reprezentaciju BiH a u 2022 godini dobila je i poziv za seniorsku reprezentaciju BiH. Lider je mlade ekipe RK Izvi\u0111a\u010d koja uspje\u0161no igra i ovu sezonu gdje su u vrhu premijer lige za \u017eene. \u017delimo joj jo\u0161 mnogo pojedina\u010dnih kao i klupskih uspjeha.<\/p>\n\n\n\n<p><strong>Najbolji sporta\u0161 \u2013 Stipe Dugand\u017ei\u0107<\/strong><\/p>\n\n\n\n<p>Stipe Dugand\u017ei\u0107 ro\u0111en 4.6.2004 godine, ko\u0161arkom se po\u010deo baviti u svojoj 10 godini u KK Ljubu\u0161ki. Vrlo brzo je prepoznat njegov talent te ve\u0107 s 12 godina prelazi u kultni klub, vi\u0161estrukog prvaka Europe, zagreba\u010dku Cibonu. U periodu od tri godine koliko je proveo u Ciboni postao je vi\u0161estruki prvak Hrvatske u mla\u0111im uzrastnim kategorijama i ujedno reprezentativac Hrvatske do 14 godina. Osvaja\u010d je i brojnih doma\u0107ih i me\u0111unarodnih turnira gdje je bio najbolji strijelac i MVP turnira. 2019 godine se vra\u0107a u svoj mati\u010dni klub KK Ljubu\u0161ki i za isti nastupa idu\u0107e dvije godine. Potom prelazi u KK \u010capljina, premijerliga\u0161a BiH i u to vrijeme je najmla\u0111i igra\u010d premijerlige. U ljeto 2022 Stipe prelazi u KK Vrijednosnice Osijek, \u010dlana HT Premijer lige Hrvatske i druge ABA lige gdje je Stipe opet jedan od najmla\u0111ih igra\u010da. Zavr\u0161etkom sezone, Stipe prelazi u KK Dinamo \u010diji je \u010dlan danas. Sve do danas nastupa za sve selekcije Hrvatske, do 14, 16, 18 i 20 godina.<\/p>\n\n\n\n<p><strong>Najbolji sportski klub- RK Izvi\u0111a\u010d Central Osiguranje<\/strong><\/p>\n\n\n\n<p>Izvi\u0111a\u010d je gigant rukometa i na daleko prepoznat brend. Sinonim je za uspje\u0161nu \u0161kolu rukometa i vrhunske rezultate. U 2022 godini klub je osvojio Kup BiH a i u prvenstvu su pru\u017eali veoma dobre igre. Ove godine lider je prvenstva i nadamo se da \u0107e opet vratiti titulu u na\u0161 grad.<\/p>\n\n\n\n<p>Mla\u0111e selekcije su neprikosnovene u svojim uzrastima i to su budu\u0107i nositelji igre prve mom\u010dadi. Klub kao i pojedinci su vi\u0161estruko nagra\u0111ivani i navikli su na vrhunske domete. Redovno sve selekcije Izvi\u0111a\u010da daju igra\u010de i trenere za sve uzraste selekcija kako BiH tako i Hrvatske.<\/p>\n\n\n\n<p><strong>Najuspje\u0161niji trener \u2013 Toni \u010colina<\/strong><\/p>\n\n\n\n<p>Toni je trener koji uspje\u0161no vodi mu\u0161ku ekipu Izvi\u0111a\u010da ve\u0107 tre\u0107u sezonu za redom.<\/p>\n\n\n\n<p>Osvojio je Kup BiH u 2022 i ovo mu je druga uzastopna nagrada za najuspje\u0161nijeg trenera Grada Ljubu\u0161kog. U 2022. s klubom je bio sudionik euronatjecanja EHF Kup 2022.<\/p>\n\n\n\n<p>Toni \u010colina bio je pomo\u0107nik izbornika seniorske reprezentacije BiH s kojom je sudjelovao na Europskom rukometnom prvenstvu u sije\u010dnju 2022.godine a u istoj godini preuzeo je i izborni\u010dku funkciju.<\/p>\n\n\n\n<p>Toni je magistar kineziologije i posjeduje licencu Master Coach rukometa.<\/p>\n\n\n\n<p>Pod njegovim vodstvom ekipa Izvi\u0111a\u010da igra veoma moderan rukomet i iz godine u godinu stvara jake igra\u010de . Nadamo se da \u0107e ostati s nama jo\u0161 mnogo sezona i biti veoma uspje\u0161an.<\/p>\n\n\n\n<p>Radio Ljubu\u0161ki<\/p>\n","protected":false},"excerpt":{"rendered":"<p>U sklopu obilje\u017eavanja Dana grada Ljubu\u0161kog u srijedu, 15. velja\u010de, u hotelu Bigeste, bit \u0107e uprili\u010deno sve\u010dano progla\u0161enje sporta\u0161a godine za 2022. godinu. Izbor sporta\u0161a grada Ljubu\u0161kog za 2022.godinu odr\u017ean je prije dvadesetak dana, a na sve\u010danosti \u0107e najboljima biti dodijeljena priznanja. Naime, 27. sije\u010dnja 2023. godine u organizaciji Gradona\u010delnika Ljubu\u0161kog, odr\u017ean je 26. tradicionalni [&hellip;]<\/p>\n","protected":false},"author":2,"featured_media":188109,"comment_status":"closed","ping_status":"closed","sticky":false,"template":"","format":"standard","meta":{"h5ap_radio_sources":[],"footnotes":""},"categories":[28],"tags":[],"class_list":["post-188108","post","type-post","status-publish","format-standard","has-post-thumbnail","hentry","category-novosti"],"yoast_head":"<!-- This site is optimized with the Yoast SEO plugin v27.5 - https:\/\/yoast.com\/product\/yoast-seo-wordpress\/ -->\n<title>U srijedu progla\u0161enje najboljih sporta\u0161a grada Ljubu\u0161kog za 2022. godinu - pogledajte tko su najbolji - RADIO LJUBU\u0160KI<\/title>\n<meta name=\"robots\" content=\"index, follow, max-snippet:-1, max-image-preview:large, max-video-preview:-1\" \/>\n<link rel=\"canonical\" href=\"https:\/\/radioljubuski.ba\/index.php\/2023\/02\/13\/u-srijedu-proglasenje-najboljih-sportasa-grada-ljubuskog-za-2022-godinu-pogledajte-tko-su-najbolji\/\" \/>\n<meta property=\"og:locale\" content=\"hr_HR\" \/>\n<meta property=\"og:type\" content=\"article\" \/>\n<meta property=\"og:title\" content=\"U srijedu progla\u0161enje najboljih sporta\u0161a grada Ljubu\u0161kog za 2022. godinu - pogledajte tko su najbolji - RADIO LJUBU\u0160KI\" \/>\n<meta property=\"og:description\" content=\"U sklopu obilje\u017eavanja Dana grada Ljubu\u0161kog u srijedu, 15. velja\u010de, u hotelu Bigeste, bit \u0107e uprili\u010deno sve\u010dano progla\u0161enje sporta\u0161a godine za 2022. godinu. Izbor sporta\u0161a grada Ljubu\u0161kog za 2022.godinu odr\u017ean je prije dvadesetak dana, a na sve\u010danosti \u0107e najboljima biti dodijeljena priznanja. Naime, 27. sije\u010dnja 2023. godine u organizaciji Gradona\u010delnika Ljubu\u0161kog, odr\u017ean je 26. tradicionalni [&hellip;]\" \/>\n<meta property=\"og:url\" content=\"https:\/\/radioljubuski.ba\/index.php\/2023\/02\/13\/u-srijedu-proglasenje-najboljih-sportasa-grada-ljubuskog-za-2022-godinu-pogledajte-tko-su-najbolji\/\" \/>\n<meta property=\"og:site_name\" content=\"RADIO LJUBU\u0160KI\" \/>\n<meta property=\"article:publisher\" content=\"https:\/\/www.facebook.com\/Radiio-Ljubuski-1490835324566332\" \/>\n<meta property=\"article:published_time\" content=\"2023-02-13T13:24:50+00:00\" \/>\n<meta property=\"article:modified_time\" content=\"2023-02-16T08:24:41+00:00\" \/>\n<meta property=\"og:image\" content=\"https:\/\/radioljubuski.ba\/wp-content\/uploads\/2023\/02\/11111.jpg\" \/>\n\t<meta property=\"og:image:width\" content=\"512\" \/>\n\t<meta property=\"og:image:height\" content=\"512\" \/>\n\t<meta property=\"og:image:type\" content=\"image\/jpeg\" \/>\n<meta name=\"author\" content=\"Radio Ljubu\u0161ki\" \/>\n<meta name=\"twitter:card\" content=\"summary_large_image\" \/>\n<meta name=\"twitter:creator\" content=\"@radioljubuski\" \/>\n<meta name=\"twitter:site\" content=\"@radioljubuski\" \/>\n<meta name=\"twitter:label1\" content=\"Napisao\/la\" \/>\n\t<meta name=\"twitter:data1\" content=\"Radio Ljubu\u0161ki\" \/>\n\t<meta name=\"twitter:label2\" content=\"Procijenjeno vrijeme \u010ditanja\" \/>\n\t<meta name=\"twitter:data2\" content=\"5 minuta\" \/>\n<script type=\"application\/ld+json\" class=\"yoast-schema-graph\">{\"@context\":\"https:\\\/\\\/schema.org\",\"@graph\":[{\"@type\":\"Article\",\"@id\":\"https:\\\/\\\/radioljubuski.ba\\\/index.php\\\/2023\\\/02\\\/13\\\/u-srijedu-proglasenje-najboljih-sportasa-grada-ljubuskog-za-2022-godinu-pogledajte-tko-su-najbolji\\\/#article\",\"isPartOf\":{\"@id\":\"https:\\\/\\\/radioljubuski.ba\\\/index.php\\\/2023\\\/02\\\/13\\\/u-srijedu-proglasenje-najboljih-sportasa-grada-ljubuskog-za-2022-godinu-pogledajte-tko-su-najbolji\\\/\"},\"author\":{\"name\":\"Radio Ljubu\u0161ki\",\"@id\":\"https:\\\/\\\/radioljubuski.ba\\\/#\\\/schema\\\/person\\\/19fc700381a780f69665d7956c469e3b\"},\"headline\":\"U srijedu progla\u0161enje najboljih sporta\u0161a grada Ljubu\u0161kog za 2022. godinu &#8211; pogledajte tko su najbolji\",\"datePublished\":\"2023-02-13T13:24:50+00:00\",\"dateModified\":\"2023-02-16T08:24:41+00:00\",\"mainEntityOfPage\":{\"@id\":\"https:\\\/\\\/radioljubuski.ba\\\/index.php\\\/2023\\\/02\\\/13\\\/u-srijedu-proglasenje-najboljih-sportasa-grada-ljubuskog-za-2022-godinu-pogledajte-tko-su-najbolji\\\/\"},\"wordCount\":1000,\"publisher\":{\"@id\":\"https:\\\/\\\/radioljubuski.ba\\\/#organization\"},\"image\":{\"@id\":\"https:\\\/\\\/radioljubuski.ba\\\/index.php\\\/2023\\\/02\\\/13\\\/u-srijedu-proglasenje-najboljih-sportasa-grada-ljubuskog-za-2022-godinu-pogledajte-tko-su-najbolji\\\/#primaryimage\"},\"thumbnailUrl\":\"https:\\\/\\\/radioljubuski.ba\\\/wp-content\\\/uploads\\\/2023\\\/02\\\/11111.jpg\",\"articleSection\":[\"Novosti\"],\"inLanguage\":\"hr\"},{\"@type\":\"WebPage\",\"@id\":\"https:\\\/\\\/radioljubuski.ba\\\/index.php\\\/2023\\\/02\\\/13\\\/u-srijedu-proglasenje-najboljih-sportasa-grada-ljubuskog-za-2022-godinu-pogledajte-tko-su-najbolji\\\/\",\"url\":\"https:\\\/\\\/radioljubuski.ba\\\/index.php\\\/2023\\\/02\\\/13\\\/u-srijedu-proglasenje-najboljih-sportasa-grada-ljubuskog-za-2022-godinu-pogledajte-tko-su-najbolji\\\/\",\"name\":\"U srijedu progla\u0161enje najboljih sporta\u0161a grada Ljubu\u0161kog za 2022. godinu - pogledajte tko su najbolji - RADIO LJUBU\u0160KI\",\"isPartOf\":{\"@id\":\"https:\\\/\\\/radioljubuski.ba\\\/#website\"},\"primaryImageOfPage\":{\"@id\":\"https:\\\/\\\/radioljubuski.ba\\\/index.php\\\/2023\\\/02\\\/13\\\/u-srijedu-proglasenje-najboljih-sportasa-grada-ljubuskog-za-2022-godinu-pogledajte-tko-su-najbolji\\\/#primaryimage\"},\"image\":{\"@id\":\"https:\\\/\\\/radioljubuski.ba\\\/index.php\\\/2023\\\/02\\\/13\\\/u-srijedu-proglasenje-najboljih-sportasa-grada-ljubuskog-za-2022-godinu-pogledajte-tko-su-najbolji\\\/#primaryimage\"},\"thumbnailUrl\":\"https:\\\/\\\/radioljubuski.ba\\\/wp-content\\\/uploads\\\/2023\\\/02\\\/11111.jpg\",\"datePublished\":\"2023-02-13T13:24:50+00:00\",\"dateModified\":\"2023-02-16T08:24:41+00:00\",\"breadcrumb\":{\"@id\":\"https:\\\/\\\/radioljubuski.ba\\\/index.php\\\/2023\\\/02\\\/13\\\/u-srijedu-proglasenje-najboljih-sportasa-grada-ljubuskog-za-2022-godinu-pogledajte-tko-su-najbolji\\\/#breadcrumb\"},\"inLanguage\":\"hr\",\"potentialAction\":[{\"@type\":\"ReadAction\",\"target\":[\"https:\\\/\\\/radioljubuski.ba\\\/index.php\\\/2023\\\/02\\\/13\\\/u-srijedu-proglasenje-najboljih-sportasa-grada-ljubuskog-za-2022-godinu-pogledajte-tko-su-najbolji\\\/\"]}]},{\"@type\":\"ImageObject\",\"inLanguage\":\"hr\",\"@id\":\"https:\\\/\\\/radioljubuski.ba\\\/index.php\\\/2023\\\/02\\\/13\\\/u-srijedu-proglasenje-najboljih-sportasa-grada-ljubuskog-za-2022-godinu-pogledajte-tko-su-najbolji\\\/#primaryimage\",\"url\":\"https:\\\/\\\/radioljubuski.ba\\\/wp-content\\\/uploads\\\/2023\\\/02\\\/11111.jpg\",\"contentUrl\":\"https:\\\/\\\/radioljubuski.ba\\\/wp-content\\\/uploads\\\/2023\\\/02\\\/11111.jpg\",\"width\":512,\"height\":512},{\"@type\":\"BreadcrumbList\",\"@id\":\"https:\\\/\\\/radioljubuski.ba\\\/index.php\\\/2023\\\/02\\\/13\\\/u-srijedu-proglasenje-najboljih-sportasa-grada-ljubuskog-za-2022-godinu-pogledajte-tko-su-najbolji\\\/#breadcrumb\",\"itemListElement\":[{\"@type\":\"ListItem\",\"position\":1,\"name\":\"Po\u010detna stranica\",\"item\":\"https:\\\/\\\/radioljubuski.ba\\\/\"},{\"@type\":\"ListItem\",\"position\":2,\"name\":\"U srijedu progla\u0161enje najboljih sporta\u0161a grada Ljubu\u0161kog za 2022. godinu &#8211; pogledajte tko su najbolji\"}]},{\"@type\":\"WebSite\",\"@id\":\"https:\\\/\\\/radioljubuski.ba\\\/#website\",\"url\":\"https:\\\/\\\/radioljubuski.ba\\\/\",\"name\":\"Radio Ljubu\u0161ki\",\"description\":\"Sun\u010dana frekvencija Hercegovine\",\"publisher\":{\"@id\":\"https:\\\/\\\/radioljubuski.ba\\\/#organization\"},\"potentialAction\":[{\"@type\":\"SearchAction\",\"target\":{\"@type\":\"EntryPoint\",\"urlTemplate\":\"https:\\\/\\\/radioljubuski.ba\\\/?s={search_term_string}\"},\"query-input\":{\"@type\":\"PropertyValueSpecification\",\"valueRequired\":true,\"valueName\":\"search_term_string\"}}],\"inLanguage\":\"hr\"},{\"@type\":\"Organization\",\"@id\":\"https:\\\/\\\/radioljubuski.ba\\\/#organization\",\"name\":\"Radio Ljubu\u0161ki\",\"url\":\"https:\\\/\\\/radioljubuski.ba\\\/\",\"logo\":{\"@type\":\"ImageObject\",\"inLanguage\":\"hr\",\"@id\":\"https:\\\/\\\/radioljubuski.ba\\\/#\\\/schema\\\/logo\\\/image\\\/\",\"url\":\"https:\\\/\\\/radioljubuski.ba\\\/wp-content\\\/uploads\\\/2021\\\/02\\\/cropped-Radio_Ljubuski_logo1.jpg\",\"contentUrl\":\"https:\\\/\\\/radioljubuski.ba\\\/wp-content\\\/uploads\\\/2021\\\/02\\\/cropped-Radio_Ljubuski_logo1.jpg\",\"width\":512,\"height\":512,\"caption\":\"Radio Ljubu\u0161ki\"},\"image\":{\"@id\":\"https:\\\/\\\/radioljubuski.ba\\\/#\\\/schema\\\/logo\\\/image\\\/\"},\"sameAs\":[\"https:\\\/\\\/www.facebook.com\\\/Radiio-Ljubuski-1490835324566332\",\"https:\\\/\\\/x.com\\\/radioljubuski\",\"https:\\\/\\\/hr.linkedin.com\\\/company\\\/radio-ljubuski\",\"https:\\\/\\\/www.youtube.com\\\/channel\\\/UCHYaeO_n0Db3tjNGudGpXyw\"]},{\"@type\":\"Person\",\"@id\":\"https:\\\/\\\/radioljubuski.ba\\\/#\\\/schema\\\/person\\\/19fc700381a780f69665d7956c469e3b\",\"name\":\"Radio Ljubu\u0161ki\"}]}<\/script>\n<!-- \/ Yoast SEO plugin. -->","yoast_head_json":{"title":"U srijedu progla\u0161enje najboljih sporta\u0161a grada Ljubu\u0161kog za 2022. godinu - pogledajte tko su najbolji - RADIO LJUBU\u0160KI","robots":{"index":"index","follow":"follow","max-snippet":"max-snippet:-1","max-image-preview":"max-image-preview:large","max-video-preview":"max-video-preview:-1"},"canonical":"https:\/\/radioljubuski.ba\/index.php\/2023\/02\/13\/u-srijedu-proglasenje-najboljih-sportasa-grada-ljubuskog-za-2022-godinu-pogledajte-tko-su-najbolji\/","og_locale":"hr_HR","og_type":"article","og_title":"U srijedu progla\u0161enje najboljih sporta\u0161a grada Ljubu\u0161kog za 2022. godinu - pogledajte tko su najbolji - RADIO LJUBU\u0160KI","og_description":"U sklopu obilje\u017eavanja Dana grada Ljubu\u0161kog u srijedu, 15. velja\u010de, u hotelu Bigeste, bit \u0107e uprili\u010deno sve\u010dano progla\u0161enje sporta\u0161a godine za 2022. godinu. Izbor sporta\u0161a grada Ljubu\u0161kog za 2022.godinu odr\u017ean je prije dvadesetak dana, a na sve\u010danosti \u0107e najboljima biti dodijeljena priznanja. Naime, 27. sije\u010dnja 2023. godine u organizaciji Gradona\u010delnika Ljubu\u0161kog, odr\u017ean je 26. tradicionalni [&hellip;]","og_url":"https:\/\/radioljubuski.ba\/index.php\/2023\/02\/13\/u-srijedu-proglasenje-najboljih-sportasa-grada-ljubuskog-za-2022-godinu-pogledajte-tko-su-najbolji\/","og_site_name":"RADIO LJUBU\u0160KI","article_publisher":"https:\/\/www.facebook.com\/Radiio-Ljubuski-1490835324566332","article_published_time":"2023-02-13T13:24:50+00:00","article_modified_time":"2023-02-16T08:24:41+00:00","og_image":[{"width":512,"height":512,"url":"https:\/\/radioljubuski.ba\/wp-content\/uploads\/2023\/02\/11111.jpg","type":"image\/jpeg"}],"author":"Radio Ljubu\u0161ki","twitter_card":"summary_large_image","twitter_creator":"@radioljubuski","twitter_site":"@radioljubuski","twitter_misc":{"Napisao\/la":"Radio Ljubu\u0161ki","Procijenjeno vrijeme \u010ditanja":"5 minuta"},"schema":{"@context":"https:\/\/schema.org","@graph":[{"@type":"Article","@id":"https:\/\/radioljubuski.ba\/index.php\/2023\/02\/13\/u-srijedu-proglasenje-najboljih-sportasa-grada-ljubuskog-za-2022-godinu-pogledajte-tko-su-najbolji\/#article","isPartOf":{"@id":"https:\/\/radioljubuski.ba\/index.php\/2023\/02\/13\/u-srijedu-proglasenje-najboljih-sportasa-grada-ljubuskog-za-2022-godinu-pogledajte-tko-su-najbolji\/"},"author":{"name":"Radio Ljubu\u0161ki","@id":"https:\/\/radioljubuski.ba\/#\/schema\/person\/19fc700381a780f69665d7956c469e3b"},"headline":"U srijedu progla\u0161enje najboljih sporta\u0161a grada Ljubu\u0161kog za 2022. godinu &#8211; pogledajte tko su najbolji","datePublished":"2023-02-13T13:24:50+00:00","dateModified":"2023-02-16T08:24:41+00:00","mainEntityOfPage":{"@id":"https:\/\/radioljubuski.ba\/index.php\/2023\/02\/13\/u-srijedu-proglasenje-najboljih-sportasa-grada-ljubuskog-za-2022-godinu-pogledajte-tko-su-najbolji\/"},"wordCount":1000,"publisher":{"@id":"https:\/\/radioljubuski.ba\/#organization"},"image":{"@id":"https:\/\/radioljubuski.ba\/index.php\/2023\/02\/13\/u-srijedu-proglasenje-najboljih-sportasa-grada-ljubuskog-za-2022-godinu-pogledajte-tko-su-najbolji\/#primaryimage"},"thumbnailUrl":"https:\/\/radioljubuski.ba\/wp-content\/uploads\/2023\/02\/11111.jpg","articleSection":["Novosti"],"inLanguage":"hr"},{"@type":"WebPage","@id":"https:\/\/radioljubuski.ba\/index.php\/2023\/02\/13\/u-srijedu-proglasenje-najboljih-sportasa-grada-ljubuskog-za-2022-godinu-pogledajte-tko-su-najbolji\/","url":"https:\/\/radioljubuski.ba\/index.php\/2023\/02\/13\/u-srijedu-proglasenje-najboljih-sportasa-grada-ljubuskog-za-2022-godinu-pogledajte-tko-su-najbolji\/","name":"U srijedu progla\u0161enje najboljih sporta\u0161a grada Ljubu\u0161kog za 2022. godinu - pogledajte tko su najbolji - RADIO LJUBU\u0160KI","isPartOf":{"@id":"https:\/\/radioljubuski.ba\/#website"},"primaryImageOfPage":{"@id":"https:\/\/radioljubuski.ba\/index.php\/2023\/02\/13\/u-srijedu-proglasenje-najboljih-sportasa-grada-ljubuskog-za-2022-godinu-pogledajte-tko-su-najbolji\/#primaryimage"},"image":{"@id":"https:\/\/radioljubuski.ba\/index.php\/2023\/02\/13\/u-srijedu-proglasenje-najboljih-sportasa-grada-ljubuskog-za-2022-godinu-pogledajte-tko-su-najbolji\/#primaryimage"},"thumbnailUrl":"https:\/\/radioljubuski.ba\/wp-content\/uploads\/2023\/02\/11111.jpg","datePublished":"2023-02-13T13:24:50+00:00","dateModified":"2023-02-16T08:24:41+00:00","breadcrumb":{"@id":"https:\/\/radioljubuski.ba\/index.php\/2023\/02\/13\/u-srijedu-proglasenje-najboljih-sportasa-grada-ljubuskog-za-2022-godinu-pogledajte-tko-su-najbolji\/#breadcrumb"},"inLanguage":"hr","potentialAction":[{"@type":"ReadAction","target":["https:\/\/radioljubuski.ba\/index.php\/2023\/02\/13\/u-srijedu-proglasenje-najboljih-sportasa-grada-ljubuskog-za-2022-godinu-pogledajte-tko-su-najbolji\/"]}]},{"@type":"ImageObject","inLanguage":"hr","@id":"https:\/\/radioljubuski.ba\/index.php\/2023\/02\/13\/u-srijedu-proglasenje-najboljih-sportasa-grada-ljubuskog-za-2022-godinu-pogledajte-tko-su-najbolji\/#primaryimage","url":"https:\/\/radioljubuski.ba\/wp-content\/uploads\/2023\/02\/11111.jpg","contentUrl":"https:\/\/radioljubuski.ba\/wp-content\/uploads\/2023\/02\/11111.jpg","width":512,"height":512},{"@type":"BreadcrumbList","@id":"https:\/\/radioljubuski.ba\/index.php\/2023\/02\/13\/u-srijedu-proglasenje-najboljih-sportasa-grada-ljubuskog-za-2022-godinu-pogledajte-tko-su-najbolji\/#breadcrumb","itemListElement":[{"@type":"ListItem","position":1,"name":"Po\u010detna stranica","item":"https:\/\/radioljubuski.ba\/"},{"@type":"ListItem","position":2,"name":"U srijedu progla\u0161enje najboljih sporta\u0161a grada Ljubu\u0161kog za 2022. godinu &#8211; pogledajte tko su najbolji"}]},{"@type":"WebSite","@id":"https:\/\/radioljubuski.ba\/#website","url":"https:\/\/radioljubuski.ba\/","name":"Radio Ljubu\u0161ki","description":"Sun\u010dana frekvencija Hercegovine","publisher":{"@id":"https:\/\/radioljubuski.ba\/#organization"},"potentialAction":[{"@type":"SearchAction","target":{"@type":"EntryPoint","urlTemplate":"https:\/\/radioljubuski.ba\/?s={search_term_string}"},"query-input":{"@type":"PropertyValueSpecification","valueRequired":true,"valueName":"search_term_string"}}],"inLanguage":"hr"},{"@type":"Organization","@id":"https:\/\/radioljubuski.ba\/#organization","name":"Radio Ljubu\u0161ki","url":"https:\/\/radioljubuski.ba\/","logo":{"@type":"ImageObject","inLanguage":"hr","@id":"https:\/\/radioljubuski.ba\/#\/schema\/logo\/image\/","url":"https:\/\/radioljubuski.ba\/wp-content\/uploads\/2021\/02\/cropped-Radio_Ljubuski_logo1.jpg","contentUrl":"https:\/\/radioljubuski.ba\/wp-content\/uploads\/2021\/02\/cropped-Radio_Ljubuski_logo1.jpg","width":512,"height":512,"caption":"Radio Ljubu\u0161ki"},"image":{"@id":"https:\/\/radioljubuski.ba\/#\/schema\/logo\/image\/"},"sameAs":["https:\/\/www.facebook.com\/Radiio-Ljubuski-1490835324566332","https:\/\/x.com\/radioljubuski","https:\/\/hr.linkedin.com\/company\/radio-ljubuski","https:\/\/www.youtube.com\/channel\/UCHYaeO_n0Db3tjNGudGpXyw"]},{"@type":"Person","@id":"https:\/\/radioljubuski.ba\/#\/schema\/person\/19fc700381a780f69665d7956c469e3b","name":"Radio Ljubu\u0161ki"}]}},"_links":{"self":[{"href":"https:\/\/radioljubuski.ba\/index.php\/wp-json\/wp\/v2\/posts\/188108","targetHints":{"allow":["GET"]}}],"collection":[{"href":"https:\/\/radioljubuski.ba\/index.php\/wp-json\/wp\/v2\/posts"}],"about":[{"href":"https:\/\/radioljubuski.ba\/index.php\/wp-json\/wp\/v2\/types\/post"}],"author":[{"embeddable":true,"href":"https:\/\/radioljubuski.ba\/index.php\/wp-json\/wp\/v2\/users\/2"}],"replies":[{"embeddable":true,"href":"https:\/\/radioljubuski.ba\/index.php\/wp-json\/wp\/v2\/comments?post=188108"}],"version-history":[{"count":3,"href":"https:\/\/radioljubuski.ba\/index.php\/wp-json\/wp\/v2\/posts\/188108\/revisions"}],"predecessor-version":[{"id":188112,"href":"https:\/\/radioljubuski.ba\/index.php\/wp-json\/wp\/v2\/posts\/188108\/revisions\/188112"}],"wp:featuredmedia":[{"embeddable":true,"href":"https:\/\/radioljubuski.ba\/index.php\/wp-json\/wp\/v2\/media\/188109"}],"wp:attachment":[{"href":"https:\/\/radioljubuski.ba\/index.php\/wp-json\/wp\/v2\/media?parent=188108"}],"wp:term":[{"taxonomy":"category","embeddable":true,"href":"https:\/\/radioljubuski.ba\/index.php\/wp-json\/wp\/v2\/categories?post=188108"},{"taxonomy":"post_tag","embeddable":true,"href":"https:\/\/radioljubuski.ba\/index.php\/wp-json\/wp\/v2\/tags?post=188108"}],"curies":[{"name":"wp","href":"https:\/\/api.w.org\/{rel}","templated":true}]}}