{"id":188199,"date":"2023-02-18T20:35:06","date_gmt":"2023-02-18T19:35:06","guid":{"rendered":"https:\/\/radioljubuski.ba\/?p=188199"},"modified":"2023-02-18T20:35:07","modified_gmt":"2023-02-18T19:35:07","slug":"obiljezen-dan-branitelja-grada-ljubuskog-2","status":"publish","type":"post","link":"https:\/\/radioljubuski.ba\/index.php\/2023\/02\/18\/obiljezen-dan-branitelja-grada-ljubuskog-2\/","title":{"rendered":"Obilje\u017een Dan branitelja grada Ljubu\u0161kog"},"content":{"rendered":"\n<p>Slu\u017ebeni po\u010detak obilje\u017eavanja Dana branitelja na trgu dr.Franje Tu\u0111mana iza zgrada Gradske uprave u Ljubu\u0161kom zapo\u010deo je \u201eLijepom na\u0161om\u201c &nbsp;u izvedbi klape Benediktus pod ravnanjem prof. Zdenka Vi\u0161tice.<\/p>\n\n\n\n<figure class=\"wp-block-gallery has-nested-images columns-default is-cropped wp-block-gallery-1 is-layout-flex wp-block-gallery-is-layout-flex\">\n<figure class=\"wp-block-image size-large\"><img loading=\"lazy\" decoding=\"async\" width=\"1024\" height=\"683\" data-id=\"188201\" src=\"https:\/\/radioljubuski.ba\/wp-content\/uploads\/2023\/02\/DSC0002-3.jpg\" alt=\"\" class=\"wp-image-188201\" srcset=\"https:\/\/radioljubuski.ba\/wp-content\/uploads\/2023\/02\/DSC0002-3.jpg 1024w, https:\/\/radioljubuski.ba\/wp-content\/uploads\/2023\/02\/DSC0002-3-300x200.jpg 300w, https:\/\/radioljubuski.ba\/wp-content\/uploads\/2023\/02\/DSC0002-3-768x512.jpg 768w, https:\/\/radioljubuski.ba\/wp-content\/uploads\/2023\/02\/DSC0002-3-18x12.jpg 18w\" sizes=\"auto, (max-width: 1024px) 100vw, 1024px\" \/><\/figure>\n\n\n\n<figure class=\"wp-block-image size-large\"><img loading=\"lazy\" decoding=\"async\" width=\"1024\" height=\"683\" data-id=\"188200\" src=\"https:\/\/radioljubuski.ba\/wp-content\/uploads\/2023\/02\/DSC0004-2.jpg\" alt=\"\" class=\"wp-image-188200\" srcset=\"https:\/\/radioljubuski.ba\/wp-content\/uploads\/2023\/02\/DSC0004-2.jpg 1024w, https:\/\/radioljubuski.ba\/wp-content\/uploads\/2023\/02\/DSC0004-2-300x200.jpg 300w, https:\/\/radioljubuski.ba\/wp-content\/uploads\/2023\/02\/DSC0004-2-768x512.jpg 768w, https:\/\/radioljubuski.ba\/wp-content\/uploads\/2023\/02\/DSC0004-2-18x12.jpg 18w\" sizes=\"auto, (max-width: 1024px) 100vw, 1024px\" \/><\/figure>\n\n\n\n<figure class=\"wp-block-image size-large\"><img loading=\"lazy\" decoding=\"async\" width=\"1024\" height=\"683\" data-id=\"188202\" src=\"https:\/\/radioljubuski.ba\/wp-content\/uploads\/2023\/02\/DSC0005-2.jpg\" alt=\"\" class=\"wp-image-188202\" srcset=\"https:\/\/radioljubuski.ba\/wp-content\/uploads\/2023\/02\/DSC0005-2.jpg 1024w, https:\/\/radioljubuski.ba\/wp-content\/uploads\/2023\/02\/DSC0005-2-300x200.jpg 300w, https:\/\/radioljubuski.ba\/wp-content\/uploads\/2023\/02\/DSC0005-2-768x512.jpg 768w, https:\/\/radioljubuski.ba\/wp-content\/uploads\/2023\/02\/DSC0005-2-18x12.jpg 18w\" sizes=\"auto, (max-width: 1024px) 100vw, 1024px\" \/><\/figure>\n<\/figure>\n\n\n\n<p>Nakon \u0161to su branitelji, obitelji poginulih branitelja i civilnih \u017ertava rata, predstavnici gradske i \u017eupanijske vlasti, udruga proisteklih iz Domovinskog rata i ostali polo\u017eili vijenac i zapalili svije\u0107e za sve \u017ertve rata pomolio se fra Dario Dodig, huma\u010dki gvardijan.<\/p>\n\n\n\n<figure class=\"wp-block-gallery has-nested-images columns-default is-cropped wp-block-gallery-2 is-layout-flex wp-block-gallery-is-layout-flex\">\n<figure class=\"wp-block-image size-large\"><img loading=\"lazy\" decoding=\"async\" width=\"1024\" height=\"683\" data-id=\"188203\" src=\"https:\/\/radioljubuski.ba\/wp-content\/uploads\/2023\/02\/DSC0011-2.jpg\" alt=\"\" class=\"wp-image-188203\" srcset=\"https:\/\/radioljubuski.ba\/wp-content\/uploads\/2023\/02\/DSC0011-2.jpg 1024w, https:\/\/radioljubuski.ba\/wp-content\/uploads\/2023\/02\/DSC0011-2-300x200.jpg 300w, https:\/\/radioljubuski.ba\/wp-content\/uploads\/2023\/02\/DSC0011-2-768x512.jpg 768w, https:\/\/radioljubuski.ba\/wp-content\/uploads\/2023\/02\/DSC0011-2-18x12.jpg 18w\" sizes=\"auto, (max-width: 1024px) 100vw, 1024px\" \/><\/figure>\n\n\n\n<figure class=\"wp-block-image size-large\"><img loading=\"lazy\" decoding=\"async\" width=\"1024\" height=\"683\" data-id=\"188204\" src=\"https:\/\/radioljubuski.ba\/wp-content\/uploads\/2023\/02\/DSC0013.jpg\" alt=\"\" class=\"wp-image-188204\" srcset=\"https:\/\/radioljubuski.ba\/wp-content\/uploads\/2023\/02\/DSC0013.jpg 1024w, https:\/\/radioljubuski.ba\/wp-content\/uploads\/2023\/02\/DSC0013-300x200.jpg 300w, https:\/\/radioljubuski.ba\/wp-content\/uploads\/2023\/02\/DSC0013-768x512.jpg 768w, https:\/\/radioljubuski.ba\/wp-content\/uploads\/2023\/02\/DSC0013-18x12.jpg 18w\" sizes=\"auto, (max-width: 1024px) 100vw, 1024px\" \/><\/figure>\n\n\n\n<figure class=\"wp-block-image size-large\"><img loading=\"lazy\" decoding=\"async\" width=\"1024\" height=\"683\" data-id=\"188205\" src=\"https:\/\/radioljubuski.ba\/wp-content\/uploads\/2023\/02\/DSC0018-1.jpg\" alt=\"\" class=\"wp-image-188205\" srcset=\"https:\/\/radioljubuski.ba\/wp-content\/uploads\/2023\/02\/DSC0018-1.jpg 1024w, https:\/\/radioljubuski.ba\/wp-content\/uploads\/2023\/02\/DSC0018-1-300x200.jpg 300w, https:\/\/radioljubuski.ba\/wp-content\/uploads\/2023\/02\/DSC0018-1-768x512.jpg 768w, https:\/\/radioljubuski.ba\/wp-content\/uploads\/2023\/02\/DSC0018-1-18x12.jpg 18w\" sizes=\"auto, (max-width: 1024px) 100vw, 1024px\" \/><\/figure>\n<\/figure>\n\n\n\n<p>Sveta Misa zadu\u0161nica slavila se u crkvi sv. Ante na Humcu koju je predvodio fra Dario Dodig, a liturgijske pjesme pjevala je klapa Benediktus.<\/p>\n\n\n\n<figure class=\"wp-block-gallery has-nested-images columns-default is-cropped wp-block-gallery-3 is-layout-flex wp-block-gallery-is-layout-flex\">\n<figure class=\"wp-block-image size-large\"><img loading=\"lazy\" decoding=\"async\" width=\"1024\" height=\"683\" data-id=\"188206\" src=\"https:\/\/radioljubuski.ba\/wp-content\/uploads\/2023\/02\/DSC0020.jpg\" alt=\"\" class=\"wp-image-188206\" srcset=\"https:\/\/radioljubuski.ba\/wp-content\/uploads\/2023\/02\/DSC0020.jpg 1024w, https:\/\/radioljubuski.ba\/wp-content\/uploads\/2023\/02\/DSC0020-300x200.jpg 300w, https:\/\/radioljubuski.ba\/wp-content\/uploads\/2023\/02\/DSC0020-768x512.jpg 768w, https:\/\/radioljubuski.ba\/wp-content\/uploads\/2023\/02\/DSC0020-18x12.jpg 18w\" sizes=\"auto, (max-width: 1024px) 100vw, 1024px\" \/><\/figure>\n\n\n\n<figure class=\"wp-block-image size-large\"><img loading=\"lazy\" decoding=\"async\" width=\"1024\" height=\"683\" data-id=\"188207\" src=\"https:\/\/radioljubuski.ba\/wp-content\/uploads\/2023\/02\/DSC0022-3.jpg\" alt=\"\" class=\"wp-image-188207\" srcset=\"https:\/\/radioljubuski.ba\/wp-content\/uploads\/2023\/02\/DSC0022-3.jpg 1024w, https:\/\/radioljubuski.ba\/wp-content\/uploads\/2023\/02\/DSC0022-3-300x200.jpg 300w, https:\/\/radioljubuski.ba\/wp-content\/uploads\/2023\/02\/DSC0022-3-768x512.jpg 768w, https:\/\/radioljubuski.ba\/wp-content\/uploads\/2023\/02\/DSC0022-3-18x12.jpg 18w\" sizes=\"auto, (max-width: 1024px) 100vw, 1024px\" \/><\/figure>\n\n\n\n<figure class=\"wp-block-image size-large\"><img loading=\"lazy\" decoding=\"async\" width=\"1024\" height=\"683\" data-id=\"188208\" src=\"https:\/\/radioljubuski.ba\/wp-content\/uploads\/2023\/02\/DSC0025.jpg\" alt=\"\" class=\"wp-image-188208\" srcset=\"https:\/\/radioljubuski.ba\/wp-content\/uploads\/2023\/02\/DSC0025.jpg 1024w, https:\/\/radioljubuski.ba\/wp-content\/uploads\/2023\/02\/DSC0025-300x200.jpg 300w, https:\/\/radioljubuski.ba\/wp-content\/uploads\/2023\/02\/DSC0025-768x512.jpg 768w, https:\/\/radioljubuski.ba\/wp-content\/uploads\/2023\/02\/DSC0025-18x12.jpg 18w\" sizes=\"auto, (max-width: 1024px) 100vw, 1024px\" \/><\/figure>\n<\/figure>\n\n\n\n<p>Zavr\u0161ni dio obilje\u017eavanja Dana branitelja bio je u Lapidariju samostana sv. Ante na Humcu gdje su posjetitelji mogli pogledati ratne fotografije koje su uradili, uglavnom sami branitelji.<\/p>\n\n\n\n<p>U ime Povjerenstva za pitanje branitelja Domovinskog rata grada Ljubu\u0161kog sve nazo\u010dne pozdravio je predsjednik Povjerenstva Ivan Prli\u0107. Zavr\u0161avaju\u0107i svoj kra\u0107i govor Prli\u0107 je rekao: \u201ePoru\u010dujemo mladim generacijama da nikada ne zaborave \u017ertvu na\u0161ih branitelja. Neka svojim znanjem i zalaganjem stvaraju bolje i pravednije dru\u0161tvo. Sve vas toplo pozdravljamo do idu\u0107eg puta i neka nas sve skupa dragi Bog \u010duva\u201c.<\/p>\n\n\n\n<figure class=\"wp-block-gallery has-nested-images columns-default is-cropped wp-block-gallery-4 is-layout-flex wp-block-gallery-is-layout-flex\">\n<figure class=\"wp-block-image size-large\"><img loading=\"lazy\" decoding=\"async\" width=\"683\" height=\"1024\" data-id=\"188212\" src=\"https:\/\/radioljubuski.ba\/wp-content\/uploads\/2023\/02\/DSC0026-6.jpg\" alt=\"\" class=\"wp-image-188212\" srcset=\"https:\/\/radioljubuski.ba\/wp-content\/uploads\/2023\/02\/DSC0026-6.jpg 683w, https:\/\/radioljubuski.ba\/wp-content\/uploads\/2023\/02\/DSC0026-6-200x300.jpg 200w, https:\/\/radioljubuski.ba\/wp-content\/uploads\/2023\/02\/DSC0026-6-8x12.jpg 8w\" sizes=\"auto, (max-width: 683px) 100vw, 683px\" \/><\/figure>\n\n\n\n<figure class=\"wp-block-image size-large\"><img loading=\"lazy\" decoding=\"async\" width=\"1024\" height=\"683\" data-id=\"188209\" src=\"https:\/\/radioljubuski.ba\/wp-content\/uploads\/2023\/02\/DSC0028-1.jpg\" alt=\"\" class=\"wp-image-188209\" srcset=\"https:\/\/radioljubuski.ba\/wp-content\/uploads\/2023\/02\/DSC0028-1.jpg 1024w, https:\/\/radioljubuski.ba\/wp-content\/uploads\/2023\/02\/DSC0028-1-300x200.jpg 300w, https:\/\/radioljubuski.ba\/wp-content\/uploads\/2023\/02\/DSC0028-1-768x512.jpg 768w, https:\/\/radioljubuski.ba\/wp-content\/uploads\/2023\/02\/DSC0028-1-18x12.jpg 18w\" sizes=\"auto, (max-width: 1024px) 100vw, 1024px\" \/><\/figure>\n\n\n\n<figure class=\"wp-block-image size-large\"><img loading=\"lazy\" decoding=\"async\" width=\"1024\" height=\"683\" data-id=\"188210\" src=\"https:\/\/radioljubuski.ba\/wp-content\/uploads\/2023\/02\/DSC0031-2.jpg\" alt=\"\" class=\"wp-image-188210\" srcset=\"https:\/\/radioljubuski.ba\/wp-content\/uploads\/2023\/02\/DSC0031-2.jpg 1024w, https:\/\/radioljubuski.ba\/wp-content\/uploads\/2023\/02\/DSC0031-2-300x200.jpg 300w, https:\/\/radioljubuski.ba\/wp-content\/uploads\/2023\/02\/DSC0031-2-768x512.jpg 768w, https:\/\/radioljubuski.ba\/wp-content\/uploads\/2023\/02\/DSC0031-2-18x12.jpg 18w\" sizes=\"auto, (max-width: 1024px) 100vw, 1024px\" \/><\/figure>\n\n\n\n<figure class=\"wp-block-image size-large\"><img loading=\"lazy\" decoding=\"async\" width=\"1024\" height=\"683\" data-id=\"188211\" src=\"https:\/\/radioljubuski.ba\/wp-content\/uploads\/2023\/02\/DSC0033-3.jpg\" alt=\"\" class=\"wp-image-188211\" srcset=\"https:\/\/radioljubuski.ba\/wp-content\/uploads\/2023\/02\/DSC0033-3.jpg 1024w, https:\/\/radioljubuski.ba\/wp-content\/uploads\/2023\/02\/DSC0033-3-300x200.jpg 300w, https:\/\/radioljubuski.ba\/wp-content\/uploads\/2023\/02\/DSC0033-3-768x512.jpg 768w, https:\/\/radioljubuski.ba\/wp-content\/uploads\/2023\/02\/DSC0033-3-18x12.jpg 18w\" sizes=\"auto, (max-width: 1024px) 100vw, 1024px\" \/><\/figure>\n<\/figure>\n\n\n\n<p>Izlo\u017ebu je uz pozdrav sve\u010dano otvorio fra Dario Dodig, a u glazbenom dijelu nastupila je klapa Benediktus.<\/p>\n\n\n\n<figure class=\"wp-block-gallery has-nested-images columns-default is-cropped wp-block-gallery-5 is-layout-flex wp-block-gallery-is-layout-flex\">\n<figure class=\"wp-block-image size-large\"><img loading=\"lazy\" decoding=\"async\" width=\"1024\" height=\"683\" data-id=\"188213\" src=\"https:\/\/radioljubuski.ba\/wp-content\/uploads\/2023\/02\/DSC0036.jpg\" alt=\"\" class=\"wp-image-188213\" srcset=\"https:\/\/radioljubuski.ba\/wp-content\/uploads\/2023\/02\/DSC0036.jpg 1024w, https:\/\/radioljubuski.ba\/wp-content\/uploads\/2023\/02\/DSC0036-300x200.jpg 300w, https:\/\/radioljubuski.ba\/wp-content\/uploads\/2023\/02\/DSC0036-768x512.jpg 768w, https:\/\/radioljubuski.ba\/wp-content\/uploads\/2023\/02\/DSC0036-18x12.jpg 18w\" sizes=\"auto, (max-width: 1024px) 100vw, 1024px\" \/><\/figure>\n\n\n\n<figure class=\"wp-block-image size-large\"><img loading=\"lazy\" decoding=\"async\" width=\"1024\" height=\"683\" data-id=\"188214\" src=\"https:\/\/radioljubuski.ba\/wp-content\/uploads\/2023\/02\/DSC0038-3.jpg\" alt=\"\" class=\"wp-image-188214\" srcset=\"https:\/\/radioljubuski.ba\/wp-content\/uploads\/2023\/02\/DSC0038-3.jpg 1024w, https:\/\/radioljubuski.ba\/wp-content\/uploads\/2023\/02\/DSC0038-3-300x200.jpg 300w, https:\/\/radioljubuski.ba\/wp-content\/uploads\/2023\/02\/DSC0038-3-768x512.jpg 768w, https:\/\/radioljubuski.ba\/wp-content\/uploads\/2023\/02\/DSC0038-3-18x12.jpg 18w\" sizes=\"auto, (max-width: 1024px) 100vw, 1024px\" \/><\/figure>\n\n\n\n<figure class=\"wp-block-image size-large\"><img loading=\"lazy\" decoding=\"async\" width=\"683\" height=\"1024\" data-id=\"188215\" src=\"https:\/\/radioljubuski.ba\/wp-content\/uploads\/2023\/02\/DSC0039.jpg\" alt=\"\" class=\"wp-image-188215\" srcset=\"https:\/\/radioljubuski.ba\/wp-content\/uploads\/2023\/02\/DSC0039.jpg 683w, https:\/\/radioljubuski.ba\/wp-content\/uploads\/2023\/02\/DSC0039-200x300.jpg 200w, https:\/\/radioljubuski.ba\/wp-content\/uploads\/2023\/02\/DSC0039-8x12.jpg 8w\" sizes=\"auto, (max-width: 683px) 100vw, 683px\" \/><\/figure>\n<\/figure>\n\n\n\n<p>mile kraljevi\u0107\/radio ljubu\u0161ki<\/p>\n","protected":false},"excerpt":{"rendered":"<p>Slu\u017ebeni po\u010detak obilje\u017eavanja Dana branitelja na trgu dr.Franje Tu\u0111mana iza zgrada Gradske uprave u Ljubu\u0161kom zapo\u010deo je \u201eLijepom na\u0161om\u201c &nbsp;u izvedbi klape Benediktus pod ravnanjem prof. Zdenka Vi\u0161tice. Nakon \u0161to su branitelji, obitelji poginulih branitelja i civilnih \u017ertava rata, predstavnici gradske i \u017eupanijske vlasti, udruga proisteklih iz Domovinskog rata i ostali polo\u017eili vijenac i zapalili [&hellip;]<\/p>\n","protected":false},"author":2,"featured_media":188216,"comment_status":"closed","ping_status":"closed","sticky":false,"template":"","format":"standard","meta":{"h5ap_radio_sources":[],"footnotes":""},"categories":[28],"tags":[],"class_list":["post-188199","post","type-post","status-publish","format-standard","has-post-thumbnail","hentry","category-novosti"],"yoast_head":"<!-- This site is optimized with the Yoast SEO plugin v27.4 - https:\/\/yoast.com\/product\/yoast-seo-wordpress\/ -->\n<title>Obilje\u017een Dan branitelja grada Ljubu\u0161kog - RADIO LJUBU\u0160KI<\/title>\n<meta name=\"robots\" content=\"index, follow, max-snippet:-1, max-image-preview:large, max-video-preview:-1\" \/>\n<link rel=\"canonical\" href=\"https:\/\/radioljubuski.ba\/index.php\/2023\/02\/18\/obiljezen-dan-branitelja-grada-ljubuskog-2\/\" \/>\n<meta property=\"og:locale\" content=\"hr_HR\" \/>\n<meta property=\"og:type\" content=\"article\" \/>\n<meta property=\"og:title\" content=\"Obilje\u017een Dan branitelja grada Ljubu\u0161kog - RADIO LJUBU\u0160KI\" \/>\n<meta property=\"og:description\" content=\"Slu\u017ebeni po\u010detak obilje\u017eavanja Dana branitelja na trgu dr.Franje Tu\u0111mana iza zgrada Gradske uprave u Ljubu\u0161kom zapo\u010deo je \u201eLijepom na\u0161om\u201c &nbsp;u izvedbi klape Benediktus pod ravnanjem prof. Zdenka Vi\u0161tice. Nakon \u0161to su branitelji, obitelji poginulih branitelja i civilnih \u017ertava rata, predstavnici gradske i \u017eupanijske vlasti, udruga proisteklih iz Domovinskog rata i ostali polo\u017eili vijenac i zapalili [&hellip;]\" \/>\n<meta property=\"og:url\" content=\"https:\/\/radioljubuski.ba\/index.php\/2023\/02\/18\/obiljezen-dan-branitelja-grada-ljubuskog-2\/\" \/>\n<meta property=\"og:site_name\" content=\"RADIO LJUBU\u0160KI\" \/>\n<meta property=\"article:publisher\" content=\"https:\/\/www.facebook.com\/Radiio-Ljubuski-1490835324566332\" \/>\n<meta property=\"article:published_time\" content=\"2023-02-18T19:35:06+00:00\" \/>\n<meta property=\"article:modified_time\" content=\"2023-02-18T19:35:07+00:00\" \/>\n<meta property=\"og:image\" content=\"https:\/\/radioljubuski.ba\/wp-content\/uploads\/2023\/02\/DSC0017.jpg\" \/>\n\t<meta property=\"og:image:width\" content=\"1024\" \/>\n\t<meta property=\"og:image:height\" content=\"683\" \/>\n\t<meta property=\"og:image:type\" content=\"image\/jpeg\" \/>\n<meta name=\"author\" content=\"Radio Ljubu\u0161ki\" \/>\n<meta name=\"twitter:card\" content=\"summary_large_image\" \/>\n<meta name=\"twitter:creator\" content=\"@radioljubuski\" \/>\n<meta name=\"twitter:site\" content=\"@radioljubuski\" \/>\n<meta name=\"twitter:label1\" content=\"Napisao\/la\" \/>\n\t<meta name=\"twitter:data1\" content=\"Radio Ljubu\u0161ki\" \/>\n\t<meta name=\"twitter:label2\" content=\"Procijenjeno vrijeme \u010ditanja\" \/>\n\t<meta name=\"twitter:data2\" content=\"5 minuta\" \/>\n<script type=\"application\/ld+json\" class=\"yoast-schema-graph\">{\"@context\":\"https:\\\/\\\/schema.org\",\"@graph\":[{\"@type\":\"Article\",\"@id\":\"https:\\\/\\\/radioljubuski.ba\\\/index.php\\\/2023\\\/02\\\/18\\\/obiljezen-dan-branitelja-grada-ljubuskog-2\\\/#article\",\"isPartOf\":{\"@id\":\"https:\\\/\\\/radioljubuski.ba\\\/index.php\\\/2023\\\/02\\\/18\\\/obiljezen-dan-branitelja-grada-ljubuskog-2\\\/\"},\"author\":{\"name\":\"Radio Ljubu\u0161ki\",\"@id\":\"https:\\\/\\\/radioljubuski.ba\\\/#\\\/schema\\\/person\\\/19fc700381a780f69665d7956c469e3b\"},\"headline\":\"Obilje\u017een Dan branitelja grada Ljubu\u0161kog\",\"datePublished\":\"2023-02-18T19:35:06+00:00\",\"dateModified\":\"2023-02-18T19:35:07+00:00\",\"mainEntityOfPage\":{\"@id\":\"https:\\\/\\\/radioljubuski.ba\\\/index.php\\\/2023\\\/02\\\/18\\\/obiljezen-dan-branitelja-grada-ljubuskog-2\\\/\"},\"wordCount\":234,\"publisher\":{\"@id\":\"https:\\\/\\\/radioljubuski.ba\\\/#organization\"},\"image\":{\"@id\":\"https:\\\/\\\/radioljubuski.ba\\\/index.php\\\/2023\\\/02\\\/18\\\/obiljezen-dan-branitelja-grada-ljubuskog-2\\\/#primaryimage\"},\"thumbnailUrl\":\"https:\\\/\\\/radioljubuski.ba\\\/wp-content\\\/uploads\\\/2023\\\/02\\\/DSC0017.jpg\",\"articleSection\":[\"Novosti\"],\"inLanguage\":\"hr\"},{\"@type\":\"WebPage\",\"@id\":\"https:\\\/\\\/radioljubuski.ba\\\/index.php\\\/2023\\\/02\\\/18\\\/obiljezen-dan-branitelja-grada-ljubuskog-2\\\/\",\"url\":\"https:\\\/\\\/radioljubuski.ba\\\/index.php\\\/2023\\\/02\\\/18\\\/obiljezen-dan-branitelja-grada-ljubuskog-2\\\/\",\"name\":\"Obilje\u017een Dan branitelja grada Ljubu\u0161kog - RADIO LJUBU\u0160KI\",\"isPartOf\":{\"@id\":\"https:\\\/\\\/radioljubuski.ba\\\/#website\"},\"primaryImageOfPage\":{\"@id\":\"https:\\\/\\\/radioljubuski.ba\\\/index.php\\\/2023\\\/02\\\/18\\\/obiljezen-dan-branitelja-grada-ljubuskog-2\\\/#primaryimage\"},\"image\":{\"@id\":\"https:\\\/\\\/radioljubuski.ba\\\/index.php\\\/2023\\\/02\\\/18\\\/obiljezen-dan-branitelja-grada-ljubuskog-2\\\/#primaryimage\"},\"thumbnailUrl\":\"https:\\\/\\\/radioljubuski.ba\\\/wp-content\\\/uploads\\\/2023\\\/02\\\/DSC0017.jpg\",\"datePublished\":\"2023-02-18T19:35:06+00:00\",\"dateModified\":\"2023-02-18T19:35:07+00:00\",\"breadcrumb\":{\"@id\":\"https:\\\/\\\/radioljubuski.ba\\\/index.php\\\/2023\\\/02\\\/18\\\/obiljezen-dan-branitelja-grada-ljubuskog-2\\\/#breadcrumb\"},\"inLanguage\":\"hr\",\"potentialAction\":[{\"@type\":\"ReadAction\",\"target\":[\"https:\\\/\\\/radioljubuski.ba\\\/index.php\\\/2023\\\/02\\\/18\\\/obiljezen-dan-branitelja-grada-ljubuskog-2\\\/\"]}]},{\"@type\":\"ImageObject\",\"inLanguage\":\"hr\",\"@id\":\"https:\\\/\\\/radioljubuski.ba\\\/index.php\\\/2023\\\/02\\\/18\\\/obiljezen-dan-branitelja-grada-ljubuskog-2\\\/#primaryimage\",\"url\":\"https:\\\/\\\/radioljubuski.ba\\\/wp-content\\\/uploads\\\/2023\\\/02\\\/DSC0017.jpg\",\"contentUrl\":\"https:\\\/\\\/radioljubuski.ba\\\/wp-content\\\/uploads\\\/2023\\\/02\\\/DSC0017.jpg\",\"width\":1024,\"height\":683},{\"@type\":\"BreadcrumbList\",\"@id\":\"https:\\\/\\\/radioljubuski.ba\\\/index.php\\\/2023\\\/02\\\/18\\\/obiljezen-dan-branitelja-grada-ljubuskog-2\\\/#breadcrumb\",\"itemListElement\":[{\"@type\":\"ListItem\",\"position\":1,\"name\":\"Po\u010detna stranica\",\"item\":\"https:\\\/\\\/radioljubuski.ba\\\/\"},{\"@type\":\"ListItem\",\"position\":2,\"name\":\"Obilje\u017een Dan branitelja grada Ljubu\u0161kog\"}]},{\"@type\":\"WebSite\",\"@id\":\"https:\\\/\\\/radioljubuski.ba\\\/#website\",\"url\":\"https:\\\/\\\/radioljubuski.ba\\\/\",\"name\":\"Radio Ljubu\u0161ki\",\"description\":\"Sun\u010dana frekvencija Hercegovine\",\"publisher\":{\"@id\":\"https:\\\/\\\/radioljubuski.ba\\\/#organization\"},\"potentialAction\":[{\"@type\":\"SearchAction\",\"target\":{\"@type\":\"EntryPoint\",\"urlTemplate\":\"https:\\\/\\\/radioljubuski.ba\\\/?s={search_term_string}\"},\"query-input\":{\"@type\":\"PropertyValueSpecification\",\"valueRequired\":true,\"valueName\":\"search_term_string\"}}],\"inLanguage\":\"hr\"},{\"@type\":\"Organization\",\"@id\":\"https:\\\/\\\/radioljubuski.ba\\\/#organization\",\"name\":\"Radio Ljubu\u0161ki\",\"url\":\"https:\\\/\\\/radioljubuski.ba\\\/\",\"logo\":{\"@type\":\"ImageObject\",\"inLanguage\":\"hr\",\"@id\":\"https:\\\/\\\/radioljubuski.ba\\\/#\\\/schema\\\/logo\\\/image\\\/\",\"url\":\"https:\\\/\\\/radioljubuski.ba\\\/wp-content\\\/uploads\\\/2021\\\/02\\\/cropped-Radio_Ljubuski_logo1.jpg\",\"contentUrl\":\"https:\\\/\\\/radioljubuski.ba\\\/wp-content\\\/uploads\\\/2021\\\/02\\\/cropped-Radio_Ljubuski_logo1.jpg\",\"width\":512,\"height\":512,\"caption\":\"Radio Ljubu\u0161ki\"},\"image\":{\"@id\":\"https:\\\/\\\/radioljubuski.ba\\\/#\\\/schema\\\/logo\\\/image\\\/\"},\"sameAs\":[\"https:\\\/\\\/www.facebook.com\\\/Radiio-Ljubuski-1490835324566332\",\"https:\\\/\\\/x.com\\\/radioljubuski\",\"https:\\\/\\\/hr.linkedin.com\\\/company\\\/radio-ljubuski\",\"https:\\\/\\\/www.youtube.com\\\/channel\\\/UCHYaeO_n0Db3tjNGudGpXyw\"]},{\"@type\":\"Person\",\"@id\":\"https:\\\/\\\/radioljubuski.ba\\\/#\\\/schema\\\/person\\\/19fc700381a780f69665d7956c469e3b\",\"name\":\"Radio Ljubu\u0161ki\"}]}<\/script>\n<!-- \/ Yoast SEO plugin. -->","yoast_head_json":{"title":"Obilje\u017een Dan branitelja grada Ljubu\u0161kog - RADIO LJUBU\u0160KI","robots":{"index":"index","follow":"follow","max-snippet":"max-snippet:-1","max-image-preview":"max-image-preview:large","max-video-preview":"max-video-preview:-1"},"canonical":"https:\/\/radioljubuski.ba\/index.php\/2023\/02\/18\/obiljezen-dan-branitelja-grada-ljubuskog-2\/","og_locale":"hr_HR","og_type":"article","og_title":"Obilje\u017een Dan branitelja grada Ljubu\u0161kog - RADIO LJUBU\u0160KI","og_description":"Slu\u017ebeni po\u010detak obilje\u017eavanja Dana branitelja na trgu dr.Franje Tu\u0111mana iza zgrada Gradske uprave u Ljubu\u0161kom zapo\u010deo je \u201eLijepom na\u0161om\u201c &nbsp;u izvedbi klape Benediktus pod ravnanjem prof. Zdenka Vi\u0161tice. Nakon \u0161to su branitelji, obitelji poginulih branitelja i civilnih \u017ertava rata, predstavnici gradske i \u017eupanijske vlasti, udruga proisteklih iz Domovinskog rata i ostali polo\u017eili vijenac i zapalili [&hellip;]","og_url":"https:\/\/radioljubuski.ba\/index.php\/2023\/02\/18\/obiljezen-dan-branitelja-grada-ljubuskog-2\/","og_site_name":"RADIO LJUBU\u0160KI","article_publisher":"https:\/\/www.facebook.com\/Radiio-Ljubuski-1490835324566332","article_published_time":"2023-02-18T19:35:06+00:00","article_modified_time":"2023-02-18T19:35:07+00:00","og_image":[{"width":1024,"height":683,"url":"https:\/\/radioljubuski.ba\/wp-content\/uploads\/2023\/02\/DSC0017.jpg","type":"image\/jpeg"}],"author":"Radio Ljubu\u0161ki","twitter_card":"summary_large_image","twitter_creator":"@radioljubuski","twitter_site":"@radioljubuski","twitter_misc":{"Napisao\/la":"Radio Ljubu\u0161ki","Procijenjeno vrijeme \u010ditanja":"5 minuta"},"schema":{"@context":"https:\/\/schema.org","@graph":[{"@type":"Article","@id":"https:\/\/radioljubuski.ba\/index.php\/2023\/02\/18\/obiljezen-dan-branitelja-grada-ljubuskog-2\/#article","isPartOf":{"@id":"https:\/\/radioljubuski.ba\/index.php\/2023\/02\/18\/obiljezen-dan-branitelja-grada-ljubuskog-2\/"},"author":{"name":"Radio Ljubu\u0161ki","@id":"https:\/\/radioljubuski.ba\/#\/schema\/person\/19fc700381a780f69665d7956c469e3b"},"headline":"Obilje\u017een Dan branitelja grada Ljubu\u0161kog","datePublished":"2023-02-18T19:35:06+00:00","dateModified":"2023-02-18T19:35:07+00:00","mainEntityOfPage":{"@id":"https:\/\/radioljubuski.ba\/index.php\/2023\/02\/18\/obiljezen-dan-branitelja-grada-ljubuskog-2\/"},"wordCount":234,"publisher":{"@id":"https:\/\/radioljubuski.ba\/#organization"},"image":{"@id":"https:\/\/radioljubuski.ba\/index.php\/2023\/02\/18\/obiljezen-dan-branitelja-grada-ljubuskog-2\/#primaryimage"},"thumbnailUrl":"https:\/\/radioljubuski.ba\/wp-content\/uploads\/2023\/02\/DSC0017.jpg","articleSection":["Novosti"],"inLanguage":"hr"},{"@type":"WebPage","@id":"https:\/\/radioljubuski.ba\/index.php\/2023\/02\/18\/obiljezen-dan-branitelja-grada-ljubuskog-2\/","url":"https:\/\/radioljubuski.ba\/index.php\/2023\/02\/18\/obiljezen-dan-branitelja-grada-ljubuskog-2\/","name":"Obilje\u017een Dan branitelja grada Ljubu\u0161kog - RADIO LJUBU\u0160KI","isPartOf":{"@id":"https:\/\/radioljubuski.ba\/#website"},"primaryImageOfPage":{"@id":"https:\/\/radioljubuski.ba\/index.php\/2023\/02\/18\/obiljezen-dan-branitelja-grada-ljubuskog-2\/#primaryimage"},"image":{"@id":"https:\/\/radioljubuski.ba\/index.php\/2023\/02\/18\/obiljezen-dan-branitelja-grada-ljubuskog-2\/#primaryimage"},"thumbnailUrl":"https:\/\/radioljubuski.ba\/wp-content\/uploads\/2023\/02\/DSC0017.jpg","datePublished":"2023-02-18T19:35:06+00:00","dateModified":"2023-02-18T19:35:07+00:00","breadcrumb":{"@id":"https:\/\/radioljubuski.ba\/index.php\/2023\/02\/18\/obiljezen-dan-branitelja-grada-ljubuskog-2\/#breadcrumb"},"inLanguage":"hr","potentialAction":[{"@type":"ReadAction","target":["https:\/\/radioljubuski.ba\/index.php\/2023\/02\/18\/obiljezen-dan-branitelja-grada-ljubuskog-2\/"]}]},{"@type":"ImageObject","inLanguage":"hr","@id":"https:\/\/radioljubuski.ba\/index.php\/2023\/02\/18\/obiljezen-dan-branitelja-grada-ljubuskog-2\/#primaryimage","url":"https:\/\/radioljubuski.ba\/wp-content\/uploads\/2023\/02\/DSC0017.jpg","contentUrl":"https:\/\/radioljubuski.ba\/wp-content\/uploads\/2023\/02\/DSC0017.jpg","width":1024,"height":683},{"@type":"BreadcrumbList","@id":"https:\/\/radioljubuski.ba\/index.php\/2023\/02\/18\/obiljezen-dan-branitelja-grada-ljubuskog-2\/#breadcrumb","itemListElement":[{"@type":"ListItem","position":1,"name":"Po\u010detna stranica","item":"https:\/\/radioljubuski.ba\/"},{"@type":"ListItem","position":2,"name":"Obilje\u017een Dan branitelja grada Ljubu\u0161kog"}]},{"@type":"WebSite","@id":"https:\/\/radioljubuski.ba\/#website","url":"https:\/\/radioljubuski.ba\/","name":"Radio Ljubu\u0161ki","description":"Sun\u010dana frekvencija Hercegovine","publisher":{"@id":"https:\/\/radioljubuski.ba\/#organization"},"potentialAction":[{"@type":"SearchAction","target":{"@type":"EntryPoint","urlTemplate":"https:\/\/radioljubuski.ba\/?s={search_term_string}"},"query-input":{"@type":"PropertyValueSpecification","valueRequired":true,"valueName":"search_term_string"}}],"inLanguage":"hr"},{"@type":"Organization","@id":"https:\/\/radioljubuski.ba\/#organization","name":"Radio Ljubu\u0161ki","url":"https:\/\/radioljubuski.ba\/","logo":{"@type":"ImageObject","inLanguage":"hr","@id":"https:\/\/radioljubuski.ba\/#\/schema\/logo\/image\/","url":"https:\/\/radioljubuski.ba\/wp-content\/uploads\/2021\/02\/cropped-Radio_Ljubuski_logo1.jpg","contentUrl":"https:\/\/radioljubuski.ba\/wp-content\/uploads\/2021\/02\/cropped-Radio_Ljubuski_logo1.jpg","width":512,"height":512,"caption":"Radio Ljubu\u0161ki"},"image":{"@id":"https:\/\/radioljubuski.ba\/#\/schema\/logo\/image\/"},"sameAs":["https:\/\/www.facebook.com\/Radiio-Ljubuski-1490835324566332","https:\/\/x.com\/radioljubuski","https:\/\/hr.linkedin.com\/company\/radio-ljubuski","https:\/\/www.youtube.com\/channel\/UCHYaeO_n0Db3tjNGudGpXyw"]},{"@type":"Person","@id":"https:\/\/radioljubuski.ba\/#\/schema\/person\/19fc700381a780f69665d7956c469e3b","name":"Radio Ljubu\u0161ki"}]}},"_links":{"self":[{"href":"https:\/\/radioljubuski.ba\/index.php\/wp-json\/wp\/v2\/posts\/188199","targetHints":{"allow":["GET"]}}],"collection":[{"href":"https:\/\/radioljubuski.ba\/index.php\/wp-json\/wp\/v2\/posts"}],"about":[{"href":"https:\/\/radioljubuski.ba\/index.php\/wp-json\/wp\/v2\/types\/post"}],"author":[{"embeddable":true,"href":"https:\/\/radioljubuski.ba\/index.php\/wp-json\/wp\/v2\/users\/2"}],"replies":[{"embeddable":true,"href":"https:\/\/radioljubuski.ba\/index.php\/wp-json\/wp\/v2\/comments?post=188199"}],"version-history":[{"count":1,"href":"https:\/\/radioljubuski.ba\/index.php\/wp-json\/wp\/v2\/posts\/188199\/revisions"}],"predecessor-version":[{"id":188217,"href":"https:\/\/radioljubuski.ba\/index.php\/wp-json\/wp\/v2\/posts\/188199\/revisions\/188217"}],"wp:featuredmedia":[{"embeddable":true,"href":"https:\/\/radioljubuski.ba\/index.php\/wp-json\/wp\/v2\/media\/188216"}],"wp:attachment":[{"href":"https:\/\/radioljubuski.ba\/index.php\/wp-json\/wp\/v2\/media?parent=188199"}],"wp:term":[{"taxonomy":"category","embeddable":true,"href":"https:\/\/radioljubuski.ba\/index.php\/wp-json\/wp\/v2\/categories?post=188199"},{"taxonomy":"post_tag","embeddable":true,"href":"https:\/\/radioljubuski.ba\/index.php\/wp-json\/wp\/v2\/tags?post=188199"}],"curies":[{"name":"wp","href":"https:\/\/api.w.org\/{rel}","templated":true}]}}