{"id":189200,"date":"2023-03-23T12:30:00","date_gmt":"2023-03-23T11:30:00","guid":{"rendered":"https:\/\/radioljubuski.ba\/?p=189200"},"modified":"2025-08-07T11:46:15","modified_gmt":"2025-08-07T10:46:15","slug":"zeljko-vuksic-vise-sam-ozljeda-imao-u-nogometu-nego-u-boksu-audio","status":"publish","type":"post","link":"https:\/\/radioljubuski.ba\/index.php\/2023\/03\/23\/zeljko-vuksic-vise-sam-ozljeda-imao-u-nogometu-nego-u-boksu-audio\/","title":{"rendered":"\u017deljko Vuk\u0161i\u0107: Vi\u0161e sam ozljeda imao u nogometu nego u boksu &#8211; audio"},"content":{"rendered":"\n<p>U programu Radija Ljubu\u0161ki ugostili smo \u017deljka Vuk\u0161i\u0107a pomo\u0107nog trenera u Boksa\u010dkom klubu Ljubu\u0161ki. \u017deljko je jedna od najzanimljivijih i najdugovje\u010dnijih osoba u ljubu\u0161kom sportu, igrao je nogomet za NK Slogu i NK Ljubu\u0161ki, a po zavr\u0161etku nogometne karijere pre\u0161ao je u boksa\u010de. Jedan je od osniva\u010da Boksa\u010dkog kluba Ljubu\u0161ki, za koji je nastupao dugi niz godina, a poslije je pre\u0161ao u profesionalni boks, imao 10 profesionalnih borbi i prije \u010detiri godine zavr\u0161io profesionalnu karijeru. Danas je, kako smo rekli u uvodu, pomo\u0107nik treneru BK Ljubu\u0161ki Miri Jerkovi\u0107u. Za na\u0161e prilike \u017deljko je bio uspje\u0161an u oba sporta kojima se bavio.<br>U nogomet se zaljubio gledaju\u0107i Svjetsko nogometno prvenstvo u Meksiku 1986. godine, a posebno ga je odu\u0161evio Diego Armando Maradona. Ka\u017ee da je to njegova nogometna ikona i najdra\u017ei igra\u010d.<br>Po\u010deo je trenirati s 13 godina u NK Sloga i pro\u0161ao sve nogometne selekcije u tom klubu. Kasnije je igrao za prvu mom\u010dad NK Sloge i NK Ljubu\u0161kog u vrijeme kada je ljubu\u0161ki nogomet \u201epro\u017eivljavao svoje najbolje godine.\u201c<br>Vuk\u0161i\u0107 je igrao desnog beka i po potrebi stopera, imao posebnu borbenosti i sr\u010danost, mogao je podbaciti u nekim utakmicama, ali nije bilo utakmice u kojoj nije davao sve od sebe<br>U razgovoru se \u017deljko prisjetio igra\u010da s kojima je igrao, trenera koji su ga trenirali i uspjeha koji su ljubu\u0161ki nogometa\u0161i ostvarili u to vrijeme.<br>Govore\u0107i o nogometu nekad i sad, misli da je se taj sport previ\u0161e materijalizirao.<br>\u201eDanas je nogomet postao biznis, transferi su oti\u0161li u nebo, ponekad se i nerealne svote pla\u0107aju za pojedine igra\u010de. Prije se vi\u0161e igralo za publiku, za svoj gu\u0161t. Pojedini roditelji gledaju odmah unov\u010diti svoju djecu, zamolio bi ih da pripaze, da puste djecu da \u017eive u ma\u0161ti i da su sretni, a uspjesi \u0107e do\u0107i\u201c, ka\u017ee \u017deljko.<br>Po zavr\u0161etku nogometne karijere, pre\u0161ao je u boks.<br>\u201eMoja prva ljubav je nogomet, a druga ljubav je boks\u201c, ka\u017ee \u017deljko.<br>Pri\u010da da se ozbiljnije zainteresirao za boks 1996. godine, kad je u Ljubu\u0161ki do\u0161ao biv\u0161i boksa\u010d, a tada boksa\u010dki trener Miro Jerkovi\u0107. Tada se u upisao u klub borila\u010dkih vje\u0161tina \u201eLudvig Pavlovi\u0107\u201c.<br>\u201eMiro je donio boks na ove prostore. To je veliki \u010dovjek, pedagog i stru\u010dnjak. Radili smo u tom borila\u010dkom klubu do 2004. godine, a onda smo odlu\u010dili osnovati boksa\u010dki klub u olimpijskom boksu. I tako smo krenuli. Ubrzo je klub imao oko 50 \u010dlanova. Ve\u0107 2005. godine postizali smo odli\u010dne rezultate. Bilo je to \u201ezlatno vrijeme\u201c ljubu\u0161kog boksa. U zadnje vrijeme interes za boks je donekle opao. Ali i danas se radi i ima dobrih rezultata. Tako smo pro\u0161li mjesec na seniorskom prvenstvu BiH u \u017divinicama osvojili dvije medalje. Leon Vranje\u0161 osvojio je srebrnu, a Darko Boras bron\u010danu medalju\u201c, pri\u010da nam \u017deljko.<br>Zadovoljan je uvjetima u kojima treniraju ljubu\u0161ki boksa\u010di, zahvaljuje se Gradskoj \u0161portskoj dvorani u Ljubu\u0161kom koja im je ustupila prostor za treniranje, te gradona\u010delniku Vedranu Markoti\u0107u i ministru financija u Vladi \u017dZH Toniju Kraljevi\u0107u koji financijski poma\u017eu i podr\u017eavaju klub.<br>Isti\u010de da je najva\u017enije maknuti mlade s ulice, uklju\u010diti ih u bilo koji sport, pomo\u0107i im da treniraju pod stru\u010dnim nadzorom i zdravo \u017eive.<br>\u017deljko je u olimpijskom boksu nastupao do 33. godine, \u0161to je krajnja dobna granica za boksa\u010de. Bio je viceprvak dr\u017eave u pojedina\u010dnoj konkurenciji u Hrasnici 2006. godine i tre\u0107i 2005. godine u Mostaru. Oba puta izgubio je od vi\u0161estrukog prvaka dr\u017eave Velibora Vidi\u0107a iz Bosanskog Broda.<br>Poslije je, u 40-oj godini \u017eivota pre\u0161ao u profesionalni boks. Imao je 10 profesionalnih borbi. Prvu borbu, koju je izgubio od doma\u0107eg borca Martina Popa, imao je u M\u00fcnchenu 2014. godine. Od profesionalnog boksa oprostio se 2018.godine pobjedom nad Nerminom Pozderovi\u0107em u Neumu.<br>Na pitanje koliko je boks opasan i grub sport \u017deljko nam je rekao da je vi\u0161e ozljeda imao kao nogometa\u0161 nego kao boksa\u010d.<br>\u201ePuno vi\u0161e ozljeda sam imao kao nogometa\u0161 nego kao boksa\u010d. Vi\u0161e sam vremena proveo oporavljaju\u0107i se od nogometnih nego od boksa\u010dkih ozljeda\u201c, konstatira \u017deljko.<br>Na pitanje ima li \u0161to poru\u010diti za kraj razgovora \u017deljko je rekao.<br>\u201e\u017delio bih da se \u0161to vi\u0161e mladih ljudi uklju\u010di u sport, da \u017eive zdravo, da se maknu s ulice i da su sretni i zdravi.\u201c<br>Kroz razgovor smo se dotakli jo\u0161 nekih tema, a o \u010demu smo jo\u0161 razgovarali poslu\u0161ajte u audio zapisu:<\/p>\n\n\n\n<iframe loading=\"lazy\" width=\"560\" height=\"315\" src=\"https:\/\/www.youtube.com\/embed\/hTg1ECMjGo0\" title=\"YouTube video player\" frameborder=\"0\" allow=\"accelerometer; autoplay; clipboard-write; encrypted-media; gyroscope; picture-in-picture; web-share\" allowfullscreen><\/iframe>\n\n\n\n<p>Drago Vukojevi\u0107 \/ Radio Ljubu\u0161ki<\/p>\n","protected":false},"excerpt":{"rendered":"<p>U programu Radija Ljubu\u0161ki ugostili smo \u017deljka Vuk\u0161i\u0107a pomo\u0107nog trenera u Boksa\u010dkom klubu Ljubu\u0161ki. \u017deljko je jedna od najzanimljivijih i najdugovje\u010dnijih osoba u ljubu\u0161kom sportu, igrao je nogomet za NK Slogu i NK Ljubu\u0161ki, a po zavr\u0161etku nogometne karijere pre\u0161ao je u boksa\u010de. Jedan je od osniva\u010da Boksa\u010dkog kluba Ljubu\u0161ki, za koji je nastupao dugi [&hellip;]<\/p>\n","protected":false},"author":2,"featured_media":189207,"comment_status":"closed","ping_status":"closed","sticky":false,"template":"","format":"standard","meta":{"h5ap_radio_sources":[],"footnotes":""},"categories":[28],"tags":[],"class_list":["post-189200","post","type-post","status-publish","format-standard","has-post-thumbnail","hentry","category-novosti"],"yoast_head":"<!-- This site is optimized with the Yoast SEO plugin v27.4 - https:\/\/yoast.com\/product\/yoast-seo-wordpress\/ -->\n<title>\u017deljko Vuk\u0161i\u0107: Vi\u0161e sam ozljeda imao u nogometu nego u boksu - audio - RADIO LJUBU\u0160KI<\/title>\n<meta name=\"robots\" content=\"index, follow, max-snippet:-1, max-image-preview:large, max-video-preview:-1\" \/>\n<link rel=\"canonical\" href=\"https:\/\/radioljubuski.ba\/index.php\/2023\/03\/23\/zeljko-vuksic-vise-sam-ozljeda-imao-u-nogometu-nego-u-boksu-audio\/\" \/>\n<meta property=\"og:locale\" content=\"hr_HR\" \/>\n<meta property=\"og:type\" content=\"article\" \/>\n<meta property=\"og:title\" content=\"\u017deljko Vuk\u0161i\u0107: Vi\u0161e sam ozljeda imao u nogometu nego u boksu - audio - RADIO LJUBU\u0160KI\" \/>\n<meta property=\"og:description\" content=\"U programu Radija Ljubu\u0161ki ugostili smo \u017deljka Vuk\u0161i\u0107a pomo\u0107nog trenera u Boksa\u010dkom klubu Ljubu\u0161ki. \u017deljko je jedna od najzanimljivijih i najdugovje\u010dnijih osoba u ljubu\u0161kom sportu, igrao je nogomet za NK Slogu i NK Ljubu\u0161ki, a po zavr\u0161etku nogometne karijere pre\u0161ao je u boksa\u010de. Jedan je od osniva\u010da Boksa\u010dkog kluba Ljubu\u0161ki, za koji je nastupao dugi [&hellip;]\" \/>\n<meta property=\"og:url\" content=\"https:\/\/radioljubuski.ba\/index.php\/2023\/03\/23\/zeljko-vuksic-vise-sam-ozljeda-imao-u-nogometu-nego-u-boksu-audio\/\" \/>\n<meta property=\"og:site_name\" content=\"RADIO LJUBU\u0160KI\" \/>\n<meta property=\"article:publisher\" content=\"https:\/\/www.facebook.com\/Radiio-Ljubuski-1490835324566332\" \/>\n<meta property=\"article:published_time\" content=\"2023-03-23T11:30:00+00:00\" \/>\n<meta property=\"article:modified_time\" content=\"2025-08-07T10:46:15+00:00\" \/>\n<meta property=\"og:image\" content=\"https:\/\/radioljubuski.ba\/wp-content\/uploads\/2023\/03\/Dizajn-bez-naslova.jpg\" \/>\n\t<meta property=\"og:image:width\" content=\"1920\" \/>\n\t<meta property=\"og:image:height\" content=\"1080\" \/>\n\t<meta property=\"og:image:type\" content=\"image\/jpeg\" \/>\n<meta name=\"author\" content=\"Radio Ljubu\u0161ki\" \/>\n<meta name=\"twitter:card\" content=\"summary_large_image\" \/>\n<meta name=\"twitter:creator\" content=\"@radioljubuski\" \/>\n<meta name=\"twitter:site\" content=\"@radioljubuski\" \/>\n<meta name=\"twitter:label1\" content=\"Napisao\/la\" \/>\n\t<meta name=\"twitter:data1\" content=\"Radio Ljubu\u0161ki\" \/>\n\t<meta name=\"twitter:label2\" content=\"Procijenjeno vrijeme \u010ditanja\" \/>\n\t<meta name=\"twitter:data2\" content=\"5 minuta\" \/>\n<script type=\"application\/ld+json\" class=\"yoast-schema-graph\">{\"@context\":\"https:\\\/\\\/schema.org\",\"@graph\":[{\"@type\":\"Article\",\"@id\":\"https:\\\/\\\/radioljubuski.ba\\\/index.php\\\/2023\\\/03\\\/23\\\/zeljko-vuksic-vise-sam-ozljeda-imao-u-nogometu-nego-u-boksu-audio\\\/#article\",\"isPartOf\":{\"@id\":\"https:\\\/\\\/radioljubuski.ba\\\/index.php\\\/2023\\\/03\\\/23\\\/zeljko-vuksic-vise-sam-ozljeda-imao-u-nogometu-nego-u-boksu-audio\\\/\"},\"author\":{\"name\":\"Radio Ljubu\u0161ki\",\"@id\":\"https:\\\/\\\/radioljubuski.ba\\\/#\\\/schema\\\/person\\\/19fc700381a780f69665d7956c469e3b\"},\"headline\":\"\u017deljko Vuk\u0161i\u0107: Vi\u0161e sam ozljeda imao u nogometu nego u boksu &#8211; audio\",\"datePublished\":\"2023-03-23T11:30:00+00:00\",\"dateModified\":\"2025-08-07T10:46:15+00:00\",\"mainEntityOfPage\":{\"@id\":\"https:\\\/\\\/radioljubuski.ba\\\/index.php\\\/2023\\\/03\\\/23\\\/zeljko-vuksic-vise-sam-ozljeda-imao-u-nogometu-nego-u-boksu-audio\\\/\"},\"wordCount\":812,\"publisher\":{\"@id\":\"https:\\\/\\\/radioljubuski.ba\\\/#organization\"},\"image\":{\"@id\":\"https:\\\/\\\/radioljubuski.ba\\\/index.php\\\/2023\\\/03\\\/23\\\/zeljko-vuksic-vise-sam-ozljeda-imao-u-nogometu-nego-u-boksu-audio\\\/#primaryimage\"},\"thumbnailUrl\":\"https:\\\/\\\/radioljubuski.ba\\\/wp-content\\\/uploads\\\/2023\\\/03\\\/Dizajn-bez-naslova.jpg\",\"articleSection\":[\"Novosti\"],\"inLanguage\":\"hr\"},{\"@type\":\"WebPage\",\"@id\":\"https:\\\/\\\/radioljubuski.ba\\\/index.php\\\/2023\\\/03\\\/23\\\/zeljko-vuksic-vise-sam-ozljeda-imao-u-nogometu-nego-u-boksu-audio\\\/\",\"url\":\"https:\\\/\\\/radioljubuski.ba\\\/index.php\\\/2023\\\/03\\\/23\\\/zeljko-vuksic-vise-sam-ozljeda-imao-u-nogometu-nego-u-boksu-audio\\\/\",\"name\":\"\u017deljko Vuk\u0161i\u0107: Vi\u0161e sam ozljeda imao u nogometu nego u boksu - audio - RADIO LJUBU\u0160KI\",\"isPartOf\":{\"@id\":\"https:\\\/\\\/radioljubuski.ba\\\/#website\"},\"primaryImageOfPage\":{\"@id\":\"https:\\\/\\\/radioljubuski.ba\\\/index.php\\\/2023\\\/03\\\/23\\\/zeljko-vuksic-vise-sam-ozljeda-imao-u-nogometu-nego-u-boksu-audio\\\/#primaryimage\"},\"image\":{\"@id\":\"https:\\\/\\\/radioljubuski.ba\\\/index.php\\\/2023\\\/03\\\/23\\\/zeljko-vuksic-vise-sam-ozljeda-imao-u-nogometu-nego-u-boksu-audio\\\/#primaryimage\"},\"thumbnailUrl\":\"https:\\\/\\\/radioljubuski.ba\\\/wp-content\\\/uploads\\\/2023\\\/03\\\/Dizajn-bez-naslova.jpg\",\"datePublished\":\"2023-03-23T11:30:00+00:00\",\"dateModified\":\"2025-08-07T10:46:15+00:00\",\"breadcrumb\":{\"@id\":\"https:\\\/\\\/radioljubuski.ba\\\/index.php\\\/2023\\\/03\\\/23\\\/zeljko-vuksic-vise-sam-ozljeda-imao-u-nogometu-nego-u-boksu-audio\\\/#breadcrumb\"},\"inLanguage\":\"hr\",\"potentialAction\":[{\"@type\":\"ReadAction\",\"target\":[\"https:\\\/\\\/radioljubuski.ba\\\/index.php\\\/2023\\\/03\\\/23\\\/zeljko-vuksic-vise-sam-ozljeda-imao-u-nogometu-nego-u-boksu-audio\\\/\"]}]},{\"@type\":\"ImageObject\",\"inLanguage\":\"hr\",\"@id\":\"https:\\\/\\\/radioljubuski.ba\\\/index.php\\\/2023\\\/03\\\/23\\\/zeljko-vuksic-vise-sam-ozljeda-imao-u-nogometu-nego-u-boksu-audio\\\/#primaryimage\",\"url\":\"https:\\\/\\\/radioljubuski.ba\\\/wp-content\\\/uploads\\\/2023\\\/03\\\/Dizajn-bez-naslova.jpg\",\"contentUrl\":\"https:\\\/\\\/radioljubuski.ba\\\/wp-content\\\/uploads\\\/2023\\\/03\\\/Dizajn-bez-naslova.jpg\",\"width\":1920,\"height\":1080},{\"@type\":\"BreadcrumbList\",\"@id\":\"https:\\\/\\\/radioljubuski.ba\\\/index.php\\\/2023\\\/03\\\/23\\\/zeljko-vuksic-vise-sam-ozljeda-imao-u-nogometu-nego-u-boksu-audio\\\/#breadcrumb\",\"itemListElement\":[{\"@type\":\"ListItem\",\"position\":1,\"name\":\"Po\u010detna stranica\",\"item\":\"https:\\\/\\\/radioljubuski.ba\\\/\"},{\"@type\":\"ListItem\",\"position\":2,\"name\":\"\u017deljko Vuk\u0161i\u0107: Vi\u0161e sam ozljeda imao u nogometu nego u boksu &#8211; audio\"}]},{\"@type\":\"WebSite\",\"@id\":\"https:\\\/\\\/radioljubuski.ba\\\/#website\",\"url\":\"https:\\\/\\\/radioljubuski.ba\\\/\",\"name\":\"Radio Ljubu\u0161ki\",\"description\":\"Sun\u010dana frekvencija Hercegovine\",\"publisher\":{\"@id\":\"https:\\\/\\\/radioljubuski.ba\\\/#organization\"},\"potentialAction\":[{\"@type\":\"SearchAction\",\"target\":{\"@type\":\"EntryPoint\",\"urlTemplate\":\"https:\\\/\\\/radioljubuski.ba\\\/?s={search_term_string}\"},\"query-input\":{\"@type\":\"PropertyValueSpecification\",\"valueRequired\":true,\"valueName\":\"search_term_string\"}}],\"inLanguage\":\"hr\"},{\"@type\":\"Organization\",\"@id\":\"https:\\\/\\\/radioljubuski.ba\\\/#organization\",\"name\":\"Radio Ljubu\u0161ki\",\"url\":\"https:\\\/\\\/radioljubuski.ba\\\/\",\"logo\":{\"@type\":\"ImageObject\",\"inLanguage\":\"hr\",\"@id\":\"https:\\\/\\\/radioljubuski.ba\\\/#\\\/schema\\\/logo\\\/image\\\/\",\"url\":\"https:\\\/\\\/radioljubuski.ba\\\/wp-content\\\/uploads\\\/2021\\\/02\\\/cropped-Radio_Ljubuski_logo1.jpg\",\"contentUrl\":\"https:\\\/\\\/radioljubuski.ba\\\/wp-content\\\/uploads\\\/2021\\\/02\\\/cropped-Radio_Ljubuski_logo1.jpg\",\"width\":512,\"height\":512,\"caption\":\"Radio Ljubu\u0161ki\"},\"image\":{\"@id\":\"https:\\\/\\\/radioljubuski.ba\\\/#\\\/schema\\\/logo\\\/image\\\/\"},\"sameAs\":[\"https:\\\/\\\/www.facebook.com\\\/Radiio-Ljubuski-1490835324566332\",\"https:\\\/\\\/x.com\\\/radioljubuski\",\"https:\\\/\\\/hr.linkedin.com\\\/company\\\/radio-ljubuski\",\"https:\\\/\\\/www.youtube.com\\\/channel\\\/UCHYaeO_n0Db3tjNGudGpXyw\"]},{\"@type\":\"Person\",\"@id\":\"https:\\\/\\\/radioljubuski.ba\\\/#\\\/schema\\\/person\\\/19fc700381a780f69665d7956c469e3b\",\"name\":\"Radio Ljubu\u0161ki\"}]}<\/script>\n<!-- \/ Yoast SEO plugin. -->","yoast_head_json":{"title":"\u017deljko Vuk\u0161i\u0107: Vi\u0161e sam ozljeda imao u nogometu nego u boksu - audio - RADIO LJUBU\u0160KI","robots":{"index":"index","follow":"follow","max-snippet":"max-snippet:-1","max-image-preview":"max-image-preview:large","max-video-preview":"max-video-preview:-1"},"canonical":"https:\/\/radioljubuski.ba\/index.php\/2023\/03\/23\/zeljko-vuksic-vise-sam-ozljeda-imao-u-nogometu-nego-u-boksu-audio\/","og_locale":"hr_HR","og_type":"article","og_title":"\u017deljko Vuk\u0161i\u0107: Vi\u0161e sam ozljeda imao u nogometu nego u boksu - audio - RADIO LJUBU\u0160KI","og_description":"U programu Radija Ljubu\u0161ki ugostili smo \u017deljka Vuk\u0161i\u0107a pomo\u0107nog trenera u Boksa\u010dkom klubu Ljubu\u0161ki. \u017deljko je jedna od najzanimljivijih i najdugovje\u010dnijih osoba u ljubu\u0161kom sportu, igrao je nogomet za NK Slogu i NK Ljubu\u0161ki, a po zavr\u0161etku nogometne karijere pre\u0161ao je u boksa\u010de. Jedan je od osniva\u010da Boksa\u010dkog kluba Ljubu\u0161ki, za koji je nastupao dugi [&hellip;]","og_url":"https:\/\/radioljubuski.ba\/index.php\/2023\/03\/23\/zeljko-vuksic-vise-sam-ozljeda-imao-u-nogometu-nego-u-boksu-audio\/","og_site_name":"RADIO LJUBU\u0160KI","article_publisher":"https:\/\/www.facebook.com\/Radiio-Ljubuski-1490835324566332","article_published_time":"2023-03-23T11:30:00+00:00","article_modified_time":"2025-08-07T10:46:15+00:00","og_image":[{"width":1920,"height":1080,"url":"https:\/\/radioljubuski.ba\/wp-content\/uploads\/2023\/03\/Dizajn-bez-naslova.jpg","type":"image\/jpeg"}],"author":"Radio Ljubu\u0161ki","twitter_card":"summary_large_image","twitter_creator":"@radioljubuski","twitter_site":"@radioljubuski","twitter_misc":{"Napisao\/la":"Radio Ljubu\u0161ki","Procijenjeno vrijeme \u010ditanja":"5 minuta"},"schema":{"@context":"https:\/\/schema.org","@graph":[{"@type":"Article","@id":"https:\/\/radioljubuski.ba\/index.php\/2023\/03\/23\/zeljko-vuksic-vise-sam-ozljeda-imao-u-nogometu-nego-u-boksu-audio\/#article","isPartOf":{"@id":"https:\/\/radioljubuski.ba\/index.php\/2023\/03\/23\/zeljko-vuksic-vise-sam-ozljeda-imao-u-nogometu-nego-u-boksu-audio\/"},"author":{"name":"Radio Ljubu\u0161ki","@id":"https:\/\/radioljubuski.ba\/#\/schema\/person\/19fc700381a780f69665d7956c469e3b"},"headline":"\u017deljko Vuk\u0161i\u0107: Vi\u0161e sam ozljeda imao u nogometu nego u boksu &#8211; audio","datePublished":"2023-03-23T11:30:00+00:00","dateModified":"2025-08-07T10:46:15+00:00","mainEntityOfPage":{"@id":"https:\/\/radioljubuski.ba\/index.php\/2023\/03\/23\/zeljko-vuksic-vise-sam-ozljeda-imao-u-nogometu-nego-u-boksu-audio\/"},"wordCount":812,"publisher":{"@id":"https:\/\/radioljubuski.ba\/#organization"},"image":{"@id":"https:\/\/radioljubuski.ba\/index.php\/2023\/03\/23\/zeljko-vuksic-vise-sam-ozljeda-imao-u-nogometu-nego-u-boksu-audio\/#primaryimage"},"thumbnailUrl":"https:\/\/radioljubuski.ba\/wp-content\/uploads\/2023\/03\/Dizajn-bez-naslova.jpg","articleSection":["Novosti"],"inLanguage":"hr"},{"@type":"WebPage","@id":"https:\/\/radioljubuski.ba\/index.php\/2023\/03\/23\/zeljko-vuksic-vise-sam-ozljeda-imao-u-nogometu-nego-u-boksu-audio\/","url":"https:\/\/radioljubuski.ba\/index.php\/2023\/03\/23\/zeljko-vuksic-vise-sam-ozljeda-imao-u-nogometu-nego-u-boksu-audio\/","name":"\u017deljko Vuk\u0161i\u0107: Vi\u0161e sam ozljeda imao u nogometu nego u boksu - audio - RADIO LJUBU\u0160KI","isPartOf":{"@id":"https:\/\/radioljubuski.ba\/#website"},"primaryImageOfPage":{"@id":"https:\/\/radioljubuski.ba\/index.php\/2023\/03\/23\/zeljko-vuksic-vise-sam-ozljeda-imao-u-nogometu-nego-u-boksu-audio\/#primaryimage"},"image":{"@id":"https:\/\/radioljubuski.ba\/index.php\/2023\/03\/23\/zeljko-vuksic-vise-sam-ozljeda-imao-u-nogometu-nego-u-boksu-audio\/#primaryimage"},"thumbnailUrl":"https:\/\/radioljubuski.ba\/wp-content\/uploads\/2023\/03\/Dizajn-bez-naslova.jpg","datePublished":"2023-03-23T11:30:00+00:00","dateModified":"2025-08-07T10:46:15+00:00","breadcrumb":{"@id":"https:\/\/radioljubuski.ba\/index.php\/2023\/03\/23\/zeljko-vuksic-vise-sam-ozljeda-imao-u-nogometu-nego-u-boksu-audio\/#breadcrumb"},"inLanguage":"hr","potentialAction":[{"@type":"ReadAction","target":["https:\/\/radioljubuski.ba\/index.php\/2023\/03\/23\/zeljko-vuksic-vise-sam-ozljeda-imao-u-nogometu-nego-u-boksu-audio\/"]}]},{"@type":"ImageObject","inLanguage":"hr","@id":"https:\/\/radioljubuski.ba\/index.php\/2023\/03\/23\/zeljko-vuksic-vise-sam-ozljeda-imao-u-nogometu-nego-u-boksu-audio\/#primaryimage","url":"https:\/\/radioljubuski.ba\/wp-content\/uploads\/2023\/03\/Dizajn-bez-naslova.jpg","contentUrl":"https:\/\/radioljubuski.ba\/wp-content\/uploads\/2023\/03\/Dizajn-bez-naslova.jpg","width":1920,"height":1080},{"@type":"BreadcrumbList","@id":"https:\/\/radioljubuski.ba\/index.php\/2023\/03\/23\/zeljko-vuksic-vise-sam-ozljeda-imao-u-nogometu-nego-u-boksu-audio\/#breadcrumb","itemListElement":[{"@type":"ListItem","position":1,"name":"Po\u010detna stranica","item":"https:\/\/radioljubuski.ba\/"},{"@type":"ListItem","position":2,"name":"\u017deljko Vuk\u0161i\u0107: Vi\u0161e sam ozljeda imao u nogometu nego u boksu &#8211; audio"}]},{"@type":"WebSite","@id":"https:\/\/radioljubuski.ba\/#website","url":"https:\/\/radioljubuski.ba\/","name":"Radio Ljubu\u0161ki","description":"Sun\u010dana frekvencija Hercegovine","publisher":{"@id":"https:\/\/radioljubuski.ba\/#organization"},"potentialAction":[{"@type":"SearchAction","target":{"@type":"EntryPoint","urlTemplate":"https:\/\/radioljubuski.ba\/?s={search_term_string}"},"query-input":{"@type":"PropertyValueSpecification","valueRequired":true,"valueName":"search_term_string"}}],"inLanguage":"hr"},{"@type":"Organization","@id":"https:\/\/radioljubuski.ba\/#organization","name":"Radio Ljubu\u0161ki","url":"https:\/\/radioljubuski.ba\/","logo":{"@type":"ImageObject","inLanguage":"hr","@id":"https:\/\/radioljubuski.ba\/#\/schema\/logo\/image\/","url":"https:\/\/radioljubuski.ba\/wp-content\/uploads\/2021\/02\/cropped-Radio_Ljubuski_logo1.jpg","contentUrl":"https:\/\/radioljubuski.ba\/wp-content\/uploads\/2021\/02\/cropped-Radio_Ljubuski_logo1.jpg","width":512,"height":512,"caption":"Radio Ljubu\u0161ki"},"image":{"@id":"https:\/\/radioljubuski.ba\/#\/schema\/logo\/image\/"},"sameAs":["https:\/\/www.facebook.com\/Radiio-Ljubuski-1490835324566332","https:\/\/x.com\/radioljubuski","https:\/\/hr.linkedin.com\/company\/radio-ljubuski","https:\/\/www.youtube.com\/channel\/UCHYaeO_n0Db3tjNGudGpXyw"]},{"@type":"Person","@id":"https:\/\/radioljubuski.ba\/#\/schema\/person\/19fc700381a780f69665d7956c469e3b","name":"Radio Ljubu\u0161ki"}]}},"_links":{"self":[{"href":"https:\/\/radioljubuski.ba\/index.php\/wp-json\/wp\/v2\/posts\/189200","targetHints":{"allow":["GET"]}}],"collection":[{"href":"https:\/\/radioljubuski.ba\/index.php\/wp-json\/wp\/v2\/posts"}],"about":[{"href":"https:\/\/radioljubuski.ba\/index.php\/wp-json\/wp\/v2\/types\/post"}],"author":[{"embeddable":true,"href":"https:\/\/radioljubuski.ba\/index.php\/wp-json\/wp\/v2\/users\/2"}],"replies":[{"embeddable":true,"href":"https:\/\/radioljubuski.ba\/index.php\/wp-json\/wp\/v2\/comments?post=189200"}],"version-history":[{"count":4,"href":"https:\/\/radioljubuski.ba\/index.php\/wp-json\/wp\/v2\/posts\/189200\/revisions"}],"predecessor-version":[{"id":219514,"href":"https:\/\/radioljubuski.ba\/index.php\/wp-json\/wp\/v2\/posts\/189200\/revisions\/219514"}],"wp:featuredmedia":[{"embeddable":true,"href":"https:\/\/radioljubuski.ba\/index.php\/wp-json\/wp\/v2\/media\/189207"}],"wp:attachment":[{"href":"https:\/\/radioljubuski.ba\/index.php\/wp-json\/wp\/v2\/media?parent=189200"}],"wp:term":[{"taxonomy":"category","embeddable":true,"href":"https:\/\/radioljubuski.ba\/index.php\/wp-json\/wp\/v2\/categories?post=189200"},{"taxonomy":"post_tag","embeddable":true,"href":"https:\/\/radioljubuski.ba\/index.php\/wp-json\/wp\/v2\/tags?post=189200"}],"curies":[{"name":"wp","href":"https:\/\/api.w.org\/{rel}","templated":true}]}}