{"id":189615,"date":"2023-04-07T09:47:19","date_gmt":"2023-04-07T08:47:19","guid":{"rendered":"https:\/\/radioljubuski.ba\/?p=189615"},"modified":"2023-04-07T10:24:23","modified_gmt":"2023-04-07T09:24:23","slug":"svete-mise-i-obredi-u-velikom-tjednu-u-ljubuskim-zupama","status":"publish","type":"post","link":"https:\/\/radioljubuski.ba\/index.php\/2023\/04\/07\/svete-mise-i-obredi-u-velikom-tjednu-u-ljubuskim-zupama\/","title":{"rendered":"Ljubu\u0161ke \u017eupe: Veliki tjedan i Uskrs"},"content":{"rendered":"\n<p><strong>Humac, \u017eupa sv.Ante:<\/strong><\/p>\n\n\n\n<p>Veliki \u010detvrtak, 6. travnja u 18 sati \u2013 Misa ve\u010dere Gospodnje (Du\u017eni su sudjelovati svi prvopri\u010desnici s roditeljima). Nakon sv. mise klanjanje do pono\u0107i u staroj crkvi.<\/p>\n\n\n\n<p>Raspored za klanjanje po mjestima: 19-20 sati &#8211; Prolog, Crveni Grm, Ljubu\u0161ki i ministranti 20-21 sat &#8211; Pregra\u0111e, Humac i Teskera, prvopri\u010desnici, krizmanici 21-22 sata &#8211; Cerno, Crnopod, Gornji i Donji Radi\u0161i\u0107i 22-23 sata &#8211; Mostarska Vrata, Lisice, Va\u0161arovi\u0107i i Hardomilje 23-24 sata &#8211; Hra\u0161ljani, Bija\u010da, Zviri\u0107i.<\/p>\n\n\n\n<p>Veliki petak, 7. travnja (post i nemrs): Put kri\u017ea od crkve sv. Kate u Ljubu\u0161kom do sv. Ante na Humcu 16 sati Obredi muke Gospodnjena Humcu 18 sati (milostinja ide za uzdr\u017eavanje Svetoga Groba Isusova).<\/p>\n\n\n\n<p>Velika subota, 8. travnja u 20 sati \u2013 Vazmeno bdijenje (Du\u017eni su sudjelovati svi krizmanici s roditeljima) &#8211; Ponijeti sa sobom svije\u0107u &#8211; Nakon sv. mise bit \u0107e blagoslov jela.<\/p>\n\n\n\n<p>Raspored slavlja svetih Misa: Nedjelja, 9. travnja 2023. \u2013 USKRS Humac: 7, 9, 11 i 18; Ljubu\u0161ki 8,30 i 10; Mostarska Vrata 9,30; Cerno-Crnopod 9,30; Radi\u0161i\u0107i (Krvnica) 11; Bija\u010da 9,30; Zviri\u0107i 11; Hardomilje 9,30; Lisice 11; Prolog 9,30 i Crveni Grm u 11 sati. (Milostinja ide za uzdr\u017eavanje sve\u0107eni\u010dkoga i redovni\u010dkoga podmlatka).<\/p>\n\n\n\n<p><strong>Studenci, \u017eupa Presvetog Srca Isusova:<\/strong><\/p>\n\n\n\n<p>Veliki \u010detvrtak, 06.04., u 18,00 sati, Misa ve\u010dere gospodnje<\/p>\n\n\n\n<p>Obredi Velikoga petka, 07.04., u 19,00 sati<\/p>\n\n\n\n<p>Vazmeno bdijenje, subota, 08.04., sveta Misa u 23,00 sata.<\/p>\n\n\n\n<p>USKRS:<\/p>\n\n\n\n<p>9 &#8211; Sveta Misa za narod u \u017eupnoj crkvi<\/p>\n\n\n\n<p>11 &#8211; Sveta Misa za narod u \u017eupnoj crkvi<\/p>\n\n\n\n<p><strong>&nbsp;\u017dupa sv. Ilije, Veljaci<\/strong><\/p>\n\n\n\n<figure class=\"wp-block-table\"><table><tbody><tr><td>VELIKI \u010cETVRTAK 6.4.2023.<\/td><td>Spomen na posljednju Isusovu ve\u010deru! Va\u0161arovi\u0107i; Sv. Misa u 17,00 Veljaci u 18,00<\/td><\/tr><tr><td>VELIKI PETAK, 7.4. 2023.<\/td><td>Grab; Obredi \u2013 \u010ditanje Muke i klanjanje kri\u017eu u 17,00 Veljaci; Obredi \u2013 \u010ditanje Muke i klanjanje kri\u017eu u 18,00 &nbsp;<\/td><\/tr><tr><td>VELIKA SUBOTA, 8.4. 2023.<\/td><td>Veljaci; Obredi u 19,00. Slu\u017eba svijetla, slu\u017eba rije\u010di i sv Misa Blagoslov jela iza Mise!<\/td><\/tr><\/tbody><\/table><\/figure>\n\n\n\n<figure class=\"wp-block-table\"><table><tbody><tr><td><strong><em>&nbsp;<\/em><\/strong> <strong><em>U S K R S<\/em><\/strong> <strong><em>9.4.2023.<\/em><\/strong> <strong><em>&nbsp;<\/em><\/strong><\/td><td><strong>Sv. Mise; Va\u0161arovi\u0107i u 9,00<\/strong> <strong>&nbsp;&nbsp;&nbsp; &nbsp;&nbsp;&nbsp;&nbsp;&nbsp;&nbsp;&nbsp;&nbsp;&nbsp;&nbsp;&nbsp;&nbsp;&nbsp;Grab u 10,00<\/strong> <strong>&nbsp;&nbsp;&nbsp;&nbsp;&nbsp;&nbsp;&nbsp;&nbsp;&nbsp;&nbsp;&nbsp;&nbsp;&nbsp;&nbsp;&nbsp;&nbsp; Veljaci u 11,00<\/strong> <strong><em>&nbsp;<\/em><\/strong><\/td><\/tr><\/tbody><\/table><\/figure>\n\n\n\n<p><strong>\u0160ipova\u010da \u2013 Vojni\u0107i, \u017eupa Presvetog Srca Isusova<\/strong><\/p>\n\n\n\n<p>Veliki \u010detvrtak, 06.04., u 18,00 sati, Misa ve\u010dere gospodnje \u2013 \u017eupna crkva<\/p>\n\n\n\n<p>Obredi Velikoga petka, 07.04., u 18,00 sati \u2013 \u017eupna crkva<\/p>\n\n\n\n<p>Vazmeno bdijenje, subota, 08.04., u 18,00 sati \u2013 \u017eupna crkva<\/p>\n\n\n\n<p>USKRS:<\/p>\n\n\n\n<p>9,30 &nbsp;&#8211; Sveta Misa Dole<\/p>\n\n\n\n<p>11 &#8211; Sveta Misa u \u017eupnoj crkvi<\/p>\n\n\n\n<p>17 \u2013 Sveta Misa Ka\u0161\u010de<\/p>\n\n\n\n<p><strong>Klobuk, \u017eupa sv. Marka:<\/strong><\/p>\n\n\n\n<p>Veliki petak, Put kri\u017ea na Markovi\u0161te zapo\u010dinje u 14.00 sati.<\/p>\n\n\n\n<p>Obredi Velikog petka s ljubljenjem kri\u017ea Kristova zapo\u010dinju u 18 sati.<\/p>\n\n\n\n<p>Velika subota. Obredi Kristova uskrsnu\u0107a, ujedno najljep\u0161i obredi u \u010ditavoj crkvenoj godini, s pjevanjem hvalospjeva Uskrsnoj svije\u0107i, zapo\u010dinju u 19 sati.<\/p>\n\n\n\n<p>Uskrs. Svete mise u 9 i 11 sati.<\/p>\n\n\n\n<p><strong>Vitina, \u017eupa sv. Pa\u0161kala:<\/strong><\/p>\n\n\n\n<p>Veliki \u010detvrtak, 6. 4. 2023., sveta Misa u 18 sati. Zajedni\u010dko Klanjanje Presvetom sakramentu bit \u0107e odmah nakon procesije i postavljanja Presvetoga u sporednu la\u0111u crkve. Poslije toga nastavljamo klanjanje u ti\u0161ini. Od 22.00 sata pa do 23.00 sata bit \u0107e klanjanje za mlade i one koji se osje\u0107aju mladima.<\/p>\n\n\n\n<p>Veliki petak, 7. 4. 2023. Kri\u017eni put i obredi u crkvi. Kri\u017eni put po\u010dinje u Grabovniku i Uljevini u 16 sati, u Gornjem Proboju kod groblja u 15.45 sati te u Cvrki\u0107a strani u 16.45 sati. Uz pobo\u017enost Kri\u017enoga puta, koji se moli od postaje do postaje, pjevat \u0107e se i Gospin pla\u010d, stoga ponesite molitvenik fra An\u0111ela Nui\u0107a kako biste mogli sudjelovati u molitvi i pjevanju. Kri\u017eono\u0161e i predmolitelji&nbsp; neka u petak do\u0111u 15 minuta ranije na odre\u0111eno mjesto a u \u010detvrtak nave\u010der, poslije svete mise, neka do\u0111u uzeti kri\u017e iz \u017eupnih prostorija.&nbsp; Obredi u crkvi (pjevanje Muke Gospodnje, ljubljenje kri\u017ea i sv. pri\u010dest) po\u010dinju u 18.00 sati. Isusov grob&nbsp; u crkvi bit \u0107e otvoren u 12 sati. Tada imate posebnu prilika za molitvu pred otvorenim grobom.&nbsp;&nbsp;<\/p>\n\n\n\n<p>Velika subota, 8. 4. 2023., obredi po\u010dinju u 20 sati. Nakon obreda i svete mise bit \u0107e blagoslov jela.<\/p>\n\n\n\n<p>Uskrs, 9. 4. 2023., sv.Mise \u0107e biti kao i svake nedjelje. U \u017eupnoj crkvi u 9.00 i 11.00, u Brljici u 8.30 i u Grabovniku u 10.00 sati.<\/p>\n\n\n\n<p><strong>Grljevi\u0107i, \u017eupa sv. Josipa Radnika:<\/strong><\/p>\n\n\n\n<p>Veliki petak 7.04.2023. 18 sati \u017dupna crkva Grljevi\u0107i &#8211; Obredi Velikog petka<\/p>\n\n\n\n<p>Velika subota 8.04.2023. 20 sati \u017dupna crkva Grljevi\u0107i \u2013 Obredi Velike subote<\/p>\n\n\n\n<p>Uskrs 9.04.2023:Misna slavlja :<\/p>\n\n\n\n<p>9 sati&nbsp; Borajna<\/p>\n\n\n\n<p>10 sati Lipno<\/p>\n\n\n\n<p>11 sati&nbsp; Grljevi\u0107i<\/p>\n\n\n\n<p>radio ljubu\u0161ki<\/p>\n","protected":false},"excerpt":{"rendered":"<p>Humac, \u017eupa sv.Ante: Veliki \u010detvrtak, 6. travnja u 18 sati \u2013 Misa ve\u010dere Gospodnje (Du\u017eni su sudjelovati svi prvopri\u010desnici s roditeljima). Nakon sv. mise klanjanje do pono\u0107i u staroj crkvi. Raspored za klanjanje po mjestima: 19-20 sati &#8211; Prolog, Crveni Grm, Ljubu\u0161ki i ministranti 20-21 sat &#8211; Pregra\u0111e, Humac i Teskera, prvopri\u010desnici, krizmanici 21-22 sata [&hellip;]<\/p>\n","protected":false},"author":2,"featured_media":189616,"comment_status":"closed","ping_status":"closed","sticky":false,"template":"","format":"standard","meta":{"h5ap_radio_sources":[],"footnotes":""},"categories":[28],"tags":[],"class_list":["post-189615","post","type-post","status-publish","format-standard","has-post-thumbnail","hentry","category-novosti"],"yoast_head":"<!-- This site is optimized with the Yoast SEO plugin v27.5 - https:\/\/yoast.com\/product\/yoast-seo-wordpress\/ -->\n<title>Ljubu\u0161ke \u017eupe: Veliki tjedan i Uskrs - RADIO LJUBU\u0160KI<\/title>\n<meta name=\"robots\" content=\"index, follow, max-snippet:-1, max-image-preview:large, max-video-preview:-1\" \/>\n<link rel=\"canonical\" href=\"https:\/\/radioljubuski.ba\/index.php\/2023\/04\/07\/svete-mise-i-obredi-u-velikom-tjednu-u-ljubuskim-zupama\/\" \/>\n<meta property=\"og:locale\" content=\"hr_HR\" \/>\n<meta property=\"og:type\" content=\"article\" \/>\n<meta property=\"og:title\" content=\"Ljubu\u0161ke \u017eupe: Veliki tjedan i Uskrs - RADIO LJUBU\u0160KI\" \/>\n<meta property=\"og:description\" content=\"Humac, \u017eupa sv.Ante: Veliki \u010detvrtak, 6. travnja u 18 sati \u2013 Misa ve\u010dere Gospodnje (Du\u017eni su sudjelovati svi prvopri\u010desnici s roditeljima). Nakon sv. mise klanjanje do pono\u0107i u staroj crkvi. Raspored za klanjanje po mjestima: 19-20 sati &#8211; Prolog, Crveni Grm, Ljubu\u0161ki i ministranti 20-21 sat &#8211; Pregra\u0111e, Humac i Teskera, prvopri\u010desnici, krizmanici 21-22 sata [&hellip;]\" \/>\n<meta property=\"og:url\" content=\"https:\/\/radioljubuski.ba\/index.php\/2023\/04\/07\/svete-mise-i-obredi-u-velikom-tjednu-u-ljubuskim-zupama\/\" \/>\n<meta property=\"og:site_name\" content=\"RADIO LJUBU\u0160KI\" \/>\n<meta property=\"article:publisher\" content=\"https:\/\/www.facebook.com\/Radiio-Ljubuski-1490835324566332\" \/>\n<meta property=\"article:published_time\" content=\"2023-04-07T08:47:19+00:00\" \/>\n<meta property=\"article:modified_time\" content=\"2023-04-07T09:24:23+00:00\" \/>\n<meta property=\"og:image\" content=\"https:\/\/radioljubuski.ba\/wp-content\/uploads\/2023\/04\/naslovna.png\" \/>\n\t<meta property=\"og:image:width\" content=\"916\" \/>\n\t<meta property=\"og:image:height\" content=\"768\" \/>\n\t<meta property=\"og:image:type\" content=\"image\/png\" \/>\n<meta name=\"author\" content=\"Radio Ljubu\u0161ki\" \/>\n<meta name=\"twitter:card\" content=\"summary_large_image\" \/>\n<meta name=\"twitter:creator\" content=\"@radioljubuski\" \/>\n<meta name=\"twitter:site\" content=\"@radioljubuski\" \/>\n<meta name=\"twitter:label1\" content=\"Napisao\/la\" \/>\n\t<meta name=\"twitter:data1\" content=\"Radio Ljubu\u0161ki\" \/>\n\t<meta name=\"twitter:label2\" content=\"Procijenjeno vrijeme \u010ditanja\" \/>\n\t<meta name=\"twitter:data2\" content=\"4 minute\" \/>\n<script type=\"application\/ld+json\" class=\"yoast-schema-graph\">{\"@context\":\"https:\\\/\\\/schema.org\",\"@graph\":[{\"@type\":\"Article\",\"@id\":\"https:\\\/\\\/radioljubuski.ba\\\/index.php\\\/2023\\\/04\\\/07\\\/svete-mise-i-obredi-u-velikom-tjednu-u-ljubuskim-zupama\\\/#article\",\"isPartOf\":{\"@id\":\"https:\\\/\\\/radioljubuski.ba\\\/index.php\\\/2023\\\/04\\\/07\\\/svete-mise-i-obredi-u-velikom-tjednu-u-ljubuskim-zupama\\\/\"},\"author\":{\"name\":\"Radio Ljubu\u0161ki\",\"@id\":\"https:\\\/\\\/radioljubuski.ba\\\/#\\\/schema\\\/person\\\/19fc700381a780f69665d7956c469e3b\"},\"headline\":\"Ljubu\u0161ke \u017eupe: Veliki tjedan i Uskrs\",\"datePublished\":\"2023-04-07T08:47:19+00:00\",\"dateModified\":\"2023-04-07T09:24:23+00:00\",\"mainEntityOfPage\":{\"@id\":\"https:\\\/\\\/radioljubuski.ba\\\/index.php\\\/2023\\\/04\\\/07\\\/svete-mise-i-obredi-u-velikom-tjednu-u-ljubuskim-zupama\\\/\"},\"wordCount\":736,\"publisher\":{\"@id\":\"https:\\\/\\\/radioljubuski.ba\\\/#organization\"},\"image\":{\"@id\":\"https:\\\/\\\/radioljubuski.ba\\\/index.php\\\/2023\\\/04\\\/07\\\/svete-mise-i-obredi-u-velikom-tjednu-u-ljubuskim-zupama\\\/#primaryimage\"},\"thumbnailUrl\":\"https:\\\/\\\/radioljubuski.ba\\\/wp-content\\\/uploads\\\/2023\\\/04\\\/naslovna.png\",\"articleSection\":[\"Novosti\"],\"inLanguage\":\"hr\"},{\"@type\":\"WebPage\",\"@id\":\"https:\\\/\\\/radioljubuski.ba\\\/index.php\\\/2023\\\/04\\\/07\\\/svete-mise-i-obredi-u-velikom-tjednu-u-ljubuskim-zupama\\\/\",\"url\":\"https:\\\/\\\/radioljubuski.ba\\\/index.php\\\/2023\\\/04\\\/07\\\/svete-mise-i-obredi-u-velikom-tjednu-u-ljubuskim-zupama\\\/\",\"name\":\"Ljubu\u0161ke \u017eupe: Veliki tjedan i Uskrs - RADIO LJUBU\u0160KI\",\"isPartOf\":{\"@id\":\"https:\\\/\\\/radioljubuski.ba\\\/#website\"},\"primaryImageOfPage\":{\"@id\":\"https:\\\/\\\/radioljubuski.ba\\\/index.php\\\/2023\\\/04\\\/07\\\/svete-mise-i-obredi-u-velikom-tjednu-u-ljubuskim-zupama\\\/#primaryimage\"},\"image\":{\"@id\":\"https:\\\/\\\/radioljubuski.ba\\\/index.php\\\/2023\\\/04\\\/07\\\/svete-mise-i-obredi-u-velikom-tjednu-u-ljubuskim-zupama\\\/#primaryimage\"},\"thumbnailUrl\":\"https:\\\/\\\/radioljubuski.ba\\\/wp-content\\\/uploads\\\/2023\\\/04\\\/naslovna.png\",\"datePublished\":\"2023-04-07T08:47:19+00:00\",\"dateModified\":\"2023-04-07T09:24:23+00:00\",\"breadcrumb\":{\"@id\":\"https:\\\/\\\/radioljubuski.ba\\\/index.php\\\/2023\\\/04\\\/07\\\/svete-mise-i-obredi-u-velikom-tjednu-u-ljubuskim-zupama\\\/#breadcrumb\"},\"inLanguage\":\"hr\",\"potentialAction\":[{\"@type\":\"ReadAction\",\"target\":[\"https:\\\/\\\/radioljubuski.ba\\\/index.php\\\/2023\\\/04\\\/07\\\/svete-mise-i-obredi-u-velikom-tjednu-u-ljubuskim-zupama\\\/\"]}]},{\"@type\":\"ImageObject\",\"inLanguage\":\"hr\",\"@id\":\"https:\\\/\\\/radioljubuski.ba\\\/index.php\\\/2023\\\/04\\\/07\\\/svete-mise-i-obredi-u-velikom-tjednu-u-ljubuskim-zupama\\\/#primaryimage\",\"url\":\"https:\\\/\\\/radioljubuski.ba\\\/wp-content\\\/uploads\\\/2023\\\/04\\\/naslovna.png\",\"contentUrl\":\"https:\\\/\\\/radioljubuski.ba\\\/wp-content\\\/uploads\\\/2023\\\/04\\\/naslovna.png\",\"width\":916,\"height\":768},{\"@type\":\"BreadcrumbList\",\"@id\":\"https:\\\/\\\/radioljubuski.ba\\\/index.php\\\/2023\\\/04\\\/07\\\/svete-mise-i-obredi-u-velikom-tjednu-u-ljubuskim-zupama\\\/#breadcrumb\",\"itemListElement\":[{\"@type\":\"ListItem\",\"position\":1,\"name\":\"Po\u010detna stranica\",\"item\":\"https:\\\/\\\/radioljubuski.ba\\\/\"},{\"@type\":\"ListItem\",\"position\":2,\"name\":\"Ljubu\u0161ke \u017eupe: Veliki tjedan i Uskrs\"}]},{\"@type\":\"WebSite\",\"@id\":\"https:\\\/\\\/radioljubuski.ba\\\/#website\",\"url\":\"https:\\\/\\\/radioljubuski.ba\\\/\",\"name\":\"Radio Ljubu\u0161ki\",\"description\":\"Sun\u010dana frekvencija Hercegovine\",\"publisher\":{\"@id\":\"https:\\\/\\\/radioljubuski.ba\\\/#organization\"},\"potentialAction\":[{\"@type\":\"SearchAction\",\"target\":{\"@type\":\"EntryPoint\",\"urlTemplate\":\"https:\\\/\\\/radioljubuski.ba\\\/?s={search_term_string}\"},\"query-input\":{\"@type\":\"PropertyValueSpecification\",\"valueRequired\":true,\"valueName\":\"search_term_string\"}}],\"inLanguage\":\"hr\"},{\"@type\":\"Organization\",\"@id\":\"https:\\\/\\\/radioljubuski.ba\\\/#organization\",\"name\":\"Radio Ljubu\u0161ki\",\"url\":\"https:\\\/\\\/radioljubuski.ba\\\/\",\"logo\":{\"@type\":\"ImageObject\",\"inLanguage\":\"hr\",\"@id\":\"https:\\\/\\\/radioljubuski.ba\\\/#\\\/schema\\\/logo\\\/image\\\/\",\"url\":\"https:\\\/\\\/radioljubuski.ba\\\/wp-content\\\/uploads\\\/2021\\\/02\\\/cropped-Radio_Ljubuski_logo1.jpg\",\"contentUrl\":\"https:\\\/\\\/radioljubuski.ba\\\/wp-content\\\/uploads\\\/2021\\\/02\\\/cropped-Radio_Ljubuski_logo1.jpg\",\"width\":512,\"height\":512,\"caption\":\"Radio Ljubu\u0161ki\"},\"image\":{\"@id\":\"https:\\\/\\\/radioljubuski.ba\\\/#\\\/schema\\\/logo\\\/image\\\/\"},\"sameAs\":[\"https:\\\/\\\/www.facebook.com\\\/Radiio-Ljubuski-1490835324566332\",\"https:\\\/\\\/x.com\\\/radioljubuski\",\"https:\\\/\\\/hr.linkedin.com\\\/company\\\/radio-ljubuski\",\"https:\\\/\\\/www.youtube.com\\\/channel\\\/UCHYaeO_n0Db3tjNGudGpXyw\"]},{\"@type\":\"Person\",\"@id\":\"https:\\\/\\\/radioljubuski.ba\\\/#\\\/schema\\\/person\\\/19fc700381a780f69665d7956c469e3b\",\"name\":\"Radio Ljubu\u0161ki\"}]}<\/script>\n<!-- \/ Yoast SEO plugin. -->","yoast_head_json":{"title":"Ljubu\u0161ke \u017eupe: Veliki tjedan i Uskrs - RADIO LJUBU\u0160KI","robots":{"index":"index","follow":"follow","max-snippet":"max-snippet:-1","max-image-preview":"max-image-preview:large","max-video-preview":"max-video-preview:-1"},"canonical":"https:\/\/radioljubuski.ba\/index.php\/2023\/04\/07\/svete-mise-i-obredi-u-velikom-tjednu-u-ljubuskim-zupama\/","og_locale":"hr_HR","og_type":"article","og_title":"Ljubu\u0161ke \u017eupe: Veliki tjedan i Uskrs - RADIO LJUBU\u0160KI","og_description":"Humac, \u017eupa sv.Ante: Veliki \u010detvrtak, 6. travnja u 18 sati \u2013 Misa ve\u010dere Gospodnje (Du\u017eni su sudjelovati svi prvopri\u010desnici s roditeljima). Nakon sv. mise klanjanje do pono\u0107i u staroj crkvi. Raspored za klanjanje po mjestima: 19-20 sati &#8211; Prolog, Crveni Grm, Ljubu\u0161ki i ministranti 20-21 sat &#8211; Pregra\u0111e, Humac i Teskera, prvopri\u010desnici, krizmanici 21-22 sata [&hellip;]","og_url":"https:\/\/radioljubuski.ba\/index.php\/2023\/04\/07\/svete-mise-i-obredi-u-velikom-tjednu-u-ljubuskim-zupama\/","og_site_name":"RADIO LJUBU\u0160KI","article_publisher":"https:\/\/www.facebook.com\/Radiio-Ljubuski-1490835324566332","article_published_time":"2023-04-07T08:47:19+00:00","article_modified_time":"2023-04-07T09:24:23+00:00","og_image":[{"width":916,"height":768,"url":"https:\/\/radioljubuski.ba\/wp-content\/uploads\/2023\/04\/naslovna.png","type":"image\/png"}],"author":"Radio Ljubu\u0161ki","twitter_card":"summary_large_image","twitter_creator":"@radioljubuski","twitter_site":"@radioljubuski","twitter_misc":{"Napisao\/la":"Radio Ljubu\u0161ki","Procijenjeno vrijeme \u010ditanja":"4 minute"},"schema":{"@context":"https:\/\/schema.org","@graph":[{"@type":"Article","@id":"https:\/\/radioljubuski.ba\/index.php\/2023\/04\/07\/svete-mise-i-obredi-u-velikom-tjednu-u-ljubuskim-zupama\/#article","isPartOf":{"@id":"https:\/\/radioljubuski.ba\/index.php\/2023\/04\/07\/svete-mise-i-obredi-u-velikom-tjednu-u-ljubuskim-zupama\/"},"author":{"name":"Radio Ljubu\u0161ki","@id":"https:\/\/radioljubuski.ba\/#\/schema\/person\/19fc700381a780f69665d7956c469e3b"},"headline":"Ljubu\u0161ke \u017eupe: Veliki tjedan i Uskrs","datePublished":"2023-04-07T08:47:19+00:00","dateModified":"2023-04-07T09:24:23+00:00","mainEntityOfPage":{"@id":"https:\/\/radioljubuski.ba\/index.php\/2023\/04\/07\/svete-mise-i-obredi-u-velikom-tjednu-u-ljubuskim-zupama\/"},"wordCount":736,"publisher":{"@id":"https:\/\/radioljubuski.ba\/#organization"},"image":{"@id":"https:\/\/radioljubuski.ba\/index.php\/2023\/04\/07\/svete-mise-i-obredi-u-velikom-tjednu-u-ljubuskim-zupama\/#primaryimage"},"thumbnailUrl":"https:\/\/radioljubuski.ba\/wp-content\/uploads\/2023\/04\/naslovna.png","articleSection":["Novosti"],"inLanguage":"hr"},{"@type":"WebPage","@id":"https:\/\/radioljubuski.ba\/index.php\/2023\/04\/07\/svete-mise-i-obredi-u-velikom-tjednu-u-ljubuskim-zupama\/","url":"https:\/\/radioljubuski.ba\/index.php\/2023\/04\/07\/svete-mise-i-obredi-u-velikom-tjednu-u-ljubuskim-zupama\/","name":"Ljubu\u0161ke \u017eupe: Veliki tjedan i Uskrs - RADIO LJUBU\u0160KI","isPartOf":{"@id":"https:\/\/radioljubuski.ba\/#website"},"primaryImageOfPage":{"@id":"https:\/\/radioljubuski.ba\/index.php\/2023\/04\/07\/svete-mise-i-obredi-u-velikom-tjednu-u-ljubuskim-zupama\/#primaryimage"},"image":{"@id":"https:\/\/radioljubuski.ba\/index.php\/2023\/04\/07\/svete-mise-i-obredi-u-velikom-tjednu-u-ljubuskim-zupama\/#primaryimage"},"thumbnailUrl":"https:\/\/radioljubuski.ba\/wp-content\/uploads\/2023\/04\/naslovna.png","datePublished":"2023-04-07T08:47:19+00:00","dateModified":"2023-04-07T09:24:23+00:00","breadcrumb":{"@id":"https:\/\/radioljubuski.ba\/index.php\/2023\/04\/07\/svete-mise-i-obredi-u-velikom-tjednu-u-ljubuskim-zupama\/#breadcrumb"},"inLanguage":"hr","potentialAction":[{"@type":"ReadAction","target":["https:\/\/radioljubuski.ba\/index.php\/2023\/04\/07\/svete-mise-i-obredi-u-velikom-tjednu-u-ljubuskim-zupama\/"]}]},{"@type":"ImageObject","inLanguage":"hr","@id":"https:\/\/radioljubuski.ba\/index.php\/2023\/04\/07\/svete-mise-i-obredi-u-velikom-tjednu-u-ljubuskim-zupama\/#primaryimage","url":"https:\/\/radioljubuski.ba\/wp-content\/uploads\/2023\/04\/naslovna.png","contentUrl":"https:\/\/radioljubuski.ba\/wp-content\/uploads\/2023\/04\/naslovna.png","width":916,"height":768},{"@type":"BreadcrumbList","@id":"https:\/\/radioljubuski.ba\/index.php\/2023\/04\/07\/svete-mise-i-obredi-u-velikom-tjednu-u-ljubuskim-zupama\/#breadcrumb","itemListElement":[{"@type":"ListItem","position":1,"name":"Po\u010detna stranica","item":"https:\/\/radioljubuski.ba\/"},{"@type":"ListItem","position":2,"name":"Ljubu\u0161ke \u017eupe: Veliki tjedan i Uskrs"}]},{"@type":"WebSite","@id":"https:\/\/radioljubuski.ba\/#website","url":"https:\/\/radioljubuski.ba\/","name":"Radio Ljubu\u0161ki","description":"Sun\u010dana frekvencija Hercegovine","publisher":{"@id":"https:\/\/radioljubuski.ba\/#organization"},"potentialAction":[{"@type":"SearchAction","target":{"@type":"EntryPoint","urlTemplate":"https:\/\/radioljubuski.ba\/?s={search_term_string}"},"query-input":{"@type":"PropertyValueSpecification","valueRequired":true,"valueName":"search_term_string"}}],"inLanguage":"hr"},{"@type":"Organization","@id":"https:\/\/radioljubuski.ba\/#organization","name":"Radio Ljubu\u0161ki","url":"https:\/\/radioljubuski.ba\/","logo":{"@type":"ImageObject","inLanguage":"hr","@id":"https:\/\/radioljubuski.ba\/#\/schema\/logo\/image\/","url":"https:\/\/radioljubuski.ba\/wp-content\/uploads\/2021\/02\/cropped-Radio_Ljubuski_logo1.jpg","contentUrl":"https:\/\/radioljubuski.ba\/wp-content\/uploads\/2021\/02\/cropped-Radio_Ljubuski_logo1.jpg","width":512,"height":512,"caption":"Radio Ljubu\u0161ki"},"image":{"@id":"https:\/\/radioljubuski.ba\/#\/schema\/logo\/image\/"},"sameAs":["https:\/\/www.facebook.com\/Radiio-Ljubuski-1490835324566332","https:\/\/x.com\/radioljubuski","https:\/\/hr.linkedin.com\/company\/radio-ljubuski","https:\/\/www.youtube.com\/channel\/UCHYaeO_n0Db3tjNGudGpXyw"]},{"@type":"Person","@id":"https:\/\/radioljubuski.ba\/#\/schema\/person\/19fc700381a780f69665d7956c469e3b","name":"Radio Ljubu\u0161ki"}]}},"_links":{"self":[{"href":"https:\/\/radioljubuski.ba\/index.php\/wp-json\/wp\/v2\/posts\/189615","targetHints":{"allow":["GET"]}}],"collection":[{"href":"https:\/\/radioljubuski.ba\/index.php\/wp-json\/wp\/v2\/posts"}],"about":[{"href":"https:\/\/radioljubuski.ba\/index.php\/wp-json\/wp\/v2\/types\/post"}],"author":[{"embeddable":true,"href":"https:\/\/radioljubuski.ba\/index.php\/wp-json\/wp\/v2\/users\/2"}],"replies":[{"embeddable":true,"href":"https:\/\/radioljubuski.ba\/index.php\/wp-json\/wp\/v2\/comments?post=189615"}],"version-history":[{"count":3,"href":"https:\/\/radioljubuski.ba\/index.php\/wp-json\/wp\/v2\/posts\/189615\/revisions"}],"predecessor-version":[{"id":189622,"href":"https:\/\/radioljubuski.ba\/index.php\/wp-json\/wp\/v2\/posts\/189615\/revisions\/189622"}],"wp:featuredmedia":[{"embeddable":true,"href":"https:\/\/radioljubuski.ba\/index.php\/wp-json\/wp\/v2\/media\/189616"}],"wp:attachment":[{"href":"https:\/\/radioljubuski.ba\/index.php\/wp-json\/wp\/v2\/media?parent=189615"}],"wp:term":[{"taxonomy":"category","embeddable":true,"href":"https:\/\/radioljubuski.ba\/index.php\/wp-json\/wp\/v2\/categories?post=189615"},{"taxonomy":"post_tag","embeddable":true,"href":"https:\/\/radioljubuski.ba\/index.php\/wp-json\/wp\/v2\/tags?post=189615"}],"curies":[{"name":"wp","href":"https:\/\/api.w.org\/{rel}","templated":true}]}}