{"id":189833,"date":"2023-04-13T10:19:32","date_gmt":"2023-04-13T09:19:32","guid":{"rendered":"https:\/\/radioljubuski.ba\/?p=189833"},"modified":"2023-04-13T13:55:06","modified_gmt":"2023-04-13T12:55:06","slug":"haris-suljevic-i-marijan-saravanja-produzili-suradnju-s-izvidacem-co-do-2025-godine","status":"publish","type":"post","link":"https:\/\/radioljubuski.ba\/index.php\/2023\/04\/13\/haris-suljevic-i-marijan-saravanja-produzili-suradnju-s-izvidacem-co-do-2025-godine\/","title":{"rendered":"Haris Suljevi\u0107 i Marijan \u0160aravanja produ\u017eili suradnju s Izvi\u0111a\u010dem CO do 2025. godine"},"content":{"rendered":"\n<p>Dvojica vrhunskih rukometa\u0161a Izvi\u0111a\u010da Haris Suljevi\u0107 i Marijan \u0160aravanja danas su produ\u017eili ugovore s Izvi\u0111a\u010dem CO na dvije godine. Svoje potpise na novi ugovor s Izvi\u0111a\u010dem, do 2025.godine, stavili su u prostorijama kluba u nazo\u010dnosti slu\u017ebenih predstavnika kluba, Nedana Zovka i Branka Vukojevi\u0107a.<\/p>\n\n\n\n<p>Prilikom potpisivanja ugovora novinarima se prvi obratio voditelj mu\u0161ke mom\u010dadi Izvi\u0111a\u010da CO Nedan Zovak.<\/p>\n\n\n\n<figure class=\"wp-block-image size-full\"><img loading=\"lazy\" decoding=\"async\" width=\"700\" height=\"467\" src=\"https:\/\/radioljubuski.ba\/wp-content\/uploads\/2023\/04\/DSC0012-4.jpg\" alt=\"\" class=\"wp-image-189836\" srcset=\"https:\/\/radioljubuski.ba\/wp-content\/uploads\/2023\/04\/DSC0012-4.jpg 700w, https:\/\/radioljubuski.ba\/wp-content\/uploads\/2023\/04\/DSC0012-4-300x200.jpg 300w, https:\/\/radioljubuski.ba\/wp-content\/uploads\/2023\/04\/DSC0012-4-18x12.jpg 18w\" sizes=\"auto, (max-width: 700px) 100vw, 700px\" \/><\/figure>\n\n\n\n<p>On je na po\u010detku naglasio da su Suljevi\u0107 i \u0160aravanja u Izvi\u0111a\u010d stigli 2021. godine kao relativno nepoznati igra\u010di \u0161iroj sportskoj javnosti.<\/p>\n\n\n\n<p>\u201eVe\u0107 prvu sezonu s njima u ekipi Izvi\u0111a\u010d CO osvaja Kup BiH, dok je u ovoj sezoni na najboljem putu da osvoji i prvenstvo BiH. Naravno, veliki doprinos, pogotovo u ovoj drugoj sezoni, je upravo njih dvojice. I kako to biva u sportu, rezultat i uspjeh se prepozna, pa su ga tako prepoznale i druge ekipe. Tako su ova dva igra\u010da imala i pozive od drugih ekipa, a ovih dana svjedo\u010dimo i pozivu Harisu Suljevi\u0107u u reprezentaciju Crne Gore, na \u010demu mu jo\u0161 jednom \u010destitam. Ovih dana smo vodili kratke razgovore na na\u0161e, a nadam se i njihovo zadovoljstvo, o produ\u017eenju ugovora i postigli dogovor o produ\u017eenju suradnje do 2025.godine. &nbsp;Zahvaljujem im se na povjerenju i nadam se uspje\u0161noj suradnji u naredne dvije godine\u201c, kazao je Nedan.<\/p>\n\n\n\n<figure class=\"wp-block-image size-full\"><img loading=\"lazy\" decoding=\"async\" width=\"700\" height=\"467\" src=\"https:\/\/radioljubuski.ba\/wp-content\/uploads\/2023\/04\/DSC0014-5.jpg\" alt=\"\" class=\"wp-image-189837\" srcset=\"https:\/\/radioljubuski.ba\/wp-content\/uploads\/2023\/04\/DSC0014-5.jpg 700w, https:\/\/radioljubuski.ba\/wp-content\/uploads\/2023\/04\/DSC0014-5-300x200.jpg 300w, https:\/\/radioljubuski.ba\/wp-content\/uploads\/2023\/04\/DSC0014-5-18x12.jpg 18w\" sizes=\"auto, (max-width: 700px) 100vw, 700px\" \/><\/figure>\n\n\n\n<p>Nakon njega, o tome kako je do\u0161lo do produ\u017eenja suradnje, &nbsp;govorio je Marijan \u0160aravanja.<\/p>\n\n\n\n<p>\u201ePrije svega \u017eelim se zahvaliti Izvi\u0111a\u010du na ukazanom povjerenju i na produ\u017eenju suradnje. Prakti\u010dki smo se dogovorili u pet &#8211; deset minuta, nije bilo nikakvih problema. Sretan sam i ponosan \u0161to sam produ\u017eio ugovor. Nadam se da \u0107u opravdati povjerenje uprave kluba i obe\u0107avam da \u0107u za ovaj klub ostavljati srce na terenu, jer je Izvi\u0111a\u010d klub koji me ispunjava. Posebno me motivira zavr\u0161nica prvenstva gdje ve\u0107 u idu\u0107em kolu mo\u017eemo osigurati naslov prvaka BiH. Plasirali smo se i u zavr\u0161nicu Kupa BiH tako da \u0107emo probati obraniti i tu titulu\u201c, kazao je \u0160aravanja.<\/p>\n\n\n\n<figure class=\"wp-block-image size-full\"><img loading=\"lazy\" decoding=\"async\" width=\"700\" height=\"467\" src=\"https:\/\/radioljubuski.ba\/wp-content\/uploads\/2023\/04\/DSC0004-6.jpg\" alt=\"\" class=\"wp-image-189839\" srcset=\"https:\/\/radioljubuski.ba\/wp-content\/uploads\/2023\/04\/DSC0004-6.jpg 700w, https:\/\/radioljubuski.ba\/wp-content\/uploads\/2023\/04\/DSC0004-6-300x200.jpg 300w, https:\/\/radioljubuski.ba\/wp-content\/uploads\/2023\/04\/DSC0004-6-18x12.jpg 18w\" sizes=\"auto, (max-width: 700px) 100vw, 700px\" \/><\/figure>\n\n\n\n<p>Zadovoljstvo produ\u017eenjem ugovora pokazao je i Haris Suljevi\u0107.<\/p>\n\n\n\n<p>\u201ePrvo bi se zahvalio svima koji su mi \u010destitali poziv u reprezentaciju Crne Gore. Mislim da je to na\u0161 zajedni\u010dki uspjeh, svih u klubu. Odlu\u010dio sam produ\u017eiti ugovor s Izvi\u0111a\u010dem jer mislim da mogu jo\u0161 dosta napredovati u ovoj ekipi, iako sam i u protekle dvije godine vidno napredovao. Prilikom dogovora nije bilo nikakvih problema, relativno brzo smo se dogovorili za sve i napravili jednu odli\u010dnu suradnju za naredni period\u201c, kazao je Suljevi\u0107.<\/p>\n\n\n\n<p>Nakon toga njih dvojica su potpisali produ\u017eenje ugovora.<\/p>\n","protected":false},"excerpt":{"rendered":"<p>Dvojica vrhunskih rukometa\u0161a Izvi\u0111a\u010da Haris Suljevi\u0107 i Marijan \u0160aravanja danas su produ\u017eili ugovore s Izvi\u0111a\u010dem CO na dvije godine. Svoje potpise na novi ugovor s Izvi\u0111a\u010dem, do 2025.godine, stavili su u prostorijama kluba u nazo\u010dnosti slu\u017ebenih predstavnika kluba, Nedana Zovka i Branka Vukojevi\u0107a. Prilikom potpisivanja ugovora novinarima se prvi obratio voditelj mu\u0161ke mom\u010dadi Izvi\u0111a\u010da CO [&hellip;]<\/p>\n","protected":false},"author":2,"featured_media":189835,"comment_status":"closed","ping_status":"closed","sticky":false,"template":"","format":"standard","meta":{"h5ap_radio_sources":[],"footnotes":""},"categories":[28],"tags":[],"class_list":["post-189833","post","type-post","status-publish","format-standard","has-post-thumbnail","hentry","category-novosti"],"yoast_head":"<!-- This site is optimized with the Yoast SEO plugin v27.5 - https:\/\/yoast.com\/product\/yoast-seo-wordpress\/ -->\n<title>Haris Suljevi\u0107 i Marijan \u0160aravanja produ\u017eili suradnju s Izvi\u0111a\u010dem CO do 2025. godine - RADIO LJUBU\u0160KI<\/title>\n<meta name=\"robots\" content=\"index, follow, max-snippet:-1, max-image-preview:large, max-video-preview:-1\" \/>\n<link rel=\"canonical\" href=\"https:\/\/radioljubuski.ba\/index.php\/2023\/04\/13\/haris-suljevic-i-marijan-saravanja-produzili-suradnju-s-izvidacem-co-do-2025-godine\/\" \/>\n<meta property=\"og:locale\" content=\"hr_HR\" \/>\n<meta property=\"og:type\" content=\"article\" \/>\n<meta property=\"og:title\" content=\"Haris Suljevi\u0107 i Marijan \u0160aravanja produ\u017eili suradnju s Izvi\u0111a\u010dem CO do 2025. godine - RADIO LJUBU\u0160KI\" \/>\n<meta property=\"og:description\" content=\"Dvojica vrhunskih rukometa\u0161a Izvi\u0111a\u010da Haris Suljevi\u0107 i Marijan \u0160aravanja danas su produ\u017eili ugovore s Izvi\u0111a\u010dem CO na dvije godine. Svoje potpise na novi ugovor s Izvi\u0111a\u010dem, do 2025.godine, stavili su u prostorijama kluba u nazo\u010dnosti slu\u017ebenih predstavnika kluba, Nedana Zovka i Branka Vukojevi\u0107a. Prilikom potpisivanja ugovora novinarima se prvi obratio voditelj mu\u0161ke mom\u010dadi Izvi\u0111a\u010da CO [&hellip;]\" \/>\n<meta property=\"og:url\" content=\"https:\/\/radioljubuski.ba\/index.php\/2023\/04\/13\/haris-suljevic-i-marijan-saravanja-produzili-suradnju-s-izvidacem-co-do-2025-godine\/\" \/>\n<meta property=\"og:site_name\" content=\"RADIO LJUBU\u0160KI\" \/>\n<meta property=\"article:publisher\" content=\"https:\/\/www.facebook.com\/Radiio-Ljubuski-1490835324566332\" \/>\n<meta property=\"article:published_time\" content=\"2023-04-13T09:19:32+00:00\" \/>\n<meta property=\"article:modified_time\" content=\"2023-04-13T12:55:06+00:00\" \/>\n<meta property=\"og:image\" content=\"https:\/\/radioljubuski.ba\/wp-content\/uploads\/2023\/04\/DSC0003-4.jpg\" \/>\n\t<meta property=\"og:image:width\" content=\"700\" \/>\n\t<meta property=\"og:image:height\" content=\"467\" \/>\n\t<meta property=\"og:image:type\" content=\"image\/jpeg\" \/>\n<meta name=\"author\" content=\"Radio Ljubu\u0161ki\" \/>\n<meta name=\"twitter:card\" content=\"summary_large_image\" \/>\n<meta name=\"twitter:creator\" content=\"@radioljubuski\" \/>\n<meta name=\"twitter:site\" content=\"@radioljubuski\" \/>\n<meta name=\"twitter:label1\" content=\"Napisao\/la\" \/>\n\t<meta name=\"twitter:data1\" content=\"Radio Ljubu\u0161ki\" \/>\n\t<meta name=\"twitter:label2\" content=\"Procijenjeno vrijeme \u010ditanja\" \/>\n\t<meta name=\"twitter:data2\" content=\"2 minute\" \/>\n<script type=\"application\/ld+json\" class=\"yoast-schema-graph\">{\"@context\":\"https:\\\/\\\/schema.org\",\"@graph\":[{\"@type\":\"Article\",\"@id\":\"https:\\\/\\\/radioljubuski.ba\\\/index.php\\\/2023\\\/04\\\/13\\\/haris-suljevic-i-marijan-saravanja-produzili-suradnju-s-izvidacem-co-do-2025-godine\\\/#article\",\"isPartOf\":{\"@id\":\"https:\\\/\\\/radioljubuski.ba\\\/index.php\\\/2023\\\/04\\\/13\\\/haris-suljevic-i-marijan-saravanja-produzili-suradnju-s-izvidacem-co-do-2025-godine\\\/\"},\"author\":{\"name\":\"Radio Ljubu\u0161ki\",\"@id\":\"https:\\\/\\\/radioljubuski.ba\\\/#\\\/schema\\\/person\\\/19fc700381a780f69665d7956c469e3b\"},\"headline\":\"Haris Suljevi\u0107 i Marijan \u0160aravanja produ\u017eili suradnju s Izvi\u0111a\u010dem CO do 2025. godine\",\"datePublished\":\"2023-04-13T09:19:32+00:00\",\"dateModified\":\"2023-04-13T12:55:06+00:00\",\"mainEntityOfPage\":{\"@id\":\"https:\\\/\\\/radioljubuski.ba\\\/index.php\\\/2023\\\/04\\\/13\\\/haris-suljevic-i-marijan-saravanja-produzili-suradnju-s-izvidacem-co-do-2025-godine\\\/\"},\"wordCount\":466,\"publisher\":{\"@id\":\"https:\\\/\\\/radioljubuski.ba\\\/#organization\"},\"image\":{\"@id\":\"https:\\\/\\\/radioljubuski.ba\\\/index.php\\\/2023\\\/04\\\/13\\\/haris-suljevic-i-marijan-saravanja-produzili-suradnju-s-izvidacem-co-do-2025-godine\\\/#primaryimage\"},\"thumbnailUrl\":\"https:\\\/\\\/radioljubuski.ba\\\/wp-content\\\/uploads\\\/2023\\\/04\\\/DSC0003-4.jpg\",\"articleSection\":[\"Novosti\"],\"inLanguage\":\"hr\"},{\"@type\":\"WebPage\",\"@id\":\"https:\\\/\\\/radioljubuski.ba\\\/index.php\\\/2023\\\/04\\\/13\\\/haris-suljevic-i-marijan-saravanja-produzili-suradnju-s-izvidacem-co-do-2025-godine\\\/\",\"url\":\"https:\\\/\\\/radioljubuski.ba\\\/index.php\\\/2023\\\/04\\\/13\\\/haris-suljevic-i-marijan-saravanja-produzili-suradnju-s-izvidacem-co-do-2025-godine\\\/\",\"name\":\"Haris Suljevi\u0107 i Marijan \u0160aravanja produ\u017eili suradnju s Izvi\u0111a\u010dem CO do 2025. godine - RADIO LJUBU\u0160KI\",\"isPartOf\":{\"@id\":\"https:\\\/\\\/radioljubuski.ba\\\/#website\"},\"primaryImageOfPage\":{\"@id\":\"https:\\\/\\\/radioljubuski.ba\\\/index.php\\\/2023\\\/04\\\/13\\\/haris-suljevic-i-marijan-saravanja-produzili-suradnju-s-izvidacem-co-do-2025-godine\\\/#primaryimage\"},\"image\":{\"@id\":\"https:\\\/\\\/radioljubuski.ba\\\/index.php\\\/2023\\\/04\\\/13\\\/haris-suljevic-i-marijan-saravanja-produzili-suradnju-s-izvidacem-co-do-2025-godine\\\/#primaryimage\"},\"thumbnailUrl\":\"https:\\\/\\\/radioljubuski.ba\\\/wp-content\\\/uploads\\\/2023\\\/04\\\/DSC0003-4.jpg\",\"datePublished\":\"2023-04-13T09:19:32+00:00\",\"dateModified\":\"2023-04-13T12:55:06+00:00\",\"breadcrumb\":{\"@id\":\"https:\\\/\\\/radioljubuski.ba\\\/index.php\\\/2023\\\/04\\\/13\\\/haris-suljevic-i-marijan-saravanja-produzili-suradnju-s-izvidacem-co-do-2025-godine\\\/#breadcrumb\"},\"inLanguage\":\"hr\",\"potentialAction\":[{\"@type\":\"ReadAction\",\"target\":[\"https:\\\/\\\/radioljubuski.ba\\\/index.php\\\/2023\\\/04\\\/13\\\/haris-suljevic-i-marijan-saravanja-produzili-suradnju-s-izvidacem-co-do-2025-godine\\\/\"]}]},{\"@type\":\"ImageObject\",\"inLanguage\":\"hr\",\"@id\":\"https:\\\/\\\/radioljubuski.ba\\\/index.php\\\/2023\\\/04\\\/13\\\/haris-suljevic-i-marijan-saravanja-produzili-suradnju-s-izvidacem-co-do-2025-godine\\\/#primaryimage\",\"url\":\"https:\\\/\\\/radioljubuski.ba\\\/wp-content\\\/uploads\\\/2023\\\/04\\\/DSC0003-4.jpg\",\"contentUrl\":\"https:\\\/\\\/radioljubuski.ba\\\/wp-content\\\/uploads\\\/2023\\\/04\\\/DSC0003-4.jpg\",\"width\":700,\"height\":467},{\"@type\":\"BreadcrumbList\",\"@id\":\"https:\\\/\\\/radioljubuski.ba\\\/index.php\\\/2023\\\/04\\\/13\\\/haris-suljevic-i-marijan-saravanja-produzili-suradnju-s-izvidacem-co-do-2025-godine\\\/#breadcrumb\",\"itemListElement\":[{\"@type\":\"ListItem\",\"position\":1,\"name\":\"Po\u010detna stranica\",\"item\":\"https:\\\/\\\/radioljubuski.ba\\\/\"},{\"@type\":\"ListItem\",\"position\":2,\"name\":\"Haris Suljevi\u0107 i Marijan \u0160aravanja produ\u017eili suradnju s Izvi\u0111a\u010dem CO do 2025. godine\"}]},{\"@type\":\"WebSite\",\"@id\":\"https:\\\/\\\/radioljubuski.ba\\\/#website\",\"url\":\"https:\\\/\\\/radioljubuski.ba\\\/\",\"name\":\"Radio Ljubu\u0161ki\",\"description\":\"Sun\u010dana frekvencija Hercegovine\",\"publisher\":{\"@id\":\"https:\\\/\\\/radioljubuski.ba\\\/#organization\"},\"potentialAction\":[{\"@type\":\"SearchAction\",\"target\":{\"@type\":\"EntryPoint\",\"urlTemplate\":\"https:\\\/\\\/radioljubuski.ba\\\/?s={search_term_string}\"},\"query-input\":{\"@type\":\"PropertyValueSpecification\",\"valueRequired\":true,\"valueName\":\"search_term_string\"}}],\"inLanguage\":\"hr\"},{\"@type\":\"Organization\",\"@id\":\"https:\\\/\\\/radioljubuski.ba\\\/#organization\",\"name\":\"Radio Ljubu\u0161ki\",\"url\":\"https:\\\/\\\/radioljubuski.ba\\\/\",\"logo\":{\"@type\":\"ImageObject\",\"inLanguage\":\"hr\",\"@id\":\"https:\\\/\\\/radioljubuski.ba\\\/#\\\/schema\\\/logo\\\/image\\\/\",\"url\":\"https:\\\/\\\/radioljubuski.ba\\\/wp-content\\\/uploads\\\/2021\\\/02\\\/cropped-Radio_Ljubuski_logo1.jpg\",\"contentUrl\":\"https:\\\/\\\/radioljubuski.ba\\\/wp-content\\\/uploads\\\/2021\\\/02\\\/cropped-Radio_Ljubuski_logo1.jpg\",\"width\":512,\"height\":512,\"caption\":\"Radio Ljubu\u0161ki\"},\"image\":{\"@id\":\"https:\\\/\\\/radioljubuski.ba\\\/#\\\/schema\\\/logo\\\/image\\\/\"},\"sameAs\":[\"https:\\\/\\\/www.facebook.com\\\/Radiio-Ljubuski-1490835324566332\",\"https:\\\/\\\/x.com\\\/radioljubuski\",\"https:\\\/\\\/hr.linkedin.com\\\/company\\\/radio-ljubuski\",\"https:\\\/\\\/www.youtube.com\\\/channel\\\/UCHYaeO_n0Db3tjNGudGpXyw\"]},{\"@type\":\"Person\",\"@id\":\"https:\\\/\\\/radioljubuski.ba\\\/#\\\/schema\\\/person\\\/19fc700381a780f69665d7956c469e3b\",\"name\":\"Radio Ljubu\u0161ki\"}]}<\/script>\n<!-- \/ Yoast SEO plugin. -->","yoast_head_json":{"title":"Haris Suljevi\u0107 i Marijan \u0160aravanja produ\u017eili suradnju s Izvi\u0111a\u010dem CO do 2025. godine - RADIO LJUBU\u0160KI","robots":{"index":"index","follow":"follow","max-snippet":"max-snippet:-1","max-image-preview":"max-image-preview:large","max-video-preview":"max-video-preview:-1"},"canonical":"https:\/\/radioljubuski.ba\/index.php\/2023\/04\/13\/haris-suljevic-i-marijan-saravanja-produzili-suradnju-s-izvidacem-co-do-2025-godine\/","og_locale":"hr_HR","og_type":"article","og_title":"Haris Suljevi\u0107 i Marijan \u0160aravanja produ\u017eili suradnju s Izvi\u0111a\u010dem CO do 2025. godine - RADIO LJUBU\u0160KI","og_description":"Dvojica vrhunskih rukometa\u0161a Izvi\u0111a\u010da Haris Suljevi\u0107 i Marijan \u0160aravanja danas su produ\u017eili ugovore s Izvi\u0111a\u010dem CO na dvije godine. Svoje potpise na novi ugovor s Izvi\u0111a\u010dem, do 2025.godine, stavili su u prostorijama kluba u nazo\u010dnosti slu\u017ebenih predstavnika kluba, Nedana Zovka i Branka Vukojevi\u0107a. Prilikom potpisivanja ugovora novinarima se prvi obratio voditelj mu\u0161ke mom\u010dadi Izvi\u0111a\u010da CO [&hellip;]","og_url":"https:\/\/radioljubuski.ba\/index.php\/2023\/04\/13\/haris-suljevic-i-marijan-saravanja-produzili-suradnju-s-izvidacem-co-do-2025-godine\/","og_site_name":"RADIO LJUBU\u0160KI","article_publisher":"https:\/\/www.facebook.com\/Radiio-Ljubuski-1490835324566332","article_published_time":"2023-04-13T09:19:32+00:00","article_modified_time":"2023-04-13T12:55:06+00:00","og_image":[{"width":700,"height":467,"url":"https:\/\/radioljubuski.ba\/wp-content\/uploads\/2023\/04\/DSC0003-4.jpg","type":"image\/jpeg"}],"author":"Radio Ljubu\u0161ki","twitter_card":"summary_large_image","twitter_creator":"@radioljubuski","twitter_site":"@radioljubuski","twitter_misc":{"Napisao\/la":"Radio Ljubu\u0161ki","Procijenjeno vrijeme \u010ditanja":"2 minute"},"schema":{"@context":"https:\/\/schema.org","@graph":[{"@type":"Article","@id":"https:\/\/radioljubuski.ba\/index.php\/2023\/04\/13\/haris-suljevic-i-marijan-saravanja-produzili-suradnju-s-izvidacem-co-do-2025-godine\/#article","isPartOf":{"@id":"https:\/\/radioljubuski.ba\/index.php\/2023\/04\/13\/haris-suljevic-i-marijan-saravanja-produzili-suradnju-s-izvidacem-co-do-2025-godine\/"},"author":{"name":"Radio Ljubu\u0161ki","@id":"https:\/\/radioljubuski.ba\/#\/schema\/person\/19fc700381a780f69665d7956c469e3b"},"headline":"Haris Suljevi\u0107 i Marijan \u0160aravanja produ\u017eili suradnju s Izvi\u0111a\u010dem CO do 2025. godine","datePublished":"2023-04-13T09:19:32+00:00","dateModified":"2023-04-13T12:55:06+00:00","mainEntityOfPage":{"@id":"https:\/\/radioljubuski.ba\/index.php\/2023\/04\/13\/haris-suljevic-i-marijan-saravanja-produzili-suradnju-s-izvidacem-co-do-2025-godine\/"},"wordCount":466,"publisher":{"@id":"https:\/\/radioljubuski.ba\/#organization"},"image":{"@id":"https:\/\/radioljubuski.ba\/index.php\/2023\/04\/13\/haris-suljevic-i-marijan-saravanja-produzili-suradnju-s-izvidacem-co-do-2025-godine\/#primaryimage"},"thumbnailUrl":"https:\/\/radioljubuski.ba\/wp-content\/uploads\/2023\/04\/DSC0003-4.jpg","articleSection":["Novosti"],"inLanguage":"hr"},{"@type":"WebPage","@id":"https:\/\/radioljubuski.ba\/index.php\/2023\/04\/13\/haris-suljevic-i-marijan-saravanja-produzili-suradnju-s-izvidacem-co-do-2025-godine\/","url":"https:\/\/radioljubuski.ba\/index.php\/2023\/04\/13\/haris-suljevic-i-marijan-saravanja-produzili-suradnju-s-izvidacem-co-do-2025-godine\/","name":"Haris Suljevi\u0107 i Marijan \u0160aravanja produ\u017eili suradnju s Izvi\u0111a\u010dem CO do 2025. godine - RADIO LJUBU\u0160KI","isPartOf":{"@id":"https:\/\/radioljubuski.ba\/#website"},"primaryImageOfPage":{"@id":"https:\/\/radioljubuski.ba\/index.php\/2023\/04\/13\/haris-suljevic-i-marijan-saravanja-produzili-suradnju-s-izvidacem-co-do-2025-godine\/#primaryimage"},"image":{"@id":"https:\/\/radioljubuski.ba\/index.php\/2023\/04\/13\/haris-suljevic-i-marijan-saravanja-produzili-suradnju-s-izvidacem-co-do-2025-godine\/#primaryimage"},"thumbnailUrl":"https:\/\/radioljubuski.ba\/wp-content\/uploads\/2023\/04\/DSC0003-4.jpg","datePublished":"2023-04-13T09:19:32+00:00","dateModified":"2023-04-13T12:55:06+00:00","breadcrumb":{"@id":"https:\/\/radioljubuski.ba\/index.php\/2023\/04\/13\/haris-suljevic-i-marijan-saravanja-produzili-suradnju-s-izvidacem-co-do-2025-godine\/#breadcrumb"},"inLanguage":"hr","potentialAction":[{"@type":"ReadAction","target":["https:\/\/radioljubuski.ba\/index.php\/2023\/04\/13\/haris-suljevic-i-marijan-saravanja-produzili-suradnju-s-izvidacem-co-do-2025-godine\/"]}]},{"@type":"ImageObject","inLanguage":"hr","@id":"https:\/\/radioljubuski.ba\/index.php\/2023\/04\/13\/haris-suljevic-i-marijan-saravanja-produzili-suradnju-s-izvidacem-co-do-2025-godine\/#primaryimage","url":"https:\/\/radioljubuski.ba\/wp-content\/uploads\/2023\/04\/DSC0003-4.jpg","contentUrl":"https:\/\/radioljubuski.ba\/wp-content\/uploads\/2023\/04\/DSC0003-4.jpg","width":700,"height":467},{"@type":"BreadcrumbList","@id":"https:\/\/radioljubuski.ba\/index.php\/2023\/04\/13\/haris-suljevic-i-marijan-saravanja-produzili-suradnju-s-izvidacem-co-do-2025-godine\/#breadcrumb","itemListElement":[{"@type":"ListItem","position":1,"name":"Po\u010detna stranica","item":"https:\/\/radioljubuski.ba\/"},{"@type":"ListItem","position":2,"name":"Haris Suljevi\u0107 i Marijan \u0160aravanja produ\u017eili suradnju s Izvi\u0111a\u010dem CO do 2025. godine"}]},{"@type":"WebSite","@id":"https:\/\/radioljubuski.ba\/#website","url":"https:\/\/radioljubuski.ba\/","name":"Radio Ljubu\u0161ki","description":"Sun\u010dana frekvencija Hercegovine","publisher":{"@id":"https:\/\/radioljubuski.ba\/#organization"},"potentialAction":[{"@type":"SearchAction","target":{"@type":"EntryPoint","urlTemplate":"https:\/\/radioljubuski.ba\/?s={search_term_string}"},"query-input":{"@type":"PropertyValueSpecification","valueRequired":true,"valueName":"search_term_string"}}],"inLanguage":"hr"},{"@type":"Organization","@id":"https:\/\/radioljubuski.ba\/#organization","name":"Radio Ljubu\u0161ki","url":"https:\/\/radioljubuski.ba\/","logo":{"@type":"ImageObject","inLanguage":"hr","@id":"https:\/\/radioljubuski.ba\/#\/schema\/logo\/image\/","url":"https:\/\/radioljubuski.ba\/wp-content\/uploads\/2021\/02\/cropped-Radio_Ljubuski_logo1.jpg","contentUrl":"https:\/\/radioljubuski.ba\/wp-content\/uploads\/2021\/02\/cropped-Radio_Ljubuski_logo1.jpg","width":512,"height":512,"caption":"Radio Ljubu\u0161ki"},"image":{"@id":"https:\/\/radioljubuski.ba\/#\/schema\/logo\/image\/"},"sameAs":["https:\/\/www.facebook.com\/Radiio-Ljubuski-1490835324566332","https:\/\/x.com\/radioljubuski","https:\/\/hr.linkedin.com\/company\/radio-ljubuski","https:\/\/www.youtube.com\/channel\/UCHYaeO_n0Db3tjNGudGpXyw"]},{"@type":"Person","@id":"https:\/\/radioljubuski.ba\/#\/schema\/person\/19fc700381a780f69665d7956c469e3b","name":"Radio Ljubu\u0161ki"}]}},"_links":{"self":[{"href":"https:\/\/radioljubuski.ba\/index.php\/wp-json\/wp\/v2\/posts\/189833","targetHints":{"allow":["GET"]}}],"collection":[{"href":"https:\/\/radioljubuski.ba\/index.php\/wp-json\/wp\/v2\/posts"}],"about":[{"href":"https:\/\/radioljubuski.ba\/index.php\/wp-json\/wp\/v2\/types\/post"}],"author":[{"embeddable":true,"href":"https:\/\/radioljubuski.ba\/index.php\/wp-json\/wp\/v2\/users\/2"}],"replies":[{"embeddable":true,"href":"https:\/\/radioljubuski.ba\/index.php\/wp-json\/wp\/v2\/comments?post=189833"}],"version-history":[{"count":3,"href":"https:\/\/radioljubuski.ba\/index.php\/wp-json\/wp\/v2\/posts\/189833\/revisions"}],"predecessor-version":[{"id":189853,"href":"https:\/\/radioljubuski.ba\/index.php\/wp-json\/wp\/v2\/posts\/189833\/revisions\/189853"}],"wp:featuredmedia":[{"embeddable":true,"href":"https:\/\/radioljubuski.ba\/index.php\/wp-json\/wp\/v2\/media\/189835"}],"wp:attachment":[{"href":"https:\/\/radioljubuski.ba\/index.php\/wp-json\/wp\/v2\/media?parent=189833"}],"wp:term":[{"taxonomy":"category","embeddable":true,"href":"https:\/\/radioljubuski.ba\/index.php\/wp-json\/wp\/v2\/categories?post=189833"},{"taxonomy":"post_tag","embeddable":true,"href":"https:\/\/radioljubuski.ba\/index.php\/wp-json\/wp\/v2\/tags?post=189833"}],"curies":[{"name":"wp","href":"https:\/\/api.w.org\/{rel}","templated":true}]}}