{"id":18984,"date":"2021-05-06T00:35:57","date_gmt":"2021-05-05T23:35:57","guid":{"rendered":"https:\/\/radioljubuski.ba\/?p=18984"},"modified":"2021-05-06T00:35:58","modified_gmt":"2021-05-05T23:35:58","slug":"g7-napao-kinu-i-rusiju-zbog-prijetnji-nasilnistva-i-krsenja-ljudskih-prava","status":"publish","type":"post","link":"https:\/\/radioljubuski.ba\/index.php\/2021\/05\/06\/g7-napao-kinu-i-rusiju-zbog-prijetnji-nasilnistva-i-krsenja-ljudskih-prava\/","title":{"rendered":"G7 napao Kinu i Rusiju zbog prijetnji, nasilni\u0161tva i kr\u0161enja ljudskih prava"},"content":{"rendered":"\n<p>Skupina sedam najrazvijenijih zapadnih zemalja G7 kritizirala je u srijedu Kinu i Rusiju, nazvav\u0161i Moskvu zlonamjernom a Peking nasilnikom, no o\u0161tre rije\u010di nisu pratili neki konkretni potezi osim potpore Tajvanu i Ukrajini.<\/p>\n\n\n\n<p>Osnovan 1975. kao savez najbogatijih zapadnih dr\u017eava suo\u010denih s posljedicama velike naftne krize, G7 se ovoga tjedna bavio onim \u0161to smatra najve\u0107im aktualnim prijetnjama: Kinom, Rusijom i pandemijom koronavirusa.<\/p>\n\n\n\n<p>Ministri vanjskih poslova su u zajedni\u010dkoj izjavi optu\u017eili Rusiju za poku\u0161aj podrivanja demokratskih dr\u017eava i prijetnje Ukrajini, a Kina je kriva zbog kr\u0161enja ljudskih prava i kori\u0161tenje svoje gospodarske mo\u0107i za maltretiranje drugih.<\/p>\n\n\n\n<p>No, malo je konkretnih koraka spomenuto u izjavi koja \u0107e sigurno razljutiti kineskog i ruskog predsjednika Xia Jinpinga i Vladimira Putina.<\/p>\n\n\n\n<p>G7 ka\u017ee da \u0107e poja\u010dati zajedni\u010dke napore da zaustavi kineske \u201cprisilne ekonomske politike\u201d i ruske dezinformacije.<\/p>\n\n\n\n<p>\u201cMislim da se Kina, umjesto da reagira ljutito, treba pogledati u ogledalo i uzeti u obzir prevladavaju\u0107e mi\u0161ljenje da se mora pridr\u017eavati osnovnih me\u0111unarodnih pravila\u201d, rekao je britanski ministar vanjskih poslova Dominic Raab.<\/p>\n\n\n\n<p>Rusija nije\u010de da se upli\u0107e u unutarnje stvari drugih dr\u017eava i optu\u017euje Zapad za proturusku histeriju. Kina tvrdi da je Zapad nasilnik i da njegovi \u010delnici imaju post-imperijalni mentalitet pona\u0161aju\u0107i se kao globalni policajci.<\/p>\n\n\n\n<p>Kineski spektakularni gospodarski i vojni uzlet u posljednjih 40 godina jedan je od najzna\u010dajnijih geopoliti\u010dkih doga\u0111aja u nedavnoj povijesti, uz pad Sovjetskog Saveza 1991. i kraj Hladnog rata.<\/p>\n\n\n\n<p>Izvor:pogled.ba<\/p>\n","protected":false},"excerpt":{"rendered":"<p>Skupina sedam najrazvijenijih zapadnih zemalja G7 kritizirala je u srijedu Kinu i Rusiju, nazvav\u0161i Moskvu zlonamjernom a Peking nasilnikom, no o\u0161tre rije\u010di nisu pratili neki konkretni potezi osim potpore Tajvanu i Ukrajini. Osnovan 1975. kao savez najbogatijih zapadnih dr\u017eava suo\u010denih s posljedicama velike naftne krize, G7 se ovoga tjedna bavio onim \u0161to smatra najve\u0107im aktualnim [&hellip;]<\/p>\n","protected":false},"author":2,"featured_media":18985,"comment_status":"closed","ping_status":"closed","sticky":false,"template":"","format":"standard","meta":{"h5ap_radio_sources":[],"footnotes":""},"categories":[1],"tags":[],"class_list":["post-18984","post","type-post","status-publish","format-standard","has-post-thumbnail","hentry","category-bihiregija"],"yoast_head":"<!-- This site is optimized with the Yoast SEO plugin v27.5 - https:\/\/yoast.com\/product\/yoast-seo-wordpress\/ -->\n<title>G7 napao Kinu i Rusiju zbog prijetnji, nasilni\u0161tva i kr\u0161enja ljudskih prava - RADIO LJUBU\u0160KI<\/title>\n<meta name=\"robots\" content=\"index, follow, max-snippet:-1, max-image-preview:large, max-video-preview:-1\" \/>\n<link rel=\"canonical\" href=\"https:\/\/radioljubuski.ba\/index.php\/2021\/05\/06\/g7-napao-kinu-i-rusiju-zbog-prijetnji-nasilnistva-i-krsenja-ljudskih-prava\/\" \/>\n<meta property=\"og:locale\" content=\"hr_HR\" \/>\n<meta property=\"og:type\" content=\"article\" \/>\n<meta property=\"og:title\" content=\"G7 napao Kinu i Rusiju zbog prijetnji, nasilni\u0161tva i kr\u0161enja ljudskih prava - RADIO LJUBU\u0160KI\" \/>\n<meta property=\"og:description\" content=\"Skupina sedam najrazvijenijih zapadnih zemalja G7 kritizirala je u srijedu Kinu i Rusiju, nazvav\u0161i Moskvu zlonamjernom a Peking nasilnikom, no o\u0161tre rije\u010di nisu pratili neki konkretni potezi osim potpore Tajvanu i Ukrajini. Osnovan 1975. kao savez najbogatijih zapadnih dr\u017eava suo\u010denih s posljedicama velike naftne krize, G7 se ovoga tjedna bavio onim \u0161to smatra najve\u0107im aktualnim [&hellip;]\" \/>\n<meta property=\"og:url\" content=\"https:\/\/radioljubuski.ba\/index.php\/2021\/05\/06\/g7-napao-kinu-i-rusiju-zbog-prijetnji-nasilnistva-i-krsenja-ljudskih-prava\/\" \/>\n<meta property=\"og:site_name\" content=\"RADIO LJUBU\u0160KI\" \/>\n<meta property=\"article:publisher\" content=\"https:\/\/www.facebook.com\/Radiio-Ljubuski-1490835324566332\" \/>\n<meta property=\"article:published_time\" content=\"2021-05-05T23:35:57+00:00\" \/>\n<meta property=\"article:modified_time\" content=\"2021-05-05T23:35:58+00:00\" \/>\n<meta property=\"og:image\" content=\"https:\/\/radioljubuski.ba\/wp-content\/uploads\/2021\/05\/9-2021-05-05-21-28-42-g7.jpg\" \/>\n\t<meta property=\"og:image:width\" content=\"1000\" \/>\n\t<meta property=\"og:image:height\" content=\"625\" \/>\n\t<meta property=\"og:image:type\" content=\"image\/jpeg\" \/>\n<meta name=\"author\" content=\"Radio Ljubu\u0161ki\" \/>\n<meta name=\"twitter:card\" content=\"summary_large_image\" \/>\n<meta name=\"twitter:creator\" content=\"@radioljubuski\" \/>\n<meta name=\"twitter:site\" content=\"@radioljubuski\" \/>\n<meta name=\"twitter:label1\" content=\"Napisao\/la\" \/>\n\t<meta name=\"twitter:data1\" content=\"Radio Ljubu\u0161ki\" \/>\n\t<meta name=\"twitter:label2\" content=\"Procijenjeno vrijeme \u010ditanja\" \/>\n\t<meta name=\"twitter:data2\" content=\"1 minuta\" \/>\n<script type=\"application\/ld+json\" class=\"yoast-schema-graph\">{\"@context\":\"https:\\\/\\\/schema.org\",\"@graph\":[{\"@type\":\"Article\",\"@id\":\"https:\\\/\\\/radioljubuski.ba\\\/index.php\\\/2021\\\/05\\\/06\\\/g7-napao-kinu-i-rusiju-zbog-prijetnji-nasilnistva-i-krsenja-ljudskih-prava\\\/#article\",\"isPartOf\":{\"@id\":\"https:\\\/\\\/radioljubuski.ba\\\/index.php\\\/2021\\\/05\\\/06\\\/g7-napao-kinu-i-rusiju-zbog-prijetnji-nasilnistva-i-krsenja-ljudskih-prava\\\/\"},\"author\":{\"name\":\"Radio Ljubu\u0161ki\",\"@id\":\"https:\\\/\\\/radioljubuski.ba\\\/#\\\/schema\\\/person\\\/19fc700381a780f69665d7956c469e3b\"},\"headline\":\"G7 napao Kinu i Rusiju zbog prijetnji, nasilni\u0161tva i kr\u0161enja ljudskih prava\",\"datePublished\":\"2021-05-05T23:35:57+00:00\",\"dateModified\":\"2021-05-05T23:35:58+00:00\",\"mainEntityOfPage\":{\"@id\":\"https:\\\/\\\/radioljubuski.ba\\\/index.php\\\/2021\\\/05\\\/06\\\/g7-napao-kinu-i-rusiju-zbog-prijetnji-nasilnistva-i-krsenja-ljudskih-prava\\\/\"},\"wordCount\":269,\"publisher\":{\"@id\":\"https:\\\/\\\/radioljubuski.ba\\\/#organization\"},\"image\":{\"@id\":\"https:\\\/\\\/radioljubuski.ba\\\/index.php\\\/2021\\\/05\\\/06\\\/g7-napao-kinu-i-rusiju-zbog-prijetnji-nasilnistva-i-krsenja-ljudskih-prava\\\/#primaryimage\"},\"thumbnailUrl\":\"https:\\\/\\\/radioljubuski.ba\\\/wp-content\\\/uploads\\\/2021\\\/05\\\/9-2021-05-05-21-28-42-g7.jpg\",\"articleSection\":[\"BIH i regija\"],\"inLanguage\":\"hr\"},{\"@type\":\"WebPage\",\"@id\":\"https:\\\/\\\/radioljubuski.ba\\\/index.php\\\/2021\\\/05\\\/06\\\/g7-napao-kinu-i-rusiju-zbog-prijetnji-nasilnistva-i-krsenja-ljudskih-prava\\\/\",\"url\":\"https:\\\/\\\/radioljubuski.ba\\\/index.php\\\/2021\\\/05\\\/06\\\/g7-napao-kinu-i-rusiju-zbog-prijetnji-nasilnistva-i-krsenja-ljudskih-prava\\\/\",\"name\":\"G7 napao Kinu i Rusiju zbog prijetnji, nasilni\u0161tva i kr\u0161enja ljudskih prava - RADIO LJUBU\u0160KI\",\"isPartOf\":{\"@id\":\"https:\\\/\\\/radioljubuski.ba\\\/#website\"},\"primaryImageOfPage\":{\"@id\":\"https:\\\/\\\/radioljubuski.ba\\\/index.php\\\/2021\\\/05\\\/06\\\/g7-napao-kinu-i-rusiju-zbog-prijetnji-nasilnistva-i-krsenja-ljudskih-prava\\\/#primaryimage\"},\"image\":{\"@id\":\"https:\\\/\\\/radioljubuski.ba\\\/index.php\\\/2021\\\/05\\\/06\\\/g7-napao-kinu-i-rusiju-zbog-prijetnji-nasilnistva-i-krsenja-ljudskih-prava\\\/#primaryimage\"},\"thumbnailUrl\":\"https:\\\/\\\/radioljubuski.ba\\\/wp-content\\\/uploads\\\/2021\\\/05\\\/9-2021-05-05-21-28-42-g7.jpg\",\"datePublished\":\"2021-05-05T23:35:57+00:00\",\"dateModified\":\"2021-05-05T23:35:58+00:00\",\"breadcrumb\":{\"@id\":\"https:\\\/\\\/radioljubuski.ba\\\/index.php\\\/2021\\\/05\\\/06\\\/g7-napao-kinu-i-rusiju-zbog-prijetnji-nasilnistva-i-krsenja-ljudskih-prava\\\/#breadcrumb\"},\"inLanguage\":\"hr\",\"potentialAction\":[{\"@type\":\"ReadAction\",\"target\":[\"https:\\\/\\\/radioljubuski.ba\\\/index.php\\\/2021\\\/05\\\/06\\\/g7-napao-kinu-i-rusiju-zbog-prijetnji-nasilnistva-i-krsenja-ljudskih-prava\\\/\"]}]},{\"@type\":\"ImageObject\",\"inLanguage\":\"hr\",\"@id\":\"https:\\\/\\\/radioljubuski.ba\\\/index.php\\\/2021\\\/05\\\/06\\\/g7-napao-kinu-i-rusiju-zbog-prijetnji-nasilnistva-i-krsenja-ljudskih-prava\\\/#primaryimage\",\"url\":\"https:\\\/\\\/radioljubuski.ba\\\/wp-content\\\/uploads\\\/2021\\\/05\\\/9-2021-05-05-21-28-42-g7.jpg\",\"contentUrl\":\"https:\\\/\\\/radioljubuski.ba\\\/wp-content\\\/uploads\\\/2021\\\/05\\\/9-2021-05-05-21-28-42-g7.jpg\",\"width\":1000,\"height\":625},{\"@type\":\"BreadcrumbList\",\"@id\":\"https:\\\/\\\/radioljubuski.ba\\\/index.php\\\/2021\\\/05\\\/06\\\/g7-napao-kinu-i-rusiju-zbog-prijetnji-nasilnistva-i-krsenja-ljudskih-prava\\\/#breadcrumb\",\"itemListElement\":[{\"@type\":\"ListItem\",\"position\":1,\"name\":\"Po\u010detna stranica\",\"item\":\"https:\\\/\\\/radioljubuski.ba\\\/\"},{\"@type\":\"ListItem\",\"position\":2,\"name\":\"G7 napao Kinu i Rusiju zbog prijetnji, nasilni\u0161tva i kr\u0161enja ljudskih prava\"}]},{\"@type\":\"WebSite\",\"@id\":\"https:\\\/\\\/radioljubuski.ba\\\/#website\",\"url\":\"https:\\\/\\\/radioljubuski.ba\\\/\",\"name\":\"Radio Ljubu\u0161ki\",\"description\":\"Sun\u010dana frekvencija Hercegovine\",\"publisher\":{\"@id\":\"https:\\\/\\\/radioljubuski.ba\\\/#organization\"},\"potentialAction\":[{\"@type\":\"SearchAction\",\"target\":{\"@type\":\"EntryPoint\",\"urlTemplate\":\"https:\\\/\\\/radioljubuski.ba\\\/?s={search_term_string}\"},\"query-input\":{\"@type\":\"PropertyValueSpecification\",\"valueRequired\":true,\"valueName\":\"search_term_string\"}}],\"inLanguage\":\"hr\"},{\"@type\":\"Organization\",\"@id\":\"https:\\\/\\\/radioljubuski.ba\\\/#organization\",\"name\":\"Radio Ljubu\u0161ki\",\"url\":\"https:\\\/\\\/radioljubuski.ba\\\/\",\"logo\":{\"@type\":\"ImageObject\",\"inLanguage\":\"hr\",\"@id\":\"https:\\\/\\\/radioljubuski.ba\\\/#\\\/schema\\\/logo\\\/image\\\/\",\"url\":\"https:\\\/\\\/radioljubuski.ba\\\/wp-content\\\/uploads\\\/2021\\\/02\\\/cropped-Radio_Ljubuski_logo1.jpg\",\"contentUrl\":\"https:\\\/\\\/radioljubuski.ba\\\/wp-content\\\/uploads\\\/2021\\\/02\\\/cropped-Radio_Ljubuski_logo1.jpg\",\"width\":512,\"height\":512,\"caption\":\"Radio Ljubu\u0161ki\"},\"image\":{\"@id\":\"https:\\\/\\\/radioljubuski.ba\\\/#\\\/schema\\\/logo\\\/image\\\/\"},\"sameAs\":[\"https:\\\/\\\/www.facebook.com\\\/Radiio-Ljubuski-1490835324566332\",\"https:\\\/\\\/x.com\\\/radioljubuski\",\"https:\\\/\\\/hr.linkedin.com\\\/company\\\/radio-ljubuski\",\"https:\\\/\\\/www.youtube.com\\\/channel\\\/UCHYaeO_n0Db3tjNGudGpXyw\"]},{\"@type\":\"Person\",\"@id\":\"https:\\\/\\\/radioljubuski.ba\\\/#\\\/schema\\\/person\\\/19fc700381a780f69665d7956c469e3b\",\"name\":\"Radio Ljubu\u0161ki\"}]}<\/script>\n<!-- \/ Yoast SEO plugin. -->","yoast_head_json":{"title":"G7 napao Kinu i Rusiju zbog prijetnji, nasilni\u0161tva i kr\u0161enja ljudskih prava - RADIO LJUBU\u0160KI","robots":{"index":"index","follow":"follow","max-snippet":"max-snippet:-1","max-image-preview":"max-image-preview:large","max-video-preview":"max-video-preview:-1"},"canonical":"https:\/\/radioljubuski.ba\/index.php\/2021\/05\/06\/g7-napao-kinu-i-rusiju-zbog-prijetnji-nasilnistva-i-krsenja-ljudskih-prava\/","og_locale":"hr_HR","og_type":"article","og_title":"G7 napao Kinu i Rusiju zbog prijetnji, nasilni\u0161tva i kr\u0161enja ljudskih prava - RADIO LJUBU\u0160KI","og_description":"Skupina sedam najrazvijenijih zapadnih zemalja G7 kritizirala je u srijedu Kinu i Rusiju, nazvav\u0161i Moskvu zlonamjernom a Peking nasilnikom, no o\u0161tre rije\u010di nisu pratili neki konkretni potezi osim potpore Tajvanu i Ukrajini. Osnovan 1975. kao savez najbogatijih zapadnih dr\u017eava suo\u010denih s posljedicama velike naftne krize, G7 se ovoga tjedna bavio onim \u0161to smatra najve\u0107im aktualnim [&hellip;]","og_url":"https:\/\/radioljubuski.ba\/index.php\/2021\/05\/06\/g7-napao-kinu-i-rusiju-zbog-prijetnji-nasilnistva-i-krsenja-ljudskih-prava\/","og_site_name":"RADIO LJUBU\u0160KI","article_publisher":"https:\/\/www.facebook.com\/Radiio-Ljubuski-1490835324566332","article_published_time":"2021-05-05T23:35:57+00:00","article_modified_time":"2021-05-05T23:35:58+00:00","og_image":[{"width":1000,"height":625,"url":"https:\/\/radioljubuski.ba\/wp-content\/uploads\/2021\/05\/9-2021-05-05-21-28-42-g7.jpg","type":"image\/jpeg"}],"author":"Radio Ljubu\u0161ki","twitter_card":"summary_large_image","twitter_creator":"@radioljubuski","twitter_site":"@radioljubuski","twitter_misc":{"Napisao\/la":"Radio Ljubu\u0161ki","Procijenjeno vrijeme \u010ditanja":"1 minuta"},"schema":{"@context":"https:\/\/schema.org","@graph":[{"@type":"Article","@id":"https:\/\/radioljubuski.ba\/index.php\/2021\/05\/06\/g7-napao-kinu-i-rusiju-zbog-prijetnji-nasilnistva-i-krsenja-ljudskih-prava\/#article","isPartOf":{"@id":"https:\/\/radioljubuski.ba\/index.php\/2021\/05\/06\/g7-napao-kinu-i-rusiju-zbog-prijetnji-nasilnistva-i-krsenja-ljudskih-prava\/"},"author":{"name":"Radio Ljubu\u0161ki","@id":"https:\/\/radioljubuski.ba\/#\/schema\/person\/19fc700381a780f69665d7956c469e3b"},"headline":"G7 napao Kinu i Rusiju zbog prijetnji, nasilni\u0161tva i kr\u0161enja ljudskih prava","datePublished":"2021-05-05T23:35:57+00:00","dateModified":"2021-05-05T23:35:58+00:00","mainEntityOfPage":{"@id":"https:\/\/radioljubuski.ba\/index.php\/2021\/05\/06\/g7-napao-kinu-i-rusiju-zbog-prijetnji-nasilnistva-i-krsenja-ljudskih-prava\/"},"wordCount":269,"publisher":{"@id":"https:\/\/radioljubuski.ba\/#organization"},"image":{"@id":"https:\/\/radioljubuski.ba\/index.php\/2021\/05\/06\/g7-napao-kinu-i-rusiju-zbog-prijetnji-nasilnistva-i-krsenja-ljudskih-prava\/#primaryimage"},"thumbnailUrl":"https:\/\/radioljubuski.ba\/wp-content\/uploads\/2021\/05\/9-2021-05-05-21-28-42-g7.jpg","articleSection":["BIH i regija"],"inLanguage":"hr"},{"@type":"WebPage","@id":"https:\/\/radioljubuski.ba\/index.php\/2021\/05\/06\/g7-napao-kinu-i-rusiju-zbog-prijetnji-nasilnistva-i-krsenja-ljudskih-prava\/","url":"https:\/\/radioljubuski.ba\/index.php\/2021\/05\/06\/g7-napao-kinu-i-rusiju-zbog-prijetnji-nasilnistva-i-krsenja-ljudskih-prava\/","name":"G7 napao Kinu i Rusiju zbog prijetnji, nasilni\u0161tva i kr\u0161enja ljudskih prava - RADIO LJUBU\u0160KI","isPartOf":{"@id":"https:\/\/radioljubuski.ba\/#website"},"primaryImageOfPage":{"@id":"https:\/\/radioljubuski.ba\/index.php\/2021\/05\/06\/g7-napao-kinu-i-rusiju-zbog-prijetnji-nasilnistva-i-krsenja-ljudskih-prava\/#primaryimage"},"image":{"@id":"https:\/\/radioljubuski.ba\/index.php\/2021\/05\/06\/g7-napao-kinu-i-rusiju-zbog-prijetnji-nasilnistva-i-krsenja-ljudskih-prava\/#primaryimage"},"thumbnailUrl":"https:\/\/radioljubuski.ba\/wp-content\/uploads\/2021\/05\/9-2021-05-05-21-28-42-g7.jpg","datePublished":"2021-05-05T23:35:57+00:00","dateModified":"2021-05-05T23:35:58+00:00","breadcrumb":{"@id":"https:\/\/radioljubuski.ba\/index.php\/2021\/05\/06\/g7-napao-kinu-i-rusiju-zbog-prijetnji-nasilnistva-i-krsenja-ljudskih-prava\/#breadcrumb"},"inLanguage":"hr","potentialAction":[{"@type":"ReadAction","target":["https:\/\/radioljubuski.ba\/index.php\/2021\/05\/06\/g7-napao-kinu-i-rusiju-zbog-prijetnji-nasilnistva-i-krsenja-ljudskih-prava\/"]}]},{"@type":"ImageObject","inLanguage":"hr","@id":"https:\/\/radioljubuski.ba\/index.php\/2021\/05\/06\/g7-napao-kinu-i-rusiju-zbog-prijetnji-nasilnistva-i-krsenja-ljudskih-prava\/#primaryimage","url":"https:\/\/radioljubuski.ba\/wp-content\/uploads\/2021\/05\/9-2021-05-05-21-28-42-g7.jpg","contentUrl":"https:\/\/radioljubuski.ba\/wp-content\/uploads\/2021\/05\/9-2021-05-05-21-28-42-g7.jpg","width":1000,"height":625},{"@type":"BreadcrumbList","@id":"https:\/\/radioljubuski.ba\/index.php\/2021\/05\/06\/g7-napao-kinu-i-rusiju-zbog-prijetnji-nasilnistva-i-krsenja-ljudskih-prava\/#breadcrumb","itemListElement":[{"@type":"ListItem","position":1,"name":"Po\u010detna stranica","item":"https:\/\/radioljubuski.ba\/"},{"@type":"ListItem","position":2,"name":"G7 napao Kinu i Rusiju zbog prijetnji, nasilni\u0161tva i kr\u0161enja ljudskih prava"}]},{"@type":"WebSite","@id":"https:\/\/radioljubuski.ba\/#website","url":"https:\/\/radioljubuski.ba\/","name":"Radio Ljubu\u0161ki","description":"Sun\u010dana frekvencija Hercegovine","publisher":{"@id":"https:\/\/radioljubuski.ba\/#organization"},"potentialAction":[{"@type":"SearchAction","target":{"@type":"EntryPoint","urlTemplate":"https:\/\/radioljubuski.ba\/?s={search_term_string}"},"query-input":{"@type":"PropertyValueSpecification","valueRequired":true,"valueName":"search_term_string"}}],"inLanguage":"hr"},{"@type":"Organization","@id":"https:\/\/radioljubuski.ba\/#organization","name":"Radio Ljubu\u0161ki","url":"https:\/\/radioljubuski.ba\/","logo":{"@type":"ImageObject","inLanguage":"hr","@id":"https:\/\/radioljubuski.ba\/#\/schema\/logo\/image\/","url":"https:\/\/radioljubuski.ba\/wp-content\/uploads\/2021\/02\/cropped-Radio_Ljubuski_logo1.jpg","contentUrl":"https:\/\/radioljubuski.ba\/wp-content\/uploads\/2021\/02\/cropped-Radio_Ljubuski_logo1.jpg","width":512,"height":512,"caption":"Radio Ljubu\u0161ki"},"image":{"@id":"https:\/\/radioljubuski.ba\/#\/schema\/logo\/image\/"},"sameAs":["https:\/\/www.facebook.com\/Radiio-Ljubuski-1490835324566332","https:\/\/x.com\/radioljubuski","https:\/\/hr.linkedin.com\/company\/radio-ljubuski","https:\/\/www.youtube.com\/channel\/UCHYaeO_n0Db3tjNGudGpXyw"]},{"@type":"Person","@id":"https:\/\/radioljubuski.ba\/#\/schema\/person\/19fc700381a780f69665d7956c469e3b","name":"Radio Ljubu\u0161ki"}]}},"_links":{"self":[{"href":"https:\/\/radioljubuski.ba\/index.php\/wp-json\/wp\/v2\/posts\/18984","targetHints":{"allow":["GET"]}}],"collection":[{"href":"https:\/\/radioljubuski.ba\/index.php\/wp-json\/wp\/v2\/posts"}],"about":[{"href":"https:\/\/radioljubuski.ba\/index.php\/wp-json\/wp\/v2\/types\/post"}],"author":[{"embeddable":true,"href":"https:\/\/radioljubuski.ba\/index.php\/wp-json\/wp\/v2\/users\/2"}],"replies":[{"embeddable":true,"href":"https:\/\/radioljubuski.ba\/index.php\/wp-json\/wp\/v2\/comments?post=18984"}],"version-history":[{"count":1,"href":"https:\/\/radioljubuski.ba\/index.php\/wp-json\/wp\/v2\/posts\/18984\/revisions"}],"predecessor-version":[{"id":18986,"href":"https:\/\/radioljubuski.ba\/index.php\/wp-json\/wp\/v2\/posts\/18984\/revisions\/18986"}],"wp:featuredmedia":[{"embeddable":true,"href":"https:\/\/radioljubuski.ba\/index.php\/wp-json\/wp\/v2\/media\/18985"}],"wp:attachment":[{"href":"https:\/\/radioljubuski.ba\/index.php\/wp-json\/wp\/v2\/media?parent=18984"}],"wp:term":[{"taxonomy":"category","embeddable":true,"href":"https:\/\/radioljubuski.ba\/index.php\/wp-json\/wp\/v2\/categories?post=18984"},{"taxonomy":"post_tag","embeddable":true,"href":"https:\/\/radioljubuski.ba\/index.php\/wp-json\/wp\/v2\/tags?post=18984"}],"curies":[{"name":"wp","href":"https:\/\/api.w.org\/{rel}","templated":true}]}}