{"id":189841,"date":"2023-04-13T12:49:12","date_gmt":"2023-04-13T11:49:12","guid":{"rendered":"https:\/\/radioljubuski.ba\/?p=189841"},"modified":"2023-04-13T13:54:06","modified_gmt":"2023-04-13T12:54:06","slug":"konferencija-za-novinare-u-izvidacu-nadamo-se-da-cemo-u-subotu-igrati-za-deveti-naslov-prvaka-bih-i-pozivamo-gledatelje-da-dodu-s-nama-proslaviti","status":"publish","type":"post","link":"https:\/\/radioljubuski.ba\/index.php\/2023\/04\/13\/konferencija-za-novinare-u-izvidacu-nadamo-se-da-cemo-u-subotu-igrati-za-deveti-naslov-prvaka-bih-i-pozivamo-gledatelje-da-dodu-s-nama-proslaviti\/","title":{"rendered":"Konferencija za novinare u Izvi\u0111a\u010d CO: Nadamo se da \u0107emo u subotu igrati za deveti naslov prvaka BiH i pozivamo gledatelje da do\u0111u s nama proslaviti"},"content":{"rendered":"\n<p>Danas je u prostorijama Izvi\u0111a\u010d CO odr\u017eana tiskovna konferencija pred utakmicu s Krivajom iz Zavidovi\u0107a koja se igra u subotu s po\u010detkom u 20 sati u Gradskoj sportskoj dvorani u Ljubu\u0161kom.&nbsp; Posebna dra\u017e te utakmice je u tome \u0161to \u0107e Izvi\u0111a\u010d pobjedom osigurati titulu prvaka BiH ukoliko u petak u susretu Gra\u010danica \u2013 Vogo\u0161\u0107a gosti ne uspiju ostvariti pobjedu.<\/p>\n\n\n\n<p>Na tiskovnoj konferenciji su o tome govorili: trener Toni \u010colina, voditelja mom\u010dadi Nedan Zovak i rukometa\u0161i Ivano Pavlovi\u0107 i Domagoj Alilovi\u0107.<\/p>\n\n\n\n<figure class=\"wp-block-image size-full\"><img loading=\"lazy\" decoding=\"async\" width=\"1000\" height=\"667\" src=\"https:\/\/radioljubuski.ba\/wp-content\/uploads\/2023\/04\/DSC0026-6.jpg\" alt=\"\" class=\"wp-image-189843\" srcset=\"https:\/\/radioljubuski.ba\/wp-content\/uploads\/2023\/04\/DSC0026-6.jpg 1000w, https:\/\/radioljubuski.ba\/wp-content\/uploads\/2023\/04\/DSC0026-6-300x200.jpg 300w, https:\/\/radioljubuski.ba\/wp-content\/uploads\/2023\/04\/DSC0026-6-768x512.jpg 768w, https:\/\/radioljubuski.ba\/wp-content\/uploads\/2023\/04\/DSC0026-6-18x12.jpg 18w\" sizes=\"auto, (max-width: 1000px) 100vw, 1000px\" \/><\/figure>\n\n\n\n<p>Na po\u010detku se Zovak osvrnuo na teku\u0107u sezonu i na kraj pro\u0161le sezone u kojoj su rukometa\u0161i Izvi\u0111a\u010d CO osvojili Kup BiH, te time stekli uvjete za sudjelovanje u Europa kupu.<\/p>\n\n\n\n<p>Podsjetio je da je Izvi\u0111a\u010d u Europa kupu pro\u0161ao prvu prepreku, respektabilnu ekipu austrijskog Linza, dok je u drugom kolu, usprkos doma\u0107oj pobjedi, eliminiran od slova\u010dke Bistrice.<\/p>\n\n\n\n<p>\u201e\u0160to se ti\u010de Kupa BiH u ovoj godini poznato vam je da smo u \u010detvrtfinalu eliminirali ekipu Gra\u010danice, te se plasirali na zavr\u0161nicu kupa gdje i ove godine idemo s \u010dvrstim stavom obrane pro\u0161logodi\u0161njeg naslova osvaja\u010da Kupa. U doma\u0107em prvenstvu skoro cijelo vrijeme dr\u017eimo vrh tablice i u subotu, igrom brojki, imamo priliku po deveti put donijeti titulu prvaka u Ljubu\u0161ki. Zna\u010di, sutra se u Gra\u010danici igra utakmica izme\u0111u istoimenog kluba i Vogo\u0161\u0107e i svaki rezultat osim pobjede Vogo\u0161\u0107e nas dovodi u situaciju da pobjedom u subotu protiv Krivaje ovjerimo titulu prvaka. Ne znam treba li bolja i ljep\u0161a pozivnica na\u0161im sugra\u0111anima, ljubiteljima sporta, ljubiteljima rukometa da u subotu u 20 sati budu u Gradskoj sportskoj dvorani\u201c, kazao je Zovak &nbsp;<\/p>\n\n\n\n<p>Nakon Zovka, o utakmici je govorio trener \u010colina.<\/p>\n\n\n\n<p>\u201eKrivaja je ambiciozno krenula u sezonu i ostvarili su nekoliko vrijednih doma\u0107ih pobjeda. Mi smo u Zavidovi\u0107ima protiv njih igrali utakmicu punu inteziteta, nametnuli su svoj ritam a mi nismo bili kompletni, ali ti igra\u010di koji su tada igrali, pogotovo Matej Ljubi\u0107, &nbsp;Mihael Bebek, Ivano Pavlovi\u0107, Mi\u0107a Vuk\u0161i\u0107.., iznijeli su tu utakmicu i slavili smo s jednim golom razlike. Ne mogu se oteti dojmu da imamo puno vi\u0161e za re\u0107i protiv protivnika kakav je Krivaja, pogotovo sada kad smo kompletniji. U nekim situacijama smo pokazali svoju snagu, pogotovu u utakmici protiv Gra\u010danice kad smo imali ful rotaciju, ali ipak s druge strane u nekim sitnicama smo grije\u0161ili u posljednje dvije prvenstvene gostuju\u0107e utakmice. \u017delimo popraviti te stvari i opet po\u010deti igrati na na\u010din na koji igramo, s puno golova, s puno tranzicija prema naprijed i puno jednostavnih rje\u0161enja. Jedva \u010dekamo utakmicu s Krivajom i ne mo\u017ee biti ljep\u0161a pozivnica za gledatelje od te utakmice. Pozivam sve prijatelje izvi\u0111a\u010da, sve navija\u010de, sve sugra\u0111ane da nas do\u0111u podr\u017eati. Odli\u010dan je termin utakmice i ja se nadam da \u0107e dvorana biti puna i da \u0107emo, ako se poklopi rezultat utakmice u Vogo\u0161\u0107i, slaviti titulu\u201c, kazao je \u010colina.<\/p>\n\n\n\n<figure class=\"wp-block-image size-full\"><img loading=\"lazy\" decoding=\"async\" width=\"1000\" height=\"667\" src=\"https:\/\/radioljubuski.ba\/wp-content\/uploads\/2023\/04\/DSC0027.jpg\" alt=\"\" class=\"wp-image-189844\" srcset=\"https:\/\/radioljubuski.ba\/wp-content\/uploads\/2023\/04\/DSC0027.jpg 1000w, https:\/\/radioljubuski.ba\/wp-content\/uploads\/2023\/04\/DSC0027-300x200.jpg 300w, https:\/\/radioljubuski.ba\/wp-content\/uploads\/2023\/04\/DSC0027-768x512.jpg 768w, https:\/\/radioljubuski.ba\/wp-content\/uploads\/2023\/04\/DSC0027-18x12.jpg 18w\" sizes=\"auto, (max-width: 1000px) 100vw, 1000px\" \/><\/figure>\n\n\n\n<p>Domagoj Alilovi\u0107 se oporavio od ozljede, koju je \u201evukao\u201c \u010detiri mjeseca, nagla\u0161ava da je spreman za utakmicu protiv Krivaje i da \u0107e mom\u010dad dati sve od sebe da ostvari pobjedu.<\/p>\n\n\n\n<p>Na pitanje novinara koja mu je ovo titula s Izvi\u0111a\u010dem i ho\u0107e li mu biti najdra\u017ea odgovorio je:<\/p>\n\n\n\n<p>Sretan sam da sam se oporavio od ozljede i spreman \u010dekam utakmicu. Ukoliko osvojimo titulu to \u0107e mi biti \u010detvrti naslov prvaka. Posebna dra\u017e ovoga naslova je u tome \u0161to se radi o vrlo mladoj ekipi, najmla\u0111oj s kojom sam igrao, a pred kojom je naslov prvaka. Svaku utakmicu ginemo, svi igra\u010di su dali svoj maksimalni doprinos. Jedva \u010dekamo utakmicu u subotu. Ukoliko u subotu osvojimo titulu u mom\u010dadi imamo dosta mladih igra\u010da kojima bi to bio prvi naslov\u201c, kazao je Alilovi\u0107.<\/p>\n\n\n\n<p>Ivano Pavlovi\u0107 ni najmanje ne sumnja da \u0107e Izvi\u0111a\u010d osvojiti titulu.<\/p>\n\n\n\n<p>Kroz sezonu smo imali dosta problema s ozljedama, vrlo \u010desto smo se morali \u201ekrpati\u201c, ali svi su igra\u010di u svakoj utakmici davali svoj maksimum. Ne smijemo sebi dozvoliti da se opustimo pred ovu utakmicu. Krivaja je na polusezoni dovela nekoliko dobrih igra\u010da, osvojili su puno bodova tako da \u0107e sigurno i ovdje do\u0107i sa \u017eeljom da uzmu bod ili pobijede. Pobijedili su u Vogo\u0161\u0107i i to dovoljno govori o njihovoj snazi u gostima. Sigurno ne\u0107e biti lako, ali imamo taj dodatni motiv da osiguramo titulu i ne sumnjam da \u0107e tako i biti\u201c, kazao je Pavlovi\u0107.<\/p>\n\n\n\n<p>Na konferenciji je dodatno konstatirano da \u0107e, ako Izvi\u0111a\u010d osvoji titulu u subotu, to biti \u010detiri kola prije kraja prvenstva i da ve\u0107 dugo nitko nije bio tako superioran u prvenstvu BiH.<\/p>\n\n\n\n<p>Radio Ljubu\u0161ki<\/p>\n\n\n\n<p><\/p>\n","protected":false},"excerpt":{"rendered":"<p>Danas je u prostorijama Izvi\u0111a\u010d CO odr\u017eana tiskovna konferencija pred utakmicu s Krivajom iz Zavidovi\u0107a koja se igra u subotu s po\u010detkom u 20 sati u Gradskoj sportskoj dvorani u Ljubu\u0161kom.&nbsp; Posebna dra\u017e te utakmice je u tome \u0161to \u0107e Izvi\u0111a\u010d pobjedom osigurati titulu prvaka BiH ukoliko u petak u susretu Gra\u010danica \u2013 Vogo\u0161\u0107a gosti [&hellip;]<\/p>\n","protected":false},"author":2,"featured_media":189842,"comment_status":"closed","ping_status":"closed","sticky":false,"template":"","format":"standard","meta":{"h5ap_radio_sources":[],"footnotes":""},"categories":[28],"tags":[],"class_list":["post-189841","post","type-post","status-publish","format-standard","has-post-thumbnail","hentry","category-novosti"],"yoast_head":"<!-- This site is optimized with the Yoast SEO plugin v27.5 - https:\/\/yoast.com\/product\/yoast-seo-wordpress\/ -->\n<title>Konferencija za novinare u Izvi\u0111a\u010d CO: Nadamo se da \u0107emo u subotu igrati za deveti naslov prvaka BiH i pozivamo gledatelje da do\u0111u s nama proslaviti - RADIO LJUBU\u0160KI<\/title>\n<meta name=\"robots\" content=\"index, follow, max-snippet:-1, max-image-preview:large, max-video-preview:-1\" \/>\n<link rel=\"canonical\" href=\"https:\/\/radioljubuski.ba\/index.php\/2023\/04\/13\/konferencija-za-novinare-u-izvidacu-nadamo-se-da-cemo-u-subotu-igrati-za-deveti-naslov-prvaka-bih-i-pozivamo-gledatelje-da-dodu-s-nama-proslaviti\/\" \/>\n<meta property=\"og:locale\" content=\"hr_HR\" \/>\n<meta property=\"og:type\" content=\"article\" \/>\n<meta property=\"og:title\" content=\"Konferencija za novinare u Izvi\u0111a\u010d CO: Nadamo se da \u0107emo u subotu igrati za deveti naslov prvaka BiH i pozivamo gledatelje da do\u0111u s nama proslaviti - RADIO LJUBU\u0160KI\" \/>\n<meta property=\"og:description\" content=\"Danas je u prostorijama Izvi\u0111a\u010d CO odr\u017eana tiskovna konferencija pred utakmicu s Krivajom iz Zavidovi\u0107a koja se igra u subotu s po\u010detkom u 20 sati u Gradskoj sportskoj dvorani u Ljubu\u0161kom.&nbsp; Posebna dra\u017e te utakmice je u tome \u0161to \u0107e Izvi\u0111a\u010d pobjedom osigurati titulu prvaka BiH ukoliko u petak u susretu Gra\u010danica \u2013 Vogo\u0161\u0107a gosti [&hellip;]\" \/>\n<meta property=\"og:url\" content=\"https:\/\/radioljubuski.ba\/index.php\/2023\/04\/13\/konferencija-za-novinare-u-izvidacu-nadamo-se-da-cemo-u-subotu-igrati-za-deveti-naslov-prvaka-bih-i-pozivamo-gledatelje-da-dodu-s-nama-proslaviti\/\" \/>\n<meta property=\"og:site_name\" content=\"RADIO LJUBU\u0160KI\" \/>\n<meta property=\"article:publisher\" content=\"https:\/\/www.facebook.com\/Radiio-Ljubuski-1490835324566332\" \/>\n<meta property=\"article:published_time\" content=\"2023-04-13T11:49:12+00:00\" \/>\n<meta property=\"article:modified_time\" content=\"2023-04-13T12:54:06+00:00\" \/>\n<meta property=\"og:image\" content=\"https:\/\/radioljubuski.ba\/wp-content\/uploads\/2023\/04\/DSC0021.jpg\" \/>\n\t<meta property=\"og:image:width\" content=\"1000\" \/>\n\t<meta property=\"og:image:height\" content=\"667\" \/>\n\t<meta property=\"og:image:type\" content=\"image\/jpeg\" \/>\n<meta name=\"author\" content=\"Radio Ljubu\u0161ki\" \/>\n<meta name=\"twitter:card\" content=\"summary_large_image\" \/>\n<meta name=\"twitter:creator\" content=\"@radioljubuski\" \/>\n<meta name=\"twitter:site\" content=\"@radioljubuski\" \/>\n<meta name=\"twitter:label1\" content=\"Napisao\/la\" \/>\n\t<meta name=\"twitter:data1\" content=\"Radio Ljubu\u0161ki\" \/>\n\t<meta name=\"twitter:label2\" content=\"Procijenjeno vrijeme \u010ditanja\" \/>\n\t<meta name=\"twitter:data2\" content=\"4 minute\" \/>\n<script type=\"application\/ld+json\" class=\"yoast-schema-graph\">{\"@context\":\"https:\\\/\\\/schema.org\",\"@graph\":[{\"@type\":\"Article\",\"@id\":\"https:\\\/\\\/radioljubuski.ba\\\/index.php\\\/2023\\\/04\\\/13\\\/konferencija-za-novinare-u-izvidacu-nadamo-se-da-cemo-u-subotu-igrati-za-deveti-naslov-prvaka-bih-i-pozivamo-gledatelje-da-dodu-s-nama-proslaviti\\\/#article\",\"isPartOf\":{\"@id\":\"https:\\\/\\\/radioljubuski.ba\\\/index.php\\\/2023\\\/04\\\/13\\\/konferencija-za-novinare-u-izvidacu-nadamo-se-da-cemo-u-subotu-igrati-za-deveti-naslov-prvaka-bih-i-pozivamo-gledatelje-da-dodu-s-nama-proslaviti\\\/\"},\"author\":{\"name\":\"Radio Ljubu\u0161ki\",\"@id\":\"https:\\\/\\\/radioljubuski.ba\\\/#\\\/schema\\\/person\\\/19fc700381a780f69665d7956c469e3b\"},\"headline\":\"Konferencija za novinare u Izvi\u0111a\u010d CO: Nadamo se da \u0107emo u subotu igrati za deveti naslov prvaka BiH i pozivamo gledatelje da do\u0111u s nama proslaviti\",\"datePublished\":\"2023-04-13T11:49:12+00:00\",\"dateModified\":\"2023-04-13T12:54:06+00:00\",\"mainEntityOfPage\":{\"@id\":\"https:\\\/\\\/radioljubuski.ba\\\/index.php\\\/2023\\\/04\\\/13\\\/konferencija-za-novinare-u-izvidacu-nadamo-se-da-cemo-u-subotu-igrati-za-deveti-naslov-prvaka-bih-i-pozivamo-gledatelje-da-dodu-s-nama-proslaviti\\\/\"},\"wordCount\":836,\"publisher\":{\"@id\":\"https:\\\/\\\/radioljubuski.ba\\\/#organization\"},\"image\":{\"@id\":\"https:\\\/\\\/radioljubuski.ba\\\/index.php\\\/2023\\\/04\\\/13\\\/konferencija-za-novinare-u-izvidacu-nadamo-se-da-cemo-u-subotu-igrati-za-deveti-naslov-prvaka-bih-i-pozivamo-gledatelje-da-dodu-s-nama-proslaviti\\\/#primaryimage\"},\"thumbnailUrl\":\"https:\\\/\\\/radioljubuski.ba\\\/wp-content\\\/uploads\\\/2023\\\/04\\\/DSC0021.jpg\",\"articleSection\":[\"Novosti\"],\"inLanguage\":\"hr\"},{\"@type\":\"WebPage\",\"@id\":\"https:\\\/\\\/radioljubuski.ba\\\/index.php\\\/2023\\\/04\\\/13\\\/konferencija-za-novinare-u-izvidacu-nadamo-se-da-cemo-u-subotu-igrati-za-deveti-naslov-prvaka-bih-i-pozivamo-gledatelje-da-dodu-s-nama-proslaviti\\\/\",\"url\":\"https:\\\/\\\/radioljubuski.ba\\\/index.php\\\/2023\\\/04\\\/13\\\/konferencija-za-novinare-u-izvidacu-nadamo-se-da-cemo-u-subotu-igrati-za-deveti-naslov-prvaka-bih-i-pozivamo-gledatelje-da-dodu-s-nama-proslaviti\\\/\",\"name\":\"Konferencija za novinare u Izvi\u0111a\u010d CO: Nadamo se da \u0107emo u subotu igrati za deveti naslov prvaka BiH i pozivamo gledatelje da do\u0111u s nama proslaviti - RADIO LJUBU\u0160KI\",\"isPartOf\":{\"@id\":\"https:\\\/\\\/radioljubuski.ba\\\/#website\"},\"primaryImageOfPage\":{\"@id\":\"https:\\\/\\\/radioljubuski.ba\\\/index.php\\\/2023\\\/04\\\/13\\\/konferencija-za-novinare-u-izvidacu-nadamo-se-da-cemo-u-subotu-igrati-za-deveti-naslov-prvaka-bih-i-pozivamo-gledatelje-da-dodu-s-nama-proslaviti\\\/#primaryimage\"},\"image\":{\"@id\":\"https:\\\/\\\/radioljubuski.ba\\\/index.php\\\/2023\\\/04\\\/13\\\/konferencija-za-novinare-u-izvidacu-nadamo-se-da-cemo-u-subotu-igrati-za-deveti-naslov-prvaka-bih-i-pozivamo-gledatelje-da-dodu-s-nama-proslaviti\\\/#primaryimage\"},\"thumbnailUrl\":\"https:\\\/\\\/radioljubuski.ba\\\/wp-content\\\/uploads\\\/2023\\\/04\\\/DSC0021.jpg\",\"datePublished\":\"2023-04-13T11:49:12+00:00\",\"dateModified\":\"2023-04-13T12:54:06+00:00\",\"breadcrumb\":{\"@id\":\"https:\\\/\\\/radioljubuski.ba\\\/index.php\\\/2023\\\/04\\\/13\\\/konferencija-za-novinare-u-izvidacu-nadamo-se-da-cemo-u-subotu-igrati-za-deveti-naslov-prvaka-bih-i-pozivamo-gledatelje-da-dodu-s-nama-proslaviti\\\/#breadcrumb\"},\"inLanguage\":\"hr\",\"potentialAction\":[{\"@type\":\"ReadAction\",\"target\":[\"https:\\\/\\\/radioljubuski.ba\\\/index.php\\\/2023\\\/04\\\/13\\\/konferencija-za-novinare-u-izvidacu-nadamo-se-da-cemo-u-subotu-igrati-za-deveti-naslov-prvaka-bih-i-pozivamo-gledatelje-da-dodu-s-nama-proslaviti\\\/\"]}]},{\"@type\":\"ImageObject\",\"inLanguage\":\"hr\",\"@id\":\"https:\\\/\\\/radioljubuski.ba\\\/index.php\\\/2023\\\/04\\\/13\\\/konferencija-za-novinare-u-izvidacu-nadamo-se-da-cemo-u-subotu-igrati-za-deveti-naslov-prvaka-bih-i-pozivamo-gledatelje-da-dodu-s-nama-proslaviti\\\/#primaryimage\",\"url\":\"https:\\\/\\\/radioljubuski.ba\\\/wp-content\\\/uploads\\\/2023\\\/04\\\/DSC0021.jpg\",\"contentUrl\":\"https:\\\/\\\/radioljubuski.ba\\\/wp-content\\\/uploads\\\/2023\\\/04\\\/DSC0021.jpg\",\"width\":1000,\"height\":667},{\"@type\":\"BreadcrumbList\",\"@id\":\"https:\\\/\\\/radioljubuski.ba\\\/index.php\\\/2023\\\/04\\\/13\\\/konferencija-za-novinare-u-izvidacu-nadamo-se-da-cemo-u-subotu-igrati-za-deveti-naslov-prvaka-bih-i-pozivamo-gledatelje-da-dodu-s-nama-proslaviti\\\/#breadcrumb\",\"itemListElement\":[{\"@type\":\"ListItem\",\"position\":1,\"name\":\"Po\u010detna stranica\",\"item\":\"https:\\\/\\\/radioljubuski.ba\\\/\"},{\"@type\":\"ListItem\",\"position\":2,\"name\":\"Konferencija za novinare u Izvi\u0111a\u010d CO: Nadamo se da \u0107emo u subotu igrati za deveti naslov prvaka BiH i pozivamo gledatelje da do\u0111u s nama proslaviti\"}]},{\"@type\":\"WebSite\",\"@id\":\"https:\\\/\\\/radioljubuski.ba\\\/#website\",\"url\":\"https:\\\/\\\/radioljubuski.ba\\\/\",\"name\":\"Radio Ljubu\u0161ki\",\"description\":\"Sun\u010dana frekvencija Hercegovine\",\"publisher\":{\"@id\":\"https:\\\/\\\/radioljubuski.ba\\\/#organization\"},\"potentialAction\":[{\"@type\":\"SearchAction\",\"target\":{\"@type\":\"EntryPoint\",\"urlTemplate\":\"https:\\\/\\\/radioljubuski.ba\\\/?s={search_term_string}\"},\"query-input\":{\"@type\":\"PropertyValueSpecification\",\"valueRequired\":true,\"valueName\":\"search_term_string\"}}],\"inLanguage\":\"hr\"},{\"@type\":\"Organization\",\"@id\":\"https:\\\/\\\/radioljubuski.ba\\\/#organization\",\"name\":\"Radio Ljubu\u0161ki\",\"url\":\"https:\\\/\\\/radioljubuski.ba\\\/\",\"logo\":{\"@type\":\"ImageObject\",\"inLanguage\":\"hr\",\"@id\":\"https:\\\/\\\/radioljubuski.ba\\\/#\\\/schema\\\/logo\\\/image\\\/\",\"url\":\"https:\\\/\\\/radioljubuski.ba\\\/wp-content\\\/uploads\\\/2021\\\/02\\\/cropped-Radio_Ljubuski_logo1.jpg\",\"contentUrl\":\"https:\\\/\\\/radioljubuski.ba\\\/wp-content\\\/uploads\\\/2021\\\/02\\\/cropped-Radio_Ljubuski_logo1.jpg\",\"width\":512,\"height\":512,\"caption\":\"Radio Ljubu\u0161ki\"},\"image\":{\"@id\":\"https:\\\/\\\/radioljubuski.ba\\\/#\\\/schema\\\/logo\\\/image\\\/\"},\"sameAs\":[\"https:\\\/\\\/www.facebook.com\\\/Radiio-Ljubuski-1490835324566332\",\"https:\\\/\\\/x.com\\\/radioljubuski\",\"https:\\\/\\\/hr.linkedin.com\\\/company\\\/radio-ljubuski\",\"https:\\\/\\\/www.youtube.com\\\/channel\\\/UCHYaeO_n0Db3tjNGudGpXyw\"]},{\"@type\":\"Person\",\"@id\":\"https:\\\/\\\/radioljubuski.ba\\\/#\\\/schema\\\/person\\\/19fc700381a780f69665d7956c469e3b\",\"name\":\"Radio Ljubu\u0161ki\"}]}<\/script>\n<!-- \/ Yoast SEO plugin. -->","yoast_head_json":{"title":"Konferencija za novinare u Izvi\u0111a\u010d CO: Nadamo se da \u0107emo u subotu igrati za deveti naslov prvaka BiH i pozivamo gledatelje da do\u0111u s nama proslaviti - RADIO LJUBU\u0160KI","robots":{"index":"index","follow":"follow","max-snippet":"max-snippet:-1","max-image-preview":"max-image-preview:large","max-video-preview":"max-video-preview:-1"},"canonical":"https:\/\/radioljubuski.ba\/index.php\/2023\/04\/13\/konferencija-za-novinare-u-izvidacu-nadamo-se-da-cemo-u-subotu-igrati-za-deveti-naslov-prvaka-bih-i-pozivamo-gledatelje-da-dodu-s-nama-proslaviti\/","og_locale":"hr_HR","og_type":"article","og_title":"Konferencija za novinare u Izvi\u0111a\u010d CO: Nadamo se da \u0107emo u subotu igrati za deveti naslov prvaka BiH i pozivamo gledatelje da do\u0111u s nama proslaviti - RADIO LJUBU\u0160KI","og_description":"Danas je u prostorijama Izvi\u0111a\u010d CO odr\u017eana tiskovna konferencija pred utakmicu s Krivajom iz Zavidovi\u0107a koja se igra u subotu s po\u010detkom u 20 sati u Gradskoj sportskoj dvorani u Ljubu\u0161kom.&nbsp; Posebna dra\u017e te utakmice je u tome \u0161to \u0107e Izvi\u0111a\u010d pobjedom osigurati titulu prvaka BiH ukoliko u petak u susretu Gra\u010danica \u2013 Vogo\u0161\u0107a gosti [&hellip;]","og_url":"https:\/\/radioljubuski.ba\/index.php\/2023\/04\/13\/konferencija-za-novinare-u-izvidacu-nadamo-se-da-cemo-u-subotu-igrati-za-deveti-naslov-prvaka-bih-i-pozivamo-gledatelje-da-dodu-s-nama-proslaviti\/","og_site_name":"RADIO LJUBU\u0160KI","article_publisher":"https:\/\/www.facebook.com\/Radiio-Ljubuski-1490835324566332","article_published_time":"2023-04-13T11:49:12+00:00","article_modified_time":"2023-04-13T12:54:06+00:00","og_image":[{"width":1000,"height":667,"url":"https:\/\/radioljubuski.ba\/wp-content\/uploads\/2023\/04\/DSC0021.jpg","type":"image\/jpeg"}],"author":"Radio Ljubu\u0161ki","twitter_card":"summary_large_image","twitter_creator":"@radioljubuski","twitter_site":"@radioljubuski","twitter_misc":{"Napisao\/la":"Radio Ljubu\u0161ki","Procijenjeno vrijeme \u010ditanja":"4 minute"},"schema":{"@context":"https:\/\/schema.org","@graph":[{"@type":"Article","@id":"https:\/\/radioljubuski.ba\/index.php\/2023\/04\/13\/konferencija-za-novinare-u-izvidacu-nadamo-se-da-cemo-u-subotu-igrati-za-deveti-naslov-prvaka-bih-i-pozivamo-gledatelje-da-dodu-s-nama-proslaviti\/#article","isPartOf":{"@id":"https:\/\/radioljubuski.ba\/index.php\/2023\/04\/13\/konferencija-za-novinare-u-izvidacu-nadamo-se-da-cemo-u-subotu-igrati-za-deveti-naslov-prvaka-bih-i-pozivamo-gledatelje-da-dodu-s-nama-proslaviti\/"},"author":{"name":"Radio Ljubu\u0161ki","@id":"https:\/\/radioljubuski.ba\/#\/schema\/person\/19fc700381a780f69665d7956c469e3b"},"headline":"Konferencija za novinare u Izvi\u0111a\u010d CO: Nadamo se da \u0107emo u subotu igrati za deveti naslov prvaka BiH i pozivamo gledatelje da do\u0111u s nama proslaviti","datePublished":"2023-04-13T11:49:12+00:00","dateModified":"2023-04-13T12:54:06+00:00","mainEntityOfPage":{"@id":"https:\/\/radioljubuski.ba\/index.php\/2023\/04\/13\/konferencija-za-novinare-u-izvidacu-nadamo-se-da-cemo-u-subotu-igrati-za-deveti-naslov-prvaka-bih-i-pozivamo-gledatelje-da-dodu-s-nama-proslaviti\/"},"wordCount":836,"publisher":{"@id":"https:\/\/radioljubuski.ba\/#organization"},"image":{"@id":"https:\/\/radioljubuski.ba\/index.php\/2023\/04\/13\/konferencija-za-novinare-u-izvidacu-nadamo-se-da-cemo-u-subotu-igrati-za-deveti-naslov-prvaka-bih-i-pozivamo-gledatelje-da-dodu-s-nama-proslaviti\/#primaryimage"},"thumbnailUrl":"https:\/\/radioljubuski.ba\/wp-content\/uploads\/2023\/04\/DSC0021.jpg","articleSection":["Novosti"],"inLanguage":"hr"},{"@type":"WebPage","@id":"https:\/\/radioljubuski.ba\/index.php\/2023\/04\/13\/konferencija-za-novinare-u-izvidacu-nadamo-se-da-cemo-u-subotu-igrati-za-deveti-naslov-prvaka-bih-i-pozivamo-gledatelje-da-dodu-s-nama-proslaviti\/","url":"https:\/\/radioljubuski.ba\/index.php\/2023\/04\/13\/konferencija-za-novinare-u-izvidacu-nadamo-se-da-cemo-u-subotu-igrati-za-deveti-naslov-prvaka-bih-i-pozivamo-gledatelje-da-dodu-s-nama-proslaviti\/","name":"Konferencija za novinare u Izvi\u0111a\u010d CO: Nadamo se da \u0107emo u subotu igrati za deveti naslov prvaka BiH i pozivamo gledatelje da do\u0111u s nama proslaviti - RADIO LJUBU\u0160KI","isPartOf":{"@id":"https:\/\/radioljubuski.ba\/#website"},"primaryImageOfPage":{"@id":"https:\/\/radioljubuski.ba\/index.php\/2023\/04\/13\/konferencija-za-novinare-u-izvidacu-nadamo-se-da-cemo-u-subotu-igrati-za-deveti-naslov-prvaka-bih-i-pozivamo-gledatelje-da-dodu-s-nama-proslaviti\/#primaryimage"},"image":{"@id":"https:\/\/radioljubuski.ba\/index.php\/2023\/04\/13\/konferencija-za-novinare-u-izvidacu-nadamo-se-da-cemo-u-subotu-igrati-za-deveti-naslov-prvaka-bih-i-pozivamo-gledatelje-da-dodu-s-nama-proslaviti\/#primaryimage"},"thumbnailUrl":"https:\/\/radioljubuski.ba\/wp-content\/uploads\/2023\/04\/DSC0021.jpg","datePublished":"2023-04-13T11:49:12+00:00","dateModified":"2023-04-13T12:54:06+00:00","breadcrumb":{"@id":"https:\/\/radioljubuski.ba\/index.php\/2023\/04\/13\/konferencija-za-novinare-u-izvidacu-nadamo-se-da-cemo-u-subotu-igrati-za-deveti-naslov-prvaka-bih-i-pozivamo-gledatelje-da-dodu-s-nama-proslaviti\/#breadcrumb"},"inLanguage":"hr","potentialAction":[{"@type":"ReadAction","target":["https:\/\/radioljubuski.ba\/index.php\/2023\/04\/13\/konferencija-za-novinare-u-izvidacu-nadamo-se-da-cemo-u-subotu-igrati-za-deveti-naslov-prvaka-bih-i-pozivamo-gledatelje-da-dodu-s-nama-proslaviti\/"]}]},{"@type":"ImageObject","inLanguage":"hr","@id":"https:\/\/radioljubuski.ba\/index.php\/2023\/04\/13\/konferencija-za-novinare-u-izvidacu-nadamo-se-da-cemo-u-subotu-igrati-za-deveti-naslov-prvaka-bih-i-pozivamo-gledatelje-da-dodu-s-nama-proslaviti\/#primaryimage","url":"https:\/\/radioljubuski.ba\/wp-content\/uploads\/2023\/04\/DSC0021.jpg","contentUrl":"https:\/\/radioljubuski.ba\/wp-content\/uploads\/2023\/04\/DSC0021.jpg","width":1000,"height":667},{"@type":"BreadcrumbList","@id":"https:\/\/radioljubuski.ba\/index.php\/2023\/04\/13\/konferencija-za-novinare-u-izvidacu-nadamo-se-da-cemo-u-subotu-igrati-za-deveti-naslov-prvaka-bih-i-pozivamo-gledatelje-da-dodu-s-nama-proslaviti\/#breadcrumb","itemListElement":[{"@type":"ListItem","position":1,"name":"Po\u010detna stranica","item":"https:\/\/radioljubuski.ba\/"},{"@type":"ListItem","position":2,"name":"Konferencija za novinare u Izvi\u0111a\u010d CO: Nadamo se da \u0107emo u subotu igrati za deveti naslov prvaka BiH i pozivamo gledatelje da do\u0111u s nama proslaviti"}]},{"@type":"WebSite","@id":"https:\/\/radioljubuski.ba\/#website","url":"https:\/\/radioljubuski.ba\/","name":"Radio Ljubu\u0161ki","description":"Sun\u010dana frekvencija Hercegovine","publisher":{"@id":"https:\/\/radioljubuski.ba\/#organization"},"potentialAction":[{"@type":"SearchAction","target":{"@type":"EntryPoint","urlTemplate":"https:\/\/radioljubuski.ba\/?s={search_term_string}"},"query-input":{"@type":"PropertyValueSpecification","valueRequired":true,"valueName":"search_term_string"}}],"inLanguage":"hr"},{"@type":"Organization","@id":"https:\/\/radioljubuski.ba\/#organization","name":"Radio Ljubu\u0161ki","url":"https:\/\/radioljubuski.ba\/","logo":{"@type":"ImageObject","inLanguage":"hr","@id":"https:\/\/radioljubuski.ba\/#\/schema\/logo\/image\/","url":"https:\/\/radioljubuski.ba\/wp-content\/uploads\/2021\/02\/cropped-Radio_Ljubuski_logo1.jpg","contentUrl":"https:\/\/radioljubuski.ba\/wp-content\/uploads\/2021\/02\/cropped-Radio_Ljubuski_logo1.jpg","width":512,"height":512,"caption":"Radio Ljubu\u0161ki"},"image":{"@id":"https:\/\/radioljubuski.ba\/#\/schema\/logo\/image\/"},"sameAs":["https:\/\/www.facebook.com\/Radiio-Ljubuski-1490835324566332","https:\/\/x.com\/radioljubuski","https:\/\/hr.linkedin.com\/company\/radio-ljubuski","https:\/\/www.youtube.com\/channel\/UCHYaeO_n0Db3tjNGudGpXyw"]},{"@type":"Person","@id":"https:\/\/radioljubuski.ba\/#\/schema\/person\/19fc700381a780f69665d7956c469e3b","name":"Radio Ljubu\u0161ki"}]}},"_links":{"self":[{"href":"https:\/\/radioljubuski.ba\/index.php\/wp-json\/wp\/v2\/posts\/189841","targetHints":{"allow":["GET"]}}],"collection":[{"href":"https:\/\/radioljubuski.ba\/index.php\/wp-json\/wp\/v2\/posts"}],"about":[{"href":"https:\/\/radioljubuski.ba\/index.php\/wp-json\/wp\/v2\/types\/post"}],"author":[{"embeddable":true,"href":"https:\/\/radioljubuski.ba\/index.php\/wp-json\/wp\/v2\/users\/2"}],"replies":[{"embeddable":true,"href":"https:\/\/radioljubuski.ba\/index.php\/wp-json\/wp\/v2\/comments?post=189841"}],"version-history":[{"count":2,"href":"https:\/\/radioljubuski.ba\/index.php\/wp-json\/wp\/v2\/posts\/189841\/revisions"}],"predecessor-version":[{"id":189852,"href":"https:\/\/radioljubuski.ba\/index.php\/wp-json\/wp\/v2\/posts\/189841\/revisions\/189852"}],"wp:featuredmedia":[{"embeddable":true,"href":"https:\/\/radioljubuski.ba\/index.php\/wp-json\/wp\/v2\/media\/189842"}],"wp:attachment":[{"href":"https:\/\/radioljubuski.ba\/index.php\/wp-json\/wp\/v2\/media?parent=189841"}],"wp:term":[{"taxonomy":"category","embeddable":true,"href":"https:\/\/radioljubuski.ba\/index.php\/wp-json\/wp\/v2\/categories?post=189841"},{"taxonomy":"post_tag","embeddable":true,"href":"https:\/\/radioljubuski.ba\/index.php\/wp-json\/wp\/v2\/tags?post=189841"}],"curies":[{"name":"wp","href":"https:\/\/api.w.org\/{rel}","templated":true}]}}