{"id":190070,"date":"2023-04-21T07:03:08","date_gmt":"2023-04-21T06:03:08","guid":{"rendered":"https:\/\/radioljubuski.ba\/?p=190070"},"modified":"2023-04-21T07:03:09","modified_gmt":"2023-04-21T06:03:09","slug":"u-tijeku-su-prijave-za-3-ljubuski-outdoor-festival-2","status":"publish","type":"post","link":"https:\/\/radioljubuski.ba\/index.php\/2023\/04\/21\/u-tijeku-su-prijave-za-3-ljubuski-outdoor-festival-2\/","title":{"rendered":"U tijeku su prijave za 3. Ljubu\u0161ki Outdoor festival"},"content":{"rendered":"\n<p>Ovogodi\u0161nje 3. po redu izdanje LJOF-a odr\u017eati \u0107e se od 25. do 28. svibnja 2023. te \u0107e osim natjecateljskih disciplina ponuditi i mno\u0161tvo dodatnih sadr\u017eaja i aktivnosti tokom festivala.<br>Ljubu\u0161ki Outdoor Festival u cjelini \u010dini skup sportsko-rekreativnih aktivnosti kojim se povezuje i revitalizira razasuta kulturno-povijesna i prirodna ba\u0161tina du\u017e natjecateljskih ruta.<br>U \u010detvrtak 25.5. u 20 sati&nbsp; u dvorani Kulturnog centra Ljubu\u0161ki biti \u0107e otvaranje festivala i outdoor tribina sa vrlo zanimljivim gostima koji se bave aktivnim turizmom u regiji.<br>\u201eMemorijalna utrka kajacima profesor \u017darko Bili\u0107\u201c na rijeci Trebi\u017eat uz prekrasni nasip \u201eBajer\u201c po\u010dinje u petak u 12 sati, a nakon utrke slijedi humanitarni spust kajacima od \u010cevelju\u0161e do vodopada Kravica gdje prikupljamo sredstva za udrugu roditelja djece s posebnim potrebama \u201eDUGA\u201c.<br>Outdoor sajam po\u010dinje u petak kod vodopada Kravica sa zanimljivim radionicama iz svijeta sportskog penjanja, vodenih sportova, paraglidinga, speleologije, biciklizma, ronjenja itd. i traje tri dana festivala.<br>Dje\u010dje utrke do 1 km u biciklizmu i tr\u010danju po\u010dinju u petak u 17 h kod vodopada Kravica, sudjelovanje je besplatno a djeca \u0107e dobiti poklon paket sponzora kao i medalju za sudjelovanje.<br>&nbsp;<br>U petak u ve\u010dernjim terminima, na platou iznad Kravice nastupaju bendovi glazbene \u0161kole Ljubu\u0161ki te dobro poznati bend PSIHOMODO POP iz Zagreba.<br>U subotu od 9 sati po\u010dinje paragliding natjecanje u preciznom siljetanju \u201eKOSA\u010cA\u201c te u popodnevnim satima dvije trka\u010dke discipline: Polumaraton \u201cDva slapa\u201c i ljubu\u0161ka desetka \u201eScunasticus\u201c<br>Nakon trka\u010dkih disciplina svi posjetitelji festivala mo\u0107i \u0107e u\u017eivati u nastupa \u017dELJKA BEBEKA i njegovog benda, tako\u0111er na platou iznad Kravice.<br>U nedjelju svi koji se prijave imati \u0107e priliku u jutarnjim satima krenuti sa planinarskim vodi\u010dima&nbsp; prema najve\u0107em vrhu u Ljubu\u0161kom \u2013 Vrlosinj 956 mnv.<br>Nedjelja je tako\u0111er rezervirana za bicklisti\u010dke utrke \u201eSTIPE\u201c i&nbsp; \u201eMARA\u201c a koje polaze sa vodopada Ko\u0107u\u0161a&nbsp; malo prije podneva.<br>&nbsp;<br>Svi posjetitelji festival \u010diji je glavni partner D\u017eaji\u0107 Commerce mo\u0107i \u0107e u\u017eivati u zanimljivim sadr\u017eajima koje nudi outdoor sajam, u zanimljivim natjecanjima i glazbenim poslasticama.<br>Natjecatelji koji se prijave putem web stranice na jedno od natjecanja u programu festivala i uplate kotizaciju od 30 KM u svom startnom paketu \u0107e dobiti slu\u017ebenu majicu festivala, nagrade sponzora, besplatan posjet vodopadu Kravici i muzeju na Humcu, besplatan obrok na festivalu i naravno fini\u0161ersku medalju na kraju svoje utrke.<br>&nbsp;<br>Prijavite se i natje\u010dite&nbsp; u jednoj od disciplina u Ljubu\u0161kom. Prijave traju do 10.5. a prijaviti se mo\u017eete putem web stranice festivala www.ljof.ba<br>&nbsp;<br>Rezervirajte zadnji vikend u 5. mjesecu za LJUBU\u0160KI OUTDOOR FESTIVAL i u\u017eivajte u festivalu sporta, dru\u017eenja, zabave, glazbe i prirode u Ljubu\u0161kom!<br>Vidimo se!<br>&nbsp;<br>Organizatori:<br>JP PARKOVI LJUBU\u0160KI D.O.O., GRAD LJUBU\u0160KI, TURISTI\u010cKA ZAJEDNICA GRADA LJUBU\u0160KOG,<br>BICIKLISTI\u010cKI KLUB LJUBU\u0160KI, PARAGLIDING KLUB LJUBU\u0160KI, HRVATSKI ATLETSKI KLUB LJUBU\u0160KI, GSS<br>LJUBU\u0160KI, FOTO KLUB FOKUS I UDRUGA TREBI\u017dAT LJUBU\u0160KI.<\/p>\n","protected":false},"excerpt":{"rendered":"<p>Ovogodi\u0161nje 3. po redu izdanje LJOF-a odr\u017eati \u0107e se od 25. do 28. svibnja 2023. te \u0107e osim natjecateljskih disciplina ponuditi i mno\u0161tvo dodatnih sadr\u017eaja i aktivnosti tokom festivala.Ljubu\u0161ki Outdoor Festival u cjelini \u010dini skup sportsko-rekreativnih aktivnosti kojim se povezuje i revitalizira razasuta kulturno-povijesna i prirodna ba\u0161tina du\u017e natjecateljskih ruta.U \u010detvrtak 25.5. u 20 sati&nbsp; [&hellip;]<\/p>\n","protected":false},"author":2,"featured_media":190071,"comment_status":"closed","ping_status":"closed","sticky":false,"template":"","format":"standard","meta":{"h5ap_radio_sources":[],"footnotes":""},"categories":[28],"tags":[],"class_list":["post-190070","post","type-post","status-publish","format-standard","has-post-thumbnail","hentry","category-novosti"],"yoast_head":"<!-- This site is optimized with the Yoast SEO plugin v27.5 - https:\/\/yoast.com\/product\/yoast-seo-wordpress\/ -->\n<title>U tijeku su prijave za 3. Ljubu\u0161ki Outdoor festival - RADIO LJUBU\u0160KI<\/title>\n<meta name=\"robots\" content=\"index, follow, max-snippet:-1, max-image-preview:large, max-video-preview:-1\" \/>\n<link rel=\"canonical\" href=\"https:\/\/radioljubuski.ba\/index.php\/2023\/04\/21\/u-tijeku-su-prijave-za-3-ljubuski-outdoor-festival-2\/\" \/>\n<meta property=\"og:locale\" content=\"hr_HR\" \/>\n<meta property=\"og:type\" content=\"article\" \/>\n<meta property=\"og:title\" content=\"U tijeku su prijave za 3. Ljubu\u0161ki Outdoor festival - RADIO LJUBU\u0160KI\" \/>\n<meta property=\"og:description\" content=\"Ovogodi\u0161nje 3. po redu izdanje LJOF-a odr\u017eati \u0107e se od 25. do 28. svibnja 2023. te \u0107e osim natjecateljskih disciplina ponuditi i mno\u0161tvo dodatnih sadr\u017eaja i aktivnosti tokom festivala.Ljubu\u0161ki Outdoor Festival u cjelini \u010dini skup sportsko-rekreativnih aktivnosti kojim se povezuje i revitalizira razasuta kulturno-povijesna i prirodna ba\u0161tina du\u017e natjecateljskih ruta.U \u010detvrtak 25.5. u 20 sati&nbsp; [&hellip;]\" \/>\n<meta property=\"og:url\" content=\"https:\/\/radioljubuski.ba\/index.php\/2023\/04\/21\/u-tijeku-su-prijave-za-3-ljubuski-outdoor-festival-2\/\" \/>\n<meta property=\"og:site_name\" content=\"RADIO LJUBU\u0160KI\" \/>\n<meta property=\"article:publisher\" content=\"https:\/\/www.facebook.com\/Radiio-Ljubuski-1490835324566332\" \/>\n<meta property=\"article:published_time\" content=\"2023-04-21T06:03:08+00:00\" \/>\n<meta property=\"article:modified_time\" content=\"2023-04-21T06:03:09+00:00\" \/>\n<meta property=\"og:image\" content=\"https:\/\/radioljubuski.ba\/wp-content\/uploads\/2023\/04\/Ljof-za-stranice-scaled.jpg\" \/>\n\t<meta property=\"og:image:width\" content=\"2560\" \/>\n\t<meta property=\"og:image:height\" content=\"1224\" \/>\n\t<meta property=\"og:image:type\" content=\"image\/jpeg\" \/>\n<meta name=\"author\" content=\"Radio Ljubu\u0161ki\" \/>\n<meta name=\"twitter:card\" content=\"summary_large_image\" \/>\n<meta name=\"twitter:creator\" content=\"@radioljubuski\" \/>\n<meta name=\"twitter:site\" content=\"@radioljubuski\" \/>\n<meta name=\"twitter:label1\" content=\"Napisao\/la\" \/>\n\t<meta name=\"twitter:data1\" content=\"Radio Ljubu\u0161ki\" \/>\n\t<meta name=\"twitter:label2\" content=\"Procijenjeno vrijeme \u010ditanja\" \/>\n\t<meta name=\"twitter:data2\" content=\"3 minute\" \/>\n<script type=\"application\/ld+json\" class=\"yoast-schema-graph\">{\"@context\":\"https:\\\/\\\/schema.org\",\"@graph\":[{\"@type\":\"Article\",\"@id\":\"https:\\\/\\\/radioljubuski.ba\\\/index.php\\\/2023\\\/04\\\/21\\\/u-tijeku-su-prijave-za-3-ljubuski-outdoor-festival-2\\\/#article\",\"isPartOf\":{\"@id\":\"https:\\\/\\\/radioljubuski.ba\\\/index.php\\\/2023\\\/04\\\/21\\\/u-tijeku-su-prijave-za-3-ljubuski-outdoor-festival-2\\\/\"},\"author\":{\"name\":\"Radio Ljubu\u0161ki\",\"@id\":\"https:\\\/\\\/radioljubuski.ba\\\/#\\\/schema\\\/person\\\/19fc700381a780f69665d7956c469e3b\"},\"headline\":\"U tijeku su prijave za 3. Ljubu\u0161ki Outdoor festival\",\"datePublished\":\"2023-04-21T06:03:08+00:00\",\"dateModified\":\"2023-04-21T06:03:09+00:00\",\"mainEntityOfPage\":{\"@id\":\"https:\\\/\\\/radioljubuski.ba\\\/index.php\\\/2023\\\/04\\\/21\\\/u-tijeku-su-prijave-za-3-ljubuski-outdoor-festival-2\\\/\"},\"wordCount\":510,\"publisher\":{\"@id\":\"https:\\\/\\\/radioljubuski.ba\\\/#organization\"},\"image\":{\"@id\":\"https:\\\/\\\/radioljubuski.ba\\\/index.php\\\/2023\\\/04\\\/21\\\/u-tijeku-su-prijave-za-3-ljubuski-outdoor-festival-2\\\/#primaryimage\"},\"thumbnailUrl\":\"https:\\\/\\\/radioljubuski.ba\\\/wp-content\\\/uploads\\\/2023\\\/04\\\/Ljof-za-stranice-scaled.jpg\",\"articleSection\":[\"Novosti\"],\"inLanguage\":\"hr\"},{\"@type\":\"WebPage\",\"@id\":\"https:\\\/\\\/radioljubuski.ba\\\/index.php\\\/2023\\\/04\\\/21\\\/u-tijeku-su-prijave-za-3-ljubuski-outdoor-festival-2\\\/\",\"url\":\"https:\\\/\\\/radioljubuski.ba\\\/index.php\\\/2023\\\/04\\\/21\\\/u-tijeku-su-prijave-za-3-ljubuski-outdoor-festival-2\\\/\",\"name\":\"U tijeku su prijave za 3. Ljubu\u0161ki Outdoor festival - RADIO LJUBU\u0160KI\",\"isPartOf\":{\"@id\":\"https:\\\/\\\/radioljubuski.ba\\\/#website\"},\"primaryImageOfPage\":{\"@id\":\"https:\\\/\\\/radioljubuski.ba\\\/index.php\\\/2023\\\/04\\\/21\\\/u-tijeku-su-prijave-za-3-ljubuski-outdoor-festival-2\\\/#primaryimage\"},\"image\":{\"@id\":\"https:\\\/\\\/radioljubuski.ba\\\/index.php\\\/2023\\\/04\\\/21\\\/u-tijeku-su-prijave-za-3-ljubuski-outdoor-festival-2\\\/#primaryimage\"},\"thumbnailUrl\":\"https:\\\/\\\/radioljubuski.ba\\\/wp-content\\\/uploads\\\/2023\\\/04\\\/Ljof-za-stranice-scaled.jpg\",\"datePublished\":\"2023-04-21T06:03:08+00:00\",\"dateModified\":\"2023-04-21T06:03:09+00:00\",\"breadcrumb\":{\"@id\":\"https:\\\/\\\/radioljubuski.ba\\\/index.php\\\/2023\\\/04\\\/21\\\/u-tijeku-su-prijave-za-3-ljubuski-outdoor-festival-2\\\/#breadcrumb\"},\"inLanguage\":\"hr\",\"potentialAction\":[{\"@type\":\"ReadAction\",\"target\":[\"https:\\\/\\\/radioljubuski.ba\\\/index.php\\\/2023\\\/04\\\/21\\\/u-tijeku-su-prijave-za-3-ljubuski-outdoor-festival-2\\\/\"]}]},{\"@type\":\"ImageObject\",\"inLanguage\":\"hr\",\"@id\":\"https:\\\/\\\/radioljubuski.ba\\\/index.php\\\/2023\\\/04\\\/21\\\/u-tijeku-su-prijave-za-3-ljubuski-outdoor-festival-2\\\/#primaryimage\",\"url\":\"https:\\\/\\\/radioljubuski.ba\\\/wp-content\\\/uploads\\\/2023\\\/04\\\/Ljof-za-stranice-scaled.jpg\",\"contentUrl\":\"https:\\\/\\\/radioljubuski.ba\\\/wp-content\\\/uploads\\\/2023\\\/04\\\/Ljof-za-stranice-scaled.jpg\",\"width\":2560,\"height\":1224},{\"@type\":\"BreadcrumbList\",\"@id\":\"https:\\\/\\\/radioljubuski.ba\\\/index.php\\\/2023\\\/04\\\/21\\\/u-tijeku-su-prijave-za-3-ljubuski-outdoor-festival-2\\\/#breadcrumb\",\"itemListElement\":[{\"@type\":\"ListItem\",\"position\":1,\"name\":\"Po\u010detna stranica\",\"item\":\"https:\\\/\\\/radioljubuski.ba\\\/\"},{\"@type\":\"ListItem\",\"position\":2,\"name\":\"U tijeku su prijave za 3. Ljubu\u0161ki Outdoor festival\"}]},{\"@type\":\"WebSite\",\"@id\":\"https:\\\/\\\/radioljubuski.ba\\\/#website\",\"url\":\"https:\\\/\\\/radioljubuski.ba\\\/\",\"name\":\"Radio Ljubu\u0161ki\",\"description\":\"Sun\u010dana frekvencija Hercegovine\",\"publisher\":{\"@id\":\"https:\\\/\\\/radioljubuski.ba\\\/#organization\"},\"potentialAction\":[{\"@type\":\"SearchAction\",\"target\":{\"@type\":\"EntryPoint\",\"urlTemplate\":\"https:\\\/\\\/radioljubuski.ba\\\/?s={search_term_string}\"},\"query-input\":{\"@type\":\"PropertyValueSpecification\",\"valueRequired\":true,\"valueName\":\"search_term_string\"}}],\"inLanguage\":\"hr\"},{\"@type\":\"Organization\",\"@id\":\"https:\\\/\\\/radioljubuski.ba\\\/#organization\",\"name\":\"Radio Ljubu\u0161ki\",\"url\":\"https:\\\/\\\/radioljubuski.ba\\\/\",\"logo\":{\"@type\":\"ImageObject\",\"inLanguage\":\"hr\",\"@id\":\"https:\\\/\\\/radioljubuski.ba\\\/#\\\/schema\\\/logo\\\/image\\\/\",\"url\":\"https:\\\/\\\/radioljubuski.ba\\\/wp-content\\\/uploads\\\/2021\\\/02\\\/cropped-Radio_Ljubuski_logo1.jpg\",\"contentUrl\":\"https:\\\/\\\/radioljubuski.ba\\\/wp-content\\\/uploads\\\/2021\\\/02\\\/cropped-Radio_Ljubuski_logo1.jpg\",\"width\":512,\"height\":512,\"caption\":\"Radio Ljubu\u0161ki\"},\"image\":{\"@id\":\"https:\\\/\\\/radioljubuski.ba\\\/#\\\/schema\\\/logo\\\/image\\\/\"},\"sameAs\":[\"https:\\\/\\\/www.facebook.com\\\/Radiio-Ljubuski-1490835324566332\",\"https:\\\/\\\/x.com\\\/radioljubuski\",\"https:\\\/\\\/hr.linkedin.com\\\/company\\\/radio-ljubuski\",\"https:\\\/\\\/www.youtube.com\\\/channel\\\/UCHYaeO_n0Db3tjNGudGpXyw\"]},{\"@type\":\"Person\",\"@id\":\"https:\\\/\\\/radioljubuski.ba\\\/#\\\/schema\\\/person\\\/19fc700381a780f69665d7956c469e3b\",\"name\":\"Radio Ljubu\u0161ki\"}]}<\/script>\n<!-- \/ Yoast SEO plugin. -->","yoast_head_json":{"title":"U tijeku su prijave za 3. Ljubu\u0161ki Outdoor festival - RADIO LJUBU\u0160KI","robots":{"index":"index","follow":"follow","max-snippet":"max-snippet:-1","max-image-preview":"max-image-preview:large","max-video-preview":"max-video-preview:-1"},"canonical":"https:\/\/radioljubuski.ba\/index.php\/2023\/04\/21\/u-tijeku-su-prijave-za-3-ljubuski-outdoor-festival-2\/","og_locale":"hr_HR","og_type":"article","og_title":"U tijeku su prijave za 3. Ljubu\u0161ki Outdoor festival - RADIO LJUBU\u0160KI","og_description":"Ovogodi\u0161nje 3. po redu izdanje LJOF-a odr\u017eati \u0107e se od 25. do 28. svibnja 2023. te \u0107e osim natjecateljskih disciplina ponuditi i mno\u0161tvo dodatnih sadr\u017eaja i aktivnosti tokom festivala.Ljubu\u0161ki Outdoor Festival u cjelini \u010dini skup sportsko-rekreativnih aktivnosti kojim se povezuje i revitalizira razasuta kulturno-povijesna i prirodna ba\u0161tina du\u017e natjecateljskih ruta.U \u010detvrtak 25.5. u 20 sati&nbsp; [&hellip;]","og_url":"https:\/\/radioljubuski.ba\/index.php\/2023\/04\/21\/u-tijeku-su-prijave-za-3-ljubuski-outdoor-festival-2\/","og_site_name":"RADIO LJUBU\u0160KI","article_publisher":"https:\/\/www.facebook.com\/Radiio-Ljubuski-1490835324566332","article_published_time":"2023-04-21T06:03:08+00:00","article_modified_time":"2023-04-21T06:03:09+00:00","og_image":[{"width":2560,"height":1224,"url":"https:\/\/radioljubuski.ba\/wp-content\/uploads\/2023\/04\/Ljof-za-stranice-scaled.jpg","type":"image\/jpeg"}],"author":"Radio Ljubu\u0161ki","twitter_card":"summary_large_image","twitter_creator":"@radioljubuski","twitter_site":"@radioljubuski","twitter_misc":{"Napisao\/la":"Radio Ljubu\u0161ki","Procijenjeno vrijeme \u010ditanja":"3 minute"},"schema":{"@context":"https:\/\/schema.org","@graph":[{"@type":"Article","@id":"https:\/\/radioljubuski.ba\/index.php\/2023\/04\/21\/u-tijeku-su-prijave-za-3-ljubuski-outdoor-festival-2\/#article","isPartOf":{"@id":"https:\/\/radioljubuski.ba\/index.php\/2023\/04\/21\/u-tijeku-su-prijave-za-3-ljubuski-outdoor-festival-2\/"},"author":{"name":"Radio Ljubu\u0161ki","@id":"https:\/\/radioljubuski.ba\/#\/schema\/person\/19fc700381a780f69665d7956c469e3b"},"headline":"U tijeku su prijave za 3. Ljubu\u0161ki Outdoor festival","datePublished":"2023-04-21T06:03:08+00:00","dateModified":"2023-04-21T06:03:09+00:00","mainEntityOfPage":{"@id":"https:\/\/radioljubuski.ba\/index.php\/2023\/04\/21\/u-tijeku-su-prijave-za-3-ljubuski-outdoor-festival-2\/"},"wordCount":510,"publisher":{"@id":"https:\/\/radioljubuski.ba\/#organization"},"image":{"@id":"https:\/\/radioljubuski.ba\/index.php\/2023\/04\/21\/u-tijeku-su-prijave-za-3-ljubuski-outdoor-festival-2\/#primaryimage"},"thumbnailUrl":"https:\/\/radioljubuski.ba\/wp-content\/uploads\/2023\/04\/Ljof-za-stranice-scaled.jpg","articleSection":["Novosti"],"inLanguage":"hr"},{"@type":"WebPage","@id":"https:\/\/radioljubuski.ba\/index.php\/2023\/04\/21\/u-tijeku-su-prijave-za-3-ljubuski-outdoor-festival-2\/","url":"https:\/\/radioljubuski.ba\/index.php\/2023\/04\/21\/u-tijeku-su-prijave-za-3-ljubuski-outdoor-festival-2\/","name":"U tijeku su prijave za 3. Ljubu\u0161ki Outdoor festival - RADIO LJUBU\u0160KI","isPartOf":{"@id":"https:\/\/radioljubuski.ba\/#website"},"primaryImageOfPage":{"@id":"https:\/\/radioljubuski.ba\/index.php\/2023\/04\/21\/u-tijeku-su-prijave-za-3-ljubuski-outdoor-festival-2\/#primaryimage"},"image":{"@id":"https:\/\/radioljubuski.ba\/index.php\/2023\/04\/21\/u-tijeku-su-prijave-za-3-ljubuski-outdoor-festival-2\/#primaryimage"},"thumbnailUrl":"https:\/\/radioljubuski.ba\/wp-content\/uploads\/2023\/04\/Ljof-za-stranice-scaled.jpg","datePublished":"2023-04-21T06:03:08+00:00","dateModified":"2023-04-21T06:03:09+00:00","breadcrumb":{"@id":"https:\/\/radioljubuski.ba\/index.php\/2023\/04\/21\/u-tijeku-su-prijave-za-3-ljubuski-outdoor-festival-2\/#breadcrumb"},"inLanguage":"hr","potentialAction":[{"@type":"ReadAction","target":["https:\/\/radioljubuski.ba\/index.php\/2023\/04\/21\/u-tijeku-su-prijave-za-3-ljubuski-outdoor-festival-2\/"]}]},{"@type":"ImageObject","inLanguage":"hr","@id":"https:\/\/radioljubuski.ba\/index.php\/2023\/04\/21\/u-tijeku-su-prijave-za-3-ljubuski-outdoor-festival-2\/#primaryimage","url":"https:\/\/radioljubuski.ba\/wp-content\/uploads\/2023\/04\/Ljof-za-stranice-scaled.jpg","contentUrl":"https:\/\/radioljubuski.ba\/wp-content\/uploads\/2023\/04\/Ljof-za-stranice-scaled.jpg","width":2560,"height":1224},{"@type":"BreadcrumbList","@id":"https:\/\/radioljubuski.ba\/index.php\/2023\/04\/21\/u-tijeku-su-prijave-za-3-ljubuski-outdoor-festival-2\/#breadcrumb","itemListElement":[{"@type":"ListItem","position":1,"name":"Po\u010detna stranica","item":"https:\/\/radioljubuski.ba\/"},{"@type":"ListItem","position":2,"name":"U tijeku su prijave za 3. Ljubu\u0161ki Outdoor festival"}]},{"@type":"WebSite","@id":"https:\/\/radioljubuski.ba\/#website","url":"https:\/\/radioljubuski.ba\/","name":"Radio Ljubu\u0161ki","description":"Sun\u010dana frekvencija Hercegovine","publisher":{"@id":"https:\/\/radioljubuski.ba\/#organization"},"potentialAction":[{"@type":"SearchAction","target":{"@type":"EntryPoint","urlTemplate":"https:\/\/radioljubuski.ba\/?s={search_term_string}"},"query-input":{"@type":"PropertyValueSpecification","valueRequired":true,"valueName":"search_term_string"}}],"inLanguage":"hr"},{"@type":"Organization","@id":"https:\/\/radioljubuski.ba\/#organization","name":"Radio Ljubu\u0161ki","url":"https:\/\/radioljubuski.ba\/","logo":{"@type":"ImageObject","inLanguage":"hr","@id":"https:\/\/radioljubuski.ba\/#\/schema\/logo\/image\/","url":"https:\/\/radioljubuski.ba\/wp-content\/uploads\/2021\/02\/cropped-Radio_Ljubuski_logo1.jpg","contentUrl":"https:\/\/radioljubuski.ba\/wp-content\/uploads\/2021\/02\/cropped-Radio_Ljubuski_logo1.jpg","width":512,"height":512,"caption":"Radio Ljubu\u0161ki"},"image":{"@id":"https:\/\/radioljubuski.ba\/#\/schema\/logo\/image\/"},"sameAs":["https:\/\/www.facebook.com\/Radiio-Ljubuski-1490835324566332","https:\/\/x.com\/radioljubuski","https:\/\/hr.linkedin.com\/company\/radio-ljubuski","https:\/\/www.youtube.com\/channel\/UCHYaeO_n0Db3tjNGudGpXyw"]},{"@type":"Person","@id":"https:\/\/radioljubuski.ba\/#\/schema\/person\/19fc700381a780f69665d7956c469e3b","name":"Radio Ljubu\u0161ki"}]}},"_links":{"self":[{"href":"https:\/\/radioljubuski.ba\/index.php\/wp-json\/wp\/v2\/posts\/190070","targetHints":{"allow":["GET"]}}],"collection":[{"href":"https:\/\/radioljubuski.ba\/index.php\/wp-json\/wp\/v2\/posts"}],"about":[{"href":"https:\/\/radioljubuski.ba\/index.php\/wp-json\/wp\/v2\/types\/post"}],"author":[{"embeddable":true,"href":"https:\/\/radioljubuski.ba\/index.php\/wp-json\/wp\/v2\/users\/2"}],"replies":[{"embeddable":true,"href":"https:\/\/radioljubuski.ba\/index.php\/wp-json\/wp\/v2\/comments?post=190070"}],"version-history":[{"count":2,"href":"https:\/\/radioljubuski.ba\/index.php\/wp-json\/wp\/v2\/posts\/190070\/revisions"}],"predecessor-version":[{"id":190096,"href":"https:\/\/radioljubuski.ba\/index.php\/wp-json\/wp\/v2\/posts\/190070\/revisions\/190096"}],"wp:featuredmedia":[{"embeddable":true,"href":"https:\/\/radioljubuski.ba\/index.php\/wp-json\/wp\/v2\/media\/190071"}],"wp:attachment":[{"href":"https:\/\/radioljubuski.ba\/index.php\/wp-json\/wp\/v2\/media?parent=190070"}],"wp:term":[{"taxonomy":"category","embeddable":true,"href":"https:\/\/radioljubuski.ba\/index.php\/wp-json\/wp\/v2\/categories?post=190070"},{"taxonomy":"post_tag","embeddable":true,"href":"https:\/\/radioljubuski.ba\/index.php\/wp-json\/wp\/v2\/tags?post=190070"}],"curies":[{"name":"wp","href":"https:\/\/api.w.org\/{rel}","templated":true}]}}