{"id":190256,"date":"2023-05-03T10:49:42","date_gmt":"2023-05-03T09:49:42","guid":{"rendered":"https:\/\/radioljubuski.ba\/?p=190256"},"modified":"2023-05-03T11:26:45","modified_gmt":"2023-05-03T10:26:45","slug":"obiljezen-dan-civilnih-zrtava-grada-ljubuskog","status":"publish","type":"post","link":"https:\/\/radioljubuski.ba\/index.php\/2023\/05\/03\/obiljezen-dan-civilnih-zrtava-grada-ljubuskog\/","title":{"rendered":"\u00a0Obilje\u017een Dan civilnih \u017ertava grada Ljubu\u0161kog"},"content":{"rendered":"\n<p>Dan civilnih \u017ertava Domovinskog rata Grada Ljubu\u0161kog obilje\u017een je u utorak i srijedu, 2. i 3. svibnja.<\/p>\n\n\n\n<p>U utorak je u Kulturnom centru u Ljubu\u0161kom odr\u017eano predavanje na temu civilnih \u017ertava Domovinskog rata. Gosti predava\u010di su prof. dr. sc. Ante Nazor, ravnatelj Hrvatskog memorijalno-dokumentacijskog centra Domovinskog rata i prof. povijesti Leo Mandi\u0107, ravnatelj Gimnazije Ljubu\u0161ki. <\/p>\n\n\n\n<figure class=\"wp-block-gallery has-nested-images columns-default is-cropped wp-block-gallery-1 is-layout-flex wp-block-gallery-is-layout-flex\">\n<figure class=\"wp-block-image size-large\"><img loading=\"lazy\" decoding=\"async\" width=\"1024\" height=\"683\" data-id=\"190257\" src=\"https:\/\/radioljubuski.ba\/wp-content\/uploads\/2023\/05\/DSC0020.jpg\" alt=\"\" class=\"wp-image-190257\" srcset=\"https:\/\/radioljubuski.ba\/wp-content\/uploads\/2023\/05\/DSC0020.jpg 1024w, https:\/\/radioljubuski.ba\/wp-content\/uploads\/2023\/05\/DSC0020-300x200.jpg 300w, https:\/\/radioljubuski.ba\/wp-content\/uploads\/2023\/05\/DSC0020-768x512.jpg 768w\" sizes=\"auto, (max-width: 1024px) 100vw, 1024px\" \/><\/figure>\n\n\n\n<figure class=\"wp-block-image size-large\"><img loading=\"lazy\" decoding=\"async\" width=\"1024\" height=\"683\" data-id=\"190258\" src=\"https:\/\/radioljubuski.ba\/wp-content\/uploads\/2023\/05\/DSC0023.jpg\" alt=\"\" class=\"wp-image-190258\" srcset=\"https:\/\/radioljubuski.ba\/wp-content\/uploads\/2023\/05\/DSC0023.jpg 1024w, https:\/\/radioljubuski.ba\/wp-content\/uploads\/2023\/05\/DSC0023-300x200.jpg 300w, https:\/\/radioljubuski.ba\/wp-content\/uploads\/2023\/05\/DSC0023-768x512.jpg 768w\" sizes=\"auto, (max-width: 1024px) 100vw, 1024px\" \/><\/figure>\n\n\n\n<figure class=\"wp-block-image size-large\"><img loading=\"lazy\" decoding=\"async\" width=\"1024\" height=\"683\" data-id=\"190259\" src=\"https:\/\/radioljubuski.ba\/wp-content\/uploads\/2023\/05\/DSC0026.jpg\" alt=\"\" class=\"wp-image-190259\" srcset=\"https:\/\/radioljubuski.ba\/wp-content\/uploads\/2023\/05\/DSC0026.jpg 1024w, https:\/\/radioljubuski.ba\/wp-content\/uploads\/2023\/05\/DSC0026-300x200.jpg 300w, https:\/\/radioljubuski.ba\/wp-content\/uploads\/2023\/05\/DSC0026-768x512.jpg 768w\" sizes=\"auto, (max-width: 1024px) 100vw, 1024px\" \/><\/figure>\n\n\n\n<figure class=\"wp-block-image size-large\"><img loading=\"lazy\" decoding=\"async\" width=\"1024\" height=\"683\" data-id=\"190260\" src=\"https:\/\/radioljubuski.ba\/wp-content\/uploads\/2023\/05\/DSC0031.jpg\" alt=\"\" class=\"wp-image-190260\" srcset=\"https:\/\/radioljubuski.ba\/wp-content\/uploads\/2023\/05\/DSC0031.jpg 1024w, https:\/\/radioljubuski.ba\/wp-content\/uploads\/2023\/05\/DSC0031-300x200.jpg 300w, https:\/\/radioljubuski.ba\/wp-content\/uploads\/2023\/05\/DSC0031-768x512.jpg 768w\" sizes=\"auto, (max-width: 1024px) 100vw, 1024px\" \/><\/figure>\n<\/figure>\n\n\n\n<p>U srijedu u 9 sati u crkvi svete Kate slu\u017eena je sveta Misa za sve civilne \u017ertve Domovinskog rata. Svetu Misu zadu\u0161nicu za civilne \u017ertve rata i sve ratne \u017ertve slavio je fra Dario Dodig, \u017eupnik i gvardijan samostana svetoga Ante na Humcu.<\/p>\n\n\n\n<figure class=\"wp-block-gallery has-nested-images columns-default is-cropped wp-block-gallery-2 is-layout-flex wp-block-gallery-is-layout-flex\">\n<figure class=\"wp-block-image size-large\"><img loading=\"lazy\" decoding=\"async\" width=\"1024\" height=\"683\" data-id=\"190261\" src=\"https:\/\/radioljubuski.ba\/wp-content\/uploads\/2023\/05\/DSC0034.jpg\" alt=\"\" class=\"wp-image-190261\" srcset=\"https:\/\/radioljubuski.ba\/wp-content\/uploads\/2023\/05\/DSC0034.jpg 1024w, https:\/\/radioljubuski.ba\/wp-content\/uploads\/2023\/05\/DSC0034-300x200.jpg 300w, https:\/\/radioljubuski.ba\/wp-content\/uploads\/2023\/05\/DSC0034-768x512.jpg 768w\" sizes=\"auto, (max-width: 1024px) 100vw, 1024px\" \/><\/figure>\n\n\n\n<figure class=\"wp-block-image size-large\"><img loading=\"lazy\" decoding=\"async\" width=\"1024\" height=\"683\" data-id=\"190262\" src=\"https:\/\/radioljubuski.ba\/wp-content\/uploads\/2023\/05\/DSC0036.jpg\" alt=\"\" class=\"wp-image-190262\" srcset=\"https:\/\/radioljubuski.ba\/wp-content\/uploads\/2023\/05\/DSC0036.jpg 1024w, https:\/\/radioljubuski.ba\/wp-content\/uploads\/2023\/05\/DSC0036-300x200.jpg 300w, https:\/\/radioljubuski.ba\/wp-content\/uploads\/2023\/05\/DSC0036-768x512.jpg 768w\" sizes=\"auto, (max-width: 1024px) 100vw, 1024px\" \/><\/figure>\n\n\n\n<figure class=\"wp-block-image size-large\"><img loading=\"lazy\" decoding=\"async\" width=\"1024\" height=\"683\" data-id=\"190263\" src=\"https:\/\/radioljubuski.ba\/wp-content\/uploads\/2023\/05\/DSC0037.jpg\" alt=\"\" class=\"wp-image-190263\" srcset=\"https:\/\/radioljubuski.ba\/wp-content\/uploads\/2023\/05\/DSC0037.jpg 1024w, https:\/\/radioljubuski.ba\/wp-content\/uploads\/2023\/05\/DSC0037-300x200.jpg 300w, https:\/\/radioljubuski.ba\/wp-content\/uploads\/2023\/05\/DSC0037-768x512.jpg 768w\" sizes=\"auto, (max-width: 1024px) 100vw, 1024px\" \/><\/figure>\n\n\n\n<figure class=\"wp-block-image size-large\"><img loading=\"lazy\" decoding=\"async\" width=\"1024\" height=\"683\" data-id=\"190264\" src=\"https:\/\/radioljubuski.ba\/wp-content\/uploads\/2023\/05\/DSC0038.jpg\" alt=\"\" class=\"wp-image-190264\" srcset=\"https:\/\/radioljubuski.ba\/wp-content\/uploads\/2023\/05\/DSC0038.jpg 1024w, https:\/\/radioljubuski.ba\/wp-content\/uploads\/2023\/05\/DSC0038-300x200.jpg 300w, https:\/\/radioljubuski.ba\/wp-content\/uploads\/2023\/05\/DSC0038-768x512.jpg 768w\" sizes=\"auto, (max-width: 1024px) 100vw, 1024px\" \/><\/figure>\n\n\n\n<figure class=\"wp-block-image size-large\"><img loading=\"lazy\" decoding=\"async\" width=\"1024\" height=\"683\" data-id=\"190267\" src=\"https:\/\/radioljubuski.ba\/wp-content\/uploads\/2023\/05\/DSC0040.jpg\" alt=\"\" class=\"wp-image-190267\" srcset=\"https:\/\/radioljubuski.ba\/wp-content\/uploads\/2023\/05\/DSC0040.jpg 1024w, https:\/\/radioljubuski.ba\/wp-content\/uploads\/2023\/05\/DSC0040-300x200.jpg 300w, https:\/\/radioljubuski.ba\/wp-content\/uploads\/2023\/05\/DSC0040-768x512.jpg 768w\" sizes=\"auto, (max-width: 1024px) 100vw, 1024px\" \/><\/figure>\n\n\n\n<figure class=\"wp-block-image size-large\"><img loading=\"lazy\" decoding=\"async\" width=\"1024\" height=\"683\" data-id=\"190265\" src=\"https:\/\/radioljubuski.ba\/wp-content\/uploads\/2023\/05\/DSC0041.jpg\" alt=\"\" class=\"wp-image-190265\" srcset=\"https:\/\/radioljubuski.ba\/wp-content\/uploads\/2023\/05\/DSC0041.jpg 1024w, https:\/\/radioljubuski.ba\/wp-content\/uploads\/2023\/05\/DSC0041-300x200.jpg 300w, https:\/\/radioljubuski.ba\/wp-content\/uploads\/2023\/05\/DSC0041-768x512.jpg 768w\" sizes=\"auto, (max-width: 1024px) 100vw, 1024px\" \/><\/figure>\n\n\n\n<figure class=\"wp-block-image size-large\"><img loading=\"lazy\" decoding=\"async\" width=\"1024\" height=\"683\" data-id=\"190266\" src=\"https:\/\/radioljubuski.ba\/wp-content\/uploads\/2023\/05\/DSC0042.jpg\" alt=\"\" class=\"wp-image-190266\" srcset=\"https:\/\/radioljubuski.ba\/wp-content\/uploads\/2023\/05\/DSC0042.jpg 1024w, https:\/\/radioljubuski.ba\/wp-content\/uploads\/2023\/05\/DSC0042-300x200.jpg 300w, https:\/\/radioljubuski.ba\/wp-content\/uploads\/2023\/05\/DSC0042-768x512.jpg 768w\" sizes=\"auto, (max-width: 1024px) 100vw, 1024px\" \/><\/figure>\n\n\n\n<figure class=\"wp-block-image size-large\"><img loading=\"lazy\" decoding=\"async\" width=\"1024\" height=\"683\" data-id=\"190268\" src=\"https:\/\/radioljubuski.ba\/wp-content\/uploads\/2023\/05\/DSC0046.jpg\" alt=\"\" class=\"wp-image-190268\" srcset=\"https:\/\/radioljubuski.ba\/wp-content\/uploads\/2023\/05\/DSC0046.jpg 1024w, https:\/\/radioljubuski.ba\/wp-content\/uploads\/2023\/05\/DSC0046-300x200.jpg 300w, https:\/\/radioljubuski.ba\/wp-content\/uploads\/2023\/05\/DSC0046-768x512.jpg 768w\" sizes=\"auto, (max-width: 1024px) 100vw, 1024px\" \/><\/figure>\n\n\n\n<figure class=\"wp-block-image size-large\"><img loading=\"lazy\" decoding=\"async\" width=\"1024\" height=\"683\" data-id=\"190269\" src=\"https:\/\/radioljubuski.ba\/wp-content\/uploads\/2023\/05\/DSC0050.jpg\" alt=\"\" class=\"wp-image-190269\" srcset=\"https:\/\/radioljubuski.ba\/wp-content\/uploads\/2023\/05\/DSC0050.jpg 1024w, https:\/\/radioljubuski.ba\/wp-content\/uploads\/2023\/05\/DSC0050-300x200.jpg 300w, https:\/\/radioljubuski.ba\/wp-content\/uploads\/2023\/05\/DSC0050-768x512.jpg 768w\" sizes=\"auto, (max-width: 1024px) 100vw, 1024px\" \/><\/figure>\n<\/figure>\n\n\n\n<p>Poslije svete Mise kod spomen-obilje\u017eja civilnim \u017ertvama Domovinskog rata vijenac su polo\u017eili gradona\u010delnik Vedran Markoti\u0107 i predsjednik gradskog vije\u0107a Tihomir Kvesi\u0107, a svije\u0107e su zapalili \u010dlanovi obitelji poginulih, predstavnici udruga proisteklih iz Domovinskog rata, kao i predstavnici gradske i \u017eupanijske vlasti. Na svetu Misu u polaganje stigle su i mlade rukometa\u0161ice \u0160kole rukometa Izvi\u0111a\u010da sa svojim trenerima. One su, da se podsjetimo, sudjelovale na Prvom memorijalnom turniru \u201eIvana i Filip Kraljevi\u0107\u201c u Ljubu\u0161kom prije petnaestak dana.<\/p>\n\n\n\n<figure class=\"wp-block-gallery has-nested-images columns-default is-cropped wp-block-gallery-3 is-layout-flex wp-block-gallery-is-layout-flex\">\n<figure class=\"wp-block-image size-large\"><img loading=\"lazy\" decoding=\"async\" width=\"1024\" height=\"683\" data-id=\"190271\" src=\"https:\/\/radioljubuski.ba\/wp-content\/uploads\/2023\/05\/DSC0055.jpg\" alt=\"\" class=\"wp-image-190271\" srcset=\"https:\/\/radioljubuski.ba\/wp-content\/uploads\/2023\/05\/DSC0055.jpg 1024w, https:\/\/radioljubuski.ba\/wp-content\/uploads\/2023\/05\/DSC0055-300x200.jpg 300w, https:\/\/radioljubuski.ba\/wp-content\/uploads\/2023\/05\/DSC0055-768x512.jpg 768w\" sizes=\"auto, (max-width: 1024px) 100vw, 1024px\" \/><\/figure>\n\n\n\n<figure class=\"wp-block-image size-large\"><img loading=\"lazy\" decoding=\"async\" width=\"1024\" height=\"683\" data-id=\"190272\" src=\"https:\/\/radioljubuski.ba\/wp-content\/uploads\/2023\/05\/DSC0058.jpg\" alt=\"\" class=\"wp-image-190272\" srcset=\"https:\/\/radioljubuski.ba\/wp-content\/uploads\/2023\/05\/DSC0058.jpg 1024w, https:\/\/radioljubuski.ba\/wp-content\/uploads\/2023\/05\/DSC0058-300x200.jpg 300w, https:\/\/radioljubuski.ba\/wp-content\/uploads\/2023\/05\/DSC0058-768x512.jpg 768w\" sizes=\"auto, (max-width: 1024px) 100vw, 1024px\" \/><\/figure>\n<\/figure>\n\n\n\n<p>Mile kraljevi\u0107\/Radio Ljubu\u0161ki<\/p>\n","protected":false},"excerpt":{"rendered":"<p>Dan civilnih \u017ertava Domovinskog rata Grada Ljubu\u0161kog obilje\u017een je u utorak i srijedu, 2. i 3. svibnja. U utorak je u Kulturnom centru u Ljubu\u0161kom odr\u017eano predavanje na temu civilnih \u017ertava Domovinskog rata. Gosti predava\u010di su prof. dr. sc. Ante Nazor, ravnatelj Hrvatskog memorijalno-dokumentacijskog centra Domovinskog rata i prof. povijesti Leo Mandi\u0107, ravnatelj Gimnazije Ljubu\u0161ki. [&hellip;]<\/p>\n","protected":false},"author":2,"featured_media":190271,"comment_status":"closed","ping_status":"closed","sticky":false,"template":"","format":"standard","meta":{"h5ap_radio_sources":[],"footnotes":""},"categories":[28],"tags":[],"class_list":["post-190256","post","type-post","status-publish","format-standard","has-post-thumbnail","hentry","category-novosti"],"yoast_head":"<!-- This site is optimized with the Yoast SEO plugin v27.5 - https:\/\/yoast.com\/product\/yoast-seo-wordpress\/ -->\n<title>\u00a0Obilje\u017een Dan civilnih \u017ertava grada Ljubu\u0161kog - RADIO LJUBU\u0160KI<\/title>\n<meta name=\"robots\" content=\"index, follow, max-snippet:-1, max-image-preview:large, max-video-preview:-1\" \/>\n<link rel=\"canonical\" href=\"https:\/\/radioljubuski.ba\/index.php\/2023\/05\/03\/obiljezen-dan-civilnih-zrtava-grada-ljubuskog\/\" \/>\n<meta property=\"og:locale\" content=\"hr_HR\" \/>\n<meta property=\"og:type\" content=\"article\" \/>\n<meta property=\"og:title\" content=\"\u00a0Obilje\u017een Dan civilnih \u017ertava grada Ljubu\u0161kog - RADIO LJUBU\u0160KI\" \/>\n<meta property=\"og:description\" content=\"Dan civilnih \u017ertava Domovinskog rata Grada Ljubu\u0161kog obilje\u017een je u utorak i srijedu, 2. i 3. svibnja. U utorak je u Kulturnom centru u Ljubu\u0161kom odr\u017eano predavanje na temu civilnih \u017ertava Domovinskog rata. Gosti predava\u010di su prof. dr. sc. Ante Nazor, ravnatelj Hrvatskog memorijalno-dokumentacijskog centra Domovinskog rata i prof. povijesti Leo Mandi\u0107, ravnatelj Gimnazije Ljubu\u0161ki. [&hellip;]\" \/>\n<meta property=\"og:url\" content=\"https:\/\/radioljubuski.ba\/index.php\/2023\/05\/03\/obiljezen-dan-civilnih-zrtava-grada-ljubuskog\/\" \/>\n<meta property=\"og:site_name\" content=\"RADIO LJUBU\u0160KI\" \/>\n<meta property=\"article:publisher\" content=\"https:\/\/www.facebook.com\/Radiio-Ljubuski-1490835324566332\" \/>\n<meta property=\"article:published_time\" content=\"2023-05-03T09:49:42+00:00\" \/>\n<meta property=\"article:modified_time\" content=\"2023-05-03T10:26:45+00:00\" \/>\n<meta property=\"og:image\" content=\"https:\/\/radioljubuski.ba\/wp-content\/uploads\/2023\/05\/DSC0055.jpg\" \/>\n\t<meta property=\"og:image:width\" content=\"1024\" \/>\n\t<meta property=\"og:image:height\" content=\"683\" \/>\n\t<meta property=\"og:image:type\" content=\"image\/jpeg\" \/>\n<meta name=\"author\" content=\"Radio Ljubu\u0161ki\" \/>\n<meta name=\"twitter:card\" content=\"summary_large_image\" \/>\n<meta name=\"twitter:creator\" content=\"@radioljubuski\" \/>\n<meta name=\"twitter:site\" content=\"@radioljubuski\" \/>\n<meta name=\"twitter:label1\" content=\"Napisao\/la\" \/>\n\t<meta name=\"twitter:data1\" content=\"Radio Ljubu\u0161ki\" \/>\n\t<meta name=\"twitter:label2\" content=\"Procijenjeno vrijeme \u010ditanja\" \/>\n\t<meta name=\"twitter:data2\" content=\"1 minuta\" \/>\n<script type=\"application\/ld+json\" class=\"yoast-schema-graph\">{\"@context\":\"https:\\\/\\\/schema.org\",\"@graph\":[{\"@type\":\"Article\",\"@id\":\"https:\\\/\\\/radioljubuski.ba\\\/index.php\\\/2023\\\/05\\\/03\\\/obiljezen-dan-civilnih-zrtava-grada-ljubuskog\\\/#article\",\"isPartOf\":{\"@id\":\"https:\\\/\\\/radioljubuski.ba\\\/index.php\\\/2023\\\/05\\\/03\\\/obiljezen-dan-civilnih-zrtava-grada-ljubuskog\\\/\"},\"author\":{\"name\":\"Radio Ljubu\u0161ki\",\"@id\":\"https:\\\/\\\/radioljubuski.ba\\\/#\\\/schema\\\/person\\\/19fc700381a780f69665d7956c469e3b\"},\"headline\":\"\u00a0Obilje\u017een Dan civilnih \u017ertava grada Ljubu\u0161kog\",\"datePublished\":\"2023-05-03T09:49:42+00:00\",\"dateModified\":\"2023-05-03T10:26:45+00:00\",\"mainEntityOfPage\":{\"@id\":\"https:\\\/\\\/radioljubuski.ba\\\/index.php\\\/2023\\\/05\\\/03\\\/obiljezen-dan-civilnih-zrtava-grada-ljubuskog\\\/\"},\"wordCount\":201,\"publisher\":{\"@id\":\"https:\\\/\\\/radioljubuski.ba\\\/#organization\"},\"image\":{\"@id\":\"https:\\\/\\\/radioljubuski.ba\\\/index.php\\\/2023\\\/05\\\/03\\\/obiljezen-dan-civilnih-zrtava-grada-ljubuskog\\\/#primaryimage\"},\"thumbnailUrl\":\"https:\\\/\\\/radioljubuski.ba\\\/wp-content\\\/uploads\\\/2023\\\/05\\\/DSC0055.jpg\",\"articleSection\":[\"Novosti\"],\"inLanguage\":\"hr\"},{\"@type\":\"WebPage\",\"@id\":\"https:\\\/\\\/radioljubuski.ba\\\/index.php\\\/2023\\\/05\\\/03\\\/obiljezen-dan-civilnih-zrtava-grada-ljubuskog\\\/\",\"url\":\"https:\\\/\\\/radioljubuski.ba\\\/index.php\\\/2023\\\/05\\\/03\\\/obiljezen-dan-civilnih-zrtava-grada-ljubuskog\\\/\",\"name\":\"\u00a0Obilje\u017een Dan civilnih \u017ertava grada Ljubu\u0161kog - RADIO LJUBU\u0160KI\",\"isPartOf\":{\"@id\":\"https:\\\/\\\/radioljubuski.ba\\\/#website\"},\"primaryImageOfPage\":{\"@id\":\"https:\\\/\\\/radioljubuski.ba\\\/index.php\\\/2023\\\/05\\\/03\\\/obiljezen-dan-civilnih-zrtava-grada-ljubuskog\\\/#primaryimage\"},\"image\":{\"@id\":\"https:\\\/\\\/radioljubuski.ba\\\/index.php\\\/2023\\\/05\\\/03\\\/obiljezen-dan-civilnih-zrtava-grada-ljubuskog\\\/#primaryimage\"},\"thumbnailUrl\":\"https:\\\/\\\/radioljubuski.ba\\\/wp-content\\\/uploads\\\/2023\\\/05\\\/DSC0055.jpg\",\"datePublished\":\"2023-05-03T09:49:42+00:00\",\"dateModified\":\"2023-05-03T10:26:45+00:00\",\"breadcrumb\":{\"@id\":\"https:\\\/\\\/radioljubuski.ba\\\/index.php\\\/2023\\\/05\\\/03\\\/obiljezen-dan-civilnih-zrtava-grada-ljubuskog\\\/#breadcrumb\"},\"inLanguage\":\"hr\",\"potentialAction\":[{\"@type\":\"ReadAction\",\"target\":[\"https:\\\/\\\/radioljubuski.ba\\\/index.php\\\/2023\\\/05\\\/03\\\/obiljezen-dan-civilnih-zrtava-grada-ljubuskog\\\/\"]}]},{\"@type\":\"ImageObject\",\"inLanguage\":\"hr\",\"@id\":\"https:\\\/\\\/radioljubuski.ba\\\/index.php\\\/2023\\\/05\\\/03\\\/obiljezen-dan-civilnih-zrtava-grada-ljubuskog\\\/#primaryimage\",\"url\":\"https:\\\/\\\/radioljubuski.ba\\\/wp-content\\\/uploads\\\/2023\\\/05\\\/DSC0055.jpg\",\"contentUrl\":\"https:\\\/\\\/radioljubuski.ba\\\/wp-content\\\/uploads\\\/2023\\\/05\\\/DSC0055.jpg\",\"width\":1024,\"height\":683},{\"@type\":\"BreadcrumbList\",\"@id\":\"https:\\\/\\\/radioljubuski.ba\\\/index.php\\\/2023\\\/05\\\/03\\\/obiljezen-dan-civilnih-zrtava-grada-ljubuskog\\\/#breadcrumb\",\"itemListElement\":[{\"@type\":\"ListItem\",\"position\":1,\"name\":\"Po\u010detna stranica\",\"item\":\"https:\\\/\\\/radioljubuski.ba\\\/\"},{\"@type\":\"ListItem\",\"position\":2,\"name\":\"\u00a0Obilje\u017een Dan civilnih \u017ertava grada Ljubu\u0161kog\"}]},{\"@type\":\"WebSite\",\"@id\":\"https:\\\/\\\/radioljubuski.ba\\\/#website\",\"url\":\"https:\\\/\\\/radioljubuski.ba\\\/\",\"name\":\"Radio Ljubu\u0161ki\",\"description\":\"Sun\u010dana frekvencija Hercegovine\",\"publisher\":{\"@id\":\"https:\\\/\\\/radioljubuski.ba\\\/#organization\"},\"potentialAction\":[{\"@type\":\"SearchAction\",\"target\":{\"@type\":\"EntryPoint\",\"urlTemplate\":\"https:\\\/\\\/radioljubuski.ba\\\/?s={search_term_string}\"},\"query-input\":{\"@type\":\"PropertyValueSpecification\",\"valueRequired\":true,\"valueName\":\"search_term_string\"}}],\"inLanguage\":\"hr\"},{\"@type\":\"Organization\",\"@id\":\"https:\\\/\\\/radioljubuski.ba\\\/#organization\",\"name\":\"Radio Ljubu\u0161ki\",\"url\":\"https:\\\/\\\/radioljubuski.ba\\\/\",\"logo\":{\"@type\":\"ImageObject\",\"inLanguage\":\"hr\",\"@id\":\"https:\\\/\\\/radioljubuski.ba\\\/#\\\/schema\\\/logo\\\/image\\\/\",\"url\":\"https:\\\/\\\/radioljubuski.ba\\\/wp-content\\\/uploads\\\/2021\\\/02\\\/cropped-Radio_Ljubuski_logo1.jpg\",\"contentUrl\":\"https:\\\/\\\/radioljubuski.ba\\\/wp-content\\\/uploads\\\/2021\\\/02\\\/cropped-Radio_Ljubuski_logo1.jpg\",\"width\":512,\"height\":512,\"caption\":\"Radio Ljubu\u0161ki\"},\"image\":{\"@id\":\"https:\\\/\\\/radioljubuski.ba\\\/#\\\/schema\\\/logo\\\/image\\\/\"},\"sameAs\":[\"https:\\\/\\\/www.facebook.com\\\/Radiio-Ljubuski-1490835324566332\",\"https:\\\/\\\/x.com\\\/radioljubuski\",\"https:\\\/\\\/hr.linkedin.com\\\/company\\\/radio-ljubuski\",\"https:\\\/\\\/www.youtube.com\\\/channel\\\/UCHYaeO_n0Db3tjNGudGpXyw\"]},{\"@type\":\"Person\",\"@id\":\"https:\\\/\\\/radioljubuski.ba\\\/#\\\/schema\\\/person\\\/19fc700381a780f69665d7956c469e3b\",\"name\":\"Radio Ljubu\u0161ki\"}]}<\/script>\n<!-- \/ Yoast SEO plugin. -->","yoast_head_json":{"title":"\u00a0Obilje\u017een Dan civilnih \u017ertava grada Ljubu\u0161kog - RADIO LJUBU\u0160KI","robots":{"index":"index","follow":"follow","max-snippet":"max-snippet:-1","max-image-preview":"max-image-preview:large","max-video-preview":"max-video-preview:-1"},"canonical":"https:\/\/radioljubuski.ba\/index.php\/2023\/05\/03\/obiljezen-dan-civilnih-zrtava-grada-ljubuskog\/","og_locale":"hr_HR","og_type":"article","og_title":"\u00a0Obilje\u017een Dan civilnih \u017ertava grada Ljubu\u0161kog - RADIO LJUBU\u0160KI","og_description":"Dan civilnih \u017ertava Domovinskog rata Grada Ljubu\u0161kog obilje\u017een je u utorak i srijedu, 2. i 3. svibnja. U utorak je u Kulturnom centru u Ljubu\u0161kom odr\u017eano predavanje na temu civilnih \u017ertava Domovinskog rata. Gosti predava\u010di su prof. dr. sc. Ante Nazor, ravnatelj Hrvatskog memorijalno-dokumentacijskog centra Domovinskog rata i prof. povijesti Leo Mandi\u0107, ravnatelj Gimnazije Ljubu\u0161ki. [&hellip;]","og_url":"https:\/\/radioljubuski.ba\/index.php\/2023\/05\/03\/obiljezen-dan-civilnih-zrtava-grada-ljubuskog\/","og_site_name":"RADIO LJUBU\u0160KI","article_publisher":"https:\/\/www.facebook.com\/Radiio-Ljubuski-1490835324566332","article_published_time":"2023-05-03T09:49:42+00:00","article_modified_time":"2023-05-03T10:26:45+00:00","og_image":[{"width":1024,"height":683,"url":"https:\/\/radioljubuski.ba\/wp-content\/uploads\/2023\/05\/DSC0055.jpg","type":"image\/jpeg"}],"author":"Radio Ljubu\u0161ki","twitter_card":"summary_large_image","twitter_creator":"@radioljubuski","twitter_site":"@radioljubuski","twitter_misc":{"Napisao\/la":"Radio Ljubu\u0161ki","Procijenjeno vrijeme \u010ditanja":"1 minuta"},"schema":{"@context":"https:\/\/schema.org","@graph":[{"@type":"Article","@id":"https:\/\/radioljubuski.ba\/index.php\/2023\/05\/03\/obiljezen-dan-civilnih-zrtava-grada-ljubuskog\/#article","isPartOf":{"@id":"https:\/\/radioljubuski.ba\/index.php\/2023\/05\/03\/obiljezen-dan-civilnih-zrtava-grada-ljubuskog\/"},"author":{"name":"Radio Ljubu\u0161ki","@id":"https:\/\/radioljubuski.ba\/#\/schema\/person\/19fc700381a780f69665d7956c469e3b"},"headline":"\u00a0Obilje\u017een Dan civilnih \u017ertava grada Ljubu\u0161kog","datePublished":"2023-05-03T09:49:42+00:00","dateModified":"2023-05-03T10:26:45+00:00","mainEntityOfPage":{"@id":"https:\/\/radioljubuski.ba\/index.php\/2023\/05\/03\/obiljezen-dan-civilnih-zrtava-grada-ljubuskog\/"},"wordCount":201,"publisher":{"@id":"https:\/\/radioljubuski.ba\/#organization"},"image":{"@id":"https:\/\/radioljubuski.ba\/index.php\/2023\/05\/03\/obiljezen-dan-civilnih-zrtava-grada-ljubuskog\/#primaryimage"},"thumbnailUrl":"https:\/\/radioljubuski.ba\/wp-content\/uploads\/2023\/05\/DSC0055.jpg","articleSection":["Novosti"],"inLanguage":"hr"},{"@type":"WebPage","@id":"https:\/\/radioljubuski.ba\/index.php\/2023\/05\/03\/obiljezen-dan-civilnih-zrtava-grada-ljubuskog\/","url":"https:\/\/radioljubuski.ba\/index.php\/2023\/05\/03\/obiljezen-dan-civilnih-zrtava-grada-ljubuskog\/","name":"\u00a0Obilje\u017een Dan civilnih \u017ertava grada Ljubu\u0161kog - RADIO LJUBU\u0160KI","isPartOf":{"@id":"https:\/\/radioljubuski.ba\/#website"},"primaryImageOfPage":{"@id":"https:\/\/radioljubuski.ba\/index.php\/2023\/05\/03\/obiljezen-dan-civilnih-zrtava-grada-ljubuskog\/#primaryimage"},"image":{"@id":"https:\/\/radioljubuski.ba\/index.php\/2023\/05\/03\/obiljezen-dan-civilnih-zrtava-grada-ljubuskog\/#primaryimage"},"thumbnailUrl":"https:\/\/radioljubuski.ba\/wp-content\/uploads\/2023\/05\/DSC0055.jpg","datePublished":"2023-05-03T09:49:42+00:00","dateModified":"2023-05-03T10:26:45+00:00","breadcrumb":{"@id":"https:\/\/radioljubuski.ba\/index.php\/2023\/05\/03\/obiljezen-dan-civilnih-zrtava-grada-ljubuskog\/#breadcrumb"},"inLanguage":"hr","potentialAction":[{"@type":"ReadAction","target":["https:\/\/radioljubuski.ba\/index.php\/2023\/05\/03\/obiljezen-dan-civilnih-zrtava-grada-ljubuskog\/"]}]},{"@type":"ImageObject","inLanguage":"hr","@id":"https:\/\/radioljubuski.ba\/index.php\/2023\/05\/03\/obiljezen-dan-civilnih-zrtava-grada-ljubuskog\/#primaryimage","url":"https:\/\/radioljubuski.ba\/wp-content\/uploads\/2023\/05\/DSC0055.jpg","contentUrl":"https:\/\/radioljubuski.ba\/wp-content\/uploads\/2023\/05\/DSC0055.jpg","width":1024,"height":683},{"@type":"BreadcrumbList","@id":"https:\/\/radioljubuski.ba\/index.php\/2023\/05\/03\/obiljezen-dan-civilnih-zrtava-grada-ljubuskog\/#breadcrumb","itemListElement":[{"@type":"ListItem","position":1,"name":"Po\u010detna stranica","item":"https:\/\/radioljubuski.ba\/"},{"@type":"ListItem","position":2,"name":"\u00a0Obilje\u017een Dan civilnih \u017ertava grada Ljubu\u0161kog"}]},{"@type":"WebSite","@id":"https:\/\/radioljubuski.ba\/#website","url":"https:\/\/radioljubuski.ba\/","name":"Radio Ljubu\u0161ki","description":"Sun\u010dana frekvencija Hercegovine","publisher":{"@id":"https:\/\/radioljubuski.ba\/#organization"},"potentialAction":[{"@type":"SearchAction","target":{"@type":"EntryPoint","urlTemplate":"https:\/\/radioljubuski.ba\/?s={search_term_string}"},"query-input":{"@type":"PropertyValueSpecification","valueRequired":true,"valueName":"search_term_string"}}],"inLanguage":"hr"},{"@type":"Organization","@id":"https:\/\/radioljubuski.ba\/#organization","name":"Radio Ljubu\u0161ki","url":"https:\/\/radioljubuski.ba\/","logo":{"@type":"ImageObject","inLanguage":"hr","@id":"https:\/\/radioljubuski.ba\/#\/schema\/logo\/image\/","url":"https:\/\/radioljubuski.ba\/wp-content\/uploads\/2021\/02\/cropped-Radio_Ljubuski_logo1.jpg","contentUrl":"https:\/\/radioljubuski.ba\/wp-content\/uploads\/2021\/02\/cropped-Radio_Ljubuski_logo1.jpg","width":512,"height":512,"caption":"Radio Ljubu\u0161ki"},"image":{"@id":"https:\/\/radioljubuski.ba\/#\/schema\/logo\/image\/"},"sameAs":["https:\/\/www.facebook.com\/Radiio-Ljubuski-1490835324566332","https:\/\/x.com\/radioljubuski","https:\/\/hr.linkedin.com\/company\/radio-ljubuski","https:\/\/www.youtube.com\/channel\/UCHYaeO_n0Db3tjNGudGpXyw"]},{"@type":"Person","@id":"https:\/\/radioljubuski.ba\/#\/schema\/person\/19fc700381a780f69665d7956c469e3b","name":"Radio Ljubu\u0161ki"}]}},"_links":{"self":[{"href":"https:\/\/radioljubuski.ba\/index.php\/wp-json\/wp\/v2\/posts\/190256","targetHints":{"allow":["GET"]}}],"collection":[{"href":"https:\/\/radioljubuski.ba\/index.php\/wp-json\/wp\/v2\/posts"}],"about":[{"href":"https:\/\/radioljubuski.ba\/index.php\/wp-json\/wp\/v2\/types\/post"}],"author":[{"embeddable":true,"href":"https:\/\/radioljubuski.ba\/index.php\/wp-json\/wp\/v2\/users\/2"}],"replies":[{"embeddable":true,"href":"https:\/\/radioljubuski.ba\/index.php\/wp-json\/wp\/v2\/comments?post=190256"}],"version-history":[{"count":2,"href":"https:\/\/radioljubuski.ba\/index.php\/wp-json\/wp\/v2\/posts\/190256\/revisions"}],"predecessor-version":[{"id":190286,"href":"https:\/\/radioljubuski.ba\/index.php\/wp-json\/wp\/v2\/posts\/190256\/revisions\/190286"}],"wp:featuredmedia":[{"embeddable":true,"href":"https:\/\/radioljubuski.ba\/index.php\/wp-json\/wp\/v2\/media\/190271"}],"wp:attachment":[{"href":"https:\/\/radioljubuski.ba\/index.php\/wp-json\/wp\/v2\/media?parent=190256"}],"wp:term":[{"taxonomy":"category","embeddable":true,"href":"https:\/\/radioljubuski.ba\/index.php\/wp-json\/wp\/v2\/categories?post=190256"},{"taxonomy":"post_tag","embeddable":true,"href":"https:\/\/radioljubuski.ba\/index.php\/wp-json\/wp\/v2\/tags?post=190256"}],"curies":[{"name":"wp","href":"https:\/\/api.w.org\/{rel}","templated":true}]}}