{"id":190308,"date":"2023-05-04T09:48:52","date_gmt":"2023-05-04T08:48:52","guid":{"rendered":"https:\/\/radioljubuski.ba\/?p=190308"},"modified":"2023-05-04T09:48:52","modified_gmt":"2023-05-04T08:48:52","slug":"tiskovna-u-izvidacu","status":"publish","type":"post","link":"https:\/\/radioljubuski.ba\/index.php\/2023\/05\/04\/tiskovna-u-izvidacu\/","title":{"rendered":"Tiskovna u Izvi\u0111a\u010du"},"content":{"rendered":"\n<p>Povodom osvajanja devete titule prvaka i fe\u0161te koja \u0107e uslijediti u subotu nakon utakmice s Hercegovinom iz Nevesinja, u prostorijama Izvi\u0111a\u010da je odr\u017eena konferencija za medije na kojoj su govorili: voditelj mom\u010dadi Nedan Zovak, trener Toni \u010colina, te igra\u010di Milan Vuk\u0161i\u0107 i Ivano Pavlovi\u0107.<\/p>\n\n\n\n<figure class=\"wp-block-gallery has-nested-images columns-default is-cropped wp-block-gallery-1 is-layout-flex wp-block-gallery-is-layout-flex\">\n<figure class=\"wp-block-image size-large\"><img loading=\"lazy\" decoding=\"async\" width=\"1024\" height=\"683\" data-id=\"190309\" src=\"https:\/\/radioljubuski.ba\/wp-content\/uploads\/2023\/05\/izv.1.jpg\" alt=\"\" class=\"wp-image-190309\" srcset=\"https:\/\/radioljubuski.ba\/wp-content\/uploads\/2023\/05\/izv.1.jpg 1024w, https:\/\/radioljubuski.ba\/wp-content\/uploads\/2023\/05\/izv.1-300x200.jpg 300w, https:\/\/radioljubuski.ba\/wp-content\/uploads\/2023\/05\/izv.1-768x512.jpg 768w\" sizes=\"auto, (max-width: 1024px) 100vw, 1024px\" \/><\/figure>\n<\/figure>\n\n\n\n<p>Prije nego \u0161to je govorio o subotnjim doga\u0111anjima Nedan Zovak je \u010destitao reprezentacijama Bosne i Hercegovine i Hrvatske na plasmanu na Europsko rukometno prvenstvo slijede\u0107e godine u Njema\u010dkoj. Tako\u0111er, \u010destitao je sada\u0161njim i biv\u0161im skautima u tim reprezentacijama na njihovu doprinosu. \u010cestitao je i mladim skautima koji vrlo dobro igraju u Prvoj ligi Federacije BiH i rukometa\u0161ima \u010capljine na plasmanu u Premier ligu. \u0160to se subote ti\u010de Zovak je rekao da sve utakmice posljednja tri kola po\u010dinju u 18 sati, pa tako i u Ljubu\u0161kom. Po zavr\u0161etku utakmice uslijedit \u0107e sve\u010danost dodjele medalja i pokala za osvojeno prvo mjesto, a nakon toga igra\u010di i stru\u010dni sto\u017eer \u0107e se provozati kroz grad u vozilima posebno pripremljenim za ovu prigodu i vratit \u0107e se na plato (igrali\u0161te) u krugu Gimnazije gdje \u0107e uslijediti fe\u0161ta uz glazbu, i\u0107e i pi\u0107e. Zovak je uputio zahvalu na potpori gradu Ljubu\u0161kom, Parkovima i Turisti\u010dkoj zajednici i pozvao sve ljubitelje rukometa da u subotu do\u0111u zajedno s igra\u010dima proslaviti i profe\u0161tati osvojenu titulu, devetu po redu.<\/p>\n\n\n\n<p>Trener Toni \u010colina je, tako\u0111er, uputio \u010destitke reprezentacijama BiH&nbsp; i Hrvatske i igra\u010dima s \u201eIzvi\u0111a\u010devim \u0161tihom\u201c koji su dali veliki doprinos u igri spomenutim selekcijama. \u0160to se ti\u010de mom\u010dadi Izvi\u0111a\u010da kazao je da su ova dva tjedna maksimalno iskori\u0161tena podizanjem tjelesne spreme tako da \u0107e do kraja natjecanja u prvenstvu i Kupu biti na najvi\u0161oj razini. Gosti iz Nevesinja u subotu ne bi trebali biti problem, ali \u0107e mom\u010dad ozbiljno odigrati i tu i sve utakmice do kraja.<\/p>\n\n\n\n<p>Kapetan Milan Mi\u0107a Vuk\u0161i\u0107 se osvrnuo na veliki uspjeh reprezentacije BiH u kvalifikacijama gdje su i sami sebe iznenadili, osobito igrom i u pobjedom u Podgorici. Za subotu je kazao da pred svojim navija\u010dima o\u010dekuje sigurnu pobjedu i pozvao navija\u010de na zajedni\u010dku fe\u0161tu.<\/p>\n\n\n\n<figure class=\"wp-block-gallery has-nested-images columns-default is-cropped wp-block-gallery-2 is-layout-flex wp-block-gallery-is-layout-flex\">\n<figure class=\"wp-block-image size-large\"><img loading=\"lazy\" decoding=\"async\" width=\"1024\" height=\"683\" data-id=\"190310\" src=\"https:\/\/radioljubuski.ba\/wp-content\/uploads\/2023\/05\/DSC0008.jpg\" alt=\"\" class=\"wp-image-190310\" srcset=\"https:\/\/radioljubuski.ba\/wp-content\/uploads\/2023\/05\/DSC0008.jpg 1024w, https:\/\/radioljubuski.ba\/wp-content\/uploads\/2023\/05\/DSC0008-300x200.jpg 300w, https:\/\/radioljubuski.ba\/wp-content\/uploads\/2023\/05\/DSC0008-768x512.jpg 768w\" sizes=\"auto, (max-width: 1024px) 100vw, 1024px\" \/><\/figure>\n<\/figure>\n\n\n\n<p>Najbolji strijelac kluba, Ivano Pavlovi\u0107, tako\u0111er, ne sumnja u pobjedu, kako u subotu, tako i u polufinalu kupa u Vogo\u0161\u0107i, vjeruju\u0107i da \u0107e zadr\u017eati golgetersku formu.<\/p>\n\n\n\n<p>Utakmica Izvi\u0111a\u010d \u2013 Hercegovina igra se u subotu u 18,00 sati u Gradskoj \u0161portskoj dvorani u Ljubu\u0161kom.<\/p>\n\n\n\n<p>mile kraljevi\u0107\/radio ljubu\u0161ki<\/p>\n","protected":false},"excerpt":{"rendered":"<p>Povodom osvajanja devete titule prvaka i fe\u0161te koja \u0107e uslijediti u subotu nakon utakmice s Hercegovinom iz Nevesinja, u prostorijama Izvi\u0111a\u010da je odr\u017eena konferencija za medije na kojoj su govorili: voditelj mom\u010dadi Nedan Zovak, trener Toni \u010colina, te igra\u010di Milan Vuk\u0161i\u0107 i Ivano Pavlovi\u0107. Prije nego \u0161to je govorio o subotnjim doga\u0111anjima Nedan Zovak je [&hellip;]<\/p>\n","protected":false},"author":2,"featured_media":190311,"comment_status":"closed","ping_status":"closed","sticky":false,"template":"","format":"standard","meta":{"h5ap_radio_sources":[],"footnotes":""},"categories":[28],"tags":[],"class_list":["post-190308","post","type-post","status-publish","format-standard","has-post-thumbnail","hentry","category-novosti"],"yoast_head":"<!-- This site is optimized with the Yoast SEO plugin v27.5 - https:\/\/yoast.com\/product\/yoast-seo-wordpress\/ -->\n<title>Tiskovna u Izvi\u0111a\u010du - RADIO LJUBU\u0160KI<\/title>\n<meta name=\"robots\" content=\"index, follow, max-snippet:-1, max-image-preview:large, max-video-preview:-1\" \/>\n<link rel=\"canonical\" href=\"https:\/\/radioljubuski.ba\/index.php\/2023\/05\/04\/tiskovna-u-izvidacu\/\" \/>\n<meta property=\"og:locale\" content=\"hr_HR\" \/>\n<meta property=\"og:type\" content=\"article\" \/>\n<meta property=\"og:title\" content=\"Tiskovna u Izvi\u0111a\u010du - RADIO LJUBU\u0160KI\" \/>\n<meta property=\"og:description\" content=\"Povodom osvajanja devete titule prvaka i fe\u0161te koja \u0107e uslijediti u subotu nakon utakmice s Hercegovinom iz Nevesinja, u prostorijama Izvi\u0111a\u010da je odr\u017eena konferencija za medije na kojoj su govorili: voditelj mom\u010dadi Nedan Zovak, trener Toni \u010colina, te igra\u010di Milan Vuk\u0161i\u0107 i Ivano Pavlovi\u0107. Prije nego \u0161to je govorio o subotnjim doga\u0111anjima Nedan Zovak je [&hellip;]\" \/>\n<meta property=\"og:url\" content=\"https:\/\/radioljubuski.ba\/index.php\/2023\/05\/04\/tiskovna-u-izvidacu\/\" \/>\n<meta property=\"og:site_name\" content=\"RADIO LJUBU\u0160KI\" \/>\n<meta property=\"article:publisher\" content=\"https:\/\/www.facebook.com\/Radiio-Ljubuski-1490835324566332\" \/>\n<meta property=\"article:published_time\" content=\"2023-05-04T08:48:52+00:00\" \/>\n<meta property=\"og:image\" content=\"https:\/\/radioljubuski.ba\/wp-content\/uploads\/2023\/05\/DSC0011.jpg\" \/>\n\t<meta property=\"og:image:width\" content=\"1024\" \/>\n\t<meta property=\"og:image:height\" content=\"683\" \/>\n\t<meta property=\"og:image:type\" content=\"image\/jpeg\" \/>\n<meta name=\"author\" content=\"Radio Ljubu\u0161ki\" \/>\n<meta name=\"twitter:card\" content=\"summary_large_image\" \/>\n<meta name=\"twitter:creator\" content=\"@radioljubuski\" \/>\n<meta name=\"twitter:site\" content=\"@radioljubuski\" \/>\n<meta name=\"twitter:label1\" content=\"Napisao\/la\" \/>\n\t<meta name=\"twitter:data1\" content=\"Radio Ljubu\u0161ki\" \/>\n\t<meta name=\"twitter:label2\" content=\"Procijenjeno vrijeme \u010ditanja\" \/>\n\t<meta name=\"twitter:data2\" content=\"2 minute\" \/>\n<script type=\"application\/ld+json\" class=\"yoast-schema-graph\">{\"@context\":\"https:\\\/\\\/schema.org\",\"@graph\":[{\"@type\":\"Article\",\"@id\":\"https:\\\/\\\/radioljubuski.ba\\\/index.php\\\/2023\\\/05\\\/04\\\/tiskovna-u-izvidacu\\\/#article\",\"isPartOf\":{\"@id\":\"https:\\\/\\\/radioljubuski.ba\\\/index.php\\\/2023\\\/05\\\/04\\\/tiskovna-u-izvidacu\\\/\"},\"author\":{\"name\":\"Radio Ljubu\u0161ki\",\"@id\":\"https:\\\/\\\/radioljubuski.ba\\\/#\\\/schema\\\/person\\\/19fc700381a780f69665d7956c469e3b\"},\"headline\":\"Tiskovna u Izvi\u0111a\u010du\",\"datePublished\":\"2023-05-04T08:48:52+00:00\",\"mainEntityOfPage\":{\"@id\":\"https:\\\/\\\/radioljubuski.ba\\\/index.php\\\/2023\\\/05\\\/04\\\/tiskovna-u-izvidacu\\\/\"},\"wordCount\":440,\"publisher\":{\"@id\":\"https:\\\/\\\/radioljubuski.ba\\\/#organization\"},\"image\":{\"@id\":\"https:\\\/\\\/radioljubuski.ba\\\/index.php\\\/2023\\\/05\\\/04\\\/tiskovna-u-izvidacu\\\/#primaryimage\"},\"thumbnailUrl\":\"https:\\\/\\\/radioljubuski.ba\\\/wp-content\\\/uploads\\\/2023\\\/05\\\/DSC0011.jpg\",\"articleSection\":[\"Novosti\"],\"inLanguage\":\"hr\"},{\"@type\":\"WebPage\",\"@id\":\"https:\\\/\\\/radioljubuski.ba\\\/index.php\\\/2023\\\/05\\\/04\\\/tiskovna-u-izvidacu\\\/\",\"url\":\"https:\\\/\\\/radioljubuski.ba\\\/index.php\\\/2023\\\/05\\\/04\\\/tiskovna-u-izvidacu\\\/\",\"name\":\"Tiskovna u Izvi\u0111a\u010du - RADIO LJUBU\u0160KI\",\"isPartOf\":{\"@id\":\"https:\\\/\\\/radioljubuski.ba\\\/#website\"},\"primaryImageOfPage\":{\"@id\":\"https:\\\/\\\/radioljubuski.ba\\\/index.php\\\/2023\\\/05\\\/04\\\/tiskovna-u-izvidacu\\\/#primaryimage\"},\"image\":{\"@id\":\"https:\\\/\\\/radioljubuski.ba\\\/index.php\\\/2023\\\/05\\\/04\\\/tiskovna-u-izvidacu\\\/#primaryimage\"},\"thumbnailUrl\":\"https:\\\/\\\/radioljubuski.ba\\\/wp-content\\\/uploads\\\/2023\\\/05\\\/DSC0011.jpg\",\"datePublished\":\"2023-05-04T08:48:52+00:00\",\"breadcrumb\":{\"@id\":\"https:\\\/\\\/radioljubuski.ba\\\/index.php\\\/2023\\\/05\\\/04\\\/tiskovna-u-izvidacu\\\/#breadcrumb\"},\"inLanguage\":\"hr\",\"potentialAction\":[{\"@type\":\"ReadAction\",\"target\":[\"https:\\\/\\\/radioljubuski.ba\\\/index.php\\\/2023\\\/05\\\/04\\\/tiskovna-u-izvidacu\\\/\"]}]},{\"@type\":\"ImageObject\",\"inLanguage\":\"hr\",\"@id\":\"https:\\\/\\\/radioljubuski.ba\\\/index.php\\\/2023\\\/05\\\/04\\\/tiskovna-u-izvidacu\\\/#primaryimage\",\"url\":\"https:\\\/\\\/radioljubuski.ba\\\/wp-content\\\/uploads\\\/2023\\\/05\\\/DSC0011.jpg\",\"contentUrl\":\"https:\\\/\\\/radioljubuski.ba\\\/wp-content\\\/uploads\\\/2023\\\/05\\\/DSC0011.jpg\",\"width\":1024,\"height\":683},{\"@type\":\"BreadcrumbList\",\"@id\":\"https:\\\/\\\/radioljubuski.ba\\\/index.php\\\/2023\\\/05\\\/04\\\/tiskovna-u-izvidacu\\\/#breadcrumb\",\"itemListElement\":[{\"@type\":\"ListItem\",\"position\":1,\"name\":\"Po\u010detna stranica\",\"item\":\"https:\\\/\\\/radioljubuski.ba\\\/\"},{\"@type\":\"ListItem\",\"position\":2,\"name\":\"Tiskovna u Izvi\u0111a\u010du\"}]},{\"@type\":\"WebSite\",\"@id\":\"https:\\\/\\\/radioljubuski.ba\\\/#website\",\"url\":\"https:\\\/\\\/radioljubuski.ba\\\/\",\"name\":\"Radio Ljubu\u0161ki\",\"description\":\"Sun\u010dana frekvencija Hercegovine\",\"publisher\":{\"@id\":\"https:\\\/\\\/radioljubuski.ba\\\/#organization\"},\"potentialAction\":[{\"@type\":\"SearchAction\",\"target\":{\"@type\":\"EntryPoint\",\"urlTemplate\":\"https:\\\/\\\/radioljubuski.ba\\\/?s={search_term_string}\"},\"query-input\":{\"@type\":\"PropertyValueSpecification\",\"valueRequired\":true,\"valueName\":\"search_term_string\"}}],\"inLanguage\":\"hr\"},{\"@type\":\"Organization\",\"@id\":\"https:\\\/\\\/radioljubuski.ba\\\/#organization\",\"name\":\"Radio Ljubu\u0161ki\",\"url\":\"https:\\\/\\\/radioljubuski.ba\\\/\",\"logo\":{\"@type\":\"ImageObject\",\"inLanguage\":\"hr\",\"@id\":\"https:\\\/\\\/radioljubuski.ba\\\/#\\\/schema\\\/logo\\\/image\\\/\",\"url\":\"https:\\\/\\\/radioljubuski.ba\\\/wp-content\\\/uploads\\\/2021\\\/02\\\/cropped-Radio_Ljubuski_logo1.jpg\",\"contentUrl\":\"https:\\\/\\\/radioljubuski.ba\\\/wp-content\\\/uploads\\\/2021\\\/02\\\/cropped-Radio_Ljubuski_logo1.jpg\",\"width\":512,\"height\":512,\"caption\":\"Radio Ljubu\u0161ki\"},\"image\":{\"@id\":\"https:\\\/\\\/radioljubuski.ba\\\/#\\\/schema\\\/logo\\\/image\\\/\"},\"sameAs\":[\"https:\\\/\\\/www.facebook.com\\\/Radiio-Ljubuski-1490835324566332\",\"https:\\\/\\\/x.com\\\/radioljubuski\",\"https:\\\/\\\/hr.linkedin.com\\\/company\\\/radio-ljubuski\",\"https:\\\/\\\/www.youtube.com\\\/channel\\\/UCHYaeO_n0Db3tjNGudGpXyw\"]},{\"@type\":\"Person\",\"@id\":\"https:\\\/\\\/radioljubuski.ba\\\/#\\\/schema\\\/person\\\/19fc700381a780f69665d7956c469e3b\",\"name\":\"Radio Ljubu\u0161ki\"}]}<\/script>\n<!-- \/ Yoast SEO plugin. -->","yoast_head_json":{"title":"Tiskovna u Izvi\u0111a\u010du - RADIO LJUBU\u0160KI","robots":{"index":"index","follow":"follow","max-snippet":"max-snippet:-1","max-image-preview":"max-image-preview:large","max-video-preview":"max-video-preview:-1"},"canonical":"https:\/\/radioljubuski.ba\/index.php\/2023\/05\/04\/tiskovna-u-izvidacu\/","og_locale":"hr_HR","og_type":"article","og_title":"Tiskovna u Izvi\u0111a\u010du - RADIO LJUBU\u0160KI","og_description":"Povodom osvajanja devete titule prvaka i fe\u0161te koja \u0107e uslijediti u subotu nakon utakmice s Hercegovinom iz Nevesinja, u prostorijama Izvi\u0111a\u010da je odr\u017eena konferencija za medije na kojoj su govorili: voditelj mom\u010dadi Nedan Zovak, trener Toni \u010colina, te igra\u010di Milan Vuk\u0161i\u0107 i Ivano Pavlovi\u0107. Prije nego \u0161to je govorio o subotnjim doga\u0111anjima Nedan Zovak je [&hellip;]","og_url":"https:\/\/radioljubuski.ba\/index.php\/2023\/05\/04\/tiskovna-u-izvidacu\/","og_site_name":"RADIO LJUBU\u0160KI","article_publisher":"https:\/\/www.facebook.com\/Radiio-Ljubuski-1490835324566332","article_published_time":"2023-05-04T08:48:52+00:00","og_image":[{"width":1024,"height":683,"url":"https:\/\/radioljubuski.ba\/wp-content\/uploads\/2023\/05\/DSC0011.jpg","type":"image\/jpeg"}],"author":"Radio Ljubu\u0161ki","twitter_card":"summary_large_image","twitter_creator":"@radioljubuski","twitter_site":"@radioljubuski","twitter_misc":{"Napisao\/la":"Radio Ljubu\u0161ki","Procijenjeno vrijeme \u010ditanja":"2 minute"},"schema":{"@context":"https:\/\/schema.org","@graph":[{"@type":"Article","@id":"https:\/\/radioljubuski.ba\/index.php\/2023\/05\/04\/tiskovna-u-izvidacu\/#article","isPartOf":{"@id":"https:\/\/radioljubuski.ba\/index.php\/2023\/05\/04\/tiskovna-u-izvidacu\/"},"author":{"name":"Radio Ljubu\u0161ki","@id":"https:\/\/radioljubuski.ba\/#\/schema\/person\/19fc700381a780f69665d7956c469e3b"},"headline":"Tiskovna u Izvi\u0111a\u010du","datePublished":"2023-05-04T08:48:52+00:00","mainEntityOfPage":{"@id":"https:\/\/radioljubuski.ba\/index.php\/2023\/05\/04\/tiskovna-u-izvidacu\/"},"wordCount":440,"publisher":{"@id":"https:\/\/radioljubuski.ba\/#organization"},"image":{"@id":"https:\/\/radioljubuski.ba\/index.php\/2023\/05\/04\/tiskovna-u-izvidacu\/#primaryimage"},"thumbnailUrl":"https:\/\/radioljubuski.ba\/wp-content\/uploads\/2023\/05\/DSC0011.jpg","articleSection":["Novosti"],"inLanguage":"hr"},{"@type":"WebPage","@id":"https:\/\/radioljubuski.ba\/index.php\/2023\/05\/04\/tiskovna-u-izvidacu\/","url":"https:\/\/radioljubuski.ba\/index.php\/2023\/05\/04\/tiskovna-u-izvidacu\/","name":"Tiskovna u Izvi\u0111a\u010du - RADIO LJUBU\u0160KI","isPartOf":{"@id":"https:\/\/radioljubuski.ba\/#website"},"primaryImageOfPage":{"@id":"https:\/\/radioljubuski.ba\/index.php\/2023\/05\/04\/tiskovna-u-izvidacu\/#primaryimage"},"image":{"@id":"https:\/\/radioljubuski.ba\/index.php\/2023\/05\/04\/tiskovna-u-izvidacu\/#primaryimage"},"thumbnailUrl":"https:\/\/radioljubuski.ba\/wp-content\/uploads\/2023\/05\/DSC0011.jpg","datePublished":"2023-05-04T08:48:52+00:00","breadcrumb":{"@id":"https:\/\/radioljubuski.ba\/index.php\/2023\/05\/04\/tiskovna-u-izvidacu\/#breadcrumb"},"inLanguage":"hr","potentialAction":[{"@type":"ReadAction","target":["https:\/\/radioljubuski.ba\/index.php\/2023\/05\/04\/tiskovna-u-izvidacu\/"]}]},{"@type":"ImageObject","inLanguage":"hr","@id":"https:\/\/radioljubuski.ba\/index.php\/2023\/05\/04\/tiskovna-u-izvidacu\/#primaryimage","url":"https:\/\/radioljubuski.ba\/wp-content\/uploads\/2023\/05\/DSC0011.jpg","contentUrl":"https:\/\/radioljubuski.ba\/wp-content\/uploads\/2023\/05\/DSC0011.jpg","width":1024,"height":683},{"@type":"BreadcrumbList","@id":"https:\/\/radioljubuski.ba\/index.php\/2023\/05\/04\/tiskovna-u-izvidacu\/#breadcrumb","itemListElement":[{"@type":"ListItem","position":1,"name":"Po\u010detna stranica","item":"https:\/\/radioljubuski.ba\/"},{"@type":"ListItem","position":2,"name":"Tiskovna u Izvi\u0111a\u010du"}]},{"@type":"WebSite","@id":"https:\/\/radioljubuski.ba\/#website","url":"https:\/\/radioljubuski.ba\/","name":"Radio Ljubu\u0161ki","description":"Sun\u010dana frekvencija Hercegovine","publisher":{"@id":"https:\/\/radioljubuski.ba\/#organization"},"potentialAction":[{"@type":"SearchAction","target":{"@type":"EntryPoint","urlTemplate":"https:\/\/radioljubuski.ba\/?s={search_term_string}"},"query-input":{"@type":"PropertyValueSpecification","valueRequired":true,"valueName":"search_term_string"}}],"inLanguage":"hr"},{"@type":"Organization","@id":"https:\/\/radioljubuski.ba\/#organization","name":"Radio Ljubu\u0161ki","url":"https:\/\/radioljubuski.ba\/","logo":{"@type":"ImageObject","inLanguage":"hr","@id":"https:\/\/radioljubuski.ba\/#\/schema\/logo\/image\/","url":"https:\/\/radioljubuski.ba\/wp-content\/uploads\/2021\/02\/cropped-Radio_Ljubuski_logo1.jpg","contentUrl":"https:\/\/radioljubuski.ba\/wp-content\/uploads\/2021\/02\/cropped-Radio_Ljubuski_logo1.jpg","width":512,"height":512,"caption":"Radio Ljubu\u0161ki"},"image":{"@id":"https:\/\/radioljubuski.ba\/#\/schema\/logo\/image\/"},"sameAs":["https:\/\/www.facebook.com\/Radiio-Ljubuski-1490835324566332","https:\/\/x.com\/radioljubuski","https:\/\/hr.linkedin.com\/company\/radio-ljubuski","https:\/\/www.youtube.com\/channel\/UCHYaeO_n0Db3tjNGudGpXyw"]},{"@type":"Person","@id":"https:\/\/radioljubuski.ba\/#\/schema\/person\/19fc700381a780f69665d7956c469e3b","name":"Radio Ljubu\u0161ki"}]}},"_links":{"self":[{"href":"https:\/\/radioljubuski.ba\/index.php\/wp-json\/wp\/v2\/posts\/190308","targetHints":{"allow":["GET"]}}],"collection":[{"href":"https:\/\/radioljubuski.ba\/index.php\/wp-json\/wp\/v2\/posts"}],"about":[{"href":"https:\/\/radioljubuski.ba\/index.php\/wp-json\/wp\/v2\/types\/post"}],"author":[{"embeddable":true,"href":"https:\/\/radioljubuski.ba\/index.php\/wp-json\/wp\/v2\/users\/2"}],"replies":[{"embeddable":true,"href":"https:\/\/radioljubuski.ba\/index.php\/wp-json\/wp\/v2\/comments?post=190308"}],"version-history":[{"count":1,"href":"https:\/\/radioljubuski.ba\/index.php\/wp-json\/wp\/v2\/posts\/190308\/revisions"}],"predecessor-version":[{"id":190312,"href":"https:\/\/radioljubuski.ba\/index.php\/wp-json\/wp\/v2\/posts\/190308\/revisions\/190312"}],"wp:featuredmedia":[{"embeddable":true,"href":"https:\/\/radioljubuski.ba\/index.php\/wp-json\/wp\/v2\/media\/190311"}],"wp:attachment":[{"href":"https:\/\/radioljubuski.ba\/index.php\/wp-json\/wp\/v2\/media?parent=190308"}],"wp:term":[{"taxonomy":"category","embeddable":true,"href":"https:\/\/radioljubuski.ba\/index.php\/wp-json\/wp\/v2\/categories?post=190308"},{"taxonomy":"post_tag","embeddable":true,"href":"https:\/\/radioljubuski.ba\/index.php\/wp-json\/wp\/v2\/tags?post=190308"}],"curies":[{"name":"wp","href":"https:\/\/api.w.org\/{rel}","templated":true}]}}