{"id":190488,"date":"2023-05-11T09:42:28","date_gmt":"2023-05-11T08:42:28","guid":{"rendered":"https:\/\/radioljubuski.ba\/?p=190488"},"modified":"2023-05-11T09:42:29","modified_gmt":"2023-05-11T08:42:29","slug":"hkud-studencica-u-privlaci","status":"publish","type":"post","link":"https:\/\/radioljubuski.ba\/index.php\/2023\/05\/11\/hkud-studencica-u-privlaci\/","title":{"rendered":"HKUD Studen\u010dica u Privlaci"},"content":{"rendered":"\n<p>Folklorna sekcija HKUD-a \u201eStuden\u010dica\u201c i pjeva\u010dka skupina \u201eStudena\u010dki Be\u0107ari\u201c u subotu, 13.svibnja, nastupit \u0107e u Privlaci (Vukovarsko-srijemska \u017eupanija) na prigodnoj proslavi obilje\u017eavanja Dana op\u0107ine Privlaka.<\/p>\n\n\n\n<figure class=\"wp-block-gallery has-nested-images columns-default is-cropped wp-block-gallery-1 is-layout-flex wp-block-gallery-is-layout-flex\">\n<figure class=\"wp-block-image size-large\"><img loading=\"lazy\" decoding=\"async\" width=\"768\" height=\"874\" data-id=\"190489\" src=\"https:\/\/radioljubuski.ba\/wp-content\/uploads\/2023\/05\/obavijest.jpg\" alt=\"\" class=\"wp-image-190489\" srcset=\"https:\/\/radioljubuski.ba\/wp-content\/uploads\/2023\/05\/obavijest.jpg 768w, https:\/\/radioljubuski.ba\/wp-content\/uploads\/2023\/05\/obavijest-264x300.jpg 264w\" sizes=\"auto, (max-width: 768px) 100vw, 768px\" \/><\/figure>\n<\/figure>\n\n\n\n<p>Uz doma\u0107ine, Kulturni centar Klasje sa svojim folklorom i pjeva\u010dkim skupinama i Studen\u010dane, nastupit \u0107e pjeva\u010dke skupine \u201eBa\u0107e\u201c iz Bo\u0161njaka (mu\u0161ka i \u017eenska), \u017eenske pjeva\u010dke skupine Sokolice KUD-a Sibinj, a na kraju programa nastupit \u0107e Indira \u201eForza\u201c (ex Colonia).<\/p>\n\n\n\n<p>U nedjelju nakon svete Mise i doru\u010dka Studen\u010dani \u0107e posjetiti Vukovar nakon \u010dega se vra\u0107aju ku\u0107i.<\/p>\n\n\n\n<p>mile kraljevi\u0107\/radio ljubu\u0161ki<\/p>\n","protected":false},"excerpt":{"rendered":"<p>Folklorna sekcija HKUD-a \u201eStuden\u010dica\u201c i pjeva\u010dka skupina \u201eStudena\u010dki Be\u0107ari\u201c u subotu, 13.svibnja, nastupit \u0107e u Privlaci (Vukovarsko-srijemska \u017eupanija) na prigodnoj proslavi obilje\u017eavanja Dana op\u0107ine Privlaka. Uz doma\u0107ine, Kulturni centar Klasje sa svojim folklorom i pjeva\u010dkim skupinama i Studen\u010dane, nastupit \u0107e pjeva\u010dke skupine \u201eBa\u0107e\u201c iz Bo\u0161njaka (mu\u0161ka i \u017eenska), \u017eenske pjeva\u010dke skupine Sokolice KUD-a Sibinj, a [&hellip;]<\/p>\n","protected":false},"author":2,"featured_media":190490,"comment_status":"closed","ping_status":"closed","sticky":false,"template":"","format":"standard","meta":{"h5ap_radio_sources":[],"footnotes":""},"categories":[28],"tags":[],"class_list":["post-190488","post","type-post","status-publish","format-standard","has-post-thumbnail","hentry","category-novosti"],"yoast_head":"<!-- This site is optimized with the Yoast SEO plugin v27.4 - https:\/\/yoast.com\/product\/yoast-seo-wordpress\/ -->\n<title>HKUD Studen\u010dica u Privlaci - RADIO LJUBU\u0160KI<\/title>\n<meta name=\"robots\" content=\"index, follow, max-snippet:-1, max-image-preview:large, max-video-preview:-1\" \/>\n<link rel=\"canonical\" href=\"https:\/\/radioljubuski.ba\/index.php\/2023\/05\/11\/hkud-studencica-u-privlaci\/\" \/>\n<meta property=\"og:locale\" content=\"hr_HR\" \/>\n<meta property=\"og:type\" content=\"article\" \/>\n<meta property=\"og:title\" content=\"HKUD Studen\u010dica u Privlaci - RADIO LJUBU\u0160KI\" \/>\n<meta property=\"og:description\" content=\"Folklorna sekcija HKUD-a \u201eStuden\u010dica\u201c i pjeva\u010dka skupina \u201eStudena\u010dki Be\u0107ari\u201c u subotu, 13.svibnja, nastupit \u0107e u Privlaci (Vukovarsko-srijemska \u017eupanija) na prigodnoj proslavi obilje\u017eavanja Dana op\u0107ine Privlaka. Uz doma\u0107ine, Kulturni centar Klasje sa svojim folklorom i pjeva\u010dkim skupinama i Studen\u010dane, nastupit \u0107e pjeva\u010dke skupine \u201eBa\u0107e\u201c iz Bo\u0161njaka (mu\u0161ka i \u017eenska), \u017eenske pjeva\u010dke skupine Sokolice KUD-a Sibinj, a [&hellip;]\" \/>\n<meta property=\"og:url\" content=\"https:\/\/radioljubuski.ba\/index.php\/2023\/05\/11\/hkud-studencica-u-privlaci\/\" \/>\n<meta property=\"og:site_name\" content=\"RADIO LJUBU\u0160KI\" \/>\n<meta property=\"article:publisher\" content=\"https:\/\/www.facebook.com\/Radiio-Ljubuski-1490835324566332\" \/>\n<meta property=\"article:published_time\" content=\"2023-05-11T08:42:28+00:00\" \/>\n<meta property=\"article:modified_time\" content=\"2023-05-11T08:42:29+00:00\" \/>\n<meta property=\"og:image\" content=\"https:\/\/radioljubuski.ba\/wp-content\/uploads\/2023\/05\/foto-studencica-gostovala-u-privlaci.jpg\" \/>\n\t<meta property=\"og:image:width\" content=\"800\" \/>\n\t<meta property=\"og:image:height\" content=\"428\" \/>\n\t<meta property=\"og:image:type\" content=\"image\/jpeg\" \/>\n<meta name=\"author\" content=\"Radio Ljubu\u0161ki\" \/>\n<meta name=\"twitter:card\" content=\"summary_large_image\" \/>\n<meta name=\"twitter:creator\" content=\"@radioljubuski\" \/>\n<meta name=\"twitter:site\" content=\"@radioljubuski\" \/>\n<meta name=\"twitter:label1\" content=\"Napisao\/la\" \/>\n\t<meta name=\"twitter:data1\" content=\"Radio Ljubu\u0161ki\" \/>\n\t<meta name=\"twitter:label2\" content=\"Procijenjeno vrijeme \u010ditanja\" \/>\n\t<meta name=\"twitter:data2\" content=\"1 minuta\" \/>\n<script type=\"application\/ld+json\" class=\"yoast-schema-graph\">{\"@context\":\"https:\\\/\\\/schema.org\",\"@graph\":[{\"@type\":\"Article\",\"@id\":\"https:\\\/\\\/radioljubuski.ba\\\/index.php\\\/2023\\\/05\\\/11\\\/hkud-studencica-u-privlaci\\\/#article\",\"isPartOf\":{\"@id\":\"https:\\\/\\\/radioljubuski.ba\\\/index.php\\\/2023\\\/05\\\/11\\\/hkud-studencica-u-privlaci\\\/\"},\"author\":{\"name\":\"Radio Ljubu\u0161ki\",\"@id\":\"https:\\\/\\\/radioljubuski.ba\\\/#\\\/schema\\\/person\\\/19fc700381a780f69665d7956c469e3b\"},\"headline\":\"HKUD Studen\u010dica u Privlaci\",\"datePublished\":\"2023-05-11T08:42:28+00:00\",\"dateModified\":\"2023-05-11T08:42:29+00:00\",\"mainEntityOfPage\":{\"@id\":\"https:\\\/\\\/radioljubuski.ba\\\/index.php\\\/2023\\\/05\\\/11\\\/hkud-studencica-u-privlaci\\\/\"},\"wordCount\":108,\"publisher\":{\"@id\":\"https:\\\/\\\/radioljubuski.ba\\\/#organization\"},\"image\":{\"@id\":\"https:\\\/\\\/radioljubuski.ba\\\/index.php\\\/2023\\\/05\\\/11\\\/hkud-studencica-u-privlaci\\\/#primaryimage\"},\"thumbnailUrl\":\"https:\\\/\\\/radioljubuski.ba\\\/wp-content\\\/uploads\\\/2023\\\/05\\\/foto-studencica-gostovala-u-privlaci.jpg\",\"articleSection\":[\"Novosti\"],\"inLanguage\":\"hr\"},{\"@type\":\"WebPage\",\"@id\":\"https:\\\/\\\/radioljubuski.ba\\\/index.php\\\/2023\\\/05\\\/11\\\/hkud-studencica-u-privlaci\\\/\",\"url\":\"https:\\\/\\\/radioljubuski.ba\\\/index.php\\\/2023\\\/05\\\/11\\\/hkud-studencica-u-privlaci\\\/\",\"name\":\"HKUD Studen\u010dica u Privlaci - RADIO LJUBU\u0160KI\",\"isPartOf\":{\"@id\":\"https:\\\/\\\/radioljubuski.ba\\\/#website\"},\"primaryImageOfPage\":{\"@id\":\"https:\\\/\\\/radioljubuski.ba\\\/index.php\\\/2023\\\/05\\\/11\\\/hkud-studencica-u-privlaci\\\/#primaryimage\"},\"image\":{\"@id\":\"https:\\\/\\\/radioljubuski.ba\\\/index.php\\\/2023\\\/05\\\/11\\\/hkud-studencica-u-privlaci\\\/#primaryimage\"},\"thumbnailUrl\":\"https:\\\/\\\/radioljubuski.ba\\\/wp-content\\\/uploads\\\/2023\\\/05\\\/foto-studencica-gostovala-u-privlaci.jpg\",\"datePublished\":\"2023-05-11T08:42:28+00:00\",\"dateModified\":\"2023-05-11T08:42:29+00:00\",\"breadcrumb\":{\"@id\":\"https:\\\/\\\/radioljubuski.ba\\\/index.php\\\/2023\\\/05\\\/11\\\/hkud-studencica-u-privlaci\\\/#breadcrumb\"},\"inLanguage\":\"hr\",\"potentialAction\":[{\"@type\":\"ReadAction\",\"target\":[\"https:\\\/\\\/radioljubuski.ba\\\/index.php\\\/2023\\\/05\\\/11\\\/hkud-studencica-u-privlaci\\\/\"]}]},{\"@type\":\"ImageObject\",\"inLanguage\":\"hr\",\"@id\":\"https:\\\/\\\/radioljubuski.ba\\\/index.php\\\/2023\\\/05\\\/11\\\/hkud-studencica-u-privlaci\\\/#primaryimage\",\"url\":\"https:\\\/\\\/radioljubuski.ba\\\/wp-content\\\/uploads\\\/2023\\\/05\\\/foto-studencica-gostovala-u-privlaci.jpg\",\"contentUrl\":\"https:\\\/\\\/radioljubuski.ba\\\/wp-content\\\/uploads\\\/2023\\\/05\\\/foto-studencica-gostovala-u-privlaci.jpg\",\"width\":800,\"height\":428},{\"@type\":\"BreadcrumbList\",\"@id\":\"https:\\\/\\\/radioljubuski.ba\\\/index.php\\\/2023\\\/05\\\/11\\\/hkud-studencica-u-privlaci\\\/#breadcrumb\",\"itemListElement\":[{\"@type\":\"ListItem\",\"position\":1,\"name\":\"Po\u010detna stranica\",\"item\":\"https:\\\/\\\/radioljubuski.ba\\\/\"},{\"@type\":\"ListItem\",\"position\":2,\"name\":\"HKUD Studen\u010dica u Privlaci\"}]},{\"@type\":\"WebSite\",\"@id\":\"https:\\\/\\\/radioljubuski.ba\\\/#website\",\"url\":\"https:\\\/\\\/radioljubuski.ba\\\/\",\"name\":\"Radio Ljubu\u0161ki\",\"description\":\"Sun\u010dana frekvencija Hercegovine\",\"publisher\":{\"@id\":\"https:\\\/\\\/radioljubuski.ba\\\/#organization\"},\"potentialAction\":[{\"@type\":\"SearchAction\",\"target\":{\"@type\":\"EntryPoint\",\"urlTemplate\":\"https:\\\/\\\/radioljubuski.ba\\\/?s={search_term_string}\"},\"query-input\":{\"@type\":\"PropertyValueSpecification\",\"valueRequired\":true,\"valueName\":\"search_term_string\"}}],\"inLanguage\":\"hr\"},{\"@type\":\"Organization\",\"@id\":\"https:\\\/\\\/radioljubuski.ba\\\/#organization\",\"name\":\"Radio Ljubu\u0161ki\",\"url\":\"https:\\\/\\\/radioljubuski.ba\\\/\",\"logo\":{\"@type\":\"ImageObject\",\"inLanguage\":\"hr\",\"@id\":\"https:\\\/\\\/radioljubuski.ba\\\/#\\\/schema\\\/logo\\\/image\\\/\",\"url\":\"https:\\\/\\\/radioljubuski.ba\\\/wp-content\\\/uploads\\\/2021\\\/02\\\/cropped-Radio_Ljubuski_logo1.jpg\",\"contentUrl\":\"https:\\\/\\\/radioljubuski.ba\\\/wp-content\\\/uploads\\\/2021\\\/02\\\/cropped-Radio_Ljubuski_logo1.jpg\",\"width\":512,\"height\":512,\"caption\":\"Radio Ljubu\u0161ki\"},\"image\":{\"@id\":\"https:\\\/\\\/radioljubuski.ba\\\/#\\\/schema\\\/logo\\\/image\\\/\"},\"sameAs\":[\"https:\\\/\\\/www.facebook.com\\\/Radiio-Ljubuski-1490835324566332\",\"https:\\\/\\\/x.com\\\/radioljubuski\",\"https:\\\/\\\/hr.linkedin.com\\\/company\\\/radio-ljubuski\",\"https:\\\/\\\/www.youtube.com\\\/channel\\\/UCHYaeO_n0Db3tjNGudGpXyw\"]},{\"@type\":\"Person\",\"@id\":\"https:\\\/\\\/radioljubuski.ba\\\/#\\\/schema\\\/person\\\/19fc700381a780f69665d7956c469e3b\",\"name\":\"Radio Ljubu\u0161ki\"}]}<\/script>\n<!-- \/ Yoast SEO plugin. -->","yoast_head_json":{"title":"HKUD Studen\u010dica u Privlaci - RADIO LJUBU\u0160KI","robots":{"index":"index","follow":"follow","max-snippet":"max-snippet:-1","max-image-preview":"max-image-preview:large","max-video-preview":"max-video-preview:-1"},"canonical":"https:\/\/radioljubuski.ba\/index.php\/2023\/05\/11\/hkud-studencica-u-privlaci\/","og_locale":"hr_HR","og_type":"article","og_title":"HKUD Studen\u010dica u Privlaci - RADIO LJUBU\u0160KI","og_description":"Folklorna sekcija HKUD-a \u201eStuden\u010dica\u201c i pjeva\u010dka skupina \u201eStudena\u010dki Be\u0107ari\u201c u subotu, 13.svibnja, nastupit \u0107e u Privlaci (Vukovarsko-srijemska \u017eupanija) na prigodnoj proslavi obilje\u017eavanja Dana op\u0107ine Privlaka. Uz doma\u0107ine, Kulturni centar Klasje sa svojim folklorom i pjeva\u010dkim skupinama i Studen\u010dane, nastupit \u0107e pjeva\u010dke skupine \u201eBa\u0107e\u201c iz Bo\u0161njaka (mu\u0161ka i \u017eenska), \u017eenske pjeva\u010dke skupine Sokolice KUD-a Sibinj, a [&hellip;]","og_url":"https:\/\/radioljubuski.ba\/index.php\/2023\/05\/11\/hkud-studencica-u-privlaci\/","og_site_name":"RADIO LJUBU\u0160KI","article_publisher":"https:\/\/www.facebook.com\/Radiio-Ljubuski-1490835324566332","article_published_time":"2023-05-11T08:42:28+00:00","article_modified_time":"2023-05-11T08:42:29+00:00","og_image":[{"width":800,"height":428,"url":"https:\/\/radioljubuski.ba\/wp-content\/uploads\/2023\/05\/foto-studencica-gostovala-u-privlaci.jpg","type":"image\/jpeg"}],"author":"Radio Ljubu\u0161ki","twitter_card":"summary_large_image","twitter_creator":"@radioljubuski","twitter_site":"@radioljubuski","twitter_misc":{"Napisao\/la":"Radio Ljubu\u0161ki","Procijenjeno vrijeme \u010ditanja":"1 minuta"},"schema":{"@context":"https:\/\/schema.org","@graph":[{"@type":"Article","@id":"https:\/\/radioljubuski.ba\/index.php\/2023\/05\/11\/hkud-studencica-u-privlaci\/#article","isPartOf":{"@id":"https:\/\/radioljubuski.ba\/index.php\/2023\/05\/11\/hkud-studencica-u-privlaci\/"},"author":{"name":"Radio Ljubu\u0161ki","@id":"https:\/\/radioljubuski.ba\/#\/schema\/person\/19fc700381a780f69665d7956c469e3b"},"headline":"HKUD Studen\u010dica u Privlaci","datePublished":"2023-05-11T08:42:28+00:00","dateModified":"2023-05-11T08:42:29+00:00","mainEntityOfPage":{"@id":"https:\/\/radioljubuski.ba\/index.php\/2023\/05\/11\/hkud-studencica-u-privlaci\/"},"wordCount":108,"publisher":{"@id":"https:\/\/radioljubuski.ba\/#organization"},"image":{"@id":"https:\/\/radioljubuski.ba\/index.php\/2023\/05\/11\/hkud-studencica-u-privlaci\/#primaryimage"},"thumbnailUrl":"https:\/\/radioljubuski.ba\/wp-content\/uploads\/2023\/05\/foto-studencica-gostovala-u-privlaci.jpg","articleSection":["Novosti"],"inLanguage":"hr"},{"@type":"WebPage","@id":"https:\/\/radioljubuski.ba\/index.php\/2023\/05\/11\/hkud-studencica-u-privlaci\/","url":"https:\/\/radioljubuski.ba\/index.php\/2023\/05\/11\/hkud-studencica-u-privlaci\/","name":"HKUD Studen\u010dica u Privlaci - RADIO LJUBU\u0160KI","isPartOf":{"@id":"https:\/\/radioljubuski.ba\/#website"},"primaryImageOfPage":{"@id":"https:\/\/radioljubuski.ba\/index.php\/2023\/05\/11\/hkud-studencica-u-privlaci\/#primaryimage"},"image":{"@id":"https:\/\/radioljubuski.ba\/index.php\/2023\/05\/11\/hkud-studencica-u-privlaci\/#primaryimage"},"thumbnailUrl":"https:\/\/radioljubuski.ba\/wp-content\/uploads\/2023\/05\/foto-studencica-gostovala-u-privlaci.jpg","datePublished":"2023-05-11T08:42:28+00:00","dateModified":"2023-05-11T08:42:29+00:00","breadcrumb":{"@id":"https:\/\/radioljubuski.ba\/index.php\/2023\/05\/11\/hkud-studencica-u-privlaci\/#breadcrumb"},"inLanguage":"hr","potentialAction":[{"@type":"ReadAction","target":["https:\/\/radioljubuski.ba\/index.php\/2023\/05\/11\/hkud-studencica-u-privlaci\/"]}]},{"@type":"ImageObject","inLanguage":"hr","@id":"https:\/\/radioljubuski.ba\/index.php\/2023\/05\/11\/hkud-studencica-u-privlaci\/#primaryimage","url":"https:\/\/radioljubuski.ba\/wp-content\/uploads\/2023\/05\/foto-studencica-gostovala-u-privlaci.jpg","contentUrl":"https:\/\/radioljubuski.ba\/wp-content\/uploads\/2023\/05\/foto-studencica-gostovala-u-privlaci.jpg","width":800,"height":428},{"@type":"BreadcrumbList","@id":"https:\/\/radioljubuski.ba\/index.php\/2023\/05\/11\/hkud-studencica-u-privlaci\/#breadcrumb","itemListElement":[{"@type":"ListItem","position":1,"name":"Po\u010detna stranica","item":"https:\/\/radioljubuski.ba\/"},{"@type":"ListItem","position":2,"name":"HKUD Studen\u010dica u Privlaci"}]},{"@type":"WebSite","@id":"https:\/\/radioljubuski.ba\/#website","url":"https:\/\/radioljubuski.ba\/","name":"Radio Ljubu\u0161ki","description":"Sun\u010dana frekvencija Hercegovine","publisher":{"@id":"https:\/\/radioljubuski.ba\/#organization"},"potentialAction":[{"@type":"SearchAction","target":{"@type":"EntryPoint","urlTemplate":"https:\/\/radioljubuski.ba\/?s={search_term_string}"},"query-input":{"@type":"PropertyValueSpecification","valueRequired":true,"valueName":"search_term_string"}}],"inLanguage":"hr"},{"@type":"Organization","@id":"https:\/\/radioljubuski.ba\/#organization","name":"Radio Ljubu\u0161ki","url":"https:\/\/radioljubuski.ba\/","logo":{"@type":"ImageObject","inLanguage":"hr","@id":"https:\/\/radioljubuski.ba\/#\/schema\/logo\/image\/","url":"https:\/\/radioljubuski.ba\/wp-content\/uploads\/2021\/02\/cropped-Radio_Ljubuski_logo1.jpg","contentUrl":"https:\/\/radioljubuski.ba\/wp-content\/uploads\/2021\/02\/cropped-Radio_Ljubuski_logo1.jpg","width":512,"height":512,"caption":"Radio Ljubu\u0161ki"},"image":{"@id":"https:\/\/radioljubuski.ba\/#\/schema\/logo\/image\/"},"sameAs":["https:\/\/www.facebook.com\/Radiio-Ljubuski-1490835324566332","https:\/\/x.com\/radioljubuski","https:\/\/hr.linkedin.com\/company\/radio-ljubuski","https:\/\/www.youtube.com\/channel\/UCHYaeO_n0Db3tjNGudGpXyw"]},{"@type":"Person","@id":"https:\/\/radioljubuski.ba\/#\/schema\/person\/19fc700381a780f69665d7956c469e3b","name":"Radio Ljubu\u0161ki"}]}},"_links":{"self":[{"href":"https:\/\/radioljubuski.ba\/index.php\/wp-json\/wp\/v2\/posts\/190488","targetHints":{"allow":["GET"]}}],"collection":[{"href":"https:\/\/radioljubuski.ba\/index.php\/wp-json\/wp\/v2\/posts"}],"about":[{"href":"https:\/\/radioljubuski.ba\/index.php\/wp-json\/wp\/v2\/types\/post"}],"author":[{"embeddable":true,"href":"https:\/\/radioljubuski.ba\/index.php\/wp-json\/wp\/v2\/users\/2"}],"replies":[{"embeddable":true,"href":"https:\/\/radioljubuski.ba\/index.php\/wp-json\/wp\/v2\/comments?post=190488"}],"version-history":[{"count":1,"href":"https:\/\/radioljubuski.ba\/index.php\/wp-json\/wp\/v2\/posts\/190488\/revisions"}],"predecessor-version":[{"id":190491,"href":"https:\/\/radioljubuski.ba\/index.php\/wp-json\/wp\/v2\/posts\/190488\/revisions\/190491"}],"wp:featuredmedia":[{"embeddable":true,"href":"https:\/\/radioljubuski.ba\/index.php\/wp-json\/wp\/v2\/media\/190490"}],"wp:attachment":[{"href":"https:\/\/radioljubuski.ba\/index.php\/wp-json\/wp\/v2\/media?parent=190488"}],"wp:term":[{"taxonomy":"category","embeddable":true,"href":"https:\/\/radioljubuski.ba\/index.php\/wp-json\/wp\/v2\/categories?post=190488"},{"taxonomy":"post_tag","embeddable":true,"href":"https:\/\/radioljubuski.ba\/index.php\/wp-json\/wp\/v2\/tags?post=190488"}],"curies":[{"name":"wp","href":"https:\/\/api.w.org\/{rel}","templated":true}]}}