{"id":190523,"date":"2023-05-12T10:11:34","date_gmt":"2023-05-12T09:11:34","guid":{"rendered":"https:\/\/radioljubuski.ba\/?p=190523"},"modified":"2023-05-12T10:11:35","modified_gmt":"2023-05-12T09:11:35","slug":"priopcenje-za-javnost-sa-6-sjednice-vlade-zzh","status":"publish","type":"post","link":"https:\/\/radioljubuski.ba\/index.php\/2023\/05\/12\/priopcenje-za-javnost-sa-6-sjednice-vlade-zzh\/","title":{"rendered":"Priop\u0107enje za javnost sa 6. sjednice Vlade \u017dZH"},"content":{"rendered":"\n<p><strong>U \u010detvrtak 11. svibnja 2023. godine, pod predsjedavanjem predsjednika Vlade Predraga \u010covi\u0107a, u \u0160irokom Brijegu je odr\u017eana 6. sjednica Vlade \u017dupanije Zapadnohercegova\u010dke.<\/strong><\/p>\n\n\n\n<p><strong><em>Izvje\u0161\u0107a o radu za 2022. godinu<\/em><\/strong><\/p>\n\n\n\n<p><br>Na dana\u0161njoj sjednici Vlada je primila k znanju Izvje\u0161\u0107e o radu \u017dupanijskog pravobraniteljstva \u017dupanije Zapadnohercegova\u010dke za 2022. godinu, te ga uputila na usvajanje u daljnju proceduru Skup\u0161tine \u017dupanije Zapadnohercegova\u010dke.<br>\u017dupanijsko pravobraniteljstvo je samostalno tijelo \u017dupanije Zapadnohercegova\u010dke, koje svoje zada\u0107e obavlja s ovlastima za poduzimanje mjera i pravnih sredstava radi pravne za\u0161tite imovine i imovinskih interesa \u017dupanije, njenih tijela i tijela koja nemaju svojstvo pravne osobe, a koja se financiraju iz Prora\u010duna \u017dupanije. Zastupanje se odnosi na parni\u010dni postupak, ovr\u0161ni postupak, postupak upravnih sporova, kazneni postupak, vanparni\u010dni postupak, druge postupke koji nemaju svojstvo strana\u010dkog zastupanja, postupci davanja suglasnosti na odre\u0111ene pravne poslove te postupci unutarnjeg administriranja odnosno uprave ovoga Pravobraniteljstva.<br>Pravobraniteljstvo je u izvje\u0161tajnom razdoblju radilo na ukupno 860 predmeta.<\/p>\n\n\n\n<p><br>Tako\u0111er, usvojena su sljede\u0107a izvje\u0161\u0107a o radu:<\/p>\n\n\n\n<p><br>Izvje\u0161\u0107e o radu Ureda za zakonodavstvo Vlade \u017dupanije Zapadnohercegova\u010dke za 2022. godinu.<br>Strate\u0161ki cilj Ureda za zakonodavstvo u 2022. godini bio je: Davanje stru\u010dnih mi\u0161ljenja i pru\u017eanje stru\u010dne pomo\u0107i tijelima uprave \u017dupanije Zapadnohercegova\u010dke u izradi nacrta\/prijedloga zakonskih i podzakonskih propisa te ostali redovni poslovi, a u potpunosti je realiziran kroz tri programa:<\/p>\n\n\n\n<p><br>1. Analiza nacrta\/prijedloga zakonskih i podzakonskih propisa u postupku njihovog dono\u0161enja i davanje stru\u010dnih mi\u0161ljenja,<br>2. Pru\u017eanje pomo\u0107i tijelima uprave \u017dupanije Zapadnohercegova\u010dke u izradi nacrta\/prijedloga zakonskih i podzakonskih propisa,<br>3. Izvr\u0161avanje administrativnih i ekonomsko-financijskih poslova za osiguranje uvjeta za u\u010dinkovito obavljanje poslova iz nadle\u017enosti Ureda za zakonodavstvo.<\/p>\n\n\n\n<p><br>Tijekom 2022. godine Ured za zakonodavstvo je zaprimio, obradio i dao ukupno 225 mi\u0161ljenja koji se, izme\u0111u ostaloga, odnose na prijedloge zakona, uredbi, odluka, pravilnika, Nacrta Prora\u010duna, itd.<\/p>\n\n\n\n<p><br>Izvje\u0161\u0107e o radu Ministarstva financija \u017dupanije Zapadnohercegova\u010dke za 2022. godinu. Programski dio sadr\u017ei osvrt na realizaciju strate\u0161kih ciljeva i programa koji su definirani Programom rada Ministarstva financija za 2022. godinu, a to su:<\/p>\n\n\n\n<p><br>1. Makroekonomska i gospodarska stabilnost,<br>2. Ja\u010danje sustava nadzora i odgovornosti u upravljanju javnim sredstvima.<\/p>\n\n\n\n<p><br>Prioritetne aktivnosti koje su obilje\u017eile rad Ministarstva financija u izvje\u0161tajnom razdoblju bile su usmjerene na o\u010duvanje makroekonomske stabilnosti, stvaranje uvjeta za oporavak i stabilan gospodarski rast, i to kroz kontinuirano i u\u010dinkovito upravljanje javnim financijama i daljnje unaprje\u0111enje prora\u010dunskih procesa, fiskalnu konsolidaciju, u\u010dinkovito upravljanje javnim dugom i kroz razvoj makroekonomske statistike.<br>Radi daljnje realizacije navedenih ciljeva, Ministarstvo je u I. tromjese\u010dju 2022. godine donijelo Strate\u0161ki plan Ministarstva financija za razdoblje od 2023. do 2025. godine, a \u010dije dono\u0161enje je planirano Planom rada Ministarstva financija za 2022. godinu.<\/p>\n\n\n\n<p><br>Izvje\u0161\u0107e o radu Ministarstva hrvatskih branitelja iz Domovinskog rata \u017dupanije Zapadnohercegova\u010dke za 2022. godinu. Programske aktivnosti Ministarstva branitelja u 2022. godini te\u017eile su odgovornom i transparentnom radu Ministarstva branitelja, usmjerenom ka postizanju sljede\u0107ih strate\u0161kih ciljeva:<\/p>\n\n\n\n<p><br>1. Pobolj\u0161anje pravnog okvira u podru\u010dju braniteljsko-invalidske za\u0161tite, dono\u0161enje zakonskih i podzakonskih akata i odgovaraju\u0107ih programa za provo\u0111enje zakona<br>2. Za\u0161tita digniteta branitelja i njihovog socijalnog polo\u017eaja.<\/p>\n\n\n\n<p><br>Navedeni ciljevi realizirani su kroz sljede\u0107e programe rada: Revizija prvostupanjskih rje\u0161enja kojima je priznato pravo na osobnu invalidninu i obiteljsku invalidninu, Revizija prvostupanjskih rje\u0161enja kojima je priznato pravo na nov\u010danu egzistencijalnu naknadu, ostvarivanje dopunskih prava branitelja i \u010dlanova njihovih obitelji, Pomo\u0107 pri stambenom zbrinjavanju pripadnika braniteljske populacije, Jednokratne nov\u010dane pomo\u0107i, Jednokratne nov\u010dane pomo\u0107i korisnicima nov\u010dane egzistencijalne naknade, Financiranje udruga proisteklih iz Domovinskog rata, Obilje\u017eavanje obljetnica stradavanja branitelja Domovinskog rata i sufinanciranje izgradnje spomen obilje\u017eja braniteljima, Pravna pomo\u0107 braniteljima i \u010dlanovima njihovih obitelji te Podr\u0161ka Zakladi koja pru\u017ea pravnu pomo\u0107 pripadnicima braniteljske populacije.<\/p>\n\n\n\n<p><br>Izvje\u0161\u0107e o radu Zavoda za poljoprivredu \u017dupanije Zapadnohercegova\u010dke za 2022. godinu. Po evidenciji Zavoda, ukupan broj prijava za nov\u010dane podr\u0161ke iznosio je 1167, a pro\u0161le godine broj prijava iznosio je 1090, \u0161to je za 77 prijava vi\u0161e u odnosu na prethodnu godinu. Od toga, 578 prijava se odnosi na potpore sa federalne razine, a 589 na potpore sa \u017eupanijske razine.<br>Zavod je u 2022. godini aplicirao na dva projekta financirana iz fondova EU. Prvi projekt pod nazivom \u201eJa\u010danje konkurentnosti poljoprivredne proizvodnje u \u017dupaniji Zapadnohercegova\u010dkoj primjenom znanstveno-istra\u017eiva\u010dkog rada i modernih tehnologija\u201c, a ukupna vrijednost Projekta je 530.538,00 KM. Drugi projekt je \u201eAgrSun Euro-Med\u201c, gdje je Zavod aplicirao kao jedan od 9 projektnih partnera. Ukupna vrijednost Projekta je 2.564.927,45 \u20ac.<\/p>\n\n\n\n<p>U sklopu Zavoda djeluje Izvje\u0161tajno-prognozna slu\u017eba sa \u010detiri licencirana savjetodavca, na temelju \u010dijeg rada Zavod donosi niz mjera kako bi o\u010duvao zdravlje bilja u na\u0161oj \u017dupaniji.<\/p>\n\n\n\n<p><br>Izvje\u0161\u0107e o radu Ministarstva pravosu\u0111a i uprave \u017dupanije Zapadnohercegova\u010dke za 2022. godinu. Ministarstvo je tijekom 2022. godine bilo usmjereno na realizaciju sljede\u0107ih strate\u0161kih ciljeva:<\/p>\n\n\n\n<p><br>1. Ja\u010danje u\u010dinkovitosti i transparentnosti javne uprave<br>2. Pove\u0107avanje efikasnosti pravosudnog sustava<br>3. Ja\u010danje sustava dr\u017eavne slu\u017ebe<br>4. Podr\u0161ka sektorima za osiguravanje uvjeta za efikasno obavljanje poslova Ministarstva.<\/p>\n\n\n\n<p><br>Strate\u0161ki ciljevi realizirani su kroz programe koje provode ustrojbene jedinice Ministarstva.<\/p>\n\n\n\n<p><br><strong><em>Prestanak djelovanja Kolektivnog centra \u201eDubrava\u201c Grude<\/em><\/strong><\/p>\n\n\n\n<p><br>Vlada je donijela Uredbu o prestanku va\u017eenja Uredbe o postupku priznavanja statusa raseljene osobe \u2013 prognanika i odre\u0111ivanje alternativnog smje\u0161taja. Ranije donesenom Odlukom o prestanku kori\u0161tenja Kolektivnog centra \u201eDubrava\u201c Grude za alternativni smje\u0161taj raseljenih osoba, odre\u0111en je prestanak kori\u0161tenja Kolektivnog centra i u skladu s navedenom Odlukom bilo je potrebno utvrditi i prestanak va\u017eenja Uredbe o postupku priznavanja statusa raseljene osobe \u2013 prognanika i odre\u0111ivanje alternativnog smje\u0161taja.<\/p>\n\n\n\n<p><br><strong><em>Odluke Vlade<\/em><\/strong><\/p>\n\n\n\n<p><br>Vlada je donijela Odluku o davanju suglasnosti na Naputak za ostvarivanje prava na potpore u poljoprivredi za 2023. godinu. Naputkom za ostvarivanje prava na potpore u poljoprivredi za 2023. godinu propisuju se op\u0107i i posebni uvjeti koje moraju ispuniti fizi\u010dke i pravne osobe za ostvarivanje prava na nov\u010dane potpore u poljoprivredi.<br>Potpore su usmjerene za: model potpore proizvodnjama, model kapitalnih ulaganja i model ostalih vrsta potpora.<\/p>\n\n\n\n<p><br>Odluku o davanju suglasnosti na Program utro\u0161ka sredstava \u201eTeku\u0107i prijenosi za sredstva za za\u0161titu, unapre\u0111enje i podizanje novih \u0161uma i za ruralni razvoj\u201c utvr\u0111enih Prora\u010dunom \u017dZH s kriterijima raspodjele sredstava za 2023. godinu ukupne vrijednosti u iznosu od 700.000,00 KM. Sredstva iz ovog Programa namijenjena su za: izradu \u0161umsko-gospodarske osnove, sredstva za ruralni razvoj, promocija \u0161umarstva i marketing, transferi neprofitnim organizacijama, izgradnja, sanacija i odr\u017eavanje protupo\u017earnih puteva.<\/p>\n\n\n\n<p><br>Odluku o dodjeli koncesije gospodarskom dru\u0161tvu MAJD 2 d. o. o. Ljubu\u0161ki za izgradnju i kori\u0161tenje fotonaponske elektrane \u201eGaj 2\u201c na lokaciji Hra\u0161ljani, Ljubu\u0161ki;<\/p>\n\n\n\n<p><br>Odluku o dodjeli koncesije gospodarskom dru\u0161tvu MAJD 2 d. o. o. Ljubu\u0161ki za izgradnju i kori\u0161tenje fotonaponske elektrane \u201eGaj 1\u201c na lokaciji Hra\u0161ljani, Ljubu\u0161ki;<\/p>\n\n\n\n<p><br>Odluku o dono\u0161enju Programa utro\u0161ka sredstava \u201eTeku\u0107i prijenosi za koncesije\u201c utvr\u0111enih Prora\u010dunom \u017dupanije Zapadnohercegova\u010dke za 2023. godinu u iznosu od 400.000,00 KM. Navedena sredstva raspodjeljuju se prema Programu kako slijedi:<\/p>\n\n\n\n<p><br>a) Za sufinanciranje infrastrukturnih projekata od op\u0107eg dru\u0161tvenog interesa u iznosu od 260.000,00 KM<br>b) Za za\u0161titu okoli\u0161a \u2013 sanaciju rudarskih kopova u iznosu od 100.000,00 KM<br>c) Rezervna sredstva u iznosu od 40.000,00 KM.<\/p>\n\n\n\n<p><br>Odluku o davanju suglasnosti na I. izmjene Financijskog plana Javne ustanove Zavod za odgoj i obrazovanje za 2023. godinu, koje je donijelo Upravno vije\u0107e Zavoda.<\/p>\n\n\n\n<p><br><strong><em>Imenovanja i razrje\u0161enja<\/em><\/strong><\/p>\n\n\n\n<p><br>Vlada je predlo\u017eila \u010dlanove za imenovanje u \u0161kolske odbore za sljede\u0107e \u0161kole:<\/p>\n\n\n\n<ul class=\"wp-block-list\">\n<li>Dario \u0160imi\u0107 predla\u017ee se za imenovanje \u010dlana u \u0160kolski odbor O\u0160 Fra Stipana Vrlji\u0107a, Sovi\u0107i<\/li>\n\n\n\n<li>Viktor Lasi\u0107 predla\u017ee se za imenovanje \u010dlana u \u0160kolski odbor O\u0160 Biograci<\/li>\n\n\n\n<li>Elvis \u0160o\u0161e predla\u017ee se za imenovanje \u010dlana u \u0160kolski odbor O\u0160 Marka Maruli\u0107a, Ljubu\u0161ki<\/li>\n\n\n\n<li>Ivan Landeka predla\u017ee se za imenovanje \u010dlana u \u0160kolski odbor Gimnazije Ljubu\u0161ki<\/li>\n\n\n\n<li>Vinko Mikuli\u0107 predla\u017ee se za imenovanje \u010dlana u \u0160kolski odbor O\u0160 Ko\u010derin.<\/li>\n<\/ul>\n\n\n\n<p><br>Zbog ispunjavanja uvjeta za odlazak u mirovinu, Vlada je donijela Rje\u0161enje o razrje\u0161enju \u010dlana Povjerenstva za dr\u017eavnu slu\u017ebu \u017dZH kojim se du\u017enosti razrje\u0161ava Gojko Grbavac, te je Rje\u0161enjem o imenovanju \u010dlana Povjerenstva za dr\u017eavnu slu\u017ebu \u017dZH u isto Povjerenstvo imenovan Damir Kozina.<\/p>\n\n\n\n<p>Izvor: vladazzh.com<\/p>\n\n\n\n<p>Radio Ljubu\u0161ki<\/p>\n","protected":false},"excerpt":{"rendered":"<p>U \u010detvrtak 11. svibnja 2023. godine, pod predsjedavanjem predsjednika Vlade Predraga \u010covi\u0107a, u \u0160irokom Brijegu je odr\u017eana 6. sjednica Vlade \u017dupanije Zapadnohercegova\u010dke. Izvje\u0161\u0107a o radu za 2022. godinu Na dana\u0161njoj sjednici Vlada je primila k znanju Izvje\u0161\u0107e o radu \u017dupanijskog pravobraniteljstva \u017dupanije Zapadnohercegova\u010dke za 2022. godinu, te ga uputila na usvajanje u daljnju proceduru Skup\u0161tine [&hellip;]<\/p>\n","protected":false},"author":2,"featured_media":190524,"comment_status":"closed","ping_status":"closed","sticky":false,"template":"","format":"standard","meta":{"h5ap_radio_sources":[],"footnotes":""},"categories":[30],"tags":[],"class_list":["post-190523","post","type-post","status-publish","format-standard","has-post-thumbnail","hentry","category-zupanija-zapadnohercegovacka"],"yoast_head":"<!-- This site is optimized with the Yoast SEO plugin v27.4 - https:\/\/yoast.com\/product\/yoast-seo-wordpress\/ -->\n<title>Priop\u0107enje za javnost sa 6. sjednice Vlade \u017dZH - RADIO LJUBU\u0160KI<\/title>\n<meta name=\"robots\" content=\"index, follow, max-snippet:-1, max-image-preview:large, max-video-preview:-1\" \/>\n<link rel=\"canonical\" href=\"https:\/\/radioljubuski.ba\/index.php\/2023\/05\/12\/priopcenje-za-javnost-sa-6-sjednice-vlade-zzh\/\" \/>\n<meta property=\"og:locale\" content=\"hr_HR\" \/>\n<meta property=\"og:type\" content=\"article\" \/>\n<meta property=\"og:title\" content=\"Priop\u0107enje za javnost sa 6. sjednice Vlade \u017dZH - RADIO LJUBU\u0160KI\" \/>\n<meta property=\"og:description\" content=\"U \u010detvrtak 11. svibnja 2023. godine, pod predsjedavanjem predsjednika Vlade Predraga \u010covi\u0107a, u \u0160irokom Brijegu je odr\u017eana 6. sjednica Vlade \u017dupanije Zapadnohercegova\u010dke. Izvje\u0161\u0107a o radu za 2022. godinu Na dana\u0161njoj sjednici Vlada je primila k znanju Izvje\u0161\u0107e o radu \u017dupanijskog pravobraniteljstva \u017dupanije Zapadnohercegova\u010dke za 2022. godinu, te ga uputila na usvajanje u daljnju proceduru Skup\u0161tine [&hellip;]\" \/>\n<meta property=\"og:url\" content=\"https:\/\/radioljubuski.ba\/index.php\/2023\/05\/12\/priopcenje-za-javnost-sa-6-sjednice-vlade-zzh\/\" \/>\n<meta property=\"og:site_name\" content=\"RADIO LJUBU\u0160KI\" \/>\n<meta property=\"article:publisher\" content=\"https:\/\/www.facebook.com\/Radiio-Ljubuski-1490835324566332\" \/>\n<meta property=\"article:published_time\" content=\"2023-05-12T09:11:34+00:00\" \/>\n<meta property=\"article:modified_time\" content=\"2023-05-12T09:11:35+00:00\" \/>\n<meta property=\"og:image\" content=\"https:\/\/radioljubuski.ba\/wp-content\/uploads\/2023\/05\/Thumb.jpg\" \/>\n\t<meta property=\"og:image:width\" content=\"900\" \/>\n\t<meta property=\"og:image:height\" content=\"500\" \/>\n\t<meta property=\"og:image:type\" content=\"image\/jpeg\" \/>\n<meta name=\"author\" content=\"Radio Ljubu\u0161ki\" \/>\n<meta name=\"twitter:card\" content=\"summary_large_image\" \/>\n<meta name=\"twitter:creator\" content=\"@radioljubuski\" \/>\n<meta name=\"twitter:site\" content=\"@radioljubuski\" \/>\n<meta name=\"twitter:label1\" content=\"Napisao\/la\" \/>\n\t<meta name=\"twitter:data1\" content=\"Radio Ljubu\u0161ki\" \/>\n\t<meta name=\"twitter:label2\" content=\"Procijenjeno vrijeme \u010ditanja\" \/>\n\t<meta name=\"twitter:data2\" content=\"7 minuta\" \/>\n<script type=\"application\/ld+json\" class=\"yoast-schema-graph\">{\"@context\":\"https:\\\/\\\/schema.org\",\"@graph\":[{\"@type\":\"Article\",\"@id\":\"https:\\\/\\\/radioljubuski.ba\\\/index.php\\\/2023\\\/05\\\/12\\\/priopcenje-za-javnost-sa-6-sjednice-vlade-zzh\\\/#article\",\"isPartOf\":{\"@id\":\"https:\\\/\\\/radioljubuski.ba\\\/index.php\\\/2023\\\/05\\\/12\\\/priopcenje-za-javnost-sa-6-sjednice-vlade-zzh\\\/\"},\"author\":{\"name\":\"Radio Ljubu\u0161ki\",\"@id\":\"https:\\\/\\\/radioljubuski.ba\\\/#\\\/schema\\\/person\\\/19fc700381a780f69665d7956c469e3b\"},\"headline\":\"Priop\u0107enje za javnost sa 6. sjednice Vlade \u017dZH\",\"datePublished\":\"2023-05-12T09:11:34+00:00\",\"dateModified\":\"2023-05-12T09:11:35+00:00\",\"mainEntityOfPage\":{\"@id\":\"https:\\\/\\\/radioljubuski.ba\\\/index.php\\\/2023\\\/05\\\/12\\\/priopcenje-za-javnost-sa-6-sjednice-vlade-zzh\\\/\"},\"wordCount\":1378,\"publisher\":{\"@id\":\"https:\\\/\\\/radioljubuski.ba\\\/#organization\"},\"image\":{\"@id\":\"https:\\\/\\\/radioljubuski.ba\\\/index.php\\\/2023\\\/05\\\/12\\\/priopcenje-za-javnost-sa-6-sjednice-vlade-zzh\\\/#primaryimage\"},\"thumbnailUrl\":\"https:\\\/\\\/radioljubuski.ba\\\/wp-content\\\/uploads\\\/2023\\\/05\\\/Thumb.jpg\",\"articleSection\":[\"\u017dupanija Zapadnohercegova\u010dka\"],\"inLanguage\":\"hr\"},{\"@type\":\"WebPage\",\"@id\":\"https:\\\/\\\/radioljubuski.ba\\\/index.php\\\/2023\\\/05\\\/12\\\/priopcenje-za-javnost-sa-6-sjednice-vlade-zzh\\\/\",\"url\":\"https:\\\/\\\/radioljubuski.ba\\\/index.php\\\/2023\\\/05\\\/12\\\/priopcenje-za-javnost-sa-6-sjednice-vlade-zzh\\\/\",\"name\":\"Priop\u0107enje za javnost sa 6. sjednice Vlade \u017dZH - RADIO LJUBU\u0160KI\",\"isPartOf\":{\"@id\":\"https:\\\/\\\/radioljubuski.ba\\\/#website\"},\"primaryImageOfPage\":{\"@id\":\"https:\\\/\\\/radioljubuski.ba\\\/index.php\\\/2023\\\/05\\\/12\\\/priopcenje-za-javnost-sa-6-sjednice-vlade-zzh\\\/#primaryimage\"},\"image\":{\"@id\":\"https:\\\/\\\/radioljubuski.ba\\\/index.php\\\/2023\\\/05\\\/12\\\/priopcenje-za-javnost-sa-6-sjednice-vlade-zzh\\\/#primaryimage\"},\"thumbnailUrl\":\"https:\\\/\\\/radioljubuski.ba\\\/wp-content\\\/uploads\\\/2023\\\/05\\\/Thumb.jpg\",\"datePublished\":\"2023-05-12T09:11:34+00:00\",\"dateModified\":\"2023-05-12T09:11:35+00:00\",\"breadcrumb\":{\"@id\":\"https:\\\/\\\/radioljubuski.ba\\\/index.php\\\/2023\\\/05\\\/12\\\/priopcenje-za-javnost-sa-6-sjednice-vlade-zzh\\\/#breadcrumb\"},\"inLanguage\":\"hr\",\"potentialAction\":[{\"@type\":\"ReadAction\",\"target\":[\"https:\\\/\\\/radioljubuski.ba\\\/index.php\\\/2023\\\/05\\\/12\\\/priopcenje-za-javnost-sa-6-sjednice-vlade-zzh\\\/\"]}]},{\"@type\":\"ImageObject\",\"inLanguage\":\"hr\",\"@id\":\"https:\\\/\\\/radioljubuski.ba\\\/index.php\\\/2023\\\/05\\\/12\\\/priopcenje-za-javnost-sa-6-sjednice-vlade-zzh\\\/#primaryimage\",\"url\":\"https:\\\/\\\/radioljubuski.ba\\\/wp-content\\\/uploads\\\/2023\\\/05\\\/Thumb.jpg\",\"contentUrl\":\"https:\\\/\\\/radioljubuski.ba\\\/wp-content\\\/uploads\\\/2023\\\/05\\\/Thumb.jpg\",\"width\":900,\"height\":500},{\"@type\":\"BreadcrumbList\",\"@id\":\"https:\\\/\\\/radioljubuski.ba\\\/index.php\\\/2023\\\/05\\\/12\\\/priopcenje-za-javnost-sa-6-sjednice-vlade-zzh\\\/#breadcrumb\",\"itemListElement\":[{\"@type\":\"ListItem\",\"position\":1,\"name\":\"Po\u010detna stranica\",\"item\":\"https:\\\/\\\/radioljubuski.ba\\\/\"},{\"@type\":\"ListItem\",\"position\":2,\"name\":\"Priop\u0107enje za javnost sa 6. sjednice Vlade \u017dZH\"}]},{\"@type\":\"WebSite\",\"@id\":\"https:\\\/\\\/radioljubuski.ba\\\/#website\",\"url\":\"https:\\\/\\\/radioljubuski.ba\\\/\",\"name\":\"Radio Ljubu\u0161ki\",\"description\":\"Sun\u010dana frekvencija Hercegovine\",\"publisher\":{\"@id\":\"https:\\\/\\\/radioljubuski.ba\\\/#organization\"},\"potentialAction\":[{\"@type\":\"SearchAction\",\"target\":{\"@type\":\"EntryPoint\",\"urlTemplate\":\"https:\\\/\\\/radioljubuski.ba\\\/?s={search_term_string}\"},\"query-input\":{\"@type\":\"PropertyValueSpecification\",\"valueRequired\":true,\"valueName\":\"search_term_string\"}}],\"inLanguage\":\"hr\"},{\"@type\":\"Organization\",\"@id\":\"https:\\\/\\\/radioljubuski.ba\\\/#organization\",\"name\":\"Radio Ljubu\u0161ki\",\"url\":\"https:\\\/\\\/radioljubuski.ba\\\/\",\"logo\":{\"@type\":\"ImageObject\",\"inLanguage\":\"hr\",\"@id\":\"https:\\\/\\\/radioljubuski.ba\\\/#\\\/schema\\\/logo\\\/image\\\/\",\"url\":\"https:\\\/\\\/radioljubuski.ba\\\/wp-content\\\/uploads\\\/2021\\\/02\\\/cropped-Radio_Ljubuski_logo1.jpg\",\"contentUrl\":\"https:\\\/\\\/radioljubuski.ba\\\/wp-content\\\/uploads\\\/2021\\\/02\\\/cropped-Radio_Ljubuski_logo1.jpg\",\"width\":512,\"height\":512,\"caption\":\"Radio Ljubu\u0161ki\"},\"image\":{\"@id\":\"https:\\\/\\\/radioljubuski.ba\\\/#\\\/schema\\\/logo\\\/image\\\/\"},\"sameAs\":[\"https:\\\/\\\/www.facebook.com\\\/Radiio-Ljubuski-1490835324566332\",\"https:\\\/\\\/x.com\\\/radioljubuski\",\"https:\\\/\\\/hr.linkedin.com\\\/company\\\/radio-ljubuski\",\"https:\\\/\\\/www.youtube.com\\\/channel\\\/UCHYaeO_n0Db3tjNGudGpXyw\"]},{\"@type\":\"Person\",\"@id\":\"https:\\\/\\\/radioljubuski.ba\\\/#\\\/schema\\\/person\\\/19fc700381a780f69665d7956c469e3b\",\"name\":\"Radio Ljubu\u0161ki\"}]}<\/script>\n<!-- \/ Yoast SEO plugin. -->","yoast_head_json":{"title":"Priop\u0107enje za javnost sa 6. sjednice Vlade \u017dZH - RADIO LJUBU\u0160KI","robots":{"index":"index","follow":"follow","max-snippet":"max-snippet:-1","max-image-preview":"max-image-preview:large","max-video-preview":"max-video-preview:-1"},"canonical":"https:\/\/radioljubuski.ba\/index.php\/2023\/05\/12\/priopcenje-za-javnost-sa-6-sjednice-vlade-zzh\/","og_locale":"hr_HR","og_type":"article","og_title":"Priop\u0107enje za javnost sa 6. sjednice Vlade \u017dZH - RADIO LJUBU\u0160KI","og_description":"U \u010detvrtak 11. svibnja 2023. godine, pod predsjedavanjem predsjednika Vlade Predraga \u010covi\u0107a, u \u0160irokom Brijegu je odr\u017eana 6. sjednica Vlade \u017dupanije Zapadnohercegova\u010dke. Izvje\u0161\u0107a o radu za 2022. godinu Na dana\u0161njoj sjednici Vlada je primila k znanju Izvje\u0161\u0107e o radu \u017dupanijskog pravobraniteljstva \u017dupanije Zapadnohercegova\u010dke za 2022. godinu, te ga uputila na usvajanje u daljnju proceduru Skup\u0161tine [&hellip;]","og_url":"https:\/\/radioljubuski.ba\/index.php\/2023\/05\/12\/priopcenje-za-javnost-sa-6-sjednice-vlade-zzh\/","og_site_name":"RADIO LJUBU\u0160KI","article_publisher":"https:\/\/www.facebook.com\/Radiio-Ljubuski-1490835324566332","article_published_time":"2023-05-12T09:11:34+00:00","article_modified_time":"2023-05-12T09:11:35+00:00","og_image":[{"width":900,"height":500,"url":"https:\/\/radioljubuski.ba\/wp-content\/uploads\/2023\/05\/Thumb.jpg","type":"image\/jpeg"}],"author":"Radio Ljubu\u0161ki","twitter_card":"summary_large_image","twitter_creator":"@radioljubuski","twitter_site":"@radioljubuski","twitter_misc":{"Napisao\/la":"Radio Ljubu\u0161ki","Procijenjeno vrijeme \u010ditanja":"7 minuta"},"schema":{"@context":"https:\/\/schema.org","@graph":[{"@type":"Article","@id":"https:\/\/radioljubuski.ba\/index.php\/2023\/05\/12\/priopcenje-za-javnost-sa-6-sjednice-vlade-zzh\/#article","isPartOf":{"@id":"https:\/\/radioljubuski.ba\/index.php\/2023\/05\/12\/priopcenje-za-javnost-sa-6-sjednice-vlade-zzh\/"},"author":{"name":"Radio Ljubu\u0161ki","@id":"https:\/\/radioljubuski.ba\/#\/schema\/person\/19fc700381a780f69665d7956c469e3b"},"headline":"Priop\u0107enje za javnost sa 6. sjednice Vlade \u017dZH","datePublished":"2023-05-12T09:11:34+00:00","dateModified":"2023-05-12T09:11:35+00:00","mainEntityOfPage":{"@id":"https:\/\/radioljubuski.ba\/index.php\/2023\/05\/12\/priopcenje-za-javnost-sa-6-sjednice-vlade-zzh\/"},"wordCount":1378,"publisher":{"@id":"https:\/\/radioljubuski.ba\/#organization"},"image":{"@id":"https:\/\/radioljubuski.ba\/index.php\/2023\/05\/12\/priopcenje-za-javnost-sa-6-sjednice-vlade-zzh\/#primaryimage"},"thumbnailUrl":"https:\/\/radioljubuski.ba\/wp-content\/uploads\/2023\/05\/Thumb.jpg","articleSection":["\u017dupanija Zapadnohercegova\u010dka"],"inLanguage":"hr"},{"@type":"WebPage","@id":"https:\/\/radioljubuski.ba\/index.php\/2023\/05\/12\/priopcenje-za-javnost-sa-6-sjednice-vlade-zzh\/","url":"https:\/\/radioljubuski.ba\/index.php\/2023\/05\/12\/priopcenje-za-javnost-sa-6-sjednice-vlade-zzh\/","name":"Priop\u0107enje za javnost sa 6. sjednice Vlade \u017dZH - RADIO LJUBU\u0160KI","isPartOf":{"@id":"https:\/\/radioljubuski.ba\/#website"},"primaryImageOfPage":{"@id":"https:\/\/radioljubuski.ba\/index.php\/2023\/05\/12\/priopcenje-za-javnost-sa-6-sjednice-vlade-zzh\/#primaryimage"},"image":{"@id":"https:\/\/radioljubuski.ba\/index.php\/2023\/05\/12\/priopcenje-za-javnost-sa-6-sjednice-vlade-zzh\/#primaryimage"},"thumbnailUrl":"https:\/\/radioljubuski.ba\/wp-content\/uploads\/2023\/05\/Thumb.jpg","datePublished":"2023-05-12T09:11:34+00:00","dateModified":"2023-05-12T09:11:35+00:00","breadcrumb":{"@id":"https:\/\/radioljubuski.ba\/index.php\/2023\/05\/12\/priopcenje-za-javnost-sa-6-sjednice-vlade-zzh\/#breadcrumb"},"inLanguage":"hr","potentialAction":[{"@type":"ReadAction","target":["https:\/\/radioljubuski.ba\/index.php\/2023\/05\/12\/priopcenje-za-javnost-sa-6-sjednice-vlade-zzh\/"]}]},{"@type":"ImageObject","inLanguage":"hr","@id":"https:\/\/radioljubuski.ba\/index.php\/2023\/05\/12\/priopcenje-za-javnost-sa-6-sjednice-vlade-zzh\/#primaryimage","url":"https:\/\/radioljubuski.ba\/wp-content\/uploads\/2023\/05\/Thumb.jpg","contentUrl":"https:\/\/radioljubuski.ba\/wp-content\/uploads\/2023\/05\/Thumb.jpg","width":900,"height":500},{"@type":"BreadcrumbList","@id":"https:\/\/radioljubuski.ba\/index.php\/2023\/05\/12\/priopcenje-za-javnost-sa-6-sjednice-vlade-zzh\/#breadcrumb","itemListElement":[{"@type":"ListItem","position":1,"name":"Po\u010detna stranica","item":"https:\/\/radioljubuski.ba\/"},{"@type":"ListItem","position":2,"name":"Priop\u0107enje za javnost sa 6. sjednice Vlade \u017dZH"}]},{"@type":"WebSite","@id":"https:\/\/radioljubuski.ba\/#website","url":"https:\/\/radioljubuski.ba\/","name":"Radio Ljubu\u0161ki","description":"Sun\u010dana frekvencija Hercegovine","publisher":{"@id":"https:\/\/radioljubuski.ba\/#organization"},"potentialAction":[{"@type":"SearchAction","target":{"@type":"EntryPoint","urlTemplate":"https:\/\/radioljubuski.ba\/?s={search_term_string}"},"query-input":{"@type":"PropertyValueSpecification","valueRequired":true,"valueName":"search_term_string"}}],"inLanguage":"hr"},{"@type":"Organization","@id":"https:\/\/radioljubuski.ba\/#organization","name":"Radio Ljubu\u0161ki","url":"https:\/\/radioljubuski.ba\/","logo":{"@type":"ImageObject","inLanguage":"hr","@id":"https:\/\/radioljubuski.ba\/#\/schema\/logo\/image\/","url":"https:\/\/radioljubuski.ba\/wp-content\/uploads\/2021\/02\/cropped-Radio_Ljubuski_logo1.jpg","contentUrl":"https:\/\/radioljubuski.ba\/wp-content\/uploads\/2021\/02\/cropped-Radio_Ljubuski_logo1.jpg","width":512,"height":512,"caption":"Radio Ljubu\u0161ki"},"image":{"@id":"https:\/\/radioljubuski.ba\/#\/schema\/logo\/image\/"},"sameAs":["https:\/\/www.facebook.com\/Radiio-Ljubuski-1490835324566332","https:\/\/x.com\/radioljubuski","https:\/\/hr.linkedin.com\/company\/radio-ljubuski","https:\/\/www.youtube.com\/channel\/UCHYaeO_n0Db3tjNGudGpXyw"]},{"@type":"Person","@id":"https:\/\/radioljubuski.ba\/#\/schema\/person\/19fc700381a780f69665d7956c469e3b","name":"Radio Ljubu\u0161ki"}]}},"_links":{"self":[{"href":"https:\/\/radioljubuski.ba\/index.php\/wp-json\/wp\/v2\/posts\/190523","targetHints":{"allow":["GET"]}}],"collection":[{"href":"https:\/\/radioljubuski.ba\/index.php\/wp-json\/wp\/v2\/posts"}],"about":[{"href":"https:\/\/radioljubuski.ba\/index.php\/wp-json\/wp\/v2\/types\/post"}],"author":[{"embeddable":true,"href":"https:\/\/radioljubuski.ba\/index.php\/wp-json\/wp\/v2\/users\/2"}],"replies":[{"embeddable":true,"href":"https:\/\/radioljubuski.ba\/index.php\/wp-json\/wp\/v2\/comments?post=190523"}],"version-history":[{"count":1,"href":"https:\/\/radioljubuski.ba\/index.php\/wp-json\/wp\/v2\/posts\/190523\/revisions"}],"predecessor-version":[{"id":190525,"href":"https:\/\/radioljubuski.ba\/index.php\/wp-json\/wp\/v2\/posts\/190523\/revisions\/190525"}],"wp:featuredmedia":[{"embeddable":true,"href":"https:\/\/radioljubuski.ba\/index.php\/wp-json\/wp\/v2\/media\/190524"}],"wp:attachment":[{"href":"https:\/\/radioljubuski.ba\/index.php\/wp-json\/wp\/v2\/media?parent=190523"}],"wp:term":[{"taxonomy":"category","embeddable":true,"href":"https:\/\/radioljubuski.ba\/index.php\/wp-json\/wp\/v2\/categories?post=190523"},{"taxonomy":"post_tag","embeddable":true,"href":"https:\/\/radioljubuski.ba\/index.php\/wp-json\/wp\/v2\/tags?post=190523"}],"curies":[{"name":"wp","href":"https:\/\/api.w.org\/{rel}","templated":true}]}}