{"id":190666,"date":"2023-05-15T13:10:58","date_gmt":"2023-05-15T12:10:58","guid":{"rendered":"https:\/\/radioljubuski.ba\/?p=190666"},"modified":"2023-05-15T13:10:59","modified_gmt":"2023-05-15T12:10:59","slug":"u-mostaru-odrzana-konstituirajuca-sjednica-glavnog-vijeca-hrvatskog-narodnog-sabora-bih","status":"publish","type":"post","link":"https:\/\/radioljubuski.ba\/index.php\/2023\/05\/15\/u-mostaru-odrzana-konstituirajuca-sjednica-glavnog-vijeca-hrvatskog-narodnog-sabora-bih\/","title":{"rendered":"U Mostaru odr\u017eana konstituiraju\u0107a sjednica Glavnog vije\u0107a Hrvatskog narodnog sabora BiH"},"content":{"rendered":"\n<p>Danas je u Mostaru odr\u017eana konstituiraju\u0107a sjednica Glavnog vije\u0107a Hrvatskog narodnog sabora BiH (HNS). Za Predsjednika Glavnog vije\u0107a, Predsjedni\u0161tvo je imenovalo Bo\u017eu Ljubi\u0107a.<\/p>\n\n\n\n<p>Tako\u0111er, Predsjedni\u0161tvo HNS-a u zna\u010dajnoj mjeri je rekonstruiralo Glavno vije\u0107e, u strukturalnom smislu, pa je umjesto dosada\u0161njih 12, Glavno vije\u0107e pro\u0161ireno na 16 Odjela.<\/p>\n\n\n\n<p>Konstituiraju\u0107oj sjednici Glavnog vije\u0107a Hrvatskog narodnog sabora BiH, nazo\u010dio je i predsjednik Hrvatskog narodnog sabora BiH dr. Dragan \u010covi\u0107 koji je u uvodnom dijelu pozdravio nove \u010dlanove i Voditelje odjela Glavnog vije\u0107a, isti\u010du\u0107i va\u017enost budu\u0107ih aktivnosti svih Odjela.<\/p>\n\n\n\n<p>Predsjednik \u010covi\u0107 je govorio i o aktualnoj politi\u010dkoj situaciju u BiH, te najavio skoru uspostavu Vlade u SB\u017d-u i HN\u017d-u. \u201eImamo jako kvalitetan sastav Glavnog vije\u0107a,&nbsp; i velika su o\u010dekivanja, uskoro nam dolazi jako puno obaveza\u201c, poru\u010dio je predsjednik \u010covi\u0107, napominju\u0107i kako Glavno vije\u0107e mora imati jasan plan i dinamiku djelovanja. Istaknuo je kako u budu\u0107em radu ne smije biti prepreka, te da je strukturu Odjela Glavnog vije\u0107a potrebno prilagoditi potrebama. \u201eHrvatski narodni sabor BiH za\u017eivio je kroz Predsjedni\u0161tvo i Glavno vije\u0107e i uva\u017eava se u inozemstvu i ovdje\u201c, poru\u010dio je za kraj predsjednik \u010covi\u0107..<\/p>\n\n\n\n<p>Glavno vije\u0107e Hrvatskog narodnog sabora BiH na danas odr\u017eanoj sjednici usvojilo je Poslovnik o radu, kao i Plan i programa rada u teku\u0107em mandatu.<\/p>\n\n\n\n<p>Glavno vije\u0107e Hrvatskog narodnog sabora \u010dinit \u0107e:<\/p>\n\n\n\n<p>Odjel za financijska pitanja, voditelj Toni Kraljevi\u0107,<\/p>\n\n\n\n<p>Odjel za civilne poslove, voditeljica Dubravka Bo\u0161njak.<\/p>\n\n\n\n<p>Odjel za pitanja obrane i nacionalne sigurnosti, voditelj Slaven Gali\u0107,<\/p>\n\n\n\n<p>Odjel za unutarnje poslove i koordinaciju policijskih tijela, voditelj Ivica Bo\u0161njak,<\/p>\n\n\n\n<p>Odjel za znanost i obrazovanje, voditelj Zoran Tomi\u0107,<\/p>\n\n\n\n<p>Odjel za promet i komunikaciju, voditeljica Andrijana Kati\u0107,<\/p>\n\n\n\n<p>Odjel za prostorno ure\u0111enje i infrastrukturu, voditelj \u017deljko Nedi\u0107,<\/p>\n\n\n\n<p>Odjel za gospodarstvo, voditeljica Ljiljana Lovri\u0107,<\/p>\n\n\n\n<p>Odjel za energetiku, voditelj Drago Bago,<\/p>\n\n\n\n<p>Odjel za zdravstvo, voditelj Milenko Bevanda,<\/p>\n\n\n\n<p>Odjel za ustavno-pravna pitanja, voditelj Davor Bunoza,<\/p>\n\n\n\n<p>Odjel za branitelje HVO-a i Domovinski rat, voditelj Mladen Begi\u0107,<\/p>\n\n\n\n<p>Odjel za regionalni razvoj i fondove Europske unije, voditelj Nevenko Barbari\u0107,<\/p>\n\n\n\n<p>Odjel za kulturu, sport i medije, voditelj Ivan Vukoja,<\/p>\n\n\n\n<p>Odjel za me\u0111unarodne odnose i iseljeni\u0161tvo, voditelj Josip Brki\u0107<\/p>\n\n\n\n<p>Izvor: HDZ Mostar<\/p>\n","protected":false},"excerpt":{"rendered":"<p>Danas je u Mostaru odr\u017eana konstituiraju\u0107a sjednica Glavnog vije\u0107a Hrvatskog narodnog sabora BiH (HNS). Za Predsjednika Glavnog vije\u0107a, Predsjedni\u0161tvo je imenovalo Bo\u017eu Ljubi\u0107a. Tako\u0111er, Predsjedni\u0161tvo HNS-a u zna\u010dajnoj mjeri je rekonstruiralo Glavno vije\u0107e, u strukturalnom smislu, pa je umjesto dosada\u0161njih 12, Glavno vije\u0107e pro\u0161ireno na 16 Odjela. Konstituiraju\u0107oj sjednici Glavnog vije\u0107a Hrvatskog narodnog sabora BiH, [&hellip;]<\/p>\n","protected":false},"author":2,"featured_media":190670,"comment_status":"closed","ping_status":"closed","sticky":false,"template":"","format":"standard","meta":{"h5ap_radio_sources":[],"footnotes":""},"categories":[28],"tags":[],"class_list":["post-190666","post","type-post","status-publish","format-standard","has-post-thumbnail","hentry","category-novosti"],"yoast_head":"<!-- This site is optimized with the Yoast SEO plugin v27.4 - https:\/\/yoast.com\/product\/yoast-seo-wordpress\/ -->\n<title>U Mostaru odr\u017eana konstituiraju\u0107a sjednica Glavnog vije\u0107a Hrvatskog narodnog sabora BiH - RADIO LJUBU\u0160KI<\/title>\n<meta name=\"robots\" content=\"index, follow, max-snippet:-1, max-image-preview:large, max-video-preview:-1\" \/>\n<link rel=\"canonical\" href=\"https:\/\/radioljubuski.ba\/index.php\/2023\/05\/15\/u-mostaru-odrzana-konstituirajuca-sjednica-glavnog-vijeca-hrvatskog-narodnog-sabora-bih\/\" \/>\n<meta property=\"og:locale\" content=\"hr_HR\" \/>\n<meta property=\"og:type\" content=\"article\" \/>\n<meta property=\"og:title\" content=\"U Mostaru odr\u017eana konstituiraju\u0107a sjednica Glavnog vije\u0107a Hrvatskog narodnog sabora BiH - RADIO LJUBU\u0160KI\" \/>\n<meta property=\"og:description\" content=\"Danas je u Mostaru odr\u017eana konstituiraju\u0107a sjednica Glavnog vije\u0107a Hrvatskog narodnog sabora BiH (HNS). Za Predsjednika Glavnog vije\u0107a, Predsjedni\u0161tvo je imenovalo Bo\u017eu Ljubi\u0107a. Tako\u0111er, Predsjedni\u0161tvo HNS-a u zna\u010dajnoj mjeri je rekonstruiralo Glavno vije\u0107e, u strukturalnom smislu, pa je umjesto dosada\u0161njih 12, Glavno vije\u0107e pro\u0161ireno na 16 Odjela. Konstituiraju\u0107oj sjednici Glavnog vije\u0107a Hrvatskog narodnog sabora BiH, [&hellip;]\" \/>\n<meta property=\"og:url\" content=\"https:\/\/radioljubuski.ba\/index.php\/2023\/05\/15\/u-mostaru-odrzana-konstituirajuca-sjednica-glavnog-vijeca-hrvatskog-narodnog-sabora-bih\/\" \/>\n<meta property=\"og:site_name\" content=\"RADIO LJUBU\u0160KI\" \/>\n<meta property=\"article:publisher\" content=\"https:\/\/www.facebook.com\/Radiio-Ljubuski-1490835324566332\" \/>\n<meta property=\"article:published_time\" content=\"2023-05-15T12:10:58+00:00\" \/>\n<meta property=\"article:modified_time\" content=\"2023-05-15T12:10:59+00:00\" \/>\n<meta property=\"og:image\" content=\"https:\/\/radioljubuski.ba\/wp-content\/uploads\/2023\/05\/Toni-Kraljevic.jpg\" \/>\n\t<meta property=\"og:image:width\" content=\"1600\" \/>\n\t<meta property=\"og:image:height\" content=\"1201\" \/>\n\t<meta property=\"og:image:type\" content=\"image\/jpeg\" \/>\n<meta name=\"author\" content=\"Radio Ljubu\u0161ki\" \/>\n<meta name=\"twitter:card\" content=\"summary_large_image\" \/>\n<meta name=\"twitter:creator\" content=\"@radioljubuski\" \/>\n<meta name=\"twitter:site\" content=\"@radioljubuski\" \/>\n<meta name=\"twitter:label1\" content=\"Napisao\/la\" \/>\n\t<meta name=\"twitter:data1\" content=\"Radio Ljubu\u0161ki\" \/>\n\t<meta name=\"twitter:label2\" content=\"Procijenjeno vrijeme \u010ditanja\" \/>\n\t<meta name=\"twitter:data2\" content=\"2 minute\" \/>\n<script type=\"application\/ld+json\" class=\"yoast-schema-graph\">{\"@context\":\"https:\\\/\\\/schema.org\",\"@graph\":[{\"@type\":\"Article\",\"@id\":\"https:\\\/\\\/radioljubuski.ba\\\/index.php\\\/2023\\\/05\\\/15\\\/u-mostaru-odrzana-konstituirajuca-sjednica-glavnog-vijeca-hrvatskog-narodnog-sabora-bih\\\/#article\",\"isPartOf\":{\"@id\":\"https:\\\/\\\/radioljubuski.ba\\\/index.php\\\/2023\\\/05\\\/15\\\/u-mostaru-odrzana-konstituirajuca-sjednica-glavnog-vijeca-hrvatskog-narodnog-sabora-bih\\\/\"},\"author\":{\"name\":\"Radio Ljubu\u0161ki\",\"@id\":\"https:\\\/\\\/radioljubuski.ba\\\/#\\\/schema\\\/person\\\/19fc700381a780f69665d7956c469e3b\"},\"headline\":\"U Mostaru odr\u017eana konstituiraju\u0107a sjednica Glavnog vije\u0107a Hrvatskog narodnog sabora BiH\",\"datePublished\":\"2023-05-15T12:10:58+00:00\",\"dateModified\":\"2023-05-15T12:10:59+00:00\",\"mainEntityOfPage\":{\"@id\":\"https:\\\/\\\/radioljubuski.ba\\\/index.php\\\/2023\\\/05\\\/15\\\/u-mostaru-odrzana-konstituirajuca-sjednica-glavnog-vijeca-hrvatskog-narodnog-sabora-bih\\\/\"},\"wordCount\":397,\"publisher\":{\"@id\":\"https:\\\/\\\/radioljubuski.ba\\\/#organization\"},\"image\":{\"@id\":\"https:\\\/\\\/radioljubuski.ba\\\/index.php\\\/2023\\\/05\\\/15\\\/u-mostaru-odrzana-konstituirajuca-sjednica-glavnog-vijeca-hrvatskog-narodnog-sabora-bih\\\/#primaryimage\"},\"thumbnailUrl\":\"https:\\\/\\\/radioljubuski.ba\\\/wp-content\\\/uploads\\\/2023\\\/05\\\/Toni-Kraljevic.jpg\",\"articleSection\":[\"Novosti\"],\"inLanguage\":\"hr\"},{\"@type\":\"WebPage\",\"@id\":\"https:\\\/\\\/radioljubuski.ba\\\/index.php\\\/2023\\\/05\\\/15\\\/u-mostaru-odrzana-konstituirajuca-sjednica-glavnog-vijeca-hrvatskog-narodnog-sabora-bih\\\/\",\"url\":\"https:\\\/\\\/radioljubuski.ba\\\/index.php\\\/2023\\\/05\\\/15\\\/u-mostaru-odrzana-konstituirajuca-sjednica-glavnog-vijeca-hrvatskog-narodnog-sabora-bih\\\/\",\"name\":\"U Mostaru odr\u017eana konstituiraju\u0107a sjednica Glavnog vije\u0107a Hrvatskog narodnog sabora BiH - RADIO LJUBU\u0160KI\",\"isPartOf\":{\"@id\":\"https:\\\/\\\/radioljubuski.ba\\\/#website\"},\"primaryImageOfPage\":{\"@id\":\"https:\\\/\\\/radioljubuski.ba\\\/index.php\\\/2023\\\/05\\\/15\\\/u-mostaru-odrzana-konstituirajuca-sjednica-glavnog-vijeca-hrvatskog-narodnog-sabora-bih\\\/#primaryimage\"},\"image\":{\"@id\":\"https:\\\/\\\/radioljubuski.ba\\\/index.php\\\/2023\\\/05\\\/15\\\/u-mostaru-odrzana-konstituirajuca-sjednica-glavnog-vijeca-hrvatskog-narodnog-sabora-bih\\\/#primaryimage\"},\"thumbnailUrl\":\"https:\\\/\\\/radioljubuski.ba\\\/wp-content\\\/uploads\\\/2023\\\/05\\\/Toni-Kraljevic.jpg\",\"datePublished\":\"2023-05-15T12:10:58+00:00\",\"dateModified\":\"2023-05-15T12:10:59+00:00\",\"breadcrumb\":{\"@id\":\"https:\\\/\\\/radioljubuski.ba\\\/index.php\\\/2023\\\/05\\\/15\\\/u-mostaru-odrzana-konstituirajuca-sjednica-glavnog-vijeca-hrvatskog-narodnog-sabora-bih\\\/#breadcrumb\"},\"inLanguage\":\"hr\",\"potentialAction\":[{\"@type\":\"ReadAction\",\"target\":[\"https:\\\/\\\/radioljubuski.ba\\\/index.php\\\/2023\\\/05\\\/15\\\/u-mostaru-odrzana-konstituirajuca-sjednica-glavnog-vijeca-hrvatskog-narodnog-sabora-bih\\\/\"]}]},{\"@type\":\"ImageObject\",\"inLanguage\":\"hr\",\"@id\":\"https:\\\/\\\/radioljubuski.ba\\\/index.php\\\/2023\\\/05\\\/15\\\/u-mostaru-odrzana-konstituirajuca-sjednica-glavnog-vijeca-hrvatskog-narodnog-sabora-bih\\\/#primaryimage\",\"url\":\"https:\\\/\\\/radioljubuski.ba\\\/wp-content\\\/uploads\\\/2023\\\/05\\\/Toni-Kraljevic.jpg\",\"contentUrl\":\"https:\\\/\\\/radioljubuski.ba\\\/wp-content\\\/uploads\\\/2023\\\/05\\\/Toni-Kraljevic.jpg\",\"width\":1600,\"height\":1201},{\"@type\":\"BreadcrumbList\",\"@id\":\"https:\\\/\\\/radioljubuski.ba\\\/index.php\\\/2023\\\/05\\\/15\\\/u-mostaru-odrzana-konstituirajuca-sjednica-glavnog-vijeca-hrvatskog-narodnog-sabora-bih\\\/#breadcrumb\",\"itemListElement\":[{\"@type\":\"ListItem\",\"position\":1,\"name\":\"Po\u010detna stranica\",\"item\":\"https:\\\/\\\/radioljubuski.ba\\\/\"},{\"@type\":\"ListItem\",\"position\":2,\"name\":\"U Mostaru odr\u017eana konstituiraju\u0107a sjednica Glavnog vije\u0107a Hrvatskog narodnog sabora BiH\"}]},{\"@type\":\"WebSite\",\"@id\":\"https:\\\/\\\/radioljubuski.ba\\\/#website\",\"url\":\"https:\\\/\\\/radioljubuski.ba\\\/\",\"name\":\"Radio Ljubu\u0161ki\",\"description\":\"Sun\u010dana frekvencija Hercegovine\",\"publisher\":{\"@id\":\"https:\\\/\\\/radioljubuski.ba\\\/#organization\"},\"potentialAction\":[{\"@type\":\"SearchAction\",\"target\":{\"@type\":\"EntryPoint\",\"urlTemplate\":\"https:\\\/\\\/radioljubuski.ba\\\/?s={search_term_string}\"},\"query-input\":{\"@type\":\"PropertyValueSpecification\",\"valueRequired\":true,\"valueName\":\"search_term_string\"}}],\"inLanguage\":\"hr\"},{\"@type\":\"Organization\",\"@id\":\"https:\\\/\\\/radioljubuski.ba\\\/#organization\",\"name\":\"Radio Ljubu\u0161ki\",\"url\":\"https:\\\/\\\/radioljubuski.ba\\\/\",\"logo\":{\"@type\":\"ImageObject\",\"inLanguage\":\"hr\",\"@id\":\"https:\\\/\\\/radioljubuski.ba\\\/#\\\/schema\\\/logo\\\/image\\\/\",\"url\":\"https:\\\/\\\/radioljubuski.ba\\\/wp-content\\\/uploads\\\/2021\\\/02\\\/cropped-Radio_Ljubuski_logo1.jpg\",\"contentUrl\":\"https:\\\/\\\/radioljubuski.ba\\\/wp-content\\\/uploads\\\/2021\\\/02\\\/cropped-Radio_Ljubuski_logo1.jpg\",\"width\":512,\"height\":512,\"caption\":\"Radio Ljubu\u0161ki\"},\"image\":{\"@id\":\"https:\\\/\\\/radioljubuski.ba\\\/#\\\/schema\\\/logo\\\/image\\\/\"},\"sameAs\":[\"https:\\\/\\\/www.facebook.com\\\/Radiio-Ljubuski-1490835324566332\",\"https:\\\/\\\/x.com\\\/radioljubuski\",\"https:\\\/\\\/hr.linkedin.com\\\/company\\\/radio-ljubuski\",\"https:\\\/\\\/www.youtube.com\\\/channel\\\/UCHYaeO_n0Db3tjNGudGpXyw\"]},{\"@type\":\"Person\",\"@id\":\"https:\\\/\\\/radioljubuski.ba\\\/#\\\/schema\\\/person\\\/19fc700381a780f69665d7956c469e3b\",\"name\":\"Radio Ljubu\u0161ki\"}]}<\/script>\n<!-- \/ Yoast SEO plugin. -->","yoast_head_json":{"title":"U Mostaru odr\u017eana konstituiraju\u0107a sjednica Glavnog vije\u0107a Hrvatskog narodnog sabora BiH - RADIO LJUBU\u0160KI","robots":{"index":"index","follow":"follow","max-snippet":"max-snippet:-1","max-image-preview":"max-image-preview:large","max-video-preview":"max-video-preview:-1"},"canonical":"https:\/\/radioljubuski.ba\/index.php\/2023\/05\/15\/u-mostaru-odrzana-konstituirajuca-sjednica-glavnog-vijeca-hrvatskog-narodnog-sabora-bih\/","og_locale":"hr_HR","og_type":"article","og_title":"U Mostaru odr\u017eana konstituiraju\u0107a sjednica Glavnog vije\u0107a Hrvatskog narodnog sabora BiH - RADIO LJUBU\u0160KI","og_description":"Danas je u Mostaru odr\u017eana konstituiraju\u0107a sjednica Glavnog vije\u0107a Hrvatskog narodnog sabora BiH (HNS). Za Predsjednika Glavnog vije\u0107a, Predsjedni\u0161tvo je imenovalo Bo\u017eu Ljubi\u0107a. Tako\u0111er, Predsjedni\u0161tvo HNS-a u zna\u010dajnoj mjeri je rekonstruiralo Glavno vije\u0107e, u strukturalnom smislu, pa je umjesto dosada\u0161njih 12, Glavno vije\u0107e pro\u0161ireno na 16 Odjela. Konstituiraju\u0107oj sjednici Glavnog vije\u0107a Hrvatskog narodnog sabora BiH, [&hellip;]","og_url":"https:\/\/radioljubuski.ba\/index.php\/2023\/05\/15\/u-mostaru-odrzana-konstituirajuca-sjednica-glavnog-vijeca-hrvatskog-narodnog-sabora-bih\/","og_site_name":"RADIO LJUBU\u0160KI","article_publisher":"https:\/\/www.facebook.com\/Radiio-Ljubuski-1490835324566332","article_published_time":"2023-05-15T12:10:58+00:00","article_modified_time":"2023-05-15T12:10:59+00:00","og_image":[{"width":1600,"height":1201,"url":"https:\/\/radioljubuski.ba\/wp-content\/uploads\/2023\/05\/Toni-Kraljevic.jpg","type":"image\/jpeg"}],"author":"Radio Ljubu\u0161ki","twitter_card":"summary_large_image","twitter_creator":"@radioljubuski","twitter_site":"@radioljubuski","twitter_misc":{"Napisao\/la":"Radio Ljubu\u0161ki","Procijenjeno vrijeme \u010ditanja":"2 minute"},"schema":{"@context":"https:\/\/schema.org","@graph":[{"@type":"Article","@id":"https:\/\/radioljubuski.ba\/index.php\/2023\/05\/15\/u-mostaru-odrzana-konstituirajuca-sjednica-glavnog-vijeca-hrvatskog-narodnog-sabora-bih\/#article","isPartOf":{"@id":"https:\/\/radioljubuski.ba\/index.php\/2023\/05\/15\/u-mostaru-odrzana-konstituirajuca-sjednica-glavnog-vijeca-hrvatskog-narodnog-sabora-bih\/"},"author":{"name":"Radio Ljubu\u0161ki","@id":"https:\/\/radioljubuski.ba\/#\/schema\/person\/19fc700381a780f69665d7956c469e3b"},"headline":"U Mostaru odr\u017eana konstituiraju\u0107a sjednica Glavnog vije\u0107a Hrvatskog narodnog sabora BiH","datePublished":"2023-05-15T12:10:58+00:00","dateModified":"2023-05-15T12:10:59+00:00","mainEntityOfPage":{"@id":"https:\/\/radioljubuski.ba\/index.php\/2023\/05\/15\/u-mostaru-odrzana-konstituirajuca-sjednica-glavnog-vijeca-hrvatskog-narodnog-sabora-bih\/"},"wordCount":397,"publisher":{"@id":"https:\/\/radioljubuski.ba\/#organization"},"image":{"@id":"https:\/\/radioljubuski.ba\/index.php\/2023\/05\/15\/u-mostaru-odrzana-konstituirajuca-sjednica-glavnog-vijeca-hrvatskog-narodnog-sabora-bih\/#primaryimage"},"thumbnailUrl":"https:\/\/radioljubuski.ba\/wp-content\/uploads\/2023\/05\/Toni-Kraljevic.jpg","articleSection":["Novosti"],"inLanguage":"hr"},{"@type":"WebPage","@id":"https:\/\/radioljubuski.ba\/index.php\/2023\/05\/15\/u-mostaru-odrzana-konstituirajuca-sjednica-glavnog-vijeca-hrvatskog-narodnog-sabora-bih\/","url":"https:\/\/radioljubuski.ba\/index.php\/2023\/05\/15\/u-mostaru-odrzana-konstituirajuca-sjednica-glavnog-vijeca-hrvatskog-narodnog-sabora-bih\/","name":"U Mostaru odr\u017eana konstituiraju\u0107a sjednica Glavnog vije\u0107a Hrvatskog narodnog sabora BiH - RADIO LJUBU\u0160KI","isPartOf":{"@id":"https:\/\/radioljubuski.ba\/#website"},"primaryImageOfPage":{"@id":"https:\/\/radioljubuski.ba\/index.php\/2023\/05\/15\/u-mostaru-odrzana-konstituirajuca-sjednica-glavnog-vijeca-hrvatskog-narodnog-sabora-bih\/#primaryimage"},"image":{"@id":"https:\/\/radioljubuski.ba\/index.php\/2023\/05\/15\/u-mostaru-odrzana-konstituirajuca-sjednica-glavnog-vijeca-hrvatskog-narodnog-sabora-bih\/#primaryimage"},"thumbnailUrl":"https:\/\/radioljubuski.ba\/wp-content\/uploads\/2023\/05\/Toni-Kraljevic.jpg","datePublished":"2023-05-15T12:10:58+00:00","dateModified":"2023-05-15T12:10:59+00:00","breadcrumb":{"@id":"https:\/\/radioljubuski.ba\/index.php\/2023\/05\/15\/u-mostaru-odrzana-konstituirajuca-sjednica-glavnog-vijeca-hrvatskog-narodnog-sabora-bih\/#breadcrumb"},"inLanguage":"hr","potentialAction":[{"@type":"ReadAction","target":["https:\/\/radioljubuski.ba\/index.php\/2023\/05\/15\/u-mostaru-odrzana-konstituirajuca-sjednica-glavnog-vijeca-hrvatskog-narodnog-sabora-bih\/"]}]},{"@type":"ImageObject","inLanguage":"hr","@id":"https:\/\/radioljubuski.ba\/index.php\/2023\/05\/15\/u-mostaru-odrzana-konstituirajuca-sjednica-glavnog-vijeca-hrvatskog-narodnog-sabora-bih\/#primaryimage","url":"https:\/\/radioljubuski.ba\/wp-content\/uploads\/2023\/05\/Toni-Kraljevic.jpg","contentUrl":"https:\/\/radioljubuski.ba\/wp-content\/uploads\/2023\/05\/Toni-Kraljevic.jpg","width":1600,"height":1201},{"@type":"BreadcrumbList","@id":"https:\/\/radioljubuski.ba\/index.php\/2023\/05\/15\/u-mostaru-odrzana-konstituirajuca-sjednica-glavnog-vijeca-hrvatskog-narodnog-sabora-bih\/#breadcrumb","itemListElement":[{"@type":"ListItem","position":1,"name":"Po\u010detna stranica","item":"https:\/\/radioljubuski.ba\/"},{"@type":"ListItem","position":2,"name":"U Mostaru odr\u017eana konstituiraju\u0107a sjednica Glavnog vije\u0107a Hrvatskog narodnog sabora BiH"}]},{"@type":"WebSite","@id":"https:\/\/radioljubuski.ba\/#website","url":"https:\/\/radioljubuski.ba\/","name":"Radio Ljubu\u0161ki","description":"Sun\u010dana frekvencija Hercegovine","publisher":{"@id":"https:\/\/radioljubuski.ba\/#organization"},"potentialAction":[{"@type":"SearchAction","target":{"@type":"EntryPoint","urlTemplate":"https:\/\/radioljubuski.ba\/?s={search_term_string}"},"query-input":{"@type":"PropertyValueSpecification","valueRequired":true,"valueName":"search_term_string"}}],"inLanguage":"hr"},{"@type":"Organization","@id":"https:\/\/radioljubuski.ba\/#organization","name":"Radio Ljubu\u0161ki","url":"https:\/\/radioljubuski.ba\/","logo":{"@type":"ImageObject","inLanguage":"hr","@id":"https:\/\/radioljubuski.ba\/#\/schema\/logo\/image\/","url":"https:\/\/radioljubuski.ba\/wp-content\/uploads\/2021\/02\/cropped-Radio_Ljubuski_logo1.jpg","contentUrl":"https:\/\/radioljubuski.ba\/wp-content\/uploads\/2021\/02\/cropped-Radio_Ljubuski_logo1.jpg","width":512,"height":512,"caption":"Radio Ljubu\u0161ki"},"image":{"@id":"https:\/\/radioljubuski.ba\/#\/schema\/logo\/image\/"},"sameAs":["https:\/\/www.facebook.com\/Radiio-Ljubuski-1490835324566332","https:\/\/x.com\/radioljubuski","https:\/\/hr.linkedin.com\/company\/radio-ljubuski","https:\/\/www.youtube.com\/channel\/UCHYaeO_n0Db3tjNGudGpXyw"]},{"@type":"Person","@id":"https:\/\/radioljubuski.ba\/#\/schema\/person\/19fc700381a780f69665d7956c469e3b","name":"Radio Ljubu\u0161ki"}]}},"_links":{"self":[{"href":"https:\/\/radioljubuski.ba\/index.php\/wp-json\/wp\/v2\/posts\/190666","targetHints":{"allow":["GET"]}}],"collection":[{"href":"https:\/\/radioljubuski.ba\/index.php\/wp-json\/wp\/v2\/posts"}],"about":[{"href":"https:\/\/radioljubuski.ba\/index.php\/wp-json\/wp\/v2\/types\/post"}],"author":[{"embeddable":true,"href":"https:\/\/radioljubuski.ba\/index.php\/wp-json\/wp\/v2\/users\/2"}],"replies":[{"embeddable":true,"href":"https:\/\/radioljubuski.ba\/index.php\/wp-json\/wp\/v2\/comments?post=190666"}],"version-history":[{"count":1,"href":"https:\/\/radioljubuski.ba\/index.php\/wp-json\/wp\/v2\/posts\/190666\/revisions"}],"predecessor-version":[{"id":190673,"href":"https:\/\/radioljubuski.ba\/index.php\/wp-json\/wp\/v2\/posts\/190666\/revisions\/190673"}],"wp:featuredmedia":[{"embeddable":true,"href":"https:\/\/radioljubuski.ba\/index.php\/wp-json\/wp\/v2\/media\/190670"}],"wp:attachment":[{"href":"https:\/\/radioljubuski.ba\/index.php\/wp-json\/wp\/v2\/media?parent=190666"}],"wp:term":[{"taxonomy":"category","embeddable":true,"href":"https:\/\/radioljubuski.ba\/index.php\/wp-json\/wp\/v2\/categories?post=190666"},{"taxonomy":"post_tag","embeddable":true,"href":"https:\/\/radioljubuski.ba\/index.php\/wp-json\/wp\/v2\/tags?post=190666"}],"curies":[{"name":"wp","href":"https:\/\/api.w.org\/{rel}","templated":true}]}}