{"id":190684,"date":"2023-05-16T08:48:01","date_gmt":"2023-05-16T07:48:01","guid":{"rendered":"https:\/\/radioljubuski.ba\/?p=190684"},"modified":"2023-05-16T09:16:13","modified_gmt":"2023-05-16T08:16:13","slug":"obavijest-o-pojavi-mutnoce-vode","status":"publish","type":"post","link":"https:\/\/radioljubuski.ba\/index.php\/2023\/05\/16\/obavijest-o-pojavi-mutnoce-vode\/","title":{"rendered":"Obavijest o pojavi mutno\u0107e vode"},"content":{"rendered":"\n<p>Zbog obilne ki\u0161e do\u0161lo je do pojave mutno\u0107e na vrelu rijeke Vrio\u0161tice, a time i na vodozahvatu vodovoda Ljubu\u0161ki. Pregledom je utvr\u0111eno da mutno\u0107a prelazi granicu dozvoljenu Pravilnikom, odnosno da prelazi vrijednosti dozvoljene za vodu za pi\u0107e.<\/p>\n\n\n\n<p>Sve potrebne radnje od strane vodovoda se poduzimaju, ali se radi mjera sigurnosti preporu\u010da vodu prije upotrebe prokuhati.<\/p>\n\n\n\n<p>Laboratorijske kontrole se vr\u0161e redovito i javnost \u0107e&nbsp; biti blagovremeno obavije\u0161tena o ispravnosti i mogu\u0107nosti kori\u0161tenja vode za pi\u0107e.<\/p>\n\n\n\n<p>Hvala na razumijevanju.<\/p>\n\n\n\n<p>J.P. Parkovi Ljubu\u0161ki<\/p>\n","protected":false},"excerpt":{"rendered":"<p>Zbog obilne ki\u0161e do\u0161lo je do pojave mutno\u0107e na vrelu rijeke Vrio\u0161tice, a time i na vodozahvatu vodovoda Ljubu\u0161ki. Pregledom je utvr\u0111eno da mutno\u0107a prelazi granicu dozvoljenu Pravilnikom, odnosno da prelazi vrijednosti dozvoljene za vodu za pi\u0107e. Sve potrebne radnje od strane vodovoda se poduzimaju, ali se radi mjera sigurnosti preporu\u010da vodu prije upotrebe prokuhati. [&hellip;]<\/p>\n","protected":false},"author":2,"featured_media":190691,"comment_status":"closed","ping_status":"closed","sticky":false,"template":"","format":"standard","meta":{"h5ap_radio_sources":[],"footnotes":""},"categories":[28],"tags":[],"class_list":["post-190684","post","type-post","status-publish","format-standard","has-post-thumbnail","hentry","category-novosti"],"yoast_head":"<!-- This site is optimized with the Yoast SEO plugin v27.4 - https:\/\/yoast.com\/product\/yoast-seo-wordpress\/ -->\n<title>Obavijest o pojavi mutno\u0107e vode - RADIO LJUBU\u0160KI<\/title>\n<meta name=\"robots\" content=\"index, follow, max-snippet:-1, max-image-preview:large, max-video-preview:-1\" \/>\n<link rel=\"canonical\" href=\"https:\/\/radioljubuski.ba\/index.php\/2023\/05\/16\/obavijest-o-pojavi-mutnoce-vode\/\" \/>\n<meta property=\"og:locale\" content=\"hr_HR\" \/>\n<meta property=\"og:type\" content=\"article\" \/>\n<meta property=\"og:title\" content=\"Obavijest o pojavi mutno\u0107e vode - RADIO LJUBU\u0160KI\" \/>\n<meta property=\"og:description\" content=\"Zbog obilne ki\u0161e do\u0161lo je do pojave mutno\u0107e na vrelu rijeke Vrio\u0161tice, a time i na vodozahvatu vodovoda Ljubu\u0161ki. Pregledom je utvr\u0111eno da mutno\u0107a prelazi granicu dozvoljenu Pravilnikom, odnosno da prelazi vrijednosti dozvoljene za vodu za pi\u0107e. Sve potrebne radnje od strane vodovoda se poduzimaju, ali se radi mjera sigurnosti preporu\u010da vodu prije upotrebe prokuhati. [&hellip;]\" \/>\n<meta property=\"og:url\" content=\"https:\/\/radioljubuski.ba\/index.php\/2023\/05\/16\/obavijest-o-pojavi-mutnoce-vode\/\" \/>\n<meta property=\"og:site_name\" content=\"RADIO LJUBU\u0160KI\" \/>\n<meta property=\"article:publisher\" content=\"https:\/\/www.facebook.com\/Radiio-Ljubuski-1490835324566332\" \/>\n<meta property=\"article:published_time\" content=\"2023-05-16T07:48:01+00:00\" \/>\n<meta property=\"article:modified_time\" content=\"2023-05-16T08:16:13+00:00\" \/>\n<meta property=\"og:image\" content=\"https:\/\/radioljubuski.ba\/wp-content\/uploads\/2023\/05\/Oglas-za-posao-1600-\u00d7-900-px.png\" \/>\n\t<meta property=\"og:image:width\" content=\"1600\" \/>\n\t<meta property=\"og:image:height\" content=\"900\" \/>\n\t<meta property=\"og:image:type\" content=\"image\/png\" \/>\n<meta name=\"author\" content=\"Radio Ljubu\u0161ki\" \/>\n<meta name=\"twitter:card\" content=\"summary_large_image\" \/>\n<meta name=\"twitter:creator\" content=\"@radioljubuski\" \/>\n<meta name=\"twitter:site\" content=\"@radioljubuski\" \/>\n<meta name=\"twitter:label1\" content=\"Napisao\/la\" \/>\n\t<meta name=\"twitter:data1\" content=\"Radio Ljubu\u0161ki\" \/>\n\t<meta name=\"twitter:label2\" content=\"Procijenjeno vrijeme \u010ditanja\" \/>\n\t<meta name=\"twitter:data2\" content=\"1 minuta\" \/>\n<script type=\"application\/ld+json\" class=\"yoast-schema-graph\">{\"@context\":\"https:\\\/\\\/schema.org\",\"@graph\":[{\"@type\":\"Article\",\"@id\":\"https:\\\/\\\/radioljubuski.ba\\\/index.php\\\/2023\\\/05\\\/16\\\/obavijest-o-pojavi-mutnoce-vode\\\/#article\",\"isPartOf\":{\"@id\":\"https:\\\/\\\/radioljubuski.ba\\\/index.php\\\/2023\\\/05\\\/16\\\/obavijest-o-pojavi-mutnoce-vode\\\/\"},\"author\":{\"name\":\"Radio Ljubu\u0161ki\",\"@id\":\"https:\\\/\\\/radioljubuski.ba\\\/#\\\/schema\\\/person\\\/19fc700381a780f69665d7956c469e3b\"},\"headline\":\"Obavijest o pojavi mutno\u0107e vode\",\"datePublished\":\"2023-05-16T07:48:01+00:00\",\"dateModified\":\"2023-05-16T08:16:13+00:00\",\"mainEntityOfPage\":{\"@id\":\"https:\\\/\\\/radioljubuski.ba\\\/index.php\\\/2023\\\/05\\\/16\\\/obavijest-o-pojavi-mutnoce-vode\\\/\"},\"wordCount\":103,\"publisher\":{\"@id\":\"https:\\\/\\\/radioljubuski.ba\\\/#organization\"},\"image\":{\"@id\":\"https:\\\/\\\/radioljubuski.ba\\\/index.php\\\/2023\\\/05\\\/16\\\/obavijest-o-pojavi-mutnoce-vode\\\/#primaryimage\"},\"thumbnailUrl\":\"https:\\\/\\\/radioljubuski.ba\\\/wp-content\\\/uploads\\\/2023\\\/05\\\/Oglas-za-posao-1600-\u00d7-900-px.png\",\"articleSection\":[\"Novosti\"],\"inLanguage\":\"hr\"},{\"@type\":\"WebPage\",\"@id\":\"https:\\\/\\\/radioljubuski.ba\\\/index.php\\\/2023\\\/05\\\/16\\\/obavijest-o-pojavi-mutnoce-vode\\\/\",\"url\":\"https:\\\/\\\/radioljubuski.ba\\\/index.php\\\/2023\\\/05\\\/16\\\/obavijest-o-pojavi-mutnoce-vode\\\/\",\"name\":\"Obavijest o pojavi mutno\u0107e vode - RADIO LJUBU\u0160KI\",\"isPartOf\":{\"@id\":\"https:\\\/\\\/radioljubuski.ba\\\/#website\"},\"primaryImageOfPage\":{\"@id\":\"https:\\\/\\\/radioljubuski.ba\\\/index.php\\\/2023\\\/05\\\/16\\\/obavijest-o-pojavi-mutnoce-vode\\\/#primaryimage\"},\"image\":{\"@id\":\"https:\\\/\\\/radioljubuski.ba\\\/index.php\\\/2023\\\/05\\\/16\\\/obavijest-o-pojavi-mutnoce-vode\\\/#primaryimage\"},\"thumbnailUrl\":\"https:\\\/\\\/radioljubuski.ba\\\/wp-content\\\/uploads\\\/2023\\\/05\\\/Oglas-za-posao-1600-\u00d7-900-px.png\",\"datePublished\":\"2023-05-16T07:48:01+00:00\",\"dateModified\":\"2023-05-16T08:16:13+00:00\",\"breadcrumb\":{\"@id\":\"https:\\\/\\\/radioljubuski.ba\\\/index.php\\\/2023\\\/05\\\/16\\\/obavijest-o-pojavi-mutnoce-vode\\\/#breadcrumb\"},\"inLanguage\":\"hr\",\"potentialAction\":[{\"@type\":\"ReadAction\",\"target\":[\"https:\\\/\\\/radioljubuski.ba\\\/index.php\\\/2023\\\/05\\\/16\\\/obavijest-o-pojavi-mutnoce-vode\\\/\"]}]},{\"@type\":\"ImageObject\",\"inLanguage\":\"hr\",\"@id\":\"https:\\\/\\\/radioljubuski.ba\\\/index.php\\\/2023\\\/05\\\/16\\\/obavijest-o-pojavi-mutnoce-vode\\\/#primaryimage\",\"url\":\"https:\\\/\\\/radioljubuski.ba\\\/wp-content\\\/uploads\\\/2023\\\/05\\\/Oglas-za-posao-1600-\u00d7-900-px.png\",\"contentUrl\":\"https:\\\/\\\/radioljubuski.ba\\\/wp-content\\\/uploads\\\/2023\\\/05\\\/Oglas-za-posao-1600-\u00d7-900-px.png\",\"width\":1600,\"height\":900},{\"@type\":\"BreadcrumbList\",\"@id\":\"https:\\\/\\\/radioljubuski.ba\\\/index.php\\\/2023\\\/05\\\/16\\\/obavijest-o-pojavi-mutnoce-vode\\\/#breadcrumb\",\"itemListElement\":[{\"@type\":\"ListItem\",\"position\":1,\"name\":\"Po\u010detna stranica\",\"item\":\"https:\\\/\\\/radioljubuski.ba\\\/\"},{\"@type\":\"ListItem\",\"position\":2,\"name\":\"Obavijest o pojavi mutno\u0107e vode\"}]},{\"@type\":\"WebSite\",\"@id\":\"https:\\\/\\\/radioljubuski.ba\\\/#website\",\"url\":\"https:\\\/\\\/radioljubuski.ba\\\/\",\"name\":\"Radio Ljubu\u0161ki\",\"description\":\"Sun\u010dana frekvencija Hercegovine\",\"publisher\":{\"@id\":\"https:\\\/\\\/radioljubuski.ba\\\/#organization\"},\"potentialAction\":[{\"@type\":\"SearchAction\",\"target\":{\"@type\":\"EntryPoint\",\"urlTemplate\":\"https:\\\/\\\/radioljubuski.ba\\\/?s={search_term_string}\"},\"query-input\":{\"@type\":\"PropertyValueSpecification\",\"valueRequired\":true,\"valueName\":\"search_term_string\"}}],\"inLanguage\":\"hr\"},{\"@type\":\"Organization\",\"@id\":\"https:\\\/\\\/radioljubuski.ba\\\/#organization\",\"name\":\"Radio Ljubu\u0161ki\",\"url\":\"https:\\\/\\\/radioljubuski.ba\\\/\",\"logo\":{\"@type\":\"ImageObject\",\"inLanguage\":\"hr\",\"@id\":\"https:\\\/\\\/radioljubuski.ba\\\/#\\\/schema\\\/logo\\\/image\\\/\",\"url\":\"https:\\\/\\\/radioljubuski.ba\\\/wp-content\\\/uploads\\\/2021\\\/02\\\/cropped-Radio_Ljubuski_logo1.jpg\",\"contentUrl\":\"https:\\\/\\\/radioljubuski.ba\\\/wp-content\\\/uploads\\\/2021\\\/02\\\/cropped-Radio_Ljubuski_logo1.jpg\",\"width\":512,\"height\":512,\"caption\":\"Radio Ljubu\u0161ki\"},\"image\":{\"@id\":\"https:\\\/\\\/radioljubuski.ba\\\/#\\\/schema\\\/logo\\\/image\\\/\"},\"sameAs\":[\"https:\\\/\\\/www.facebook.com\\\/Radiio-Ljubuski-1490835324566332\",\"https:\\\/\\\/x.com\\\/radioljubuski\",\"https:\\\/\\\/hr.linkedin.com\\\/company\\\/radio-ljubuski\",\"https:\\\/\\\/www.youtube.com\\\/channel\\\/UCHYaeO_n0Db3tjNGudGpXyw\"]},{\"@type\":\"Person\",\"@id\":\"https:\\\/\\\/radioljubuski.ba\\\/#\\\/schema\\\/person\\\/19fc700381a780f69665d7956c469e3b\",\"name\":\"Radio Ljubu\u0161ki\"}]}<\/script>\n<!-- \/ Yoast SEO plugin. -->","yoast_head_json":{"title":"Obavijest o pojavi mutno\u0107e vode - RADIO LJUBU\u0160KI","robots":{"index":"index","follow":"follow","max-snippet":"max-snippet:-1","max-image-preview":"max-image-preview:large","max-video-preview":"max-video-preview:-1"},"canonical":"https:\/\/radioljubuski.ba\/index.php\/2023\/05\/16\/obavijest-o-pojavi-mutnoce-vode\/","og_locale":"hr_HR","og_type":"article","og_title":"Obavijest o pojavi mutno\u0107e vode - RADIO LJUBU\u0160KI","og_description":"Zbog obilne ki\u0161e do\u0161lo je do pojave mutno\u0107e na vrelu rijeke Vrio\u0161tice, a time i na vodozahvatu vodovoda Ljubu\u0161ki. Pregledom je utvr\u0111eno da mutno\u0107a prelazi granicu dozvoljenu Pravilnikom, odnosno da prelazi vrijednosti dozvoljene za vodu za pi\u0107e. Sve potrebne radnje od strane vodovoda se poduzimaju, ali se radi mjera sigurnosti preporu\u010da vodu prije upotrebe prokuhati. [&hellip;]","og_url":"https:\/\/radioljubuski.ba\/index.php\/2023\/05\/16\/obavijest-o-pojavi-mutnoce-vode\/","og_site_name":"RADIO LJUBU\u0160KI","article_publisher":"https:\/\/www.facebook.com\/Radiio-Ljubuski-1490835324566332","article_published_time":"2023-05-16T07:48:01+00:00","article_modified_time":"2023-05-16T08:16:13+00:00","og_image":[{"width":1600,"height":900,"url":"https:\/\/radioljubuski.ba\/wp-content\/uploads\/2023\/05\/Oglas-za-posao-1600-\u00d7-900-px.png","type":"image\/png"}],"author":"Radio Ljubu\u0161ki","twitter_card":"summary_large_image","twitter_creator":"@radioljubuski","twitter_site":"@radioljubuski","twitter_misc":{"Napisao\/la":"Radio Ljubu\u0161ki","Procijenjeno vrijeme \u010ditanja":"1 minuta"},"schema":{"@context":"https:\/\/schema.org","@graph":[{"@type":"Article","@id":"https:\/\/radioljubuski.ba\/index.php\/2023\/05\/16\/obavijest-o-pojavi-mutnoce-vode\/#article","isPartOf":{"@id":"https:\/\/radioljubuski.ba\/index.php\/2023\/05\/16\/obavijest-o-pojavi-mutnoce-vode\/"},"author":{"name":"Radio Ljubu\u0161ki","@id":"https:\/\/radioljubuski.ba\/#\/schema\/person\/19fc700381a780f69665d7956c469e3b"},"headline":"Obavijest o pojavi mutno\u0107e vode","datePublished":"2023-05-16T07:48:01+00:00","dateModified":"2023-05-16T08:16:13+00:00","mainEntityOfPage":{"@id":"https:\/\/radioljubuski.ba\/index.php\/2023\/05\/16\/obavijest-o-pojavi-mutnoce-vode\/"},"wordCount":103,"publisher":{"@id":"https:\/\/radioljubuski.ba\/#organization"},"image":{"@id":"https:\/\/radioljubuski.ba\/index.php\/2023\/05\/16\/obavijest-o-pojavi-mutnoce-vode\/#primaryimage"},"thumbnailUrl":"https:\/\/radioljubuski.ba\/wp-content\/uploads\/2023\/05\/Oglas-za-posao-1600-\u00d7-900-px.png","articleSection":["Novosti"],"inLanguage":"hr"},{"@type":"WebPage","@id":"https:\/\/radioljubuski.ba\/index.php\/2023\/05\/16\/obavijest-o-pojavi-mutnoce-vode\/","url":"https:\/\/radioljubuski.ba\/index.php\/2023\/05\/16\/obavijest-o-pojavi-mutnoce-vode\/","name":"Obavijest o pojavi mutno\u0107e vode - RADIO LJUBU\u0160KI","isPartOf":{"@id":"https:\/\/radioljubuski.ba\/#website"},"primaryImageOfPage":{"@id":"https:\/\/radioljubuski.ba\/index.php\/2023\/05\/16\/obavijest-o-pojavi-mutnoce-vode\/#primaryimage"},"image":{"@id":"https:\/\/radioljubuski.ba\/index.php\/2023\/05\/16\/obavijest-o-pojavi-mutnoce-vode\/#primaryimage"},"thumbnailUrl":"https:\/\/radioljubuski.ba\/wp-content\/uploads\/2023\/05\/Oglas-za-posao-1600-\u00d7-900-px.png","datePublished":"2023-05-16T07:48:01+00:00","dateModified":"2023-05-16T08:16:13+00:00","breadcrumb":{"@id":"https:\/\/radioljubuski.ba\/index.php\/2023\/05\/16\/obavijest-o-pojavi-mutnoce-vode\/#breadcrumb"},"inLanguage":"hr","potentialAction":[{"@type":"ReadAction","target":["https:\/\/radioljubuski.ba\/index.php\/2023\/05\/16\/obavijest-o-pojavi-mutnoce-vode\/"]}]},{"@type":"ImageObject","inLanguage":"hr","@id":"https:\/\/radioljubuski.ba\/index.php\/2023\/05\/16\/obavijest-o-pojavi-mutnoce-vode\/#primaryimage","url":"https:\/\/radioljubuski.ba\/wp-content\/uploads\/2023\/05\/Oglas-za-posao-1600-\u00d7-900-px.png","contentUrl":"https:\/\/radioljubuski.ba\/wp-content\/uploads\/2023\/05\/Oglas-za-posao-1600-\u00d7-900-px.png","width":1600,"height":900},{"@type":"BreadcrumbList","@id":"https:\/\/radioljubuski.ba\/index.php\/2023\/05\/16\/obavijest-o-pojavi-mutnoce-vode\/#breadcrumb","itemListElement":[{"@type":"ListItem","position":1,"name":"Po\u010detna stranica","item":"https:\/\/radioljubuski.ba\/"},{"@type":"ListItem","position":2,"name":"Obavijest o pojavi mutno\u0107e vode"}]},{"@type":"WebSite","@id":"https:\/\/radioljubuski.ba\/#website","url":"https:\/\/radioljubuski.ba\/","name":"Radio Ljubu\u0161ki","description":"Sun\u010dana frekvencija Hercegovine","publisher":{"@id":"https:\/\/radioljubuski.ba\/#organization"},"potentialAction":[{"@type":"SearchAction","target":{"@type":"EntryPoint","urlTemplate":"https:\/\/radioljubuski.ba\/?s={search_term_string}"},"query-input":{"@type":"PropertyValueSpecification","valueRequired":true,"valueName":"search_term_string"}}],"inLanguage":"hr"},{"@type":"Organization","@id":"https:\/\/radioljubuski.ba\/#organization","name":"Radio Ljubu\u0161ki","url":"https:\/\/radioljubuski.ba\/","logo":{"@type":"ImageObject","inLanguage":"hr","@id":"https:\/\/radioljubuski.ba\/#\/schema\/logo\/image\/","url":"https:\/\/radioljubuski.ba\/wp-content\/uploads\/2021\/02\/cropped-Radio_Ljubuski_logo1.jpg","contentUrl":"https:\/\/radioljubuski.ba\/wp-content\/uploads\/2021\/02\/cropped-Radio_Ljubuski_logo1.jpg","width":512,"height":512,"caption":"Radio Ljubu\u0161ki"},"image":{"@id":"https:\/\/radioljubuski.ba\/#\/schema\/logo\/image\/"},"sameAs":["https:\/\/www.facebook.com\/Radiio-Ljubuski-1490835324566332","https:\/\/x.com\/radioljubuski","https:\/\/hr.linkedin.com\/company\/radio-ljubuski","https:\/\/www.youtube.com\/channel\/UCHYaeO_n0Db3tjNGudGpXyw"]},{"@type":"Person","@id":"https:\/\/radioljubuski.ba\/#\/schema\/person\/19fc700381a780f69665d7956c469e3b","name":"Radio Ljubu\u0161ki"}]}},"_links":{"self":[{"href":"https:\/\/radioljubuski.ba\/index.php\/wp-json\/wp\/v2\/posts\/190684","targetHints":{"allow":["GET"]}}],"collection":[{"href":"https:\/\/radioljubuski.ba\/index.php\/wp-json\/wp\/v2\/posts"}],"about":[{"href":"https:\/\/radioljubuski.ba\/index.php\/wp-json\/wp\/v2\/types\/post"}],"author":[{"embeddable":true,"href":"https:\/\/radioljubuski.ba\/index.php\/wp-json\/wp\/v2\/users\/2"}],"replies":[{"embeddable":true,"href":"https:\/\/radioljubuski.ba\/index.php\/wp-json\/wp\/v2\/comments?post=190684"}],"version-history":[{"count":1,"href":"https:\/\/radioljubuski.ba\/index.php\/wp-json\/wp\/v2\/posts\/190684\/revisions"}],"predecessor-version":[{"id":190686,"href":"https:\/\/radioljubuski.ba\/index.php\/wp-json\/wp\/v2\/posts\/190684\/revisions\/190686"}],"wp:featuredmedia":[{"embeddable":true,"href":"https:\/\/radioljubuski.ba\/index.php\/wp-json\/wp\/v2\/media\/190691"}],"wp:attachment":[{"href":"https:\/\/radioljubuski.ba\/index.php\/wp-json\/wp\/v2\/media?parent=190684"}],"wp:term":[{"taxonomy":"category","embeddable":true,"href":"https:\/\/radioljubuski.ba\/index.php\/wp-json\/wp\/v2\/categories?post=190684"},{"taxonomy":"post_tag","embeddable":true,"href":"https:\/\/radioljubuski.ba\/index.php\/wp-json\/wp\/v2\/tags?post=190684"}],"curies":[{"name":"wp","href":"https:\/\/api.w.org\/{rel}","templated":true}]}}