{"id":190890,"date":"2023-05-22T08:49:40","date_gmt":"2023-05-22T07:49:40","guid":{"rendered":"https:\/\/radioljubuski.ba\/?p=190890"},"modified":"2023-05-22T08:53:02","modified_gmt":"2023-05-22T07:53:02","slug":"trijumf-kadeta-izvidaca-na-turniru-u-livnu","status":"publish","type":"post","link":"https:\/\/radioljubuski.ba\/index.php\/2023\/05\/22\/trijumf-kadeta-izvidaca-na-turniru-u-livnu\/","title":{"rendered":"Trijumf kadeta Izvi\u0111a\u010da na turniru u Livnu"},"content":{"rendered":"\n<p>Zavr\u0161en je turnir Lige mladih HB za kadete koji je odr\u017ean 20. i 21. svibnja u Livnu. Oslabljena ekipa doma\u0107ina zavr\u0161ila je na posljednjem mjestu, te ozlije\u0111enim igra\u010dima \u017eelimo brz oporavak. Ekipa RK Izvi\u0111a\u010d 1 zaslu\u017eeno je osvojila prvo mjesto.<\/p>\n\n\n\n<figure class=\"wp-block-gallery has-nested-images columns-default is-cropped wp-block-gallery-1 is-layout-flex wp-block-gallery-is-layout-flex\">\n<figure class=\"wp-block-image size-large\"><img loading=\"lazy\" decoding=\"async\" width=\"576\" height=\"1024\" data-id=\"190892\" src=\"https:\/\/radioljubuski.ba\/wp-content\/uploads\/2023\/05\/11-576x1024.jpg\" alt=\"\" class=\"wp-image-190892\" srcset=\"https:\/\/radioljubuski.ba\/wp-content\/uploads\/2023\/05\/11-576x1024.jpg 576w, https:\/\/radioljubuski.ba\/wp-content\/uploads\/2023\/05\/11-169x300.jpg 169w, https:\/\/radioljubuski.ba\/wp-content\/uploads\/2023\/05\/11-768x1365.jpg 768w, https:\/\/radioljubuski.ba\/wp-content\/uploads\/2023\/05\/11-864x1536.jpg 864w, https:\/\/radioljubuski.ba\/wp-content\/uploads\/2023\/05\/11.jpg 1152w\" sizes=\"auto, (max-width: 576px) 100vw, 576px\" \/><\/figure>\n\n\n\n<figure class=\"wp-block-image size-large\"><img loading=\"lazy\" decoding=\"async\" width=\"1024\" height=\"576\" data-id=\"190891\" src=\"https:\/\/radioljubuski.ba\/wp-content\/uploads\/2023\/05\/12-1024x576.jpg\" alt=\"\" class=\"wp-image-190891\" srcset=\"https:\/\/radioljubuski.ba\/wp-content\/uploads\/2023\/05\/12-1024x576.jpg 1024w, https:\/\/radioljubuski.ba\/wp-content\/uploads\/2023\/05\/12-300x169.jpg 300w, https:\/\/radioljubuski.ba\/wp-content\/uploads\/2023\/05\/12-768x432.jpg 768w, https:\/\/radioljubuski.ba\/wp-content\/uploads\/2023\/05\/12-1536x864.jpg 1536w, https:\/\/radioljubuski.ba\/wp-content\/uploads\/2023\/05\/12.jpg 2048w\" sizes=\"auto, (max-width: 1024px) 100vw, 1024px\" \/><\/figure>\n\n\n\n<figure class=\"wp-block-image size-large\"><img loading=\"lazy\" decoding=\"async\" width=\"1024\" height=\"576\" data-id=\"190893\" src=\"https:\/\/radioljubuski.ba\/wp-content\/uploads\/2023\/05\/13-1024x576.jpg\" alt=\"\" class=\"wp-image-190893\" srcset=\"https:\/\/radioljubuski.ba\/wp-content\/uploads\/2023\/05\/13-1024x576.jpg 1024w, https:\/\/radioljubuski.ba\/wp-content\/uploads\/2023\/05\/13-300x169.jpg 300w, https:\/\/radioljubuski.ba\/wp-content\/uploads\/2023\/05\/13-768x432.jpg 768w, https:\/\/radioljubuski.ba\/wp-content\/uploads\/2023\/05\/13-1536x864.jpg 1536w, https:\/\/radioljubuski.ba\/wp-content\/uploads\/2023\/05\/13.jpg 2048w\" sizes=\"auto, (max-width: 1024px) 100vw, 1024px\" \/><\/figure>\n<\/figure>\n\n\n\n<p>Najbolji igra\u010d turnira bio je Petar Grbavac iz RK Izvi\u0111a\u010d 1.<\/p>\n\n\n\n<p>Najbolji golman turnira bio je Marko \u010culjak iz RK Izvi\u0111a\u010d 1.<\/p>\n\n\n\n<figure class=\"wp-block-gallery has-nested-images columns-default is-cropped wp-block-gallery-2 is-layout-flex wp-block-gallery-is-layout-flex\">\n<figure class=\"wp-block-image size-large\"><img loading=\"lazy\" decoding=\"async\" width=\"1152\" height=\"2048\" data-id=\"190894\" src=\"https:\/\/radioljubuski.ba\/wp-content\/uploads\/2023\/05\/4-576x1024.jpg\" alt=\"\" class=\"wp-image-190894\" srcset=\"https:\/\/radioljubuski.ba\/wp-content\/uploads\/2023\/05\/4-576x1024.jpg 576w, https:\/\/radioljubuski.ba\/wp-content\/uploads\/2023\/05\/4-169x300.jpg 169w, https:\/\/radioljubuski.ba\/wp-content\/uploads\/2023\/05\/4-768x1365.jpg 768w, https:\/\/radioljubuski.ba\/wp-content\/uploads\/2023\/05\/4-864x1536.jpg 864w, https:\/\/radioljubuski.ba\/wp-content\/uploads\/2023\/05\/4.jpg 1152w\" sizes=\"auto, (max-width: 1152px) 100vw, 1152px\" \/><\/figure>\n\n\n\n<figure class=\"wp-block-image size-large\"><img loading=\"lazy\" decoding=\"async\" width=\"576\" height=\"1024\" data-id=\"190895\" src=\"https:\/\/radioljubuski.ba\/wp-content\/uploads\/2023\/05\/5-576x1024.jpg\" alt=\"\" class=\"wp-image-190895\" srcset=\"https:\/\/radioljubuski.ba\/wp-content\/uploads\/2023\/05\/5-576x1024.jpg 576w, https:\/\/radioljubuski.ba\/wp-content\/uploads\/2023\/05\/5-169x300.jpg 169w, https:\/\/radioljubuski.ba\/wp-content\/uploads\/2023\/05\/5-768x1365.jpg 768w, https:\/\/radioljubuski.ba\/wp-content\/uploads\/2023\/05\/5-864x1536.jpg 864w, https:\/\/radioljubuski.ba\/wp-content\/uploads\/2023\/05\/5.jpg 1152w\" sizes=\"auto, (max-width: 576px) 100vw, 576px\" \/><\/figure>\n\n\n\n<figure class=\"wp-block-image size-large\"><img loading=\"lazy\" decoding=\"async\" width=\"576\" height=\"1024\" data-id=\"190896\" src=\"https:\/\/radioljubuski.ba\/wp-content\/uploads\/2023\/05\/6-576x1024.jpg\" alt=\"\" class=\"wp-image-190896\" srcset=\"https:\/\/radioljubuski.ba\/wp-content\/uploads\/2023\/05\/6-576x1024.jpg 576w, https:\/\/radioljubuski.ba\/wp-content\/uploads\/2023\/05\/6-169x300.jpg 169w, https:\/\/radioljubuski.ba\/wp-content\/uploads\/2023\/05\/6-768x1365.jpg 768w, https:\/\/radioljubuski.ba\/wp-content\/uploads\/2023\/05\/6-864x1536.jpg 864w, https:\/\/radioljubuski.ba\/wp-content\/uploads\/2023\/05\/6.jpg 1152w\" sizes=\"auto, (max-width: 576px) 100vw, 576px\" \/><\/figure>\n<\/figure>\n\n\n\n<p>Najbolji strijelac turnira bio je Enis Suljevic s 38 postignutih golova iz RK \u017dep\u010de. Doma\u0107in turnira osigurao je nagrade za najbolje igra\u010de, dobili su na poklon loptu i majicu. \u010cestitamo igra\u010dima na osvojenim nagradama. \u010cestitamo ekipi Izvi\u0111a\u010da na 1. mjestu i ostalim ekipama koje su izborile dr\u017eavno prvenstvo i sudjelovali na turniru. Sretno ekipama dalje na dr\u017eavnom prvenstvu. Tako\u0111er doma\u0107in je osigurao poklon za ekipe koje su nastupile sa jednim EKO Sir Pu\u0111a. Zahvaljujemo se svima koji su sudjelovali u organizaciji turnira posebno na\u0161em predsjedniku Jakovu Su\u010di\u0107u i tajniku Marjanu Geli koji su omogu\u0107ili ovo sve. Poredak ekipa:<\/p>\n\n\n\n<figure class=\"wp-block-gallery has-nested-images columns-default is-cropped wp-block-gallery-3 is-layout-flex wp-block-gallery-is-layout-flex\">\n<figure class=\"wp-block-image size-large\"><img loading=\"lazy\" decoding=\"async\" width=\"576\" height=\"1024\" data-id=\"190897\" src=\"https:\/\/radioljubuski.ba\/wp-content\/uploads\/2023\/05\/7-576x1024.jpg\" alt=\"\" class=\"wp-image-190897\" srcset=\"https:\/\/radioljubuski.ba\/wp-content\/uploads\/2023\/05\/7-576x1024.jpg 576w, https:\/\/radioljubuski.ba\/wp-content\/uploads\/2023\/05\/7-169x300.jpg 169w, https:\/\/radioljubuski.ba\/wp-content\/uploads\/2023\/05\/7-768x1365.jpg 768w, https:\/\/radioljubuski.ba\/wp-content\/uploads\/2023\/05\/7-864x1536.jpg 864w, https:\/\/radioljubuski.ba\/wp-content\/uploads\/2023\/05\/7.jpg 1152w\" sizes=\"auto, (max-width: 576px) 100vw, 576px\" \/><\/figure>\n\n\n\n<figure class=\"wp-block-image size-large\"><img loading=\"lazy\" decoding=\"async\" width=\"576\" height=\"1024\" data-id=\"190898\" src=\"https:\/\/radioljubuski.ba\/wp-content\/uploads\/2023\/05\/8-576x1024.jpg\" alt=\"\" class=\"wp-image-190898\" srcset=\"https:\/\/radioljubuski.ba\/wp-content\/uploads\/2023\/05\/8-576x1024.jpg 576w, https:\/\/radioljubuski.ba\/wp-content\/uploads\/2023\/05\/8-169x300.jpg 169w, https:\/\/radioljubuski.ba\/wp-content\/uploads\/2023\/05\/8-768x1365.jpg 768w, https:\/\/radioljubuski.ba\/wp-content\/uploads\/2023\/05\/8-864x1536.jpg 864w, https:\/\/radioljubuski.ba\/wp-content\/uploads\/2023\/05\/8.jpg 1152w\" sizes=\"auto, (max-width: 576px) 100vw, 576px\" \/><\/figure>\n\n\n\n<figure class=\"wp-block-image size-large\"><img loading=\"lazy\" decoding=\"async\" width=\"576\" height=\"1024\" data-id=\"190899\" src=\"https:\/\/radioljubuski.ba\/wp-content\/uploads\/2023\/05\/9-576x1024.jpg\" alt=\"\" class=\"wp-image-190899\" srcset=\"https:\/\/radioljubuski.ba\/wp-content\/uploads\/2023\/05\/9-576x1024.jpg 576w, https:\/\/radioljubuski.ba\/wp-content\/uploads\/2023\/05\/9-169x300.jpg 169w, https:\/\/radioljubuski.ba\/wp-content\/uploads\/2023\/05\/9-768x1365.jpg 768w, https:\/\/radioljubuski.ba\/wp-content\/uploads\/2023\/05\/9-864x1536.jpg 864w, https:\/\/radioljubuski.ba\/wp-content\/uploads\/2023\/05\/9.jpg 1152w\" sizes=\"auto, (max-width: 576px) 100vw, 576px\" \/><\/figure>\n<\/figure>\n\n\n\n<p>1. <a href=\"https:\/\/www.facebook.com\/izvidjacco?__cft__%5b0%5d=AZUMjWN9gLH8hefQBt_NoZpmUDEXB3IRszz5hZl74g3spu5WQerZNOewafFxBj05r1ZdBI4i6ulya7T1Yq_j9JbZH1EN1qBt2koTLsanCB5Gu5MmfsYCDr5exFGKrciRKSaMHSkGkc1epWqjuge06UxJLmOHm7k7hTLFlWodf4O7Qkr-8f74JxmwvM_o0n_tWfw&amp;__tn__=-%5dK-y-R\">RK Izvi\u0111a\u010d Central Osiguranje<\/a> 1<\/p>\n\n\n\n<p>2. RK <a href=\"https:\/\/www.facebook.com\/srkzrinjski?__cft__%5b0%5d=AZUMjWN9gLH8hefQBt_NoZpmUDEXB3IRszz5hZl74g3spu5WQerZNOewafFxBj05r1ZdBI4i6ulya7T1Yq_j9JbZH1EN1qBt2koTLsanCB5Gu5MmfsYCDr5exFGKrciRKSaMHSkGkc1epWqjuge06UxJLmOHm7k7hTLFlWodf4O7Qkr-8f74JxmwvM_o0n_tWfw&amp;__tn__=-%5dK-y-R\">SRK Zrinjski Mostar<\/a><\/p>\n\n\n\n<p>3. RK Izvi\u0111a\u010d Central Osiguranje 2<\/p>\n\n\n\n<p>4. <a href=\"https:\/\/www.facebook.com\/profile.php?id=100057780664736&amp;__cft__%5b0%5d=AZUMjWN9gLH8hefQBt_NoZpmUDEXB3IRszz5hZl74g3spu5WQerZNOewafFxBj05r1ZdBI4i6ulya7T1Yq_j9JbZH1EN1qBt2koTLsanCB5Gu5MmfsYCDr5exFGKrciRKSaMHSkGkc1epWqjuge06UxJLmOHm7k7hTLFlWodf4O7Qkr-8f74JxmwvM_o0n_tWfw&amp;__tn__=-%5dK-y-R\">RK \u017dep\u010de<\/a><\/p>\n\n\n\n<p>5. RK Rvacka<\/p>\n\n\n\n<p>Sljede\u0107i vikend na\u0161i dje\u010daci (2010\/11) idu tako\u0111er na zavr\u0161nicu prvenstva Lige mladih HB u Ljubu\u0161ki gdje \u0107e doma\u0107in biti RK Izvi\u0111a\u010d.<\/p>\n\n\n\n<figure class=\"wp-block-gallery has-nested-images columns-default is-cropped wp-block-gallery-4 is-layout-flex wp-block-gallery-is-layout-flex\">\n<figure class=\"wp-block-image size-large\"><img loading=\"lazy\" decoding=\"async\" width=\"576\" height=\"1024\" data-id=\"190900\" src=\"https:\/\/radioljubuski.ba\/wp-content\/uploads\/2023\/05\/10-576x1024.jpg\" alt=\"\" class=\"wp-image-190900\" srcset=\"https:\/\/radioljubuski.ba\/wp-content\/uploads\/2023\/05\/10-576x1024.jpg 576w, https:\/\/radioljubuski.ba\/wp-content\/uploads\/2023\/05\/10-169x300.jpg 169w, https:\/\/radioljubuski.ba\/wp-content\/uploads\/2023\/05\/10-768x1365.jpg 768w, https:\/\/radioljubuski.ba\/wp-content\/uploads\/2023\/05\/10-864x1536.jpg 864w, https:\/\/radioljubuski.ba\/wp-content\/uploads\/2023\/05\/10.jpg 1152w\" sizes=\"auto, (max-width: 576px) 100vw, 576px\" \/><\/figure>\n\n\n\n<figure class=\"wp-block-image size-large\"><img loading=\"lazy\" decoding=\"async\" width=\"576\" height=\"1024\" data-id=\"190901\" src=\"https:\/\/radioljubuski.ba\/wp-content\/uploads\/2023\/05\/11-1-576x1024.jpg\" alt=\"\" class=\"wp-image-190901\" srcset=\"https:\/\/radioljubuski.ba\/wp-content\/uploads\/2023\/05\/11-1-576x1024.jpg 576w, https:\/\/radioljubuski.ba\/wp-content\/uploads\/2023\/05\/11-1-169x300.jpg 169w, https:\/\/radioljubuski.ba\/wp-content\/uploads\/2023\/05\/11-1-768x1365.jpg 768w, https:\/\/radioljubuski.ba\/wp-content\/uploads\/2023\/05\/11-1-864x1536.jpg 864w, https:\/\/radioljubuski.ba\/wp-content\/uploads\/2023\/05\/11-1.jpg 1152w\" sizes=\"auto, (max-width: 576px) 100vw, 576px\" \/><\/figure>\n\n\n\n<figure class=\"wp-block-image size-large\"><img loading=\"lazy\" decoding=\"async\" width=\"1024\" height=\"576\" data-id=\"190902\" src=\"https:\/\/radioljubuski.ba\/wp-content\/uploads\/2023\/05\/14-1024x576.jpg\" alt=\"\" class=\"wp-image-190902\" srcset=\"https:\/\/radioljubuski.ba\/wp-content\/uploads\/2023\/05\/14-1024x576.jpg 1024w, https:\/\/radioljubuski.ba\/wp-content\/uploads\/2023\/05\/14-300x169.jpg 300w, https:\/\/radioljubuski.ba\/wp-content\/uploads\/2023\/05\/14-768x432.jpg 768w, https:\/\/radioljubuski.ba\/wp-content\/uploads\/2023\/05\/14-1536x864.jpg 1536w, https:\/\/radioljubuski.ba\/wp-content\/uploads\/2023\/05\/14.jpg 2048w\" sizes=\"auto, (max-width: 1024px) 100vw, 1024px\" \/><\/figure>\n<\/figure>\n\n\n\n<p>RK Rvacka<\/p>\n","protected":false},"excerpt":{"rendered":"<p>Zavr\u0161en je turnir Lige mladih HB za kadete koji je odr\u017ean 20. i 21. svibnja u Livnu. Oslabljena ekipa doma\u0107ina zavr\u0161ila je na posljednjem mjestu, te ozlije\u0111enim igra\u010dima \u017eelimo brz oporavak. Ekipa RK Izvi\u0111a\u010d 1 zaslu\u017eeno je osvojila prvo mjesto. Najbolji igra\u010d turnira bio je Petar Grbavac iz RK Izvi\u0111a\u010d 1. Najbolji golman turnira bio [&hellip;]<\/p>\n","protected":false},"author":2,"featured_media":190903,"comment_status":"closed","ping_status":"closed","sticky":false,"template":"","format":"standard","meta":{"h5ap_radio_sources":[],"footnotes":""},"categories":[28],"tags":[],"class_list":["post-190890","post","type-post","status-publish","format-standard","has-post-thumbnail","hentry","category-novosti"],"yoast_head":"<!-- This site is optimized with the Yoast SEO plugin v27.5 - https:\/\/yoast.com\/product\/yoast-seo-wordpress\/ -->\n<title>Trijumf kadeta Izvi\u0111a\u010da na turniru u Livnu - RADIO LJUBU\u0160KI<\/title>\n<meta name=\"robots\" content=\"index, follow, max-snippet:-1, max-image-preview:large, max-video-preview:-1\" \/>\n<link rel=\"canonical\" href=\"https:\/\/radioljubuski.ba\/index.php\/2023\/05\/22\/trijumf-kadeta-izvidaca-na-turniru-u-livnu\/\" \/>\n<meta property=\"og:locale\" content=\"hr_HR\" \/>\n<meta property=\"og:type\" content=\"article\" \/>\n<meta property=\"og:title\" content=\"Trijumf kadeta Izvi\u0111a\u010da na turniru u Livnu - RADIO LJUBU\u0160KI\" \/>\n<meta property=\"og:description\" content=\"Zavr\u0161en je turnir Lige mladih HB za kadete koji je odr\u017ean 20. i 21. svibnja u Livnu. Oslabljena ekipa doma\u0107ina zavr\u0161ila je na posljednjem mjestu, te ozlije\u0111enim igra\u010dima \u017eelimo brz oporavak. Ekipa RK Izvi\u0111a\u010d 1 zaslu\u017eeno je osvojila prvo mjesto. Najbolji igra\u010d turnira bio je Petar Grbavac iz RK Izvi\u0111a\u010d 1. Najbolji golman turnira bio [&hellip;]\" \/>\n<meta property=\"og:url\" content=\"https:\/\/radioljubuski.ba\/index.php\/2023\/05\/22\/trijumf-kadeta-izvidaca-na-turniru-u-livnu\/\" \/>\n<meta property=\"og:site_name\" content=\"RADIO LJUBU\u0160KI\" \/>\n<meta property=\"article:publisher\" content=\"https:\/\/www.facebook.com\/Radiio-Ljubuski-1490835324566332\" \/>\n<meta property=\"article:published_time\" content=\"2023-05-22T07:49:40+00:00\" \/>\n<meta property=\"article:modified_time\" content=\"2023-05-22T07:53:02+00:00\" \/>\n<meta property=\"og:image\" content=\"https:\/\/radioljubuski.ba\/wp-content\/uploads\/2023\/05\/1-1.jpg\" \/>\n\t<meta property=\"og:image:width\" content=\"960\" \/>\n\t<meta property=\"og:image:height\" content=\"540\" \/>\n\t<meta property=\"og:image:type\" content=\"image\/jpeg\" \/>\n<meta name=\"author\" content=\"Radio Ljubu\u0161ki\" \/>\n<meta name=\"twitter:card\" content=\"summary_large_image\" \/>\n<meta name=\"twitter:creator\" content=\"@radioljubuski\" \/>\n<meta name=\"twitter:site\" content=\"@radioljubuski\" \/>\n<meta name=\"twitter:label1\" content=\"Napisao\/la\" \/>\n\t<meta name=\"twitter:data1\" content=\"Radio Ljubu\u0161ki\" \/>\n\t<meta name=\"twitter:label2\" content=\"Procijenjeno vrijeme \u010ditanja\" \/>\n\t<meta name=\"twitter:data2\" content=\"4 minute\" \/>\n<script type=\"application\/ld+json\" class=\"yoast-schema-graph\">{\"@context\":\"https:\\\/\\\/schema.org\",\"@graph\":[{\"@type\":\"Article\",\"@id\":\"https:\\\/\\\/radioljubuski.ba\\\/index.php\\\/2023\\\/05\\\/22\\\/trijumf-kadeta-izvidaca-na-turniru-u-livnu\\\/#article\",\"isPartOf\":{\"@id\":\"https:\\\/\\\/radioljubuski.ba\\\/index.php\\\/2023\\\/05\\\/22\\\/trijumf-kadeta-izvidaca-na-turniru-u-livnu\\\/\"},\"author\":{\"name\":\"Radio Ljubu\u0161ki\",\"@id\":\"https:\\\/\\\/radioljubuski.ba\\\/#\\\/schema\\\/person\\\/19fc700381a780f69665d7956c469e3b\"},\"headline\":\"Trijumf kadeta Izvi\u0111a\u010da na turniru u Livnu\",\"datePublished\":\"2023-05-22T07:49:40+00:00\",\"dateModified\":\"2023-05-22T07:53:02+00:00\",\"mainEntityOfPage\":{\"@id\":\"https:\\\/\\\/radioljubuski.ba\\\/index.php\\\/2023\\\/05\\\/22\\\/trijumf-kadeta-izvidaca-na-turniru-u-livnu\\\/\"},\"wordCount\":236,\"publisher\":{\"@id\":\"https:\\\/\\\/radioljubuski.ba\\\/#organization\"},\"image\":{\"@id\":\"https:\\\/\\\/radioljubuski.ba\\\/index.php\\\/2023\\\/05\\\/22\\\/trijumf-kadeta-izvidaca-na-turniru-u-livnu\\\/#primaryimage\"},\"thumbnailUrl\":\"https:\\\/\\\/radioljubuski.ba\\\/wp-content\\\/uploads\\\/2023\\\/05\\\/1-1.jpg\",\"articleSection\":[\"Novosti\"],\"inLanguage\":\"hr\"},{\"@type\":\"WebPage\",\"@id\":\"https:\\\/\\\/radioljubuski.ba\\\/index.php\\\/2023\\\/05\\\/22\\\/trijumf-kadeta-izvidaca-na-turniru-u-livnu\\\/\",\"url\":\"https:\\\/\\\/radioljubuski.ba\\\/index.php\\\/2023\\\/05\\\/22\\\/trijumf-kadeta-izvidaca-na-turniru-u-livnu\\\/\",\"name\":\"Trijumf kadeta Izvi\u0111a\u010da na turniru u Livnu - RADIO LJUBU\u0160KI\",\"isPartOf\":{\"@id\":\"https:\\\/\\\/radioljubuski.ba\\\/#website\"},\"primaryImageOfPage\":{\"@id\":\"https:\\\/\\\/radioljubuski.ba\\\/index.php\\\/2023\\\/05\\\/22\\\/trijumf-kadeta-izvidaca-na-turniru-u-livnu\\\/#primaryimage\"},\"image\":{\"@id\":\"https:\\\/\\\/radioljubuski.ba\\\/index.php\\\/2023\\\/05\\\/22\\\/trijumf-kadeta-izvidaca-na-turniru-u-livnu\\\/#primaryimage\"},\"thumbnailUrl\":\"https:\\\/\\\/radioljubuski.ba\\\/wp-content\\\/uploads\\\/2023\\\/05\\\/1-1.jpg\",\"datePublished\":\"2023-05-22T07:49:40+00:00\",\"dateModified\":\"2023-05-22T07:53:02+00:00\",\"breadcrumb\":{\"@id\":\"https:\\\/\\\/radioljubuski.ba\\\/index.php\\\/2023\\\/05\\\/22\\\/trijumf-kadeta-izvidaca-na-turniru-u-livnu\\\/#breadcrumb\"},\"inLanguage\":\"hr\",\"potentialAction\":[{\"@type\":\"ReadAction\",\"target\":[\"https:\\\/\\\/radioljubuski.ba\\\/index.php\\\/2023\\\/05\\\/22\\\/trijumf-kadeta-izvidaca-na-turniru-u-livnu\\\/\"]}]},{\"@type\":\"ImageObject\",\"inLanguage\":\"hr\",\"@id\":\"https:\\\/\\\/radioljubuski.ba\\\/index.php\\\/2023\\\/05\\\/22\\\/trijumf-kadeta-izvidaca-na-turniru-u-livnu\\\/#primaryimage\",\"url\":\"https:\\\/\\\/radioljubuski.ba\\\/wp-content\\\/uploads\\\/2023\\\/05\\\/1-1.jpg\",\"contentUrl\":\"https:\\\/\\\/radioljubuski.ba\\\/wp-content\\\/uploads\\\/2023\\\/05\\\/1-1.jpg\",\"width\":960,\"height\":540},{\"@type\":\"BreadcrumbList\",\"@id\":\"https:\\\/\\\/radioljubuski.ba\\\/index.php\\\/2023\\\/05\\\/22\\\/trijumf-kadeta-izvidaca-na-turniru-u-livnu\\\/#breadcrumb\",\"itemListElement\":[{\"@type\":\"ListItem\",\"position\":1,\"name\":\"Po\u010detna stranica\",\"item\":\"https:\\\/\\\/radioljubuski.ba\\\/\"},{\"@type\":\"ListItem\",\"position\":2,\"name\":\"Trijumf kadeta Izvi\u0111a\u010da na turniru u Livnu\"}]},{\"@type\":\"WebSite\",\"@id\":\"https:\\\/\\\/radioljubuski.ba\\\/#website\",\"url\":\"https:\\\/\\\/radioljubuski.ba\\\/\",\"name\":\"Radio Ljubu\u0161ki\",\"description\":\"Sun\u010dana frekvencija Hercegovine\",\"publisher\":{\"@id\":\"https:\\\/\\\/radioljubuski.ba\\\/#organization\"},\"potentialAction\":[{\"@type\":\"SearchAction\",\"target\":{\"@type\":\"EntryPoint\",\"urlTemplate\":\"https:\\\/\\\/radioljubuski.ba\\\/?s={search_term_string}\"},\"query-input\":{\"@type\":\"PropertyValueSpecification\",\"valueRequired\":true,\"valueName\":\"search_term_string\"}}],\"inLanguage\":\"hr\"},{\"@type\":\"Organization\",\"@id\":\"https:\\\/\\\/radioljubuski.ba\\\/#organization\",\"name\":\"Radio Ljubu\u0161ki\",\"url\":\"https:\\\/\\\/radioljubuski.ba\\\/\",\"logo\":{\"@type\":\"ImageObject\",\"inLanguage\":\"hr\",\"@id\":\"https:\\\/\\\/radioljubuski.ba\\\/#\\\/schema\\\/logo\\\/image\\\/\",\"url\":\"https:\\\/\\\/radioljubuski.ba\\\/wp-content\\\/uploads\\\/2021\\\/02\\\/cropped-Radio_Ljubuski_logo1.jpg\",\"contentUrl\":\"https:\\\/\\\/radioljubuski.ba\\\/wp-content\\\/uploads\\\/2021\\\/02\\\/cropped-Radio_Ljubuski_logo1.jpg\",\"width\":512,\"height\":512,\"caption\":\"Radio Ljubu\u0161ki\"},\"image\":{\"@id\":\"https:\\\/\\\/radioljubuski.ba\\\/#\\\/schema\\\/logo\\\/image\\\/\"},\"sameAs\":[\"https:\\\/\\\/www.facebook.com\\\/Radiio-Ljubuski-1490835324566332\",\"https:\\\/\\\/x.com\\\/radioljubuski\",\"https:\\\/\\\/hr.linkedin.com\\\/company\\\/radio-ljubuski\",\"https:\\\/\\\/www.youtube.com\\\/channel\\\/UCHYaeO_n0Db3tjNGudGpXyw\"]},{\"@type\":\"Person\",\"@id\":\"https:\\\/\\\/radioljubuski.ba\\\/#\\\/schema\\\/person\\\/19fc700381a780f69665d7956c469e3b\",\"name\":\"Radio Ljubu\u0161ki\"}]}<\/script>\n<!-- \/ Yoast SEO plugin. -->","yoast_head_json":{"title":"Trijumf kadeta Izvi\u0111a\u010da na turniru u Livnu - RADIO LJUBU\u0160KI","robots":{"index":"index","follow":"follow","max-snippet":"max-snippet:-1","max-image-preview":"max-image-preview:large","max-video-preview":"max-video-preview:-1"},"canonical":"https:\/\/radioljubuski.ba\/index.php\/2023\/05\/22\/trijumf-kadeta-izvidaca-na-turniru-u-livnu\/","og_locale":"hr_HR","og_type":"article","og_title":"Trijumf kadeta Izvi\u0111a\u010da na turniru u Livnu - RADIO LJUBU\u0160KI","og_description":"Zavr\u0161en je turnir Lige mladih HB za kadete koji je odr\u017ean 20. i 21. svibnja u Livnu. Oslabljena ekipa doma\u0107ina zavr\u0161ila je na posljednjem mjestu, te ozlije\u0111enim igra\u010dima \u017eelimo brz oporavak. Ekipa RK Izvi\u0111a\u010d 1 zaslu\u017eeno je osvojila prvo mjesto. Najbolji igra\u010d turnira bio je Petar Grbavac iz RK Izvi\u0111a\u010d 1. Najbolji golman turnira bio [&hellip;]","og_url":"https:\/\/radioljubuski.ba\/index.php\/2023\/05\/22\/trijumf-kadeta-izvidaca-na-turniru-u-livnu\/","og_site_name":"RADIO LJUBU\u0160KI","article_publisher":"https:\/\/www.facebook.com\/Radiio-Ljubuski-1490835324566332","article_published_time":"2023-05-22T07:49:40+00:00","article_modified_time":"2023-05-22T07:53:02+00:00","og_image":[{"width":960,"height":540,"url":"https:\/\/radioljubuski.ba\/wp-content\/uploads\/2023\/05\/1-1.jpg","type":"image\/jpeg"}],"author":"Radio Ljubu\u0161ki","twitter_card":"summary_large_image","twitter_creator":"@radioljubuski","twitter_site":"@radioljubuski","twitter_misc":{"Napisao\/la":"Radio Ljubu\u0161ki","Procijenjeno vrijeme \u010ditanja":"4 minute"},"schema":{"@context":"https:\/\/schema.org","@graph":[{"@type":"Article","@id":"https:\/\/radioljubuski.ba\/index.php\/2023\/05\/22\/trijumf-kadeta-izvidaca-na-turniru-u-livnu\/#article","isPartOf":{"@id":"https:\/\/radioljubuski.ba\/index.php\/2023\/05\/22\/trijumf-kadeta-izvidaca-na-turniru-u-livnu\/"},"author":{"name":"Radio Ljubu\u0161ki","@id":"https:\/\/radioljubuski.ba\/#\/schema\/person\/19fc700381a780f69665d7956c469e3b"},"headline":"Trijumf kadeta Izvi\u0111a\u010da na turniru u Livnu","datePublished":"2023-05-22T07:49:40+00:00","dateModified":"2023-05-22T07:53:02+00:00","mainEntityOfPage":{"@id":"https:\/\/radioljubuski.ba\/index.php\/2023\/05\/22\/trijumf-kadeta-izvidaca-na-turniru-u-livnu\/"},"wordCount":236,"publisher":{"@id":"https:\/\/radioljubuski.ba\/#organization"},"image":{"@id":"https:\/\/radioljubuski.ba\/index.php\/2023\/05\/22\/trijumf-kadeta-izvidaca-na-turniru-u-livnu\/#primaryimage"},"thumbnailUrl":"https:\/\/radioljubuski.ba\/wp-content\/uploads\/2023\/05\/1-1.jpg","articleSection":["Novosti"],"inLanguage":"hr"},{"@type":"WebPage","@id":"https:\/\/radioljubuski.ba\/index.php\/2023\/05\/22\/trijumf-kadeta-izvidaca-na-turniru-u-livnu\/","url":"https:\/\/radioljubuski.ba\/index.php\/2023\/05\/22\/trijumf-kadeta-izvidaca-na-turniru-u-livnu\/","name":"Trijumf kadeta Izvi\u0111a\u010da na turniru u Livnu - RADIO LJUBU\u0160KI","isPartOf":{"@id":"https:\/\/radioljubuski.ba\/#website"},"primaryImageOfPage":{"@id":"https:\/\/radioljubuski.ba\/index.php\/2023\/05\/22\/trijumf-kadeta-izvidaca-na-turniru-u-livnu\/#primaryimage"},"image":{"@id":"https:\/\/radioljubuski.ba\/index.php\/2023\/05\/22\/trijumf-kadeta-izvidaca-na-turniru-u-livnu\/#primaryimage"},"thumbnailUrl":"https:\/\/radioljubuski.ba\/wp-content\/uploads\/2023\/05\/1-1.jpg","datePublished":"2023-05-22T07:49:40+00:00","dateModified":"2023-05-22T07:53:02+00:00","breadcrumb":{"@id":"https:\/\/radioljubuski.ba\/index.php\/2023\/05\/22\/trijumf-kadeta-izvidaca-na-turniru-u-livnu\/#breadcrumb"},"inLanguage":"hr","potentialAction":[{"@type":"ReadAction","target":["https:\/\/radioljubuski.ba\/index.php\/2023\/05\/22\/trijumf-kadeta-izvidaca-na-turniru-u-livnu\/"]}]},{"@type":"ImageObject","inLanguage":"hr","@id":"https:\/\/radioljubuski.ba\/index.php\/2023\/05\/22\/trijumf-kadeta-izvidaca-na-turniru-u-livnu\/#primaryimage","url":"https:\/\/radioljubuski.ba\/wp-content\/uploads\/2023\/05\/1-1.jpg","contentUrl":"https:\/\/radioljubuski.ba\/wp-content\/uploads\/2023\/05\/1-1.jpg","width":960,"height":540},{"@type":"BreadcrumbList","@id":"https:\/\/radioljubuski.ba\/index.php\/2023\/05\/22\/trijumf-kadeta-izvidaca-na-turniru-u-livnu\/#breadcrumb","itemListElement":[{"@type":"ListItem","position":1,"name":"Po\u010detna stranica","item":"https:\/\/radioljubuski.ba\/"},{"@type":"ListItem","position":2,"name":"Trijumf kadeta Izvi\u0111a\u010da na turniru u Livnu"}]},{"@type":"WebSite","@id":"https:\/\/radioljubuski.ba\/#website","url":"https:\/\/radioljubuski.ba\/","name":"Radio Ljubu\u0161ki","description":"Sun\u010dana frekvencija Hercegovine","publisher":{"@id":"https:\/\/radioljubuski.ba\/#organization"},"potentialAction":[{"@type":"SearchAction","target":{"@type":"EntryPoint","urlTemplate":"https:\/\/radioljubuski.ba\/?s={search_term_string}"},"query-input":{"@type":"PropertyValueSpecification","valueRequired":true,"valueName":"search_term_string"}}],"inLanguage":"hr"},{"@type":"Organization","@id":"https:\/\/radioljubuski.ba\/#organization","name":"Radio Ljubu\u0161ki","url":"https:\/\/radioljubuski.ba\/","logo":{"@type":"ImageObject","inLanguage":"hr","@id":"https:\/\/radioljubuski.ba\/#\/schema\/logo\/image\/","url":"https:\/\/radioljubuski.ba\/wp-content\/uploads\/2021\/02\/cropped-Radio_Ljubuski_logo1.jpg","contentUrl":"https:\/\/radioljubuski.ba\/wp-content\/uploads\/2021\/02\/cropped-Radio_Ljubuski_logo1.jpg","width":512,"height":512,"caption":"Radio Ljubu\u0161ki"},"image":{"@id":"https:\/\/radioljubuski.ba\/#\/schema\/logo\/image\/"},"sameAs":["https:\/\/www.facebook.com\/Radiio-Ljubuski-1490835324566332","https:\/\/x.com\/radioljubuski","https:\/\/hr.linkedin.com\/company\/radio-ljubuski","https:\/\/www.youtube.com\/channel\/UCHYaeO_n0Db3tjNGudGpXyw"]},{"@type":"Person","@id":"https:\/\/radioljubuski.ba\/#\/schema\/person\/19fc700381a780f69665d7956c469e3b","name":"Radio Ljubu\u0161ki"}]}},"_links":{"self":[{"href":"https:\/\/radioljubuski.ba\/index.php\/wp-json\/wp\/v2\/posts\/190890","targetHints":{"allow":["GET"]}}],"collection":[{"href":"https:\/\/radioljubuski.ba\/index.php\/wp-json\/wp\/v2\/posts"}],"about":[{"href":"https:\/\/radioljubuski.ba\/index.php\/wp-json\/wp\/v2\/types\/post"}],"author":[{"embeddable":true,"href":"https:\/\/radioljubuski.ba\/index.php\/wp-json\/wp\/v2\/users\/2"}],"replies":[{"embeddable":true,"href":"https:\/\/radioljubuski.ba\/index.php\/wp-json\/wp\/v2\/comments?post=190890"}],"version-history":[{"count":2,"href":"https:\/\/radioljubuski.ba\/index.php\/wp-json\/wp\/v2\/posts\/190890\/revisions"}],"predecessor-version":[{"id":190905,"href":"https:\/\/radioljubuski.ba\/index.php\/wp-json\/wp\/v2\/posts\/190890\/revisions\/190905"}],"wp:featuredmedia":[{"embeddable":true,"href":"https:\/\/radioljubuski.ba\/index.php\/wp-json\/wp\/v2\/media\/190903"}],"wp:attachment":[{"href":"https:\/\/radioljubuski.ba\/index.php\/wp-json\/wp\/v2\/media?parent=190890"}],"wp:term":[{"taxonomy":"category","embeddable":true,"href":"https:\/\/radioljubuski.ba\/index.php\/wp-json\/wp\/v2\/categories?post=190890"},{"taxonomy":"post_tag","embeddable":true,"href":"https:\/\/radioljubuski.ba\/index.php\/wp-json\/wp\/v2\/tags?post=190890"}],"curies":[{"name":"wp","href":"https:\/\/api.w.org\/{rel}","templated":true}]}}