{"id":19105,"date":"2021-05-06T12:22:06","date_gmt":"2021-05-06T11:22:06","guid":{"rendered":"https:\/\/radioljubuski.ba\/?p=19105"},"modified":"2021-05-06T12:22:07","modified_gmt":"2021-05-06T11:22:07","slug":"capak-mjere-ce-biti-kozmeticke-ili-necemo-nista-popustiti-15-svibnja","status":"publish","type":"post","link":"https:\/\/radioljubuski.ba\/index.php\/2021\/05\/06\/capak-mjere-ce-biti-kozmeticke-ili-necemo-nista-popustiti-15-svibnja\/","title":{"rendered":"Capak: Mjere \u0107e biti kozmeti\u010dke ili ne\u0107emo ni\u0161ta popustiti 15. svibnja"},"content":{"rendered":"\n<p>Ravnatelj HZJZ-a Krunoslav Capak i njegova pomo\u0107nica Ivana Pavi\u0107 \u0160imetin stigli su u \u0160kolu narodnog zdravlja Andrija \u0160tampar u Zagrebu gdje se danas drugom dozom AstraZenece cijepe studenti medicine i stomatologije.<\/p>\n\n\n\n<p>\u201cBroj novooboljelih pada, nadamo se jo\u0161 boljoj situaciji za tjedan dana. Mjere \u0107e biti kozmeti\u010dke ili ne\u0107emo ni\u0161ta popustiti 15. svibnja, ali onda po\u010detkom lipnja bi mogli ako bude bolja epidemiolo\u0161ka situacija\u201d, rekao je Capak za N1.<\/p>\n\n\n\n<p>Izvor:N1<\/p>\n","protected":false},"excerpt":{"rendered":"<p>Ravnatelj HZJZ-a Krunoslav Capak i njegova pomo\u0107nica Ivana Pavi\u0107 \u0160imetin stigli su u \u0160kolu narodnog zdravlja Andrija \u0160tampar u Zagrebu gdje se danas drugom dozom AstraZenece cijepe studenti medicine i stomatologije. \u201cBroj novooboljelih pada, nadamo se jo\u0161 boljoj situaciji za tjedan dana. Mjere \u0107e biti kozmeti\u010dke ili ne\u0107emo ni\u0161ta popustiti 15. svibnja, ali onda po\u010detkom [&hellip;]<\/p>\n","protected":false},"author":2,"featured_media":19106,"comment_status":"closed","ping_status":"closed","sticky":false,"template":"","format":"standard","meta":{"h5ap_radio_sources":[],"footnotes":""},"categories":[1],"tags":[],"class_list":["post-19105","post","type-post","status-publish","format-standard","has-post-thumbnail","hentry","category-bihiregija"],"yoast_head":"<!-- This site is optimized with the Yoast SEO plugin v27.5 - https:\/\/yoast.com\/product\/yoast-seo-wordpress\/ -->\n<title>Capak: Mjere \u0107e biti kozmeti\u010dke ili ne\u0107emo ni\u0161ta popustiti 15. svibnja - RADIO LJUBU\u0160KI<\/title>\n<meta name=\"robots\" content=\"index, follow, max-snippet:-1, max-image-preview:large, max-video-preview:-1\" \/>\n<link rel=\"canonical\" href=\"https:\/\/radioljubuski.ba\/index.php\/2021\/05\/06\/capak-mjere-ce-biti-kozmeticke-ili-necemo-nista-popustiti-15-svibnja\/\" \/>\n<meta property=\"og:locale\" content=\"hr_HR\" \/>\n<meta property=\"og:type\" content=\"article\" \/>\n<meta property=\"og:title\" content=\"Capak: Mjere \u0107e biti kozmeti\u010dke ili ne\u0107emo ni\u0161ta popustiti 15. svibnja - RADIO LJUBU\u0160KI\" \/>\n<meta property=\"og:description\" content=\"Ravnatelj HZJZ-a Krunoslav Capak i njegova pomo\u0107nica Ivana Pavi\u0107 \u0160imetin stigli su u \u0160kolu narodnog zdravlja Andrija \u0160tampar u Zagrebu gdje se danas drugom dozom AstraZenece cijepe studenti medicine i stomatologije. \u201cBroj novooboljelih pada, nadamo se jo\u0161 boljoj situaciji za tjedan dana. Mjere \u0107e biti kozmeti\u010dke ili ne\u0107emo ni\u0161ta popustiti 15. svibnja, ali onda po\u010detkom [&hellip;]\" \/>\n<meta property=\"og:url\" content=\"https:\/\/radioljubuski.ba\/index.php\/2021\/05\/06\/capak-mjere-ce-biti-kozmeticke-ili-necemo-nista-popustiti-15-svibnja\/\" \/>\n<meta property=\"og:site_name\" content=\"RADIO LJUBU\u0160KI\" \/>\n<meta property=\"article:publisher\" content=\"https:\/\/www.facebook.com\/Radiio-Ljubuski-1490835324566332\" \/>\n<meta property=\"article:published_time\" content=\"2021-05-06T11:22:06+00:00\" \/>\n<meta property=\"article:modified_time\" content=\"2021-05-06T11:22:07+00:00\" \/>\n<meta property=\"og:image\" content=\"https:\/\/radioljubuski.ba\/wp-content\/uploads\/2021\/05\/7aFYu5Sf_capak.jpg\" \/>\n\t<meta property=\"og:image:width\" content=\"1000\" \/>\n\t<meta property=\"og:image:height\" content=\"625\" \/>\n\t<meta property=\"og:image:type\" content=\"image\/jpeg\" \/>\n<meta name=\"author\" content=\"Radio Ljubu\u0161ki\" \/>\n<meta name=\"twitter:card\" content=\"summary_large_image\" \/>\n<meta name=\"twitter:creator\" content=\"@radioljubuski\" \/>\n<meta name=\"twitter:site\" content=\"@radioljubuski\" \/>\n<meta name=\"twitter:label1\" content=\"Napisao\/la\" \/>\n\t<meta name=\"twitter:data1\" content=\"Radio Ljubu\u0161ki\" \/>\n\t<meta name=\"twitter:label2\" content=\"Procijenjeno vrijeme \u010ditanja\" \/>\n\t<meta name=\"twitter:data2\" content=\"1 minuta\" \/>\n<script type=\"application\/ld+json\" class=\"yoast-schema-graph\">{\"@context\":\"https:\\\/\\\/schema.org\",\"@graph\":[{\"@type\":\"Article\",\"@id\":\"https:\\\/\\\/radioljubuski.ba\\\/index.php\\\/2021\\\/05\\\/06\\\/capak-mjere-ce-biti-kozmeticke-ili-necemo-nista-popustiti-15-svibnja\\\/#article\",\"isPartOf\":{\"@id\":\"https:\\\/\\\/radioljubuski.ba\\\/index.php\\\/2021\\\/05\\\/06\\\/capak-mjere-ce-biti-kozmeticke-ili-necemo-nista-popustiti-15-svibnja\\\/\"},\"author\":{\"name\":\"Radio Ljubu\u0161ki\",\"@id\":\"https:\\\/\\\/radioljubuski.ba\\\/#\\\/schema\\\/person\\\/19fc700381a780f69665d7956c469e3b\"},\"headline\":\"Capak: Mjere \u0107e biti kozmeti\u010dke ili ne\u0107emo ni\u0161ta popustiti 15. svibnja\",\"datePublished\":\"2021-05-06T11:22:06+00:00\",\"dateModified\":\"2021-05-06T11:22:07+00:00\",\"mainEntityOfPage\":{\"@id\":\"https:\\\/\\\/radioljubuski.ba\\\/index.php\\\/2021\\\/05\\\/06\\\/capak-mjere-ce-biti-kozmeticke-ili-necemo-nista-popustiti-15-svibnja\\\/\"},\"wordCount\":88,\"publisher\":{\"@id\":\"https:\\\/\\\/radioljubuski.ba\\\/#organization\"},\"image\":{\"@id\":\"https:\\\/\\\/radioljubuski.ba\\\/index.php\\\/2021\\\/05\\\/06\\\/capak-mjere-ce-biti-kozmeticke-ili-necemo-nista-popustiti-15-svibnja\\\/#primaryimage\"},\"thumbnailUrl\":\"https:\\\/\\\/radioljubuski.ba\\\/wp-content\\\/uploads\\\/2021\\\/05\\\/7aFYu5Sf_capak.jpg\",\"articleSection\":[\"BIH i regija\"],\"inLanguage\":\"hr\"},{\"@type\":\"WebPage\",\"@id\":\"https:\\\/\\\/radioljubuski.ba\\\/index.php\\\/2021\\\/05\\\/06\\\/capak-mjere-ce-biti-kozmeticke-ili-necemo-nista-popustiti-15-svibnja\\\/\",\"url\":\"https:\\\/\\\/radioljubuski.ba\\\/index.php\\\/2021\\\/05\\\/06\\\/capak-mjere-ce-biti-kozmeticke-ili-necemo-nista-popustiti-15-svibnja\\\/\",\"name\":\"Capak: Mjere \u0107e biti kozmeti\u010dke ili ne\u0107emo ni\u0161ta popustiti 15. svibnja - RADIO LJUBU\u0160KI\",\"isPartOf\":{\"@id\":\"https:\\\/\\\/radioljubuski.ba\\\/#website\"},\"primaryImageOfPage\":{\"@id\":\"https:\\\/\\\/radioljubuski.ba\\\/index.php\\\/2021\\\/05\\\/06\\\/capak-mjere-ce-biti-kozmeticke-ili-necemo-nista-popustiti-15-svibnja\\\/#primaryimage\"},\"image\":{\"@id\":\"https:\\\/\\\/radioljubuski.ba\\\/index.php\\\/2021\\\/05\\\/06\\\/capak-mjere-ce-biti-kozmeticke-ili-necemo-nista-popustiti-15-svibnja\\\/#primaryimage\"},\"thumbnailUrl\":\"https:\\\/\\\/radioljubuski.ba\\\/wp-content\\\/uploads\\\/2021\\\/05\\\/7aFYu5Sf_capak.jpg\",\"datePublished\":\"2021-05-06T11:22:06+00:00\",\"dateModified\":\"2021-05-06T11:22:07+00:00\",\"breadcrumb\":{\"@id\":\"https:\\\/\\\/radioljubuski.ba\\\/index.php\\\/2021\\\/05\\\/06\\\/capak-mjere-ce-biti-kozmeticke-ili-necemo-nista-popustiti-15-svibnja\\\/#breadcrumb\"},\"inLanguage\":\"hr\",\"potentialAction\":[{\"@type\":\"ReadAction\",\"target\":[\"https:\\\/\\\/radioljubuski.ba\\\/index.php\\\/2021\\\/05\\\/06\\\/capak-mjere-ce-biti-kozmeticke-ili-necemo-nista-popustiti-15-svibnja\\\/\"]}]},{\"@type\":\"ImageObject\",\"inLanguage\":\"hr\",\"@id\":\"https:\\\/\\\/radioljubuski.ba\\\/index.php\\\/2021\\\/05\\\/06\\\/capak-mjere-ce-biti-kozmeticke-ili-necemo-nista-popustiti-15-svibnja\\\/#primaryimage\",\"url\":\"https:\\\/\\\/radioljubuski.ba\\\/wp-content\\\/uploads\\\/2021\\\/05\\\/7aFYu5Sf_capak.jpg\",\"contentUrl\":\"https:\\\/\\\/radioljubuski.ba\\\/wp-content\\\/uploads\\\/2021\\\/05\\\/7aFYu5Sf_capak.jpg\",\"width\":1000,\"height\":625},{\"@type\":\"BreadcrumbList\",\"@id\":\"https:\\\/\\\/radioljubuski.ba\\\/index.php\\\/2021\\\/05\\\/06\\\/capak-mjere-ce-biti-kozmeticke-ili-necemo-nista-popustiti-15-svibnja\\\/#breadcrumb\",\"itemListElement\":[{\"@type\":\"ListItem\",\"position\":1,\"name\":\"Po\u010detna stranica\",\"item\":\"https:\\\/\\\/radioljubuski.ba\\\/\"},{\"@type\":\"ListItem\",\"position\":2,\"name\":\"Capak: Mjere \u0107e biti kozmeti\u010dke ili ne\u0107emo ni\u0161ta popustiti 15. svibnja\"}]},{\"@type\":\"WebSite\",\"@id\":\"https:\\\/\\\/radioljubuski.ba\\\/#website\",\"url\":\"https:\\\/\\\/radioljubuski.ba\\\/\",\"name\":\"Radio Ljubu\u0161ki\",\"description\":\"Sun\u010dana frekvencija Hercegovine\",\"publisher\":{\"@id\":\"https:\\\/\\\/radioljubuski.ba\\\/#organization\"},\"potentialAction\":[{\"@type\":\"SearchAction\",\"target\":{\"@type\":\"EntryPoint\",\"urlTemplate\":\"https:\\\/\\\/radioljubuski.ba\\\/?s={search_term_string}\"},\"query-input\":{\"@type\":\"PropertyValueSpecification\",\"valueRequired\":true,\"valueName\":\"search_term_string\"}}],\"inLanguage\":\"hr\"},{\"@type\":\"Organization\",\"@id\":\"https:\\\/\\\/radioljubuski.ba\\\/#organization\",\"name\":\"Radio Ljubu\u0161ki\",\"url\":\"https:\\\/\\\/radioljubuski.ba\\\/\",\"logo\":{\"@type\":\"ImageObject\",\"inLanguage\":\"hr\",\"@id\":\"https:\\\/\\\/radioljubuski.ba\\\/#\\\/schema\\\/logo\\\/image\\\/\",\"url\":\"https:\\\/\\\/radioljubuski.ba\\\/wp-content\\\/uploads\\\/2021\\\/02\\\/cropped-Radio_Ljubuski_logo1.jpg\",\"contentUrl\":\"https:\\\/\\\/radioljubuski.ba\\\/wp-content\\\/uploads\\\/2021\\\/02\\\/cropped-Radio_Ljubuski_logo1.jpg\",\"width\":512,\"height\":512,\"caption\":\"Radio Ljubu\u0161ki\"},\"image\":{\"@id\":\"https:\\\/\\\/radioljubuski.ba\\\/#\\\/schema\\\/logo\\\/image\\\/\"},\"sameAs\":[\"https:\\\/\\\/www.facebook.com\\\/Radiio-Ljubuski-1490835324566332\",\"https:\\\/\\\/x.com\\\/radioljubuski\",\"https:\\\/\\\/hr.linkedin.com\\\/company\\\/radio-ljubuski\",\"https:\\\/\\\/www.youtube.com\\\/channel\\\/UCHYaeO_n0Db3tjNGudGpXyw\"]},{\"@type\":\"Person\",\"@id\":\"https:\\\/\\\/radioljubuski.ba\\\/#\\\/schema\\\/person\\\/19fc700381a780f69665d7956c469e3b\",\"name\":\"Radio Ljubu\u0161ki\"}]}<\/script>\n<!-- \/ Yoast SEO plugin. -->","yoast_head_json":{"title":"Capak: Mjere \u0107e biti kozmeti\u010dke ili ne\u0107emo ni\u0161ta popustiti 15. svibnja - RADIO LJUBU\u0160KI","robots":{"index":"index","follow":"follow","max-snippet":"max-snippet:-1","max-image-preview":"max-image-preview:large","max-video-preview":"max-video-preview:-1"},"canonical":"https:\/\/radioljubuski.ba\/index.php\/2021\/05\/06\/capak-mjere-ce-biti-kozmeticke-ili-necemo-nista-popustiti-15-svibnja\/","og_locale":"hr_HR","og_type":"article","og_title":"Capak: Mjere \u0107e biti kozmeti\u010dke ili ne\u0107emo ni\u0161ta popustiti 15. svibnja - RADIO LJUBU\u0160KI","og_description":"Ravnatelj HZJZ-a Krunoslav Capak i njegova pomo\u0107nica Ivana Pavi\u0107 \u0160imetin stigli su u \u0160kolu narodnog zdravlja Andrija \u0160tampar u Zagrebu gdje se danas drugom dozom AstraZenece cijepe studenti medicine i stomatologije. \u201cBroj novooboljelih pada, nadamo se jo\u0161 boljoj situaciji za tjedan dana. Mjere \u0107e biti kozmeti\u010dke ili ne\u0107emo ni\u0161ta popustiti 15. svibnja, ali onda po\u010detkom [&hellip;]","og_url":"https:\/\/radioljubuski.ba\/index.php\/2021\/05\/06\/capak-mjere-ce-biti-kozmeticke-ili-necemo-nista-popustiti-15-svibnja\/","og_site_name":"RADIO LJUBU\u0160KI","article_publisher":"https:\/\/www.facebook.com\/Radiio-Ljubuski-1490835324566332","article_published_time":"2021-05-06T11:22:06+00:00","article_modified_time":"2021-05-06T11:22:07+00:00","og_image":[{"width":1000,"height":625,"url":"https:\/\/radioljubuski.ba\/wp-content\/uploads\/2021\/05\/7aFYu5Sf_capak.jpg","type":"image\/jpeg"}],"author":"Radio Ljubu\u0161ki","twitter_card":"summary_large_image","twitter_creator":"@radioljubuski","twitter_site":"@radioljubuski","twitter_misc":{"Napisao\/la":"Radio Ljubu\u0161ki","Procijenjeno vrijeme \u010ditanja":"1 minuta"},"schema":{"@context":"https:\/\/schema.org","@graph":[{"@type":"Article","@id":"https:\/\/radioljubuski.ba\/index.php\/2021\/05\/06\/capak-mjere-ce-biti-kozmeticke-ili-necemo-nista-popustiti-15-svibnja\/#article","isPartOf":{"@id":"https:\/\/radioljubuski.ba\/index.php\/2021\/05\/06\/capak-mjere-ce-biti-kozmeticke-ili-necemo-nista-popustiti-15-svibnja\/"},"author":{"name":"Radio Ljubu\u0161ki","@id":"https:\/\/radioljubuski.ba\/#\/schema\/person\/19fc700381a780f69665d7956c469e3b"},"headline":"Capak: Mjere \u0107e biti kozmeti\u010dke ili ne\u0107emo ni\u0161ta popustiti 15. svibnja","datePublished":"2021-05-06T11:22:06+00:00","dateModified":"2021-05-06T11:22:07+00:00","mainEntityOfPage":{"@id":"https:\/\/radioljubuski.ba\/index.php\/2021\/05\/06\/capak-mjere-ce-biti-kozmeticke-ili-necemo-nista-popustiti-15-svibnja\/"},"wordCount":88,"publisher":{"@id":"https:\/\/radioljubuski.ba\/#organization"},"image":{"@id":"https:\/\/radioljubuski.ba\/index.php\/2021\/05\/06\/capak-mjere-ce-biti-kozmeticke-ili-necemo-nista-popustiti-15-svibnja\/#primaryimage"},"thumbnailUrl":"https:\/\/radioljubuski.ba\/wp-content\/uploads\/2021\/05\/7aFYu5Sf_capak.jpg","articleSection":["BIH i regija"],"inLanguage":"hr"},{"@type":"WebPage","@id":"https:\/\/radioljubuski.ba\/index.php\/2021\/05\/06\/capak-mjere-ce-biti-kozmeticke-ili-necemo-nista-popustiti-15-svibnja\/","url":"https:\/\/radioljubuski.ba\/index.php\/2021\/05\/06\/capak-mjere-ce-biti-kozmeticke-ili-necemo-nista-popustiti-15-svibnja\/","name":"Capak: Mjere \u0107e biti kozmeti\u010dke ili ne\u0107emo ni\u0161ta popustiti 15. svibnja - RADIO LJUBU\u0160KI","isPartOf":{"@id":"https:\/\/radioljubuski.ba\/#website"},"primaryImageOfPage":{"@id":"https:\/\/radioljubuski.ba\/index.php\/2021\/05\/06\/capak-mjere-ce-biti-kozmeticke-ili-necemo-nista-popustiti-15-svibnja\/#primaryimage"},"image":{"@id":"https:\/\/radioljubuski.ba\/index.php\/2021\/05\/06\/capak-mjere-ce-biti-kozmeticke-ili-necemo-nista-popustiti-15-svibnja\/#primaryimage"},"thumbnailUrl":"https:\/\/radioljubuski.ba\/wp-content\/uploads\/2021\/05\/7aFYu5Sf_capak.jpg","datePublished":"2021-05-06T11:22:06+00:00","dateModified":"2021-05-06T11:22:07+00:00","breadcrumb":{"@id":"https:\/\/radioljubuski.ba\/index.php\/2021\/05\/06\/capak-mjere-ce-biti-kozmeticke-ili-necemo-nista-popustiti-15-svibnja\/#breadcrumb"},"inLanguage":"hr","potentialAction":[{"@type":"ReadAction","target":["https:\/\/radioljubuski.ba\/index.php\/2021\/05\/06\/capak-mjere-ce-biti-kozmeticke-ili-necemo-nista-popustiti-15-svibnja\/"]}]},{"@type":"ImageObject","inLanguage":"hr","@id":"https:\/\/radioljubuski.ba\/index.php\/2021\/05\/06\/capak-mjere-ce-biti-kozmeticke-ili-necemo-nista-popustiti-15-svibnja\/#primaryimage","url":"https:\/\/radioljubuski.ba\/wp-content\/uploads\/2021\/05\/7aFYu5Sf_capak.jpg","contentUrl":"https:\/\/radioljubuski.ba\/wp-content\/uploads\/2021\/05\/7aFYu5Sf_capak.jpg","width":1000,"height":625},{"@type":"BreadcrumbList","@id":"https:\/\/radioljubuski.ba\/index.php\/2021\/05\/06\/capak-mjere-ce-biti-kozmeticke-ili-necemo-nista-popustiti-15-svibnja\/#breadcrumb","itemListElement":[{"@type":"ListItem","position":1,"name":"Po\u010detna stranica","item":"https:\/\/radioljubuski.ba\/"},{"@type":"ListItem","position":2,"name":"Capak: Mjere \u0107e biti kozmeti\u010dke ili ne\u0107emo ni\u0161ta popustiti 15. svibnja"}]},{"@type":"WebSite","@id":"https:\/\/radioljubuski.ba\/#website","url":"https:\/\/radioljubuski.ba\/","name":"Radio Ljubu\u0161ki","description":"Sun\u010dana frekvencija Hercegovine","publisher":{"@id":"https:\/\/radioljubuski.ba\/#organization"},"potentialAction":[{"@type":"SearchAction","target":{"@type":"EntryPoint","urlTemplate":"https:\/\/radioljubuski.ba\/?s={search_term_string}"},"query-input":{"@type":"PropertyValueSpecification","valueRequired":true,"valueName":"search_term_string"}}],"inLanguage":"hr"},{"@type":"Organization","@id":"https:\/\/radioljubuski.ba\/#organization","name":"Radio Ljubu\u0161ki","url":"https:\/\/radioljubuski.ba\/","logo":{"@type":"ImageObject","inLanguage":"hr","@id":"https:\/\/radioljubuski.ba\/#\/schema\/logo\/image\/","url":"https:\/\/radioljubuski.ba\/wp-content\/uploads\/2021\/02\/cropped-Radio_Ljubuski_logo1.jpg","contentUrl":"https:\/\/radioljubuski.ba\/wp-content\/uploads\/2021\/02\/cropped-Radio_Ljubuski_logo1.jpg","width":512,"height":512,"caption":"Radio Ljubu\u0161ki"},"image":{"@id":"https:\/\/radioljubuski.ba\/#\/schema\/logo\/image\/"},"sameAs":["https:\/\/www.facebook.com\/Radiio-Ljubuski-1490835324566332","https:\/\/x.com\/radioljubuski","https:\/\/hr.linkedin.com\/company\/radio-ljubuski","https:\/\/www.youtube.com\/channel\/UCHYaeO_n0Db3tjNGudGpXyw"]},{"@type":"Person","@id":"https:\/\/radioljubuski.ba\/#\/schema\/person\/19fc700381a780f69665d7956c469e3b","name":"Radio Ljubu\u0161ki"}]}},"_links":{"self":[{"href":"https:\/\/radioljubuski.ba\/index.php\/wp-json\/wp\/v2\/posts\/19105","targetHints":{"allow":["GET"]}}],"collection":[{"href":"https:\/\/radioljubuski.ba\/index.php\/wp-json\/wp\/v2\/posts"}],"about":[{"href":"https:\/\/radioljubuski.ba\/index.php\/wp-json\/wp\/v2\/types\/post"}],"author":[{"embeddable":true,"href":"https:\/\/radioljubuski.ba\/index.php\/wp-json\/wp\/v2\/users\/2"}],"replies":[{"embeddable":true,"href":"https:\/\/radioljubuski.ba\/index.php\/wp-json\/wp\/v2\/comments?post=19105"}],"version-history":[{"count":1,"href":"https:\/\/radioljubuski.ba\/index.php\/wp-json\/wp\/v2\/posts\/19105\/revisions"}],"predecessor-version":[{"id":19107,"href":"https:\/\/radioljubuski.ba\/index.php\/wp-json\/wp\/v2\/posts\/19105\/revisions\/19107"}],"wp:featuredmedia":[{"embeddable":true,"href":"https:\/\/radioljubuski.ba\/index.php\/wp-json\/wp\/v2\/media\/19106"}],"wp:attachment":[{"href":"https:\/\/radioljubuski.ba\/index.php\/wp-json\/wp\/v2\/media?parent=19105"}],"wp:term":[{"taxonomy":"category","embeddable":true,"href":"https:\/\/radioljubuski.ba\/index.php\/wp-json\/wp\/v2\/categories?post=19105"},{"taxonomy":"post_tag","embeddable":true,"href":"https:\/\/radioljubuski.ba\/index.php\/wp-json\/wp\/v2\/tags?post=19105"}],"curies":[{"name":"wp","href":"https:\/\/api.w.org\/{rel}","templated":true}]}}