{"id":191054,"date":"2023-05-24T18:30:44","date_gmt":"2023-05-24T17:30:44","guid":{"rendered":"https:\/\/radioljubuski.ba\/?p=191054"},"modified":"2023-05-25T18:37:19","modified_gmt":"2023-05-25T17:37:19","slug":"predavanje-na-temu-socijalnog-poduzetnistva","status":"publish","type":"post","link":"https:\/\/radioljubuski.ba\/index.php\/2023\/05\/24\/predavanje-na-temu-socijalnog-poduzetnistva\/","title":{"rendered":"Predavanje na temu Socijalnog poduzetni\u0161tva"},"content":{"rendered":"\n<p>Javna ustanova Centar za osobe s te\u0161ko\u0107ama u razvoju Grada Ljubu\u0161kog organizira predavanje na temu \u201eSocijalno poduzetni\u0161tvo \u2013perspektive i mogu\u0107nosti\u201c &nbsp;u \u010detvrtak 25.svibnja 2023. s po\u010detkom u 10.30 sati u hotelu Bigeste u Ljubu\u0161kom.<\/p>\n\n\n\n<p>&nbsp;Predava\u010di su :<\/p>\n\n\n\n<p>Matea Brekalo- Ravnateljica&nbsp; JU Edukacijsko rehabilitacijski centar Sveti Josip Radnik \u010citluk<\/p>\n\n\n\n<p>Mario Kara\u010di\u0107 &#8211; Ravnatelj Doma za djecu ometenu u tjelesnom\/psihi\u010dkom razvoju Marija -Na\u0161a nada \u0160iroki Brijeg<\/p>\n\n\n\n<p>Marija Kika\u0161- Ravnateljica JU Centar za osobe s te\u0161ko\u0107ama Grada Ljubu\u0161kog<\/p>\n\n\n\n<p>Veronika Pinjuh &#8211; Ravnateljica Turisti\u010dke zajednice Grada Ljubu\u0161kog<\/p>\n\n\n\n<figure class=\"wp-block-image size-large\"><img loading=\"lazy\" decoding=\"async\" width=\"1024\" height=\"577\" src=\"https:\/\/radioljubuski.ba\/wp-content\/uploads\/2023\/05\/Untitled-Facebook-Cover-1024x577.png\" alt=\"\" class=\"wp-image-191056\" srcset=\"https:\/\/radioljubuski.ba\/wp-content\/uploads\/2023\/05\/Untitled-Facebook-Cover-1024x577.png 1024w, https:\/\/radioljubuski.ba\/wp-content\/uploads\/2023\/05\/Untitled-Facebook-Cover-300x169.png 300w, https:\/\/radioljubuski.ba\/wp-content\/uploads\/2023\/05\/Untitled-Facebook-Cover-768x433.png 768w, https:\/\/radioljubuski.ba\/wp-content\/uploads\/2023\/05\/Untitled-Facebook-Cover-1536x865.png 1536w, https:\/\/radioljubuski.ba\/wp-content\/uploads\/2023\/05\/Untitled-Facebook-Cover.png 1640w\" sizes=\"auto, (max-width: 1024px) 100vw, 1024px\" \/><\/figure>\n\n\n\n<p>Predavanje ozna\u010dava dovr\u0161etak projekta kojeg je Javna ustanova Centar za osobe s te\u0161ko\u0107ama Grada Ljubu\u0161kog&nbsp; provodila u suradnji sa me\u0111unarodnim organizacijama UNICEF i USAID, rije\u010d je o projektu poticanja socijalnog poduzetni\u0161tva u sklopu kojeg je ova ustanova nabavila CNC laserski gravir pomo\u0107u kojeg korisnici Centra izra\u0111uju proizvode razli\u010dite namjene. Sam projekt je trajao devet mjeseci, na predavanju \u0107e posjetitelji imati priliku \u010duti koliko je poticanje socijalnog poduzetni\u0161tva pomoglo korisnicima centra, te koje blagodati ono donosi \u0161iroj zajednici u kreiranju socijalno osvije\u0161tenog i korektnog dru\u0161tva.<\/p>\n\n\n\n<p>Radio Ljubu\u0161ki<\/p>\n","protected":false},"excerpt":{"rendered":"<p>Javna ustanova Centar za osobe s te\u0161ko\u0107ama u razvoju Grada Ljubu\u0161kog organizira predavanje na temu \u201eSocijalno poduzetni\u0161tvo \u2013perspektive i mogu\u0107nosti\u201c &nbsp;u \u010detvrtak 25.svibnja 2023. s po\u010detkom u 10.30 sati u hotelu Bigeste u Ljubu\u0161kom. &nbsp;Predava\u010di su : Matea Brekalo- Ravnateljica&nbsp; JU Edukacijsko rehabilitacijski centar Sveti Josip Radnik \u010citluk Mario Kara\u010di\u0107 &#8211; Ravnatelj Doma za djecu [&hellip;]<\/p>\n","protected":false},"author":2,"featured_media":191055,"comment_status":"closed","ping_status":"closed","sticky":false,"template":"","format":"standard","meta":{"h5ap_radio_sources":[],"footnotes":""},"categories":[3],"tags":[],"class_list":["post-191054","post","type-post","status-publish","format-standard","has-post-thumbnail","hentry","category-ljubuski"],"yoast_head":"<!-- This site is optimized with the Yoast SEO plugin v27.4 - https:\/\/yoast.com\/product\/yoast-seo-wordpress\/ -->\n<title>Predavanje na temu Socijalnog poduzetni\u0161tva - RADIO LJUBU\u0160KI<\/title>\n<meta name=\"robots\" content=\"index, follow, max-snippet:-1, max-image-preview:large, max-video-preview:-1\" \/>\n<link rel=\"canonical\" href=\"https:\/\/radioljubuski.ba\/index.php\/2023\/05\/24\/predavanje-na-temu-socijalnog-poduzetnistva\/\" \/>\n<meta property=\"og:locale\" content=\"hr_HR\" \/>\n<meta property=\"og:type\" content=\"article\" \/>\n<meta property=\"og:title\" content=\"Predavanje na temu Socijalnog poduzetni\u0161tva - RADIO LJUBU\u0160KI\" \/>\n<meta property=\"og:description\" content=\"Javna ustanova Centar za osobe s te\u0161ko\u0107ama u razvoju Grada Ljubu\u0161kog organizira predavanje na temu \u201eSocijalno poduzetni\u0161tvo \u2013perspektive i mogu\u0107nosti\u201c &nbsp;u \u010detvrtak 25.svibnja 2023. s po\u010detkom u 10.30 sati u hotelu Bigeste u Ljubu\u0161kom. &nbsp;Predava\u010di su : Matea Brekalo- Ravnateljica&nbsp; JU Edukacijsko rehabilitacijski centar Sveti Josip Radnik \u010citluk Mario Kara\u010di\u0107 &#8211; Ravnatelj Doma za djecu [&hellip;]\" \/>\n<meta property=\"og:url\" content=\"https:\/\/radioljubuski.ba\/index.php\/2023\/05\/24\/predavanje-na-temu-socijalnog-poduzetnistva\/\" \/>\n<meta property=\"og:site_name\" content=\"RADIO LJUBU\u0160KI\" \/>\n<meta property=\"article:publisher\" content=\"https:\/\/www.facebook.com\/Radiio-Ljubuski-1490835324566332\" \/>\n<meta property=\"article:published_time\" content=\"2023-05-24T17:30:44+00:00\" \/>\n<meta property=\"article:modified_time\" content=\"2023-05-25T17:37:19+00:00\" \/>\n<meta property=\"og:image\" content=\"https:\/\/radioljubuski.ba\/wp-content\/uploads\/2023\/05\/Untitled-Facebook-Cover-Facebook-Post-Landscape.png\" \/>\n\t<meta property=\"og:image:width\" content=\"940\" \/>\n\t<meta property=\"og:image:height\" content=\"788\" \/>\n\t<meta property=\"og:image:type\" content=\"image\/png\" \/>\n<meta name=\"author\" content=\"Radio Ljubu\u0161ki\" \/>\n<meta name=\"twitter:card\" content=\"summary_large_image\" \/>\n<meta name=\"twitter:creator\" content=\"@radioljubuski\" \/>\n<meta name=\"twitter:site\" content=\"@radioljubuski\" \/>\n<meta name=\"twitter:label1\" content=\"Napisao\/la\" \/>\n\t<meta name=\"twitter:data1\" content=\"Radio Ljubu\u0161ki\" \/>\n\t<meta name=\"twitter:label2\" content=\"Procijenjeno vrijeme \u010ditanja\" \/>\n\t<meta name=\"twitter:data2\" content=\"2 minute\" \/>\n<script type=\"application\/ld+json\" class=\"yoast-schema-graph\">{\"@context\":\"https:\\\/\\\/schema.org\",\"@graph\":[{\"@type\":\"Article\",\"@id\":\"https:\\\/\\\/radioljubuski.ba\\\/index.php\\\/2023\\\/05\\\/24\\\/predavanje-na-temu-socijalnog-poduzetnistva\\\/#article\",\"isPartOf\":{\"@id\":\"https:\\\/\\\/radioljubuski.ba\\\/index.php\\\/2023\\\/05\\\/24\\\/predavanje-na-temu-socijalnog-poduzetnistva\\\/\"},\"author\":{\"name\":\"Radio Ljubu\u0161ki\",\"@id\":\"https:\\\/\\\/radioljubuski.ba\\\/#\\\/schema\\\/person\\\/19fc700381a780f69665d7956c469e3b\"},\"headline\":\"Predavanje na temu Socijalnog poduzetni\u0161tva\",\"datePublished\":\"2023-05-24T17:30:44+00:00\",\"dateModified\":\"2023-05-25T17:37:19+00:00\",\"mainEntityOfPage\":{\"@id\":\"https:\\\/\\\/radioljubuski.ba\\\/index.php\\\/2023\\\/05\\\/24\\\/predavanje-na-temu-socijalnog-poduzetnistva\\\/\"},\"wordCount\":208,\"publisher\":{\"@id\":\"https:\\\/\\\/radioljubuski.ba\\\/#organization\"},\"image\":{\"@id\":\"https:\\\/\\\/radioljubuski.ba\\\/index.php\\\/2023\\\/05\\\/24\\\/predavanje-na-temu-socijalnog-poduzetnistva\\\/#primaryimage\"},\"thumbnailUrl\":\"https:\\\/\\\/radioljubuski.ba\\\/wp-content\\\/uploads\\\/2023\\\/05\\\/Untitled-Facebook-Cover-Facebook-Post-Landscape.png\",\"articleSection\":[\"Ljubu\u0161ki\"],\"inLanguage\":\"hr\"},{\"@type\":\"WebPage\",\"@id\":\"https:\\\/\\\/radioljubuski.ba\\\/index.php\\\/2023\\\/05\\\/24\\\/predavanje-na-temu-socijalnog-poduzetnistva\\\/\",\"url\":\"https:\\\/\\\/radioljubuski.ba\\\/index.php\\\/2023\\\/05\\\/24\\\/predavanje-na-temu-socijalnog-poduzetnistva\\\/\",\"name\":\"Predavanje na temu Socijalnog poduzetni\u0161tva - RADIO LJUBU\u0160KI\",\"isPartOf\":{\"@id\":\"https:\\\/\\\/radioljubuski.ba\\\/#website\"},\"primaryImageOfPage\":{\"@id\":\"https:\\\/\\\/radioljubuski.ba\\\/index.php\\\/2023\\\/05\\\/24\\\/predavanje-na-temu-socijalnog-poduzetnistva\\\/#primaryimage\"},\"image\":{\"@id\":\"https:\\\/\\\/radioljubuski.ba\\\/index.php\\\/2023\\\/05\\\/24\\\/predavanje-na-temu-socijalnog-poduzetnistva\\\/#primaryimage\"},\"thumbnailUrl\":\"https:\\\/\\\/radioljubuski.ba\\\/wp-content\\\/uploads\\\/2023\\\/05\\\/Untitled-Facebook-Cover-Facebook-Post-Landscape.png\",\"datePublished\":\"2023-05-24T17:30:44+00:00\",\"dateModified\":\"2023-05-25T17:37:19+00:00\",\"breadcrumb\":{\"@id\":\"https:\\\/\\\/radioljubuski.ba\\\/index.php\\\/2023\\\/05\\\/24\\\/predavanje-na-temu-socijalnog-poduzetnistva\\\/#breadcrumb\"},\"inLanguage\":\"hr\",\"potentialAction\":[{\"@type\":\"ReadAction\",\"target\":[\"https:\\\/\\\/radioljubuski.ba\\\/index.php\\\/2023\\\/05\\\/24\\\/predavanje-na-temu-socijalnog-poduzetnistva\\\/\"]}]},{\"@type\":\"ImageObject\",\"inLanguage\":\"hr\",\"@id\":\"https:\\\/\\\/radioljubuski.ba\\\/index.php\\\/2023\\\/05\\\/24\\\/predavanje-na-temu-socijalnog-poduzetnistva\\\/#primaryimage\",\"url\":\"https:\\\/\\\/radioljubuski.ba\\\/wp-content\\\/uploads\\\/2023\\\/05\\\/Untitled-Facebook-Cover-Facebook-Post-Landscape.png\",\"contentUrl\":\"https:\\\/\\\/radioljubuski.ba\\\/wp-content\\\/uploads\\\/2023\\\/05\\\/Untitled-Facebook-Cover-Facebook-Post-Landscape.png\",\"width\":940,\"height\":788},{\"@type\":\"BreadcrumbList\",\"@id\":\"https:\\\/\\\/radioljubuski.ba\\\/index.php\\\/2023\\\/05\\\/24\\\/predavanje-na-temu-socijalnog-poduzetnistva\\\/#breadcrumb\",\"itemListElement\":[{\"@type\":\"ListItem\",\"position\":1,\"name\":\"Po\u010detna stranica\",\"item\":\"https:\\\/\\\/radioljubuski.ba\\\/\"},{\"@type\":\"ListItem\",\"position\":2,\"name\":\"Predavanje na temu Socijalnog poduzetni\u0161tva\"}]},{\"@type\":\"WebSite\",\"@id\":\"https:\\\/\\\/radioljubuski.ba\\\/#website\",\"url\":\"https:\\\/\\\/radioljubuski.ba\\\/\",\"name\":\"Radio Ljubu\u0161ki\",\"description\":\"Sun\u010dana frekvencija Hercegovine\",\"publisher\":{\"@id\":\"https:\\\/\\\/radioljubuski.ba\\\/#organization\"},\"potentialAction\":[{\"@type\":\"SearchAction\",\"target\":{\"@type\":\"EntryPoint\",\"urlTemplate\":\"https:\\\/\\\/radioljubuski.ba\\\/?s={search_term_string}\"},\"query-input\":{\"@type\":\"PropertyValueSpecification\",\"valueRequired\":true,\"valueName\":\"search_term_string\"}}],\"inLanguage\":\"hr\"},{\"@type\":\"Organization\",\"@id\":\"https:\\\/\\\/radioljubuski.ba\\\/#organization\",\"name\":\"Radio Ljubu\u0161ki\",\"url\":\"https:\\\/\\\/radioljubuski.ba\\\/\",\"logo\":{\"@type\":\"ImageObject\",\"inLanguage\":\"hr\",\"@id\":\"https:\\\/\\\/radioljubuski.ba\\\/#\\\/schema\\\/logo\\\/image\\\/\",\"url\":\"https:\\\/\\\/radioljubuski.ba\\\/wp-content\\\/uploads\\\/2021\\\/02\\\/cropped-Radio_Ljubuski_logo1.jpg\",\"contentUrl\":\"https:\\\/\\\/radioljubuski.ba\\\/wp-content\\\/uploads\\\/2021\\\/02\\\/cropped-Radio_Ljubuski_logo1.jpg\",\"width\":512,\"height\":512,\"caption\":\"Radio Ljubu\u0161ki\"},\"image\":{\"@id\":\"https:\\\/\\\/radioljubuski.ba\\\/#\\\/schema\\\/logo\\\/image\\\/\"},\"sameAs\":[\"https:\\\/\\\/www.facebook.com\\\/Radiio-Ljubuski-1490835324566332\",\"https:\\\/\\\/x.com\\\/radioljubuski\",\"https:\\\/\\\/hr.linkedin.com\\\/company\\\/radio-ljubuski\",\"https:\\\/\\\/www.youtube.com\\\/channel\\\/UCHYaeO_n0Db3tjNGudGpXyw\"]},{\"@type\":\"Person\",\"@id\":\"https:\\\/\\\/radioljubuski.ba\\\/#\\\/schema\\\/person\\\/19fc700381a780f69665d7956c469e3b\",\"name\":\"Radio Ljubu\u0161ki\"}]}<\/script>\n<!-- \/ Yoast SEO plugin. -->","yoast_head_json":{"title":"Predavanje na temu Socijalnog poduzetni\u0161tva - RADIO LJUBU\u0160KI","robots":{"index":"index","follow":"follow","max-snippet":"max-snippet:-1","max-image-preview":"max-image-preview:large","max-video-preview":"max-video-preview:-1"},"canonical":"https:\/\/radioljubuski.ba\/index.php\/2023\/05\/24\/predavanje-na-temu-socijalnog-poduzetnistva\/","og_locale":"hr_HR","og_type":"article","og_title":"Predavanje na temu Socijalnog poduzetni\u0161tva - RADIO LJUBU\u0160KI","og_description":"Javna ustanova Centar za osobe s te\u0161ko\u0107ama u razvoju Grada Ljubu\u0161kog organizira predavanje na temu \u201eSocijalno poduzetni\u0161tvo \u2013perspektive i mogu\u0107nosti\u201c &nbsp;u \u010detvrtak 25.svibnja 2023. s po\u010detkom u 10.30 sati u hotelu Bigeste u Ljubu\u0161kom. &nbsp;Predava\u010di su : Matea Brekalo- Ravnateljica&nbsp; JU Edukacijsko rehabilitacijski centar Sveti Josip Radnik \u010citluk Mario Kara\u010di\u0107 &#8211; Ravnatelj Doma za djecu [&hellip;]","og_url":"https:\/\/radioljubuski.ba\/index.php\/2023\/05\/24\/predavanje-na-temu-socijalnog-poduzetnistva\/","og_site_name":"RADIO LJUBU\u0160KI","article_publisher":"https:\/\/www.facebook.com\/Radiio-Ljubuski-1490835324566332","article_published_time":"2023-05-24T17:30:44+00:00","article_modified_time":"2023-05-25T17:37:19+00:00","og_image":[{"width":940,"height":788,"url":"https:\/\/radioljubuski.ba\/wp-content\/uploads\/2023\/05\/Untitled-Facebook-Cover-Facebook-Post-Landscape.png","type":"image\/png"}],"author":"Radio Ljubu\u0161ki","twitter_card":"summary_large_image","twitter_creator":"@radioljubuski","twitter_site":"@radioljubuski","twitter_misc":{"Napisao\/la":"Radio Ljubu\u0161ki","Procijenjeno vrijeme \u010ditanja":"2 minute"},"schema":{"@context":"https:\/\/schema.org","@graph":[{"@type":"Article","@id":"https:\/\/radioljubuski.ba\/index.php\/2023\/05\/24\/predavanje-na-temu-socijalnog-poduzetnistva\/#article","isPartOf":{"@id":"https:\/\/radioljubuski.ba\/index.php\/2023\/05\/24\/predavanje-na-temu-socijalnog-poduzetnistva\/"},"author":{"name":"Radio Ljubu\u0161ki","@id":"https:\/\/radioljubuski.ba\/#\/schema\/person\/19fc700381a780f69665d7956c469e3b"},"headline":"Predavanje na temu Socijalnog poduzetni\u0161tva","datePublished":"2023-05-24T17:30:44+00:00","dateModified":"2023-05-25T17:37:19+00:00","mainEntityOfPage":{"@id":"https:\/\/radioljubuski.ba\/index.php\/2023\/05\/24\/predavanje-na-temu-socijalnog-poduzetnistva\/"},"wordCount":208,"publisher":{"@id":"https:\/\/radioljubuski.ba\/#organization"},"image":{"@id":"https:\/\/radioljubuski.ba\/index.php\/2023\/05\/24\/predavanje-na-temu-socijalnog-poduzetnistva\/#primaryimage"},"thumbnailUrl":"https:\/\/radioljubuski.ba\/wp-content\/uploads\/2023\/05\/Untitled-Facebook-Cover-Facebook-Post-Landscape.png","articleSection":["Ljubu\u0161ki"],"inLanguage":"hr"},{"@type":"WebPage","@id":"https:\/\/radioljubuski.ba\/index.php\/2023\/05\/24\/predavanje-na-temu-socijalnog-poduzetnistva\/","url":"https:\/\/radioljubuski.ba\/index.php\/2023\/05\/24\/predavanje-na-temu-socijalnog-poduzetnistva\/","name":"Predavanje na temu Socijalnog poduzetni\u0161tva - RADIO LJUBU\u0160KI","isPartOf":{"@id":"https:\/\/radioljubuski.ba\/#website"},"primaryImageOfPage":{"@id":"https:\/\/radioljubuski.ba\/index.php\/2023\/05\/24\/predavanje-na-temu-socijalnog-poduzetnistva\/#primaryimage"},"image":{"@id":"https:\/\/radioljubuski.ba\/index.php\/2023\/05\/24\/predavanje-na-temu-socijalnog-poduzetnistva\/#primaryimage"},"thumbnailUrl":"https:\/\/radioljubuski.ba\/wp-content\/uploads\/2023\/05\/Untitled-Facebook-Cover-Facebook-Post-Landscape.png","datePublished":"2023-05-24T17:30:44+00:00","dateModified":"2023-05-25T17:37:19+00:00","breadcrumb":{"@id":"https:\/\/radioljubuski.ba\/index.php\/2023\/05\/24\/predavanje-na-temu-socijalnog-poduzetnistva\/#breadcrumb"},"inLanguage":"hr","potentialAction":[{"@type":"ReadAction","target":["https:\/\/radioljubuski.ba\/index.php\/2023\/05\/24\/predavanje-na-temu-socijalnog-poduzetnistva\/"]}]},{"@type":"ImageObject","inLanguage":"hr","@id":"https:\/\/radioljubuski.ba\/index.php\/2023\/05\/24\/predavanje-na-temu-socijalnog-poduzetnistva\/#primaryimage","url":"https:\/\/radioljubuski.ba\/wp-content\/uploads\/2023\/05\/Untitled-Facebook-Cover-Facebook-Post-Landscape.png","contentUrl":"https:\/\/radioljubuski.ba\/wp-content\/uploads\/2023\/05\/Untitled-Facebook-Cover-Facebook-Post-Landscape.png","width":940,"height":788},{"@type":"BreadcrumbList","@id":"https:\/\/radioljubuski.ba\/index.php\/2023\/05\/24\/predavanje-na-temu-socijalnog-poduzetnistva\/#breadcrumb","itemListElement":[{"@type":"ListItem","position":1,"name":"Po\u010detna stranica","item":"https:\/\/radioljubuski.ba\/"},{"@type":"ListItem","position":2,"name":"Predavanje na temu Socijalnog poduzetni\u0161tva"}]},{"@type":"WebSite","@id":"https:\/\/radioljubuski.ba\/#website","url":"https:\/\/radioljubuski.ba\/","name":"Radio Ljubu\u0161ki","description":"Sun\u010dana frekvencija Hercegovine","publisher":{"@id":"https:\/\/radioljubuski.ba\/#organization"},"potentialAction":[{"@type":"SearchAction","target":{"@type":"EntryPoint","urlTemplate":"https:\/\/radioljubuski.ba\/?s={search_term_string}"},"query-input":{"@type":"PropertyValueSpecification","valueRequired":true,"valueName":"search_term_string"}}],"inLanguage":"hr"},{"@type":"Organization","@id":"https:\/\/radioljubuski.ba\/#organization","name":"Radio Ljubu\u0161ki","url":"https:\/\/radioljubuski.ba\/","logo":{"@type":"ImageObject","inLanguage":"hr","@id":"https:\/\/radioljubuski.ba\/#\/schema\/logo\/image\/","url":"https:\/\/radioljubuski.ba\/wp-content\/uploads\/2021\/02\/cropped-Radio_Ljubuski_logo1.jpg","contentUrl":"https:\/\/radioljubuski.ba\/wp-content\/uploads\/2021\/02\/cropped-Radio_Ljubuski_logo1.jpg","width":512,"height":512,"caption":"Radio Ljubu\u0161ki"},"image":{"@id":"https:\/\/radioljubuski.ba\/#\/schema\/logo\/image\/"},"sameAs":["https:\/\/www.facebook.com\/Radiio-Ljubuski-1490835324566332","https:\/\/x.com\/radioljubuski","https:\/\/hr.linkedin.com\/company\/radio-ljubuski","https:\/\/www.youtube.com\/channel\/UCHYaeO_n0Db3tjNGudGpXyw"]},{"@type":"Person","@id":"https:\/\/radioljubuski.ba\/#\/schema\/person\/19fc700381a780f69665d7956c469e3b","name":"Radio Ljubu\u0161ki"}]}},"_links":{"self":[{"href":"https:\/\/radioljubuski.ba\/index.php\/wp-json\/wp\/v2\/posts\/191054","targetHints":{"allow":["GET"]}}],"collection":[{"href":"https:\/\/radioljubuski.ba\/index.php\/wp-json\/wp\/v2\/posts"}],"about":[{"href":"https:\/\/radioljubuski.ba\/index.php\/wp-json\/wp\/v2\/types\/post"}],"author":[{"embeddable":true,"href":"https:\/\/radioljubuski.ba\/index.php\/wp-json\/wp\/v2\/users\/2"}],"replies":[{"embeddable":true,"href":"https:\/\/radioljubuski.ba\/index.php\/wp-json\/wp\/v2\/comments?post=191054"}],"version-history":[{"count":2,"href":"https:\/\/radioljubuski.ba\/index.php\/wp-json\/wp\/v2\/posts\/191054\/revisions"}],"predecessor-version":[{"id":191058,"href":"https:\/\/radioljubuski.ba\/index.php\/wp-json\/wp\/v2\/posts\/191054\/revisions\/191058"}],"wp:featuredmedia":[{"embeddable":true,"href":"https:\/\/radioljubuski.ba\/index.php\/wp-json\/wp\/v2\/media\/191055"}],"wp:attachment":[{"href":"https:\/\/radioljubuski.ba\/index.php\/wp-json\/wp\/v2\/media?parent=191054"}],"wp:term":[{"taxonomy":"category","embeddable":true,"href":"https:\/\/radioljubuski.ba\/index.php\/wp-json\/wp\/v2\/categories?post=191054"},{"taxonomy":"post_tag","embeddable":true,"href":"https:\/\/radioljubuski.ba\/index.php\/wp-json\/wp\/v2\/tags?post=191054"}],"curies":[{"name":"wp","href":"https:\/\/api.w.org\/{rel}","templated":true}]}}