{"id":19114,"date":"2021-05-06T12:29:15","date_gmt":"2021-05-06T11:29:15","guid":{"rendered":"https:\/\/radioljubuski.ba\/?p=19114"},"modified":"2021-05-06T12:29:16","modified_gmt":"2021-05-06T11:29:16","slug":"u-dijelovima-hrvatske-pojavila-se-misja-groznica-nekoliko-desetaka-ljudi-zarazeno","status":"publish","type":"post","link":"https:\/\/radioljubuski.ba\/index.php\/2021\/05\/06\/u-dijelovima-hrvatske-pojavila-se-misja-groznica-nekoliko-desetaka-ljudi-zarazeno\/","title":{"rendered":"U dijelovima Hrvatske pojavila se mi\u0161ja groznica, nekoliko desetaka ljudi zara\u017eeno"},"content":{"rendered":"\n<p>Mi\u0161ja groznica pojavila se tijekom prolje\u0107a u nekim dijelovima Hrvatske, a u Gorskom kotaru je do sada potvr\u0111eno oko 40 slu\u010dajeva, najvi\u0161e u njegovom zapadnom dijelu, doznaje se iz Nastavnog zavoda za javno zdravstvo Primorsko-goranske \u017eupanije.<\/p>\n\n\n\n<p>Po rije\u010dima voditeljice ispostave tog zavoda u Delnicama, epidemiologinje Marinke Kova\u010devi\u0107, manji dio oboljelih je hospitaliziran, a ve\u0107ina se lije\u010dila ili se lije\u010di ambulantno.<\/p>\n\n\n\n<p>Najvi\u0161e oboljelih je iz zapadnog dijela Gorskog kotara \u2013 \u010cabra, Fu\u017eina, Delnica, Mrkoplja.<\/p>\n\n\n\n<p>Govore\u0107i o ovogodi\u0161njoj pojavi mi\u0161je groznice, kazala je da je pove\u0107an broj poljskih mi\u0161eva, koji prenose tu virusnu bolest, vjerojatno radi blage zime i dosta hrane, pa je tako pove\u0107ana i mogu\u0107nost zaraze kod ljudi.<\/p>\n\n\n\n<p>Mi\u0161evi u izlu\u010devinama nose virus, a ljudi u prolje\u0107e vi\u0161e borave u \u0161umi, profesionalno ili radi rekreacije, ili, pak, \u010diste spremi\u0161ta i drvarnice u kojima su mi\u0161evi boravili.<\/p>\n\n\n\n<p>Tra\u017ee\u0107i hranu, mi\u0161evi dolaze u blizinu ljudi i naselja, pa je va\u017eno ne ostavljati hranu ili ostatke hrane na mjestima na kojim bi im mogli biti dostupni.<\/p>\n\n\n\n<p><strong>Upute lije\u010dnika<\/strong><\/p>\n\n\n\n<p>Tijekom boravka u prirodi i na otvorenom potreban je oprez, a virus se, osim udisanjem, mo\u017ee prenijeti i neopranim rukama, pa potrebno prati ruke, ne dirati usta i o\u010di.<\/p>\n\n\n\n<p><br>Tako\u0111er, treba izbjegavati le\u017eanje na tlu, a pri \u010di\u0161\u0107enju spremi\u0161ta ili drvarnica preporu\u010duje se koristiti maske i rukavice.<\/p>\n\n\n\n<p>Po rije\u010dima Marinke Kova\u010devi\u0107, me\u0111u simptomima mi\u0161je groznice su povi\u0161ena tjelesna temperatura, zimica i tresavica, glavobolja, bolovi u slabinskom predjelu, odnosno u predjelu bubrega.<\/p>\n\n\n\n<p>Prema podacima iz Hrvatskog zavoda za javno zdravstvo, mi\u0161ja groznica je naziv bolesti koji se u javnosti \u010desto koristi za hemoragijsku groznicu s bubre\u017enim sindromom (HGBS). HGBS je virusna zoonoza, prvenstveno bolest \u0161umskih mi\u0161olikih glodavaca poznata kao bolest prirodnih \u017eari\u0161ta.<\/p>\n\n\n\n<p>Bolest uzrokuju hantavirusi, koji su rasprostranjeni u raznim dijelovima svijeta, u Aziji, od sjevera do juga Europe. U Hrvatskoj je bolest stalno prisutna prete\u017eito u kontinentalnim podru\u010djima, s razli\u010ditom u\u010destalo\u0161\u0107u od godine do godine.<\/p>\n\n\n\n<p>Bolest se naj\u010de\u0161\u0107e ne prenosi s \u010dovjeka na \u010dovjeka.<\/p>\n\n\n\n<p>Izvor:pogled.ba<\/p>\n","protected":false},"excerpt":{"rendered":"<p>Mi\u0161ja groznica pojavila se tijekom prolje\u0107a u nekim dijelovima Hrvatske, a u Gorskom kotaru je do sada potvr\u0111eno oko 40 slu\u010dajeva, najvi\u0161e u njegovom zapadnom dijelu, doznaje se iz Nastavnog zavoda za javno zdravstvo Primorsko-goranske \u017eupanije. Po rije\u010dima voditeljice ispostave tog zavoda u Delnicama, epidemiologinje Marinke Kova\u010devi\u0107, manji dio oboljelih je hospitaliziran, a ve\u0107ina se [&hellip;]<\/p>\n","protected":false},"author":2,"featured_media":19115,"comment_status":"closed","ping_status":"closed","sticky":false,"template":"","format":"standard","meta":{"h5ap_radio_sources":[],"footnotes":""},"categories":[1],"tags":[],"class_list":["post-19114","post","type-post","status-publish","format-standard","has-post-thumbnail","hentry","category-bihiregija"],"yoast_head":"<!-- This site is optimized with the Yoast SEO plugin v27.5 - https:\/\/yoast.com\/product\/yoast-seo-wordpress\/ -->\n<title>U dijelovima Hrvatske pojavila se mi\u0161ja groznica, nekoliko desetaka ljudi zara\u017eeno - RADIO LJUBU\u0160KI<\/title>\n<meta name=\"robots\" content=\"index, follow, max-snippet:-1, max-image-preview:large, max-video-preview:-1\" \/>\n<link rel=\"canonical\" href=\"https:\/\/radioljubuski.ba\/index.php\/2021\/05\/06\/u-dijelovima-hrvatske-pojavila-se-misja-groznica-nekoliko-desetaka-ljudi-zarazeno\/\" \/>\n<meta property=\"og:locale\" content=\"hr_HR\" \/>\n<meta property=\"og:type\" content=\"article\" \/>\n<meta property=\"og:title\" content=\"U dijelovima Hrvatske pojavila se mi\u0161ja groznica, nekoliko desetaka ljudi zara\u017eeno - RADIO LJUBU\u0160KI\" \/>\n<meta property=\"og:description\" content=\"Mi\u0161ja groznica pojavila se tijekom prolje\u0107a u nekim dijelovima Hrvatske, a u Gorskom kotaru je do sada potvr\u0111eno oko 40 slu\u010dajeva, najvi\u0161e u njegovom zapadnom dijelu, doznaje se iz Nastavnog zavoda za javno zdravstvo Primorsko-goranske \u017eupanije. Po rije\u010dima voditeljice ispostave tog zavoda u Delnicama, epidemiologinje Marinke Kova\u010devi\u0107, manji dio oboljelih je hospitaliziran, a ve\u0107ina se [&hellip;]\" \/>\n<meta property=\"og:url\" content=\"https:\/\/radioljubuski.ba\/index.php\/2021\/05\/06\/u-dijelovima-hrvatske-pojavila-se-misja-groznica-nekoliko-desetaka-ljudi-zarazeno\/\" \/>\n<meta property=\"og:site_name\" content=\"RADIO LJUBU\u0160KI\" \/>\n<meta property=\"article:publisher\" content=\"https:\/\/www.facebook.com\/Radiio-Ljubuski-1490835324566332\" \/>\n<meta property=\"article:published_time\" content=\"2021-05-06T11:29:15+00:00\" \/>\n<meta property=\"article:modified_time\" content=\"2021-05-06T11:29:16+00:00\" \/>\n<meta property=\"og:image\" content=\"https:\/\/radioljubuski.ba\/wp-content\/uploads\/2021\/05\/r6O5vMLy_misja_groznica.jpg\" \/>\n\t<meta property=\"og:image:width\" content=\"1000\" \/>\n\t<meta property=\"og:image:height\" content=\"625\" \/>\n\t<meta property=\"og:image:type\" content=\"image\/jpeg\" \/>\n<meta name=\"author\" content=\"Radio Ljubu\u0161ki\" \/>\n<meta name=\"twitter:card\" content=\"summary_large_image\" \/>\n<meta name=\"twitter:creator\" content=\"@radioljubuski\" \/>\n<meta name=\"twitter:site\" content=\"@radioljubuski\" \/>\n<meta name=\"twitter:label1\" content=\"Napisao\/la\" \/>\n\t<meta name=\"twitter:data1\" content=\"Radio Ljubu\u0161ki\" \/>\n\t<meta name=\"twitter:label2\" content=\"Procijenjeno vrijeme \u010ditanja\" \/>\n\t<meta name=\"twitter:data2\" content=\"2 minute\" \/>\n<script type=\"application\/ld+json\" class=\"yoast-schema-graph\">{\"@context\":\"https:\\\/\\\/schema.org\",\"@graph\":[{\"@type\":\"Article\",\"@id\":\"https:\\\/\\\/radioljubuski.ba\\\/index.php\\\/2021\\\/05\\\/06\\\/u-dijelovima-hrvatske-pojavila-se-misja-groznica-nekoliko-desetaka-ljudi-zarazeno\\\/#article\",\"isPartOf\":{\"@id\":\"https:\\\/\\\/radioljubuski.ba\\\/index.php\\\/2021\\\/05\\\/06\\\/u-dijelovima-hrvatske-pojavila-se-misja-groznica-nekoliko-desetaka-ljudi-zarazeno\\\/\"},\"author\":{\"name\":\"Radio Ljubu\u0161ki\",\"@id\":\"https:\\\/\\\/radioljubuski.ba\\\/#\\\/schema\\\/person\\\/19fc700381a780f69665d7956c469e3b\"},\"headline\":\"U dijelovima Hrvatske pojavila se mi\u0161ja groznica, nekoliko desetaka ljudi zara\u017eeno\",\"datePublished\":\"2021-05-06T11:29:15+00:00\",\"dateModified\":\"2021-05-06T11:29:16+00:00\",\"mainEntityOfPage\":{\"@id\":\"https:\\\/\\\/radioljubuski.ba\\\/index.php\\\/2021\\\/05\\\/06\\\/u-dijelovima-hrvatske-pojavila-se-misja-groznica-nekoliko-desetaka-ljudi-zarazeno\\\/\"},\"wordCount\":386,\"publisher\":{\"@id\":\"https:\\\/\\\/radioljubuski.ba\\\/#organization\"},\"image\":{\"@id\":\"https:\\\/\\\/radioljubuski.ba\\\/index.php\\\/2021\\\/05\\\/06\\\/u-dijelovima-hrvatske-pojavila-se-misja-groznica-nekoliko-desetaka-ljudi-zarazeno\\\/#primaryimage\"},\"thumbnailUrl\":\"https:\\\/\\\/radioljubuski.ba\\\/wp-content\\\/uploads\\\/2021\\\/05\\\/r6O5vMLy_misja_groznica.jpg\",\"articleSection\":[\"BIH i regija\"],\"inLanguage\":\"hr\"},{\"@type\":\"WebPage\",\"@id\":\"https:\\\/\\\/radioljubuski.ba\\\/index.php\\\/2021\\\/05\\\/06\\\/u-dijelovima-hrvatske-pojavila-se-misja-groznica-nekoliko-desetaka-ljudi-zarazeno\\\/\",\"url\":\"https:\\\/\\\/radioljubuski.ba\\\/index.php\\\/2021\\\/05\\\/06\\\/u-dijelovima-hrvatske-pojavila-se-misja-groznica-nekoliko-desetaka-ljudi-zarazeno\\\/\",\"name\":\"U dijelovima Hrvatske pojavila se mi\u0161ja groznica, nekoliko desetaka ljudi zara\u017eeno - RADIO LJUBU\u0160KI\",\"isPartOf\":{\"@id\":\"https:\\\/\\\/radioljubuski.ba\\\/#website\"},\"primaryImageOfPage\":{\"@id\":\"https:\\\/\\\/radioljubuski.ba\\\/index.php\\\/2021\\\/05\\\/06\\\/u-dijelovima-hrvatske-pojavila-se-misja-groznica-nekoliko-desetaka-ljudi-zarazeno\\\/#primaryimage\"},\"image\":{\"@id\":\"https:\\\/\\\/radioljubuski.ba\\\/index.php\\\/2021\\\/05\\\/06\\\/u-dijelovima-hrvatske-pojavila-se-misja-groznica-nekoliko-desetaka-ljudi-zarazeno\\\/#primaryimage\"},\"thumbnailUrl\":\"https:\\\/\\\/radioljubuski.ba\\\/wp-content\\\/uploads\\\/2021\\\/05\\\/r6O5vMLy_misja_groznica.jpg\",\"datePublished\":\"2021-05-06T11:29:15+00:00\",\"dateModified\":\"2021-05-06T11:29:16+00:00\",\"breadcrumb\":{\"@id\":\"https:\\\/\\\/radioljubuski.ba\\\/index.php\\\/2021\\\/05\\\/06\\\/u-dijelovima-hrvatske-pojavila-se-misja-groznica-nekoliko-desetaka-ljudi-zarazeno\\\/#breadcrumb\"},\"inLanguage\":\"hr\",\"potentialAction\":[{\"@type\":\"ReadAction\",\"target\":[\"https:\\\/\\\/radioljubuski.ba\\\/index.php\\\/2021\\\/05\\\/06\\\/u-dijelovima-hrvatske-pojavila-se-misja-groznica-nekoliko-desetaka-ljudi-zarazeno\\\/\"]}]},{\"@type\":\"ImageObject\",\"inLanguage\":\"hr\",\"@id\":\"https:\\\/\\\/radioljubuski.ba\\\/index.php\\\/2021\\\/05\\\/06\\\/u-dijelovima-hrvatske-pojavila-se-misja-groznica-nekoliko-desetaka-ljudi-zarazeno\\\/#primaryimage\",\"url\":\"https:\\\/\\\/radioljubuski.ba\\\/wp-content\\\/uploads\\\/2021\\\/05\\\/r6O5vMLy_misja_groznica.jpg\",\"contentUrl\":\"https:\\\/\\\/radioljubuski.ba\\\/wp-content\\\/uploads\\\/2021\\\/05\\\/r6O5vMLy_misja_groznica.jpg\",\"width\":1000,\"height\":625},{\"@type\":\"BreadcrumbList\",\"@id\":\"https:\\\/\\\/radioljubuski.ba\\\/index.php\\\/2021\\\/05\\\/06\\\/u-dijelovima-hrvatske-pojavila-se-misja-groznica-nekoliko-desetaka-ljudi-zarazeno\\\/#breadcrumb\",\"itemListElement\":[{\"@type\":\"ListItem\",\"position\":1,\"name\":\"Po\u010detna stranica\",\"item\":\"https:\\\/\\\/radioljubuski.ba\\\/\"},{\"@type\":\"ListItem\",\"position\":2,\"name\":\"U dijelovima Hrvatske pojavila se mi\u0161ja groznica, nekoliko desetaka ljudi zara\u017eeno\"}]},{\"@type\":\"WebSite\",\"@id\":\"https:\\\/\\\/radioljubuski.ba\\\/#website\",\"url\":\"https:\\\/\\\/radioljubuski.ba\\\/\",\"name\":\"Radio Ljubu\u0161ki\",\"description\":\"Sun\u010dana frekvencija Hercegovine\",\"publisher\":{\"@id\":\"https:\\\/\\\/radioljubuski.ba\\\/#organization\"},\"potentialAction\":[{\"@type\":\"SearchAction\",\"target\":{\"@type\":\"EntryPoint\",\"urlTemplate\":\"https:\\\/\\\/radioljubuski.ba\\\/?s={search_term_string}\"},\"query-input\":{\"@type\":\"PropertyValueSpecification\",\"valueRequired\":true,\"valueName\":\"search_term_string\"}}],\"inLanguage\":\"hr\"},{\"@type\":\"Organization\",\"@id\":\"https:\\\/\\\/radioljubuski.ba\\\/#organization\",\"name\":\"Radio Ljubu\u0161ki\",\"url\":\"https:\\\/\\\/radioljubuski.ba\\\/\",\"logo\":{\"@type\":\"ImageObject\",\"inLanguage\":\"hr\",\"@id\":\"https:\\\/\\\/radioljubuski.ba\\\/#\\\/schema\\\/logo\\\/image\\\/\",\"url\":\"https:\\\/\\\/radioljubuski.ba\\\/wp-content\\\/uploads\\\/2021\\\/02\\\/cropped-Radio_Ljubuski_logo1.jpg\",\"contentUrl\":\"https:\\\/\\\/radioljubuski.ba\\\/wp-content\\\/uploads\\\/2021\\\/02\\\/cropped-Radio_Ljubuski_logo1.jpg\",\"width\":512,\"height\":512,\"caption\":\"Radio Ljubu\u0161ki\"},\"image\":{\"@id\":\"https:\\\/\\\/radioljubuski.ba\\\/#\\\/schema\\\/logo\\\/image\\\/\"},\"sameAs\":[\"https:\\\/\\\/www.facebook.com\\\/Radiio-Ljubuski-1490835324566332\",\"https:\\\/\\\/x.com\\\/radioljubuski\",\"https:\\\/\\\/hr.linkedin.com\\\/company\\\/radio-ljubuski\",\"https:\\\/\\\/www.youtube.com\\\/channel\\\/UCHYaeO_n0Db3tjNGudGpXyw\"]},{\"@type\":\"Person\",\"@id\":\"https:\\\/\\\/radioljubuski.ba\\\/#\\\/schema\\\/person\\\/19fc700381a780f69665d7956c469e3b\",\"name\":\"Radio Ljubu\u0161ki\"}]}<\/script>\n<!-- \/ Yoast SEO plugin. -->","yoast_head_json":{"title":"U dijelovima Hrvatske pojavila se mi\u0161ja groznica, nekoliko desetaka ljudi zara\u017eeno - RADIO LJUBU\u0160KI","robots":{"index":"index","follow":"follow","max-snippet":"max-snippet:-1","max-image-preview":"max-image-preview:large","max-video-preview":"max-video-preview:-1"},"canonical":"https:\/\/radioljubuski.ba\/index.php\/2021\/05\/06\/u-dijelovima-hrvatske-pojavila-se-misja-groznica-nekoliko-desetaka-ljudi-zarazeno\/","og_locale":"hr_HR","og_type":"article","og_title":"U dijelovima Hrvatske pojavila se mi\u0161ja groznica, nekoliko desetaka ljudi zara\u017eeno - RADIO LJUBU\u0160KI","og_description":"Mi\u0161ja groznica pojavila se tijekom prolje\u0107a u nekim dijelovima Hrvatske, a u Gorskom kotaru je do sada potvr\u0111eno oko 40 slu\u010dajeva, najvi\u0161e u njegovom zapadnom dijelu, doznaje se iz Nastavnog zavoda za javno zdravstvo Primorsko-goranske \u017eupanije. Po rije\u010dima voditeljice ispostave tog zavoda u Delnicama, epidemiologinje Marinke Kova\u010devi\u0107, manji dio oboljelih je hospitaliziran, a ve\u0107ina se [&hellip;]","og_url":"https:\/\/radioljubuski.ba\/index.php\/2021\/05\/06\/u-dijelovima-hrvatske-pojavila-se-misja-groznica-nekoliko-desetaka-ljudi-zarazeno\/","og_site_name":"RADIO LJUBU\u0160KI","article_publisher":"https:\/\/www.facebook.com\/Radiio-Ljubuski-1490835324566332","article_published_time":"2021-05-06T11:29:15+00:00","article_modified_time":"2021-05-06T11:29:16+00:00","og_image":[{"width":1000,"height":625,"url":"https:\/\/radioljubuski.ba\/wp-content\/uploads\/2021\/05\/r6O5vMLy_misja_groznica.jpg","type":"image\/jpeg"}],"author":"Radio Ljubu\u0161ki","twitter_card":"summary_large_image","twitter_creator":"@radioljubuski","twitter_site":"@radioljubuski","twitter_misc":{"Napisao\/la":"Radio Ljubu\u0161ki","Procijenjeno vrijeme \u010ditanja":"2 minute"},"schema":{"@context":"https:\/\/schema.org","@graph":[{"@type":"Article","@id":"https:\/\/radioljubuski.ba\/index.php\/2021\/05\/06\/u-dijelovima-hrvatske-pojavila-se-misja-groznica-nekoliko-desetaka-ljudi-zarazeno\/#article","isPartOf":{"@id":"https:\/\/radioljubuski.ba\/index.php\/2021\/05\/06\/u-dijelovima-hrvatske-pojavila-se-misja-groznica-nekoliko-desetaka-ljudi-zarazeno\/"},"author":{"name":"Radio Ljubu\u0161ki","@id":"https:\/\/radioljubuski.ba\/#\/schema\/person\/19fc700381a780f69665d7956c469e3b"},"headline":"U dijelovima Hrvatske pojavila se mi\u0161ja groznica, nekoliko desetaka ljudi zara\u017eeno","datePublished":"2021-05-06T11:29:15+00:00","dateModified":"2021-05-06T11:29:16+00:00","mainEntityOfPage":{"@id":"https:\/\/radioljubuski.ba\/index.php\/2021\/05\/06\/u-dijelovima-hrvatske-pojavila-se-misja-groznica-nekoliko-desetaka-ljudi-zarazeno\/"},"wordCount":386,"publisher":{"@id":"https:\/\/radioljubuski.ba\/#organization"},"image":{"@id":"https:\/\/radioljubuski.ba\/index.php\/2021\/05\/06\/u-dijelovima-hrvatske-pojavila-se-misja-groznica-nekoliko-desetaka-ljudi-zarazeno\/#primaryimage"},"thumbnailUrl":"https:\/\/radioljubuski.ba\/wp-content\/uploads\/2021\/05\/r6O5vMLy_misja_groznica.jpg","articleSection":["BIH i regija"],"inLanguage":"hr"},{"@type":"WebPage","@id":"https:\/\/radioljubuski.ba\/index.php\/2021\/05\/06\/u-dijelovima-hrvatske-pojavila-se-misja-groznica-nekoliko-desetaka-ljudi-zarazeno\/","url":"https:\/\/radioljubuski.ba\/index.php\/2021\/05\/06\/u-dijelovima-hrvatske-pojavila-se-misja-groznica-nekoliko-desetaka-ljudi-zarazeno\/","name":"U dijelovima Hrvatske pojavila se mi\u0161ja groznica, nekoliko desetaka ljudi zara\u017eeno - RADIO LJUBU\u0160KI","isPartOf":{"@id":"https:\/\/radioljubuski.ba\/#website"},"primaryImageOfPage":{"@id":"https:\/\/radioljubuski.ba\/index.php\/2021\/05\/06\/u-dijelovima-hrvatske-pojavila-se-misja-groznica-nekoliko-desetaka-ljudi-zarazeno\/#primaryimage"},"image":{"@id":"https:\/\/radioljubuski.ba\/index.php\/2021\/05\/06\/u-dijelovima-hrvatske-pojavila-se-misja-groznica-nekoliko-desetaka-ljudi-zarazeno\/#primaryimage"},"thumbnailUrl":"https:\/\/radioljubuski.ba\/wp-content\/uploads\/2021\/05\/r6O5vMLy_misja_groznica.jpg","datePublished":"2021-05-06T11:29:15+00:00","dateModified":"2021-05-06T11:29:16+00:00","breadcrumb":{"@id":"https:\/\/radioljubuski.ba\/index.php\/2021\/05\/06\/u-dijelovima-hrvatske-pojavila-se-misja-groznica-nekoliko-desetaka-ljudi-zarazeno\/#breadcrumb"},"inLanguage":"hr","potentialAction":[{"@type":"ReadAction","target":["https:\/\/radioljubuski.ba\/index.php\/2021\/05\/06\/u-dijelovima-hrvatske-pojavila-se-misja-groznica-nekoliko-desetaka-ljudi-zarazeno\/"]}]},{"@type":"ImageObject","inLanguage":"hr","@id":"https:\/\/radioljubuski.ba\/index.php\/2021\/05\/06\/u-dijelovima-hrvatske-pojavila-se-misja-groznica-nekoliko-desetaka-ljudi-zarazeno\/#primaryimage","url":"https:\/\/radioljubuski.ba\/wp-content\/uploads\/2021\/05\/r6O5vMLy_misja_groznica.jpg","contentUrl":"https:\/\/radioljubuski.ba\/wp-content\/uploads\/2021\/05\/r6O5vMLy_misja_groznica.jpg","width":1000,"height":625},{"@type":"BreadcrumbList","@id":"https:\/\/radioljubuski.ba\/index.php\/2021\/05\/06\/u-dijelovima-hrvatske-pojavila-se-misja-groznica-nekoliko-desetaka-ljudi-zarazeno\/#breadcrumb","itemListElement":[{"@type":"ListItem","position":1,"name":"Po\u010detna stranica","item":"https:\/\/radioljubuski.ba\/"},{"@type":"ListItem","position":2,"name":"U dijelovima Hrvatske pojavila se mi\u0161ja groznica, nekoliko desetaka ljudi zara\u017eeno"}]},{"@type":"WebSite","@id":"https:\/\/radioljubuski.ba\/#website","url":"https:\/\/radioljubuski.ba\/","name":"Radio Ljubu\u0161ki","description":"Sun\u010dana frekvencija Hercegovine","publisher":{"@id":"https:\/\/radioljubuski.ba\/#organization"},"potentialAction":[{"@type":"SearchAction","target":{"@type":"EntryPoint","urlTemplate":"https:\/\/radioljubuski.ba\/?s={search_term_string}"},"query-input":{"@type":"PropertyValueSpecification","valueRequired":true,"valueName":"search_term_string"}}],"inLanguage":"hr"},{"@type":"Organization","@id":"https:\/\/radioljubuski.ba\/#organization","name":"Radio Ljubu\u0161ki","url":"https:\/\/radioljubuski.ba\/","logo":{"@type":"ImageObject","inLanguage":"hr","@id":"https:\/\/radioljubuski.ba\/#\/schema\/logo\/image\/","url":"https:\/\/radioljubuski.ba\/wp-content\/uploads\/2021\/02\/cropped-Radio_Ljubuski_logo1.jpg","contentUrl":"https:\/\/radioljubuski.ba\/wp-content\/uploads\/2021\/02\/cropped-Radio_Ljubuski_logo1.jpg","width":512,"height":512,"caption":"Radio Ljubu\u0161ki"},"image":{"@id":"https:\/\/radioljubuski.ba\/#\/schema\/logo\/image\/"},"sameAs":["https:\/\/www.facebook.com\/Radiio-Ljubuski-1490835324566332","https:\/\/x.com\/radioljubuski","https:\/\/hr.linkedin.com\/company\/radio-ljubuski","https:\/\/www.youtube.com\/channel\/UCHYaeO_n0Db3tjNGudGpXyw"]},{"@type":"Person","@id":"https:\/\/radioljubuski.ba\/#\/schema\/person\/19fc700381a780f69665d7956c469e3b","name":"Radio Ljubu\u0161ki"}]}},"_links":{"self":[{"href":"https:\/\/radioljubuski.ba\/index.php\/wp-json\/wp\/v2\/posts\/19114","targetHints":{"allow":["GET"]}}],"collection":[{"href":"https:\/\/radioljubuski.ba\/index.php\/wp-json\/wp\/v2\/posts"}],"about":[{"href":"https:\/\/radioljubuski.ba\/index.php\/wp-json\/wp\/v2\/types\/post"}],"author":[{"embeddable":true,"href":"https:\/\/radioljubuski.ba\/index.php\/wp-json\/wp\/v2\/users\/2"}],"replies":[{"embeddable":true,"href":"https:\/\/radioljubuski.ba\/index.php\/wp-json\/wp\/v2\/comments?post=19114"}],"version-history":[{"count":1,"href":"https:\/\/radioljubuski.ba\/index.php\/wp-json\/wp\/v2\/posts\/19114\/revisions"}],"predecessor-version":[{"id":19116,"href":"https:\/\/radioljubuski.ba\/index.php\/wp-json\/wp\/v2\/posts\/19114\/revisions\/19116"}],"wp:featuredmedia":[{"embeddable":true,"href":"https:\/\/radioljubuski.ba\/index.php\/wp-json\/wp\/v2\/media\/19115"}],"wp:attachment":[{"href":"https:\/\/radioljubuski.ba\/index.php\/wp-json\/wp\/v2\/media?parent=19114"}],"wp:term":[{"taxonomy":"category","embeddable":true,"href":"https:\/\/radioljubuski.ba\/index.php\/wp-json\/wp\/v2\/categories?post=19114"},{"taxonomy":"post_tag","embeddable":true,"href":"https:\/\/radioljubuski.ba\/index.php\/wp-json\/wp\/v2\/tags?post=19114"}],"curies":[{"name":"wp","href":"https:\/\/api.w.org\/{rel}","templated":true}]}}