{"id":191201,"date":"2023-05-25T13:22:48","date_gmt":"2023-05-25T12:22:48","guid":{"rendered":"https:\/\/radioljubuski.ba\/?p=191201"},"modified":"2023-05-27T09:25:06","modified_gmt":"2023-05-27T08:25:06","slug":"veliko-finale-2-malonogometnog-lovackog-turnira-gornji-ogradenici-citluk","status":"publish","type":"post","link":"https:\/\/radioljubuski.ba\/index.php\/2023\/05\/25\/veliko-finale-2-malonogometnog-lovackog-turnira-gornji-ogradenici-citluk\/","title":{"rendered":"Veliko finale 2. malonogometnog Lova\u010dkog turnira Gornji Ogra\u0111enici \u010citluk"},"content":{"rendered":"\n<p>Veliko finale 2. malonogometnog  Lova\u010dkog turnira Gornji Ogra\u0111enici \u010citluk  odr\u017eava se ovaj petak 26. svibnja na Sportskom centru Odaci.<\/p>\n\n\n\n<p> Raspored finalne ve\u010deri :<\/p>\n\n\n\n<p>21 sat &#8211;  susret za 3. mjesto <\/p>\n\n\n\n<p>Gazele Buhovo &#8211; Lova\u010dka grupa Be\u0107ari<\/p>\n\n\n\n<p>22 sata &#8211; finale                  <\/p>\n\n\n\n<p>Gater sv.Hubert- LD Rujan Ko\u010derin<\/p>\n\n\n\n<p> Uz bogatu ponudu jela i pi\u0107a organizatori su pripremili bogatu tombolu sa preko 50 vrijednih nagrada.<\/p>\n\n\n\n<figure class=\"wp-block-image size-full\"><img loading=\"lazy\" decoding=\"async\" width=\"940\" height=\"788\" src=\"https:\/\/radioljubuski.ba\/wp-content\/uploads\/2023\/05\/2.Malonogometni-1-1.png\" alt=\"\" class=\"wp-image-191203\" srcset=\"https:\/\/radioljubuski.ba\/wp-content\/uploads\/2023\/05\/2.Malonogometni-1-1.png 940w, https:\/\/radioljubuski.ba\/wp-content\/uploads\/2023\/05\/2.Malonogometni-1-1-300x251.png 300w, https:\/\/radioljubuski.ba\/wp-content\/uploads\/2023\/05\/2.Malonogometni-1-1-768x644.png 768w\" sizes=\"auto, (max-width: 940px) 100vw, 940px\" \/><\/figure>\n","protected":false},"excerpt":{"rendered":"<p>Veliko finale 2. malonogometnog Lova\u010dkog turnira Gornji Ogra\u0111enici \u010citluk odr\u017eava se ovaj petak 26. svibnja na Sportskom centru Odaci. Raspored finalne ve\u010deri : 21 sat &#8211; susret za 3. mjesto Gazele Buhovo &#8211; Lova\u010dka grupa Be\u0107ari 22 sata &#8211; finale Gater sv.Hubert- LD Rujan Ko\u010derin Uz bogatu ponudu jela i pi\u0107a organizatori su pripremili bogatu [&hellip;]<\/p>\n","protected":false},"author":2,"featured_media":191202,"comment_status":"closed","ping_status":"closed","sticky":false,"template":"","format":"standard","meta":{"h5ap_radio_sources":[],"footnotes":""},"categories":[1],"tags":[],"class_list":["post-191201","post","type-post","status-publish","format-standard","has-post-thumbnail","hentry","category-bihiregija"],"yoast_head":"<!-- This site is optimized with the Yoast SEO plugin v27.5 - https:\/\/yoast.com\/product\/yoast-seo-wordpress\/ -->\n<title>Veliko finale 2. malonogometnog Lova\u010dkog turnira Gornji Ogra\u0111enici \u010citluk - RADIO LJUBU\u0160KI<\/title>\n<meta name=\"robots\" content=\"index, follow, max-snippet:-1, max-image-preview:large, max-video-preview:-1\" \/>\n<link rel=\"canonical\" href=\"https:\/\/radioljubuski.ba\/index.php\/2023\/05\/25\/veliko-finale-2-malonogometnog-lovackog-turnira-gornji-ogradenici-citluk\/\" \/>\n<meta property=\"og:locale\" content=\"hr_HR\" \/>\n<meta property=\"og:type\" content=\"article\" \/>\n<meta property=\"og:title\" content=\"Veliko finale 2. malonogometnog Lova\u010dkog turnira Gornji Ogra\u0111enici \u010citluk - RADIO LJUBU\u0160KI\" \/>\n<meta property=\"og:description\" content=\"Veliko finale 2. malonogometnog Lova\u010dkog turnira Gornji Ogra\u0111enici \u010citluk odr\u017eava se ovaj petak 26. svibnja na Sportskom centru Odaci. Raspored finalne ve\u010deri : 21 sat &#8211; susret za 3. mjesto Gazele Buhovo &#8211; Lova\u010dka grupa Be\u0107ari 22 sata &#8211; finale Gater sv.Hubert- LD Rujan Ko\u010derin Uz bogatu ponudu jela i pi\u0107a organizatori su pripremili bogatu [&hellip;]\" \/>\n<meta property=\"og:url\" content=\"https:\/\/radioljubuski.ba\/index.php\/2023\/05\/25\/veliko-finale-2-malonogometnog-lovackog-turnira-gornji-ogradenici-citluk\/\" \/>\n<meta property=\"og:site_name\" content=\"RADIO LJUBU\u0160KI\" \/>\n<meta property=\"article:publisher\" content=\"https:\/\/www.facebook.com\/Radiio-Ljubuski-1490835324566332\" \/>\n<meta property=\"article:published_time\" content=\"2023-05-25T12:22:48+00:00\" \/>\n<meta property=\"article:modified_time\" content=\"2023-05-27T08:25:06+00:00\" \/>\n<meta property=\"og:image\" content=\"https:\/\/radioljubuski.ba\/wp-content\/uploads\/2023\/05\/2.Malonogometni-1.png\" \/>\n\t<meta property=\"og:image:width\" content=\"940\" \/>\n\t<meta property=\"og:image:height\" content=\"788\" \/>\n\t<meta property=\"og:image:type\" content=\"image\/png\" \/>\n<meta name=\"author\" content=\"Radio Ljubu\u0161ki\" \/>\n<meta name=\"twitter:card\" content=\"summary_large_image\" \/>\n<meta name=\"twitter:creator\" content=\"@radioljubuski\" \/>\n<meta name=\"twitter:site\" content=\"@radioljubuski\" \/>\n<meta name=\"twitter:label1\" content=\"Napisao\/la\" \/>\n\t<meta name=\"twitter:data1\" content=\"Radio Ljubu\u0161ki\" \/>\n\t<meta name=\"twitter:label2\" content=\"Procijenjeno vrijeme \u010ditanja\" \/>\n\t<meta name=\"twitter:data2\" content=\"1 minuta\" \/>\n<script type=\"application\/ld+json\" class=\"yoast-schema-graph\">{\"@context\":\"https:\\\/\\\/schema.org\",\"@graph\":[{\"@type\":\"Article\",\"@id\":\"https:\\\/\\\/radioljubuski.ba\\\/index.php\\\/2023\\\/05\\\/25\\\/veliko-finale-2-malonogometnog-lovackog-turnira-gornji-ogradenici-citluk\\\/#article\",\"isPartOf\":{\"@id\":\"https:\\\/\\\/radioljubuski.ba\\\/index.php\\\/2023\\\/05\\\/25\\\/veliko-finale-2-malonogometnog-lovackog-turnira-gornji-ogradenici-citluk\\\/\"},\"author\":{\"name\":\"Radio Ljubu\u0161ki\",\"@id\":\"https:\\\/\\\/radioljubuski.ba\\\/#\\\/schema\\\/person\\\/19fc700381a780f69665d7956c469e3b\"},\"headline\":\"Veliko finale 2. malonogometnog Lova\u010dkog turnira Gornji Ogra\u0111enici \u010citluk\",\"datePublished\":\"2023-05-25T12:22:48+00:00\",\"dateModified\":\"2023-05-27T08:25:06+00:00\",\"mainEntityOfPage\":{\"@id\":\"https:\\\/\\\/radioljubuski.ba\\\/index.php\\\/2023\\\/05\\\/25\\\/veliko-finale-2-malonogometnog-lovackog-turnira-gornji-ogradenici-citluk\\\/\"},\"wordCount\":73,\"publisher\":{\"@id\":\"https:\\\/\\\/radioljubuski.ba\\\/#organization\"},\"image\":{\"@id\":\"https:\\\/\\\/radioljubuski.ba\\\/index.php\\\/2023\\\/05\\\/25\\\/veliko-finale-2-malonogometnog-lovackog-turnira-gornji-ogradenici-citluk\\\/#primaryimage\"},\"thumbnailUrl\":\"https:\\\/\\\/radioljubuski.ba\\\/wp-content\\\/uploads\\\/2023\\\/05\\\/2.Malonogometni-1.png\",\"articleSection\":[\"BIH i regija\"],\"inLanguage\":\"hr\"},{\"@type\":\"WebPage\",\"@id\":\"https:\\\/\\\/radioljubuski.ba\\\/index.php\\\/2023\\\/05\\\/25\\\/veliko-finale-2-malonogometnog-lovackog-turnira-gornji-ogradenici-citluk\\\/\",\"url\":\"https:\\\/\\\/radioljubuski.ba\\\/index.php\\\/2023\\\/05\\\/25\\\/veliko-finale-2-malonogometnog-lovackog-turnira-gornji-ogradenici-citluk\\\/\",\"name\":\"Veliko finale 2. malonogometnog Lova\u010dkog turnira Gornji Ogra\u0111enici \u010citluk - RADIO LJUBU\u0160KI\",\"isPartOf\":{\"@id\":\"https:\\\/\\\/radioljubuski.ba\\\/#website\"},\"primaryImageOfPage\":{\"@id\":\"https:\\\/\\\/radioljubuski.ba\\\/index.php\\\/2023\\\/05\\\/25\\\/veliko-finale-2-malonogometnog-lovackog-turnira-gornji-ogradenici-citluk\\\/#primaryimage\"},\"image\":{\"@id\":\"https:\\\/\\\/radioljubuski.ba\\\/index.php\\\/2023\\\/05\\\/25\\\/veliko-finale-2-malonogometnog-lovackog-turnira-gornji-ogradenici-citluk\\\/#primaryimage\"},\"thumbnailUrl\":\"https:\\\/\\\/radioljubuski.ba\\\/wp-content\\\/uploads\\\/2023\\\/05\\\/2.Malonogometni-1.png\",\"datePublished\":\"2023-05-25T12:22:48+00:00\",\"dateModified\":\"2023-05-27T08:25:06+00:00\",\"breadcrumb\":{\"@id\":\"https:\\\/\\\/radioljubuski.ba\\\/index.php\\\/2023\\\/05\\\/25\\\/veliko-finale-2-malonogometnog-lovackog-turnira-gornji-ogradenici-citluk\\\/#breadcrumb\"},\"inLanguage\":\"hr\",\"potentialAction\":[{\"@type\":\"ReadAction\",\"target\":[\"https:\\\/\\\/radioljubuski.ba\\\/index.php\\\/2023\\\/05\\\/25\\\/veliko-finale-2-malonogometnog-lovackog-turnira-gornji-ogradenici-citluk\\\/\"]}]},{\"@type\":\"ImageObject\",\"inLanguage\":\"hr\",\"@id\":\"https:\\\/\\\/radioljubuski.ba\\\/index.php\\\/2023\\\/05\\\/25\\\/veliko-finale-2-malonogometnog-lovackog-turnira-gornji-ogradenici-citluk\\\/#primaryimage\",\"url\":\"https:\\\/\\\/radioljubuski.ba\\\/wp-content\\\/uploads\\\/2023\\\/05\\\/2.Malonogometni-1.png\",\"contentUrl\":\"https:\\\/\\\/radioljubuski.ba\\\/wp-content\\\/uploads\\\/2023\\\/05\\\/2.Malonogometni-1.png\",\"width\":940,\"height\":788},{\"@type\":\"BreadcrumbList\",\"@id\":\"https:\\\/\\\/radioljubuski.ba\\\/index.php\\\/2023\\\/05\\\/25\\\/veliko-finale-2-malonogometnog-lovackog-turnira-gornji-ogradenici-citluk\\\/#breadcrumb\",\"itemListElement\":[{\"@type\":\"ListItem\",\"position\":1,\"name\":\"Po\u010detna stranica\",\"item\":\"https:\\\/\\\/radioljubuski.ba\\\/\"},{\"@type\":\"ListItem\",\"position\":2,\"name\":\"Veliko finale 2. malonogometnog Lova\u010dkog turnira Gornji Ogra\u0111enici \u010citluk\"}]},{\"@type\":\"WebSite\",\"@id\":\"https:\\\/\\\/radioljubuski.ba\\\/#website\",\"url\":\"https:\\\/\\\/radioljubuski.ba\\\/\",\"name\":\"Radio Ljubu\u0161ki\",\"description\":\"Sun\u010dana frekvencija Hercegovine\",\"publisher\":{\"@id\":\"https:\\\/\\\/radioljubuski.ba\\\/#organization\"},\"potentialAction\":[{\"@type\":\"SearchAction\",\"target\":{\"@type\":\"EntryPoint\",\"urlTemplate\":\"https:\\\/\\\/radioljubuski.ba\\\/?s={search_term_string}\"},\"query-input\":{\"@type\":\"PropertyValueSpecification\",\"valueRequired\":true,\"valueName\":\"search_term_string\"}}],\"inLanguage\":\"hr\"},{\"@type\":\"Organization\",\"@id\":\"https:\\\/\\\/radioljubuski.ba\\\/#organization\",\"name\":\"Radio Ljubu\u0161ki\",\"url\":\"https:\\\/\\\/radioljubuski.ba\\\/\",\"logo\":{\"@type\":\"ImageObject\",\"inLanguage\":\"hr\",\"@id\":\"https:\\\/\\\/radioljubuski.ba\\\/#\\\/schema\\\/logo\\\/image\\\/\",\"url\":\"https:\\\/\\\/radioljubuski.ba\\\/wp-content\\\/uploads\\\/2021\\\/02\\\/cropped-Radio_Ljubuski_logo1.jpg\",\"contentUrl\":\"https:\\\/\\\/radioljubuski.ba\\\/wp-content\\\/uploads\\\/2021\\\/02\\\/cropped-Radio_Ljubuski_logo1.jpg\",\"width\":512,\"height\":512,\"caption\":\"Radio Ljubu\u0161ki\"},\"image\":{\"@id\":\"https:\\\/\\\/radioljubuski.ba\\\/#\\\/schema\\\/logo\\\/image\\\/\"},\"sameAs\":[\"https:\\\/\\\/www.facebook.com\\\/Radiio-Ljubuski-1490835324566332\",\"https:\\\/\\\/x.com\\\/radioljubuski\",\"https:\\\/\\\/hr.linkedin.com\\\/company\\\/radio-ljubuski\",\"https:\\\/\\\/www.youtube.com\\\/channel\\\/UCHYaeO_n0Db3tjNGudGpXyw\"]},{\"@type\":\"Person\",\"@id\":\"https:\\\/\\\/radioljubuski.ba\\\/#\\\/schema\\\/person\\\/19fc700381a780f69665d7956c469e3b\",\"name\":\"Radio Ljubu\u0161ki\"}]}<\/script>\n<!-- \/ Yoast SEO plugin. -->","yoast_head_json":{"title":"Veliko finale 2. malonogometnog Lova\u010dkog turnira Gornji Ogra\u0111enici \u010citluk - RADIO LJUBU\u0160KI","robots":{"index":"index","follow":"follow","max-snippet":"max-snippet:-1","max-image-preview":"max-image-preview:large","max-video-preview":"max-video-preview:-1"},"canonical":"https:\/\/radioljubuski.ba\/index.php\/2023\/05\/25\/veliko-finale-2-malonogometnog-lovackog-turnira-gornji-ogradenici-citluk\/","og_locale":"hr_HR","og_type":"article","og_title":"Veliko finale 2. malonogometnog Lova\u010dkog turnira Gornji Ogra\u0111enici \u010citluk - RADIO LJUBU\u0160KI","og_description":"Veliko finale 2. malonogometnog Lova\u010dkog turnira Gornji Ogra\u0111enici \u010citluk odr\u017eava se ovaj petak 26. svibnja na Sportskom centru Odaci. Raspored finalne ve\u010deri : 21 sat &#8211; susret za 3. mjesto Gazele Buhovo &#8211; Lova\u010dka grupa Be\u0107ari 22 sata &#8211; finale Gater sv.Hubert- LD Rujan Ko\u010derin Uz bogatu ponudu jela i pi\u0107a organizatori su pripremili bogatu [&hellip;]","og_url":"https:\/\/radioljubuski.ba\/index.php\/2023\/05\/25\/veliko-finale-2-malonogometnog-lovackog-turnira-gornji-ogradenici-citluk\/","og_site_name":"RADIO LJUBU\u0160KI","article_publisher":"https:\/\/www.facebook.com\/Radiio-Ljubuski-1490835324566332","article_published_time":"2023-05-25T12:22:48+00:00","article_modified_time":"2023-05-27T08:25:06+00:00","og_image":[{"width":940,"height":788,"url":"https:\/\/radioljubuski.ba\/wp-content\/uploads\/2023\/05\/2.Malonogometni-1.png","type":"image\/png"}],"author":"Radio Ljubu\u0161ki","twitter_card":"summary_large_image","twitter_creator":"@radioljubuski","twitter_site":"@radioljubuski","twitter_misc":{"Napisao\/la":"Radio Ljubu\u0161ki","Procijenjeno vrijeme \u010ditanja":"1 minuta"},"schema":{"@context":"https:\/\/schema.org","@graph":[{"@type":"Article","@id":"https:\/\/radioljubuski.ba\/index.php\/2023\/05\/25\/veliko-finale-2-malonogometnog-lovackog-turnira-gornji-ogradenici-citluk\/#article","isPartOf":{"@id":"https:\/\/radioljubuski.ba\/index.php\/2023\/05\/25\/veliko-finale-2-malonogometnog-lovackog-turnira-gornji-ogradenici-citluk\/"},"author":{"name":"Radio Ljubu\u0161ki","@id":"https:\/\/radioljubuski.ba\/#\/schema\/person\/19fc700381a780f69665d7956c469e3b"},"headline":"Veliko finale 2. malonogometnog Lova\u010dkog turnira Gornji Ogra\u0111enici \u010citluk","datePublished":"2023-05-25T12:22:48+00:00","dateModified":"2023-05-27T08:25:06+00:00","mainEntityOfPage":{"@id":"https:\/\/radioljubuski.ba\/index.php\/2023\/05\/25\/veliko-finale-2-malonogometnog-lovackog-turnira-gornji-ogradenici-citluk\/"},"wordCount":73,"publisher":{"@id":"https:\/\/radioljubuski.ba\/#organization"},"image":{"@id":"https:\/\/radioljubuski.ba\/index.php\/2023\/05\/25\/veliko-finale-2-malonogometnog-lovackog-turnira-gornji-ogradenici-citluk\/#primaryimage"},"thumbnailUrl":"https:\/\/radioljubuski.ba\/wp-content\/uploads\/2023\/05\/2.Malonogometni-1.png","articleSection":["BIH i regija"],"inLanguage":"hr"},{"@type":"WebPage","@id":"https:\/\/radioljubuski.ba\/index.php\/2023\/05\/25\/veliko-finale-2-malonogometnog-lovackog-turnira-gornji-ogradenici-citluk\/","url":"https:\/\/radioljubuski.ba\/index.php\/2023\/05\/25\/veliko-finale-2-malonogometnog-lovackog-turnira-gornji-ogradenici-citluk\/","name":"Veliko finale 2. malonogometnog Lova\u010dkog turnira Gornji Ogra\u0111enici \u010citluk - RADIO LJUBU\u0160KI","isPartOf":{"@id":"https:\/\/radioljubuski.ba\/#website"},"primaryImageOfPage":{"@id":"https:\/\/radioljubuski.ba\/index.php\/2023\/05\/25\/veliko-finale-2-malonogometnog-lovackog-turnira-gornji-ogradenici-citluk\/#primaryimage"},"image":{"@id":"https:\/\/radioljubuski.ba\/index.php\/2023\/05\/25\/veliko-finale-2-malonogometnog-lovackog-turnira-gornji-ogradenici-citluk\/#primaryimage"},"thumbnailUrl":"https:\/\/radioljubuski.ba\/wp-content\/uploads\/2023\/05\/2.Malonogometni-1.png","datePublished":"2023-05-25T12:22:48+00:00","dateModified":"2023-05-27T08:25:06+00:00","breadcrumb":{"@id":"https:\/\/radioljubuski.ba\/index.php\/2023\/05\/25\/veliko-finale-2-malonogometnog-lovackog-turnira-gornji-ogradenici-citluk\/#breadcrumb"},"inLanguage":"hr","potentialAction":[{"@type":"ReadAction","target":["https:\/\/radioljubuski.ba\/index.php\/2023\/05\/25\/veliko-finale-2-malonogometnog-lovackog-turnira-gornji-ogradenici-citluk\/"]}]},{"@type":"ImageObject","inLanguage":"hr","@id":"https:\/\/radioljubuski.ba\/index.php\/2023\/05\/25\/veliko-finale-2-malonogometnog-lovackog-turnira-gornji-ogradenici-citluk\/#primaryimage","url":"https:\/\/radioljubuski.ba\/wp-content\/uploads\/2023\/05\/2.Malonogometni-1.png","contentUrl":"https:\/\/radioljubuski.ba\/wp-content\/uploads\/2023\/05\/2.Malonogometni-1.png","width":940,"height":788},{"@type":"BreadcrumbList","@id":"https:\/\/radioljubuski.ba\/index.php\/2023\/05\/25\/veliko-finale-2-malonogometnog-lovackog-turnira-gornji-ogradenici-citluk\/#breadcrumb","itemListElement":[{"@type":"ListItem","position":1,"name":"Po\u010detna stranica","item":"https:\/\/radioljubuski.ba\/"},{"@type":"ListItem","position":2,"name":"Veliko finale 2. malonogometnog Lova\u010dkog turnira Gornji Ogra\u0111enici \u010citluk"}]},{"@type":"WebSite","@id":"https:\/\/radioljubuski.ba\/#website","url":"https:\/\/radioljubuski.ba\/","name":"Radio Ljubu\u0161ki","description":"Sun\u010dana frekvencija Hercegovine","publisher":{"@id":"https:\/\/radioljubuski.ba\/#organization"},"potentialAction":[{"@type":"SearchAction","target":{"@type":"EntryPoint","urlTemplate":"https:\/\/radioljubuski.ba\/?s={search_term_string}"},"query-input":{"@type":"PropertyValueSpecification","valueRequired":true,"valueName":"search_term_string"}}],"inLanguage":"hr"},{"@type":"Organization","@id":"https:\/\/radioljubuski.ba\/#organization","name":"Radio Ljubu\u0161ki","url":"https:\/\/radioljubuski.ba\/","logo":{"@type":"ImageObject","inLanguage":"hr","@id":"https:\/\/radioljubuski.ba\/#\/schema\/logo\/image\/","url":"https:\/\/radioljubuski.ba\/wp-content\/uploads\/2021\/02\/cropped-Radio_Ljubuski_logo1.jpg","contentUrl":"https:\/\/radioljubuski.ba\/wp-content\/uploads\/2021\/02\/cropped-Radio_Ljubuski_logo1.jpg","width":512,"height":512,"caption":"Radio Ljubu\u0161ki"},"image":{"@id":"https:\/\/radioljubuski.ba\/#\/schema\/logo\/image\/"},"sameAs":["https:\/\/www.facebook.com\/Radiio-Ljubuski-1490835324566332","https:\/\/x.com\/radioljubuski","https:\/\/hr.linkedin.com\/company\/radio-ljubuski","https:\/\/www.youtube.com\/channel\/UCHYaeO_n0Db3tjNGudGpXyw"]},{"@type":"Person","@id":"https:\/\/radioljubuski.ba\/#\/schema\/person\/19fc700381a780f69665d7956c469e3b","name":"Radio Ljubu\u0161ki"}]}},"_links":{"self":[{"href":"https:\/\/radioljubuski.ba\/index.php\/wp-json\/wp\/v2\/posts\/191201","targetHints":{"allow":["GET"]}}],"collection":[{"href":"https:\/\/radioljubuski.ba\/index.php\/wp-json\/wp\/v2\/posts"}],"about":[{"href":"https:\/\/radioljubuski.ba\/index.php\/wp-json\/wp\/v2\/types\/post"}],"author":[{"embeddable":true,"href":"https:\/\/radioljubuski.ba\/index.php\/wp-json\/wp\/v2\/users\/2"}],"replies":[{"embeddable":true,"href":"https:\/\/radioljubuski.ba\/index.php\/wp-json\/wp\/v2\/comments?post=191201"}],"version-history":[{"count":1,"href":"https:\/\/radioljubuski.ba\/index.php\/wp-json\/wp\/v2\/posts\/191201\/revisions"}],"predecessor-version":[{"id":191204,"href":"https:\/\/radioljubuski.ba\/index.php\/wp-json\/wp\/v2\/posts\/191201\/revisions\/191204"}],"wp:featuredmedia":[{"embeddable":true,"href":"https:\/\/radioljubuski.ba\/index.php\/wp-json\/wp\/v2\/media\/191202"}],"wp:attachment":[{"href":"https:\/\/radioljubuski.ba\/index.php\/wp-json\/wp\/v2\/media?parent=191201"}],"wp:term":[{"taxonomy":"category","embeddable":true,"href":"https:\/\/radioljubuski.ba\/index.php\/wp-json\/wp\/v2\/categories?post=191201"},{"taxonomy":"post_tag","embeddable":true,"href":"https:\/\/radioljubuski.ba\/index.php\/wp-json\/wp\/v2\/tags?post=191201"}],"curies":[{"name":"wp","href":"https:\/\/api.w.org\/{rel}","templated":true}]}}