{"id":191401,"date":"2023-05-29T13:29:36","date_gmt":"2023-05-29T12:29:36","guid":{"rendered":"https:\/\/radioljubuski.ba\/?p=191401"},"modified":"2023-05-31T07:51:26","modified_gmt":"2023-05-31T06:51:26","slug":"izlozba-slika-kristine-cavar-svetac-cijelog-svemira-veceras-na-humcu","status":"publish","type":"post","link":"https:\/\/radioljubuski.ba\/index.php\/2023\/05\/29\/izlozba-slika-kristine-cavar-svetac-cijelog-svemira-veceras-na-humcu\/","title":{"rendered":"Izlo\u017eba slika Kristine \u0106avar &#8220;Svetac cijelog svemira&#8221; ve\u010deras na Humcu"},"content":{"rendered":"\n<p>Akademska slikarica Kristina \u0106avar predstavit \u0107e ve\u010deras, u lapidariju Franjeva\u010dkog samostana sv. Ante na Humcu, s po\u010detkom u 19, 30 sati izlo\u017ebu slika \u201cSvetac cijelog svemira.\u201d<\/p>\n\n\n\n<p>Pogledajte vi\u0161e o izlo\u017ebi i umjetnici:<\/p>\n\n\n\n<p>IZLO\u017dBA:<\/p>\n\n\n\n<p>IZLO\u017dBA SLIKA : KRISTINA \u0106AVAR &nbsp;\u201cSVETAC CIJELOG SVEMIRA \u201c<\/p>\n\n\n\n<p>PONEDJELJAK 29. 5. 2023. LAPIDARIJ FRANJEVA\u010cKOG SAMOSTANA SV. ANTE NA HUMCU, LJUBU\u0160KI<\/p>\n\n\n\n<p>Katalog &#8211; Predgovor: Antonija Gudelj<\/p>\n\n\n\n<p>Oblikovanje kataloga i tehni\u010dka obrada: Kristina \u0106avar; Naslovnica: Sv. Ante s Djetetom (detalj), 2023., akril, 70 x 50 cm<\/p>\n\n\n\n<p>Nakladnik: Grad Ljubu\u0161ki, Za nakladnika: Vedran Markoti\u0107, gradona\u010delnik<\/p>\n\n\n\n<p>Glazbeni dio: Mislav Ramljak, gitara<\/p>\n\n\n\n<p>Izlo\u017ebeni postav: Tomislav Dugand\u017ei\u0107<\/p>\n\n\n\n<p>KRISTINA \u0106AVAR SVETAC CIJELOG SVEMIRA<\/p>\n\n\n\n<p>K r i s t i n a &nbsp;\u0106 a v a r Ro\u0111ena je 1. o\u017eujka 1985. u Doboju. Osnovnu \u0161kolu zavr\u0161ila je u \u017dep\u010du.<\/p>\n\n\n\n<p>Op\u0107u gimnaziju zavr\u0161ila je 2003. u Katoli\u010dkom \u0161kolskom centru \u201eDon Bosco\u201c u \u017dep\u010du.<\/p>\n\n\n\n<p>Na Akademiji likovnih umjetnosti, na \u0160irokom Brijegu diplomirala je 2008. u klasi prof. Ante Kajini\u0107a, slikarski odjel. Poslijediplomski studij Ars sacra, na istoimenoj Akademiji zavr\u0161ila je 2010. kod istog profesora.<\/p>\n\n\n\n<p>Imala je 31 samostalnu i preko 150 skupnih izlo\u017ebi.<\/p>\n\n\n\n<p>Od javnih djela autorica je vitraja sv. Josip Radnik s Djetetom, crkva na Takalama, Novi \u0160eher, oltarne slike \u201cSv. Franjo i ptice\u201d, kapela na Gole\u0161ima, Novi \u0160eher, oltarne slike \u201eRiba\u201c i \u201eAn\u0111eli u molitvi\u201c kod tabernakula u crkvi Imena Isusova, Mostarski Gradac, oltarne slike \u201cSv. Juraj\u201d, kapela sv. Juraja u Orlovom Polju, Pelagi\u0107evo, zatim ilustracija knjiga: \u201cSlabo prikovani Krist na kri\u017eu\u201d, fra \u0160imuna \u0160ite \u0106ori\u0107a, \u201cZa tvoj osmijeh, dijete\u201d, Ru\u017eice Zeljko, \u201cU suzvu\u010dju postojanja\u201d fra Vendelina Kara\u010di\u0107a, slikovnice za djecu \u201eTri an\u0111ela mala\u201c fra Vendelina Kara\u010di\u0107a, \u201eNebeski leta\u010di\u201c Milene Juki\u0107 Bandi\u0107, \u201cZvjezdice\u201d Ru\u017eice Zeljko te po\u0161tanskih markica HP d.o.o. Mostar, \u201cBo\u017ei\u0107 2011. i Nova godina\u201d, EUROPA 2015., \u201cDrvene igra\u010dke; \u0107urlik i drveni konji\u0107\u201d, \u201cDrijen u mitologiji\u201d, 2016., EUROPA 2017., \u201eTvr\u0111ave Vranduk i Po\u010ditelj\u201c , \u201cBo\u017ei\u0107 2018. i Nova godina\u201d, EUROPA 2019., Velika sjenica i plavetna sjenica te FAUNA 2021., kuna zlatica, kuna bjelica, tvor i lasica. Od 2013. je likovni koordinator i voditelj EKO KOLONIJE pri udruzi EKO ZH, udruzi za razvoj, kulturu i ekologiju. 2018. je bila umjetni\u010dki koordinator \u201ePutuju\u0107e izlo\u017ebe\u201c Humanitarne udruge fra Mladen Hrka\u0107. &#8211; Autorica nagrade za Frama Fest 2013. &#8211; Autorica je nagrade \u201eGordana Jeli\u0107 2018.\u201c za volontera godine kojeg dodjeljuje Zaklada fra Mladen Hrka\u0107. Djelo joj je dio Stalnog postava Franjeva\u010dkog muzeja i galerije \u0160iroki Brijeg.<\/p>\n\n\n\n<p>Nagrade i pohvale: \u2022 2. nagrada za najljep\u0161u po\u0161tansku markicu HP d.o.o. Mostar 2015. \u2022 pohvala za rad \u201cKozmi\u010dka uvala\u201d, 23. jesenji likovni salon, 2016., Velika Plana, Srbija \u2022 1. nagrada za najljep\u0161u po\u0161tansku markicu HP d.o.o. Mostar 2016. \u2022 pohvala za rad \u201cMi nismo sami\u201d, 4. moslava\u010dke minijature, 2017., Popova\u010da, Hrvatska \u2022 Nagrada publike, 5. internacionalni natje\u010daj malog formata, UNS Novi Sad, Srbija, 2017. \u2022 Pohvala za rad \u201eKonstelacija iznad U\u010dke\u201c, U\u010dka, Hrvatska, 2018. \u2022 priznanje za najaktivnijeg \u010dlana DHLUFBiH, Mostar, BiH, 2018. \u2022 1. nagrada za najljep\u0161u po\u0161tansku markicu HP d.o.o. Mostar 2018. \u2022 O\u010ditovanja o izvrsnosti, Zagreb Full Color \u201819, Tehni\u010dki muzej Nikola Tesla, Zagreb, Hrvatska, 2019. \u2022 Nagrada \u201cKristalna plaketa Vedrine\u201d za rad \u201cOd Dioskura do zvijezda\u201d, Mostar, 2022. Radila je u Franjeva\u010dkom muzeju i galeriji \u0160iroki Brijeg od 2016. \u2013 2020.<\/p>\n\n\n\n<p>Od 2019. je na Doktoratu Akademije likovnih umjetnosti u \u0160irokom Brijegu, Sveu\u010dili\u0161ta u Mostaru.<\/p>\n\n\n\n<p>Preuzeto od: Tomislav Dugand\u017ei\u0107<\/p>\n\n\n\n<p>Radio Ljubu\u0161ki<\/p>\n","protected":false},"excerpt":{"rendered":"<p>Akademska slikarica Kristina \u0106avar predstavit \u0107e ve\u010deras, u lapidariju Franjeva\u010dkog samostana sv. Ante na Humcu, s po\u010detkom u 19, 30 sati izlo\u017ebu slika \u201cSvetac cijelog svemira.\u201d Pogledajte vi\u0161e o izlo\u017ebi i umjetnici: IZLO\u017dBA: IZLO\u017dBA SLIKA : KRISTINA \u0106AVAR &nbsp;\u201cSVETAC CIJELOG SVEMIRA \u201c PONEDJELJAK 29. 5. 2023. LAPIDARIJ FRANJEVA\u010cKOG SAMOSTANA SV. ANTE NA HUMCU, LJUBU\u0160KI Katalog [&hellip;]<\/p>\n","protected":false},"author":2,"featured_media":191402,"comment_status":"closed","ping_status":"closed","sticky":false,"template":"","format":"standard","meta":{"h5ap_radio_sources":[],"footnotes":""},"categories":[33],"tags":[],"class_list":["post-191401","post","type-post","status-publish","format-standard","has-post-thumbnail","hentry","category-kultura"],"yoast_head":"<!-- This site is optimized with the Yoast SEO plugin v27.5 - https:\/\/yoast.com\/product\/yoast-seo-wordpress\/ -->\n<title>Izlo\u017eba slika Kristine \u0106avar &quot;Svetac cijelog svemira&quot; ve\u010deras na Humcu - RADIO LJUBU\u0160KI<\/title>\n<meta name=\"robots\" content=\"index, follow, max-snippet:-1, max-image-preview:large, max-video-preview:-1\" \/>\n<link rel=\"canonical\" href=\"https:\/\/radioljubuski.ba\/index.php\/2023\/05\/29\/izlozba-slika-kristine-cavar-svetac-cijelog-svemira-veceras-na-humcu\/\" \/>\n<meta property=\"og:locale\" content=\"hr_HR\" \/>\n<meta property=\"og:type\" content=\"article\" \/>\n<meta property=\"og:title\" content=\"Izlo\u017eba slika Kristine \u0106avar &quot;Svetac cijelog svemira&quot; ve\u010deras na Humcu - RADIO LJUBU\u0160KI\" \/>\n<meta property=\"og:description\" content=\"Akademska slikarica Kristina \u0106avar predstavit \u0107e ve\u010deras, u lapidariju Franjeva\u010dkog samostana sv. Ante na Humcu, s po\u010detkom u 19, 30 sati izlo\u017ebu slika \u201cSvetac cijelog svemira.\u201d Pogledajte vi\u0161e o izlo\u017ebi i umjetnici: IZLO\u017dBA: IZLO\u017dBA SLIKA : KRISTINA \u0106AVAR &nbsp;\u201cSVETAC CIJELOG SVEMIRA \u201c PONEDJELJAK 29. 5. 2023. LAPIDARIJ FRANJEVA\u010cKOG SAMOSTANA SV. ANTE NA HUMCU, LJUBU\u0160KI Katalog [&hellip;]\" \/>\n<meta property=\"og:url\" content=\"https:\/\/radioljubuski.ba\/index.php\/2023\/05\/29\/izlozba-slika-kristine-cavar-svetac-cijelog-svemira-veceras-na-humcu\/\" \/>\n<meta property=\"og:site_name\" content=\"RADIO LJUBU\u0160KI\" \/>\n<meta property=\"article:publisher\" content=\"https:\/\/www.facebook.com\/Radiio-Ljubuski-1490835324566332\" \/>\n<meta property=\"article:published_time\" content=\"2023-05-29T12:29:36+00:00\" \/>\n<meta property=\"article:modified_time\" content=\"2023-05-31T06:51:26+00:00\" \/>\n<meta property=\"og:image\" content=\"https:\/\/radioljubuski.ba\/wp-content\/uploads\/2023\/05\/Izlozba-Kristina-Cavar.jpg\" \/>\n\t<meta property=\"og:image:width\" content=\"2480\" \/>\n\t<meta property=\"og:image:height\" content=\"1181\" \/>\n\t<meta property=\"og:image:type\" content=\"image\/jpeg\" \/>\n<meta name=\"author\" content=\"Radio Ljubu\u0161ki\" \/>\n<meta name=\"twitter:card\" content=\"summary_large_image\" \/>\n<meta name=\"twitter:creator\" content=\"@radioljubuski\" \/>\n<meta name=\"twitter:site\" content=\"@radioljubuski\" \/>\n<meta name=\"twitter:label1\" content=\"Napisao\/la\" \/>\n\t<meta name=\"twitter:data1\" content=\"Radio Ljubu\u0161ki\" \/>\n\t<meta name=\"twitter:label2\" content=\"Procijenjeno vrijeme \u010ditanja\" \/>\n\t<meta name=\"twitter:data2\" content=\"3 minute\" \/>\n<script type=\"application\/ld+json\" class=\"yoast-schema-graph\">{\"@context\":\"https:\\\/\\\/schema.org\",\"@graph\":[{\"@type\":\"Article\",\"@id\":\"https:\\\/\\\/radioljubuski.ba\\\/index.php\\\/2023\\\/05\\\/29\\\/izlozba-slika-kristine-cavar-svetac-cijelog-svemira-veceras-na-humcu\\\/#article\",\"isPartOf\":{\"@id\":\"https:\\\/\\\/radioljubuski.ba\\\/index.php\\\/2023\\\/05\\\/29\\\/izlozba-slika-kristine-cavar-svetac-cijelog-svemira-veceras-na-humcu\\\/\"},\"author\":{\"name\":\"Radio Ljubu\u0161ki\",\"@id\":\"https:\\\/\\\/radioljubuski.ba\\\/#\\\/schema\\\/person\\\/19fc700381a780f69665d7956c469e3b\"},\"headline\":\"Izlo\u017eba slika Kristine \u0106avar &#8220;Svetac cijelog svemira&#8221; ve\u010deras na Humcu\",\"datePublished\":\"2023-05-29T12:29:36+00:00\",\"dateModified\":\"2023-05-31T06:51:26+00:00\",\"mainEntityOfPage\":{\"@id\":\"https:\\\/\\\/radioljubuski.ba\\\/index.php\\\/2023\\\/05\\\/29\\\/izlozba-slika-kristine-cavar-svetac-cijelog-svemira-veceras-na-humcu\\\/\"},\"wordCount\":576,\"publisher\":{\"@id\":\"https:\\\/\\\/radioljubuski.ba\\\/#organization\"},\"image\":{\"@id\":\"https:\\\/\\\/radioljubuski.ba\\\/index.php\\\/2023\\\/05\\\/29\\\/izlozba-slika-kristine-cavar-svetac-cijelog-svemira-veceras-na-humcu\\\/#primaryimage\"},\"thumbnailUrl\":\"https:\\\/\\\/radioljubuski.ba\\\/wp-content\\\/uploads\\\/2023\\\/05\\\/Izlozba-Kristina-Cavar.jpg\",\"articleSection\":[\"Kultura\"],\"inLanguage\":\"hr\"},{\"@type\":\"WebPage\",\"@id\":\"https:\\\/\\\/radioljubuski.ba\\\/index.php\\\/2023\\\/05\\\/29\\\/izlozba-slika-kristine-cavar-svetac-cijelog-svemira-veceras-na-humcu\\\/\",\"url\":\"https:\\\/\\\/radioljubuski.ba\\\/index.php\\\/2023\\\/05\\\/29\\\/izlozba-slika-kristine-cavar-svetac-cijelog-svemira-veceras-na-humcu\\\/\",\"name\":\"Izlo\u017eba slika Kristine \u0106avar \\\"Svetac cijelog svemira\\\" ve\u010deras na Humcu - RADIO LJUBU\u0160KI\",\"isPartOf\":{\"@id\":\"https:\\\/\\\/radioljubuski.ba\\\/#website\"},\"primaryImageOfPage\":{\"@id\":\"https:\\\/\\\/radioljubuski.ba\\\/index.php\\\/2023\\\/05\\\/29\\\/izlozba-slika-kristine-cavar-svetac-cijelog-svemira-veceras-na-humcu\\\/#primaryimage\"},\"image\":{\"@id\":\"https:\\\/\\\/radioljubuski.ba\\\/index.php\\\/2023\\\/05\\\/29\\\/izlozba-slika-kristine-cavar-svetac-cijelog-svemira-veceras-na-humcu\\\/#primaryimage\"},\"thumbnailUrl\":\"https:\\\/\\\/radioljubuski.ba\\\/wp-content\\\/uploads\\\/2023\\\/05\\\/Izlozba-Kristina-Cavar.jpg\",\"datePublished\":\"2023-05-29T12:29:36+00:00\",\"dateModified\":\"2023-05-31T06:51:26+00:00\",\"breadcrumb\":{\"@id\":\"https:\\\/\\\/radioljubuski.ba\\\/index.php\\\/2023\\\/05\\\/29\\\/izlozba-slika-kristine-cavar-svetac-cijelog-svemira-veceras-na-humcu\\\/#breadcrumb\"},\"inLanguage\":\"hr\",\"potentialAction\":[{\"@type\":\"ReadAction\",\"target\":[\"https:\\\/\\\/radioljubuski.ba\\\/index.php\\\/2023\\\/05\\\/29\\\/izlozba-slika-kristine-cavar-svetac-cijelog-svemira-veceras-na-humcu\\\/\"]}]},{\"@type\":\"ImageObject\",\"inLanguage\":\"hr\",\"@id\":\"https:\\\/\\\/radioljubuski.ba\\\/index.php\\\/2023\\\/05\\\/29\\\/izlozba-slika-kristine-cavar-svetac-cijelog-svemira-veceras-na-humcu\\\/#primaryimage\",\"url\":\"https:\\\/\\\/radioljubuski.ba\\\/wp-content\\\/uploads\\\/2023\\\/05\\\/Izlozba-Kristina-Cavar.jpg\",\"contentUrl\":\"https:\\\/\\\/radioljubuski.ba\\\/wp-content\\\/uploads\\\/2023\\\/05\\\/Izlozba-Kristina-Cavar.jpg\",\"width\":2480,\"height\":1181},{\"@type\":\"BreadcrumbList\",\"@id\":\"https:\\\/\\\/radioljubuski.ba\\\/index.php\\\/2023\\\/05\\\/29\\\/izlozba-slika-kristine-cavar-svetac-cijelog-svemira-veceras-na-humcu\\\/#breadcrumb\",\"itemListElement\":[{\"@type\":\"ListItem\",\"position\":1,\"name\":\"Po\u010detna stranica\",\"item\":\"https:\\\/\\\/radioljubuski.ba\\\/\"},{\"@type\":\"ListItem\",\"position\":2,\"name\":\"Izlo\u017eba slika Kristine \u0106avar &#8220;Svetac cijelog svemira&#8221; ve\u010deras na Humcu\"}]},{\"@type\":\"WebSite\",\"@id\":\"https:\\\/\\\/radioljubuski.ba\\\/#website\",\"url\":\"https:\\\/\\\/radioljubuski.ba\\\/\",\"name\":\"Radio Ljubu\u0161ki\",\"description\":\"Sun\u010dana frekvencija Hercegovine\",\"publisher\":{\"@id\":\"https:\\\/\\\/radioljubuski.ba\\\/#organization\"},\"potentialAction\":[{\"@type\":\"SearchAction\",\"target\":{\"@type\":\"EntryPoint\",\"urlTemplate\":\"https:\\\/\\\/radioljubuski.ba\\\/?s={search_term_string}\"},\"query-input\":{\"@type\":\"PropertyValueSpecification\",\"valueRequired\":true,\"valueName\":\"search_term_string\"}}],\"inLanguage\":\"hr\"},{\"@type\":\"Organization\",\"@id\":\"https:\\\/\\\/radioljubuski.ba\\\/#organization\",\"name\":\"Radio Ljubu\u0161ki\",\"url\":\"https:\\\/\\\/radioljubuski.ba\\\/\",\"logo\":{\"@type\":\"ImageObject\",\"inLanguage\":\"hr\",\"@id\":\"https:\\\/\\\/radioljubuski.ba\\\/#\\\/schema\\\/logo\\\/image\\\/\",\"url\":\"https:\\\/\\\/radioljubuski.ba\\\/wp-content\\\/uploads\\\/2021\\\/02\\\/cropped-Radio_Ljubuski_logo1.jpg\",\"contentUrl\":\"https:\\\/\\\/radioljubuski.ba\\\/wp-content\\\/uploads\\\/2021\\\/02\\\/cropped-Radio_Ljubuski_logo1.jpg\",\"width\":512,\"height\":512,\"caption\":\"Radio Ljubu\u0161ki\"},\"image\":{\"@id\":\"https:\\\/\\\/radioljubuski.ba\\\/#\\\/schema\\\/logo\\\/image\\\/\"},\"sameAs\":[\"https:\\\/\\\/www.facebook.com\\\/Radiio-Ljubuski-1490835324566332\",\"https:\\\/\\\/x.com\\\/radioljubuski\",\"https:\\\/\\\/hr.linkedin.com\\\/company\\\/radio-ljubuski\",\"https:\\\/\\\/www.youtube.com\\\/channel\\\/UCHYaeO_n0Db3tjNGudGpXyw\"]},{\"@type\":\"Person\",\"@id\":\"https:\\\/\\\/radioljubuski.ba\\\/#\\\/schema\\\/person\\\/19fc700381a780f69665d7956c469e3b\",\"name\":\"Radio Ljubu\u0161ki\"}]}<\/script>\n<!-- \/ Yoast SEO plugin. -->","yoast_head_json":{"title":"Izlo\u017eba slika Kristine \u0106avar \"Svetac cijelog svemira\" ve\u010deras na Humcu - RADIO LJUBU\u0160KI","robots":{"index":"index","follow":"follow","max-snippet":"max-snippet:-1","max-image-preview":"max-image-preview:large","max-video-preview":"max-video-preview:-1"},"canonical":"https:\/\/radioljubuski.ba\/index.php\/2023\/05\/29\/izlozba-slika-kristine-cavar-svetac-cijelog-svemira-veceras-na-humcu\/","og_locale":"hr_HR","og_type":"article","og_title":"Izlo\u017eba slika Kristine \u0106avar \"Svetac cijelog svemira\" ve\u010deras na Humcu - RADIO LJUBU\u0160KI","og_description":"Akademska slikarica Kristina \u0106avar predstavit \u0107e ve\u010deras, u lapidariju Franjeva\u010dkog samostana sv. Ante na Humcu, s po\u010detkom u 19, 30 sati izlo\u017ebu slika \u201cSvetac cijelog svemira.\u201d Pogledajte vi\u0161e o izlo\u017ebi i umjetnici: IZLO\u017dBA: IZLO\u017dBA SLIKA : KRISTINA \u0106AVAR &nbsp;\u201cSVETAC CIJELOG SVEMIRA \u201c PONEDJELJAK 29. 5. 2023. LAPIDARIJ FRANJEVA\u010cKOG SAMOSTANA SV. ANTE NA HUMCU, LJUBU\u0160KI Katalog [&hellip;]","og_url":"https:\/\/radioljubuski.ba\/index.php\/2023\/05\/29\/izlozba-slika-kristine-cavar-svetac-cijelog-svemira-veceras-na-humcu\/","og_site_name":"RADIO LJUBU\u0160KI","article_publisher":"https:\/\/www.facebook.com\/Radiio-Ljubuski-1490835324566332","article_published_time":"2023-05-29T12:29:36+00:00","article_modified_time":"2023-05-31T06:51:26+00:00","og_image":[{"width":2480,"height":1181,"url":"https:\/\/radioljubuski.ba\/wp-content\/uploads\/2023\/05\/Izlozba-Kristina-Cavar.jpg","type":"image\/jpeg"}],"author":"Radio Ljubu\u0161ki","twitter_card":"summary_large_image","twitter_creator":"@radioljubuski","twitter_site":"@radioljubuski","twitter_misc":{"Napisao\/la":"Radio Ljubu\u0161ki","Procijenjeno vrijeme \u010ditanja":"3 minute"},"schema":{"@context":"https:\/\/schema.org","@graph":[{"@type":"Article","@id":"https:\/\/radioljubuski.ba\/index.php\/2023\/05\/29\/izlozba-slika-kristine-cavar-svetac-cijelog-svemira-veceras-na-humcu\/#article","isPartOf":{"@id":"https:\/\/radioljubuski.ba\/index.php\/2023\/05\/29\/izlozba-slika-kristine-cavar-svetac-cijelog-svemira-veceras-na-humcu\/"},"author":{"name":"Radio Ljubu\u0161ki","@id":"https:\/\/radioljubuski.ba\/#\/schema\/person\/19fc700381a780f69665d7956c469e3b"},"headline":"Izlo\u017eba slika Kristine \u0106avar &#8220;Svetac cijelog svemira&#8221; ve\u010deras na Humcu","datePublished":"2023-05-29T12:29:36+00:00","dateModified":"2023-05-31T06:51:26+00:00","mainEntityOfPage":{"@id":"https:\/\/radioljubuski.ba\/index.php\/2023\/05\/29\/izlozba-slika-kristine-cavar-svetac-cijelog-svemira-veceras-na-humcu\/"},"wordCount":576,"publisher":{"@id":"https:\/\/radioljubuski.ba\/#organization"},"image":{"@id":"https:\/\/radioljubuski.ba\/index.php\/2023\/05\/29\/izlozba-slika-kristine-cavar-svetac-cijelog-svemira-veceras-na-humcu\/#primaryimage"},"thumbnailUrl":"https:\/\/radioljubuski.ba\/wp-content\/uploads\/2023\/05\/Izlozba-Kristina-Cavar.jpg","articleSection":["Kultura"],"inLanguage":"hr"},{"@type":"WebPage","@id":"https:\/\/radioljubuski.ba\/index.php\/2023\/05\/29\/izlozba-slika-kristine-cavar-svetac-cijelog-svemira-veceras-na-humcu\/","url":"https:\/\/radioljubuski.ba\/index.php\/2023\/05\/29\/izlozba-slika-kristine-cavar-svetac-cijelog-svemira-veceras-na-humcu\/","name":"Izlo\u017eba slika Kristine \u0106avar \"Svetac cijelog svemira\" ve\u010deras na Humcu - RADIO LJUBU\u0160KI","isPartOf":{"@id":"https:\/\/radioljubuski.ba\/#website"},"primaryImageOfPage":{"@id":"https:\/\/radioljubuski.ba\/index.php\/2023\/05\/29\/izlozba-slika-kristine-cavar-svetac-cijelog-svemira-veceras-na-humcu\/#primaryimage"},"image":{"@id":"https:\/\/radioljubuski.ba\/index.php\/2023\/05\/29\/izlozba-slika-kristine-cavar-svetac-cijelog-svemira-veceras-na-humcu\/#primaryimage"},"thumbnailUrl":"https:\/\/radioljubuski.ba\/wp-content\/uploads\/2023\/05\/Izlozba-Kristina-Cavar.jpg","datePublished":"2023-05-29T12:29:36+00:00","dateModified":"2023-05-31T06:51:26+00:00","breadcrumb":{"@id":"https:\/\/radioljubuski.ba\/index.php\/2023\/05\/29\/izlozba-slika-kristine-cavar-svetac-cijelog-svemira-veceras-na-humcu\/#breadcrumb"},"inLanguage":"hr","potentialAction":[{"@type":"ReadAction","target":["https:\/\/radioljubuski.ba\/index.php\/2023\/05\/29\/izlozba-slika-kristine-cavar-svetac-cijelog-svemira-veceras-na-humcu\/"]}]},{"@type":"ImageObject","inLanguage":"hr","@id":"https:\/\/radioljubuski.ba\/index.php\/2023\/05\/29\/izlozba-slika-kristine-cavar-svetac-cijelog-svemira-veceras-na-humcu\/#primaryimage","url":"https:\/\/radioljubuski.ba\/wp-content\/uploads\/2023\/05\/Izlozba-Kristina-Cavar.jpg","contentUrl":"https:\/\/radioljubuski.ba\/wp-content\/uploads\/2023\/05\/Izlozba-Kristina-Cavar.jpg","width":2480,"height":1181},{"@type":"BreadcrumbList","@id":"https:\/\/radioljubuski.ba\/index.php\/2023\/05\/29\/izlozba-slika-kristine-cavar-svetac-cijelog-svemira-veceras-na-humcu\/#breadcrumb","itemListElement":[{"@type":"ListItem","position":1,"name":"Po\u010detna stranica","item":"https:\/\/radioljubuski.ba\/"},{"@type":"ListItem","position":2,"name":"Izlo\u017eba slika Kristine \u0106avar &#8220;Svetac cijelog svemira&#8221; ve\u010deras na Humcu"}]},{"@type":"WebSite","@id":"https:\/\/radioljubuski.ba\/#website","url":"https:\/\/radioljubuski.ba\/","name":"Radio Ljubu\u0161ki","description":"Sun\u010dana frekvencija Hercegovine","publisher":{"@id":"https:\/\/radioljubuski.ba\/#organization"},"potentialAction":[{"@type":"SearchAction","target":{"@type":"EntryPoint","urlTemplate":"https:\/\/radioljubuski.ba\/?s={search_term_string}"},"query-input":{"@type":"PropertyValueSpecification","valueRequired":true,"valueName":"search_term_string"}}],"inLanguage":"hr"},{"@type":"Organization","@id":"https:\/\/radioljubuski.ba\/#organization","name":"Radio Ljubu\u0161ki","url":"https:\/\/radioljubuski.ba\/","logo":{"@type":"ImageObject","inLanguage":"hr","@id":"https:\/\/radioljubuski.ba\/#\/schema\/logo\/image\/","url":"https:\/\/radioljubuski.ba\/wp-content\/uploads\/2021\/02\/cropped-Radio_Ljubuski_logo1.jpg","contentUrl":"https:\/\/radioljubuski.ba\/wp-content\/uploads\/2021\/02\/cropped-Radio_Ljubuski_logo1.jpg","width":512,"height":512,"caption":"Radio Ljubu\u0161ki"},"image":{"@id":"https:\/\/radioljubuski.ba\/#\/schema\/logo\/image\/"},"sameAs":["https:\/\/www.facebook.com\/Radiio-Ljubuski-1490835324566332","https:\/\/x.com\/radioljubuski","https:\/\/hr.linkedin.com\/company\/radio-ljubuski","https:\/\/www.youtube.com\/channel\/UCHYaeO_n0Db3tjNGudGpXyw"]},{"@type":"Person","@id":"https:\/\/radioljubuski.ba\/#\/schema\/person\/19fc700381a780f69665d7956c469e3b","name":"Radio Ljubu\u0161ki"}]}},"_links":{"self":[{"href":"https:\/\/radioljubuski.ba\/index.php\/wp-json\/wp\/v2\/posts\/191401","targetHints":{"allow":["GET"]}}],"collection":[{"href":"https:\/\/radioljubuski.ba\/index.php\/wp-json\/wp\/v2\/posts"}],"about":[{"href":"https:\/\/radioljubuski.ba\/index.php\/wp-json\/wp\/v2\/types\/post"}],"author":[{"embeddable":true,"href":"https:\/\/radioljubuski.ba\/index.php\/wp-json\/wp\/v2\/users\/2"}],"replies":[{"embeddable":true,"href":"https:\/\/radioljubuski.ba\/index.php\/wp-json\/wp\/v2\/comments?post=191401"}],"version-history":[{"count":1,"href":"https:\/\/radioljubuski.ba\/index.php\/wp-json\/wp\/v2\/posts\/191401\/revisions"}],"predecessor-version":[{"id":191403,"href":"https:\/\/radioljubuski.ba\/index.php\/wp-json\/wp\/v2\/posts\/191401\/revisions\/191403"}],"wp:featuredmedia":[{"embeddable":true,"href":"https:\/\/radioljubuski.ba\/index.php\/wp-json\/wp\/v2\/media\/191402"}],"wp:attachment":[{"href":"https:\/\/radioljubuski.ba\/index.php\/wp-json\/wp\/v2\/media?parent=191401"}],"wp:term":[{"taxonomy":"category","embeddable":true,"href":"https:\/\/radioljubuski.ba\/index.php\/wp-json\/wp\/v2\/categories?post=191401"},{"taxonomy":"post_tag","embeddable":true,"href":"https:\/\/radioljubuski.ba\/index.php\/wp-json\/wp\/v2\/tags?post=191401"}],"curies":[{"name":"wp","href":"https:\/\/api.w.org\/{rel}","templated":true}]}}