{"id":191550,"date":"2023-06-03T18:26:05","date_gmt":"2023-06-03T17:26:05","guid":{"rendered":"https:\/\/radioljubuski.ba\/?p=191550"},"modified":"2023-06-03T18:26:05","modified_gmt":"2023-06-03T17:26:05","slug":"sportske-igre-mladih-6-lipnja-u-ljubuskom","status":"publish","type":"post","link":"https:\/\/radioljubuski.ba\/index.php\/2023\/06\/03\/sportske-igre-mladih-6-lipnja-u-ljubuskom\/","title":{"rendered":"Sportske igre mladih 6.lipnja u Ljubu\u0161kom!"},"content":{"rendered":"\n<p>U Ljubu\u0161kom \u0107e u utorak, 6. lipnja biti odr\u017eane Sportske igre mladih.<\/p>\n\n\n\n<p>Natjecanja u malom nogometu, ko\u0161arci, rukometu, grani\u010daru i utrci na 60 metara \u0107e se odr\u017eati od 10 sati u utorak 6.lipnja na terenima Osnovne \u0161kole Marka Maruli\u0107a.<\/p>\n\n\n\n<p>Sportske igre mladih su najve\u0107a amaterska \u0161portska manifestacija u Europi koja pru\u017ea djeci i mladima da se, potpuno besplatno, natje\u010du u 10 sportova. U prethodnih 12 godina igre su ispratile vi\u0161e od 459.000 mali\u0161ana i vi\u0161e od 19.000 finalista iz cijele Bosne i Hercegovine.<\/p>\n\n\n\n<p>Pokrovitelj Sportskih igara mladih je <strong>Grad Ljubu\u0161ki.<\/strong><\/p>\n\n\n\n<figure class=\"wp-block-gallery has-nested-images columns-default is-cropped wp-block-gallery-1 is-layout-flex wp-block-gallery-is-layout-flex\">\n<figure class=\"wp-block-image size-large\"><img loading=\"lazy\" decoding=\"async\" width=\"725\" height=\"1024\" data-id=\"191552\" src=\"https:\/\/radioljubuski.ba\/wp-content\/uploads\/2023\/06\/Sportske-igre-mladih-725x1024.jpg\" alt=\"\" class=\"wp-image-191552\" srcset=\"https:\/\/radioljubuski.ba\/wp-content\/uploads\/2023\/06\/Sportske-igre-mladih-725x1024.jpg 725w, https:\/\/radioljubuski.ba\/wp-content\/uploads\/2023\/06\/Sportske-igre-mladih-212x300.jpg 212w, https:\/\/radioljubuski.ba\/wp-content\/uploads\/2023\/06\/Sportske-igre-mladih-768x1084.jpg 768w, https:\/\/radioljubuski.ba\/wp-content\/uploads\/2023\/06\/Sportske-igre-mladih-1088x1536.jpg 1088w, https:\/\/radioljubuski.ba\/wp-content\/uploads\/2023\/06\/Sportske-igre-mladih.jpg 1255w\" sizes=\"auto, (max-width: 725px) 100vw, 725px\" \/><\/figure>\n<\/figure>\n","protected":false},"excerpt":{"rendered":"<p>U Ljubu\u0161kom \u0107e u utorak, 6. lipnja biti odr\u017eane Sportske igre mladih. Natjecanja u malom nogometu, ko\u0161arci, rukometu, grani\u010daru i utrci na 60 metara \u0107e se odr\u017eati od 10 sati u utorak 6.lipnja na terenima Osnovne \u0161kole Marka Maruli\u0107a. Sportske igre mladih su najve\u0107a amaterska \u0161portska manifestacija u Europi koja pru\u017ea djeci i mladima da [&hellip;]<\/p>\n","protected":false},"author":2,"featured_media":191551,"comment_status":"closed","ping_status":"closed","sticky":false,"template":"","format":"standard","meta":{"h5ap_radio_sources":[],"footnotes":""},"categories":[28],"tags":[],"class_list":["post-191550","post","type-post","status-publish","format-standard","has-post-thumbnail","hentry","category-novosti"],"yoast_head":"<!-- This site is optimized with the Yoast SEO plugin v27.4 - https:\/\/yoast.com\/product\/yoast-seo-wordpress\/ -->\n<title>Sportske igre mladih 6.lipnja u Ljubu\u0161kom! - RADIO LJUBU\u0160KI<\/title>\n<meta name=\"robots\" content=\"index, follow, max-snippet:-1, max-image-preview:large, max-video-preview:-1\" \/>\n<link rel=\"canonical\" href=\"https:\/\/radioljubuski.ba\/index.php\/2023\/06\/03\/sportske-igre-mladih-6-lipnja-u-ljubuskom\/\" \/>\n<meta property=\"og:locale\" content=\"hr_HR\" \/>\n<meta property=\"og:type\" content=\"article\" \/>\n<meta property=\"og:title\" content=\"Sportske igre mladih 6.lipnja u Ljubu\u0161kom! - RADIO LJUBU\u0160KI\" \/>\n<meta property=\"og:description\" content=\"U Ljubu\u0161kom \u0107e u utorak, 6. lipnja biti odr\u017eane Sportske igre mladih. Natjecanja u malom nogometu, ko\u0161arci, rukometu, grani\u010daru i utrci na 60 metara \u0107e se odr\u017eati od 10 sati u utorak 6.lipnja na terenima Osnovne \u0161kole Marka Maruli\u0107a. Sportske igre mladih su najve\u0107a amaterska \u0161portska manifestacija u Europi koja pru\u017ea djeci i mladima da [&hellip;]\" \/>\n<meta property=\"og:url\" content=\"https:\/\/radioljubuski.ba\/index.php\/2023\/06\/03\/sportske-igre-mladih-6-lipnja-u-ljubuskom\/\" \/>\n<meta property=\"og:site_name\" content=\"RADIO LJUBU\u0160KI\" \/>\n<meta property=\"article:publisher\" content=\"https:\/\/www.facebook.com\/Radiio-Ljubuski-1490835324566332\" \/>\n<meta property=\"article:published_time\" content=\"2023-06-03T17:26:05+00:00\" \/>\n<meta property=\"og:image\" content=\"https:\/\/radioljubuski.ba\/wp-content\/uploads\/2023\/06\/Untitled-design-7.png\" \/>\n\t<meta property=\"og:image:width\" content=\"940\" \/>\n\t<meta property=\"og:image:height\" content=\"788\" \/>\n\t<meta property=\"og:image:type\" content=\"image\/png\" \/>\n<meta name=\"author\" content=\"Radio Ljubu\u0161ki\" \/>\n<meta name=\"twitter:card\" content=\"summary_large_image\" \/>\n<meta name=\"twitter:creator\" content=\"@radioljubuski\" \/>\n<meta name=\"twitter:site\" content=\"@radioljubuski\" \/>\n<meta name=\"twitter:label1\" content=\"Napisao\/la\" \/>\n\t<meta name=\"twitter:data1\" content=\"Radio Ljubu\u0161ki\" \/>\n\t<meta name=\"twitter:label2\" content=\"Procijenjeno vrijeme \u010ditanja\" \/>\n\t<meta name=\"twitter:data2\" content=\"1 minuta\" \/>\n<script type=\"application\/ld+json\" class=\"yoast-schema-graph\">{\"@context\":\"https:\\\/\\\/schema.org\",\"@graph\":[{\"@type\":\"Article\",\"@id\":\"https:\\\/\\\/radioljubuski.ba\\\/index.php\\\/2023\\\/06\\\/03\\\/sportske-igre-mladih-6-lipnja-u-ljubuskom\\\/#article\",\"isPartOf\":{\"@id\":\"https:\\\/\\\/radioljubuski.ba\\\/index.php\\\/2023\\\/06\\\/03\\\/sportske-igre-mladih-6-lipnja-u-ljubuskom\\\/\"},\"author\":{\"name\":\"Radio Ljubu\u0161ki\",\"@id\":\"https:\\\/\\\/radioljubuski.ba\\\/#\\\/schema\\\/person\\\/19fc700381a780f69665d7956c469e3b\"},\"headline\":\"Sportske igre mladih 6.lipnja u Ljubu\u0161kom!\",\"datePublished\":\"2023-06-03T17:26:05+00:00\",\"mainEntityOfPage\":{\"@id\":\"https:\\\/\\\/radioljubuski.ba\\\/index.php\\\/2023\\\/06\\\/03\\\/sportske-igre-mladih-6-lipnja-u-ljubuskom\\\/\"},\"wordCount\":103,\"publisher\":{\"@id\":\"https:\\\/\\\/radioljubuski.ba\\\/#organization\"},\"image\":{\"@id\":\"https:\\\/\\\/radioljubuski.ba\\\/index.php\\\/2023\\\/06\\\/03\\\/sportske-igre-mladih-6-lipnja-u-ljubuskom\\\/#primaryimage\"},\"thumbnailUrl\":\"https:\\\/\\\/radioljubuski.ba\\\/wp-content\\\/uploads\\\/2023\\\/06\\\/Untitled-design-7.png\",\"articleSection\":[\"Novosti\"],\"inLanguage\":\"hr\"},{\"@type\":\"WebPage\",\"@id\":\"https:\\\/\\\/radioljubuski.ba\\\/index.php\\\/2023\\\/06\\\/03\\\/sportske-igre-mladih-6-lipnja-u-ljubuskom\\\/\",\"url\":\"https:\\\/\\\/radioljubuski.ba\\\/index.php\\\/2023\\\/06\\\/03\\\/sportske-igre-mladih-6-lipnja-u-ljubuskom\\\/\",\"name\":\"Sportske igre mladih 6.lipnja u Ljubu\u0161kom! - RADIO LJUBU\u0160KI\",\"isPartOf\":{\"@id\":\"https:\\\/\\\/radioljubuski.ba\\\/#website\"},\"primaryImageOfPage\":{\"@id\":\"https:\\\/\\\/radioljubuski.ba\\\/index.php\\\/2023\\\/06\\\/03\\\/sportske-igre-mladih-6-lipnja-u-ljubuskom\\\/#primaryimage\"},\"image\":{\"@id\":\"https:\\\/\\\/radioljubuski.ba\\\/index.php\\\/2023\\\/06\\\/03\\\/sportske-igre-mladih-6-lipnja-u-ljubuskom\\\/#primaryimage\"},\"thumbnailUrl\":\"https:\\\/\\\/radioljubuski.ba\\\/wp-content\\\/uploads\\\/2023\\\/06\\\/Untitled-design-7.png\",\"datePublished\":\"2023-06-03T17:26:05+00:00\",\"breadcrumb\":{\"@id\":\"https:\\\/\\\/radioljubuski.ba\\\/index.php\\\/2023\\\/06\\\/03\\\/sportske-igre-mladih-6-lipnja-u-ljubuskom\\\/#breadcrumb\"},\"inLanguage\":\"hr\",\"potentialAction\":[{\"@type\":\"ReadAction\",\"target\":[\"https:\\\/\\\/radioljubuski.ba\\\/index.php\\\/2023\\\/06\\\/03\\\/sportske-igre-mladih-6-lipnja-u-ljubuskom\\\/\"]}]},{\"@type\":\"ImageObject\",\"inLanguage\":\"hr\",\"@id\":\"https:\\\/\\\/radioljubuski.ba\\\/index.php\\\/2023\\\/06\\\/03\\\/sportske-igre-mladih-6-lipnja-u-ljubuskom\\\/#primaryimage\",\"url\":\"https:\\\/\\\/radioljubuski.ba\\\/wp-content\\\/uploads\\\/2023\\\/06\\\/Untitled-design-7.png\",\"contentUrl\":\"https:\\\/\\\/radioljubuski.ba\\\/wp-content\\\/uploads\\\/2023\\\/06\\\/Untitled-design-7.png\",\"width\":940,\"height\":788},{\"@type\":\"BreadcrumbList\",\"@id\":\"https:\\\/\\\/radioljubuski.ba\\\/index.php\\\/2023\\\/06\\\/03\\\/sportske-igre-mladih-6-lipnja-u-ljubuskom\\\/#breadcrumb\",\"itemListElement\":[{\"@type\":\"ListItem\",\"position\":1,\"name\":\"Po\u010detna stranica\",\"item\":\"https:\\\/\\\/radioljubuski.ba\\\/\"},{\"@type\":\"ListItem\",\"position\":2,\"name\":\"Sportske igre mladih 6.lipnja u Ljubu\u0161kom!\"}]},{\"@type\":\"WebSite\",\"@id\":\"https:\\\/\\\/radioljubuski.ba\\\/#website\",\"url\":\"https:\\\/\\\/radioljubuski.ba\\\/\",\"name\":\"Radio Ljubu\u0161ki\",\"description\":\"Sun\u010dana frekvencija Hercegovine\",\"publisher\":{\"@id\":\"https:\\\/\\\/radioljubuski.ba\\\/#organization\"},\"potentialAction\":[{\"@type\":\"SearchAction\",\"target\":{\"@type\":\"EntryPoint\",\"urlTemplate\":\"https:\\\/\\\/radioljubuski.ba\\\/?s={search_term_string}\"},\"query-input\":{\"@type\":\"PropertyValueSpecification\",\"valueRequired\":true,\"valueName\":\"search_term_string\"}}],\"inLanguage\":\"hr\"},{\"@type\":\"Organization\",\"@id\":\"https:\\\/\\\/radioljubuski.ba\\\/#organization\",\"name\":\"Radio Ljubu\u0161ki\",\"url\":\"https:\\\/\\\/radioljubuski.ba\\\/\",\"logo\":{\"@type\":\"ImageObject\",\"inLanguage\":\"hr\",\"@id\":\"https:\\\/\\\/radioljubuski.ba\\\/#\\\/schema\\\/logo\\\/image\\\/\",\"url\":\"https:\\\/\\\/radioljubuski.ba\\\/wp-content\\\/uploads\\\/2021\\\/02\\\/cropped-Radio_Ljubuski_logo1.jpg\",\"contentUrl\":\"https:\\\/\\\/radioljubuski.ba\\\/wp-content\\\/uploads\\\/2021\\\/02\\\/cropped-Radio_Ljubuski_logo1.jpg\",\"width\":512,\"height\":512,\"caption\":\"Radio Ljubu\u0161ki\"},\"image\":{\"@id\":\"https:\\\/\\\/radioljubuski.ba\\\/#\\\/schema\\\/logo\\\/image\\\/\"},\"sameAs\":[\"https:\\\/\\\/www.facebook.com\\\/Radiio-Ljubuski-1490835324566332\",\"https:\\\/\\\/x.com\\\/radioljubuski\",\"https:\\\/\\\/hr.linkedin.com\\\/company\\\/radio-ljubuski\",\"https:\\\/\\\/www.youtube.com\\\/channel\\\/UCHYaeO_n0Db3tjNGudGpXyw\"]},{\"@type\":\"Person\",\"@id\":\"https:\\\/\\\/radioljubuski.ba\\\/#\\\/schema\\\/person\\\/19fc700381a780f69665d7956c469e3b\",\"name\":\"Radio Ljubu\u0161ki\"}]}<\/script>\n<!-- \/ Yoast SEO plugin. -->","yoast_head_json":{"title":"Sportske igre mladih 6.lipnja u Ljubu\u0161kom! - RADIO LJUBU\u0160KI","robots":{"index":"index","follow":"follow","max-snippet":"max-snippet:-1","max-image-preview":"max-image-preview:large","max-video-preview":"max-video-preview:-1"},"canonical":"https:\/\/radioljubuski.ba\/index.php\/2023\/06\/03\/sportske-igre-mladih-6-lipnja-u-ljubuskom\/","og_locale":"hr_HR","og_type":"article","og_title":"Sportske igre mladih 6.lipnja u Ljubu\u0161kom! - RADIO LJUBU\u0160KI","og_description":"U Ljubu\u0161kom \u0107e u utorak, 6. lipnja biti odr\u017eane Sportske igre mladih. Natjecanja u malom nogometu, ko\u0161arci, rukometu, grani\u010daru i utrci na 60 metara \u0107e se odr\u017eati od 10 sati u utorak 6.lipnja na terenima Osnovne \u0161kole Marka Maruli\u0107a. Sportske igre mladih su najve\u0107a amaterska \u0161portska manifestacija u Europi koja pru\u017ea djeci i mladima da [&hellip;]","og_url":"https:\/\/radioljubuski.ba\/index.php\/2023\/06\/03\/sportske-igre-mladih-6-lipnja-u-ljubuskom\/","og_site_name":"RADIO LJUBU\u0160KI","article_publisher":"https:\/\/www.facebook.com\/Radiio-Ljubuski-1490835324566332","article_published_time":"2023-06-03T17:26:05+00:00","og_image":[{"width":940,"height":788,"url":"https:\/\/radioljubuski.ba\/wp-content\/uploads\/2023\/06\/Untitled-design-7.png","type":"image\/png"}],"author":"Radio Ljubu\u0161ki","twitter_card":"summary_large_image","twitter_creator":"@radioljubuski","twitter_site":"@radioljubuski","twitter_misc":{"Napisao\/la":"Radio Ljubu\u0161ki","Procijenjeno vrijeme \u010ditanja":"1 minuta"},"schema":{"@context":"https:\/\/schema.org","@graph":[{"@type":"Article","@id":"https:\/\/radioljubuski.ba\/index.php\/2023\/06\/03\/sportske-igre-mladih-6-lipnja-u-ljubuskom\/#article","isPartOf":{"@id":"https:\/\/radioljubuski.ba\/index.php\/2023\/06\/03\/sportske-igre-mladih-6-lipnja-u-ljubuskom\/"},"author":{"name":"Radio Ljubu\u0161ki","@id":"https:\/\/radioljubuski.ba\/#\/schema\/person\/19fc700381a780f69665d7956c469e3b"},"headline":"Sportske igre mladih 6.lipnja u Ljubu\u0161kom!","datePublished":"2023-06-03T17:26:05+00:00","mainEntityOfPage":{"@id":"https:\/\/radioljubuski.ba\/index.php\/2023\/06\/03\/sportske-igre-mladih-6-lipnja-u-ljubuskom\/"},"wordCount":103,"publisher":{"@id":"https:\/\/radioljubuski.ba\/#organization"},"image":{"@id":"https:\/\/radioljubuski.ba\/index.php\/2023\/06\/03\/sportske-igre-mladih-6-lipnja-u-ljubuskom\/#primaryimage"},"thumbnailUrl":"https:\/\/radioljubuski.ba\/wp-content\/uploads\/2023\/06\/Untitled-design-7.png","articleSection":["Novosti"],"inLanguage":"hr"},{"@type":"WebPage","@id":"https:\/\/radioljubuski.ba\/index.php\/2023\/06\/03\/sportske-igre-mladih-6-lipnja-u-ljubuskom\/","url":"https:\/\/radioljubuski.ba\/index.php\/2023\/06\/03\/sportske-igre-mladih-6-lipnja-u-ljubuskom\/","name":"Sportske igre mladih 6.lipnja u Ljubu\u0161kom! - RADIO LJUBU\u0160KI","isPartOf":{"@id":"https:\/\/radioljubuski.ba\/#website"},"primaryImageOfPage":{"@id":"https:\/\/radioljubuski.ba\/index.php\/2023\/06\/03\/sportske-igre-mladih-6-lipnja-u-ljubuskom\/#primaryimage"},"image":{"@id":"https:\/\/radioljubuski.ba\/index.php\/2023\/06\/03\/sportske-igre-mladih-6-lipnja-u-ljubuskom\/#primaryimage"},"thumbnailUrl":"https:\/\/radioljubuski.ba\/wp-content\/uploads\/2023\/06\/Untitled-design-7.png","datePublished":"2023-06-03T17:26:05+00:00","breadcrumb":{"@id":"https:\/\/radioljubuski.ba\/index.php\/2023\/06\/03\/sportske-igre-mladih-6-lipnja-u-ljubuskom\/#breadcrumb"},"inLanguage":"hr","potentialAction":[{"@type":"ReadAction","target":["https:\/\/radioljubuski.ba\/index.php\/2023\/06\/03\/sportske-igre-mladih-6-lipnja-u-ljubuskom\/"]}]},{"@type":"ImageObject","inLanguage":"hr","@id":"https:\/\/radioljubuski.ba\/index.php\/2023\/06\/03\/sportske-igre-mladih-6-lipnja-u-ljubuskom\/#primaryimage","url":"https:\/\/radioljubuski.ba\/wp-content\/uploads\/2023\/06\/Untitled-design-7.png","contentUrl":"https:\/\/radioljubuski.ba\/wp-content\/uploads\/2023\/06\/Untitled-design-7.png","width":940,"height":788},{"@type":"BreadcrumbList","@id":"https:\/\/radioljubuski.ba\/index.php\/2023\/06\/03\/sportske-igre-mladih-6-lipnja-u-ljubuskom\/#breadcrumb","itemListElement":[{"@type":"ListItem","position":1,"name":"Po\u010detna stranica","item":"https:\/\/radioljubuski.ba\/"},{"@type":"ListItem","position":2,"name":"Sportske igre mladih 6.lipnja u Ljubu\u0161kom!"}]},{"@type":"WebSite","@id":"https:\/\/radioljubuski.ba\/#website","url":"https:\/\/radioljubuski.ba\/","name":"Radio Ljubu\u0161ki","description":"Sun\u010dana frekvencija Hercegovine","publisher":{"@id":"https:\/\/radioljubuski.ba\/#organization"},"potentialAction":[{"@type":"SearchAction","target":{"@type":"EntryPoint","urlTemplate":"https:\/\/radioljubuski.ba\/?s={search_term_string}"},"query-input":{"@type":"PropertyValueSpecification","valueRequired":true,"valueName":"search_term_string"}}],"inLanguage":"hr"},{"@type":"Organization","@id":"https:\/\/radioljubuski.ba\/#organization","name":"Radio Ljubu\u0161ki","url":"https:\/\/radioljubuski.ba\/","logo":{"@type":"ImageObject","inLanguage":"hr","@id":"https:\/\/radioljubuski.ba\/#\/schema\/logo\/image\/","url":"https:\/\/radioljubuski.ba\/wp-content\/uploads\/2021\/02\/cropped-Radio_Ljubuski_logo1.jpg","contentUrl":"https:\/\/radioljubuski.ba\/wp-content\/uploads\/2021\/02\/cropped-Radio_Ljubuski_logo1.jpg","width":512,"height":512,"caption":"Radio Ljubu\u0161ki"},"image":{"@id":"https:\/\/radioljubuski.ba\/#\/schema\/logo\/image\/"},"sameAs":["https:\/\/www.facebook.com\/Radiio-Ljubuski-1490835324566332","https:\/\/x.com\/radioljubuski","https:\/\/hr.linkedin.com\/company\/radio-ljubuski","https:\/\/www.youtube.com\/channel\/UCHYaeO_n0Db3tjNGudGpXyw"]},{"@type":"Person","@id":"https:\/\/radioljubuski.ba\/#\/schema\/person\/19fc700381a780f69665d7956c469e3b","name":"Radio Ljubu\u0161ki"}]}},"_links":{"self":[{"href":"https:\/\/radioljubuski.ba\/index.php\/wp-json\/wp\/v2\/posts\/191550","targetHints":{"allow":["GET"]}}],"collection":[{"href":"https:\/\/radioljubuski.ba\/index.php\/wp-json\/wp\/v2\/posts"}],"about":[{"href":"https:\/\/radioljubuski.ba\/index.php\/wp-json\/wp\/v2\/types\/post"}],"author":[{"embeddable":true,"href":"https:\/\/radioljubuski.ba\/index.php\/wp-json\/wp\/v2\/users\/2"}],"replies":[{"embeddable":true,"href":"https:\/\/radioljubuski.ba\/index.php\/wp-json\/wp\/v2\/comments?post=191550"}],"version-history":[{"count":1,"href":"https:\/\/radioljubuski.ba\/index.php\/wp-json\/wp\/v2\/posts\/191550\/revisions"}],"predecessor-version":[{"id":191553,"href":"https:\/\/radioljubuski.ba\/index.php\/wp-json\/wp\/v2\/posts\/191550\/revisions\/191553"}],"wp:featuredmedia":[{"embeddable":true,"href":"https:\/\/radioljubuski.ba\/index.php\/wp-json\/wp\/v2\/media\/191551"}],"wp:attachment":[{"href":"https:\/\/radioljubuski.ba\/index.php\/wp-json\/wp\/v2\/media?parent=191550"}],"wp:term":[{"taxonomy":"category","embeddable":true,"href":"https:\/\/radioljubuski.ba\/index.php\/wp-json\/wp\/v2\/categories?post=191550"},{"taxonomy":"post_tag","embeddable":true,"href":"https:\/\/radioljubuski.ba\/index.php\/wp-json\/wp\/v2\/tags?post=191550"}],"curies":[{"name":"wp","href":"https:\/\/api.w.org\/{rel}","templated":true}]}}