{"id":191586,"date":"2023-06-05T18:37:41","date_gmt":"2023-06-05T17:37:41","guid":{"rendered":"https:\/\/radioljubuski.ba\/?p=191586"},"modified":"2023-06-05T18:37:42","modified_gmt":"2023-06-05T17:37:42","slug":"federalni-premijer-i-dopremijeri-razgovarali-sa-sindikatima-opredjeljenje-vlade-je-smanjiti-poreze-i-povecati-place-radnicima","status":"publish","type":"post","link":"https:\/\/radioljubuski.ba\/index.php\/2023\/06\/05\/federalni-premijer-i-dopremijeri-razgovarali-sa-sindikatima-opredjeljenje-vlade-je-smanjiti-poreze-i-povecati-place-radnicima\/","title":{"rendered":"Federalni premijer i dopremijeri razgovarali sa sindikatima: Opredjeljenje Vlade je smanjiti poreze i pove\u0107ati pla\u0107e radnicima"},"content":{"rendered":"\n<p>Premijer Federacije BiH Nermin Nik\u0161i\u0107 i dopremijeri i federalni ministri&nbsp;<strong>Toni Kraljevi\u0107<\/strong>&nbsp;i Vojin Mijatovi\u0107, danas su u sjedi\u0161tu Federalne vlade u Sarajevu, razgovarali s izaslanstvom Saveza samostalnih sindikata BiH, koju je predvodio predsjednik Selvedin \u0160atorovi\u0107.<\/p>\n\n\n\n<p>Na sastanku se razgovaralo o reformskim projektima koji uklju\u010duju unapre\u0111enje zakonskih rje\u0161enja, a s ciljem pobolj\u0161anja statusa radnika u Federaciji BiH. Predstavnici sindikata istakli su \u0161est prioriteta koji bi prema njihovom mi\u0161ljenju unaprijedili prava i status radnika u FBiH, a to se prije svega odnosi na zakone o minimalnoj plati, uvezivanju radnog sta\u017ea, porezu na dohodak, o radu i za\u0161titi na radu, kao i o \u0161trajku.<\/p>\n\n\n\n<figure class=\"wp-block-image\"><img decoding=\"async\" src=\"https:\/\/scontent-vie1-1.xx.fbcdn.net\/v\/t39.30808-6\/351819020_1289185661680798_8477929076805666550_n.jpg?_nc_cat=107&amp;ccb=1-7&amp;_nc_sid=730e14&amp;_nc_ohc=-w2DRDtjg1wAX90JQXK&amp;_nc_ht=scontent-vie1-1.xx&amp;oh=00_AfC80KGhuGjEj__MFTE8tTs-J2qoRzypekCJlW1ykR-V8g&amp;oe=6482EDEA\" alt=\"Mo\u017ee biti slika sljede\u0107eg: 4 ljudi\"\/><\/figure>\n\n\n\n<p>Premijer Nik\u0161i\u0107 izrazio je \u010dvrstu opredijeljenost Vlade FBiH na unapre\u0111enju socijalnog dijaloga i suradnje sa svim partnerima, pa tako i sindikatima, a s ciljem za\u0161tite i unapre\u0111enja&nbsp;radnih uvjeta gra\u0111ana FBiH. Naglasio je va\u017enost konstruktivne komunikacije kako bi se do\u0161lo do \u0161to kvalitetnijih rje\u0161enja.&nbsp;&nbsp;&nbsp;&nbsp;<\/p>\n\n\n\n<p>\u2013 Devedeset posto iznesenih zahtjeva sindikata sadr\u017eano je u programskim ciljevima&nbsp;&nbsp;ove Vlade. Na\u0161e \u010dvrsto opredjeljenje na kojem radimo vrlo intenzivno jeste fiskalna reforma i smanjenje doprinosa. Tu su i porez na dohodak i minimalna plata, te za\u0161tita standarda radnika u svim segmentima o kojima smo govorili. Ova Vlada \u017eeli da stvori bolji poslovno okru\u017eenje, ali prije svega treba da za\u0161titimo prava radnika. Jedino tako mo\u017eemo zadr\u017eati ljude i osigurati im prava. Iznimno smo posve\u0107eni da radom postanemo Vlada koja je pored pri\u010de o reformi fiskalnog sistema i napravila reformu \u2013 kazao je premijer Nik\u0161i\u0107.<\/p>\n\n\n\n<p>Dopremijeri Kraljevi\u0107 i Mijatovi\u0107, tako\u0111er su naglasili da je prioritet Federalne vlade&nbsp;&nbsp;smanjenje optere\u0107enja na pla\u0107u kako bi se poslodavcima osigurao prostor za pove\u0107anje pla\u0107e radnicima, a kroz zadr\u017eavanje fiskalne stabilnosti sustava. Naglasili su va\u017enost tripartitnog dijaloga i suradnje izme\u0111u Vlade, sindikata i poslodavaca.<\/p>\n\n\n\n<p>Predstavnici Sindikata \u010destitali su Vladi na imenovanju i izrazili o\u010dekivanje da \u0107e imati kvalitetnu suradnju. Najavili su podr\u0161ku projektima koji \u0107e unaprijediti prava i primanja radnika.<\/p>\n\n\n\n<p>\u2013 \u017delimo biti konstruktivni partner i na svaki mogu\u0107i na\u010din dati podr\u0161ku svim dobrim stvarima Vlade Federacije. Mislim da je kona\u010dno vrijeme da se osjeti jedna bitna promjena, u odnosu na ono \u0161to se doga\u0111ali u proteklom razdoblju. Ljudi \u010deznu za rje\u0161enjima i ta rje\u0161enja trebaju biti izrazito brzo \u2013 kazao je \u0160atorovi\u0107.<\/p>\n\n\n\n<p>Sastanku su nazo\u010dili i predsjednik Skup\u0161tine SSSBiH Fikret Ali\u0107, predsjednik Sindikata Hrvatskih telekomunikacija Mostar Sa\u0161a \u017divkovi\u0107, predsjednik Sindikata Hrvatske po\u0161te Berislav Babi\u0107, predsjednik Sindikata metalaca ZDK Kenan Mujkanovi\u0107 i \u0161ef stru\u010dne slu\u017ebe SSSBiH Adis Ke\u010do.<\/p>\n\n\n\n<p>Izvor:Ljubuski portal<\/p>\n","protected":false},"excerpt":{"rendered":"<p>Premijer Federacije BiH Nermin Nik\u0161i\u0107 i dopremijeri i federalni ministri&nbsp;Toni Kraljevi\u0107&nbsp;i Vojin Mijatovi\u0107, danas su u sjedi\u0161tu Federalne vlade u Sarajevu, razgovarali s izaslanstvom Saveza samostalnih sindikata BiH, koju je predvodio predsjednik Selvedin \u0160atorovi\u0107. Na sastanku se razgovaralo o reformskim projektima koji uklju\u010duju unapre\u0111enje zakonskih rje\u0161enja, a s ciljem pobolj\u0161anja statusa radnika u Federaciji BiH. [&hellip;]<\/p>\n","protected":false},"author":2,"featured_media":191587,"comment_status":"closed","ping_status":"closed","sticky":false,"template":"","format":"standard","meta":{"h5ap_radio_sources":[],"footnotes":""},"categories":[28],"tags":[],"class_list":["post-191586","post","type-post","status-publish","format-standard","has-post-thumbnail","hentry","category-novosti"],"yoast_head":"<!-- This site is optimized with the Yoast SEO plugin v27.5 - https:\/\/yoast.com\/product\/yoast-seo-wordpress\/ -->\n<title>Federalni premijer i dopremijeri razgovarali sa sindikatima: Opredjeljenje Vlade je smanjiti poreze i pove\u0107ati pla\u0107e radnicima - RADIO LJUBU\u0160KI<\/title>\n<meta name=\"robots\" content=\"index, follow, max-snippet:-1, max-image-preview:large, max-video-preview:-1\" \/>\n<link rel=\"canonical\" href=\"https:\/\/radioljubuski.ba\/index.php\/2023\/06\/05\/federalni-premijer-i-dopremijeri-razgovarali-sa-sindikatima-opredjeljenje-vlade-je-smanjiti-poreze-i-povecati-place-radnicima\/\" \/>\n<meta property=\"og:locale\" content=\"hr_HR\" \/>\n<meta property=\"og:type\" content=\"article\" \/>\n<meta property=\"og:title\" content=\"Federalni premijer i dopremijeri razgovarali sa sindikatima: Opredjeljenje Vlade je smanjiti poreze i pove\u0107ati pla\u0107e radnicima - RADIO LJUBU\u0160KI\" \/>\n<meta property=\"og:description\" content=\"Premijer Federacije BiH Nermin Nik\u0161i\u0107 i dopremijeri i federalni ministri&nbsp;Toni Kraljevi\u0107&nbsp;i Vojin Mijatovi\u0107, danas su u sjedi\u0161tu Federalne vlade u Sarajevu, razgovarali s izaslanstvom Saveza samostalnih sindikata BiH, koju je predvodio predsjednik Selvedin \u0160atorovi\u0107. Na sastanku se razgovaralo o reformskim projektima koji uklju\u010duju unapre\u0111enje zakonskih rje\u0161enja, a s ciljem pobolj\u0161anja statusa radnika u Federaciji BiH. [&hellip;]\" \/>\n<meta property=\"og:url\" content=\"https:\/\/radioljubuski.ba\/index.php\/2023\/06\/05\/federalni-premijer-i-dopremijeri-razgovarali-sa-sindikatima-opredjeljenje-vlade-je-smanjiti-poreze-i-povecati-place-radnicima\/\" \/>\n<meta property=\"og:site_name\" content=\"RADIO LJUBU\u0160KI\" \/>\n<meta property=\"article:publisher\" content=\"https:\/\/www.facebook.com\/Radiio-Ljubuski-1490835324566332\" \/>\n<meta property=\"article:published_time\" content=\"2023-06-05T17:37:41+00:00\" \/>\n<meta property=\"article:modified_time\" content=\"2023-06-05T17:37:42+00:00\" \/>\n<meta property=\"og:image\" content=\"https:\/\/radioljubuski.ba\/wp-content\/uploads\/2023\/06\/IMG-20230605-WA0004.jpg\" \/>\n\t<meta property=\"og:image:width\" content=\"1600\" \/>\n\t<meta property=\"og:image:height\" content=\"1201\" \/>\n\t<meta property=\"og:image:type\" content=\"image\/jpeg\" \/>\n<meta name=\"author\" content=\"Radio Ljubu\u0161ki\" \/>\n<meta name=\"twitter:card\" content=\"summary_large_image\" \/>\n<meta name=\"twitter:creator\" content=\"@radioljubuski\" \/>\n<meta name=\"twitter:site\" content=\"@radioljubuski\" \/>\n<meta name=\"twitter:label1\" content=\"Napisao\/la\" \/>\n\t<meta name=\"twitter:data1\" content=\"Radio Ljubu\u0161ki\" \/>\n\t<meta name=\"twitter:label2\" content=\"Procijenjeno vrijeme \u010ditanja\" \/>\n\t<meta name=\"twitter:data2\" content=\"3 minute\" \/>\n<script type=\"application\/ld+json\" class=\"yoast-schema-graph\">{\"@context\":\"https:\\\/\\\/schema.org\",\"@graph\":[{\"@type\":\"Article\",\"@id\":\"https:\\\/\\\/radioljubuski.ba\\\/index.php\\\/2023\\\/06\\\/05\\\/federalni-premijer-i-dopremijeri-razgovarali-sa-sindikatima-opredjeljenje-vlade-je-smanjiti-poreze-i-povecati-place-radnicima\\\/#article\",\"isPartOf\":{\"@id\":\"https:\\\/\\\/radioljubuski.ba\\\/index.php\\\/2023\\\/06\\\/05\\\/federalni-premijer-i-dopremijeri-razgovarali-sa-sindikatima-opredjeljenje-vlade-je-smanjiti-poreze-i-povecati-place-radnicima\\\/\"},\"author\":{\"name\":\"Radio Ljubu\u0161ki\",\"@id\":\"https:\\\/\\\/radioljubuski.ba\\\/#\\\/schema\\\/person\\\/19fc700381a780f69665d7956c469e3b\"},\"headline\":\"Federalni premijer i dopremijeri razgovarali sa sindikatima: Opredjeljenje Vlade je smanjiti poreze i pove\u0107ati pla\u0107e radnicima\",\"datePublished\":\"2023-06-05T17:37:41+00:00\",\"dateModified\":\"2023-06-05T17:37:42+00:00\",\"mainEntityOfPage\":{\"@id\":\"https:\\\/\\\/radioljubuski.ba\\\/index.php\\\/2023\\\/06\\\/05\\\/federalni-premijer-i-dopremijeri-razgovarali-sa-sindikatima-opredjeljenje-vlade-je-smanjiti-poreze-i-povecati-place-radnicima\\\/\"},\"wordCount\":478,\"publisher\":{\"@id\":\"https:\\\/\\\/radioljubuski.ba\\\/#organization\"},\"image\":{\"@id\":\"https:\\\/\\\/radioljubuski.ba\\\/index.php\\\/2023\\\/06\\\/05\\\/federalni-premijer-i-dopremijeri-razgovarali-sa-sindikatima-opredjeljenje-vlade-je-smanjiti-poreze-i-povecati-place-radnicima\\\/#primaryimage\"},\"thumbnailUrl\":\"https:\\\/\\\/radioljubuski.ba\\\/wp-content\\\/uploads\\\/2023\\\/06\\\/IMG-20230605-WA0004.jpg\",\"articleSection\":[\"Novosti\"],\"inLanguage\":\"hr\"},{\"@type\":\"WebPage\",\"@id\":\"https:\\\/\\\/radioljubuski.ba\\\/index.php\\\/2023\\\/06\\\/05\\\/federalni-premijer-i-dopremijeri-razgovarali-sa-sindikatima-opredjeljenje-vlade-je-smanjiti-poreze-i-povecati-place-radnicima\\\/\",\"url\":\"https:\\\/\\\/radioljubuski.ba\\\/index.php\\\/2023\\\/06\\\/05\\\/federalni-premijer-i-dopremijeri-razgovarali-sa-sindikatima-opredjeljenje-vlade-je-smanjiti-poreze-i-povecati-place-radnicima\\\/\",\"name\":\"Federalni premijer i dopremijeri razgovarali sa sindikatima: Opredjeljenje Vlade je smanjiti poreze i pove\u0107ati pla\u0107e radnicima - RADIO LJUBU\u0160KI\",\"isPartOf\":{\"@id\":\"https:\\\/\\\/radioljubuski.ba\\\/#website\"},\"primaryImageOfPage\":{\"@id\":\"https:\\\/\\\/radioljubuski.ba\\\/index.php\\\/2023\\\/06\\\/05\\\/federalni-premijer-i-dopremijeri-razgovarali-sa-sindikatima-opredjeljenje-vlade-je-smanjiti-poreze-i-povecati-place-radnicima\\\/#primaryimage\"},\"image\":{\"@id\":\"https:\\\/\\\/radioljubuski.ba\\\/index.php\\\/2023\\\/06\\\/05\\\/federalni-premijer-i-dopremijeri-razgovarali-sa-sindikatima-opredjeljenje-vlade-je-smanjiti-poreze-i-povecati-place-radnicima\\\/#primaryimage\"},\"thumbnailUrl\":\"https:\\\/\\\/radioljubuski.ba\\\/wp-content\\\/uploads\\\/2023\\\/06\\\/IMG-20230605-WA0004.jpg\",\"datePublished\":\"2023-06-05T17:37:41+00:00\",\"dateModified\":\"2023-06-05T17:37:42+00:00\",\"breadcrumb\":{\"@id\":\"https:\\\/\\\/radioljubuski.ba\\\/index.php\\\/2023\\\/06\\\/05\\\/federalni-premijer-i-dopremijeri-razgovarali-sa-sindikatima-opredjeljenje-vlade-je-smanjiti-poreze-i-povecati-place-radnicima\\\/#breadcrumb\"},\"inLanguage\":\"hr\",\"potentialAction\":[{\"@type\":\"ReadAction\",\"target\":[\"https:\\\/\\\/radioljubuski.ba\\\/index.php\\\/2023\\\/06\\\/05\\\/federalni-premijer-i-dopremijeri-razgovarali-sa-sindikatima-opredjeljenje-vlade-je-smanjiti-poreze-i-povecati-place-radnicima\\\/\"]}]},{\"@type\":\"ImageObject\",\"inLanguage\":\"hr\",\"@id\":\"https:\\\/\\\/radioljubuski.ba\\\/index.php\\\/2023\\\/06\\\/05\\\/federalni-premijer-i-dopremijeri-razgovarali-sa-sindikatima-opredjeljenje-vlade-je-smanjiti-poreze-i-povecati-place-radnicima\\\/#primaryimage\",\"url\":\"https:\\\/\\\/radioljubuski.ba\\\/wp-content\\\/uploads\\\/2023\\\/06\\\/IMG-20230605-WA0004.jpg\",\"contentUrl\":\"https:\\\/\\\/radioljubuski.ba\\\/wp-content\\\/uploads\\\/2023\\\/06\\\/IMG-20230605-WA0004.jpg\",\"width\":1600,\"height\":1201},{\"@type\":\"BreadcrumbList\",\"@id\":\"https:\\\/\\\/radioljubuski.ba\\\/index.php\\\/2023\\\/06\\\/05\\\/federalni-premijer-i-dopremijeri-razgovarali-sa-sindikatima-opredjeljenje-vlade-je-smanjiti-poreze-i-povecati-place-radnicima\\\/#breadcrumb\",\"itemListElement\":[{\"@type\":\"ListItem\",\"position\":1,\"name\":\"Po\u010detna stranica\",\"item\":\"https:\\\/\\\/radioljubuski.ba\\\/\"},{\"@type\":\"ListItem\",\"position\":2,\"name\":\"Federalni premijer i dopremijeri razgovarali sa sindikatima: Opredjeljenje Vlade je smanjiti poreze i pove\u0107ati pla\u0107e radnicima\"}]},{\"@type\":\"WebSite\",\"@id\":\"https:\\\/\\\/radioljubuski.ba\\\/#website\",\"url\":\"https:\\\/\\\/radioljubuski.ba\\\/\",\"name\":\"Radio Ljubu\u0161ki\",\"description\":\"Sun\u010dana frekvencija Hercegovine\",\"publisher\":{\"@id\":\"https:\\\/\\\/radioljubuski.ba\\\/#organization\"},\"potentialAction\":[{\"@type\":\"SearchAction\",\"target\":{\"@type\":\"EntryPoint\",\"urlTemplate\":\"https:\\\/\\\/radioljubuski.ba\\\/?s={search_term_string}\"},\"query-input\":{\"@type\":\"PropertyValueSpecification\",\"valueRequired\":true,\"valueName\":\"search_term_string\"}}],\"inLanguage\":\"hr\"},{\"@type\":\"Organization\",\"@id\":\"https:\\\/\\\/radioljubuski.ba\\\/#organization\",\"name\":\"Radio Ljubu\u0161ki\",\"url\":\"https:\\\/\\\/radioljubuski.ba\\\/\",\"logo\":{\"@type\":\"ImageObject\",\"inLanguage\":\"hr\",\"@id\":\"https:\\\/\\\/radioljubuski.ba\\\/#\\\/schema\\\/logo\\\/image\\\/\",\"url\":\"https:\\\/\\\/radioljubuski.ba\\\/wp-content\\\/uploads\\\/2021\\\/02\\\/cropped-Radio_Ljubuski_logo1.jpg\",\"contentUrl\":\"https:\\\/\\\/radioljubuski.ba\\\/wp-content\\\/uploads\\\/2021\\\/02\\\/cropped-Radio_Ljubuski_logo1.jpg\",\"width\":512,\"height\":512,\"caption\":\"Radio Ljubu\u0161ki\"},\"image\":{\"@id\":\"https:\\\/\\\/radioljubuski.ba\\\/#\\\/schema\\\/logo\\\/image\\\/\"},\"sameAs\":[\"https:\\\/\\\/www.facebook.com\\\/Radiio-Ljubuski-1490835324566332\",\"https:\\\/\\\/x.com\\\/radioljubuski\",\"https:\\\/\\\/hr.linkedin.com\\\/company\\\/radio-ljubuski\",\"https:\\\/\\\/www.youtube.com\\\/channel\\\/UCHYaeO_n0Db3tjNGudGpXyw\"]},{\"@type\":\"Person\",\"@id\":\"https:\\\/\\\/radioljubuski.ba\\\/#\\\/schema\\\/person\\\/19fc700381a780f69665d7956c469e3b\",\"name\":\"Radio Ljubu\u0161ki\"}]}<\/script>\n<!-- \/ Yoast SEO plugin. -->","yoast_head_json":{"title":"Federalni premijer i dopremijeri razgovarali sa sindikatima: Opredjeljenje Vlade je smanjiti poreze i pove\u0107ati pla\u0107e radnicima - RADIO LJUBU\u0160KI","robots":{"index":"index","follow":"follow","max-snippet":"max-snippet:-1","max-image-preview":"max-image-preview:large","max-video-preview":"max-video-preview:-1"},"canonical":"https:\/\/radioljubuski.ba\/index.php\/2023\/06\/05\/federalni-premijer-i-dopremijeri-razgovarali-sa-sindikatima-opredjeljenje-vlade-je-smanjiti-poreze-i-povecati-place-radnicima\/","og_locale":"hr_HR","og_type":"article","og_title":"Federalni premijer i dopremijeri razgovarali sa sindikatima: Opredjeljenje Vlade je smanjiti poreze i pove\u0107ati pla\u0107e radnicima - RADIO LJUBU\u0160KI","og_description":"Premijer Federacije BiH Nermin Nik\u0161i\u0107 i dopremijeri i federalni ministri&nbsp;Toni Kraljevi\u0107&nbsp;i Vojin Mijatovi\u0107, danas su u sjedi\u0161tu Federalne vlade u Sarajevu, razgovarali s izaslanstvom Saveza samostalnih sindikata BiH, koju je predvodio predsjednik Selvedin \u0160atorovi\u0107. Na sastanku se razgovaralo o reformskim projektima koji uklju\u010duju unapre\u0111enje zakonskih rje\u0161enja, a s ciljem pobolj\u0161anja statusa radnika u Federaciji BiH. [&hellip;]","og_url":"https:\/\/radioljubuski.ba\/index.php\/2023\/06\/05\/federalni-premijer-i-dopremijeri-razgovarali-sa-sindikatima-opredjeljenje-vlade-je-smanjiti-poreze-i-povecati-place-radnicima\/","og_site_name":"RADIO LJUBU\u0160KI","article_publisher":"https:\/\/www.facebook.com\/Radiio-Ljubuski-1490835324566332","article_published_time":"2023-06-05T17:37:41+00:00","article_modified_time":"2023-06-05T17:37:42+00:00","og_image":[{"width":1600,"height":1201,"url":"https:\/\/radioljubuski.ba\/wp-content\/uploads\/2023\/06\/IMG-20230605-WA0004.jpg","type":"image\/jpeg"}],"author":"Radio Ljubu\u0161ki","twitter_card":"summary_large_image","twitter_creator":"@radioljubuski","twitter_site":"@radioljubuski","twitter_misc":{"Napisao\/la":"Radio Ljubu\u0161ki","Procijenjeno vrijeme \u010ditanja":"3 minute"},"schema":{"@context":"https:\/\/schema.org","@graph":[{"@type":"Article","@id":"https:\/\/radioljubuski.ba\/index.php\/2023\/06\/05\/federalni-premijer-i-dopremijeri-razgovarali-sa-sindikatima-opredjeljenje-vlade-je-smanjiti-poreze-i-povecati-place-radnicima\/#article","isPartOf":{"@id":"https:\/\/radioljubuski.ba\/index.php\/2023\/06\/05\/federalni-premijer-i-dopremijeri-razgovarali-sa-sindikatima-opredjeljenje-vlade-je-smanjiti-poreze-i-povecati-place-radnicima\/"},"author":{"name":"Radio Ljubu\u0161ki","@id":"https:\/\/radioljubuski.ba\/#\/schema\/person\/19fc700381a780f69665d7956c469e3b"},"headline":"Federalni premijer i dopremijeri razgovarali sa sindikatima: Opredjeljenje Vlade je smanjiti poreze i pove\u0107ati pla\u0107e radnicima","datePublished":"2023-06-05T17:37:41+00:00","dateModified":"2023-06-05T17:37:42+00:00","mainEntityOfPage":{"@id":"https:\/\/radioljubuski.ba\/index.php\/2023\/06\/05\/federalni-premijer-i-dopremijeri-razgovarali-sa-sindikatima-opredjeljenje-vlade-je-smanjiti-poreze-i-povecati-place-radnicima\/"},"wordCount":478,"publisher":{"@id":"https:\/\/radioljubuski.ba\/#organization"},"image":{"@id":"https:\/\/radioljubuski.ba\/index.php\/2023\/06\/05\/federalni-premijer-i-dopremijeri-razgovarali-sa-sindikatima-opredjeljenje-vlade-je-smanjiti-poreze-i-povecati-place-radnicima\/#primaryimage"},"thumbnailUrl":"https:\/\/radioljubuski.ba\/wp-content\/uploads\/2023\/06\/IMG-20230605-WA0004.jpg","articleSection":["Novosti"],"inLanguage":"hr"},{"@type":"WebPage","@id":"https:\/\/radioljubuski.ba\/index.php\/2023\/06\/05\/federalni-premijer-i-dopremijeri-razgovarali-sa-sindikatima-opredjeljenje-vlade-je-smanjiti-poreze-i-povecati-place-radnicima\/","url":"https:\/\/radioljubuski.ba\/index.php\/2023\/06\/05\/federalni-premijer-i-dopremijeri-razgovarali-sa-sindikatima-opredjeljenje-vlade-je-smanjiti-poreze-i-povecati-place-radnicima\/","name":"Federalni premijer i dopremijeri razgovarali sa sindikatima: Opredjeljenje Vlade je smanjiti poreze i pove\u0107ati pla\u0107e radnicima - RADIO LJUBU\u0160KI","isPartOf":{"@id":"https:\/\/radioljubuski.ba\/#website"},"primaryImageOfPage":{"@id":"https:\/\/radioljubuski.ba\/index.php\/2023\/06\/05\/federalni-premijer-i-dopremijeri-razgovarali-sa-sindikatima-opredjeljenje-vlade-je-smanjiti-poreze-i-povecati-place-radnicima\/#primaryimage"},"image":{"@id":"https:\/\/radioljubuski.ba\/index.php\/2023\/06\/05\/federalni-premijer-i-dopremijeri-razgovarali-sa-sindikatima-opredjeljenje-vlade-je-smanjiti-poreze-i-povecati-place-radnicima\/#primaryimage"},"thumbnailUrl":"https:\/\/radioljubuski.ba\/wp-content\/uploads\/2023\/06\/IMG-20230605-WA0004.jpg","datePublished":"2023-06-05T17:37:41+00:00","dateModified":"2023-06-05T17:37:42+00:00","breadcrumb":{"@id":"https:\/\/radioljubuski.ba\/index.php\/2023\/06\/05\/federalni-premijer-i-dopremijeri-razgovarali-sa-sindikatima-opredjeljenje-vlade-je-smanjiti-poreze-i-povecati-place-radnicima\/#breadcrumb"},"inLanguage":"hr","potentialAction":[{"@type":"ReadAction","target":["https:\/\/radioljubuski.ba\/index.php\/2023\/06\/05\/federalni-premijer-i-dopremijeri-razgovarali-sa-sindikatima-opredjeljenje-vlade-je-smanjiti-poreze-i-povecati-place-radnicima\/"]}]},{"@type":"ImageObject","inLanguage":"hr","@id":"https:\/\/radioljubuski.ba\/index.php\/2023\/06\/05\/federalni-premijer-i-dopremijeri-razgovarali-sa-sindikatima-opredjeljenje-vlade-je-smanjiti-poreze-i-povecati-place-radnicima\/#primaryimage","url":"https:\/\/radioljubuski.ba\/wp-content\/uploads\/2023\/06\/IMG-20230605-WA0004.jpg","contentUrl":"https:\/\/radioljubuski.ba\/wp-content\/uploads\/2023\/06\/IMG-20230605-WA0004.jpg","width":1600,"height":1201},{"@type":"BreadcrumbList","@id":"https:\/\/radioljubuski.ba\/index.php\/2023\/06\/05\/federalni-premijer-i-dopremijeri-razgovarali-sa-sindikatima-opredjeljenje-vlade-je-smanjiti-poreze-i-povecati-place-radnicima\/#breadcrumb","itemListElement":[{"@type":"ListItem","position":1,"name":"Po\u010detna stranica","item":"https:\/\/radioljubuski.ba\/"},{"@type":"ListItem","position":2,"name":"Federalni premijer i dopremijeri razgovarali sa sindikatima: Opredjeljenje Vlade je smanjiti poreze i pove\u0107ati pla\u0107e radnicima"}]},{"@type":"WebSite","@id":"https:\/\/radioljubuski.ba\/#website","url":"https:\/\/radioljubuski.ba\/","name":"Radio Ljubu\u0161ki","description":"Sun\u010dana frekvencija Hercegovine","publisher":{"@id":"https:\/\/radioljubuski.ba\/#organization"},"potentialAction":[{"@type":"SearchAction","target":{"@type":"EntryPoint","urlTemplate":"https:\/\/radioljubuski.ba\/?s={search_term_string}"},"query-input":{"@type":"PropertyValueSpecification","valueRequired":true,"valueName":"search_term_string"}}],"inLanguage":"hr"},{"@type":"Organization","@id":"https:\/\/radioljubuski.ba\/#organization","name":"Radio Ljubu\u0161ki","url":"https:\/\/radioljubuski.ba\/","logo":{"@type":"ImageObject","inLanguage":"hr","@id":"https:\/\/radioljubuski.ba\/#\/schema\/logo\/image\/","url":"https:\/\/radioljubuski.ba\/wp-content\/uploads\/2021\/02\/cropped-Radio_Ljubuski_logo1.jpg","contentUrl":"https:\/\/radioljubuski.ba\/wp-content\/uploads\/2021\/02\/cropped-Radio_Ljubuski_logo1.jpg","width":512,"height":512,"caption":"Radio Ljubu\u0161ki"},"image":{"@id":"https:\/\/radioljubuski.ba\/#\/schema\/logo\/image\/"},"sameAs":["https:\/\/www.facebook.com\/Radiio-Ljubuski-1490835324566332","https:\/\/x.com\/radioljubuski","https:\/\/hr.linkedin.com\/company\/radio-ljubuski","https:\/\/www.youtube.com\/channel\/UCHYaeO_n0Db3tjNGudGpXyw"]},{"@type":"Person","@id":"https:\/\/radioljubuski.ba\/#\/schema\/person\/19fc700381a780f69665d7956c469e3b","name":"Radio Ljubu\u0161ki"}]}},"_links":{"self":[{"href":"https:\/\/radioljubuski.ba\/index.php\/wp-json\/wp\/v2\/posts\/191586","targetHints":{"allow":["GET"]}}],"collection":[{"href":"https:\/\/radioljubuski.ba\/index.php\/wp-json\/wp\/v2\/posts"}],"about":[{"href":"https:\/\/radioljubuski.ba\/index.php\/wp-json\/wp\/v2\/types\/post"}],"author":[{"embeddable":true,"href":"https:\/\/radioljubuski.ba\/index.php\/wp-json\/wp\/v2\/users\/2"}],"replies":[{"embeddable":true,"href":"https:\/\/radioljubuski.ba\/index.php\/wp-json\/wp\/v2\/comments?post=191586"}],"version-history":[{"count":1,"href":"https:\/\/radioljubuski.ba\/index.php\/wp-json\/wp\/v2\/posts\/191586\/revisions"}],"predecessor-version":[{"id":191588,"href":"https:\/\/radioljubuski.ba\/index.php\/wp-json\/wp\/v2\/posts\/191586\/revisions\/191588"}],"wp:featuredmedia":[{"embeddable":true,"href":"https:\/\/radioljubuski.ba\/index.php\/wp-json\/wp\/v2\/media\/191587"}],"wp:attachment":[{"href":"https:\/\/radioljubuski.ba\/index.php\/wp-json\/wp\/v2\/media?parent=191586"}],"wp:term":[{"taxonomy":"category","embeddable":true,"href":"https:\/\/radioljubuski.ba\/index.php\/wp-json\/wp\/v2\/categories?post=191586"},{"taxonomy":"post_tag","embeddable":true,"href":"https:\/\/radioljubuski.ba\/index.php\/wp-json\/wp\/v2\/tags?post=191586"}],"curies":[{"name":"wp","href":"https:\/\/api.w.org\/{rel}","templated":true}]}}