{"id":191649,"date":"2023-06-07T10:49:19","date_gmt":"2023-06-07T09:49:19","guid":{"rendered":"https:\/\/radioljubuski.ba\/?p=191649"},"modified":"2023-06-07T10:49:20","modified_gmt":"2023-06-07T09:49:20","slug":"devetnica-s-humca-svaku-vecer-na-tv-i-youtube-kanalu-maria-vision-medugorje","status":"publish","type":"post","link":"https:\/\/radioljubuski.ba\/index.php\/2023\/06\/07\/devetnica-s-humca-svaku-vecer-na-tv-i-youtube-kanalu-maria-vision-medugorje\/","title":{"rendered":"Devetnica s Humca svaku ve\u010der na TV i YouTube kanalu Maria Vision Me\u0111ugorje"},"content":{"rendered":"\n<p>Devetnica sv. Anti u Franjeva\u010dkom samostanu  i \u017eupi sv. Ante Padovanskog na Humcu po\u010dela je u nedjelju 4.lipnja, program zapo\u010dinje u 18:00 sati svetom ispovijedi, u 18:30 sati zapo\u010dinje sveta krunica, a u 19:00 sati sveta misa. Za sve one koji fizi\u010dki ne mogu biti na Humcu, misna slavlja od 19 sati mogu pratiti preko Maria Vision Me\u0111ugorje koji i  godine prenose u\u017eivo devetnicu kao i svetu misu na samu svetkovinu sv. Ante. Pratiti ih mo\u017eete u\u017eivo putem TV i YouTube kanala ( rubrika <strong>u\u017eivo<\/strong>) te putem njihove Facebook stranice. Mo\u017eete pogledati i snimku od prethodnog dana na istom kanalu. <\/p>\n\n\n\n<figure class=\"wp-block-embed is-type-video is-provider-youtube wp-block-embed-youtube wp-embed-aspect-16-9 wp-has-aspect-ratio\"><div class=\"wp-block-embed__wrapper\">\nhttps:\/\/www.youtube.com\/watch?v=23-74Qwmakg\n<\/div><\/figure>\n\n\n\n<figure class=\"wp-block-image size-large\"><img loading=\"lazy\" decoding=\"async\" width=\"960\" height=\"684\" src=\"https:\/\/radioljubuski.ba\/wp-content\/uploads\/2023\/06\/humac.jpg\" alt=\"\" class=\"wp-image-191651\" srcset=\"https:\/\/radioljubuski.ba\/wp-content\/uploads\/2023\/06\/humac.jpg 960w, https:\/\/radioljubuski.ba\/wp-content\/uploads\/2023\/06\/humac-300x214.jpg 300w, https:\/\/radioljubuski.ba\/wp-content\/uploads\/2023\/06\/humac-768x547.jpg 768w\" sizes=\"auto, (max-width: 960px) 100vw, 960px\" \/><\/figure>\n\n\n\n<figure class=\"wp-block-gallery has-nested-images columns-default is-cropped wp-block-gallery-1 is-layout-flex wp-block-gallery-is-layout-flex\"><\/figure>\n","protected":false},"excerpt":{"rendered":"<p>Devetnica sv. Anti u Franjeva\u010dkom samostanu i \u017eupi sv. Ante Padovanskog na Humcu po\u010dela je u nedjelju 4.lipnja, program zapo\u010dinje u 18:00 sati svetom ispovijedi, u 18:30 sati zapo\u010dinje sveta krunica, a u 19:00 sati sveta misa. Za sve one koji fizi\u010dki ne mogu biti na Humcu, misna slavlja od 19 sati mogu pratiti preko [&hellip;]<\/p>\n","protected":false},"author":2,"featured_media":191650,"comment_status":"closed","ping_status":"closed","sticky":false,"template":"","format":"standard","meta":{"h5ap_radio_sources":[],"footnotes":""},"categories":[28],"tags":[],"class_list":["post-191649","post","type-post","status-publish","format-standard","has-post-thumbnail","hentry","category-novosti"],"yoast_head":"<!-- This site is optimized with the Yoast SEO plugin v27.5 - https:\/\/yoast.com\/product\/yoast-seo-wordpress\/ -->\n<title>Devetnica s Humca svaku ve\u010der na TV i YouTube kanalu Maria Vision Me\u0111ugorje - RADIO LJUBU\u0160KI<\/title>\n<meta name=\"robots\" content=\"index, follow, max-snippet:-1, max-image-preview:large, max-video-preview:-1\" \/>\n<link rel=\"canonical\" href=\"https:\/\/radioljubuski.ba\/index.php\/2023\/06\/07\/devetnica-s-humca-svaku-vecer-na-tv-i-youtube-kanalu-maria-vision-medugorje\/\" \/>\n<meta property=\"og:locale\" content=\"hr_HR\" \/>\n<meta property=\"og:type\" content=\"article\" \/>\n<meta property=\"og:title\" content=\"Devetnica s Humca svaku ve\u010der na TV i YouTube kanalu Maria Vision Me\u0111ugorje - RADIO LJUBU\u0160KI\" \/>\n<meta property=\"og:description\" content=\"Devetnica sv. Anti u Franjeva\u010dkom samostanu i \u017eupi sv. Ante Padovanskog na Humcu po\u010dela je u nedjelju 4.lipnja, program zapo\u010dinje u 18:00 sati svetom ispovijedi, u 18:30 sati zapo\u010dinje sveta krunica, a u 19:00 sati sveta misa. Za sve one koji fizi\u010dki ne mogu biti na Humcu, misna slavlja od 19 sati mogu pratiti preko [&hellip;]\" \/>\n<meta property=\"og:url\" content=\"https:\/\/radioljubuski.ba\/index.php\/2023\/06\/07\/devetnica-s-humca-svaku-vecer-na-tv-i-youtube-kanalu-maria-vision-medugorje\/\" \/>\n<meta property=\"og:site_name\" content=\"RADIO LJUBU\u0160KI\" \/>\n<meta property=\"article:publisher\" content=\"https:\/\/www.facebook.com\/Radiio-Ljubuski-1490835324566332\" \/>\n<meta property=\"article:published_time\" content=\"2023-06-07T09:49:19+00:00\" \/>\n<meta property=\"article:modified_time\" content=\"2023-06-07T09:49:20+00:00\" \/>\n<meta property=\"og:image\" content=\"https:\/\/radioljubuski.ba\/wp-content\/uploads\/2023\/06\/ante.jpg\" \/>\n\t<meta property=\"og:image:width\" content=\"1545\" \/>\n\t<meta property=\"og:image:height\" content=\"600\" \/>\n\t<meta property=\"og:image:type\" content=\"image\/jpeg\" \/>\n<meta name=\"author\" content=\"Radio Ljubu\u0161ki\" \/>\n<meta name=\"twitter:card\" content=\"summary_large_image\" \/>\n<meta name=\"twitter:creator\" content=\"@radioljubuski\" \/>\n<meta name=\"twitter:site\" content=\"@radioljubuski\" \/>\n<meta name=\"twitter:label1\" content=\"Napisao\/la\" \/>\n\t<meta name=\"twitter:data1\" content=\"Radio Ljubu\u0161ki\" \/>\n\t<meta name=\"twitter:label2\" content=\"Procijenjeno vrijeme \u010ditanja\" \/>\n\t<meta name=\"twitter:data2\" content=\"1 minuta\" \/>\n<script type=\"application\/ld+json\" class=\"yoast-schema-graph\">{\"@context\":\"https:\\\/\\\/schema.org\",\"@graph\":[{\"@type\":\"Article\",\"@id\":\"https:\\\/\\\/radioljubuski.ba\\\/index.php\\\/2023\\\/06\\\/07\\\/devetnica-s-humca-svaku-vecer-na-tv-i-youtube-kanalu-maria-vision-medugorje\\\/#article\",\"isPartOf\":{\"@id\":\"https:\\\/\\\/radioljubuski.ba\\\/index.php\\\/2023\\\/06\\\/07\\\/devetnica-s-humca-svaku-vecer-na-tv-i-youtube-kanalu-maria-vision-medugorje\\\/\"},\"author\":{\"name\":\"Radio Ljubu\u0161ki\",\"@id\":\"https:\\\/\\\/radioljubuski.ba\\\/#\\\/schema\\\/person\\\/19fc700381a780f69665d7956c469e3b\"},\"headline\":\"Devetnica s Humca svaku ve\u010der na TV i YouTube kanalu Maria Vision Me\u0111ugorje\",\"datePublished\":\"2023-06-07T09:49:19+00:00\",\"dateModified\":\"2023-06-07T09:49:20+00:00\",\"mainEntityOfPage\":{\"@id\":\"https:\\\/\\\/radioljubuski.ba\\\/index.php\\\/2023\\\/06\\\/07\\\/devetnica-s-humca-svaku-vecer-na-tv-i-youtube-kanalu-maria-vision-medugorje\\\/\"},\"wordCount\":129,\"publisher\":{\"@id\":\"https:\\\/\\\/radioljubuski.ba\\\/#organization\"},\"image\":{\"@id\":\"https:\\\/\\\/radioljubuski.ba\\\/index.php\\\/2023\\\/06\\\/07\\\/devetnica-s-humca-svaku-vecer-na-tv-i-youtube-kanalu-maria-vision-medugorje\\\/#primaryimage\"},\"thumbnailUrl\":\"https:\\\/\\\/radioljubuski.ba\\\/wp-content\\\/uploads\\\/2023\\\/06\\\/ante.jpg\",\"articleSection\":[\"Novosti\"],\"inLanguage\":\"hr\"},{\"@type\":\"WebPage\",\"@id\":\"https:\\\/\\\/radioljubuski.ba\\\/index.php\\\/2023\\\/06\\\/07\\\/devetnica-s-humca-svaku-vecer-na-tv-i-youtube-kanalu-maria-vision-medugorje\\\/\",\"url\":\"https:\\\/\\\/radioljubuski.ba\\\/index.php\\\/2023\\\/06\\\/07\\\/devetnica-s-humca-svaku-vecer-na-tv-i-youtube-kanalu-maria-vision-medugorje\\\/\",\"name\":\"Devetnica s Humca svaku ve\u010der na TV i YouTube kanalu Maria Vision Me\u0111ugorje - RADIO LJUBU\u0160KI\",\"isPartOf\":{\"@id\":\"https:\\\/\\\/radioljubuski.ba\\\/#website\"},\"primaryImageOfPage\":{\"@id\":\"https:\\\/\\\/radioljubuski.ba\\\/index.php\\\/2023\\\/06\\\/07\\\/devetnica-s-humca-svaku-vecer-na-tv-i-youtube-kanalu-maria-vision-medugorje\\\/#primaryimage\"},\"image\":{\"@id\":\"https:\\\/\\\/radioljubuski.ba\\\/index.php\\\/2023\\\/06\\\/07\\\/devetnica-s-humca-svaku-vecer-na-tv-i-youtube-kanalu-maria-vision-medugorje\\\/#primaryimage\"},\"thumbnailUrl\":\"https:\\\/\\\/radioljubuski.ba\\\/wp-content\\\/uploads\\\/2023\\\/06\\\/ante.jpg\",\"datePublished\":\"2023-06-07T09:49:19+00:00\",\"dateModified\":\"2023-06-07T09:49:20+00:00\",\"breadcrumb\":{\"@id\":\"https:\\\/\\\/radioljubuski.ba\\\/index.php\\\/2023\\\/06\\\/07\\\/devetnica-s-humca-svaku-vecer-na-tv-i-youtube-kanalu-maria-vision-medugorje\\\/#breadcrumb\"},\"inLanguage\":\"hr\",\"potentialAction\":[{\"@type\":\"ReadAction\",\"target\":[\"https:\\\/\\\/radioljubuski.ba\\\/index.php\\\/2023\\\/06\\\/07\\\/devetnica-s-humca-svaku-vecer-na-tv-i-youtube-kanalu-maria-vision-medugorje\\\/\"]}]},{\"@type\":\"ImageObject\",\"inLanguage\":\"hr\",\"@id\":\"https:\\\/\\\/radioljubuski.ba\\\/index.php\\\/2023\\\/06\\\/07\\\/devetnica-s-humca-svaku-vecer-na-tv-i-youtube-kanalu-maria-vision-medugorje\\\/#primaryimage\",\"url\":\"https:\\\/\\\/radioljubuski.ba\\\/wp-content\\\/uploads\\\/2023\\\/06\\\/ante.jpg\",\"contentUrl\":\"https:\\\/\\\/radioljubuski.ba\\\/wp-content\\\/uploads\\\/2023\\\/06\\\/ante.jpg\",\"width\":1545,\"height\":600},{\"@type\":\"BreadcrumbList\",\"@id\":\"https:\\\/\\\/radioljubuski.ba\\\/index.php\\\/2023\\\/06\\\/07\\\/devetnica-s-humca-svaku-vecer-na-tv-i-youtube-kanalu-maria-vision-medugorje\\\/#breadcrumb\",\"itemListElement\":[{\"@type\":\"ListItem\",\"position\":1,\"name\":\"Po\u010detna stranica\",\"item\":\"https:\\\/\\\/radioljubuski.ba\\\/\"},{\"@type\":\"ListItem\",\"position\":2,\"name\":\"Devetnica s Humca svaku ve\u010der na TV i YouTube kanalu Maria Vision Me\u0111ugorje\"}]},{\"@type\":\"WebSite\",\"@id\":\"https:\\\/\\\/radioljubuski.ba\\\/#website\",\"url\":\"https:\\\/\\\/radioljubuski.ba\\\/\",\"name\":\"Radio Ljubu\u0161ki\",\"description\":\"Sun\u010dana frekvencija Hercegovine\",\"publisher\":{\"@id\":\"https:\\\/\\\/radioljubuski.ba\\\/#organization\"},\"potentialAction\":[{\"@type\":\"SearchAction\",\"target\":{\"@type\":\"EntryPoint\",\"urlTemplate\":\"https:\\\/\\\/radioljubuski.ba\\\/?s={search_term_string}\"},\"query-input\":{\"@type\":\"PropertyValueSpecification\",\"valueRequired\":true,\"valueName\":\"search_term_string\"}}],\"inLanguage\":\"hr\"},{\"@type\":\"Organization\",\"@id\":\"https:\\\/\\\/radioljubuski.ba\\\/#organization\",\"name\":\"Radio Ljubu\u0161ki\",\"url\":\"https:\\\/\\\/radioljubuski.ba\\\/\",\"logo\":{\"@type\":\"ImageObject\",\"inLanguage\":\"hr\",\"@id\":\"https:\\\/\\\/radioljubuski.ba\\\/#\\\/schema\\\/logo\\\/image\\\/\",\"url\":\"https:\\\/\\\/radioljubuski.ba\\\/wp-content\\\/uploads\\\/2021\\\/02\\\/cropped-Radio_Ljubuski_logo1.jpg\",\"contentUrl\":\"https:\\\/\\\/radioljubuski.ba\\\/wp-content\\\/uploads\\\/2021\\\/02\\\/cropped-Radio_Ljubuski_logo1.jpg\",\"width\":512,\"height\":512,\"caption\":\"Radio Ljubu\u0161ki\"},\"image\":{\"@id\":\"https:\\\/\\\/radioljubuski.ba\\\/#\\\/schema\\\/logo\\\/image\\\/\"},\"sameAs\":[\"https:\\\/\\\/www.facebook.com\\\/Radiio-Ljubuski-1490835324566332\",\"https:\\\/\\\/x.com\\\/radioljubuski\",\"https:\\\/\\\/hr.linkedin.com\\\/company\\\/radio-ljubuski\",\"https:\\\/\\\/www.youtube.com\\\/channel\\\/UCHYaeO_n0Db3tjNGudGpXyw\"]},{\"@type\":\"Person\",\"@id\":\"https:\\\/\\\/radioljubuski.ba\\\/#\\\/schema\\\/person\\\/19fc700381a780f69665d7956c469e3b\",\"name\":\"Radio Ljubu\u0161ki\"}]}<\/script>\n<!-- \/ Yoast SEO plugin. -->","yoast_head_json":{"title":"Devetnica s Humca svaku ve\u010der na TV i YouTube kanalu Maria Vision Me\u0111ugorje - RADIO LJUBU\u0160KI","robots":{"index":"index","follow":"follow","max-snippet":"max-snippet:-1","max-image-preview":"max-image-preview:large","max-video-preview":"max-video-preview:-1"},"canonical":"https:\/\/radioljubuski.ba\/index.php\/2023\/06\/07\/devetnica-s-humca-svaku-vecer-na-tv-i-youtube-kanalu-maria-vision-medugorje\/","og_locale":"hr_HR","og_type":"article","og_title":"Devetnica s Humca svaku ve\u010der na TV i YouTube kanalu Maria Vision Me\u0111ugorje - RADIO LJUBU\u0160KI","og_description":"Devetnica sv. Anti u Franjeva\u010dkom samostanu i \u017eupi sv. Ante Padovanskog na Humcu po\u010dela je u nedjelju 4.lipnja, program zapo\u010dinje u 18:00 sati svetom ispovijedi, u 18:30 sati zapo\u010dinje sveta krunica, a u 19:00 sati sveta misa. Za sve one koji fizi\u010dki ne mogu biti na Humcu, misna slavlja od 19 sati mogu pratiti preko [&hellip;]","og_url":"https:\/\/radioljubuski.ba\/index.php\/2023\/06\/07\/devetnica-s-humca-svaku-vecer-na-tv-i-youtube-kanalu-maria-vision-medugorje\/","og_site_name":"RADIO LJUBU\u0160KI","article_publisher":"https:\/\/www.facebook.com\/Radiio-Ljubuski-1490835324566332","article_published_time":"2023-06-07T09:49:19+00:00","article_modified_time":"2023-06-07T09:49:20+00:00","og_image":[{"width":1545,"height":600,"url":"https:\/\/radioljubuski.ba\/wp-content\/uploads\/2023\/06\/ante.jpg","type":"image\/jpeg"}],"author":"Radio Ljubu\u0161ki","twitter_card":"summary_large_image","twitter_creator":"@radioljubuski","twitter_site":"@radioljubuski","twitter_misc":{"Napisao\/la":"Radio Ljubu\u0161ki","Procijenjeno vrijeme \u010ditanja":"1 minuta"},"schema":{"@context":"https:\/\/schema.org","@graph":[{"@type":"Article","@id":"https:\/\/radioljubuski.ba\/index.php\/2023\/06\/07\/devetnica-s-humca-svaku-vecer-na-tv-i-youtube-kanalu-maria-vision-medugorje\/#article","isPartOf":{"@id":"https:\/\/radioljubuski.ba\/index.php\/2023\/06\/07\/devetnica-s-humca-svaku-vecer-na-tv-i-youtube-kanalu-maria-vision-medugorje\/"},"author":{"name":"Radio Ljubu\u0161ki","@id":"https:\/\/radioljubuski.ba\/#\/schema\/person\/19fc700381a780f69665d7956c469e3b"},"headline":"Devetnica s Humca svaku ve\u010der na TV i YouTube kanalu Maria Vision Me\u0111ugorje","datePublished":"2023-06-07T09:49:19+00:00","dateModified":"2023-06-07T09:49:20+00:00","mainEntityOfPage":{"@id":"https:\/\/radioljubuski.ba\/index.php\/2023\/06\/07\/devetnica-s-humca-svaku-vecer-na-tv-i-youtube-kanalu-maria-vision-medugorje\/"},"wordCount":129,"publisher":{"@id":"https:\/\/radioljubuski.ba\/#organization"},"image":{"@id":"https:\/\/radioljubuski.ba\/index.php\/2023\/06\/07\/devetnica-s-humca-svaku-vecer-na-tv-i-youtube-kanalu-maria-vision-medugorje\/#primaryimage"},"thumbnailUrl":"https:\/\/radioljubuski.ba\/wp-content\/uploads\/2023\/06\/ante.jpg","articleSection":["Novosti"],"inLanguage":"hr"},{"@type":"WebPage","@id":"https:\/\/radioljubuski.ba\/index.php\/2023\/06\/07\/devetnica-s-humca-svaku-vecer-na-tv-i-youtube-kanalu-maria-vision-medugorje\/","url":"https:\/\/radioljubuski.ba\/index.php\/2023\/06\/07\/devetnica-s-humca-svaku-vecer-na-tv-i-youtube-kanalu-maria-vision-medugorje\/","name":"Devetnica s Humca svaku ve\u010der na TV i YouTube kanalu Maria Vision Me\u0111ugorje - RADIO LJUBU\u0160KI","isPartOf":{"@id":"https:\/\/radioljubuski.ba\/#website"},"primaryImageOfPage":{"@id":"https:\/\/radioljubuski.ba\/index.php\/2023\/06\/07\/devetnica-s-humca-svaku-vecer-na-tv-i-youtube-kanalu-maria-vision-medugorje\/#primaryimage"},"image":{"@id":"https:\/\/radioljubuski.ba\/index.php\/2023\/06\/07\/devetnica-s-humca-svaku-vecer-na-tv-i-youtube-kanalu-maria-vision-medugorje\/#primaryimage"},"thumbnailUrl":"https:\/\/radioljubuski.ba\/wp-content\/uploads\/2023\/06\/ante.jpg","datePublished":"2023-06-07T09:49:19+00:00","dateModified":"2023-06-07T09:49:20+00:00","breadcrumb":{"@id":"https:\/\/radioljubuski.ba\/index.php\/2023\/06\/07\/devetnica-s-humca-svaku-vecer-na-tv-i-youtube-kanalu-maria-vision-medugorje\/#breadcrumb"},"inLanguage":"hr","potentialAction":[{"@type":"ReadAction","target":["https:\/\/radioljubuski.ba\/index.php\/2023\/06\/07\/devetnica-s-humca-svaku-vecer-na-tv-i-youtube-kanalu-maria-vision-medugorje\/"]}]},{"@type":"ImageObject","inLanguage":"hr","@id":"https:\/\/radioljubuski.ba\/index.php\/2023\/06\/07\/devetnica-s-humca-svaku-vecer-na-tv-i-youtube-kanalu-maria-vision-medugorje\/#primaryimage","url":"https:\/\/radioljubuski.ba\/wp-content\/uploads\/2023\/06\/ante.jpg","contentUrl":"https:\/\/radioljubuski.ba\/wp-content\/uploads\/2023\/06\/ante.jpg","width":1545,"height":600},{"@type":"BreadcrumbList","@id":"https:\/\/radioljubuski.ba\/index.php\/2023\/06\/07\/devetnica-s-humca-svaku-vecer-na-tv-i-youtube-kanalu-maria-vision-medugorje\/#breadcrumb","itemListElement":[{"@type":"ListItem","position":1,"name":"Po\u010detna stranica","item":"https:\/\/radioljubuski.ba\/"},{"@type":"ListItem","position":2,"name":"Devetnica s Humca svaku ve\u010der na TV i YouTube kanalu Maria Vision Me\u0111ugorje"}]},{"@type":"WebSite","@id":"https:\/\/radioljubuski.ba\/#website","url":"https:\/\/radioljubuski.ba\/","name":"Radio Ljubu\u0161ki","description":"Sun\u010dana frekvencija Hercegovine","publisher":{"@id":"https:\/\/radioljubuski.ba\/#organization"},"potentialAction":[{"@type":"SearchAction","target":{"@type":"EntryPoint","urlTemplate":"https:\/\/radioljubuski.ba\/?s={search_term_string}"},"query-input":{"@type":"PropertyValueSpecification","valueRequired":true,"valueName":"search_term_string"}}],"inLanguage":"hr"},{"@type":"Organization","@id":"https:\/\/radioljubuski.ba\/#organization","name":"Radio Ljubu\u0161ki","url":"https:\/\/radioljubuski.ba\/","logo":{"@type":"ImageObject","inLanguage":"hr","@id":"https:\/\/radioljubuski.ba\/#\/schema\/logo\/image\/","url":"https:\/\/radioljubuski.ba\/wp-content\/uploads\/2021\/02\/cropped-Radio_Ljubuski_logo1.jpg","contentUrl":"https:\/\/radioljubuski.ba\/wp-content\/uploads\/2021\/02\/cropped-Radio_Ljubuski_logo1.jpg","width":512,"height":512,"caption":"Radio Ljubu\u0161ki"},"image":{"@id":"https:\/\/radioljubuski.ba\/#\/schema\/logo\/image\/"},"sameAs":["https:\/\/www.facebook.com\/Radiio-Ljubuski-1490835324566332","https:\/\/x.com\/radioljubuski","https:\/\/hr.linkedin.com\/company\/radio-ljubuski","https:\/\/www.youtube.com\/channel\/UCHYaeO_n0Db3tjNGudGpXyw"]},{"@type":"Person","@id":"https:\/\/radioljubuski.ba\/#\/schema\/person\/19fc700381a780f69665d7956c469e3b","name":"Radio Ljubu\u0161ki"}]}},"_links":{"self":[{"href":"https:\/\/radioljubuski.ba\/index.php\/wp-json\/wp\/v2\/posts\/191649","targetHints":{"allow":["GET"]}}],"collection":[{"href":"https:\/\/radioljubuski.ba\/index.php\/wp-json\/wp\/v2\/posts"}],"about":[{"href":"https:\/\/radioljubuski.ba\/index.php\/wp-json\/wp\/v2\/types\/post"}],"author":[{"embeddable":true,"href":"https:\/\/radioljubuski.ba\/index.php\/wp-json\/wp\/v2\/users\/2"}],"replies":[{"embeddable":true,"href":"https:\/\/radioljubuski.ba\/index.php\/wp-json\/wp\/v2\/comments?post=191649"}],"version-history":[{"count":1,"href":"https:\/\/radioljubuski.ba\/index.php\/wp-json\/wp\/v2\/posts\/191649\/revisions"}],"predecessor-version":[{"id":191652,"href":"https:\/\/radioljubuski.ba\/index.php\/wp-json\/wp\/v2\/posts\/191649\/revisions\/191652"}],"wp:featuredmedia":[{"embeddable":true,"href":"https:\/\/radioljubuski.ba\/index.php\/wp-json\/wp\/v2\/media\/191650"}],"wp:attachment":[{"href":"https:\/\/radioljubuski.ba\/index.php\/wp-json\/wp\/v2\/media?parent=191649"}],"wp:term":[{"taxonomy":"category","embeddable":true,"href":"https:\/\/radioljubuski.ba\/index.php\/wp-json\/wp\/v2\/categories?post=191649"},{"taxonomy":"post_tag","embeddable":true,"href":"https:\/\/radioljubuski.ba\/index.php\/wp-json\/wp\/v2\/tags?post=191649"}],"curies":[{"name":"wp","href":"https:\/\/api.w.org\/{rel}","templated":true}]}}