{"id":19166,"date":"2021-05-06T23:15:58","date_gmt":"2021-05-06T22:15:58","guid":{"rendered":"https:\/\/radioljubuski.ba\/?p=19166"},"modified":"2021-05-06T23:15:59","modified_gmt":"2021-05-06T22:15:59","slug":"uskok-podignuo-optuznicu-protiv-kuscevica-nisam-zabrinut","status":"publish","type":"post","link":"https:\/\/radioljubuski.ba\/index.php\/2021\/05\/06\/uskok-podignuo-optuznicu-protiv-kuscevica-nisam-zabrinut\/","title":{"rendered":"USKOK podignuo optu\u017enicu protiv Ku\u0161\u010devi\u0107a: &#8220;Nisam zabrinut&#8221;"},"content":{"rendered":"\n<p><strong>Na \u017dupanijskom sudu u Splitu USKOK je podignuo optu\u017enicu protiv Lovre Ku\u0161\u010devi\u0107a, biv\u0161eg ministra graditeljstva, njegove supruge te jo\u0161 \u010detiri osobe zbog zloporabe ovlasti te davanja i primanja mita. &#8220;Nisam niti malo zabrinut, jedva \u010dekam dokazati svoju nevinost pred hrvatskim sudom&#8221;, poru\u010dio je Lovro Ku\u0161\u010devi\u0107 za HRT.&nbsp;<\/strong><\/p>\n\n\n\n<p>Istraga je pokrenuta u rujnu 2019. dva mjeseca nakon \u0161to je Ku\u0161\u010devi\u0107, o \u010dijim su navodnim aferama iscrpno pisali mediji, podnio ostavku na ministarsku du\u017enost.<br><br>Otkriveno da je Ku\u0161\u010devi\u0107 kao op\u0107inski na\u010delnik inicirao izmjenu prostornog plana kako bi svoju \u0161talu prenamijenio u stambeni prostor te da je \u0161ogoru bespravno omogu\u0107io kupnju POS-ova stana. U daljnjoj je istrazi utvr\u0111ena sumnja u po\u010dinjenje ve\u0107eg niza kaznenih djela.<br><br>Lovro Ku\u0161\u010devi\u0107 se javio SMS porukom u kojoj ka\u017ee da se radi o neutemeljenoj predizbornoj optu\u017enici. Ka\u017ee da ga nimalo nije strah i da jedva \u010deka stati pred sud i dokazati svoju nevinost, izvvijestila je za Dnevnik HTV-a Ivana \u0160ilovi\u0107.<br><br>Istraga je naknadno dva puta pro\u0161irivana pa su uz njega optu\u017eeni i njegova supruga Zorana Ku\u0161\u010devi\u0107, \u0161ogor Ivica \u017duvi\u0107, biv\u0161i predsjednik Op\u0107inskog vije\u0107a Nere\u017ei\u0161\u0107a Jak\u0161a Goi\u0107, pro\u010delnik Jedinstvenog upravnog odjela Op\u0107ine Nere\u017ei\u0161\u0107a Svemir Obilinovi\u0107 i splitski poduzetnik Ante Marinovi\u0107.<br><br><strong>Ku\u0161\u010devi\u0107 optu\u017een za prenamjenu zemlji\u0161ta, dodjeljivanje stana i mito<\/strong><strong><br><\/strong><br>Uskok je na svojoj internetskoj stranici objavio da je podigao optu\u017enicu protiv \u0161estero hrvatskih dr\u017eavljana zbog zlouporabe polo\u017eaja i ovlasti, pomaganja i poticanja na to nedjelo, primanje mita, pomaganja u primanju mita, davanja mita, poticanja na zlouporabu povjerenja u gospodarskom poslovanju, poticanja na prouzro\u010denje ste\u010daja te sprje\u010davanje dokazivanja.<br><br>Osim za prenamjene zemlji\u0161ta, izmjene prostornog plana od kojih je samo on imao koristi, dodjeljivanje POS-ovog stana \u0161ogoru, Ku\u0161\u010devi\u0107a tu\u017eiteljstvo tereti i za mito te nezakonitosti s nekretninama njegove.<br><br>Biv\u0161i ministar o po\u010detka odbacuje sve \u0161to mu tu\u017eiteljstvo stavlja na teret.<br><br>Uskok je precizirao da je Ku\u0161\u010devi\u0107, znaju\u0107i kao na\u010delnik Op\u0107ine Nere\u017ei\u0161\u0107a da se priprema \u0161irenje granica gra\u0111evinskih podru\u010dja naselja, zajedno sa svojom suprugom kontaktirao vlasnike zemlji\u0161ta. Pritom je, dodaje Uskok, pre\u0161utio da njihova zemlji\u0161ta udovoljavaju uvjetima za prenamjenu u gra\u0111evinsko zemlji\u0161te te im je la\u017eno prikazao da ih planira koristiti u poljoprivredne svrhe.<br><br>Kada su mu vlasnici nekretnina povjerovali i pristali prodati zemlji\u0161ta, Ku\u0161\u010devi\u0107 je, prikrivaju\u0107i vlastito sudjelovanje u tim pravnim poslovima, dogovorio sa svojom suprugom da kupi nekretnine u ukupnom iznosu od 70.000 kuna. Ku\u0161\u010devi\u0107 je zatim, nadodaje Uskok, u o\u017eujku 2010. izra\u0111iva\u010du Prostornog plana predlo\u017eio da se granice gra\u0111evinskog podru\u010dja pro\u0161ire i na \u010destice zemlji\u0161ta koja je ranije kupila njegova supruga.<br><br>S obzirom da su kupljene \u010destice udovoljavale uvjetima, uvr\u0161tene su u gra\u0111evinsku zonu naselja, dok je Ku\u0161\u010devi\u0107eva supruga u svibnju 2017. ishodila rje\u0161enja o uvjetima gra\u0111enja i provela parcelaciju zemlji\u0161ta.<\/p>\n\n\n\n<p><strong>Uskok: Ku\u0161\u010devi\u0107ev \u0161ogor podnio la\u017enu prijavu za stan<\/strong><strong><br><br><\/strong>Ku\u0161\u010devi\u0107 je potom, zajedno sa suprugom, prodao 1951 \u010detvorni metar tog zemlji\u0161ta zagreba\u010dkoj tvrtki za 200.000 eura, dok je preostali dio zemlji\u0161ta ostao u vlasni\u0161tvu Zorane Ku\u0161\u010devi\u0107. Time su supru\u017enici pribavili nepripadnu korist od najmanje 2,2 milijuna kuna, preciziralo je tu\u017eiteljstvo.<br><br>Nadalje se Ku\u0161\u010devi\u0107 tereti da je svojem \u0161ogoru omogu\u0107io kupnju stana iz POS-ovog programa, iako Ivica \u017duvi\u0107 na to nije imao pravo jer je jedan od uvjeta za kupnju bio da kupac nema nekretnine u vlasni\u0161tvu.<br><br>Me\u0111utim, \u017duvi\u0107 je op\u0107ini podnio la\u017enu izjavu u kojoj je naveo da u vlasni\u0161tvu nema nikakvih nekretnina, dok je Ku\u0161\u010devi\u0107 kao voditelj povjerenstva za dodjelu POS-ovih stanova ostalim \u010dlanovima povjerenstva neistinito predo\u010dio kako \u017duvi\u0107ev zahtjev udovoljava natje\u010dajnim uvjetima.<br><br>Uz to, Ku\u0161\u010devi\u0107 je kao na\u010delnik Nere\u017ei\u0161\u0107a uvrstio \u017duvi\u0107a na kona\u010dnu listu prvenstva za kupnju stana pa je \u017duvi\u0107 u kona\u010dnici kupio stan po ni\u017eoj kamatnoj stopi. Pritom je \u017duvi\u0107 pribavio korist od 73.699 kuna.<br><br>Osim toga, Ku\u0161\u010devi\u0107 se tereti da je omogu\u0107io splitskom poduzetniku Anti Marinovi\u0107u prenamjenu poljoprivrednog zemlji\u0161ta u uvali Gr\u0161ka u gra\u0111evinsko zemlji\u0161te na kojem je poduzetnik planirao pokrenuti obiteljsko poljoprivredno gospodarstvo.<br><br>Pritom su Ku\u0161\u010devi\u0107 i Marinovi\u0107 dogovorili da \u0107e potonji kao protuuslugu Ku\u0161\u010devi\u0107u prepustiti vlasni\u0161tvo na dijelu zemlji\u0161ta na kojem se nalazila ru\u0161evna nastamba koja udovoljava uvjetima za rekonstrukciju i adaptaciju u gospodarsku zgradu. Kako bi prikrili sudjelovanje, Ku\u0161\u010devi\u0107 i Marinovi\u0107 su dogovorili da zemlji\u0161te po cijeni od 5180 eura kupi Ku\u0161\u010devi\u0107ev \u0161ogor Ivica \u017duvi\u0107.<br><br>Marinovi\u0107 je nakon toga prenamijenio \u010desticu iz \u0161ume u maslinik, dok je Ku\u0161\u010devi\u0107 kupljenu \u010desticu u uvali Gr\u0161ka prenamijenio u gra\u0111evinsko zemlji\u0161te pa je \u017duvi\u0107 obnovio gospodarsku zgradu koju je kasnije prenio na Ku\u0161\u010devi\u0107evog oca.<br><br>Uskok Ku\u0161\u010devi\u0107a tereti da je s Goi\u0107em i Obilinovi\u0107em dogovorio prenamjenu Ku\u0161\u010devi\u0107evih \u0161tala u stambene i poslovne zgrade. Kada je Goi\u0107 predstavio prenamjenu Op\u0107inskom vije\u0107u,&nbsp;Ku\u0161\u010devi\u0107 je vije\u0107nike uvjerio da je oma\u0161kom izostavljena odredba o uvjetima prenamjene pa je u kona\u010dnici Ku\u0161\u010devi\u0107 prenamijenio \u0161talu u stambeni objekt.<br><br><strong>Prodao poslovne prostore radi umanjivanja ste\u010dajne mase<\/strong><strong><br><br><\/strong>Osim toga, Ku\u0161\u010devi\u0107a se tereti da je sa svojim tastom dogovorio prodaju \u010detiri poslovna prostora u Supetru kako bi umanjio ste\u010dajnu masu svoje tvrtke i sebi pribavio imovinsku korist. Pritom je Ku\u0161\u010devi\u0107 uvjerio banku kao zalo\u017enog vjerovnika da \u0107e platiti preostali kredit kojim su kupljeni poslovni prostori, a kako banka ne bi pokrenula postupak prodaje tih nekretnina.<br><br>Ku\u0161\u010devi\u0107 je radi prikrivanja stvarne vrijednosti tih nekretnina naveo da su poslovni prostori u stanju grubih radova. Kasnije je Ku\u0161\u010devi\u0107, dodaje Uskok, uredio te poslovne prostore i prodao ih jednoj supetarskoj tvrtki za 301.000 eura. Time je Ku\u0161\u0107evi\u0107, nadodaje Uskok, umanjio ste\u010dajnu masu i o\u0161tetio vjerovnike za najmanje 420 tisu\u0107a kuna.<br><br><strong>Tereti ga se i da je utjecao na svjedoka<\/strong><strong><br><br><\/strong>Optu\u017enicom se Ku\u0161\u010devi\u0107u stavlja na teret i da je 10. studenog 2020. u Nere\u017ei\u0161\u0107ima utjecao na svjedoka koji je bio zaposlen u tvrtki Ku\u0161\u010devi\u0107evog oca. Znaju\u0107i da \u0107e svjedok biti ispitan idu\u0107i dan, Ku\u0161\u010devi\u0107 je od svjedoka tra\u017eio da navede da je njegov otac od Ku\u0161\u010devi\u0107evog sada pokojnog tasta primio 100.000 kuna na ime nepla\u0107ene zakupnine za poslovni prostor u Supetru.<br><br>Uz to, Ku\u0161\u010devi\u0107 je tra\u017eio od svjedoka da navede da njegova supruga nije imala nikakav utjecaj na vo\u0111enje Ku\u0161\u010devi\u0107eve tvrtke, ve\u0107 da je sve poslovne odluke donosio sada njegov pokojni tast. Ku\u0161\u010devi\u0107 je, isti\u010de tu\u017eiteljstvo, obe\u0107ao svjedoku da \u0107e odu\u017eiti njemu i njegovoj obitelji te podmiriti dug, a na \u0161to svjedok nije pristao.<\/p>\n\n\n\n<p>Izvor:hrt.hr<\/p>\n","protected":false},"excerpt":{"rendered":"<p>Na \u017dupanijskom sudu u Splitu USKOK je podignuo optu\u017enicu protiv Lovre Ku\u0161\u010devi\u0107a, biv\u0161eg ministra graditeljstva, njegove supruge te jo\u0161 \u010detiri osobe zbog zloporabe ovlasti te davanja i primanja mita. &#8220;Nisam niti malo zabrinut, jedva \u010dekam dokazati svoju nevinost pred hrvatskim sudom&#8221;, poru\u010dio je Lovro Ku\u0161\u010devi\u0107 za HRT.&nbsp; Istraga je pokrenuta u rujnu 2019. dva mjeseca [&hellip;]<\/p>\n","protected":false},"author":2,"featured_media":19167,"comment_status":"closed","ping_status":"closed","sticky":false,"template":"","format":"standard","meta":{"h5ap_radio_sources":[],"footnotes":""},"categories":[1],"tags":[],"class_list":["post-19166","post","type-post","status-publish","format-standard","has-post-thumbnail","hentry","category-bihiregija"],"yoast_head":"<!-- This site is optimized with the Yoast SEO plugin v27.5 - https:\/\/yoast.com\/product\/yoast-seo-wordpress\/ -->\n<title>USKOK podignuo optu\u017enicu protiv Ku\u0161\u010devi\u0107a: &quot;Nisam zabrinut&quot; - RADIO LJUBU\u0160KI<\/title>\n<meta name=\"robots\" content=\"index, follow, max-snippet:-1, max-image-preview:large, max-video-preview:-1\" \/>\n<link rel=\"canonical\" href=\"https:\/\/radioljubuski.ba\/index.php\/2021\/05\/06\/uskok-podignuo-optuznicu-protiv-kuscevica-nisam-zabrinut\/\" \/>\n<meta property=\"og:locale\" content=\"hr_HR\" \/>\n<meta property=\"og:type\" content=\"article\" \/>\n<meta property=\"og:title\" content=\"USKOK podignuo optu\u017enicu protiv Ku\u0161\u010devi\u0107a: &quot;Nisam zabrinut&quot; - RADIO LJUBU\u0160KI\" \/>\n<meta property=\"og:description\" content=\"Na \u017dupanijskom sudu u Splitu USKOK je podignuo optu\u017enicu protiv Lovre Ku\u0161\u010devi\u0107a, biv\u0161eg ministra graditeljstva, njegove supruge te jo\u0161 \u010detiri osobe zbog zloporabe ovlasti te davanja i primanja mita. &#8220;Nisam niti malo zabrinut, jedva \u010dekam dokazati svoju nevinost pred hrvatskim sudom&#8221;, poru\u010dio je Lovro Ku\u0161\u010devi\u0107 za HRT.&nbsp; Istraga je pokrenuta u rujnu 2019. dva mjeseca [&hellip;]\" \/>\n<meta property=\"og:url\" content=\"https:\/\/radioljubuski.ba\/index.php\/2021\/05\/06\/uskok-podignuo-optuznicu-protiv-kuscevica-nisam-zabrinut\/\" \/>\n<meta property=\"og:site_name\" content=\"RADIO LJUBU\u0160KI\" \/>\n<meta property=\"article:publisher\" content=\"https:\/\/www.facebook.com\/Radiio-Ljubuski-1490835324566332\" \/>\n<meta property=\"article:published_time\" content=\"2021-05-06T22:15:58+00:00\" \/>\n<meta property=\"article:modified_time\" content=\"2021-05-06T22:15:59+00:00\" \/>\n<meta property=\"og:image\" content=\"https:\/\/radioljubuski.ba\/wp-content\/uploads\/2021\/05\/untitled-design-7_Cjc6HMe.jpg\" \/>\n\t<meta property=\"og:image:width\" content=\"1200\" \/>\n\t<meta property=\"og:image:height\" content=\"800\" \/>\n\t<meta property=\"og:image:type\" content=\"image\/jpeg\" \/>\n<meta name=\"author\" content=\"Radio Ljubu\u0161ki\" \/>\n<meta name=\"twitter:card\" content=\"summary_large_image\" \/>\n<meta name=\"twitter:creator\" content=\"@radioljubuski\" \/>\n<meta name=\"twitter:site\" content=\"@radioljubuski\" \/>\n<meta name=\"twitter:label1\" content=\"Napisao\/la\" \/>\n\t<meta name=\"twitter:data1\" content=\"Radio Ljubu\u0161ki\" \/>\n\t<meta name=\"twitter:label2\" content=\"Procijenjeno vrijeme \u010ditanja\" \/>\n\t<meta name=\"twitter:data2\" content=\"5 minuta\" \/>\n<script type=\"application\/ld+json\" class=\"yoast-schema-graph\">{\"@context\":\"https:\\\/\\\/schema.org\",\"@graph\":[{\"@type\":\"Article\",\"@id\":\"https:\\\/\\\/radioljubuski.ba\\\/index.php\\\/2021\\\/05\\\/06\\\/uskok-podignuo-optuznicu-protiv-kuscevica-nisam-zabrinut\\\/#article\",\"isPartOf\":{\"@id\":\"https:\\\/\\\/radioljubuski.ba\\\/index.php\\\/2021\\\/05\\\/06\\\/uskok-podignuo-optuznicu-protiv-kuscevica-nisam-zabrinut\\\/\"},\"author\":{\"name\":\"Radio Ljubu\u0161ki\",\"@id\":\"https:\\\/\\\/radioljubuski.ba\\\/#\\\/schema\\\/person\\\/19fc700381a780f69665d7956c469e3b\"},\"headline\":\"USKOK podignuo optu\u017enicu protiv Ku\u0161\u010devi\u0107a: &#8220;Nisam zabrinut&#8221;\",\"datePublished\":\"2021-05-06T22:15:58+00:00\",\"dateModified\":\"2021-05-06T22:15:59+00:00\",\"mainEntityOfPage\":{\"@id\":\"https:\\\/\\\/radioljubuski.ba\\\/index.php\\\/2021\\\/05\\\/06\\\/uskok-podignuo-optuznicu-protiv-kuscevica-nisam-zabrinut\\\/\"},\"wordCount\":1178,\"publisher\":{\"@id\":\"https:\\\/\\\/radioljubuski.ba\\\/#organization\"},\"image\":{\"@id\":\"https:\\\/\\\/radioljubuski.ba\\\/index.php\\\/2021\\\/05\\\/06\\\/uskok-podignuo-optuznicu-protiv-kuscevica-nisam-zabrinut\\\/#primaryimage\"},\"thumbnailUrl\":\"https:\\\/\\\/radioljubuski.ba\\\/wp-content\\\/uploads\\\/2021\\\/05\\\/untitled-design-7_Cjc6HMe.jpg\",\"articleSection\":[\"BIH i regija\"],\"inLanguage\":\"hr\"},{\"@type\":\"WebPage\",\"@id\":\"https:\\\/\\\/radioljubuski.ba\\\/index.php\\\/2021\\\/05\\\/06\\\/uskok-podignuo-optuznicu-protiv-kuscevica-nisam-zabrinut\\\/\",\"url\":\"https:\\\/\\\/radioljubuski.ba\\\/index.php\\\/2021\\\/05\\\/06\\\/uskok-podignuo-optuznicu-protiv-kuscevica-nisam-zabrinut\\\/\",\"name\":\"USKOK podignuo optu\u017enicu protiv Ku\u0161\u010devi\u0107a: \\\"Nisam zabrinut\\\" - RADIO LJUBU\u0160KI\",\"isPartOf\":{\"@id\":\"https:\\\/\\\/radioljubuski.ba\\\/#website\"},\"primaryImageOfPage\":{\"@id\":\"https:\\\/\\\/radioljubuski.ba\\\/index.php\\\/2021\\\/05\\\/06\\\/uskok-podignuo-optuznicu-protiv-kuscevica-nisam-zabrinut\\\/#primaryimage\"},\"image\":{\"@id\":\"https:\\\/\\\/radioljubuski.ba\\\/index.php\\\/2021\\\/05\\\/06\\\/uskok-podignuo-optuznicu-protiv-kuscevica-nisam-zabrinut\\\/#primaryimage\"},\"thumbnailUrl\":\"https:\\\/\\\/radioljubuski.ba\\\/wp-content\\\/uploads\\\/2021\\\/05\\\/untitled-design-7_Cjc6HMe.jpg\",\"datePublished\":\"2021-05-06T22:15:58+00:00\",\"dateModified\":\"2021-05-06T22:15:59+00:00\",\"breadcrumb\":{\"@id\":\"https:\\\/\\\/radioljubuski.ba\\\/index.php\\\/2021\\\/05\\\/06\\\/uskok-podignuo-optuznicu-protiv-kuscevica-nisam-zabrinut\\\/#breadcrumb\"},\"inLanguage\":\"hr\",\"potentialAction\":[{\"@type\":\"ReadAction\",\"target\":[\"https:\\\/\\\/radioljubuski.ba\\\/index.php\\\/2021\\\/05\\\/06\\\/uskok-podignuo-optuznicu-protiv-kuscevica-nisam-zabrinut\\\/\"]}]},{\"@type\":\"ImageObject\",\"inLanguage\":\"hr\",\"@id\":\"https:\\\/\\\/radioljubuski.ba\\\/index.php\\\/2021\\\/05\\\/06\\\/uskok-podignuo-optuznicu-protiv-kuscevica-nisam-zabrinut\\\/#primaryimage\",\"url\":\"https:\\\/\\\/radioljubuski.ba\\\/wp-content\\\/uploads\\\/2021\\\/05\\\/untitled-design-7_Cjc6HMe.jpg\",\"contentUrl\":\"https:\\\/\\\/radioljubuski.ba\\\/wp-content\\\/uploads\\\/2021\\\/05\\\/untitled-design-7_Cjc6HMe.jpg\",\"width\":1200,\"height\":800},{\"@type\":\"BreadcrumbList\",\"@id\":\"https:\\\/\\\/radioljubuski.ba\\\/index.php\\\/2021\\\/05\\\/06\\\/uskok-podignuo-optuznicu-protiv-kuscevica-nisam-zabrinut\\\/#breadcrumb\",\"itemListElement\":[{\"@type\":\"ListItem\",\"position\":1,\"name\":\"Po\u010detna stranica\",\"item\":\"https:\\\/\\\/radioljubuski.ba\\\/\"},{\"@type\":\"ListItem\",\"position\":2,\"name\":\"USKOK podignuo optu\u017enicu protiv Ku\u0161\u010devi\u0107a: &#8220;Nisam zabrinut&#8221;\"}]},{\"@type\":\"WebSite\",\"@id\":\"https:\\\/\\\/radioljubuski.ba\\\/#website\",\"url\":\"https:\\\/\\\/radioljubuski.ba\\\/\",\"name\":\"Radio Ljubu\u0161ki\",\"description\":\"Sun\u010dana frekvencija Hercegovine\",\"publisher\":{\"@id\":\"https:\\\/\\\/radioljubuski.ba\\\/#organization\"},\"potentialAction\":[{\"@type\":\"SearchAction\",\"target\":{\"@type\":\"EntryPoint\",\"urlTemplate\":\"https:\\\/\\\/radioljubuski.ba\\\/?s={search_term_string}\"},\"query-input\":{\"@type\":\"PropertyValueSpecification\",\"valueRequired\":true,\"valueName\":\"search_term_string\"}}],\"inLanguage\":\"hr\"},{\"@type\":\"Organization\",\"@id\":\"https:\\\/\\\/radioljubuski.ba\\\/#organization\",\"name\":\"Radio Ljubu\u0161ki\",\"url\":\"https:\\\/\\\/radioljubuski.ba\\\/\",\"logo\":{\"@type\":\"ImageObject\",\"inLanguage\":\"hr\",\"@id\":\"https:\\\/\\\/radioljubuski.ba\\\/#\\\/schema\\\/logo\\\/image\\\/\",\"url\":\"https:\\\/\\\/radioljubuski.ba\\\/wp-content\\\/uploads\\\/2021\\\/02\\\/cropped-Radio_Ljubuski_logo1.jpg\",\"contentUrl\":\"https:\\\/\\\/radioljubuski.ba\\\/wp-content\\\/uploads\\\/2021\\\/02\\\/cropped-Radio_Ljubuski_logo1.jpg\",\"width\":512,\"height\":512,\"caption\":\"Radio Ljubu\u0161ki\"},\"image\":{\"@id\":\"https:\\\/\\\/radioljubuski.ba\\\/#\\\/schema\\\/logo\\\/image\\\/\"},\"sameAs\":[\"https:\\\/\\\/www.facebook.com\\\/Radiio-Ljubuski-1490835324566332\",\"https:\\\/\\\/x.com\\\/radioljubuski\",\"https:\\\/\\\/hr.linkedin.com\\\/company\\\/radio-ljubuski\",\"https:\\\/\\\/www.youtube.com\\\/channel\\\/UCHYaeO_n0Db3tjNGudGpXyw\"]},{\"@type\":\"Person\",\"@id\":\"https:\\\/\\\/radioljubuski.ba\\\/#\\\/schema\\\/person\\\/19fc700381a780f69665d7956c469e3b\",\"name\":\"Radio Ljubu\u0161ki\"}]}<\/script>\n<!-- \/ Yoast SEO plugin. -->","yoast_head_json":{"title":"USKOK podignuo optu\u017enicu protiv Ku\u0161\u010devi\u0107a: \"Nisam zabrinut\" - RADIO LJUBU\u0160KI","robots":{"index":"index","follow":"follow","max-snippet":"max-snippet:-1","max-image-preview":"max-image-preview:large","max-video-preview":"max-video-preview:-1"},"canonical":"https:\/\/radioljubuski.ba\/index.php\/2021\/05\/06\/uskok-podignuo-optuznicu-protiv-kuscevica-nisam-zabrinut\/","og_locale":"hr_HR","og_type":"article","og_title":"USKOK podignuo optu\u017enicu protiv Ku\u0161\u010devi\u0107a: \"Nisam zabrinut\" - RADIO LJUBU\u0160KI","og_description":"Na \u017dupanijskom sudu u Splitu USKOK je podignuo optu\u017enicu protiv Lovre Ku\u0161\u010devi\u0107a, biv\u0161eg ministra graditeljstva, njegove supruge te jo\u0161 \u010detiri osobe zbog zloporabe ovlasti te davanja i primanja mita. &#8220;Nisam niti malo zabrinut, jedva \u010dekam dokazati svoju nevinost pred hrvatskim sudom&#8221;, poru\u010dio je Lovro Ku\u0161\u010devi\u0107 za HRT.&nbsp; Istraga je pokrenuta u rujnu 2019. dva mjeseca [&hellip;]","og_url":"https:\/\/radioljubuski.ba\/index.php\/2021\/05\/06\/uskok-podignuo-optuznicu-protiv-kuscevica-nisam-zabrinut\/","og_site_name":"RADIO LJUBU\u0160KI","article_publisher":"https:\/\/www.facebook.com\/Radiio-Ljubuski-1490835324566332","article_published_time":"2021-05-06T22:15:58+00:00","article_modified_time":"2021-05-06T22:15:59+00:00","og_image":[{"width":1200,"height":800,"url":"https:\/\/radioljubuski.ba\/wp-content\/uploads\/2021\/05\/untitled-design-7_Cjc6HMe.jpg","type":"image\/jpeg"}],"author":"Radio Ljubu\u0161ki","twitter_card":"summary_large_image","twitter_creator":"@radioljubuski","twitter_site":"@radioljubuski","twitter_misc":{"Napisao\/la":"Radio Ljubu\u0161ki","Procijenjeno vrijeme \u010ditanja":"5 minuta"},"schema":{"@context":"https:\/\/schema.org","@graph":[{"@type":"Article","@id":"https:\/\/radioljubuski.ba\/index.php\/2021\/05\/06\/uskok-podignuo-optuznicu-protiv-kuscevica-nisam-zabrinut\/#article","isPartOf":{"@id":"https:\/\/radioljubuski.ba\/index.php\/2021\/05\/06\/uskok-podignuo-optuznicu-protiv-kuscevica-nisam-zabrinut\/"},"author":{"name":"Radio Ljubu\u0161ki","@id":"https:\/\/radioljubuski.ba\/#\/schema\/person\/19fc700381a780f69665d7956c469e3b"},"headline":"USKOK podignuo optu\u017enicu protiv Ku\u0161\u010devi\u0107a: &#8220;Nisam zabrinut&#8221;","datePublished":"2021-05-06T22:15:58+00:00","dateModified":"2021-05-06T22:15:59+00:00","mainEntityOfPage":{"@id":"https:\/\/radioljubuski.ba\/index.php\/2021\/05\/06\/uskok-podignuo-optuznicu-protiv-kuscevica-nisam-zabrinut\/"},"wordCount":1178,"publisher":{"@id":"https:\/\/radioljubuski.ba\/#organization"},"image":{"@id":"https:\/\/radioljubuski.ba\/index.php\/2021\/05\/06\/uskok-podignuo-optuznicu-protiv-kuscevica-nisam-zabrinut\/#primaryimage"},"thumbnailUrl":"https:\/\/radioljubuski.ba\/wp-content\/uploads\/2021\/05\/untitled-design-7_Cjc6HMe.jpg","articleSection":["BIH i regija"],"inLanguage":"hr"},{"@type":"WebPage","@id":"https:\/\/radioljubuski.ba\/index.php\/2021\/05\/06\/uskok-podignuo-optuznicu-protiv-kuscevica-nisam-zabrinut\/","url":"https:\/\/radioljubuski.ba\/index.php\/2021\/05\/06\/uskok-podignuo-optuznicu-protiv-kuscevica-nisam-zabrinut\/","name":"USKOK podignuo optu\u017enicu protiv Ku\u0161\u010devi\u0107a: \"Nisam zabrinut\" - RADIO LJUBU\u0160KI","isPartOf":{"@id":"https:\/\/radioljubuski.ba\/#website"},"primaryImageOfPage":{"@id":"https:\/\/radioljubuski.ba\/index.php\/2021\/05\/06\/uskok-podignuo-optuznicu-protiv-kuscevica-nisam-zabrinut\/#primaryimage"},"image":{"@id":"https:\/\/radioljubuski.ba\/index.php\/2021\/05\/06\/uskok-podignuo-optuznicu-protiv-kuscevica-nisam-zabrinut\/#primaryimage"},"thumbnailUrl":"https:\/\/radioljubuski.ba\/wp-content\/uploads\/2021\/05\/untitled-design-7_Cjc6HMe.jpg","datePublished":"2021-05-06T22:15:58+00:00","dateModified":"2021-05-06T22:15:59+00:00","breadcrumb":{"@id":"https:\/\/radioljubuski.ba\/index.php\/2021\/05\/06\/uskok-podignuo-optuznicu-protiv-kuscevica-nisam-zabrinut\/#breadcrumb"},"inLanguage":"hr","potentialAction":[{"@type":"ReadAction","target":["https:\/\/radioljubuski.ba\/index.php\/2021\/05\/06\/uskok-podignuo-optuznicu-protiv-kuscevica-nisam-zabrinut\/"]}]},{"@type":"ImageObject","inLanguage":"hr","@id":"https:\/\/radioljubuski.ba\/index.php\/2021\/05\/06\/uskok-podignuo-optuznicu-protiv-kuscevica-nisam-zabrinut\/#primaryimage","url":"https:\/\/radioljubuski.ba\/wp-content\/uploads\/2021\/05\/untitled-design-7_Cjc6HMe.jpg","contentUrl":"https:\/\/radioljubuski.ba\/wp-content\/uploads\/2021\/05\/untitled-design-7_Cjc6HMe.jpg","width":1200,"height":800},{"@type":"BreadcrumbList","@id":"https:\/\/radioljubuski.ba\/index.php\/2021\/05\/06\/uskok-podignuo-optuznicu-protiv-kuscevica-nisam-zabrinut\/#breadcrumb","itemListElement":[{"@type":"ListItem","position":1,"name":"Po\u010detna stranica","item":"https:\/\/radioljubuski.ba\/"},{"@type":"ListItem","position":2,"name":"USKOK podignuo optu\u017enicu protiv Ku\u0161\u010devi\u0107a: &#8220;Nisam zabrinut&#8221;"}]},{"@type":"WebSite","@id":"https:\/\/radioljubuski.ba\/#website","url":"https:\/\/radioljubuski.ba\/","name":"Radio Ljubu\u0161ki","description":"Sun\u010dana frekvencija Hercegovine","publisher":{"@id":"https:\/\/radioljubuski.ba\/#organization"},"potentialAction":[{"@type":"SearchAction","target":{"@type":"EntryPoint","urlTemplate":"https:\/\/radioljubuski.ba\/?s={search_term_string}"},"query-input":{"@type":"PropertyValueSpecification","valueRequired":true,"valueName":"search_term_string"}}],"inLanguage":"hr"},{"@type":"Organization","@id":"https:\/\/radioljubuski.ba\/#organization","name":"Radio Ljubu\u0161ki","url":"https:\/\/radioljubuski.ba\/","logo":{"@type":"ImageObject","inLanguage":"hr","@id":"https:\/\/radioljubuski.ba\/#\/schema\/logo\/image\/","url":"https:\/\/radioljubuski.ba\/wp-content\/uploads\/2021\/02\/cropped-Radio_Ljubuski_logo1.jpg","contentUrl":"https:\/\/radioljubuski.ba\/wp-content\/uploads\/2021\/02\/cropped-Radio_Ljubuski_logo1.jpg","width":512,"height":512,"caption":"Radio Ljubu\u0161ki"},"image":{"@id":"https:\/\/radioljubuski.ba\/#\/schema\/logo\/image\/"},"sameAs":["https:\/\/www.facebook.com\/Radiio-Ljubuski-1490835324566332","https:\/\/x.com\/radioljubuski","https:\/\/hr.linkedin.com\/company\/radio-ljubuski","https:\/\/www.youtube.com\/channel\/UCHYaeO_n0Db3tjNGudGpXyw"]},{"@type":"Person","@id":"https:\/\/radioljubuski.ba\/#\/schema\/person\/19fc700381a780f69665d7956c469e3b","name":"Radio Ljubu\u0161ki"}]}},"_links":{"self":[{"href":"https:\/\/radioljubuski.ba\/index.php\/wp-json\/wp\/v2\/posts\/19166","targetHints":{"allow":["GET"]}}],"collection":[{"href":"https:\/\/radioljubuski.ba\/index.php\/wp-json\/wp\/v2\/posts"}],"about":[{"href":"https:\/\/radioljubuski.ba\/index.php\/wp-json\/wp\/v2\/types\/post"}],"author":[{"embeddable":true,"href":"https:\/\/radioljubuski.ba\/index.php\/wp-json\/wp\/v2\/users\/2"}],"replies":[{"embeddable":true,"href":"https:\/\/radioljubuski.ba\/index.php\/wp-json\/wp\/v2\/comments?post=19166"}],"version-history":[{"count":1,"href":"https:\/\/radioljubuski.ba\/index.php\/wp-json\/wp\/v2\/posts\/19166\/revisions"}],"predecessor-version":[{"id":19168,"href":"https:\/\/radioljubuski.ba\/index.php\/wp-json\/wp\/v2\/posts\/19166\/revisions\/19168"}],"wp:featuredmedia":[{"embeddable":true,"href":"https:\/\/radioljubuski.ba\/index.php\/wp-json\/wp\/v2\/media\/19167"}],"wp:attachment":[{"href":"https:\/\/radioljubuski.ba\/index.php\/wp-json\/wp\/v2\/media?parent=19166"}],"wp:term":[{"taxonomy":"category","embeddable":true,"href":"https:\/\/radioljubuski.ba\/index.php\/wp-json\/wp\/v2\/categories?post=19166"},{"taxonomy":"post_tag","embeddable":true,"href":"https:\/\/radioljubuski.ba\/index.php\/wp-json\/wp\/v2\/tags?post=19166"}],"curies":[{"name":"wp","href":"https:\/\/api.w.org\/{rel}","templated":true}]}}