{"id":191685,"date":"2023-06-09T09:12:27","date_gmt":"2023-06-09T08:12:27","guid":{"rendered":"https:\/\/radioljubuski.ba\/?p=191685"},"modified":"2023-06-09T09:12:28","modified_gmt":"2023-06-09T08:12:28","slug":"video-vecer-folklora-studencica-pjesmu-nosi","status":"publish","type":"post","link":"https:\/\/radioljubuski.ba\/index.php\/2023\/06\/09\/video-vecer-folklora-studencica-pjesmu-nosi\/","title":{"rendered":"Video: Ve\u010der folklora \u201eStuden\u010dica pjesmu nosi\u201c"},"content":{"rendered":"\n<p>U subotu, 10.lipnja, u Studencima \u0107e se u ve\u010dernjim satima odr\u017eati tradicionalna ve\u010der folklora \u201eStuden\u010dica pjesmu nosi\u201c. Jo\u0161 od osnutka HKUD-a Studen\u010dica 2001.godine uvijek se u subotu uo\u010di blagdana Presvetog Srca Isusova organizirala popularna \u201eSmotra\u201c, s izuzetkom 2020 i 2021.godine kad je \u201evladala\u201c korona. Ove godine bit \u0107e to dvadeset i prva \u201esmotra\u201c koja \u0107e se odr\u017eati na crkvenoj livadi pokraj rijeke Studen\u010dice poslije svete Mise devetnice koja je u 18 sati, a nastupit \u0107e slijede\u0107i izvo\u0111a\u010di:<br>Doma\u0107in, HKUD Studen\u010dica imat \u0107e pet koreografija: mali i veliki folklor s gangom i be\u0107arcem, studena\u010dki Be\u0107ari, \u017eenska pjeva\u010dka skupina Izvor i Tambura\u0161i.<\/p>\n\n\n\n<figure class=\"wp-block-gallery has-nested-images columns-default is-cropped wp-block-gallery-1 is-layout-flex wp-block-gallery-is-layout-flex\">\n<figure class=\"wp-block-image size-large\"><img loading=\"lazy\" decoding=\"async\" width=\"1024\" height=\"683\" data-id=\"191688\" src=\"https:\/\/radioljubuski.ba\/wp-content\/uploads\/2023\/06\/IMG_4093-1024x683-1.jpg\" alt=\"\" class=\"wp-image-191688\" srcset=\"https:\/\/radioljubuski.ba\/wp-content\/uploads\/2023\/06\/IMG_4093-1024x683-1.jpg 1024w, https:\/\/radioljubuski.ba\/wp-content\/uploads\/2023\/06\/IMG_4093-1024x683-1-300x200.jpg 300w, https:\/\/radioljubuski.ba\/wp-content\/uploads\/2023\/06\/IMG_4093-1024x683-1-768x512.jpg 768w\" sizes=\"auto, (max-width: 1024px) 100vw, 1024px\" \/><\/figure>\n\n\n\n<figure class=\"wp-block-image size-large\"><img loading=\"lazy\" decoding=\"async\" width=\"1024\" height=\"683\" data-id=\"191687\" src=\"https:\/\/radioljubuski.ba\/wp-content\/uploads\/2023\/06\/IMG_4176-1024x683-1.jpg\" alt=\"\" class=\"wp-image-191687\" srcset=\"https:\/\/radioljubuski.ba\/wp-content\/uploads\/2023\/06\/IMG_4176-1024x683-1.jpg 1024w, https:\/\/radioljubuski.ba\/wp-content\/uploads\/2023\/06\/IMG_4176-1024x683-1-300x200.jpg 300w, https:\/\/radioljubuski.ba\/wp-content\/uploads\/2023\/06\/IMG_4176-1024x683-1-768x512.jpg 768w\" sizes=\"auto, (max-width: 1024px) 100vw, 1024px\" \/><\/figure>\n<\/figure>\n\n\n\n<p><br>Hrvatsko kulturno dru\u0161tvo Napredak \u2013 podru\u017enica Vitez izvest \u0107e izvorne narodne plesove Hrvata La\u0161vanske doline, HKUD Sv. Ante Cim \u2013 Mostar\u201c predstavit \u0107e se plesovima Posavine \u201eKreni kolo\u201c, Folklorna kulturna udruga \u201ePrimorska lijara\u201c Dubrova\u010dko primorje izvest \u0107e popularnog \u201eLin\u0111u\u201c, a KUD \u201eVinac\u201c Stankovci iz zadarske \u017eupanije predstavit \u0107e svadbene obi\u010daje stankova\u010dkog kraja.<br>Nakon zavr\u0161etka slu\u017ebenog programa na livadi je domjenak uz pjesmu, plesove, i\u0107e i pi\u0107e.<\/p>\n\n\n\n<p>Vi\u0161e pogledajte u video zapisu:<\/p>\n\n\n\n<iframe loading=\"lazy\" width=\"560\" height=\"315\" src=\"https:\/\/www.youtube.com\/embed\/zHfECBJri9o\" title=\"YouTube video player\" frameborder=\"0\" allow=\"accelerometer; autoplay; clipboard-write; encrypted-media; gyroscope; picture-in-picture; web-share\" allowfullscreen><\/iframe>\n\n\n\n<p>Radio Ljubu\u0161ki<\/p>\n","protected":false},"excerpt":{"rendered":"<p>U subotu, 10.lipnja, u Studencima \u0107e se u ve\u010dernjim satima odr\u017eati tradicionalna ve\u010der folklora \u201eStuden\u010dica pjesmu nosi\u201c. Jo\u0161 od osnutka HKUD-a Studen\u010dica 2001.godine uvijek se u subotu uo\u010di blagdana Presvetog Srca Isusova organizirala popularna \u201eSmotra\u201c, s izuzetkom 2020 i 2021.godine kad je \u201evladala\u201c korona. Ove godine bit \u0107e to dvadeset i prva \u201esmotra\u201c koja \u0107e [&hellip;]<\/p>\n","protected":false},"author":2,"featured_media":191686,"comment_status":"closed","ping_status":"closed","sticky":false,"template":"","format":"standard","meta":{"h5ap_radio_sources":[],"footnotes":""},"categories":[28],"tags":[],"class_list":["post-191685","post","type-post","status-publish","format-standard","has-post-thumbnail","hentry","category-novosti"],"yoast_head":"<!-- This site is optimized with the Yoast SEO plugin v27.5 - https:\/\/yoast.com\/product\/yoast-seo-wordpress\/ -->\n<title>Video: Ve\u010der folklora \u201eStuden\u010dica pjesmu nosi\u201c - RADIO LJUBU\u0160KI<\/title>\n<meta name=\"robots\" content=\"index, follow, max-snippet:-1, max-image-preview:large, max-video-preview:-1\" \/>\n<link rel=\"canonical\" href=\"https:\/\/radioljubuski.ba\/index.php\/2023\/06\/09\/video-vecer-folklora-studencica-pjesmu-nosi\/\" \/>\n<meta property=\"og:locale\" content=\"hr_HR\" \/>\n<meta property=\"og:type\" content=\"article\" \/>\n<meta property=\"og:title\" content=\"Video: Ve\u010der folklora \u201eStuden\u010dica pjesmu nosi\u201c - RADIO LJUBU\u0160KI\" \/>\n<meta property=\"og:description\" content=\"U subotu, 10.lipnja, u Studencima \u0107e se u ve\u010dernjim satima odr\u017eati tradicionalna ve\u010der folklora \u201eStuden\u010dica pjesmu nosi\u201c. Jo\u0161 od osnutka HKUD-a Studen\u010dica 2001.godine uvijek se u subotu uo\u010di blagdana Presvetog Srca Isusova organizirala popularna \u201eSmotra\u201c, s izuzetkom 2020 i 2021.godine kad je \u201evladala\u201c korona. Ove godine bit \u0107e to dvadeset i prva \u201esmotra\u201c koja \u0107e [&hellip;]\" \/>\n<meta property=\"og:url\" content=\"https:\/\/radioljubuski.ba\/index.php\/2023\/06\/09\/video-vecer-folklora-studencica-pjesmu-nosi\/\" \/>\n<meta property=\"og:site_name\" content=\"RADIO LJUBU\u0160KI\" \/>\n<meta property=\"article:publisher\" content=\"https:\/\/www.facebook.com\/Radiio-Ljubuski-1490835324566332\" \/>\n<meta property=\"article:published_time\" content=\"2023-06-09T08:12:27+00:00\" \/>\n<meta property=\"article:modified_time\" content=\"2023-06-09T08:12:28+00:00\" \/>\n<meta property=\"og:image\" content=\"https:\/\/radioljubuski.ba\/wp-content\/uploads\/2023\/06\/DSC0045.jpg\" \/>\n\t<meta property=\"og:image:width\" content=\"1024\" \/>\n\t<meta property=\"og:image:height\" content=\"683\" \/>\n\t<meta property=\"og:image:type\" content=\"image\/jpeg\" \/>\n<meta name=\"author\" content=\"Radio Ljubu\u0161ki\" \/>\n<meta name=\"twitter:card\" content=\"summary_large_image\" \/>\n<meta name=\"twitter:creator\" content=\"@radioljubuski\" \/>\n<meta name=\"twitter:site\" content=\"@radioljubuski\" \/>\n<meta name=\"twitter:label1\" content=\"Napisao\/la\" \/>\n\t<meta name=\"twitter:data1\" content=\"Radio Ljubu\u0161ki\" \/>\n\t<meta name=\"twitter:label2\" content=\"Procijenjeno vrijeme \u010ditanja\" \/>\n\t<meta name=\"twitter:data2\" content=\"2 minute\" \/>\n<script type=\"application\/ld+json\" class=\"yoast-schema-graph\">{\"@context\":\"https:\\\/\\\/schema.org\",\"@graph\":[{\"@type\":\"Article\",\"@id\":\"https:\\\/\\\/radioljubuski.ba\\\/index.php\\\/2023\\\/06\\\/09\\\/video-vecer-folklora-studencica-pjesmu-nosi\\\/#article\",\"isPartOf\":{\"@id\":\"https:\\\/\\\/radioljubuski.ba\\\/index.php\\\/2023\\\/06\\\/09\\\/video-vecer-folklora-studencica-pjesmu-nosi\\\/\"},\"author\":{\"name\":\"Radio Ljubu\u0161ki\",\"@id\":\"https:\\\/\\\/radioljubuski.ba\\\/#\\\/schema\\\/person\\\/19fc700381a780f69665d7956c469e3b\"},\"headline\":\"Video: Ve\u010der folklora \u201eStuden\u010dica pjesmu nosi\u201c\",\"datePublished\":\"2023-06-09T08:12:27+00:00\",\"dateModified\":\"2023-06-09T08:12:28+00:00\",\"mainEntityOfPage\":{\"@id\":\"https:\\\/\\\/radioljubuski.ba\\\/index.php\\\/2023\\\/06\\\/09\\\/video-vecer-folklora-studencica-pjesmu-nosi\\\/\"},\"wordCount\":208,\"publisher\":{\"@id\":\"https:\\\/\\\/radioljubuski.ba\\\/#organization\"},\"image\":{\"@id\":\"https:\\\/\\\/radioljubuski.ba\\\/index.php\\\/2023\\\/06\\\/09\\\/video-vecer-folklora-studencica-pjesmu-nosi\\\/#primaryimage\"},\"thumbnailUrl\":\"https:\\\/\\\/radioljubuski.ba\\\/wp-content\\\/uploads\\\/2023\\\/06\\\/DSC0045.jpg\",\"articleSection\":[\"Novosti\"],\"inLanguage\":\"hr\"},{\"@type\":\"WebPage\",\"@id\":\"https:\\\/\\\/radioljubuski.ba\\\/index.php\\\/2023\\\/06\\\/09\\\/video-vecer-folklora-studencica-pjesmu-nosi\\\/\",\"url\":\"https:\\\/\\\/radioljubuski.ba\\\/index.php\\\/2023\\\/06\\\/09\\\/video-vecer-folklora-studencica-pjesmu-nosi\\\/\",\"name\":\"Video: Ve\u010der folklora \u201eStuden\u010dica pjesmu nosi\u201c - RADIO LJUBU\u0160KI\",\"isPartOf\":{\"@id\":\"https:\\\/\\\/radioljubuski.ba\\\/#website\"},\"primaryImageOfPage\":{\"@id\":\"https:\\\/\\\/radioljubuski.ba\\\/index.php\\\/2023\\\/06\\\/09\\\/video-vecer-folklora-studencica-pjesmu-nosi\\\/#primaryimage\"},\"image\":{\"@id\":\"https:\\\/\\\/radioljubuski.ba\\\/index.php\\\/2023\\\/06\\\/09\\\/video-vecer-folklora-studencica-pjesmu-nosi\\\/#primaryimage\"},\"thumbnailUrl\":\"https:\\\/\\\/radioljubuski.ba\\\/wp-content\\\/uploads\\\/2023\\\/06\\\/DSC0045.jpg\",\"datePublished\":\"2023-06-09T08:12:27+00:00\",\"dateModified\":\"2023-06-09T08:12:28+00:00\",\"breadcrumb\":{\"@id\":\"https:\\\/\\\/radioljubuski.ba\\\/index.php\\\/2023\\\/06\\\/09\\\/video-vecer-folklora-studencica-pjesmu-nosi\\\/#breadcrumb\"},\"inLanguage\":\"hr\",\"potentialAction\":[{\"@type\":\"ReadAction\",\"target\":[\"https:\\\/\\\/radioljubuski.ba\\\/index.php\\\/2023\\\/06\\\/09\\\/video-vecer-folklora-studencica-pjesmu-nosi\\\/\"]}]},{\"@type\":\"ImageObject\",\"inLanguage\":\"hr\",\"@id\":\"https:\\\/\\\/radioljubuski.ba\\\/index.php\\\/2023\\\/06\\\/09\\\/video-vecer-folklora-studencica-pjesmu-nosi\\\/#primaryimage\",\"url\":\"https:\\\/\\\/radioljubuski.ba\\\/wp-content\\\/uploads\\\/2023\\\/06\\\/DSC0045.jpg\",\"contentUrl\":\"https:\\\/\\\/radioljubuski.ba\\\/wp-content\\\/uploads\\\/2023\\\/06\\\/DSC0045.jpg\",\"width\":1024,\"height\":683},{\"@type\":\"BreadcrumbList\",\"@id\":\"https:\\\/\\\/radioljubuski.ba\\\/index.php\\\/2023\\\/06\\\/09\\\/video-vecer-folklora-studencica-pjesmu-nosi\\\/#breadcrumb\",\"itemListElement\":[{\"@type\":\"ListItem\",\"position\":1,\"name\":\"Po\u010detna stranica\",\"item\":\"https:\\\/\\\/radioljubuski.ba\\\/\"},{\"@type\":\"ListItem\",\"position\":2,\"name\":\"Video: Ve\u010der folklora \u201eStuden\u010dica pjesmu nosi\u201c\"}]},{\"@type\":\"WebSite\",\"@id\":\"https:\\\/\\\/radioljubuski.ba\\\/#website\",\"url\":\"https:\\\/\\\/radioljubuski.ba\\\/\",\"name\":\"Radio Ljubu\u0161ki\",\"description\":\"Sun\u010dana frekvencija Hercegovine\",\"publisher\":{\"@id\":\"https:\\\/\\\/radioljubuski.ba\\\/#organization\"},\"potentialAction\":[{\"@type\":\"SearchAction\",\"target\":{\"@type\":\"EntryPoint\",\"urlTemplate\":\"https:\\\/\\\/radioljubuski.ba\\\/?s={search_term_string}\"},\"query-input\":{\"@type\":\"PropertyValueSpecification\",\"valueRequired\":true,\"valueName\":\"search_term_string\"}}],\"inLanguage\":\"hr\"},{\"@type\":\"Organization\",\"@id\":\"https:\\\/\\\/radioljubuski.ba\\\/#organization\",\"name\":\"Radio Ljubu\u0161ki\",\"url\":\"https:\\\/\\\/radioljubuski.ba\\\/\",\"logo\":{\"@type\":\"ImageObject\",\"inLanguage\":\"hr\",\"@id\":\"https:\\\/\\\/radioljubuski.ba\\\/#\\\/schema\\\/logo\\\/image\\\/\",\"url\":\"https:\\\/\\\/radioljubuski.ba\\\/wp-content\\\/uploads\\\/2021\\\/02\\\/cropped-Radio_Ljubuski_logo1.jpg\",\"contentUrl\":\"https:\\\/\\\/radioljubuski.ba\\\/wp-content\\\/uploads\\\/2021\\\/02\\\/cropped-Radio_Ljubuski_logo1.jpg\",\"width\":512,\"height\":512,\"caption\":\"Radio Ljubu\u0161ki\"},\"image\":{\"@id\":\"https:\\\/\\\/radioljubuski.ba\\\/#\\\/schema\\\/logo\\\/image\\\/\"},\"sameAs\":[\"https:\\\/\\\/www.facebook.com\\\/Radiio-Ljubuski-1490835324566332\",\"https:\\\/\\\/x.com\\\/radioljubuski\",\"https:\\\/\\\/hr.linkedin.com\\\/company\\\/radio-ljubuski\",\"https:\\\/\\\/www.youtube.com\\\/channel\\\/UCHYaeO_n0Db3tjNGudGpXyw\"]},{\"@type\":\"Person\",\"@id\":\"https:\\\/\\\/radioljubuski.ba\\\/#\\\/schema\\\/person\\\/19fc700381a780f69665d7956c469e3b\",\"name\":\"Radio Ljubu\u0161ki\"}]}<\/script>\n<!-- \/ Yoast SEO plugin. -->","yoast_head_json":{"title":"Video: Ve\u010der folklora \u201eStuden\u010dica pjesmu nosi\u201c - RADIO LJUBU\u0160KI","robots":{"index":"index","follow":"follow","max-snippet":"max-snippet:-1","max-image-preview":"max-image-preview:large","max-video-preview":"max-video-preview:-1"},"canonical":"https:\/\/radioljubuski.ba\/index.php\/2023\/06\/09\/video-vecer-folklora-studencica-pjesmu-nosi\/","og_locale":"hr_HR","og_type":"article","og_title":"Video: Ve\u010der folklora \u201eStuden\u010dica pjesmu nosi\u201c - RADIO LJUBU\u0160KI","og_description":"U subotu, 10.lipnja, u Studencima \u0107e se u ve\u010dernjim satima odr\u017eati tradicionalna ve\u010der folklora \u201eStuden\u010dica pjesmu nosi\u201c. Jo\u0161 od osnutka HKUD-a Studen\u010dica 2001.godine uvijek se u subotu uo\u010di blagdana Presvetog Srca Isusova organizirala popularna \u201eSmotra\u201c, s izuzetkom 2020 i 2021.godine kad je \u201evladala\u201c korona. Ove godine bit \u0107e to dvadeset i prva \u201esmotra\u201c koja \u0107e [&hellip;]","og_url":"https:\/\/radioljubuski.ba\/index.php\/2023\/06\/09\/video-vecer-folklora-studencica-pjesmu-nosi\/","og_site_name":"RADIO LJUBU\u0160KI","article_publisher":"https:\/\/www.facebook.com\/Radiio-Ljubuski-1490835324566332","article_published_time":"2023-06-09T08:12:27+00:00","article_modified_time":"2023-06-09T08:12:28+00:00","og_image":[{"width":1024,"height":683,"url":"https:\/\/radioljubuski.ba\/wp-content\/uploads\/2023\/06\/DSC0045.jpg","type":"image\/jpeg"}],"author":"Radio Ljubu\u0161ki","twitter_card":"summary_large_image","twitter_creator":"@radioljubuski","twitter_site":"@radioljubuski","twitter_misc":{"Napisao\/la":"Radio Ljubu\u0161ki","Procijenjeno vrijeme \u010ditanja":"2 minute"},"schema":{"@context":"https:\/\/schema.org","@graph":[{"@type":"Article","@id":"https:\/\/radioljubuski.ba\/index.php\/2023\/06\/09\/video-vecer-folklora-studencica-pjesmu-nosi\/#article","isPartOf":{"@id":"https:\/\/radioljubuski.ba\/index.php\/2023\/06\/09\/video-vecer-folklora-studencica-pjesmu-nosi\/"},"author":{"name":"Radio Ljubu\u0161ki","@id":"https:\/\/radioljubuski.ba\/#\/schema\/person\/19fc700381a780f69665d7956c469e3b"},"headline":"Video: Ve\u010der folklora \u201eStuden\u010dica pjesmu nosi\u201c","datePublished":"2023-06-09T08:12:27+00:00","dateModified":"2023-06-09T08:12:28+00:00","mainEntityOfPage":{"@id":"https:\/\/radioljubuski.ba\/index.php\/2023\/06\/09\/video-vecer-folklora-studencica-pjesmu-nosi\/"},"wordCount":208,"publisher":{"@id":"https:\/\/radioljubuski.ba\/#organization"},"image":{"@id":"https:\/\/radioljubuski.ba\/index.php\/2023\/06\/09\/video-vecer-folklora-studencica-pjesmu-nosi\/#primaryimage"},"thumbnailUrl":"https:\/\/radioljubuski.ba\/wp-content\/uploads\/2023\/06\/DSC0045.jpg","articleSection":["Novosti"],"inLanguage":"hr"},{"@type":"WebPage","@id":"https:\/\/radioljubuski.ba\/index.php\/2023\/06\/09\/video-vecer-folklora-studencica-pjesmu-nosi\/","url":"https:\/\/radioljubuski.ba\/index.php\/2023\/06\/09\/video-vecer-folklora-studencica-pjesmu-nosi\/","name":"Video: Ve\u010der folklora \u201eStuden\u010dica pjesmu nosi\u201c - RADIO LJUBU\u0160KI","isPartOf":{"@id":"https:\/\/radioljubuski.ba\/#website"},"primaryImageOfPage":{"@id":"https:\/\/radioljubuski.ba\/index.php\/2023\/06\/09\/video-vecer-folklora-studencica-pjesmu-nosi\/#primaryimage"},"image":{"@id":"https:\/\/radioljubuski.ba\/index.php\/2023\/06\/09\/video-vecer-folklora-studencica-pjesmu-nosi\/#primaryimage"},"thumbnailUrl":"https:\/\/radioljubuski.ba\/wp-content\/uploads\/2023\/06\/DSC0045.jpg","datePublished":"2023-06-09T08:12:27+00:00","dateModified":"2023-06-09T08:12:28+00:00","breadcrumb":{"@id":"https:\/\/radioljubuski.ba\/index.php\/2023\/06\/09\/video-vecer-folklora-studencica-pjesmu-nosi\/#breadcrumb"},"inLanguage":"hr","potentialAction":[{"@type":"ReadAction","target":["https:\/\/radioljubuski.ba\/index.php\/2023\/06\/09\/video-vecer-folklora-studencica-pjesmu-nosi\/"]}]},{"@type":"ImageObject","inLanguage":"hr","@id":"https:\/\/radioljubuski.ba\/index.php\/2023\/06\/09\/video-vecer-folklora-studencica-pjesmu-nosi\/#primaryimage","url":"https:\/\/radioljubuski.ba\/wp-content\/uploads\/2023\/06\/DSC0045.jpg","contentUrl":"https:\/\/radioljubuski.ba\/wp-content\/uploads\/2023\/06\/DSC0045.jpg","width":1024,"height":683},{"@type":"BreadcrumbList","@id":"https:\/\/radioljubuski.ba\/index.php\/2023\/06\/09\/video-vecer-folklora-studencica-pjesmu-nosi\/#breadcrumb","itemListElement":[{"@type":"ListItem","position":1,"name":"Po\u010detna stranica","item":"https:\/\/radioljubuski.ba\/"},{"@type":"ListItem","position":2,"name":"Video: Ve\u010der folklora \u201eStuden\u010dica pjesmu nosi\u201c"}]},{"@type":"WebSite","@id":"https:\/\/radioljubuski.ba\/#website","url":"https:\/\/radioljubuski.ba\/","name":"Radio Ljubu\u0161ki","description":"Sun\u010dana frekvencija Hercegovine","publisher":{"@id":"https:\/\/radioljubuski.ba\/#organization"},"potentialAction":[{"@type":"SearchAction","target":{"@type":"EntryPoint","urlTemplate":"https:\/\/radioljubuski.ba\/?s={search_term_string}"},"query-input":{"@type":"PropertyValueSpecification","valueRequired":true,"valueName":"search_term_string"}}],"inLanguage":"hr"},{"@type":"Organization","@id":"https:\/\/radioljubuski.ba\/#organization","name":"Radio Ljubu\u0161ki","url":"https:\/\/radioljubuski.ba\/","logo":{"@type":"ImageObject","inLanguage":"hr","@id":"https:\/\/radioljubuski.ba\/#\/schema\/logo\/image\/","url":"https:\/\/radioljubuski.ba\/wp-content\/uploads\/2021\/02\/cropped-Radio_Ljubuski_logo1.jpg","contentUrl":"https:\/\/radioljubuski.ba\/wp-content\/uploads\/2021\/02\/cropped-Radio_Ljubuski_logo1.jpg","width":512,"height":512,"caption":"Radio Ljubu\u0161ki"},"image":{"@id":"https:\/\/radioljubuski.ba\/#\/schema\/logo\/image\/"},"sameAs":["https:\/\/www.facebook.com\/Radiio-Ljubuski-1490835324566332","https:\/\/x.com\/radioljubuski","https:\/\/hr.linkedin.com\/company\/radio-ljubuski","https:\/\/www.youtube.com\/channel\/UCHYaeO_n0Db3tjNGudGpXyw"]},{"@type":"Person","@id":"https:\/\/radioljubuski.ba\/#\/schema\/person\/19fc700381a780f69665d7956c469e3b","name":"Radio Ljubu\u0161ki"}]}},"_links":{"self":[{"href":"https:\/\/radioljubuski.ba\/index.php\/wp-json\/wp\/v2\/posts\/191685","targetHints":{"allow":["GET"]}}],"collection":[{"href":"https:\/\/radioljubuski.ba\/index.php\/wp-json\/wp\/v2\/posts"}],"about":[{"href":"https:\/\/radioljubuski.ba\/index.php\/wp-json\/wp\/v2\/types\/post"}],"author":[{"embeddable":true,"href":"https:\/\/radioljubuski.ba\/index.php\/wp-json\/wp\/v2\/users\/2"}],"replies":[{"embeddable":true,"href":"https:\/\/radioljubuski.ba\/index.php\/wp-json\/wp\/v2\/comments?post=191685"}],"version-history":[{"count":1,"href":"https:\/\/radioljubuski.ba\/index.php\/wp-json\/wp\/v2\/posts\/191685\/revisions"}],"predecessor-version":[{"id":191689,"href":"https:\/\/radioljubuski.ba\/index.php\/wp-json\/wp\/v2\/posts\/191685\/revisions\/191689"}],"wp:featuredmedia":[{"embeddable":true,"href":"https:\/\/radioljubuski.ba\/index.php\/wp-json\/wp\/v2\/media\/191686"}],"wp:attachment":[{"href":"https:\/\/radioljubuski.ba\/index.php\/wp-json\/wp\/v2\/media?parent=191685"}],"wp:term":[{"taxonomy":"category","embeddable":true,"href":"https:\/\/radioljubuski.ba\/index.php\/wp-json\/wp\/v2\/categories?post=191685"},{"taxonomy":"post_tag","embeddable":true,"href":"https:\/\/radioljubuski.ba\/index.php\/wp-json\/wp\/v2\/tags?post=191685"}],"curies":[{"name":"wp","href":"https:\/\/api.w.org\/{rel}","templated":true}]}}