{"id":191690,"date":"2023-06-09T11:37:18","date_gmt":"2023-06-09T10:37:18","guid":{"rendered":"https:\/\/radioljubuski.ba\/?p=191690"},"modified":"2023-06-09T11:37:19","modified_gmt":"2023-06-09T10:37:19","slug":"video-tvrdava-herceg-stjepana-ljubuski-lipanj-2023","status":"publish","type":"post","link":"https:\/\/radioljubuski.ba\/index.php\/2023\/06\/09\/video-tvrdava-herceg-stjepana-ljubuski-lipanj-2023\/","title":{"rendered":"Video: Tvr\u0111ava herceg Stjepana Ljubu\u0161ki, lipanj 2023."},"content":{"rendered":"\n<p>Srednjovjekovna tvr\u0111ava herceg Stjepana, jedan od simbola bogate povijesti Ljubu\u0161kog, pro\u0161logodi\u0161njom zavr\u0161etkom opse\u017enih konzervatorsko-restauracijskih radova na sredi\u0161njoj kuli, popularno zvanoj Hercegu\u0161i, zasjala je u novom ruhu na radost i ponos svih Ljubu\u0161aka. Provedbom navedenih aktivnosti napravljen je veliki iskorak prema potpunoj obnovi ovog nacionalnog spomenika \u010dime \u0107e Ljubu\u0161ki dobiti jo\u0161 jedan nezaobilazan turisti\u010dki adut, ali i ono najva\u017enije \u2013 od propadanja sa\u010duvati vrijednu povijesnu ba\u0161tinu za budu\u0107e nara\u0161taje.<\/p>\n\n\n\n<p>Ekipa Radija Ljubu\u0161ki posjetila je tvr\u0111avu herceg Stjepana prije samog po\u010detka radova na obnovi sjevernog dijela, \u0161to mo\u017eete pogledati u video zapisu:<\/p>\n\n\n\n<figure class=\"wp-block-embed is-type-video is-provider-youtube wp-block-embed-youtube wp-embed-aspect-16-9 wp-has-aspect-ratio\"><div class=\"wp-block-embed__wrapper\">\n<iframe loading=\"lazy\" title=\"Tvr\u0111ava herceg Stjepana Ljubu\u0161ki lipanj 2023\" width=\"640\" height=\"360\" src=\"https:\/\/www.youtube.com\/embed\/RVTN_nhD8Tg?feature=oembed\" frameborder=\"0\" allow=\"accelerometer; autoplay; clipboard-write; encrypted-media; gyroscope; picture-in-picture; web-share\" referrerpolicy=\"strict-origin-when-cross-origin\" allowfullscreen><\/iframe>\n<\/div><\/figure>\n\n\n\n<p>U projekt obnove tvr\u0111ave, njenih sredi\u0161njih i jugoisto\u010dnih bedema, brani\u010d kule posljednjih nekoliko godina ulo\u017eeno je vi\u0161e<em> <\/em>od 1,5 milijuna KM, u tijeku je nastavak radova kojima \u0107e se obnavljati sjeverna strana tvr\u0111ave na kojoj \u0107e biti izvr\u0161ena obnova zidnih masa, obnova zidova prsobrana sa pu\u0161karnicama te postavljena drvena ophodna galerija od hrastove gra\u0111e prema ostatcima na objektu.<\/p>\n\n\n\n<p>Ugovor \u201eZa\u0161tita nacionalnog spomenika Stari grad Ljubu\u0161ki \u2013 Restauracija\/konzervacija nacionalnog spomenika\u201c vrijedan 139.990,50 KM s PDV-om potpisan je u svibnju izme\u0111u gradona\u010delnika Ljubu\u0161kog Vedrana Markoti\u0107a i direktora tvrtke Dru\u0161tvo za gra\u0111evinarstvo \u201cGra\u0111evinar-Faji\u0107\u201d d.o.o. Mostar Ekrema Maksumi\u0107a . Zahvaljuju\u0107i Federalnom ministarstvu prostornog ure\u0111enja i Federalnom ministarstvu kulture i sporta  ostvaren je dio sredstava koje Grad Ljubu\u0161ki izdvaja za nastavak radova.<\/p>\n\n\n\n<p>Radio Ljubu\u0161ki<\/p>\n","protected":false},"excerpt":{"rendered":"<p>Srednjovjekovna tvr\u0111ava herceg Stjepana, jedan od simbola bogate povijesti Ljubu\u0161kog, pro\u0161logodi\u0161njom zavr\u0161etkom opse\u017enih konzervatorsko-restauracijskih radova na sredi\u0161njoj kuli, popularno zvanoj Hercegu\u0161i, zasjala je u novom ruhu na radost i ponos svih Ljubu\u0161aka. Provedbom navedenih aktivnosti napravljen je veliki iskorak prema potpunoj obnovi ovog nacionalnog spomenika \u010dime \u0107e Ljubu\u0161ki dobiti jo\u0161 jedan nezaobilazan turisti\u010dki adut, ali [&hellip;]<\/p>\n","protected":false},"author":2,"featured_media":191691,"comment_status":"closed","ping_status":"closed","sticky":false,"template":"","format":"standard","meta":{"h5ap_radio_sources":[],"footnotes":""},"categories":[28],"tags":[],"class_list":["post-191690","post","type-post","status-publish","format-standard","has-post-thumbnail","hentry","category-novosti"],"yoast_head":"<!-- This site is optimized with the Yoast SEO plugin v27.5 - https:\/\/yoast.com\/product\/yoast-seo-wordpress\/ -->\n<title>Video: Tvr\u0111ava herceg Stjepana Ljubu\u0161ki, lipanj 2023. - RADIO LJUBU\u0160KI<\/title>\n<meta name=\"robots\" content=\"index, follow, max-snippet:-1, max-image-preview:large, max-video-preview:-1\" \/>\n<link rel=\"canonical\" href=\"https:\/\/radioljubuski.ba\/index.php\/2023\/06\/09\/video-tvrdava-herceg-stjepana-ljubuski-lipanj-2023\/\" \/>\n<meta property=\"og:locale\" content=\"hr_HR\" \/>\n<meta property=\"og:type\" content=\"article\" \/>\n<meta property=\"og:title\" content=\"Video: Tvr\u0111ava herceg Stjepana Ljubu\u0161ki, lipanj 2023. - RADIO LJUBU\u0160KI\" \/>\n<meta property=\"og:description\" content=\"Srednjovjekovna tvr\u0111ava herceg Stjepana, jedan od simbola bogate povijesti Ljubu\u0161kog, pro\u0161logodi\u0161njom zavr\u0161etkom opse\u017enih konzervatorsko-restauracijskih radova na sredi\u0161njoj kuli, popularno zvanoj Hercegu\u0161i, zasjala je u novom ruhu na radost i ponos svih Ljubu\u0161aka. Provedbom navedenih aktivnosti napravljen je veliki iskorak prema potpunoj obnovi ovog nacionalnog spomenika \u010dime \u0107e Ljubu\u0161ki dobiti jo\u0161 jedan nezaobilazan turisti\u010dki adut, ali [&hellip;]\" \/>\n<meta property=\"og:url\" content=\"https:\/\/radioljubuski.ba\/index.php\/2023\/06\/09\/video-tvrdava-herceg-stjepana-ljubuski-lipanj-2023\/\" \/>\n<meta property=\"og:site_name\" content=\"RADIO LJUBU\u0160KI\" \/>\n<meta property=\"article:publisher\" content=\"https:\/\/www.facebook.com\/Radiio-Ljubuski-1490835324566332\" \/>\n<meta property=\"article:published_time\" content=\"2023-06-09T10:37:18+00:00\" \/>\n<meta property=\"article:modified_time\" content=\"2023-06-09T10:37:19+00:00\" \/>\n<meta property=\"og:image\" content=\"https:\/\/radioljubuski.ba\/wp-content\/uploads\/2023\/06\/DSC0051-scaled.jpg\" \/>\n\t<meta property=\"og:image:width\" content=\"2560\" \/>\n\t<meta property=\"og:image:height\" content=\"1708\" \/>\n\t<meta property=\"og:image:type\" content=\"image\/jpeg\" \/>\n<meta name=\"author\" content=\"Radio Ljubu\u0161ki\" \/>\n<meta name=\"twitter:card\" content=\"summary_large_image\" \/>\n<meta name=\"twitter:creator\" content=\"@radioljubuski\" \/>\n<meta name=\"twitter:site\" content=\"@radioljubuski\" \/>\n<meta name=\"twitter:label1\" content=\"Napisao\/la\" \/>\n\t<meta name=\"twitter:data1\" content=\"Radio Ljubu\u0161ki\" \/>\n\t<meta name=\"twitter:label2\" content=\"Procijenjeno vrijeme \u010ditanja\" \/>\n\t<meta name=\"twitter:data2\" content=\"2 minute\" \/>\n<script type=\"application\/ld+json\" class=\"yoast-schema-graph\">{\"@context\":\"https:\\\/\\\/schema.org\",\"@graph\":[{\"@type\":\"Article\",\"@id\":\"https:\\\/\\\/radioljubuski.ba\\\/index.php\\\/2023\\\/06\\\/09\\\/video-tvrdava-herceg-stjepana-ljubuski-lipanj-2023\\\/#article\",\"isPartOf\":{\"@id\":\"https:\\\/\\\/radioljubuski.ba\\\/index.php\\\/2023\\\/06\\\/09\\\/video-tvrdava-herceg-stjepana-ljubuski-lipanj-2023\\\/\"},\"author\":{\"name\":\"Radio Ljubu\u0161ki\",\"@id\":\"https:\\\/\\\/radioljubuski.ba\\\/#\\\/schema\\\/person\\\/19fc700381a780f69665d7956c469e3b\"},\"headline\":\"Video: Tvr\u0111ava herceg Stjepana Ljubu\u0161ki, lipanj 2023.\",\"datePublished\":\"2023-06-09T10:37:18+00:00\",\"dateModified\":\"2023-06-09T10:37:19+00:00\",\"mainEntityOfPage\":{\"@id\":\"https:\\\/\\\/radioljubuski.ba\\\/index.php\\\/2023\\\/06\\\/09\\\/video-tvrdava-herceg-stjepana-ljubuski-lipanj-2023\\\/\"},\"wordCount\":267,\"publisher\":{\"@id\":\"https:\\\/\\\/radioljubuski.ba\\\/#organization\"},\"image\":{\"@id\":\"https:\\\/\\\/radioljubuski.ba\\\/index.php\\\/2023\\\/06\\\/09\\\/video-tvrdava-herceg-stjepana-ljubuski-lipanj-2023\\\/#primaryimage\"},\"thumbnailUrl\":\"https:\\\/\\\/radioljubuski.ba\\\/wp-content\\\/uploads\\\/2023\\\/06\\\/DSC0051-scaled.jpg\",\"articleSection\":[\"Novosti\"],\"inLanguage\":\"hr\"},{\"@type\":\"WebPage\",\"@id\":\"https:\\\/\\\/radioljubuski.ba\\\/index.php\\\/2023\\\/06\\\/09\\\/video-tvrdava-herceg-stjepana-ljubuski-lipanj-2023\\\/\",\"url\":\"https:\\\/\\\/radioljubuski.ba\\\/index.php\\\/2023\\\/06\\\/09\\\/video-tvrdava-herceg-stjepana-ljubuski-lipanj-2023\\\/\",\"name\":\"Video: Tvr\u0111ava herceg Stjepana Ljubu\u0161ki, lipanj 2023. - RADIO LJUBU\u0160KI\",\"isPartOf\":{\"@id\":\"https:\\\/\\\/radioljubuski.ba\\\/#website\"},\"primaryImageOfPage\":{\"@id\":\"https:\\\/\\\/radioljubuski.ba\\\/index.php\\\/2023\\\/06\\\/09\\\/video-tvrdava-herceg-stjepana-ljubuski-lipanj-2023\\\/#primaryimage\"},\"image\":{\"@id\":\"https:\\\/\\\/radioljubuski.ba\\\/index.php\\\/2023\\\/06\\\/09\\\/video-tvrdava-herceg-stjepana-ljubuski-lipanj-2023\\\/#primaryimage\"},\"thumbnailUrl\":\"https:\\\/\\\/radioljubuski.ba\\\/wp-content\\\/uploads\\\/2023\\\/06\\\/DSC0051-scaled.jpg\",\"datePublished\":\"2023-06-09T10:37:18+00:00\",\"dateModified\":\"2023-06-09T10:37:19+00:00\",\"breadcrumb\":{\"@id\":\"https:\\\/\\\/radioljubuski.ba\\\/index.php\\\/2023\\\/06\\\/09\\\/video-tvrdava-herceg-stjepana-ljubuski-lipanj-2023\\\/#breadcrumb\"},\"inLanguage\":\"hr\",\"potentialAction\":[{\"@type\":\"ReadAction\",\"target\":[\"https:\\\/\\\/radioljubuski.ba\\\/index.php\\\/2023\\\/06\\\/09\\\/video-tvrdava-herceg-stjepana-ljubuski-lipanj-2023\\\/\"]}]},{\"@type\":\"ImageObject\",\"inLanguage\":\"hr\",\"@id\":\"https:\\\/\\\/radioljubuski.ba\\\/index.php\\\/2023\\\/06\\\/09\\\/video-tvrdava-herceg-stjepana-ljubuski-lipanj-2023\\\/#primaryimage\",\"url\":\"https:\\\/\\\/radioljubuski.ba\\\/wp-content\\\/uploads\\\/2023\\\/06\\\/DSC0051-scaled.jpg\",\"contentUrl\":\"https:\\\/\\\/radioljubuski.ba\\\/wp-content\\\/uploads\\\/2023\\\/06\\\/DSC0051-scaled.jpg\",\"width\":2560,\"height\":1708},{\"@type\":\"BreadcrumbList\",\"@id\":\"https:\\\/\\\/radioljubuski.ba\\\/index.php\\\/2023\\\/06\\\/09\\\/video-tvrdava-herceg-stjepana-ljubuski-lipanj-2023\\\/#breadcrumb\",\"itemListElement\":[{\"@type\":\"ListItem\",\"position\":1,\"name\":\"Po\u010detna stranica\",\"item\":\"https:\\\/\\\/radioljubuski.ba\\\/\"},{\"@type\":\"ListItem\",\"position\":2,\"name\":\"Video: Tvr\u0111ava herceg Stjepana Ljubu\u0161ki, lipanj 2023.\"}]},{\"@type\":\"WebSite\",\"@id\":\"https:\\\/\\\/radioljubuski.ba\\\/#website\",\"url\":\"https:\\\/\\\/radioljubuski.ba\\\/\",\"name\":\"Radio Ljubu\u0161ki\",\"description\":\"Sun\u010dana frekvencija Hercegovine\",\"publisher\":{\"@id\":\"https:\\\/\\\/radioljubuski.ba\\\/#organization\"},\"potentialAction\":[{\"@type\":\"SearchAction\",\"target\":{\"@type\":\"EntryPoint\",\"urlTemplate\":\"https:\\\/\\\/radioljubuski.ba\\\/?s={search_term_string}\"},\"query-input\":{\"@type\":\"PropertyValueSpecification\",\"valueRequired\":true,\"valueName\":\"search_term_string\"}}],\"inLanguage\":\"hr\"},{\"@type\":\"Organization\",\"@id\":\"https:\\\/\\\/radioljubuski.ba\\\/#organization\",\"name\":\"Radio Ljubu\u0161ki\",\"url\":\"https:\\\/\\\/radioljubuski.ba\\\/\",\"logo\":{\"@type\":\"ImageObject\",\"inLanguage\":\"hr\",\"@id\":\"https:\\\/\\\/radioljubuski.ba\\\/#\\\/schema\\\/logo\\\/image\\\/\",\"url\":\"https:\\\/\\\/radioljubuski.ba\\\/wp-content\\\/uploads\\\/2021\\\/02\\\/cropped-Radio_Ljubuski_logo1.jpg\",\"contentUrl\":\"https:\\\/\\\/radioljubuski.ba\\\/wp-content\\\/uploads\\\/2021\\\/02\\\/cropped-Radio_Ljubuski_logo1.jpg\",\"width\":512,\"height\":512,\"caption\":\"Radio Ljubu\u0161ki\"},\"image\":{\"@id\":\"https:\\\/\\\/radioljubuski.ba\\\/#\\\/schema\\\/logo\\\/image\\\/\"},\"sameAs\":[\"https:\\\/\\\/www.facebook.com\\\/Radiio-Ljubuski-1490835324566332\",\"https:\\\/\\\/x.com\\\/radioljubuski\",\"https:\\\/\\\/hr.linkedin.com\\\/company\\\/radio-ljubuski\",\"https:\\\/\\\/www.youtube.com\\\/channel\\\/UCHYaeO_n0Db3tjNGudGpXyw\"]},{\"@type\":\"Person\",\"@id\":\"https:\\\/\\\/radioljubuski.ba\\\/#\\\/schema\\\/person\\\/19fc700381a780f69665d7956c469e3b\",\"name\":\"Radio Ljubu\u0161ki\"}]}<\/script>\n<!-- \/ Yoast SEO plugin. -->","yoast_head_json":{"title":"Video: Tvr\u0111ava herceg Stjepana Ljubu\u0161ki, lipanj 2023. - RADIO LJUBU\u0160KI","robots":{"index":"index","follow":"follow","max-snippet":"max-snippet:-1","max-image-preview":"max-image-preview:large","max-video-preview":"max-video-preview:-1"},"canonical":"https:\/\/radioljubuski.ba\/index.php\/2023\/06\/09\/video-tvrdava-herceg-stjepana-ljubuski-lipanj-2023\/","og_locale":"hr_HR","og_type":"article","og_title":"Video: Tvr\u0111ava herceg Stjepana Ljubu\u0161ki, lipanj 2023. - RADIO LJUBU\u0160KI","og_description":"Srednjovjekovna tvr\u0111ava herceg Stjepana, jedan od simbola bogate povijesti Ljubu\u0161kog, pro\u0161logodi\u0161njom zavr\u0161etkom opse\u017enih konzervatorsko-restauracijskih radova na sredi\u0161njoj kuli, popularno zvanoj Hercegu\u0161i, zasjala je u novom ruhu na radost i ponos svih Ljubu\u0161aka. Provedbom navedenih aktivnosti napravljen je veliki iskorak prema potpunoj obnovi ovog nacionalnog spomenika \u010dime \u0107e Ljubu\u0161ki dobiti jo\u0161 jedan nezaobilazan turisti\u010dki adut, ali [&hellip;]","og_url":"https:\/\/radioljubuski.ba\/index.php\/2023\/06\/09\/video-tvrdava-herceg-stjepana-ljubuski-lipanj-2023\/","og_site_name":"RADIO LJUBU\u0160KI","article_publisher":"https:\/\/www.facebook.com\/Radiio-Ljubuski-1490835324566332","article_published_time":"2023-06-09T10:37:18+00:00","article_modified_time":"2023-06-09T10:37:19+00:00","og_image":[{"width":2560,"height":1708,"url":"https:\/\/radioljubuski.ba\/wp-content\/uploads\/2023\/06\/DSC0051-scaled.jpg","type":"image\/jpeg"}],"author":"Radio Ljubu\u0161ki","twitter_card":"summary_large_image","twitter_creator":"@radioljubuski","twitter_site":"@radioljubuski","twitter_misc":{"Napisao\/la":"Radio Ljubu\u0161ki","Procijenjeno vrijeme \u010ditanja":"2 minute"},"schema":{"@context":"https:\/\/schema.org","@graph":[{"@type":"Article","@id":"https:\/\/radioljubuski.ba\/index.php\/2023\/06\/09\/video-tvrdava-herceg-stjepana-ljubuski-lipanj-2023\/#article","isPartOf":{"@id":"https:\/\/radioljubuski.ba\/index.php\/2023\/06\/09\/video-tvrdava-herceg-stjepana-ljubuski-lipanj-2023\/"},"author":{"name":"Radio Ljubu\u0161ki","@id":"https:\/\/radioljubuski.ba\/#\/schema\/person\/19fc700381a780f69665d7956c469e3b"},"headline":"Video: Tvr\u0111ava herceg Stjepana Ljubu\u0161ki, lipanj 2023.","datePublished":"2023-06-09T10:37:18+00:00","dateModified":"2023-06-09T10:37:19+00:00","mainEntityOfPage":{"@id":"https:\/\/radioljubuski.ba\/index.php\/2023\/06\/09\/video-tvrdava-herceg-stjepana-ljubuski-lipanj-2023\/"},"wordCount":267,"publisher":{"@id":"https:\/\/radioljubuski.ba\/#organization"},"image":{"@id":"https:\/\/radioljubuski.ba\/index.php\/2023\/06\/09\/video-tvrdava-herceg-stjepana-ljubuski-lipanj-2023\/#primaryimage"},"thumbnailUrl":"https:\/\/radioljubuski.ba\/wp-content\/uploads\/2023\/06\/DSC0051-scaled.jpg","articleSection":["Novosti"],"inLanguage":"hr"},{"@type":"WebPage","@id":"https:\/\/radioljubuski.ba\/index.php\/2023\/06\/09\/video-tvrdava-herceg-stjepana-ljubuski-lipanj-2023\/","url":"https:\/\/radioljubuski.ba\/index.php\/2023\/06\/09\/video-tvrdava-herceg-stjepana-ljubuski-lipanj-2023\/","name":"Video: Tvr\u0111ava herceg Stjepana Ljubu\u0161ki, lipanj 2023. - RADIO LJUBU\u0160KI","isPartOf":{"@id":"https:\/\/radioljubuski.ba\/#website"},"primaryImageOfPage":{"@id":"https:\/\/radioljubuski.ba\/index.php\/2023\/06\/09\/video-tvrdava-herceg-stjepana-ljubuski-lipanj-2023\/#primaryimage"},"image":{"@id":"https:\/\/radioljubuski.ba\/index.php\/2023\/06\/09\/video-tvrdava-herceg-stjepana-ljubuski-lipanj-2023\/#primaryimage"},"thumbnailUrl":"https:\/\/radioljubuski.ba\/wp-content\/uploads\/2023\/06\/DSC0051-scaled.jpg","datePublished":"2023-06-09T10:37:18+00:00","dateModified":"2023-06-09T10:37:19+00:00","breadcrumb":{"@id":"https:\/\/radioljubuski.ba\/index.php\/2023\/06\/09\/video-tvrdava-herceg-stjepana-ljubuski-lipanj-2023\/#breadcrumb"},"inLanguage":"hr","potentialAction":[{"@type":"ReadAction","target":["https:\/\/radioljubuski.ba\/index.php\/2023\/06\/09\/video-tvrdava-herceg-stjepana-ljubuski-lipanj-2023\/"]}]},{"@type":"ImageObject","inLanguage":"hr","@id":"https:\/\/radioljubuski.ba\/index.php\/2023\/06\/09\/video-tvrdava-herceg-stjepana-ljubuski-lipanj-2023\/#primaryimage","url":"https:\/\/radioljubuski.ba\/wp-content\/uploads\/2023\/06\/DSC0051-scaled.jpg","contentUrl":"https:\/\/radioljubuski.ba\/wp-content\/uploads\/2023\/06\/DSC0051-scaled.jpg","width":2560,"height":1708},{"@type":"BreadcrumbList","@id":"https:\/\/radioljubuski.ba\/index.php\/2023\/06\/09\/video-tvrdava-herceg-stjepana-ljubuski-lipanj-2023\/#breadcrumb","itemListElement":[{"@type":"ListItem","position":1,"name":"Po\u010detna stranica","item":"https:\/\/radioljubuski.ba\/"},{"@type":"ListItem","position":2,"name":"Video: Tvr\u0111ava herceg Stjepana Ljubu\u0161ki, lipanj 2023."}]},{"@type":"WebSite","@id":"https:\/\/radioljubuski.ba\/#website","url":"https:\/\/radioljubuski.ba\/","name":"Radio Ljubu\u0161ki","description":"Sun\u010dana frekvencija Hercegovine","publisher":{"@id":"https:\/\/radioljubuski.ba\/#organization"},"potentialAction":[{"@type":"SearchAction","target":{"@type":"EntryPoint","urlTemplate":"https:\/\/radioljubuski.ba\/?s={search_term_string}"},"query-input":{"@type":"PropertyValueSpecification","valueRequired":true,"valueName":"search_term_string"}}],"inLanguage":"hr"},{"@type":"Organization","@id":"https:\/\/radioljubuski.ba\/#organization","name":"Radio Ljubu\u0161ki","url":"https:\/\/radioljubuski.ba\/","logo":{"@type":"ImageObject","inLanguage":"hr","@id":"https:\/\/radioljubuski.ba\/#\/schema\/logo\/image\/","url":"https:\/\/radioljubuski.ba\/wp-content\/uploads\/2021\/02\/cropped-Radio_Ljubuski_logo1.jpg","contentUrl":"https:\/\/radioljubuski.ba\/wp-content\/uploads\/2021\/02\/cropped-Radio_Ljubuski_logo1.jpg","width":512,"height":512,"caption":"Radio Ljubu\u0161ki"},"image":{"@id":"https:\/\/radioljubuski.ba\/#\/schema\/logo\/image\/"},"sameAs":["https:\/\/www.facebook.com\/Radiio-Ljubuski-1490835324566332","https:\/\/x.com\/radioljubuski","https:\/\/hr.linkedin.com\/company\/radio-ljubuski","https:\/\/www.youtube.com\/channel\/UCHYaeO_n0Db3tjNGudGpXyw"]},{"@type":"Person","@id":"https:\/\/radioljubuski.ba\/#\/schema\/person\/19fc700381a780f69665d7956c469e3b","name":"Radio Ljubu\u0161ki"}]}},"_links":{"self":[{"href":"https:\/\/radioljubuski.ba\/index.php\/wp-json\/wp\/v2\/posts\/191690","targetHints":{"allow":["GET"]}}],"collection":[{"href":"https:\/\/radioljubuski.ba\/index.php\/wp-json\/wp\/v2\/posts"}],"about":[{"href":"https:\/\/radioljubuski.ba\/index.php\/wp-json\/wp\/v2\/types\/post"}],"author":[{"embeddable":true,"href":"https:\/\/radioljubuski.ba\/index.php\/wp-json\/wp\/v2\/users\/2"}],"replies":[{"embeddable":true,"href":"https:\/\/radioljubuski.ba\/index.php\/wp-json\/wp\/v2\/comments?post=191690"}],"version-history":[{"count":1,"href":"https:\/\/radioljubuski.ba\/index.php\/wp-json\/wp\/v2\/posts\/191690\/revisions"}],"predecessor-version":[{"id":191692,"href":"https:\/\/radioljubuski.ba\/index.php\/wp-json\/wp\/v2\/posts\/191690\/revisions\/191692"}],"wp:featuredmedia":[{"embeddable":true,"href":"https:\/\/radioljubuski.ba\/index.php\/wp-json\/wp\/v2\/media\/191691"}],"wp:attachment":[{"href":"https:\/\/radioljubuski.ba\/index.php\/wp-json\/wp\/v2\/media?parent=191690"}],"wp:term":[{"taxonomy":"category","embeddable":true,"href":"https:\/\/radioljubuski.ba\/index.php\/wp-json\/wp\/v2\/categories?post=191690"},{"taxonomy":"post_tag","embeddable":true,"href":"https:\/\/radioljubuski.ba\/index.php\/wp-json\/wp\/v2\/tags?post=191690"}],"curies":[{"name":"wp","href":"https:\/\/api.w.org\/{rel}","templated":true}]}}