{"id":191693,"date":"2023-06-09T13:03:35","date_gmt":"2023-06-09T12:03:35","guid":{"rendered":"https:\/\/radioljubuski.ba\/?p=191693"},"modified":"2023-06-09T13:03:36","modified_gmt":"2023-06-09T12:03:36","slug":"odluka-o-dodjeli-financijske-potpore-za-posebne-potrebe-i-projekte-od-interesa-za-hrvate-izvan-republike-hrvatske-za-2023-godinu","status":"publish","type":"post","link":"https:\/\/radioljubuski.ba\/index.php\/2023\/06\/09\/odluka-o-dodjeli-financijske-potpore-za-posebne-potrebe-i-projekte-od-interesa-za-hrvate-izvan-republike-hrvatske-za-2023-godinu\/","title":{"rendered":"Odluka o dodjeli financijske potpore za posebne potrebe i projekte od interesa za Hrvate izvan Republike Hrvatske za 2023. godinu"},"content":{"rendered":"\n<h3 class=\"wp-block-heading\">Sredi\u0161nji dr\u017eavni ured za Hrvate izvan Republike Hrvatske donio je Odluku o dodjeli financijske potpore za posebne potrebe i projekte od interesa za Hrvate izvan Republike Hrvatske za 2023. godinu<\/h3>\n\n\n\n<p>Temeljem provedenog 1. Javnog poziva za prijavu posebnih potreba i projekata od interesa za Hrvate izvan Republike Hrvatske u svrhu ostvarenja financijske potpore za 2023. godinu, Sredi\u0161nji dr\u017eavni ured za Hrvate izvan Republike Hrvatske donio je Odluku o dodjeli financijske potpore za posebne potrebe i projekte od interesa za Hrvate izvan Republike Hrvatske za 2023. godinu.<\/p>\n\n\n\n<p>Javni poziv provodi se s ciljem promicanja veza i ja\u010danja suradnje Republike Hrvatske s Hrvatima izvan Republike Hrvatske te o\u010duvanja i ja\u010danja nacionalnog identiteta, za\u0161tite prava i interesa hrvatskih zajednica, o\u010duvanja hrvatskog jezika, kulturnog stvarala\u0161tva i ba\u0161tine te poticanja hrvatskog kulturnog zajedni\u0161tva, kao i pomo\u0107i ugro\u017eenim pojedincima \u2013 pripadnicima hrvatskog naroda izvan Republike Hrvatske i povratnicima iz hrvatskog iseljeni\u0161tva.<\/p>\n\n\n\n<p>Sredi\u0161nji dr\u017eavni ured za Hrvate izvan Republike Hrvatske putem 1. Javnog poziva za 2023. godinu dodijelio je ukupno 800.000,00 eura (6.027.600,00 kuna) za 213 projekata\/programa i 57 financijskih potpora ugro\u017eenim pojedincima i povratnicima u Republiku Hrvatsku.<\/p>\n\n\n\n<p>Odluka o dodjeli financijske potpore nalazi se u dokumentu u\u00a0<a href=\"https:\/\/hrvatiizvanrh.gov.hr\/UserDocsImages\/\/Javni%20pozivi%20i%20natjecaji%202018\/\/Odluka_7.6.2023._143721.pdf\" target=\"_blank\" rel=\"noreferrer noopener\">privitku.<\/a><\/p>\n\n\n\n<p>Sredi\u0161nji dr\u017eavni ured za Hrvate izvan Republike Hrvatske<\/p>\n","protected":false},"excerpt":{"rendered":"<p>Sredi\u0161nji dr\u017eavni ured za Hrvate izvan Republike Hrvatske donio je Odluku o dodjeli financijske potpore za posebne potrebe i projekte od interesa za Hrvate izvan Republike Hrvatske za 2023. godinu Temeljem provedenog 1. Javnog poziva za prijavu posebnih potreba i projekata od interesa za Hrvate izvan Republike Hrvatske u svrhu ostvarenja financijske potpore za 2023. [&hellip;]<\/p>\n","protected":false},"author":2,"featured_media":191694,"comment_status":"closed","ping_status":"closed","sticky":false,"template":"","format":"standard","meta":{"h5ap_radio_sources":[],"footnotes":""},"categories":[28],"tags":[],"class_list":["post-191693","post","type-post","status-publish","format-standard","has-post-thumbnail","hentry","category-novosti"],"yoast_head":"<!-- This site is optimized with the Yoast SEO plugin v27.5 - https:\/\/yoast.com\/product\/yoast-seo-wordpress\/ -->\n<title>Odluka o dodjeli financijske potpore za posebne potrebe i projekte od interesa za Hrvate izvan Republike Hrvatske za 2023. godinu - RADIO LJUBU\u0160KI<\/title>\n<meta name=\"robots\" content=\"index, follow, max-snippet:-1, max-image-preview:large, max-video-preview:-1\" \/>\n<link rel=\"canonical\" href=\"https:\/\/radioljubuski.ba\/index.php\/2023\/06\/09\/odluka-o-dodjeli-financijske-potpore-za-posebne-potrebe-i-projekte-od-interesa-za-hrvate-izvan-republike-hrvatske-za-2023-godinu\/\" \/>\n<meta property=\"og:locale\" content=\"hr_HR\" \/>\n<meta property=\"og:type\" content=\"article\" \/>\n<meta property=\"og:title\" content=\"Odluka o dodjeli financijske potpore za posebne potrebe i projekte od interesa za Hrvate izvan Republike Hrvatske za 2023. godinu - RADIO LJUBU\u0160KI\" \/>\n<meta property=\"og:description\" content=\"Sredi\u0161nji dr\u017eavni ured za Hrvate izvan Republike Hrvatske donio je Odluku o dodjeli financijske potpore za posebne potrebe i projekte od interesa za Hrvate izvan Republike Hrvatske za 2023. godinu Temeljem provedenog 1. Javnog poziva za prijavu posebnih potreba i projekata od interesa za Hrvate izvan Republike Hrvatske u svrhu ostvarenja financijske potpore za 2023. [&hellip;]\" \/>\n<meta property=\"og:url\" content=\"https:\/\/radioljubuski.ba\/index.php\/2023\/06\/09\/odluka-o-dodjeli-financijske-potpore-za-posebne-potrebe-i-projekte-od-interesa-za-hrvate-izvan-republike-hrvatske-za-2023-godinu\/\" \/>\n<meta property=\"og:site_name\" content=\"RADIO LJUBU\u0160KI\" \/>\n<meta property=\"article:publisher\" content=\"https:\/\/www.facebook.com\/Radiio-Ljubuski-1490835324566332\" \/>\n<meta property=\"article:published_time\" content=\"2023-06-09T12:03:35+00:00\" \/>\n<meta property=\"article:modified_time\" content=\"2023-06-09T12:03:36+00:00\" \/>\n<meta property=\"og:image\" content=\"https:\/\/radioljubuski.ba\/wp-content\/uploads\/2023\/06\/582d9d58f42d47d1316ae3a3b735af85_L.jpg\" \/>\n\t<meta property=\"og:image:width\" content=\"1024\" \/>\n\t<meta property=\"og:image:height\" content=\"683\" \/>\n\t<meta property=\"og:image:type\" content=\"image\/jpeg\" \/>\n<meta name=\"author\" content=\"Radio Ljubu\u0161ki\" \/>\n<meta name=\"twitter:card\" content=\"summary_large_image\" \/>\n<meta name=\"twitter:creator\" content=\"@radioljubuski\" \/>\n<meta name=\"twitter:site\" content=\"@radioljubuski\" \/>\n<meta name=\"twitter:label1\" content=\"Napisao\/la\" \/>\n\t<meta name=\"twitter:data1\" content=\"Radio Ljubu\u0161ki\" \/>\n\t<meta name=\"twitter:label2\" content=\"Procijenjeno vrijeme \u010ditanja\" \/>\n\t<meta name=\"twitter:data2\" content=\"2 minute\" \/>\n<script type=\"application\/ld+json\" class=\"yoast-schema-graph\">{\"@context\":\"https:\\\/\\\/schema.org\",\"@graph\":[{\"@type\":\"Article\",\"@id\":\"https:\\\/\\\/radioljubuski.ba\\\/index.php\\\/2023\\\/06\\\/09\\\/odluka-o-dodjeli-financijske-potpore-za-posebne-potrebe-i-projekte-od-interesa-za-hrvate-izvan-republike-hrvatske-za-2023-godinu\\\/#article\",\"isPartOf\":{\"@id\":\"https:\\\/\\\/radioljubuski.ba\\\/index.php\\\/2023\\\/06\\\/09\\\/odluka-o-dodjeli-financijske-potpore-za-posebne-potrebe-i-projekte-od-interesa-za-hrvate-izvan-republike-hrvatske-za-2023-godinu\\\/\"},\"author\":{\"name\":\"Radio Ljubu\u0161ki\",\"@id\":\"https:\\\/\\\/radioljubuski.ba\\\/#\\\/schema\\\/person\\\/19fc700381a780f69665d7956c469e3b\"},\"headline\":\"Odluka o dodjeli financijske potpore za posebne potrebe i projekte od interesa za Hrvate izvan Republike Hrvatske za 2023. godinu\",\"datePublished\":\"2023-06-09T12:03:35+00:00\",\"dateModified\":\"2023-06-09T12:03:36+00:00\",\"mainEntityOfPage\":{\"@id\":\"https:\\\/\\\/radioljubuski.ba\\\/index.php\\\/2023\\\/06\\\/09\\\/odluka-o-dodjeli-financijske-potpore-za-posebne-potrebe-i-projekte-od-interesa-za-hrvate-izvan-republike-hrvatske-za-2023-godinu\\\/\"},\"wordCount\":229,\"publisher\":{\"@id\":\"https:\\\/\\\/radioljubuski.ba\\\/#organization\"},\"image\":{\"@id\":\"https:\\\/\\\/radioljubuski.ba\\\/index.php\\\/2023\\\/06\\\/09\\\/odluka-o-dodjeli-financijske-potpore-za-posebne-potrebe-i-projekte-od-interesa-za-hrvate-izvan-republike-hrvatske-za-2023-godinu\\\/#primaryimage\"},\"thumbnailUrl\":\"https:\\\/\\\/radioljubuski.ba\\\/wp-content\\\/uploads\\\/2023\\\/06\\\/582d9d58f42d47d1316ae3a3b735af85_L.jpg\",\"articleSection\":[\"Novosti\"],\"inLanguage\":\"hr\"},{\"@type\":\"WebPage\",\"@id\":\"https:\\\/\\\/radioljubuski.ba\\\/index.php\\\/2023\\\/06\\\/09\\\/odluka-o-dodjeli-financijske-potpore-za-posebne-potrebe-i-projekte-od-interesa-za-hrvate-izvan-republike-hrvatske-za-2023-godinu\\\/\",\"url\":\"https:\\\/\\\/radioljubuski.ba\\\/index.php\\\/2023\\\/06\\\/09\\\/odluka-o-dodjeli-financijske-potpore-za-posebne-potrebe-i-projekte-od-interesa-za-hrvate-izvan-republike-hrvatske-za-2023-godinu\\\/\",\"name\":\"Odluka o dodjeli financijske potpore za posebne potrebe i projekte od interesa za Hrvate izvan Republike Hrvatske za 2023. godinu - RADIO LJUBU\u0160KI\",\"isPartOf\":{\"@id\":\"https:\\\/\\\/radioljubuski.ba\\\/#website\"},\"primaryImageOfPage\":{\"@id\":\"https:\\\/\\\/radioljubuski.ba\\\/index.php\\\/2023\\\/06\\\/09\\\/odluka-o-dodjeli-financijske-potpore-za-posebne-potrebe-i-projekte-od-interesa-za-hrvate-izvan-republike-hrvatske-za-2023-godinu\\\/#primaryimage\"},\"image\":{\"@id\":\"https:\\\/\\\/radioljubuski.ba\\\/index.php\\\/2023\\\/06\\\/09\\\/odluka-o-dodjeli-financijske-potpore-za-posebne-potrebe-i-projekte-od-interesa-za-hrvate-izvan-republike-hrvatske-za-2023-godinu\\\/#primaryimage\"},\"thumbnailUrl\":\"https:\\\/\\\/radioljubuski.ba\\\/wp-content\\\/uploads\\\/2023\\\/06\\\/582d9d58f42d47d1316ae3a3b735af85_L.jpg\",\"datePublished\":\"2023-06-09T12:03:35+00:00\",\"dateModified\":\"2023-06-09T12:03:36+00:00\",\"breadcrumb\":{\"@id\":\"https:\\\/\\\/radioljubuski.ba\\\/index.php\\\/2023\\\/06\\\/09\\\/odluka-o-dodjeli-financijske-potpore-za-posebne-potrebe-i-projekte-od-interesa-za-hrvate-izvan-republike-hrvatske-za-2023-godinu\\\/#breadcrumb\"},\"inLanguage\":\"hr\",\"potentialAction\":[{\"@type\":\"ReadAction\",\"target\":[\"https:\\\/\\\/radioljubuski.ba\\\/index.php\\\/2023\\\/06\\\/09\\\/odluka-o-dodjeli-financijske-potpore-za-posebne-potrebe-i-projekte-od-interesa-za-hrvate-izvan-republike-hrvatske-za-2023-godinu\\\/\"]}]},{\"@type\":\"ImageObject\",\"inLanguage\":\"hr\",\"@id\":\"https:\\\/\\\/radioljubuski.ba\\\/index.php\\\/2023\\\/06\\\/09\\\/odluka-o-dodjeli-financijske-potpore-za-posebne-potrebe-i-projekte-od-interesa-za-hrvate-izvan-republike-hrvatske-za-2023-godinu\\\/#primaryimage\",\"url\":\"https:\\\/\\\/radioljubuski.ba\\\/wp-content\\\/uploads\\\/2023\\\/06\\\/582d9d58f42d47d1316ae3a3b735af85_L.jpg\",\"contentUrl\":\"https:\\\/\\\/radioljubuski.ba\\\/wp-content\\\/uploads\\\/2023\\\/06\\\/582d9d58f42d47d1316ae3a3b735af85_L.jpg\",\"width\":1024,\"height\":683},{\"@type\":\"BreadcrumbList\",\"@id\":\"https:\\\/\\\/radioljubuski.ba\\\/index.php\\\/2023\\\/06\\\/09\\\/odluka-o-dodjeli-financijske-potpore-za-posebne-potrebe-i-projekte-od-interesa-za-hrvate-izvan-republike-hrvatske-za-2023-godinu\\\/#breadcrumb\",\"itemListElement\":[{\"@type\":\"ListItem\",\"position\":1,\"name\":\"Po\u010detna stranica\",\"item\":\"https:\\\/\\\/radioljubuski.ba\\\/\"},{\"@type\":\"ListItem\",\"position\":2,\"name\":\"Odluka o dodjeli financijske potpore za posebne potrebe i projekte od interesa za Hrvate izvan Republike Hrvatske za 2023. godinu\"}]},{\"@type\":\"WebSite\",\"@id\":\"https:\\\/\\\/radioljubuski.ba\\\/#website\",\"url\":\"https:\\\/\\\/radioljubuski.ba\\\/\",\"name\":\"Radio Ljubu\u0161ki\",\"description\":\"Sun\u010dana frekvencija Hercegovine\",\"publisher\":{\"@id\":\"https:\\\/\\\/radioljubuski.ba\\\/#organization\"},\"potentialAction\":[{\"@type\":\"SearchAction\",\"target\":{\"@type\":\"EntryPoint\",\"urlTemplate\":\"https:\\\/\\\/radioljubuski.ba\\\/?s={search_term_string}\"},\"query-input\":{\"@type\":\"PropertyValueSpecification\",\"valueRequired\":true,\"valueName\":\"search_term_string\"}}],\"inLanguage\":\"hr\"},{\"@type\":\"Organization\",\"@id\":\"https:\\\/\\\/radioljubuski.ba\\\/#organization\",\"name\":\"Radio Ljubu\u0161ki\",\"url\":\"https:\\\/\\\/radioljubuski.ba\\\/\",\"logo\":{\"@type\":\"ImageObject\",\"inLanguage\":\"hr\",\"@id\":\"https:\\\/\\\/radioljubuski.ba\\\/#\\\/schema\\\/logo\\\/image\\\/\",\"url\":\"https:\\\/\\\/radioljubuski.ba\\\/wp-content\\\/uploads\\\/2021\\\/02\\\/cropped-Radio_Ljubuski_logo1.jpg\",\"contentUrl\":\"https:\\\/\\\/radioljubuski.ba\\\/wp-content\\\/uploads\\\/2021\\\/02\\\/cropped-Radio_Ljubuski_logo1.jpg\",\"width\":512,\"height\":512,\"caption\":\"Radio Ljubu\u0161ki\"},\"image\":{\"@id\":\"https:\\\/\\\/radioljubuski.ba\\\/#\\\/schema\\\/logo\\\/image\\\/\"},\"sameAs\":[\"https:\\\/\\\/www.facebook.com\\\/Radiio-Ljubuski-1490835324566332\",\"https:\\\/\\\/x.com\\\/radioljubuski\",\"https:\\\/\\\/hr.linkedin.com\\\/company\\\/radio-ljubuski\",\"https:\\\/\\\/www.youtube.com\\\/channel\\\/UCHYaeO_n0Db3tjNGudGpXyw\"]},{\"@type\":\"Person\",\"@id\":\"https:\\\/\\\/radioljubuski.ba\\\/#\\\/schema\\\/person\\\/19fc700381a780f69665d7956c469e3b\",\"name\":\"Radio Ljubu\u0161ki\"}]}<\/script>\n<!-- \/ Yoast SEO plugin. -->","yoast_head_json":{"title":"Odluka o dodjeli financijske potpore za posebne potrebe i projekte od interesa za Hrvate izvan Republike Hrvatske za 2023. godinu - RADIO LJUBU\u0160KI","robots":{"index":"index","follow":"follow","max-snippet":"max-snippet:-1","max-image-preview":"max-image-preview:large","max-video-preview":"max-video-preview:-1"},"canonical":"https:\/\/radioljubuski.ba\/index.php\/2023\/06\/09\/odluka-o-dodjeli-financijske-potpore-za-posebne-potrebe-i-projekte-od-interesa-za-hrvate-izvan-republike-hrvatske-za-2023-godinu\/","og_locale":"hr_HR","og_type":"article","og_title":"Odluka o dodjeli financijske potpore za posebne potrebe i projekte od interesa za Hrvate izvan Republike Hrvatske za 2023. godinu - RADIO LJUBU\u0160KI","og_description":"Sredi\u0161nji dr\u017eavni ured za Hrvate izvan Republike Hrvatske donio je Odluku o dodjeli financijske potpore za posebne potrebe i projekte od interesa za Hrvate izvan Republike Hrvatske za 2023. godinu Temeljem provedenog 1. Javnog poziva za prijavu posebnih potreba i projekata od interesa za Hrvate izvan Republike Hrvatske u svrhu ostvarenja financijske potpore za 2023. [&hellip;]","og_url":"https:\/\/radioljubuski.ba\/index.php\/2023\/06\/09\/odluka-o-dodjeli-financijske-potpore-za-posebne-potrebe-i-projekte-od-interesa-za-hrvate-izvan-republike-hrvatske-za-2023-godinu\/","og_site_name":"RADIO LJUBU\u0160KI","article_publisher":"https:\/\/www.facebook.com\/Radiio-Ljubuski-1490835324566332","article_published_time":"2023-06-09T12:03:35+00:00","article_modified_time":"2023-06-09T12:03:36+00:00","og_image":[{"width":1024,"height":683,"url":"https:\/\/radioljubuski.ba\/wp-content\/uploads\/2023\/06\/582d9d58f42d47d1316ae3a3b735af85_L.jpg","type":"image\/jpeg"}],"author":"Radio Ljubu\u0161ki","twitter_card":"summary_large_image","twitter_creator":"@radioljubuski","twitter_site":"@radioljubuski","twitter_misc":{"Napisao\/la":"Radio Ljubu\u0161ki","Procijenjeno vrijeme \u010ditanja":"2 minute"},"schema":{"@context":"https:\/\/schema.org","@graph":[{"@type":"Article","@id":"https:\/\/radioljubuski.ba\/index.php\/2023\/06\/09\/odluka-o-dodjeli-financijske-potpore-za-posebne-potrebe-i-projekte-od-interesa-za-hrvate-izvan-republike-hrvatske-za-2023-godinu\/#article","isPartOf":{"@id":"https:\/\/radioljubuski.ba\/index.php\/2023\/06\/09\/odluka-o-dodjeli-financijske-potpore-za-posebne-potrebe-i-projekte-od-interesa-za-hrvate-izvan-republike-hrvatske-za-2023-godinu\/"},"author":{"name":"Radio Ljubu\u0161ki","@id":"https:\/\/radioljubuski.ba\/#\/schema\/person\/19fc700381a780f69665d7956c469e3b"},"headline":"Odluka o dodjeli financijske potpore za posebne potrebe i projekte od interesa za Hrvate izvan Republike Hrvatske za 2023. godinu","datePublished":"2023-06-09T12:03:35+00:00","dateModified":"2023-06-09T12:03:36+00:00","mainEntityOfPage":{"@id":"https:\/\/radioljubuski.ba\/index.php\/2023\/06\/09\/odluka-o-dodjeli-financijske-potpore-za-posebne-potrebe-i-projekte-od-interesa-za-hrvate-izvan-republike-hrvatske-za-2023-godinu\/"},"wordCount":229,"publisher":{"@id":"https:\/\/radioljubuski.ba\/#organization"},"image":{"@id":"https:\/\/radioljubuski.ba\/index.php\/2023\/06\/09\/odluka-o-dodjeli-financijske-potpore-za-posebne-potrebe-i-projekte-od-interesa-za-hrvate-izvan-republike-hrvatske-za-2023-godinu\/#primaryimage"},"thumbnailUrl":"https:\/\/radioljubuski.ba\/wp-content\/uploads\/2023\/06\/582d9d58f42d47d1316ae3a3b735af85_L.jpg","articleSection":["Novosti"],"inLanguage":"hr"},{"@type":"WebPage","@id":"https:\/\/radioljubuski.ba\/index.php\/2023\/06\/09\/odluka-o-dodjeli-financijske-potpore-za-posebne-potrebe-i-projekte-od-interesa-za-hrvate-izvan-republike-hrvatske-za-2023-godinu\/","url":"https:\/\/radioljubuski.ba\/index.php\/2023\/06\/09\/odluka-o-dodjeli-financijske-potpore-za-posebne-potrebe-i-projekte-od-interesa-za-hrvate-izvan-republike-hrvatske-za-2023-godinu\/","name":"Odluka o dodjeli financijske potpore za posebne potrebe i projekte od interesa za Hrvate izvan Republike Hrvatske za 2023. godinu - RADIO LJUBU\u0160KI","isPartOf":{"@id":"https:\/\/radioljubuski.ba\/#website"},"primaryImageOfPage":{"@id":"https:\/\/radioljubuski.ba\/index.php\/2023\/06\/09\/odluka-o-dodjeli-financijske-potpore-za-posebne-potrebe-i-projekte-od-interesa-za-hrvate-izvan-republike-hrvatske-za-2023-godinu\/#primaryimage"},"image":{"@id":"https:\/\/radioljubuski.ba\/index.php\/2023\/06\/09\/odluka-o-dodjeli-financijske-potpore-za-posebne-potrebe-i-projekte-od-interesa-za-hrvate-izvan-republike-hrvatske-za-2023-godinu\/#primaryimage"},"thumbnailUrl":"https:\/\/radioljubuski.ba\/wp-content\/uploads\/2023\/06\/582d9d58f42d47d1316ae3a3b735af85_L.jpg","datePublished":"2023-06-09T12:03:35+00:00","dateModified":"2023-06-09T12:03:36+00:00","breadcrumb":{"@id":"https:\/\/radioljubuski.ba\/index.php\/2023\/06\/09\/odluka-o-dodjeli-financijske-potpore-za-posebne-potrebe-i-projekte-od-interesa-za-hrvate-izvan-republike-hrvatske-za-2023-godinu\/#breadcrumb"},"inLanguage":"hr","potentialAction":[{"@type":"ReadAction","target":["https:\/\/radioljubuski.ba\/index.php\/2023\/06\/09\/odluka-o-dodjeli-financijske-potpore-za-posebne-potrebe-i-projekte-od-interesa-za-hrvate-izvan-republike-hrvatske-za-2023-godinu\/"]}]},{"@type":"ImageObject","inLanguage":"hr","@id":"https:\/\/radioljubuski.ba\/index.php\/2023\/06\/09\/odluka-o-dodjeli-financijske-potpore-za-posebne-potrebe-i-projekte-od-interesa-za-hrvate-izvan-republike-hrvatske-za-2023-godinu\/#primaryimage","url":"https:\/\/radioljubuski.ba\/wp-content\/uploads\/2023\/06\/582d9d58f42d47d1316ae3a3b735af85_L.jpg","contentUrl":"https:\/\/radioljubuski.ba\/wp-content\/uploads\/2023\/06\/582d9d58f42d47d1316ae3a3b735af85_L.jpg","width":1024,"height":683},{"@type":"BreadcrumbList","@id":"https:\/\/radioljubuski.ba\/index.php\/2023\/06\/09\/odluka-o-dodjeli-financijske-potpore-za-posebne-potrebe-i-projekte-od-interesa-za-hrvate-izvan-republike-hrvatske-za-2023-godinu\/#breadcrumb","itemListElement":[{"@type":"ListItem","position":1,"name":"Po\u010detna stranica","item":"https:\/\/radioljubuski.ba\/"},{"@type":"ListItem","position":2,"name":"Odluka o dodjeli financijske potpore za posebne potrebe i projekte od interesa za Hrvate izvan Republike Hrvatske za 2023. godinu"}]},{"@type":"WebSite","@id":"https:\/\/radioljubuski.ba\/#website","url":"https:\/\/radioljubuski.ba\/","name":"Radio Ljubu\u0161ki","description":"Sun\u010dana frekvencija Hercegovine","publisher":{"@id":"https:\/\/radioljubuski.ba\/#organization"},"potentialAction":[{"@type":"SearchAction","target":{"@type":"EntryPoint","urlTemplate":"https:\/\/radioljubuski.ba\/?s={search_term_string}"},"query-input":{"@type":"PropertyValueSpecification","valueRequired":true,"valueName":"search_term_string"}}],"inLanguage":"hr"},{"@type":"Organization","@id":"https:\/\/radioljubuski.ba\/#organization","name":"Radio Ljubu\u0161ki","url":"https:\/\/radioljubuski.ba\/","logo":{"@type":"ImageObject","inLanguage":"hr","@id":"https:\/\/radioljubuski.ba\/#\/schema\/logo\/image\/","url":"https:\/\/radioljubuski.ba\/wp-content\/uploads\/2021\/02\/cropped-Radio_Ljubuski_logo1.jpg","contentUrl":"https:\/\/radioljubuski.ba\/wp-content\/uploads\/2021\/02\/cropped-Radio_Ljubuski_logo1.jpg","width":512,"height":512,"caption":"Radio Ljubu\u0161ki"},"image":{"@id":"https:\/\/radioljubuski.ba\/#\/schema\/logo\/image\/"},"sameAs":["https:\/\/www.facebook.com\/Radiio-Ljubuski-1490835324566332","https:\/\/x.com\/radioljubuski","https:\/\/hr.linkedin.com\/company\/radio-ljubuski","https:\/\/www.youtube.com\/channel\/UCHYaeO_n0Db3tjNGudGpXyw"]},{"@type":"Person","@id":"https:\/\/radioljubuski.ba\/#\/schema\/person\/19fc700381a780f69665d7956c469e3b","name":"Radio Ljubu\u0161ki"}]}},"_links":{"self":[{"href":"https:\/\/radioljubuski.ba\/index.php\/wp-json\/wp\/v2\/posts\/191693","targetHints":{"allow":["GET"]}}],"collection":[{"href":"https:\/\/radioljubuski.ba\/index.php\/wp-json\/wp\/v2\/posts"}],"about":[{"href":"https:\/\/radioljubuski.ba\/index.php\/wp-json\/wp\/v2\/types\/post"}],"author":[{"embeddable":true,"href":"https:\/\/radioljubuski.ba\/index.php\/wp-json\/wp\/v2\/users\/2"}],"replies":[{"embeddable":true,"href":"https:\/\/radioljubuski.ba\/index.php\/wp-json\/wp\/v2\/comments?post=191693"}],"version-history":[{"count":1,"href":"https:\/\/radioljubuski.ba\/index.php\/wp-json\/wp\/v2\/posts\/191693\/revisions"}],"predecessor-version":[{"id":191695,"href":"https:\/\/radioljubuski.ba\/index.php\/wp-json\/wp\/v2\/posts\/191693\/revisions\/191695"}],"wp:featuredmedia":[{"embeddable":true,"href":"https:\/\/radioljubuski.ba\/index.php\/wp-json\/wp\/v2\/media\/191694"}],"wp:attachment":[{"href":"https:\/\/radioljubuski.ba\/index.php\/wp-json\/wp\/v2\/media?parent=191693"}],"wp:term":[{"taxonomy":"category","embeddable":true,"href":"https:\/\/radioljubuski.ba\/index.php\/wp-json\/wp\/v2\/categories?post=191693"},{"taxonomy":"post_tag","embeddable":true,"href":"https:\/\/radioljubuski.ba\/index.php\/wp-json\/wp\/v2\/tags?post=191693"}],"curies":[{"name":"wp","href":"https:\/\/api.w.org\/{rel}","templated":true}]}}