{"id":191696,"date":"2023-06-10T12:18:50","date_gmt":"2023-06-10T11:18:50","guid":{"rendered":"https:\/\/radioljubuski.ba\/?p=191696"},"modified":"2023-06-10T12:18:50","modified_gmt":"2023-06-10T11:18:50","slug":"priopcenje-za-javnost-sa-9-sjednice-vlade-zzh","status":"publish","type":"post","link":"https:\/\/radioljubuski.ba\/index.php\/2023\/06\/10\/priopcenje-za-javnost-sa-9-sjednice-vlade-zzh\/","title":{"rendered":"Priop\u0107enje za javnost sa 9. sjednice Vlade \u017dZH"},"content":{"rendered":"\n<p>U petak 9. lipnja 2023. godine, pod predsjedavanjem predsjednika Vlade Predraga \u010covi\u0107a, u \u0160irokom Brijegu je odr\u017eana 9. sjednica Vlade \u017dupanije Zapadnohercegova\u010dke.<\/p>\n\n\n\n<p>Izdvojena sredstva za objekte vodnog gospodarstva<\/p>\n\n\n\n<p>Na dana\u0161njoj sjednici Vlada je usvojila Izvje\u0161\u0107e o izvr\u0161enju Prora\u010duna \u017dupanije Zapadnohercegova\u010dke za razdoblje 1. 1. \u2013 31. 12. 2022. godine i uputila ga u daljnju proceduru Skup\u0161tine \u017dupanije Zapadnohercegova\u010dke. Izvje\u0161\u0107e je ura\u0111eno na bazi podataka iz Glavne knjige riznice i u 2022. godini ostvaren je pozitivan financijski rezultat (suficit);<\/p>\n\n\n\n<p>Vlada je donijela Odluku o dono\u0161enju Plana utro\u0161ka sredstava \u201eTeku\u0107i prijenosi za objekte vodnog gospodarstva\u201c utvr\u0111enih Prora\u010dunom \u017dupanije Zapadnohercegov\u010dke za 2023. godinu za sredstva koja se, nakon provedene procedure javnog prikupljanja aplikacija putem Javnog poziva, izdvajaju za sufinanciranje projekata vodnog gospodarstva u iznosu od 900.000,00 KM. Navedena sredstva raspodijelit \u0107e se korisnicima kako slijedi: Op\u0107ini Posu\u0161je \u2013 300.000,00 KM za izgradnju dovodno-distribucijskog vodovoda \u010dvor 2 \u2013 Vrpolje, vodovodnog sustava Rakitno; Gradu Ljubu\u0161ki \u2013 225.000,00 KM za otplatu investicijskog kredita Razvojnoj banci Federacije BiH \u2013 Vodoopskrba; Op\u0107ini Grude \u2013 150.000,00 KM za sanaciju i rekonstrukciju dijela vodozahvata Grudsko Vrilo te Gradu \u0160iroki Brijeg \u2013 225.000,00 KM za izgradnju kanalizacijskih kolektora u \u0160irokom Brijegu (otplata investicijskog kredita), zatim za radove na izgradnji crpne stanice Kne\u0161polje te za redovito odr\u017eavanje i \u010di\u0161\u0107enje kanala hidrosustava \u0160iroki Brijeg;<\/p>\n\n\n\n<p>Odluku o raspisivanju i provedbi Javnog oglasa za izbor i imenovanje \u010dlana Upravnog vije\u0107a Javne ustanove Ceste \u017dupanije Zapadnohercegova\u010dke;<\/p>\n\n\n\n<p>Odluku o dodjeli koncesije gospodarskom dru\u0161tvu DTI 21 d. o. o. \u0160iroki Brijeg za izgradnju i kori\u0161tenje fotonaponske elektrane \u201eDTI 1\u201c na lokaciji Kne\u0161polje, grad \u0160iroki Brijeg;<\/p>\n\n\n\n<p>Odluku o dodjeli koncesije gospodarskom dru\u0161tvu Peri\u0161i\u0107 d. o. o. Grude za izgradnju i kori\u0161tenje fotonaponske elektrane Peri\u0161i\u0107 1\/700 na lokaciji Privija, op\u0107ina Grude.<\/p>\n\n\n\n<p>Usvojena izvje\u0161\u0107a o radu<\/p>\n\n\n\n<p>Vlada je usvojila Izvje\u0161\u0107e o radu Povjerenstva za sprje\u010davanje korupcije u \u017dupaniji Zapadnohercegova\u010dkoj za 2022. godinu. Tijekom 2022. godine glavna zada\u0107a Povjerenstva bila je izrada nove Strategije za borbu protiv korupcije u \u017dupaniji Zapadnohercegova\u010dkoj za period 2022. \u2013 2024. te njen prate\u0107i Akcijski plan za provedbu iste, koji su usvojeni na sjednici Vlade;<\/p>\n\n\n\n<p>Izvje\u0161\u0107e o radu Povjerenstva za prizive dr\u017eavne slu\u017ebe \u017dupanije Zapadnohercegova\u010dke za 2022. godinu. Kontinuirani i glavni cilj u radu Povjerenstva je zavr\u0161avati prispjele predmete u propisanim rokovima kroz pravilnu primjenu propisa iz podru\u010dja radno-pravnog statusa dr\u017eavnih slu\u017ebenika i namje\u0161tenika uposlenih u \u017dupaniji Zapadnohercegova\u010dkoj, kao i kandidata koji se natje\u010du za prijem u tijelima dr\u017eavne slu\u017ebe u statusu dr\u017eavnog slu\u017ebenika, namje\u0161tenika ili pripravnika. Tijekom 2022. godine Povjerenstvo je postupalo u ukupno 67 predmeta;<\/p>\n\n\n\n<p>Izvje\u0161\u0107e o radu Povjerenstva za dr\u017eavnu slu\u017ebu \u017dupanije Zapadnohercegova\u010dke za 2022. godinu. Povjerenstvo za dr\u017eavnu slu\u017ebu je privremeno radno tijelo Vlade \u017dupanije Zapadnohercegova\u010dke, koje privremeno obavlja poslove Agencije za dr\u017eavnu slu\u017ebu \u017dupanije Zapadnohercegova\u010dke do njene uspostave i po\u010detka rada. U 2022. godini ovo Povjerenstvo je zaprimilo u rad novih 169 predmeta, od kojih se 80 odnosilo na zahtjeve za raspisivanje javnih natje\u010daja za popunu upra\u017enjenih radnih mjesta dr\u017eavnih slu\u017ebenika podnesenih od strane rukovoditelja \u017eupanijskih tijela uprave, kao i rukovoditelja jedinstvenog tijela uprave grada odnosno op\u0107ine u sastavu \u017dupanije;<\/p>\n\n\n\n<p>Izvje\u0161\u0107e o radu Povjerenstva za upravljanje oduzetom imovinom za 2022. godinu. Ovo Povjerenstvo je stalno Vladino Povjerenstvo, koje obavlja poslove iz nadle\u017enosti Agencije za upravljanje oduzetom imovinom do njene uspostave i po\u010detka rada. Provode\u0107i Zakon o oduzimanju nezakonito ste\u010dene imovine, kao i Uredbu o postupku prodaje, najma, \u010duvanja i odr\u017eavanja oduzete imovine, Povjerenstvo ostvaruje kvalitetnu komunikaciju kako s izvr\u0161nim, tako i sa sudskim tijelima vlasti u \u017dupaniji Zapadnohercegova\u010dkoj. S tim u vezi, kroz prepisku i upute, dolazi do pravomo\u0107nih presuda u kojima je izre\u010dena mjera sigurnosti oduzimanja imovine ste\u010dene na nezakonit na\u010din, te sudovi \u017dupanije Zapadnohercegova\u010dke ve\u0107 imaju gotovo uhodanu mjeru dostavljanja presuda Povjerenstvu za upravljanje oduzetom imovinom kao nadle\u017enom tijelu;<\/p>\n\n\n\n<p>Izvje\u0161\u0107e o radu Uprave civilne za\u0161tite \u017dupanije Zapadnohercegova\u010dke za 2022. godinu. Strate\u0161ki ciljevi, koji predstavljaju klju\u010dne elemente rada Uprave, su: Izgradnja i ja\u010danje sustava za\u0161tite i spa\u0161avanja, Razvoj kapaciteta za upravljanje rizicima od prirodnih i drugih nesre\u0107a i Izgradnja i ja\u010danje za\u0161tite od po\u017eara i vatrogastva kao jedinstvenog sustava za\u0161tite i spa\u0161avanja. Obavljani su svi poslovi iz nadle\u017enosti Uprave, utvr\u0111eni Zakonom o za\u0161titi i spa\u0161avanju i Zakonom o za\u0161titi od po\u017eara, te je nastavljena odli\u010dna suradnja Uprave s op\u0107inskim odnosno gradskim slu\u017ebama civilne za\u0161tite, slu\u017ebama za\u0161tite i spa\u0161avanja i ostalim strukturama civilne za\u0161tite, \u017eupanijskim tijelima uprave, kao i koordinacija sustava za\u0161tite i spa\u0161avanja na podru\u010dju \u017dupanije Zapadnohercegova\u010dke;<\/p>\n\n\n\n<p>Izvje\u0161\u0107e o radu \u017dupanijskog sto\u017eera civilne za\u0161tite za 2022. godinu. Na temelju analize aktivnosti Sto\u017eera u 2022. godini, mo\u017ee se zaklju\u010diti da je Sto\u017eer u potpunosti ostvario svoju zakonski utvr\u0111enu zada\u0107u u sustavu za\u0161tite i spa\u0161avanja \u017dupanije Zapadnohercegova\u010dke. Ostvarena je suradnja sa op\u0107inskim\/gradskim sto\u017eerima civilne za\u0161tite, slu\u017ebama za\u0161tite i spa\u0161avanja i ostalim strukturama civilne za\u0161tite, te sa \u017dupanijskom upravom civilne za\u0161tite koja je, u funkciji Stru\u010dne slu\u017ebe Sto\u017eera, obavljala administrativne, financijske, tehni\u010dke i druge poslove za potrebe Sto\u017eera.<\/p>\n\n\n\n<p>Rje\u0161enja o razrje\u0161enju i imenovanju<\/p>\n\n\n\n<p>Zbog imenovanja novog saziva Vlade \u017dupanije Zapadnohercegova\u010dke doneseno je Rje\u0161enje o razrje\u0161enju Sto\u017eera civilne za\u0161tite \u017dupanije Zapadnohercegova\u010dke u sastavu: Zdenko \u0106osi\u0107, Drago Martinovi\u0107, Toni Kraljevi\u0107, Dario Sesar, Tomislav Peji\u0107, David Grbavac, Miroslav Ramljak, Zoran Zadro, Mario Bo\u0161njak, Jadranka Kara\u010di\u0107, Mladen Bo\u0161njak i Josip Zelenika, kao i Rje\u0161enje o imenovanju Sto\u017eera civilne za\u0161tite \u017dupanije Zapadnohercegova\u010dke u sljede\u0107em sastavu: Predrag \u010covi\u0107 (zapovjednik Sto\u017eera), Drago Martinovi\u0107 (na\u010delnik Sto\u017eera) te \u010dlanovi Blagica Leko (za podru\u010dje financiranja), Dario Sesar (za podru\u010dje gospodarstva), Tomislav Peji\u0107 (za podru\u010dje zdravstva), Mladen Bebek (za podru\u010dje unutarnjih poslova), Zvonimir \u0160iri\u0107 (za podru\u010dje graditeljstva i za\u0161tite okoli\u0161a), Zoran Zadro (za poslove za\u0161tite i spa\u0161avanja \u017eivotinja i namirnica \u017eivotinjskog porijekla), Jadranka Kara\u010di\u0107 (za mjere za\u0161tite od po\u017eara i neeksplodiranih ubojitih sredstava), Mladen Bo\u0161njak (za ostale mjere civilne za\u0161tite) i Josip Zelenika, tajnik Crvenog kri\u017ea \u017dupanije Zapadnohercegova\u010dke;<\/p>\n\n\n\n<p>Predrag \u010covi\u0107 iz \u0160irokog Brijega razrije\u0161en je du\u017enosti predsjednika Upravnog vije\u0107a Javne ustanove Ceste \u017dupanije Zapadnohercegova\u010dke na osobni zahtjev, dok je Anton Vukojevi\u0107 iz Ljubu\u0161kog imenovan na du\u017enost privremenog predsjednika Upravnog vije\u0107a Javne ustanove Ceste \u017dupanije Zapadnohercegova\u010dke, do okon\u010danja natje\u010dajnog postupka za kona\u010dno imenovanje u skladu sa odredbama Zakona o ministarskim, Vladinim i drugim imenovanjima u \u017dupaniji Zapadnohercegova\u010dkoj;<\/p>\n\n\n\n<p>Tako\u0111er, imenovano je i Povjerenstvo za izradu prijedloga Poslovnika o radu Vlade \u017dupanije Zapadnohercegova\u010dke. Zadatak Povjerenstva je izraditi prijedlog Poslovnika o radu Vlade \u017dupanije Zapadnohercegova\u010dke te isti dostaviti Ministarstvu pravosu\u0111a i uprave \u017dupanije Zapadnohercegova\u010dke na daljnji postupak.<\/p>\n\n\n\n<p>Izvor: vladazzh.com<\/p>\n\n\n\n<p>Radio Ljubu\u0161ki<\/p>\n","protected":false},"excerpt":{"rendered":"<p>U petak 9. lipnja 2023. godine, pod predsjedavanjem predsjednika Vlade Predraga \u010covi\u0107a, u \u0160irokom Brijegu je odr\u017eana 9. sjednica Vlade \u017dupanije Zapadnohercegova\u010dke. Izdvojena sredstva za objekte vodnog gospodarstva Na dana\u0161njoj sjednici Vlada je usvojila Izvje\u0161\u0107e o izvr\u0161enju Prora\u010duna \u017dupanije Zapadnohercegova\u010dke za razdoblje 1. 1. \u2013 31. 12. 2022. godine i uputila ga u daljnju proceduru [&hellip;]<\/p>\n","protected":false},"author":2,"featured_media":191697,"comment_status":"closed","ping_status":"closed","sticky":false,"template":"","format":"standard","meta":{"h5ap_radio_sources":[],"footnotes":""},"categories":[30],"tags":[],"class_list":["post-191696","post","type-post","status-publish","format-standard","has-post-thumbnail","hentry","category-zupanija-zapadnohercegovacka"],"yoast_head":"<!-- This site is optimized with the Yoast SEO plugin v27.5 - https:\/\/yoast.com\/product\/yoast-seo-wordpress\/ -->\n<title>Priop\u0107enje za javnost sa 9. sjednice Vlade \u017dZH - RADIO LJUBU\u0160KI<\/title>\n<meta name=\"robots\" content=\"index, follow, max-snippet:-1, max-image-preview:large, max-video-preview:-1\" \/>\n<link rel=\"canonical\" href=\"https:\/\/radioljubuski.ba\/index.php\/2023\/06\/10\/priopcenje-za-javnost-sa-9-sjednice-vlade-zzh\/\" \/>\n<meta property=\"og:locale\" content=\"hr_HR\" \/>\n<meta property=\"og:type\" content=\"article\" \/>\n<meta property=\"og:title\" content=\"Priop\u0107enje za javnost sa 9. sjednice Vlade \u017dZH - RADIO LJUBU\u0160KI\" \/>\n<meta property=\"og:description\" content=\"U petak 9. lipnja 2023. godine, pod predsjedavanjem predsjednika Vlade Predraga \u010covi\u0107a, u \u0160irokom Brijegu je odr\u017eana 9. sjednica Vlade \u017dupanije Zapadnohercegova\u010dke. Izdvojena sredstva za objekte vodnog gospodarstva Na dana\u0161njoj sjednici Vlada je usvojila Izvje\u0161\u0107e o izvr\u0161enju Prora\u010duna \u017dupanije Zapadnohercegova\u010dke za razdoblje 1. 1. \u2013 31. 12. 2022. godine i uputila ga u daljnju proceduru [&hellip;]\" \/>\n<meta property=\"og:url\" content=\"https:\/\/radioljubuski.ba\/index.php\/2023\/06\/10\/priopcenje-za-javnost-sa-9-sjednice-vlade-zzh\/\" \/>\n<meta property=\"og:site_name\" content=\"RADIO LJUBU\u0160KI\" \/>\n<meta property=\"article:publisher\" content=\"https:\/\/www.facebook.com\/Radiio-Ljubuski-1490835324566332\" \/>\n<meta property=\"article:published_time\" content=\"2023-06-10T11:18:50+00:00\" \/>\n<meta property=\"og:image\" content=\"https:\/\/radioljubuski.ba\/wp-content\/uploads\/2023\/06\/Thumb.jpg\" \/>\n\t<meta property=\"og:image:width\" content=\"900\" \/>\n\t<meta property=\"og:image:height\" content=\"500\" \/>\n\t<meta property=\"og:image:type\" content=\"image\/jpeg\" \/>\n<meta name=\"author\" content=\"Radio Ljubu\u0161ki\" \/>\n<meta name=\"twitter:card\" content=\"summary_large_image\" \/>\n<meta name=\"twitter:creator\" content=\"@radioljubuski\" \/>\n<meta name=\"twitter:site\" content=\"@radioljubuski\" \/>\n<meta name=\"twitter:label1\" content=\"Napisao\/la\" \/>\n\t<meta name=\"twitter:data1\" content=\"Radio Ljubu\u0161ki\" \/>\n\t<meta name=\"twitter:label2\" content=\"Procijenjeno vrijeme \u010ditanja\" \/>\n\t<meta name=\"twitter:data2\" content=\"6 minuta\" \/>\n<script type=\"application\/ld+json\" class=\"yoast-schema-graph\">{\"@context\":\"https:\\\/\\\/schema.org\",\"@graph\":[{\"@type\":\"Article\",\"@id\":\"https:\\\/\\\/radioljubuski.ba\\\/index.php\\\/2023\\\/06\\\/10\\\/priopcenje-za-javnost-sa-9-sjednice-vlade-zzh\\\/#article\",\"isPartOf\":{\"@id\":\"https:\\\/\\\/radioljubuski.ba\\\/index.php\\\/2023\\\/06\\\/10\\\/priopcenje-za-javnost-sa-9-sjednice-vlade-zzh\\\/\"},\"author\":{\"name\":\"Radio Ljubu\u0161ki\",\"@id\":\"https:\\\/\\\/radioljubuski.ba\\\/#\\\/schema\\\/person\\\/19fc700381a780f69665d7956c469e3b\"},\"headline\":\"Priop\u0107enje za javnost sa 9. sjednice Vlade \u017dZH\",\"datePublished\":\"2023-06-10T11:18:50+00:00\",\"mainEntityOfPage\":{\"@id\":\"https:\\\/\\\/radioljubuski.ba\\\/index.php\\\/2023\\\/06\\\/10\\\/priopcenje-za-javnost-sa-9-sjednice-vlade-zzh\\\/\"},\"wordCount\":1198,\"publisher\":{\"@id\":\"https:\\\/\\\/radioljubuski.ba\\\/#organization\"},\"image\":{\"@id\":\"https:\\\/\\\/radioljubuski.ba\\\/index.php\\\/2023\\\/06\\\/10\\\/priopcenje-za-javnost-sa-9-sjednice-vlade-zzh\\\/#primaryimage\"},\"thumbnailUrl\":\"https:\\\/\\\/radioljubuski.ba\\\/wp-content\\\/uploads\\\/2023\\\/06\\\/Thumb.jpg\",\"articleSection\":[\"\u017dupanija Zapadnohercegova\u010dka\"],\"inLanguage\":\"hr\"},{\"@type\":\"WebPage\",\"@id\":\"https:\\\/\\\/radioljubuski.ba\\\/index.php\\\/2023\\\/06\\\/10\\\/priopcenje-za-javnost-sa-9-sjednice-vlade-zzh\\\/\",\"url\":\"https:\\\/\\\/radioljubuski.ba\\\/index.php\\\/2023\\\/06\\\/10\\\/priopcenje-za-javnost-sa-9-sjednice-vlade-zzh\\\/\",\"name\":\"Priop\u0107enje za javnost sa 9. sjednice Vlade \u017dZH - RADIO LJUBU\u0160KI\",\"isPartOf\":{\"@id\":\"https:\\\/\\\/radioljubuski.ba\\\/#website\"},\"primaryImageOfPage\":{\"@id\":\"https:\\\/\\\/radioljubuski.ba\\\/index.php\\\/2023\\\/06\\\/10\\\/priopcenje-za-javnost-sa-9-sjednice-vlade-zzh\\\/#primaryimage\"},\"image\":{\"@id\":\"https:\\\/\\\/radioljubuski.ba\\\/index.php\\\/2023\\\/06\\\/10\\\/priopcenje-za-javnost-sa-9-sjednice-vlade-zzh\\\/#primaryimage\"},\"thumbnailUrl\":\"https:\\\/\\\/radioljubuski.ba\\\/wp-content\\\/uploads\\\/2023\\\/06\\\/Thumb.jpg\",\"datePublished\":\"2023-06-10T11:18:50+00:00\",\"breadcrumb\":{\"@id\":\"https:\\\/\\\/radioljubuski.ba\\\/index.php\\\/2023\\\/06\\\/10\\\/priopcenje-za-javnost-sa-9-sjednice-vlade-zzh\\\/#breadcrumb\"},\"inLanguage\":\"hr\",\"potentialAction\":[{\"@type\":\"ReadAction\",\"target\":[\"https:\\\/\\\/radioljubuski.ba\\\/index.php\\\/2023\\\/06\\\/10\\\/priopcenje-za-javnost-sa-9-sjednice-vlade-zzh\\\/\"]}]},{\"@type\":\"ImageObject\",\"inLanguage\":\"hr\",\"@id\":\"https:\\\/\\\/radioljubuski.ba\\\/index.php\\\/2023\\\/06\\\/10\\\/priopcenje-za-javnost-sa-9-sjednice-vlade-zzh\\\/#primaryimage\",\"url\":\"https:\\\/\\\/radioljubuski.ba\\\/wp-content\\\/uploads\\\/2023\\\/06\\\/Thumb.jpg\",\"contentUrl\":\"https:\\\/\\\/radioljubuski.ba\\\/wp-content\\\/uploads\\\/2023\\\/06\\\/Thumb.jpg\",\"width\":900,\"height\":500},{\"@type\":\"BreadcrumbList\",\"@id\":\"https:\\\/\\\/radioljubuski.ba\\\/index.php\\\/2023\\\/06\\\/10\\\/priopcenje-za-javnost-sa-9-sjednice-vlade-zzh\\\/#breadcrumb\",\"itemListElement\":[{\"@type\":\"ListItem\",\"position\":1,\"name\":\"Po\u010detna stranica\",\"item\":\"https:\\\/\\\/radioljubuski.ba\\\/\"},{\"@type\":\"ListItem\",\"position\":2,\"name\":\"Priop\u0107enje za javnost sa 9. sjednice Vlade \u017dZH\"}]},{\"@type\":\"WebSite\",\"@id\":\"https:\\\/\\\/radioljubuski.ba\\\/#website\",\"url\":\"https:\\\/\\\/radioljubuski.ba\\\/\",\"name\":\"Radio Ljubu\u0161ki\",\"description\":\"Sun\u010dana frekvencija Hercegovine\",\"publisher\":{\"@id\":\"https:\\\/\\\/radioljubuski.ba\\\/#organization\"},\"potentialAction\":[{\"@type\":\"SearchAction\",\"target\":{\"@type\":\"EntryPoint\",\"urlTemplate\":\"https:\\\/\\\/radioljubuski.ba\\\/?s={search_term_string}\"},\"query-input\":{\"@type\":\"PropertyValueSpecification\",\"valueRequired\":true,\"valueName\":\"search_term_string\"}}],\"inLanguage\":\"hr\"},{\"@type\":\"Organization\",\"@id\":\"https:\\\/\\\/radioljubuski.ba\\\/#organization\",\"name\":\"Radio Ljubu\u0161ki\",\"url\":\"https:\\\/\\\/radioljubuski.ba\\\/\",\"logo\":{\"@type\":\"ImageObject\",\"inLanguage\":\"hr\",\"@id\":\"https:\\\/\\\/radioljubuski.ba\\\/#\\\/schema\\\/logo\\\/image\\\/\",\"url\":\"https:\\\/\\\/radioljubuski.ba\\\/wp-content\\\/uploads\\\/2021\\\/02\\\/cropped-Radio_Ljubuski_logo1.jpg\",\"contentUrl\":\"https:\\\/\\\/radioljubuski.ba\\\/wp-content\\\/uploads\\\/2021\\\/02\\\/cropped-Radio_Ljubuski_logo1.jpg\",\"width\":512,\"height\":512,\"caption\":\"Radio Ljubu\u0161ki\"},\"image\":{\"@id\":\"https:\\\/\\\/radioljubuski.ba\\\/#\\\/schema\\\/logo\\\/image\\\/\"},\"sameAs\":[\"https:\\\/\\\/www.facebook.com\\\/Radiio-Ljubuski-1490835324566332\",\"https:\\\/\\\/x.com\\\/radioljubuski\",\"https:\\\/\\\/hr.linkedin.com\\\/company\\\/radio-ljubuski\",\"https:\\\/\\\/www.youtube.com\\\/channel\\\/UCHYaeO_n0Db3tjNGudGpXyw\"]},{\"@type\":\"Person\",\"@id\":\"https:\\\/\\\/radioljubuski.ba\\\/#\\\/schema\\\/person\\\/19fc700381a780f69665d7956c469e3b\",\"name\":\"Radio Ljubu\u0161ki\"}]}<\/script>\n<!-- \/ Yoast SEO plugin. -->","yoast_head_json":{"title":"Priop\u0107enje za javnost sa 9. sjednice Vlade \u017dZH - RADIO LJUBU\u0160KI","robots":{"index":"index","follow":"follow","max-snippet":"max-snippet:-1","max-image-preview":"max-image-preview:large","max-video-preview":"max-video-preview:-1"},"canonical":"https:\/\/radioljubuski.ba\/index.php\/2023\/06\/10\/priopcenje-za-javnost-sa-9-sjednice-vlade-zzh\/","og_locale":"hr_HR","og_type":"article","og_title":"Priop\u0107enje za javnost sa 9. sjednice Vlade \u017dZH - RADIO LJUBU\u0160KI","og_description":"U petak 9. lipnja 2023. godine, pod predsjedavanjem predsjednika Vlade Predraga \u010covi\u0107a, u \u0160irokom Brijegu je odr\u017eana 9. sjednica Vlade \u017dupanije Zapadnohercegova\u010dke. Izdvojena sredstva za objekte vodnog gospodarstva Na dana\u0161njoj sjednici Vlada je usvojila Izvje\u0161\u0107e o izvr\u0161enju Prora\u010duna \u017dupanije Zapadnohercegova\u010dke za razdoblje 1. 1. \u2013 31. 12. 2022. godine i uputila ga u daljnju proceduru [&hellip;]","og_url":"https:\/\/radioljubuski.ba\/index.php\/2023\/06\/10\/priopcenje-za-javnost-sa-9-sjednice-vlade-zzh\/","og_site_name":"RADIO LJUBU\u0160KI","article_publisher":"https:\/\/www.facebook.com\/Radiio-Ljubuski-1490835324566332","article_published_time":"2023-06-10T11:18:50+00:00","og_image":[{"width":900,"height":500,"url":"https:\/\/radioljubuski.ba\/wp-content\/uploads\/2023\/06\/Thumb.jpg","type":"image\/jpeg"}],"author":"Radio Ljubu\u0161ki","twitter_card":"summary_large_image","twitter_creator":"@radioljubuski","twitter_site":"@radioljubuski","twitter_misc":{"Napisao\/la":"Radio Ljubu\u0161ki","Procijenjeno vrijeme \u010ditanja":"6 minuta"},"schema":{"@context":"https:\/\/schema.org","@graph":[{"@type":"Article","@id":"https:\/\/radioljubuski.ba\/index.php\/2023\/06\/10\/priopcenje-za-javnost-sa-9-sjednice-vlade-zzh\/#article","isPartOf":{"@id":"https:\/\/radioljubuski.ba\/index.php\/2023\/06\/10\/priopcenje-za-javnost-sa-9-sjednice-vlade-zzh\/"},"author":{"name":"Radio Ljubu\u0161ki","@id":"https:\/\/radioljubuski.ba\/#\/schema\/person\/19fc700381a780f69665d7956c469e3b"},"headline":"Priop\u0107enje za javnost sa 9. sjednice Vlade \u017dZH","datePublished":"2023-06-10T11:18:50+00:00","mainEntityOfPage":{"@id":"https:\/\/radioljubuski.ba\/index.php\/2023\/06\/10\/priopcenje-za-javnost-sa-9-sjednice-vlade-zzh\/"},"wordCount":1198,"publisher":{"@id":"https:\/\/radioljubuski.ba\/#organization"},"image":{"@id":"https:\/\/radioljubuski.ba\/index.php\/2023\/06\/10\/priopcenje-za-javnost-sa-9-sjednice-vlade-zzh\/#primaryimage"},"thumbnailUrl":"https:\/\/radioljubuski.ba\/wp-content\/uploads\/2023\/06\/Thumb.jpg","articleSection":["\u017dupanija Zapadnohercegova\u010dka"],"inLanguage":"hr"},{"@type":"WebPage","@id":"https:\/\/radioljubuski.ba\/index.php\/2023\/06\/10\/priopcenje-za-javnost-sa-9-sjednice-vlade-zzh\/","url":"https:\/\/radioljubuski.ba\/index.php\/2023\/06\/10\/priopcenje-za-javnost-sa-9-sjednice-vlade-zzh\/","name":"Priop\u0107enje za javnost sa 9. sjednice Vlade \u017dZH - RADIO LJUBU\u0160KI","isPartOf":{"@id":"https:\/\/radioljubuski.ba\/#website"},"primaryImageOfPage":{"@id":"https:\/\/radioljubuski.ba\/index.php\/2023\/06\/10\/priopcenje-za-javnost-sa-9-sjednice-vlade-zzh\/#primaryimage"},"image":{"@id":"https:\/\/radioljubuski.ba\/index.php\/2023\/06\/10\/priopcenje-za-javnost-sa-9-sjednice-vlade-zzh\/#primaryimage"},"thumbnailUrl":"https:\/\/radioljubuski.ba\/wp-content\/uploads\/2023\/06\/Thumb.jpg","datePublished":"2023-06-10T11:18:50+00:00","breadcrumb":{"@id":"https:\/\/radioljubuski.ba\/index.php\/2023\/06\/10\/priopcenje-za-javnost-sa-9-sjednice-vlade-zzh\/#breadcrumb"},"inLanguage":"hr","potentialAction":[{"@type":"ReadAction","target":["https:\/\/radioljubuski.ba\/index.php\/2023\/06\/10\/priopcenje-za-javnost-sa-9-sjednice-vlade-zzh\/"]}]},{"@type":"ImageObject","inLanguage":"hr","@id":"https:\/\/radioljubuski.ba\/index.php\/2023\/06\/10\/priopcenje-za-javnost-sa-9-sjednice-vlade-zzh\/#primaryimage","url":"https:\/\/radioljubuski.ba\/wp-content\/uploads\/2023\/06\/Thumb.jpg","contentUrl":"https:\/\/radioljubuski.ba\/wp-content\/uploads\/2023\/06\/Thumb.jpg","width":900,"height":500},{"@type":"BreadcrumbList","@id":"https:\/\/radioljubuski.ba\/index.php\/2023\/06\/10\/priopcenje-za-javnost-sa-9-sjednice-vlade-zzh\/#breadcrumb","itemListElement":[{"@type":"ListItem","position":1,"name":"Po\u010detna stranica","item":"https:\/\/radioljubuski.ba\/"},{"@type":"ListItem","position":2,"name":"Priop\u0107enje za javnost sa 9. sjednice Vlade \u017dZH"}]},{"@type":"WebSite","@id":"https:\/\/radioljubuski.ba\/#website","url":"https:\/\/radioljubuski.ba\/","name":"Radio Ljubu\u0161ki","description":"Sun\u010dana frekvencija Hercegovine","publisher":{"@id":"https:\/\/radioljubuski.ba\/#organization"},"potentialAction":[{"@type":"SearchAction","target":{"@type":"EntryPoint","urlTemplate":"https:\/\/radioljubuski.ba\/?s={search_term_string}"},"query-input":{"@type":"PropertyValueSpecification","valueRequired":true,"valueName":"search_term_string"}}],"inLanguage":"hr"},{"@type":"Organization","@id":"https:\/\/radioljubuski.ba\/#organization","name":"Radio Ljubu\u0161ki","url":"https:\/\/radioljubuski.ba\/","logo":{"@type":"ImageObject","inLanguage":"hr","@id":"https:\/\/radioljubuski.ba\/#\/schema\/logo\/image\/","url":"https:\/\/radioljubuski.ba\/wp-content\/uploads\/2021\/02\/cropped-Radio_Ljubuski_logo1.jpg","contentUrl":"https:\/\/radioljubuski.ba\/wp-content\/uploads\/2021\/02\/cropped-Radio_Ljubuski_logo1.jpg","width":512,"height":512,"caption":"Radio Ljubu\u0161ki"},"image":{"@id":"https:\/\/radioljubuski.ba\/#\/schema\/logo\/image\/"},"sameAs":["https:\/\/www.facebook.com\/Radiio-Ljubuski-1490835324566332","https:\/\/x.com\/radioljubuski","https:\/\/hr.linkedin.com\/company\/radio-ljubuski","https:\/\/www.youtube.com\/channel\/UCHYaeO_n0Db3tjNGudGpXyw"]},{"@type":"Person","@id":"https:\/\/radioljubuski.ba\/#\/schema\/person\/19fc700381a780f69665d7956c469e3b","name":"Radio Ljubu\u0161ki"}]}},"_links":{"self":[{"href":"https:\/\/radioljubuski.ba\/index.php\/wp-json\/wp\/v2\/posts\/191696","targetHints":{"allow":["GET"]}}],"collection":[{"href":"https:\/\/radioljubuski.ba\/index.php\/wp-json\/wp\/v2\/posts"}],"about":[{"href":"https:\/\/radioljubuski.ba\/index.php\/wp-json\/wp\/v2\/types\/post"}],"author":[{"embeddable":true,"href":"https:\/\/radioljubuski.ba\/index.php\/wp-json\/wp\/v2\/users\/2"}],"replies":[{"embeddable":true,"href":"https:\/\/radioljubuski.ba\/index.php\/wp-json\/wp\/v2\/comments?post=191696"}],"version-history":[{"count":1,"href":"https:\/\/radioljubuski.ba\/index.php\/wp-json\/wp\/v2\/posts\/191696\/revisions"}],"predecessor-version":[{"id":191698,"href":"https:\/\/radioljubuski.ba\/index.php\/wp-json\/wp\/v2\/posts\/191696\/revisions\/191698"}],"wp:featuredmedia":[{"embeddable":true,"href":"https:\/\/radioljubuski.ba\/index.php\/wp-json\/wp\/v2\/media\/191697"}],"wp:attachment":[{"href":"https:\/\/radioljubuski.ba\/index.php\/wp-json\/wp\/v2\/media?parent=191696"}],"wp:term":[{"taxonomy":"category","embeddable":true,"href":"https:\/\/radioljubuski.ba\/index.php\/wp-json\/wp\/v2\/categories?post=191696"},{"taxonomy":"post_tag","embeddable":true,"href":"https:\/\/radioljubuski.ba\/index.php\/wp-json\/wp\/v2\/tags?post=191696"}],"curies":[{"name":"wp","href":"https:\/\/api.w.org\/{rel}","templated":true}]}}