{"id":191796,"date":"2023-06-12T13:51:40","date_gmt":"2023-06-12T12:51:40","guid":{"rendered":"https:\/\/radioljubuski.ba\/?p=191796"},"modified":"2023-06-12T13:51:42","modified_gmt":"2023-06-12T12:51:42","slug":"18-malonogometni-turnir-zvirovici-2023","status":"publish","type":"post","link":"https:\/\/radioljubuski.ba\/index.php\/2023\/06\/12\/18-malonogometni-turnir-zvirovici-2023\/","title":{"rendered":"18.malonogometni turnir \u201eZvirovi\u0107i 2023\u201c"},"content":{"rendered":"\n<p>U talijanskom naselju \u201eHorizonti mira\u201c u Zvirovi\u0107ima danas je odigran osamnaesti po redu malonogometni turnir \u201eZvirovi\u0107i 2023\u201c. Na ovom turniru nastupaju u\u010denici podru\u010dnih \u0161kola iz Zvirovi\u0107a, Studenaca, Trebi\u017eata, a ove godine jo\u0161 iz \u010capljine i Struge\/Gorica.<\/p>\n\n\n\n<figure class=\"wp-block-gallery has-nested-images columns-default is-cropped wp-block-gallery-1 is-layout-flex wp-block-gallery-is-layout-flex\">\n<figure class=\"wp-block-image size-large\"><img loading=\"lazy\" decoding=\"async\" width=\"1024\" height=\"683\" data-id=\"191797\" src=\"https:\/\/radioljubuski.ba\/wp-content\/uploads\/2023\/06\/IMG_1090.jpg\" alt=\"\" class=\"wp-image-191797\" srcset=\"https:\/\/radioljubuski.ba\/wp-content\/uploads\/2023\/06\/IMG_1090.jpg 1024w, https:\/\/radioljubuski.ba\/wp-content\/uploads\/2023\/06\/IMG_1090-300x200.jpg 300w, https:\/\/radioljubuski.ba\/wp-content\/uploads\/2023\/06\/IMG_1090-768x512.jpg 768w\" sizes=\"auto, (max-width: 1024px) 100vw, 1024px\" \/><\/figure>\n\n\n\n<figure class=\"wp-block-image size-large\"><img loading=\"lazy\" decoding=\"async\" width=\"1024\" height=\"683\" data-id=\"191798\" src=\"https:\/\/radioljubuski.ba\/wp-content\/uploads\/2023\/06\/IMG_1097.jpg\" alt=\"\" class=\"wp-image-191798\" srcset=\"https:\/\/radioljubuski.ba\/wp-content\/uploads\/2023\/06\/IMG_1097.jpg 1024w, https:\/\/radioljubuski.ba\/wp-content\/uploads\/2023\/06\/IMG_1097-300x200.jpg 300w, https:\/\/radioljubuski.ba\/wp-content\/uploads\/2023\/06\/IMG_1097-768x512.jpg 768w\" sizes=\"auto, (max-width: 1024px) 100vw, 1024px\" \/><\/figure>\n<\/figure>\n\n\n\n<p>Zbog malog broja u\u010denika do petog razreda Studenci i Zvirovi\u0107i \u201esastavili\u201c su zajedni\u010dku ekipu, a turnir su otvorili pro\u0161logodi\u0161nji pobjednik, ekipa Trebi\u017eata i \u010capljine (4B razred). Slavili su mladi Trbi\u017ea\u0107ani 4:2. U drugom susretu igrali su Zvirovi\u0107i\/Studenci i Struge\/Gorica, bilo je 0:4.<\/p>\n\n\n\n<p>Utakmica za 3.mjesto \u010capljina \u2013 Zvirovi\u0107i\/Studenci zavr\u0161ila je 2:2, a nakon penala bolja je bila \u010capljina rezultatom 5:4.<\/p>\n\n\n\n<figure class=\"wp-block-gallery has-nested-images columns-default is-cropped wp-block-gallery-2 is-layout-flex wp-block-gallery-is-layout-flex\">\n<figure class=\"wp-block-image size-large\"><img loading=\"lazy\" decoding=\"async\" width=\"1024\" height=\"683\" data-id=\"191801\" src=\"https:\/\/radioljubuski.ba\/wp-content\/uploads\/2023\/06\/IMG_1112.jpg\" alt=\"\" class=\"wp-image-191801\" srcset=\"https:\/\/radioljubuski.ba\/wp-content\/uploads\/2023\/06\/IMG_1112.jpg 1024w, https:\/\/radioljubuski.ba\/wp-content\/uploads\/2023\/06\/IMG_1112-300x200.jpg 300w, https:\/\/radioljubuski.ba\/wp-content\/uploads\/2023\/06\/IMG_1112-768x512.jpg 768w\" sizes=\"auto, (max-width: 1024px) 100vw, 1024px\" \/><\/figure>\n<\/figure>\n\n\n\n<p>U finalu su Trebi\u017ea\u0107ani pokazali snagu ve\u0107 u prvom poluvremenu kad su vodili 6:1, a na kraju je bilo 7:1. Sve utakmice sudio je sudac Petar Bili\u0107 iz \u010capljine, a za pohvaliti je uz organizaciju i pona\u0161anje svih ekipa, te \u201ebrazilsko navijanje navija\u010da \u010capljine i Trebi\u017eata.<\/p>\n\n\n\n<figure class=\"wp-block-gallery has-nested-images columns-default is-cropped wp-block-gallery-3 is-layout-flex wp-block-gallery-is-layout-flex\">\n<figure class=\"wp-block-image size-large\"><img loading=\"lazy\" decoding=\"async\" width=\"1024\" height=\"683\" data-id=\"191802\" src=\"https:\/\/radioljubuski.ba\/wp-content\/uploads\/2023\/06\/IMG_1099-1.jpg\" alt=\"\" class=\"wp-image-191802\" srcset=\"https:\/\/radioljubuski.ba\/wp-content\/uploads\/2023\/06\/IMG_1099-1.jpg 1024w, https:\/\/radioljubuski.ba\/wp-content\/uploads\/2023\/06\/IMG_1099-1-300x200.jpg 300w, https:\/\/radioljubuski.ba\/wp-content\/uploads\/2023\/06\/IMG_1099-1-768x512.jpg 768w\" sizes=\"auto, (max-width: 1024px) 100vw, 1024px\" \/><\/figure>\n\n\n\n<figure class=\"wp-block-image size-large\"><img loading=\"lazy\" decoding=\"async\" width=\"936\" height=\"768\" data-id=\"191803\" src=\"https:\/\/radioljubuski.ba\/wp-content\/uploads\/2023\/06\/IMG_1108-1.jpg\" alt=\"\" class=\"wp-image-191803\" srcset=\"https:\/\/radioljubuski.ba\/wp-content\/uploads\/2023\/06\/IMG_1108-1.jpg 936w, https:\/\/radioljubuski.ba\/wp-content\/uploads\/2023\/06\/IMG_1108-1-300x246.jpg 300w, https:\/\/radioljubuski.ba\/wp-content\/uploads\/2023\/06\/IMG_1108-1-768x630.jpg 768w\" sizes=\"auto, (max-width: 936px) 100vw, 936px\" \/><\/figure>\n<\/figure>\n\n\n\n<p>Pokal za faire-play pripao je ekipi \u010capljina i Andreju \u0160imovi\u0107u iz ekipe Zvirovi\u0107i\/Studenci.<\/p>\n\n\n\n<p>Za najboljeg vratara izabrana je Lana Pavlovi\u0107 (Zvirivi\u0107i\/Studenci), najbolji strijelac bio je Vlado Grgi\u0107 (Trebi\u017eat), a najbolji igra\u010d Luka Mlinarevi\u0107 (Trebi\u017eat).<\/p>\n\n\n\n<figure class=\"wp-block-gallery has-nested-images columns-default is-cropped wp-block-gallery-4 is-layout-flex wp-block-gallery-is-layout-flex\">\n<figure class=\"wp-block-image size-large\"><img loading=\"lazy\" decoding=\"async\" width=\"1024\" height=\"683\" data-id=\"191804\" src=\"https:\/\/radioljubuski.ba\/wp-content\/uploads\/2023\/06\/IMG_1119.jpg\" alt=\"\" class=\"wp-image-191804\" srcset=\"https:\/\/radioljubuski.ba\/wp-content\/uploads\/2023\/06\/IMG_1119.jpg 1024w, https:\/\/radioljubuski.ba\/wp-content\/uploads\/2023\/06\/IMG_1119-300x200.jpg 300w, https:\/\/radioljubuski.ba\/wp-content\/uploads\/2023\/06\/IMG_1119-768x512.jpg 768w\" sizes=\"auto, (max-width: 1024px) 100vw, 1024px\" \/><\/figure>\n\n\n\n<figure class=\"wp-block-image size-large\"><img loading=\"lazy\" decoding=\"async\" width=\"1024\" height=\"683\" data-id=\"191805\" src=\"https:\/\/radioljubuski.ba\/wp-content\/uploads\/2023\/06\/IMG_1130.jpg\" alt=\"\" class=\"wp-image-191805\" srcset=\"https:\/\/radioljubuski.ba\/wp-content\/uploads\/2023\/06\/IMG_1130.jpg 1024w, https:\/\/radioljubuski.ba\/wp-content\/uploads\/2023\/06\/IMG_1130-300x200.jpg 300w, https:\/\/radioljubuski.ba\/wp-content\/uploads\/2023\/06\/IMG_1130-768x512.jpg 768w\" sizes=\"auto, (max-width: 1024px) 100vw, 1024px\" \/><\/figure>\n<\/figure>\n\n\n\n<p>Ovom prigodom zahvalnice su uru\u010dene zaslu\u017enima u organizaciji turnira, a gradona\u010delnik \u010capljine dr Smiljan Vidi\u0107 uru\u010dio je pobjedni\u010dki pehar kapetanu ekipe Trebi\u017eata.<\/p>\n\n\n\n<figure class=\"wp-block-gallery has-nested-images columns-default is-cropped wp-block-gallery-5 is-layout-flex wp-block-gallery-is-layout-flex\">\n<figure class=\"wp-block-image size-large\"><img loading=\"lazy\" decoding=\"async\" width=\"1024\" height=\"683\" data-id=\"191807\" src=\"https:\/\/radioljubuski.ba\/wp-content\/uploads\/2023\/06\/IMG_1134.jpg\" alt=\"\" class=\"wp-image-191807\" srcset=\"https:\/\/radioljubuski.ba\/wp-content\/uploads\/2023\/06\/IMG_1134.jpg 1024w, https:\/\/radioljubuski.ba\/wp-content\/uploads\/2023\/06\/IMG_1134-300x200.jpg 300w, https:\/\/radioljubuski.ba\/wp-content\/uploads\/2023\/06\/IMG_1134-768x512.jpg 768w\" sizes=\"auto, (max-width: 1024px) 100vw, 1024px\" \/><\/figure>\n<\/figure>\n\n\n\n<figure class=\"wp-block-gallery has-nested-images columns-default is-cropped wp-block-gallery-6 is-layout-flex wp-block-gallery-is-layout-flex\">\n<figure class=\"wp-block-image size-large\"><img loading=\"lazy\" decoding=\"async\" width=\"1024\" height=\"683\" data-id=\"191808\" src=\"https:\/\/radioljubuski.ba\/wp-content\/uploads\/2023\/06\/IMG_1132-1.jpg\" alt=\"\" class=\"wp-image-191808\" srcset=\"https:\/\/radioljubuski.ba\/wp-content\/uploads\/2023\/06\/IMG_1132-1.jpg 1024w, https:\/\/radioljubuski.ba\/wp-content\/uploads\/2023\/06\/IMG_1132-1-300x200.jpg 300w, https:\/\/radioljubuski.ba\/wp-content\/uploads\/2023\/06\/IMG_1132-1-768x512.jpg 768w\" sizes=\"auto, (max-width: 1024px) 100vw, 1024px\" \/><\/figure>\n<\/figure>\n\n\n\n<p>mile kraljevi\u0107\/radio ljubu\u0161ki<\/p>\n","protected":false},"excerpt":{"rendered":"<p>U talijanskom naselju \u201eHorizonti mira\u201c u Zvirovi\u0107ima danas je odigran osamnaesti po redu malonogometni turnir \u201eZvirovi\u0107i 2023\u201c. Na ovom turniru nastupaju u\u010denici podru\u010dnih \u0161kola iz Zvirovi\u0107a, Studenaca, Trebi\u017eata, a ove godine jo\u0161 iz \u010capljine i Struge\/Gorica. Zbog malog broja u\u010denika do petog razreda Studenci i Zvirovi\u0107i \u201esastavili\u201c su zajedni\u010dku ekipu, a turnir su otvorili pro\u0161logodi\u0161nji [&hellip;]<\/p>\n","protected":false},"author":2,"featured_media":191809,"comment_status":"closed","ping_status":"closed","sticky":false,"template":"","format":"standard","meta":{"h5ap_radio_sources":[],"footnotes":""},"categories":[28],"tags":[],"class_list":["post-191796","post","type-post","status-publish","format-standard","has-post-thumbnail","hentry","category-novosti"],"yoast_head":"<!-- This site is optimized with the Yoast SEO plugin v27.4 - https:\/\/yoast.com\/product\/yoast-seo-wordpress\/ -->\n<title>18.malonogometni turnir \u201eZvirovi\u0107i 2023\u201c - RADIO LJUBU\u0160KI<\/title>\n<meta name=\"robots\" content=\"index, follow, max-snippet:-1, max-image-preview:large, max-video-preview:-1\" \/>\n<link rel=\"canonical\" href=\"https:\/\/radioljubuski.ba\/index.php\/2023\/06\/12\/18-malonogometni-turnir-zvirovici-2023\/\" \/>\n<meta property=\"og:locale\" content=\"hr_HR\" \/>\n<meta property=\"og:type\" content=\"article\" \/>\n<meta property=\"og:title\" content=\"18.malonogometni turnir \u201eZvirovi\u0107i 2023\u201c - RADIO LJUBU\u0160KI\" \/>\n<meta property=\"og:description\" content=\"U talijanskom naselju \u201eHorizonti mira\u201c u Zvirovi\u0107ima danas je odigran osamnaesti po redu malonogometni turnir \u201eZvirovi\u0107i 2023\u201c. Na ovom turniru nastupaju u\u010denici podru\u010dnih \u0161kola iz Zvirovi\u0107a, Studenaca, Trebi\u017eata, a ove godine jo\u0161 iz \u010capljine i Struge\/Gorica. Zbog malog broja u\u010denika do petog razreda Studenci i Zvirovi\u0107i \u201esastavili\u201c su zajedni\u010dku ekipu, a turnir su otvorili pro\u0161logodi\u0161nji [&hellip;]\" \/>\n<meta property=\"og:url\" content=\"https:\/\/radioljubuski.ba\/index.php\/2023\/06\/12\/18-malonogometni-turnir-zvirovici-2023\/\" \/>\n<meta property=\"og:site_name\" content=\"RADIO LJUBU\u0160KI\" \/>\n<meta property=\"article:publisher\" content=\"https:\/\/www.facebook.com\/Radiio-Ljubuski-1490835324566332\" \/>\n<meta property=\"article:published_time\" content=\"2023-06-12T12:51:40+00:00\" \/>\n<meta property=\"article:modified_time\" content=\"2023-06-12T12:51:42+00:00\" \/>\n<meta property=\"og:image\" content=\"https:\/\/radioljubuski.ba\/wp-content\/uploads\/2023\/06\/IMG_1138.jpg\" \/>\n\t<meta property=\"og:image:width\" content=\"1024\" \/>\n\t<meta property=\"og:image:height\" content=\"683\" \/>\n\t<meta property=\"og:image:type\" content=\"image\/jpeg\" \/>\n<meta name=\"author\" content=\"Radio Ljubu\u0161ki\" \/>\n<meta name=\"twitter:card\" content=\"summary_large_image\" \/>\n<meta name=\"twitter:creator\" content=\"@radioljubuski\" \/>\n<meta name=\"twitter:site\" content=\"@radioljubuski\" \/>\n<meta name=\"twitter:label1\" content=\"Napisao\/la\" \/>\n\t<meta name=\"twitter:data1\" content=\"Radio Ljubu\u0161ki\" \/>\n\t<meta name=\"twitter:label2\" content=\"Procijenjeno vrijeme \u010ditanja\" \/>\n\t<meta name=\"twitter:data2\" content=\"3 minute\" \/>\n<script type=\"application\/ld+json\" class=\"yoast-schema-graph\">{\"@context\":\"https:\\\/\\\/schema.org\",\"@graph\":[{\"@type\":\"Article\",\"@id\":\"https:\\\/\\\/radioljubuski.ba\\\/index.php\\\/2023\\\/06\\\/12\\\/18-malonogometni-turnir-zvirovici-2023\\\/#article\",\"isPartOf\":{\"@id\":\"https:\\\/\\\/radioljubuski.ba\\\/index.php\\\/2023\\\/06\\\/12\\\/18-malonogometni-turnir-zvirovici-2023\\\/\"},\"author\":{\"name\":\"Radio Ljubu\u0161ki\",\"@id\":\"https:\\\/\\\/radioljubuski.ba\\\/#\\\/schema\\\/person\\\/19fc700381a780f69665d7956c469e3b\"},\"headline\":\"18.malonogometni turnir \u201eZvirovi\u0107i 2023\u201c\",\"datePublished\":\"2023-06-12T12:51:40+00:00\",\"dateModified\":\"2023-06-12T12:51:42+00:00\",\"mainEntityOfPage\":{\"@id\":\"https:\\\/\\\/radioljubuski.ba\\\/index.php\\\/2023\\\/06\\\/12\\\/18-malonogometni-turnir-zvirovici-2023\\\/\"},\"wordCount\":238,\"publisher\":{\"@id\":\"https:\\\/\\\/radioljubuski.ba\\\/#organization\"},\"image\":{\"@id\":\"https:\\\/\\\/radioljubuski.ba\\\/index.php\\\/2023\\\/06\\\/12\\\/18-malonogometni-turnir-zvirovici-2023\\\/#primaryimage\"},\"thumbnailUrl\":\"https:\\\/\\\/radioljubuski.ba\\\/wp-content\\\/uploads\\\/2023\\\/06\\\/IMG_1138.jpg\",\"articleSection\":[\"Novosti\"],\"inLanguage\":\"hr\"},{\"@type\":\"WebPage\",\"@id\":\"https:\\\/\\\/radioljubuski.ba\\\/index.php\\\/2023\\\/06\\\/12\\\/18-malonogometni-turnir-zvirovici-2023\\\/\",\"url\":\"https:\\\/\\\/radioljubuski.ba\\\/index.php\\\/2023\\\/06\\\/12\\\/18-malonogometni-turnir-zvirovici-2023\\\/\",\"name\":\"18.malonogometni turnir \u201eZvirovi\u0107i 2023\u201c - RADIO LJUBU\u0160KI\",\"isPartOf\":{\"@id\":\"https:\\\/\\\/radioljubuski.ba\\\/#website\"},\"primaryImageOfPage\":{\"@id\":\"https:\\\/\\\/radioljubuski.ba\\\/index.php\\\/2023\\\/06\\\/12\\\/18-malonogometni-turnir-zvirovici-2023\\\/#primaryimage\"},\"image\":{\"@id\":\"https:\\\/\\\/radioljubuski.ba\\\/index.php\\\/2023\\\/06\\\/12\\\/18-malonogometni-turnir-zvirovici-2023\\\/#primaryimage\"},\"thumbnailUrl\":\"https:\\\/\\\/radioljubuski.ba\\\/wp-content\\\/uploads\\\/2023\\\/06\\\/IMG_1138.jpg\",\"datePublished\":\"2023-06-12T12:51:40+00:00\",\"dateModified\":\"2023-06-12T12:51:42+00:00\",\"breadcrumb\":{\"@id\":\"https:\\\/\\\/radioljubuski.ba\\\/index.php\\\/2023\\\/06\\\/12\\\/18-malonogometni-turnir-zvirovici-2023\\\/#breadcrumb\"},\"inLanguage\":\"hr\",\"potentialAction\":[{\"@type\":\"ReadAction\",\"target\":[\"https:\\\/\\\/radioljubuski.ba\\\/index.php\\\/2023\\\/06\\\/12\\\/18-malonogometni-turnir-zvirovici-2023\\\/\"]}]},{\"@type\":\"ImageObject\",\"inLanguage\":\"hr\",\"@id\":\"https:\\\/\\\/radioljubuski.ba\\\/index.php\\\/2023\\\/06\\\/12\\\/18-malonogometni-turnir-zvirovici-2023\\\/#primaryimage\",\"url\":\"https:\\\/\\\/radioljubuski.ba\\\/wp-content\\\/uploads\\\/2023\\\/06\\\/IMG_1138.jpg\",\"contentUrl\":\"https:\\\/\\\/radioljubuski.ba\\\/wp-content\\\/uploads\\\/2023\\\/06\\\/IMG_1138.jpg\",\"width\":1024,\"height\":683},{\"@type\":\"BreadcrumbList\",\"@id\":\"https:\\\/\\\/radioljubuski.ba\\\/index.php\\\/2023\\\/06\\\/12\\\/18-malonogometni-turnir-zvirovici-2023\\\/#breadcrumb\",\"itemListElement\":[{\"@type\":\"ListItem\",\"position\":1,\"name\":\"Po\u010detna stranica\",\"item\":\"https:\\\/\\\/radioljubuski.ba\\\/\"},{\"@type\":\"ListItem\",\"position\":2,\"name\":\"18.malonogometni turnir \u201eZvirovi\u0107i 2023\u201c\"}]},{\"@type\":\"WebSite\",\"@id\":\"https:\\\/\\\/radioljubuski.ba\\\/#website\",\"url\":\"https:\\\/\\\/radioljubuski.ba\\\/\",\"name\":\"Radio Ljubu\u0161ki\",\"description\":\"Sun\u010dana frekvencija Hercegovine\",\"publisher\":{\"@id\":\"https:\\\/\\\/radioljubuski.ba\\\/#organization\"},\"potentialAction\":[{\"@type\":\"SearchAction\",\"target\":{\"@type\":\"EntryPoint\",\"urlTemplate\":\"https:\\\/\\\/radioljubuski.ba\\\/?s={search_term_string}\"},\"query-input\":{\"@type\":\"PropertyValueSpecification\",\"valueRequired\":true,\"valueName\":\"search_term_string\"}}],\"inLanguage\":\"hr\"},{\"@type\":\"Organization\",\"@id\":\"https:\\\/\\\/radioljubuski.ba\\\/#organization\",\"name\":\"Radio Ljubu\u0161ki\",\"url\":\"https:\\\/\\\/radioljubuski.ba\\\/\",\"logo\":{\"@type\":\"ImageObject\",\"inLanguage\":\"hr\",\"@id\":\"https:\\\/\\\/radioljubuski.ba\\\/#\\\/schema\\\/logo\\\/image\\\/\",\"url\":\"https:\\\/\\\/radioljubuski.ba\\\/wp-content\\\/uploads\\\/2021\\\/02\\\/cropped-Radio_Ljubuski_logo1.jpg\",\"contentUrl\":\"https:\\\/\\\/radioljubuski.ba\\\/wp-content\\\/uploads\\\/2021\\\/02\\\/cropped-Radio_Ljubuski_logo1.jpg\",\"width\":512,\"height\":512,\"caption\":\"Radio Ljubu\u0161ki\"},\"image\":{\"@id\":\"https:\\\/\\\/radioljubuski.ba\\\/#\\\/schema\\\/logo\\\/image\\\/\"},\"sameAs\":[\"https:\\\/\\\/www.facebook.com\\\/Radiio-Ljubuski-1490835324566332\",\"https:\\\/\\\/x.com\\\/radioljubuski\",\"https:\\\/\\\/hr.linkedin.com\\\/company\\\/radio-ljubuski\",\"https:\\\/\\\/www.youtube.com\\\/channel\\\/UCHYaeO_n0Db3tjNGudGpXyw\"]},{\"@type\":\"Person\",\"@id\":\"https:\\\/\\\/radioljubuski.ba\\\/#\\\/schema\\\/person\\\/19fc700381a780f69665d7956c469e3b\",\"name\":\"Radio Ljubu\u0161ki\"}]}<\/script>\n<!-- \/ Yoast SEO plugin. -->","yoast_head_json":{"title":"18.malonogometni turnir \u201eZvirovi\u0107i 2023\u201c - RADIO LJUBU\u0160KI","robots":{"index":"index","follow":"follow","max-snippet":"max-snippet:-1","max-image-preview":"max-image-preview:large","max-video-preview":"max-video-preview:-1"},"canonical":"https:\/\/radioljubuski.ba\/index.php\/2023\/06\/12\/18-malonogometni-turnir-zvirovici-2023\/","og_locale":"hr_HR","og_type":"article","og_title":"18.malonogometni turnir \u201eZvirovi\u0107i 2023\u201c - RADIO LJUBU\u0160KI","og_description":"U talijanskom naselju \u201eHorizonti mira\u201c u Zvirovi\u0107ima danas je odigran osamnaesti po redu malonogometni turnir \u201eZvirovi\u0107i 2023\u201c. Na ovom turniru nastupaju u\u010denici podru\u010dnih \u0161kola iz Zvirovi\u0107a, Studenaca, Trebi\u017eata, a ove godine jo\u0161 iz \u010capljine i Struge\/Gorica. Zbog malog broja u\u010denika do petog razreda Studenci i Zvirovi\u0107i \u201esastavili\u201c su zajedni\u010dku ekipu, a turnir su otvorili pro\u0161logodi\u0161nji [&hellip;]","og_url":"https:\/\/radioljubuski.ba\/index.php\/2023\/06\/12\/18-malonogometni-turnir-zvirovici-2023\/","og_site_name":"RADIO LJUBU\u0160KI","article_publisher":"https:\/\/www.facebook.com\/Radiio-Ljubuski-1490835324566332","article_published_time":"2023-06-12T12:51:40+00:00","article_modified_time":"2023-06-12T12:51:42+00:00","og_image":[{"width":1024,"height":683,"url":"https:\/\/radioljubuski.ba\/wp-content\/uploads\/2023\/06\/IMG_1138.jpg","type":"image\/jpeg"}],"author":"Radio Ljubu\u0161ki","twitter_card":"summary_large_image","twitter_creator":"@radioljubuski","twitter_site":"@radioljubuski","twitter_misc":{"Napisao\/la":"Radio Ljubu\u0161ki","Procijenjeno vrijeme \u010ditanja":"3 minute"},"schema":{"@context":"https:\/\/schema.org","@graph":[{"@type":"Article","@id":"https:\/\/radioljubuski.ba\/index.php\/2023\/06\/12\/18-malonogometni-turnir-zvirovici-2023\/#article","isPartOf":{"@id":"https:\/\/radioljubuski.ba\/index.php\/2023\/06\/12\/18-malonogometni-turnir-zvirovici-2023\/"},"author":{"name":"Radio Ljubu\u0161ki","@id":"https:\/\/radioljubuski.ba\/#\/schema\/person\/19fc700381a780f69665d7956c469e3b"},"headline":"18.malonogometni turnir \u201eZvirovi\u0107i 2023\u201c","datePublished":"2023-06-12T12:51:40+00:00","dateModified":"2023-06-12T12:51:42+00:00","mainEntityOfPage":{"@id":"https:\/\/radioljubuski.ba\/index.php\/2023\/06\/12\/18-malonogometni-turnir-zvirovici-2023\/"},"wordCount":238,"publisher":{"@id":"https:\/\/radioljubuski.ba\/#organization"},"image":{"@id":"https:\/\/radioljubuski.ba\/index.php\/2023\/06\/12\/18-malonogometni-turnir-zvirovici-2023\/#primaryimage"},"thumbnailUrl":"https:\/\/radioljubuski.ba\/wp-content\/uploads\/2023\/06\/IMG_1138.jpg","articleSection":["Novosti"],"inLanguage":"hr"},{"@type":"WebPage","@id":"https:\/\/radioljubuski.ba\/index.php\/2023\/06\/12\/18-malonogometni-turnir-zvirovici-2023\/","url":"https:\/\/radioljubuski.ba\/index.php\/2023\/06\/12\/18-malonogometni-turnir-zvirovici-2023\/","name":"18.malonogometni turnir \u201eZvirovi\u0107i 2023\u201c - RADIO LJUBU\u0160KI","isPartOf":{"@id":"https:\/\/radioljubuski.ba\/#website"},"primaryImageOfPage":{"@id":"https:\/\/radioljubuski.ba\/index.php\/2023\/06\/12\/18-malonogometni-turnir-zvirovici-2023\/#primaryimage"},"image":{"@id":"https:\/\/radioljubuski.ba\/index.php\/2023\/06\/12\/18-malonogometni-turnir-zvirovici-2023\/#primaryimage"},"thumbnailUrl":"https:\/\/radioljubuski.ba\/wp-content\/uploads\/2023\/06\/IMG_1138.jpg","datePublished":"2023-06-12T12:51:40+00:00","dateModified":"2023-06-12T12:51:42+00:00","breadcrumb":{"@id":"https:\/\/radioljubuski.ba\/index.php\/2023\/06\/12\/18-malonogometni-turnir-zvirovici-2023\/#breadcrumb"},"inLanguage":"hr","potentialAction":[{"@type":"ReadAction","target":["https:\/\/radioljubuski.ba\/index.php\/2023\/06\/12\/18-malonogometni-turnir-zvirovici-2023\/"]}]},{"@type":"ImageObject","inLanguage":"hr","@id":"https:\/\/radioljubuski.ba\/index.php\/2023\/06\/12\/18-malonogometni-turnir-zvirovici-2023\/#primaryimage","url":"https:\/\/radioljubuski.ba\/wp-content\/uploads\/2023\/06\/IMG_1138.jpg","contentUrl":"https:\/\/radioljubuski.ba\/wp-content\/uploads\/2023\/06\/IMG_1138.jpg","width":1024,"height":683},{"@type":"BreadcrumbList","@id":"https:\/\/radioljubuski.ba\/index.php\/2023\/06\/12\/18-malonogometni-turnir-zvirovici-2023\/#breadcrumb","itemListElement":[{"@type":"ListItem","position":1,"name":"Po\u010detna stranica","item":"https:\/\/radioljubuski.ba\/"},{"@type":"ListItem","position":2,"name":"18.malonogometni turnir \u201eZvirovi\u0107i 2023\u201c"}]},{"@type":"WebSite","@id":"https:\/\/radioljubuski.ba\/#website","url":"https:\/\/radioljubuski.ba\/","name":"Radio Ljubu\u0161ki","description":"Sun\u010dana frekvencija Hercegovine","publisher":{"@id":"https:\/\/radioljubuski.ba\/#organization"},"potentialAction":[{"@type":"SearchAction","target":{"@type":"EntryPoint","urlTemplate":"https:\/\/radioljubuski.ba\/?s={search_term_string}"},"query-input":{"@type":"PropertyValueSpecification","valueRequired":true,"valueName":"search_term_string"}}],"inLanguage":"hr"},{"@type":"Organization","@id":"https:\/\/radioljubuski.ba\/#organization","name":"Radio Ljubu\u0161ki","url":"https:\/\/radioljubuski.ba\/","logo":{"@type":"ImageObject","inLanguage":"hr","@id":"https:\/\/radioljubuski.ba\/#\/schema\/logo\/image\/","url":"https:\/\/radioljubuski.ba\/wp-content\/uploads\/2021\/02\/cropped-Radio_Ljubuski_logo1.jpg","contentUrl":"https:\/\/radioljubuski.ba\/wp-content\/uploads\/2021\/02\/cropped-Radio_Ljubuski_logo1.jpg","width":512,"height":512,"caption":"Radio Ljubu\u0161ki"},"image":{"@id":"https:\/\/radioljubuski.ba\/#\/schema\/logo\/image\/"},"sameAs":["https:\/\/www.facebook.com\/Radiio-Ljubuski-1490835324566332","https:\/\/x.com\/radioljubuski","https:\/\/hr.linkedin.com\/company\/radio-ljubuski","https:\/\/www.youtube.com\/channel\/UCHYaeO_n0Db3tjNGudGpXyw"]},{"@type":"Person","@id":"https:\/\/radioljubuski.ba\/#\/schema\/person\/19fc700381a780f69665d7956c469e3b","name":"Radio Ljubu\u0161ki"}]}},"_links":{"self":[{"href":"https:\/\/radioljubuski.ba\/index.php\/wp-json\/wp\/v2\/posts\/191796","targetHints":{"allow":["GET"]}}],"collection":[{"href":"https:\/\/radioljubuski.ba\/index.php\/wp-json\/wp\/v2\/posts"}],"about":[{"href":"https:\/\/radioljubuski.ba\/index.php\/wp-json\/wp\/v2\/types\/post"}],"author":[{"embeddable":true,"href":"https:\/\/radioljubuski.ba\/index.php\/wp-json\/wp\/v2\/users\/2"}],"replies":[{"embeddable":true,"href":"https:\/\/radioljubuski.ba\/index.php\/wp-json\/wp\/v2\/comments?post=191796"}],"version-history":[{"count":1,"href":"https:\/\/radioljubuski.ba\/index.php\/wp-json\/wp\/v2\/posts\/191796\/revisions"}],"predecessor-version":[{"id":191810,"href":"https:\/\/radioljubuski.ba\/index.php\/wp-json\/wp\/v2\/posts\/191796\/revisions\/191810"}],"wp:featuredmedia":[{"embeddable":true,"href":"https:\/\/radioljubuski.ba\/index.php\/wp-json\/wp\/v2\/media\/191809"}],"wp:attachment":[{"href":"https:\/\/radioljubuski.ba\/index.php\/wp-json\/wp\/v2\/media?parent=191796"}],"wp:term":[{"taxonomy":"category","embeddable":true,"href":"https:\/\/radioljubuski.ba\/index.php\/wp-json\/wp\/v2\/categories?post=191796"},{"taxonomy":"post_tag","embeddable":true,"href":"https:\/\/radioljubuski.ba\/index.php\/wp-json\/wp\/v2\/tags?post=191796"}],"curies":[{"name":"wp","href":"https:\/\/api.w.org\/{rel}","templated":true}]}}