{"id":191846,"date":"2023-06-13T12:32:47","date_gmt":"2023-06-13T11:32:47","guid":{"rendered":"https:\/\/radioljubuski.ba\/?p=191846"},"modified":"2024-06-13T09:27:12","modified_gmt":"2024-06-13T08:27:12","slug":"foto-proslava-svetkovine-sv-ante-na-humcu","status":"publish","type":"post","link":"https:\/\/radioljubuski.ba\/index.php\/2023\/06\/13\/foto-proslava-svetkovine-sv-ante-na-humcu\/","title":{"rendered":"Foto: Proslava svetkovine sv. Ante na Humcu"},"content":{"rendered":"\n<p>\u017dupa Humac danas je proslavila nebeskog za\u0161titnika \u017eupe, crkve i samostana sv. Antuna Padovanskog. Sve\u010dano sredi\u0161nje misno slavlje u 11 sati prevodio je fra Jozo Grbe\u0161 provincijal Hercegova\u010dke franjeva\u010dke provincije uz koncelebraciju ve\u0107eg broja sve\u0107enika.<\/p>\n\n\n\n<p>Proslava blagdana zapo\u010dela je slu\u017eenjem svetih misa u 5, 6, 7, 8 i 9 sati ujutro, dok je najve\u0107i broj vjernika nazo\u010dio sve\u010danom misnom slavlju u 11 sati, kojem je prethodila tradicionalna procesija s kipom svetog Ante.<\/p>\n\n\n\n<p>Na po\u010detku misnog slavlja sve nazo\u010dne vjernike pozdravio je huma\u010dki gvardijan i \u017eupnik fra Dario Dodig, koji je na poseban na\u010din za\u017eelio dobrodo\u0161licu dana\u0161njem propovjedniku fra Jozi Grbe\u0161u.<\/p>\n\n\n\n<p>\u201eSveti Ante je velik svetac koji nas sve sabire oko Krista na\u0161ega Spasitelja, kojega dr\u017ei u ruci i koji nas \u017eeli povesti svojim putem mira i ljubavi. Dobro do\u0161li u ovo na\u0161e sveti\u0161te na Humac i ovu duhovnu i kulturnu oazu, stjeci\u0161te mnogih hodo\u010dasnika i turista, okrepu mnogim du\u0161ama. Zato smo radosni u ovome svetom danu kad mnogi dolaze na zavjet, molitvom pobo\u017eno\u0161\u0107u, primanjem svetih sakramenata. Neka je svima nama na duhovnu izgradnju i korist. Osobito mi je zadovoljstvo ovdje predstaviti mnogopo\u0161tovanog oca provincijala Hercegova\u010dke franjeva\u010dke provincije fra Jozu Grbe\u0161a On je prvi put s nama ovdje o svetom Anti, osim novicijata kojega je imao ovdje u na\u0161emu samostanu. Ve\u0107inu \u017eivota je proveo u Americi me\u0111u svojim hrvatskim narodom\u201c, kazao je fra Dario.<\/p>\n\n\n\n<p>Fra Jozo je u svojoj uvodnoj rije\u010di pozvao sve vjernike na promjenu da budu bolji ljudi.<\/p>\n\n\n\n<p>\u201eJa jesam ovdje prvi put o svetkovini sv. Ante, ali dugo putujem. Mnogi ovdje \u010dine zavjet, mnogi ovdje dolaze jer \u017eele biti bolji i druga\u010diji ljudi. Ja vas pitam danas, sje\u0107ate li se sv. Ante pro\u0161le godine i kakvi smo mi danas u odnosu na godinu, dvije ranije. Je li na\u0161 Bog zajedno s ovim svecem i s vrijednostima koje ostaju ili nas je rastrgao svijet oko nas koji ide nekim svojim putem. Ja vjerujem da je ovo mjesto gdje dolazimo k sebi, gdje po\u010dinjemo iznova, gdje se kajemo za lo\u0161e i \u017eelimo bolje. Neka nam ovaj blagdan i ovaj svetac budu povod za nove po\u010detke. Ako imamo hrabrosti za kajanje mo\u017eda imamo u sebi i duha poniznosti\u201c, kazao je provincijal.<\/p>\n\n\n\n<p>U svojoj prigodnoj propovijedi fra Jozo je govorio o zna\u010denju onoga Bo\u017eanskoga u \u017eivotu \u010dovjeka, te jo\u0161 jednom pozvao na promjenu svih vjernika na bolje isti\u010du\u0107i da sv. Ante mo\u017ee biti primjer svim vjernicima da po\u010dnu iznova.<\/p>\n\n\n\n<p>\u201eKad je Krist uspostavljao svoju zajednicu za svoj kamen temeljac nije izabrao briljantnog Pavla, niti mistika Ivana, nego obi\u010dnog slabog \u010dovjeka, kukavicu. Obi\u010dnog slabog \u010dovjeka, i na toj stijeni je sagradio svoju crkvu, i kako kaza onda tako i danas: \u201eNi vrata je paklena nisu nadvladala.\u201c Sva carstva i kraljevstva propala su jer po\u010divahu na jakim ljudima, ali ova jedna i jedina stvar ljudske povijesti, povijesna Kr\u0161\u0107anska crkva utemeljena je na slabom \u010dovjeku i zato je neuni\u0161tiva. Za\u0161to je tako? Ka\u017ee nam veliki Chesterton da je svaki lanac jak onoliko koliko je jaka njegova najslabija karika. Ili drugim rije\u010dima, slab \u010dovjek zna da ne mo\u017ee sam. On kada postane svjestan bo\u017eanskoga, bivaju\u0107i slab, on postaje svjestan va\u017enosti bo\u017eanskoga, bo\u017eanske milosti i bo\u017eanske snage. I zato nam je cijela povijest takva, svetaca i gre\u0161nika, slabih i jakih, a jakih pa krhkih. Zato je sv. Ante obi\u010dan Padovanac, obi\u010dan gre\u0161an \u010dovjek, koji je bio svjestan Bo\u017eanske dimenzije. Mogao je re\u0107i, prijatelju prepi\u0161i Bogu svako dobro koje si primio, ako pristaje\u0161 prisvaja\u0161 zasluge za ono \u0161to ti ne pripada, bit \u0107e\u0161 optu\u017een za kra\u0111u. Zato u kr\u0161\u0107anstvu nema mjesta za ega, nema mjesta za velike, nema mjesta za arogantne, nema mjesta za one koji misle da odre\u0111uju povijest sudbina i naroda, sada\u0161njeg \u010dasa i budu\u0107eg trenutka. Zastanimo na \u010das! Sve ono \u0161to je najva\u017enije u va\u0161em \u017eivotu, bilo da je u pitanju snaga ljubavi, vjere, obitelji, Domovine ili Bo\u017eanskoga u \u010dovjeku, nije na\u0161a zasluga. Velike stvarnosti u na\u0161em \u017eivotu su jednostavan dar, koje \u010dovjeka mogu u\u010diniti samo poniznim. Oholim ljudima nitko ne vjeruje. Tako ih i povijest zaboravlja. Zato upravo ovi slabi znaju da je hrabrost Bo\u017eanska snaga, da je mudrost Bo\u017eanski dar, da ta hrabrost kao Bo\u017eanska snaga nije odsutnost strahova koje imamo u svagda\u0161njici \u017eivota nego priznanje da postoji ne\u0161to va\u017enije. Ti slabi znaju da su oni poslani biti blagovijesnicima, biti sol svijeta i svjetlost zemlje, biti po\u010detak novoga. Ono \u0161to nam Krist i onim tekstom i ovim dana\u0161njim \u017eeli re\u0107i jest da slabo kr\u0161\u0107anstvo bez te dimenzije Bo\u017eanskoga jest katastrofa ovoga svijeta To jadno kr\u0161\u0107anstvo bez Bo\u017eanskoga jest 20.stolje\u0107e. Poubijali smo se masovno. Danas opet kr\u0161\u0107ani se ubijaju na istoku ove Zemlje i onda se \u017ealimo da nas nema. Kada Bo\u017eanskoga u sebi nemamo ne treba nas ni biti. Sveti ljudi, poput ovog Padovanca, nas upozoravaju upravo na to da \u010dovjek ne smije ostati samo u svojoj horizontalnoj dimenziji \u017eivljenja, da bez toga misti\u010dnoga, bez toga Bo\u017eanskoga, bez toga vertikalnoga, \u010dovjek ostaje prazan. Da u ovom horizontalnom svijetu interesa, jada i bijede ljudske \u010dovjek postaje samo kopija interesa ili kopija vlastite bijede ili grijeha koje ispovijeda cijeli svoj \u017eivot i nikako iz njih izi\u0107i. Da od kopija \u010dovjek \u017eivjeti ne mo\u017ee. Da od tog horizontalnog \u017eivljenja imamo ono \u0161to imamo danas, imamo kulturu koja odbacuje, koja kri\u017ea, kri\u017ea i povijest i identitet i obitelj i vjerovanje i duhovnost i tradiciju i ono od \u010dega je \u010dovjek nastao i sazdan, ono \u0161to ga ispunjava. Ta kultura odbacivanja dolazi k nama, ve\u0107 je ovdje, pa se pitamo, ima li kr\u0161\u0107ana da \u0107e joj re\u0107i ne mo\u017ee. Mi moramo biti druga\u010diji. Mi moramo imati dovoljno snage u sebi, dovoljno mudrosti da mo\u017eemo govoriti istinu svome djetetu, u svojoj obitelji ili onome gore na vlasti ili onome za kojega nitko ne pita ili onome s kojim nitko prijatelj nije. Oni koji preska\u010du, oni koji biraju samo jedne a kri\u017eaju druge s kr\u0161\u0107anstvom nemaju veze Ka\u017ee nam ponovno ovaj Padovanac, o \u010dovje\u010de koji \u010desto radi\u0161 prema prilikama ugledaj se na p\u010dele. I nau\u010di se mudrosti. To je rekao zato \u0161to je to \u017eivio. Nemojte vjerovati nikada onima koji ugodno govore ali lo\u0161e \u017eive. Mi smo civilizacija koja sjajno pi\u0161e, odli\u010dno govori, ali jako lo\u0161e \u017eivi. Ako na\u0161i \u017eivoti nisu na\u0161a poruka i ako na\u0161a poruka nije na\u0161a svagda\u0161njost onda uzalud sve ono \u0161to mi ka\u017eemo da jesmo. Jer princip \u017eivota i zakon ljubavi po\u010dima od mene, od moje obitelji, u mome domu, u mojoj \u017eupi, od onih koje ja zovem svojim prijateljima\u201c, kazao je, me\u0111u ostalim, u propovijedi fra Jozo.<\/p>\n\n\n\n<p><br>Na kraju misnog slavlja huma\u010dki gvardijan i \u017eupnik fra Dario Dodik zahvalio je svima koji su na bilo koji na\u010din pomogli u proslavi svetkovine Sv. Ante, posebno \u017eupljanima i propovjedniku, provincijalu fra Jozi kojemu je u znak pa\u017enje i sje\u0107anja na dana\u0161nje misno slavlje poklonio kip sv. Ante.<\/p>\n\n\n\n<figure class=\"wp-block-gallery has-nested-images columns-default is-cropped wp-block-gallery-1 is-layout-flex wp-block-gallery-is-layout-flex\">\n<figure class=\"wp-block-image size-large\"><img loading=\"lazy\" decoding=\"async\" width=\"1024\" height=\"683\" data-id=\"191893\" src=\"https:\/\/radioljubuski.ba\/wp-content\/uploads\/2023\/06\/DSC0001-1-1024x683.jpg\" alt=\"\" class=\"wp-image-191893\" srcset=\"https:\/\/radioljubuski.ba\/wp-content\/uploads\/2023\/06\/DSC0001-1-1024x683.jpg 1024w, https:\/\/radioljubuski.ba\/wp-content\/uploads\/2023\/06\/DSC0001-1-300x200.jpg 300w, https:\/\/radioljubuski.ba\/wp-content\/uploads\/2023\/06\/DSC0001-1-768x512.jpg 768w, https:\/\/radioljubuski.ba\/wp-content\/uploads\/2023\/06\/DSC0001-1-1536x1025.jpg 1536w, https:\/\/radioljubuski.ba\/wp-content\/uploads\/2023\/06\/DSC0001-1-2048x1367.jpg 2048w\" sizes=\"auto, (max-width: 1024px) 100vw, 1024px\" \/><\/figure>\n\n\n\n<figure class=\"wp-block-image size-large\"><img loading=\"lazy\" decoding=\"async\" width=\"1024\" height=\"683\" data-id=\"191855\" src=\"https:\/\/radioljubuski.ba\/wp-content\/uploads\/2023\/06\/DSC0002-1024x683.jpg\" alt=\"\" class=\"wp-image-191855\" srcset=\"https:\/\/radioljubuski.ba\/wp-content\/uploads\/2023\/06\/DSC0002-1024x683.jpg 1024w, https:\/\/radioljubuski.ba\/wp-content\/uploads\/2023\/06\/DSC0002-300x200.jpg 300w, https:\/\/radioljubuski.ba\/wp-content\/uploads\/2023\/06\/DSC0002-768x512.jpg 768w, https:\/\/radioljubuski.ba\/wp-content\/uploads\/2023\/06\/DSC0002-1536x1025.jpg 1536w, https:\/\/radioljubuski.ba\/wp-content\/uploads\/2023\/06\/DSC0002-2048x1367.jpg 2048w\" sizes=\"auto, (max-width: 1024px) 100vw, 1024px\" \/><\/figure>\n\n\n\n<figure class=\"wp-block-image size-large\"><img loading=\"lazy\" decoding=\"async\" width=\"1024\" height=\"683\" data-id=\"191885\" src=\"https:\/\/radioljubuski.ba\/wp-content\/uploads\/2023\/06\/DSC0003-\u2013-kopija-2-1024x683.jpg\" alt=\"\" class=\"wp-image-191885\" srcset=\"https:\/\/radioljubuski.ba\/wp-content\/uploads\/2023\/06\/DSC0003-\u2013-kopija-2-1024x683.jpg 1024w, https:\/\/radioljubuski.ba\/wp-content\/uploads\/2023\/06\/DSC0003-\u2013-kopija-2-300x200.jpg 300w, https:\/\/radioljubuski.ba\/wp-content\/uploads\/2023\/06\/DSC0003-\u2013-kopija-2-768x512.jpg 768w, https:\/\/radioljubuski.ba\/wp-content\/uploads\/2023\/06\/DSC0003-\u2013-kopija-2-1536x1025.jpg 1536w, https:\/\/radioljubuski.ba\/wp-content\/uploads\/2023\/06\/DSC0003-\u2013-kopija-2-2048x1367.jpg 2048w\" sizes=\"auto, (max-width: 1024px) 100vw, 1024px\" \/><\/figure>\n\n\n\n<figure class=\"wp-block-image size-large\"><img loading=\"lazy\" decoding=\"async\" width=\"1024\" height=\"683\" data-id=\"191887\" src=\"https:\/\/radioljubuski.ba\/wp-content\/uploads\/2023\/06\/DSC0003-1-1024x683.jpg\" alt=\"\" class=\"wp-image-191887\" srcset=\"https:\/\/radioljubuski.ba\/wp-content\/uploads\/2023\/06\/DSC0003-1-1024x683.jpg 1024w, https:\/\/radioljubuski.ba\/wp-content\/uploads\/2023\/06\/DSC0003-1-300x200.jpg 300w, https:\/\/radioljubuski.ba\/wp-content\/uploads\/2023\/06\/DSC0003-1-768x512.jpg 768w, https:\/\/radioljubuski.ba\/wp-content\/uploads\/2023\/06\/DSC0003-1-1536x1025.jpg 1536w, https:\/\/radioljubuski.ba\/wp-content\/uploads\/2023\/06\/DSC0003-1-2048x1367.jpg 2048w\" sizes=\"auto, (max-width: 1024px) 100vw, 1024px\" \/><\/figure>\n\n\n\n<figure class=\"wp-block-image size-large\"><img loading=\"lazy\" decoding=\"async\" width=\"1024\" height=\"683\" data-id=\"191901\" src=\"https:\/\/radioljubuski.ba\/wp-content\/uploads\/2023\/06\/DSC0004-4-1024x683.jpg\" alt=\"\" class=\"wp-image-191901\" srcset=\"https:\/\/radioljubuski.ba\/wp-content\/uploads\/2023\/06\/DSC0004-4-1024x683.jpg 1024w, https:\/\/radioljubuski.ba\/wp-content\/uploads\/2023\/06\/DSC0004-4-300x200.jpg 300w, https:\/\/radioljubuski.ba\/wp-content\/uploads\/2023\/06\/DSC0004-4-768x512.jpg 768w, https:\/\/radioljubuski.ba\/wp-content\/uploads\/2023\/06\/DSC0004-4-1536x1025.jpg 1536w, https:\/\/radioljubuski.ba\/wp-content\/uploads\/2023\/06\/DSC0004-4-2048x1367.jpg 2048w\" sizes=\"auto, (max-width: 1024px) 100vw, 1024px\" \/><\/figure>\n\n\n\n<figure class=\"wp-block-image size-large\"><img loading=\"lazy\" decoding=\"async\" width=\"1024\" height=\"683\" data-id=\"191894\" src=\"https:\/\/radioljubuski.ba\/wp-content\/uploads\/2023\/06\/DSC0005-1024x683.jpg\" alt=\"\" class=\"wp-image-191894\" srcset=\"https:\/\/radioljubuski.ba\/wp-content\/uploads\/2023\/06\/DSC0005-1024x683.jpg 1024w, https:\/\/radioljubuski.ba\/wp-content\/uploads\/2023\/06\/DSC0005-300x200.jpg 300w, https:\/\/radioljubuski.ba\/wp-content\/uploads\/2023\/06\/DSC0005-768x512.jpg 768w, https:\/\/radioljubuski.ba\/wp-content\/uploads\/2023\/06\/DSC0005-1536x1025.jpg 1536w, https:\/\/radioljubuski.ba\/wp-content\/uploads\/2023\/06\/DSC0005-2048x1367.jpg 2048w\" sizes=\"auto, (max-width: 1024px) 100vw, 1024px\" \/><\/figure>\n\n\n\n<figure class=\"wp-block-image size-large\"><img loading=\"lazy\" decoding=\"async\" width=\"1024\" height=\"683\" data-id=\"191889\" src=\"https:\/\/radioljubuski.ba\/wp-content\/uploads\/2023\/06\/DSC0006-2-1024x683.jpg\" alt=\"\" class=\"wp-image-191889\" srcset=\"https:\/\/radioljubuski.ba\/wp-content\/uploads\/2023\/06\/DSC0006-2-1024x683.jpg 1024w, https:\/\/radioljubuski.ba\/wp-content\/uploads\/2023\/06\/DSC0006-2-300x200.jpg 300w, https:\/\/radioljubuski.ba\/wp-content\/uploads\/2023\/06\/DSC0006-2-768x512.jpg 768w, https:\/\/radioljubuski.ba\/wp-content\/uploads\/2023\/06\/DSC0006-2-1536x1025.jpg 1536w, https:\/\/radioljubuski.ba\/wp-content\/uploads\/2023\/06\/DSC0006-2-2048x1367.jpg 2048w\" sizes=\"auto, (max-width: 1024px) 100vw, 1024px\" \/><\/figure>\n\n\n\n<figure class=\"wp-block-image size-large\"><img loading=\"lazy\" decoding=\"async\" width=\"1024\" height=\"683\" data-id=\"191890\" src=\"https:\/\/radioljubuski.ba\/wp-content\/uploads\/2023\/06\/DSC0007-1-1024x683.jpg\" alt=\"\" class=\"wp-image-191890\" srcset=\"https:\/\/radioljubuski.ba\/wp-content\/uploads\/2023\/06\/DSC0007-1-1024x683.jpg 1024w, https:\/\/radioljubuski.ba\/wp-content\/uploads\/2023\/06\/DSC0007-1-300x200.jpg 300w, https:\/\/radioljubuski.ba\/wp-content\/uploads\/2023\/06\/DSC0007-1-768x512.jpg 768w, https:\/\/radioljubuski.ba\/wp-content\/uploads\/2023\/06\/DSC0007-1-1536x1025.jpg 1536w, https:\/\/radioljubuski.ba\/wp-content\/uploads\/2023\/06\/DSC0007-1-2048x1367.jpg 2048w\" sizes=\"auto, (max-width: 1024px) 100vw, 1024px\" \/><\/figure>\n\n\n\n<figure class=\"wp-block-image size-large\"><img loading=\"lazy\" decoding=\"async\" width=\"1024\" height=\"683\" data-id=\"191891\" src=\"https:\/\/radioljubuski.ba\/wp-content\/uploads\/2023\/06\/DSC0008-3-1024x683.jpg\" alt=\"\" class=\"wp-image-191891\" srcset=\"https:\/\/radioljubuski.ba\/wp-content\/uploads\/2023\/06\/DSC0008-3-1024x683.jpg 1024w, https:\/\/radioljubuski.ba\/wp-content\/uploads\/2023\/06\/DSC0008-3-300x200.jpg 300w, https:\/\/radioljubuski.ba\/wp-content\/uploads\/2023\/06\/DSC0008-3-768x512.jpg 768w, https:\/\/radioljubuski.ba\/wp-content\/uploads\/2023\/06\/DSC0008-3-1536x1025.jpg 1536w, https:\/\/radioljubuski.ba\/wp-content\/uploads\/2023\/06\/DSC0008-3-2048x1367.jpg 2048w\" sizes=\"auto, (max-width: 1024px) 100vw, 1024px\" \/><\/figure>\n\n\n\n<figure class=\"wp-block-image size-large\"><img loading=\"lazy\" decoding=\"async\" width=\"1024\" height=\"683\" data-id=\"191883\" src=\"https:\/\/radioljubuski.ba\/wp-content\/uploads\/2023\/06\/DSC0009-3-1024x683.jpg\" alt=\"\" class=\"wp-image-191883\" srcset=\"https:\/\/radioljubuski.ba\/wp-content\/uploads\/2023\/06\/DSC0009-3-1024x683.jpg 1024w, https:\/\/radioljubuski.ba\/wp-content\/uploads\/2023\/06\/DSC0009-3-300x200.jpg 300w, https:\/\/radioljubuski.ba\/wp-content\/uploads\/2023\/06\/DSC0009-3-768x512.jpg 768w, https:\/\/radioljubuski.ba\/wp-content\/uploads\/2023\/06\/DSC0009-3-1536x1025.jpg 1536w, https:\/\/radioljubuski.ba\/wp-content\/uploads\/2023\/06\/DSC0009-3-2048x1367.jpg 2048w\" sizes=\"auto, (max-width: 1024px) 100vw, 1024px\" \/><\/figure>\n\n\n\n<figure class=\"wp-block-image size-large\"><img loading=\"lazy\" decoding=\"async\" width=\"1024\" height=\"683\" data-id=\"191898\" src=\"https:\/\/radioljubuski.ba\/wp-content\/uploads\/2023\/06\/DSC0011-3-1024x683.jpg\" alt=\"\" class=\"wp-image-191898\" srcset=\"https:\/\/radioljubuski.ba\/wp-content\/uploads\/2023\/06\/DSC0011-3-1024x683.jpg 1024w, https:\/\/radioljubuski.ba\/wp-content\/uploads\/2023\/06\/DSC0011-3-300x200.jpg 300w, https:\/\/radioljubuski.ba\/wp-content\/uploads\/2023\/06\/DSC0011-3-768x512.jpg 768w, https:\/\/radioljubuski.ba\/wp-content\/uploads\/2023\/06\/DSC0011-3-1536x1025.jpg 1536w, https:\/\/radioljubuski.ba\/wp-content\/uploads\/2023\/06\/DSC0011-3-2048x1367.jpg 2048w\" sizes=\"auto, (max-width: 1024px) 100vw, 1024px\" \/><\/figure>\n\n\n\n<figure class=\"wp-block-image size-large\"><img loading=\"lazy\" decoding=\"async\" width=\"1024\" height=\"683\" data-id=\"191897\" src=\"https:\/\/radioljubuski.ba\/wp-content\/uploads\/2023\/06\/DSC0013-1-1024x683.jpg\" alt=\"\" class=\"wp-image-191897\" srcset=\"https:\/\/radioljubuski.ba\/wp-content\/uploads\/2023\/06\/DSC0013-1-1024x683.jpg 1024w, https:\/\/radioljubuski.ba\/wp-content\/uploads\/2023\/06\/DSC0013-1-300x200.jpg 300w, https:\/\/radioljubuski.ba\/wp-content\/uploads\/2023\/06\/DSC0013-1-768x512.jpg 768w, https:\/\/radioljubuski.ba\/wp-content\/uploads\/2023\/06\/DSC0013-1-1536x1025.jpg 1536w, https:\/\/radioljubuski.ba\/wp-content\/uploads\/2023\/06\/DSC0013-1-2048x1367.jpg 2048w\" sizes=\"auto, (max-width: 1024px) 100vw, 1024px\" \/><\/figure>\n\n\n\n<figure class=\"wp-block-image size-large\"><img loading=\"lazy\" decoding=\"async\" width=\"1024\" height=\"683\" data-id=\"191888\" src=\"https:\/\/radioljubuski.ba\/wp-content\/uploads\/2023\/06\/DSC0014-1024x683.jpg\" alt=\"\" class=\"wp-image-191888\" srcset=\"https:\/\/radioljubuski.ba\/wp-content\/uploads\/2023\/06\/DSC0014-1024x683.jpg 1024w, https:\/\/radioljubuski.ba\/wp-content\/uploads\/2023\/06\/DSC0014-300x200.jpg 300w, https:\/\/radioljubuski.ba\/wp-content\/uploads\/2023\/06\/DSC0014-768x512.jpg 768w, https:\/\/radioljubuski.ba\/wp-content\/uploads\/2023\/06\/DSC0014-1536x1025.jpg 1536w, https:\/\/radioljubuski.ba\/wp-content\/uploads\/2023\/06\/DSC0014-2048x1367.jpg 2048w\" sizes=\"auto, (max-width: 1024px) 100vw, 1024px\" \/><\/figure>\n\n\n\n<figure class=\"wp-block-image size-large\"><img loading=\"lazy\" decoding=\"async\" width=\"1024\" height=\"683\" data-id=\"191884\" src=\"https:\/\/radioljubuski.ba\/wp-content\/uploads\/2023\/06\/DSC0015-1-1024x683.jpg\" alt=\"\" class=\"wp-image-191884\" srcset=\"https:\/\/radioljubuski.ba\/wp-content\/uploads\/2023\/06\/DSC0015-1-1024x683.jpg 1024w, https:\/\/radioljubuski.ba\/wp-content\/uploads\/2023\/06\/DSC0015-1-300x200.jpg 300w, https:\/\/radioljubuski.ba\/wp-content\/uploads\/2023\/06\/DSC0015-1-768x512.jpg 768w, https:\/\/radioljubuski.ba\/wp-content\/uploads\/2023\/06\/DSC0015-1-1536x1025.jpg 1536w, https:\/\/radioljubuski.ba\/wp-content\/uploads\/2023\/06\/DSC0015-1-2048x1367.jpg 2048w\" sizes=\"auto, (max-width: 1024px) 100vw, 1024px\" \/><\/figure>\n\n\n\n<figure class=\"wp-block-image size-large\"><img loading=\"lazy\" decoding=\"async\" width=\"1024\" height=\"683\" data-id=\"191877\" src=\"https:\/\/radioljubuski.ba\/wp-content\/uploads\/2023\/06\/DSC0016-3-1024x683.jpg\" alt=\"\" class=\"wp-image-191877\" srcset=\"https:\/\/radioljubuski.ba\/wp-content\/uploads\/2023\/06\/DSC0016-3-1024x683.jpg 1024w, https:\/\/radioljubuski.ba\/wp-content\/uploads\/2023\/06\/DSC0016-3-300x200.jpg 300w, https:\/\/radioljubuski.ba\/wp-content\/uploads\/2023\/06\/DSC0016-3-768x512.jpg 768w, https:\/\/radioljubuski.ba\/wp-content\/uploads\/2023\/06\/DSC0016-3-1536x1025.jpg 1536w, https:\/\/radioljubuski.ba\/wp-content\/uploads\/2023\/06\/DSC0016-3-2048x1367.jpg 2048w\" sizes=\"auto, (max-width: 1024px) 100vw, 1024px\" \/><\/figure>\n\n\n\n<figure class=\"wp-block-image size-large\"><img loading=\"lazy\" decoding=\"async\" width=\"1024\" height=\"683\" data-id=\"191899\" src=\"https:\/\/radioljubuski.ba\/wp-content\/uploads\/2023\/06\/DSC0018-1024x683.jpg\" alt=\"\" class=\"wp-image-191899\" srcset=\"https:\/\/radioljubuski.ba\/wp-content\/uploads\/2023\/06\/DSC0018-1024x683.jpg 1024w, https:\/\/radioljubuski.ba\/wp-content\/uploads\/2023\/06\/DSC0018-300x200.jpg 300w, https:\/\/radioljubuski.ba\/wp-content\/uploads\/2023\/06\/DSC0018-768x512.jpg 768w, https:\/\/radioljubuski.ba\/wp-content\/uploads\/2023\/06\/DSC0018-1536x1025.jpg 1536w, https:\/\/radioljubuski.ba\/wp-content\/uploads\/2023\/06\/DSC0018-2048x1367.jpg 2048w\" sizes=\"auto, (max-width: 1024px) 100vw, 1024px\" \/><\/figure>\n\n\n\n<figure class=\"wp-block-image size-large\"><img loading=\"lazy\" decoding=\"async\" width=\"1024\" height=\"683\" data-id=\"191907\" src=\"https:\/\/radioljubuski.ba\/wp-content\/uploads\/2023\/06\/DSC0022-1024x683.jpg\" alt=\"\" class=\"wp-image-191907\" srcset=\"https:\/\/radioljubuski.ba\/wp-content\/uploads\/2023\/06\/DSC0022-1024x683.jpg 1024w, https:\/\/radioljubuski.ba\/wp-content\/uploads\/2023\/06\/DSC0022-300x200.jpg 300w, https:\/\/radioljubuski.ba\/wp-content\/uploads\/2023\/06\/DSC0022-768x512.jpg 768w, https:\/\/radioljubuski.ba\/wp-content\/uploads\/2023\/06\/DSC0022-1536x1025.jpg 1536w, https:\/\/radioljubuski.ba\/wp-content\/uploads\/2023\/06\/DSC0022-2048x1367.jpg 2048w\" sizes=\"auto, (max-width: 1024px) 100vw, 1024px\" \/><\/figure>\n\n\n\n<figure class=\"wp-block-image size-large\"><img loading=\"lazy\" decoding=\"async\" width=\"1024\" height=\"683\" data-id=\"191882\" src=\"https:\/\/radioljubuski.ba\/wp-content\/uploads\/2023\/06\/DSC0023-1024x683.jpg\" alt=\"\" class=\"wp-image-191882\" srcset=\"https:\/\/radioljubuski.ba\/wp-content\/uploads\/2023\/06\/DSC0023-1024x683.jpg 1024w, https:\/\/radioljubuski.ba\/wp-content\/uploads\/2023\/06\/DSC0023-300x200.jpg 300w, https:\/\/radioljubuski.ba\/wp-content\/uploads\/2023\/06\/DSC0023-768x512.jpg 768w, https:\/\/radioljubuski.ba\/wp-content\/uploads\/2023\/06\/DSC0023-1536x1025.jpg 1536w, https:\/\/radioljubuski.ba\/wp-content\/uploads\/2023\/06\/DSC0023-2048x1367.jpg 2048w\" sizes=\"auto, (max-width: 1024px) 100vw, 1024px\" \/><\/figure>\n\n\n\n<figure class=\"wp-block-image size-large\"><img loading=\"lazy\" decoding=\"async\" width=\"1024\" height=\"683\" data-id=\"191896\" src=\"https:\/\/radioljubuski.ba\/wp-content\/uploads\/2023\/06\/DSC0024-1-1024x683.jpg\" alt=\"\" class=\"wp-image-191896\" srcset=\"https:\/\/radioljubuski.ba\/wp-content\/uploads\/2023\/06\/DSC0024-1-1024x683.jpg 1024w, https:\/\/radioljubuski.ba\/wp-content\/uploads\/2023\/06\/DSC0024-1-300x200.jpg 300w, https:\/\/radioljubuski.ba\/wp-content\/uploads\/2023\/06\/DSC0024-1-768x512.jpg 768w, https:\/\/radioljubuski.ba\/wp-content\/uploads\/2023\/06\/DSC0024-1-1536x1025.jpg 1536w, https:\/\/radioljubuski.ba\/wp-content\/uploads\/2023\/06\/DSC0024-1-2048x1367.jpg 2048w\" sizes=\"auto, (max-width: 1024px) 100vw, 1024px\" \/><\/figure>\n\n\n\n<figure class=\"wp-block-image size-large\"><img loading=\"lazy\" decoding=\"async\" width=\"1024\" height=\"683\" data-id=\"191857\" src=\"https:\/\/radioljubuski.ba\/wp-content\/uploads\/2023\/06\/DSC0025-1-1024x683.jpg\" alt=\"\" class=\"wp-image-191857\" srcset=\"https:\/\/radioljubuski.ba\/wp-content\/uploads\/2023\/06\/DSC0025-1-1024x683.jpg 1024w, https:\/\/radioljubuski.ba\/wp-content\/uploads\/2023\/06\/DSC0025-1-300x200.jpg 300w, https:\/\/radioljubuski.ba\/wp-content\/uploads\/2023\/06\/DSC0025-1-768x512.jpg 768w, https:\/\/radioljubuski.ba\/wp-content\/uploads\/2023\/06\/DSC0025-1-1536x1025.jpg 1536w, https:\/\/radioljubuski.ba\/wp-content\/uploads\/2023\/06\/DSC0025-1-2048x1367.jpg 2048w\" sizes=\"auto, (max-width: 1024px) 100vw, 1024px\" \/><\/figure>\n\n\n\n<figure class=\"wp-block-image size-large\"><img loading=\"lazy\" decoding=\"async\" width=\"1024\" height=\"683\" data-id=\"191903\" src=\"https:\/\/radioljubuski.ba\/wp-content\/uploads\/2023\/06\/DSC0026-1024x683.jpg\" alt=\"\" class=\"wp-image-191903\" srcset=\"https:\/\/radioljubuski.ba\/wp-content\/uploads\/2023\/06\/DSC0026-1024x683.jpg 1024w, https:\/\/radioljubuski.ba\/wp-content\/uploads\/2023\/06\/DSC0026-300x200.jpg 300w, https:\/\/radioljubuski.ba\/wp-content\/uploads\/2023\/06\/DSC0026-768x512.jpg 768w, https:\/\/radioljubuski.ba\/wp-content\/uploads\/2023\/06\/DSC0026-1536x1025.jpg 1536w, https:\/\/radioljubuski.ba\/wp-content\/uploads\/2023\/06\/DSC0026-2048x1367.jpg 2048w\" sizes=\"auto, (max-width: 1024px) 100vw, 1024px\" \/><\/figure>\n\n\n\n<figure class=\"wp-block-image size-large\"><img loading=\"lazy\" decoding=\"async\" width=\"1024\" height=\"683\" data-id=\"191904\" src=\"https:\/\/radioljubuski.ba\/wp-content\/uploads\/2023\/06\/DSC0027-1-1024x683.jpg\" alt=\"\" class=\"wp-image-191904\" srcset=\"https:\/\/radioljubuski.ba\/wp-content\/uploads\/2023\/06\/DSC0027-1-1024x683.jpg 1024w, https:\/\/radioljubuski.ba\/wp-content\/uploads\/2023\/06\/DSC0027-1-300x200.jpg 300w, https:\/\/radioljubuski.ba\/wp-content\/uploads\/2023\/06\/DSC0027-1-768x512.jpg 768w, https:\/\/radioljubuski.ba\/wp-content\/uploads\/2023\/06\/DSC0027-1-1536x1025.jpg 1536w, https:\/\/radioljubuski.ba\/wp-content\/uploads\/2023\/06\/DSC0027-1-2048x1367.jpg 2048w\" sizes=\"auto, (max-width: 1024px) 100vw, 1024px\" \/><\/figure>\n\n\n\n<figure class=\"wp-block-image size-large\"><img loading=\"lazy\" decoding=\"async\" width=\"1024\" height=\"683\" data-id=\"191910\" src=\"https:\/\/radioljubuski.ba\/wp-content\/uploads\/2023\/06\/DSC0028-1-1024x683.jpg\" alt=\"\" class=\"wp-image-191910\" srcset=\"https:\/\/radioljubuski.ba\/wp-content\/uploads\/2023\/06\/DSC0028-1-1024x683.jpg 1024w, https:\/\/radioljubuski.ba\/wp-content\/uploads\/2023\/06\/DSC0028-1-300x200.jpg 300w, https:\/\/radioljubuski.ba\/wp-content\/uploads\/2023\/06\/DSC0028-1-768x512.jpg 768w, https:\/\/radioljubuski.ba\/wp-content\/uploads\/2023\/06\/DSC0028-1-1536x1025.jpg 1536w, https:\/\/radioljubuski.ba\/wp-content\/uploads\/2023\/06\/DSC0028-1-2048x1367.jpg 2048w\" sizes=\"auto, (max-width: 1024px) 100vw, 1024px\" \/><\/figure>\n\n\n\n<figure class=\"wp-block-image size-large\"><img loading=\"lazy\" decoding=\"async\" width=\"1024\" height=\"683\" data-id=\"191871\" src=\"https:\/\/radioljubuski.ba\/wp-content\/uploads\/2023\/06\/DSC0030-1024x683.jpg\" alt=\"\" class=\"wp-image-191871\" srcset=\"https:\/\/radioljubuski.ba\/wp-content\/uploads\/2023\/06\/DSC0030-1024x683.jpg 1024w, https:\/\/radioljubuski.ba\/wp-content\/uploads\/2023\/06\/DSC0030-300x200.jpg 300w, https:\/\/radioljubuski.ba\/wp-content\/uploads\/2023\/06\/DSC0030-768x512.jpg 768w, https:\/\/radioljubuski.ba\/wp-content\/uploads\/2023\/06\/DSC0030-1536x1025.jpg 1536w, https:\/\/radioljubuski.ba\/wp-content\/uploads\/2023\/06\/DSC0030-2048x1367.jpg 2048w\" sizes=\"auto, (max-width: 1024px) 100vw, 1024px\" \/><\/figure>\n\n\n\n<figure class=\"wp-block-image size-large\"><img loading=\"lazy\" decoding=\"async\" width=\"1024\" height=\"683\" data-id=\"191852\" src=\"https:\/\/radioljubuski.ba\/wp-content\/uploads\/2023\/06\/DSC0031-1-1024x683.jpg\" alt=\"\" class=\"wp-image-191852\" srcset=\"https:\/\/radioljubuski.ba\/wp-content\/uploads\/2023\/06\/DSC0031-1-1024x683.jpg 1024w, https:\/\/radioljubuski.ba\/wp-content\/uploads\/2023\/06\/DSC0031-1-300x200.jpg 300w, https:\/\/radioljubuski.ba\/wp-content\/uploads\/2023\/06\/DSC0031-1-768x512.jpg 768w, https:\/\/radioljubuski.ba\/wp-content\/uploads\/2023\/06\/DSC0031-1-1536x1025.jpg 1536w, https:\/\/radioljubuski.ba\/wp-content\/uploads\/2023\/06\/DSC0031-1-2048x1367.jpg 2048w\" sizes=\"auto, (max-width: 1024px) 100vw, 1024px\" \/><\/figure>\n\n\n\n<figure class=\"wp-block-image size-large\"><img loading=\"lazy\" decoding=\"async\" width=\"1024\" height=\"683\" data-id=\"191900\" src=\"https:\/\/radioljubuski.ba\/wp-content\/uploads\/2023\/06\/DSC0032-1-1024x683.jpg\" alt=\"\" class=\"wp-image-191900\" srcset=\"https:\/\/radioljubuski.ba\/wp-content\/uploads\/2023\/06\/DSC0032-1-1024x683.jpg 1024w, https:\/\/radioljubuski.ba\/wp-content\/uploads\/2023\/06\/DSC0032-1-300x200.jpg 300w, https:\/\/radioljubuski.ba\/wp-content\/uploads\/2023\/06\/DSC0032-1-768x512.jpg 768w, https:\/\/radioljubuski.ba\/wp-content\/uploads\/2023\/06\/DSC0032-1-1536x1025.jpg 1536w, https:\/\/radioljubuski.ba\/wp-content\/uploads\/2023\/06\/DSC0032-1-2048x1367.jpg 2048w\" sizes=\"auto, (max-width: 1024px) 100vw, 1024px\" \/><\/figure>\n\n\n\n<figure class=\"wp-block-image size-large\"><img loading=\"lazy\" decoding=\"async\" width=\"1024\" height=\"683\" data-id=\"191902\" src=\"https:\/\/radioljubuski.ba\/wp-content\/uploads\/2023\/06\/DSC0033-1024x683.jpg\" alt=\"\" class=\"wp-image-191902\" srcset=\"https:\/\/radioljubuski.ba\/wp-content\/uploads\/2023\/06\/DSC0033-1024x683.jpg 1024w, https:\/\/radioljubuski.ba\/wp-content\/uploads\/2023\/06\/DSC0033-300x200.jpg 300w, https:\/\/radioljubuski.ba\/wp-content\/uploads\/2023\/06\/DSC0033-768x512.jpg 768w, https:\/\/radioljubuski.ba\/wp-content\/uploads\/2023\/06\/DSC0033-1536x1025.jpg 1536w, https:\/\/radioljubuski.ba\/wp-content\/uploads\/2023\/06\/DSC0033-2048x1367.jpg 2048w\" sizes=\"auto, (max-width: 1024px) 100vw, 1024px\" \/><\/figure>\n\n\n\n<figure class=\"wp-block-image size-large\"><img loading=\"lazy\" decoding=\"async\" width=\"1024\" height=\"683\" data-id=\"191909\" src=\"https:\/\/radioljubuski.ba\/wp-content\/uploads\/2023\/06\/DSC0034-1-1024x683.jpg\" alt=\"\" class=\"wp-image-191909\" srcset=\"https:\/\/radioljubuski.ba\/wp-content\/uploads\/2023\/06\/DSC0034-1-1024x683.jpg 1024w, https:\/\/radioljubuski.ba\/wp-content\/uploads\/2023\/06\/DSC0034-1-300x200.jpg 300w, https:\/\/radioljubuski.ba\/wp-content\/uploads\/2023\/06\/DSC0034-1-768x512.jpg 768w, https:\/\/radioljubuski.ba\/wp-content\/uploads\/2023\/06\/DSC0034-1-1536x1025.jpg 1536w, https:\/\/radioljubuski.ba\/wp-content\/uploads\/2023\/06\/DSC0034-1-2048x1367.jpg 2048w\" sizes=\"auto, (max-width: 1024px) 100vw, 1024px\" \/><\/figure>\n\n\n\n<figure class=\"wp-block-image size-large\"><img loading=\"lazy\" decoding=\"async\" width=\"1024\" height=\"683\" data-id=\"191905\" src=\"https:\/\/radioljubuski.ba\/wp-content\/uploads\/2023\/06\/DSC0035-1-1024x683.jpg\" alt=\"\" class=\"wp-image-191905\" srcset=\"https:\/\/radioljubuski.ba\/wp-content\/uploads\/2023\/06\/DSC0035-1-1024x683.jpg 1024w, https:\/\/radioljubuski.ba\/wp-content\/uploads\/2023\/06\/DSC0035-1-300x200.jpg 300w, https:\/\/radioljubuski.ba\/wp-content\/uploads\/2023\/06\/DSC0035-1-768x512.jpg 768w, https:\/\/radioljubuski.ba\/wp-content\/uploads\/2023\/06\/DSC0035-1-1536x1025.jpg 1536w, https:\/\/radioljubuski.ba\/wp-content\/uploads\/2023\/06\/DSC0035-1-2048x1367.jpg 2048w\" sizes=\"auto, (max-width: 1024px) 100vw, 1024px\" \/><\/figure>\n\n\n\n<figure class=\"wp-block-image size-large\"><img loading=\"lazy\" decoding=\"async\" width=\"1024\" height=\"683\" data-id=\"191881\" src=\"https:\/\/radioljubuski.ba\/wp-content\/uploads\/2023\/06\/DSC0036-1-1024x683.jpg\" alt=\"\" class=\"wp-image-191881\" srcset=\"https:\/\/radioljubuski.ba\/wp-content\/uploads\/2023\/06\/DSC0036-1-1024x683.jpg 1024w, https:\/\/radioljubuski.ba\/wp-content\/uploads\/2023\/06\/DSC0036-1-300x200.jpg 300w, https:\/\/radioljubuski.ba\/wp-content\/uploads\/2023\/06\/DSC0036-1-768x512.jpg 768w, https:\/\/radioljubuski.ba\/wp-content\/uploads\/2023\/06\/DSC0036-1-1536x1025.jpg 1536w, https:\/\/radioljubuski.ba\/wp-content\/uploads\/2023\/06\/DSC0036-1-2048x1367.jpg 2048w\" sizes=\"auto, (max-width: 1024px) 100vw, 1024px\" \/><\/figure>\n\n\n\n<figure class=\"wp-block-image size-large\"><img loading=\"lazy\" decoding=\"async\" width=\"1024\" height=\"683\" data-id=\"191895\" src=\"https:\/\/radioljubuski.ba\/wp-content\/uploads\/2023\/06\/DSC0038-3-1024x683.jpg\" alt=\"\" class=\"wp-image-191895\" srcset=\"https:\/\/radioljubuski.ba\/wp-content\/uploads\/2023\/06\/DSC0038-3-1024x683.jpg 1024w, https:\/\/radioljubuski.ba\/wp-content\/uploads\/2023\/06\/DSC0038-3-300x200.jpg 300w, https:\/\/radioljubuski.ba\/wp-content\/uploads\/2023\/06\/DSC0038-3-768x512.jpg 768w, https:\/\/radioljubuski.ba\/wp-content\/uploads\/2023\/06\/DSC0038-3-1536x1025.jpg 1536w, https:\/\/radioljubuski.ba\/wp-content\/uploads\/2023\/06\/DSC0038-3-2048x1367.jpg 2048w\" sizes=\"auto, (max-width: 1024px) 100vw, 1024px\" \/><\/figure>\n\n\n\n<figure class=\"wp-block-image size-large\"><img loading=\"lazy\" decoding=\"async\" width=\"1024\" height=\"683\" data-id=\"191908\" src=\"https:\/\/radioljubuski.ba\/wp-content\/uploads\/2023\/06\/DSC0039-1024x683.jpg\" alt=\"\" class=\"wp-image-191908\" srcset=\"https:\/\/radioljubuski.ba\/wp-content\/uploads\/2023\/06\/DSC0039-1024x683.jpg 1024w, https:\/\/radioljubuski.ba\/wp-content\/uploads\/2023\/06\/DSC0039-300x200.jpg 300w, https:\/\/radioljubuski.ba\/wp-content\/uploads\/2023\/06\/DSC0039-768x512.jpg 768w, https:\/\/radioljubuski.ba\/wp-content\/uploads\/2023\/06\/DSC0039-1536x1025.jpg 1536w, https:\/\/radioljubuski.ba\/wp-content\/uploads\/2023\/06\/DSC0039-2048x1367.jpg 2048w\" sizes=\"auto, (max-width: 1024px) 100vw, 1024px\" \/><\/figure>\n\n\n\n<figure class=\"wp-block-image size-large\"><img loading=\"lazy\" decoding=\"async\" width=\"1024\" height=\"683\" data-id=\"191859\" src=\"https:\/\/radioljubuski.ba\/wp-content\/uploads\/2023\/06\/IMG_3676-1024x683.jpg\" alt=\"\" class=\"wp-image-191859\" srcset=\"https:\/\/radioljubuski.ba\/wp-content\/uploads\/2023\/06\/IMG_3676-1024x683.jpg 1024w, https:\/\/radioljubuski.ba\/wp-content\/uploads\/2023\/06\/IMG_3676-300x200.jpg 300w, https:\/\/radioljubuski.ba\/wp-content\/uploads\/2023\/06\/IMG_3676-768x512.jpg 768w, https:\/\/radioljubuski.ba\/wp-content\/uploads\/2023\/06\/IMG_3676-1536x1024.jpg 1536w, https:\/\/radioljubuski.ba\/wp-content\/uploads\/2023\/06\/IMG_3676-2048x1365.jpg 2048w\" sizes=\"auto, (max-width: 1024px) 100vw, 1024px\" \/><\/figure>\n\n\n\n<figure class=\"wp-block-image size-large\"><img loading=\"lazy\" decoding=\"async\" width=\"1024\" height=\"683\" data-id=\"191874\" src=\"https:\/\/radioljubuski.ba\/wp-content\/uploads\/2023\/06\/IMG_3677-1024x683.jpg\" alt=\"\" class=\"wp-image-191874\" srcset=\"https:\/\/radioljubuski.ba\/wp-content\/uploads\/2023\/06\/IMG_3677-1024x683.jpg 1024w, https:\/\/radioljubuski.ba\/wp-content\/uploads\/2023\/06\/IMG_3677-300x200.jpg 300w, https:\/\/radioljubuski.ba\/wp-content\/uploads\/2023\/06\/IMG_3677-768x512.jpg 768w, https:\/\/radioljubuski.ba\/wp-content\/uploads\/2023\/06\/IMG_3677-1536x1024.jpg 1536w, https:\/\/radioljubuski.ba\/wp-content\/uploads\/2023\/06\/IMG_3677-2048x1365.jpg 2048w\" sizes=\"auto, (max-width: 1024px) 100vw, 1024px\" \/><\/figure>\n\n\n\n<figure class=\"wp-block-image size-large\"><img loading=\"lazy\" decoding=\"async\" width=\"1024\" height=\"683\" data-id=\"191875\" src=\"https:\/\/radioljubuski.ba\/wp-content\/uploads\/2023\/06\/IMG_3679-1024x683.jpg\" alt=\"\" class=\"wp-image-191875\" srcset=\"https:\/\/radioljubuski.ba\/wp-content\/uploads\/2023\/06\/IMG_3679-1024x683.jpg 1024w, https:\/\/radioljubuski.ba\/wp-content\/uploads\/2023\/06\/IMG_3679-300x200.jpg 300w, https:\/\/radioljubuski.ba\/wp-content\/uploads\/2023\/06\/IMG_3679-768x512.jpg 768w, https:\/\/radioljubuski.ba\/wp-content\/uploads\/2023\/06\/IMG_3679-1536x1024.jpg 1536w, https:\/\/radioljubuski.ba\/wp-content\/uploads\/2023\/06\/IMG_3679-2048x1365.jpg 2048w\" sizes=\"auto, (max-width: 1024px) 100vw, 1024px\" \/><\/figure>\n\n\n\n<figure class=\"wp-block-image size-large\"><img loading=\"lazy\" decoding=\"async\" width=\"1024\" height=\"683\" data-id=\"191880\" src=\"https:\/\/radioljubuski.ba\/wp-content\/uploads\/2023\/06\/IMG_3683-1024x683.jpg\" alt=\"\" class=\"wp-image-191880\" srcset=\"https:\/\/radioljubuski.ba\/wp-content\/uploads\/2023\/06\/IMG_3683-1024x683.jpg 1024w, https:\/\/radioljubuski.ba\/wp-content\/uploads\/2023\/06\/IMG_3683-300x200.jpg 300w, https:\/\/radioljubuski.ba\/wp-content\/uploads\/2023\/06\/IMG_3683-768x512.jpg 768w, https:\/\/radioljubuski.ba\/wp-content\/uploads\/2023\/06\/IMG_3683-1536x1024.jpg 1536w, https:\/\/radioljubuski.ba\/wp-content\/uploads\/2023\/06\/IMG_3683-2048x1365.jpg 2048w\" sizes=\"auto, (max-width: 1024px) 100vw, 1024px\" \/><\/figure>\n\n\n\n<figure class=\"wp-block-image size-large\"><img loading=\"lazy\" decoding=\"async\" width=\"1024\" height=\"683\" data-id=\"191892\" src=\"https:\/\/radioljubuski.ba\/wp-content\/uploads\/2023\/06\/IMG_3684-1024x683.jpg\" alt=\"\" class=\"wp-image-191892\" srcset=\"https:\/\/radioljubuski.ba\/wp-content\/uploads\/2023\/06\/IMG_3684-1024x683.jpg 1024w, https:\/\/radioljubuski.ba\/wp-content\/uploads\/2023\/06\/IMG_3684-300x200.jpg 300w, https:\/\/radioljubuski.ba\/wp-content\/uploads\/2023\/06\/IMG_3684-768x512.jpg 768w, https:\/\/radioljubuski.ba\/wp-content\/uploads\/2023\/06\/IMG_3684-1536x1024.jpg 1536w, https:\/\/radioljubuski.ba\/wp-content\/uploads\/2023\/06\/IMG_3684-2048x1365.jpg 2048w\" sizes=\"auto, (max-width: 1024px) 100vw, 1024px\" \/><\/figure>\n\n\n\n<figure class=\"wp-block-image size-large\"><img loading=\"lazy\" decoding=\"async\" width=\"1024\" height=\"683\" data-id=\"191872\" src=\"https:\/\/radioljubuski.ba\/wp-content\/uploads\/2023\/06\/IMG_3688-1024x683.jpg\" alt=\"\" class=\"wp-image-191872\" srcset=\"https:\/\/radioljubuski.ba\/wp-content\/uploads\/2023\/06\/IMG_3688-1024x683.jpg 1024w, https:\/\/radioljubuski.ba\/wp-content\/uploads\/2023\/06\/IMG_3688-300x200.jpg 300w, https:\/\/radioljubuski.ba\/wp-content\/uploads\/2023\/06\/IMG_3688-768x512.jpg 768w, https:\/\/radioljubuski.ba\/wp-content\/uploads\/2023\/06\/IMG_3688-1536x1024.jpg 1536w, https:\/\/radioljubuski.ba\/wp-content\/uploads\/2023\/06\/IMG_3688-2048x1365.jpg 2048w\" sizes=\"auto, (max-width: 1024px) 100vw, 1024px\" \/><\/figure>\n\n\n\n<figure class=\"wp-block-image size-large\"><img loading=\"lazy\" decoding=\"async\" width=\"1024\" height=\"683\" data-id=\"191860\" src=\"https:\/\/radioljubuski.ba\/wp-content\/uploads\/2023\/06\/IMG_3690-1024x683.jpg\" alt=\"\" class=\"wp-image-191860\" srcset=\"https:\/\/radioljubuski.ba\/wp-content\/uploads\/2023\/06\/IMG_3690-1024x683.jpg 1024w, https:\/\/radioljubuski.ba\/wp-content\/uploads\/2023\/06\/IMG_3690-300x200.jpg 300w, https:\/\/radioljubuski.ba\/wp-content\/uploads\/2023\/06\/IMG_3690-768x512.jpg 768w, https:\/\/radioljubuski.ba\/wp-content\/uploads\/2023\/06\/IMG_3690-1536x1024.jpg 1536w, https:\/\/radioljubuski.ba\/wp-content\/uploads\/2023\/06\/IMG_3690-2048x1365.jpg 2048w\" sizes=\"auto, (max-width: 1024px) 100vw, 1024px\" \/><\/figure>\n\n\n\n<figure class=\"wp-block-image size-large\"><img loading=\"lazy\" decoding=\"async\" width=\"1024\" height=\"683\" data-id=\"191865\" src=\"https:\/\/radioljubuski.ba\/wp-content\/uploads\/2023\/06\/IMG_3694-1024x683.jpg\" alt=\"\" class=\"wp-image-191865\" srcset=\"https:\/\/radioljubuski.ba\/wp-content\/uploads\/2023\/06\/IMG_3694-1024x683.jpg 1024w, https:\/\/radioljubuski.ba\/wp-content\/uploads\/2023\/06\/IMG_3694-300x200.jpg 300w, https:\/\/radioljubuski.ba\/wp-content\/uploads\/2023\/06\/IMG_3694-768x512.jpg 768w, https:\/\/radioljubuski.ba\/wp-content\/uploads\/2023\/06\/IMG_3694-1536x1024.jpg 1536w, https:\/\/radioljubuski.ba\/wp-content\/uploads\/2023\/06\/IMG_3694-2048x1365.jpg 2048w\" sizes=\"auto, (max-width: 1024px) 100vw, 1024px\" \/><\/figure>\n\n\n\n<figure class=\"wp-block-image size-large\"><img loading=\"lazy\" decoding=\"async\" width=\"1024\" height=\"683\" data-id=\"191861\" src=\"https:\/\/radioljubuski.ba\/wp-content\/uploads\/2023\/06\/IMG_3695-1024x683.jpg\" alt=\"\" class=\"wp-image-191861\" srcset=\"https:\/\/radioljubuski.ba\/wp-content\/uploads\/2023\/06\/IMG_3695-1024x683.jpg 1024w, https:\/\/radioljubuski.ba\/wp-content\/uploads\/2023\/06\/IMG_3695-300x200.jpg 300w, https:\/\/radioljubuski.ba\/wp-content\/uploads\/2023\/06\/IMG_3695-768x512.jpg 768w, https:\/\/radioljubuski.ba\/wp-content\/uploads\/2023\/06\/IMG_3695-1536x1024.jpg 1536w, https:\/\/radioljubuski.ba\/wp-content\/uploads\/2023\/06\/IMG_3695-2048x1365.jpg 2048w\" sizes=\"auto, (max-width: 1024px) 100vw, 1024px\" \/><\/figure>\n\n\n\n<figure class=\"wp-block-image size-large\"><img loading=\"lazy\" decoding=\"async\" width=\"1024\" height=\"683\" data-id=\"191848\" src=\"https:\/\/radioljubuski.ba\/wp-content\/uploads\/2023\/06\/IMG_3696-1024x683.jpg\" alt=\"\" class=\"wp-image-191848\" srcset=\"https:\/\/radioljubuski.ba\/wp-content\/uploads\/2023\/06\/IMG_3696-1024x683.jpg 1024w, https:\/\/radioljubuski.ba\/wp-content\/uploads\/2023\/06\/IMG_3696-300x200.jpg 300w, https:\/\/radioljubuski.ba\/wp-content\/uploads\/2023\/06\/IMG_3696-768x512.jpg 768w, https:\/\/radioljubuski.ba\/wp-content\/uploads\/2023\/06\/IMG_3696-1536x1024.jpg 1536w, https:\/\/radioljubuski.ba\/wp-content\/uploads\/2023\/06\/IMG_3696-2048x1365.jpg 2048w\" sizes=\"auto, (max-width: 1024px) 100vw, 1024px\" \/><\/figure>\n\n\n\n<figure class=\"wp-block-image size-large\"><img loading=\"lazy\" decoding=\"async\" width=\"1024\" height=\"683\" data-id=\"191851\" src=\"https:\/\/radioljubuski.ba\/wp-content\/uploads\/2023\/06\/IMG_3699-1024x683.jpg\" alt=\"\" class=\"wp-image-191851\" srcset=\"https:\/\/radioljubuski.ba\/wp-content\/uploads\/2023\/06\/IMG_3699-1024x683.jpg 1024w, https:\/\/radioljubuski.ba\/wp-content\/uploads\/2023\/06\/IMG_3699-300x200.jpg 300w, https:\/\/radioljubuski.ba\/wp-content\/uploads\/2023\/06\/IMG_3699-768x512.jpg 768w, https:\/\/radioljubuski.ba\/wp-content\/uploads\/2023\/06\/IMG_3699-1536x1024.jpg 1536w, https:\/\/radioljubuski.ba\/wp-content\/uploads\/2023\/06\/IMG_3699-2048x1365.jpg 2048w\" sizes=\"auto, (max-width: 1024px) 100vw, 1024px\" \/><\/figure>\n\n\n\n<figure class=\"wp-block-image size-large\"><img loading=\"lazy\" decoding=\"async\" width=\"1024\" height=\"683\" data-id=\"191847\" src=\"https:\/\/radioljubuski.ba\/wp-content\/uploads\/2023\/06\/IMG_3701-1024x683.jpg\" alt=\"\" class=\"wp-image-191847\" srcset=\"https:\/\/radioljubuski.ba\/wp-content\/uploads\/2023\/06\/IMG_3701-1024x683.jpg 1024w, https:\/\/radioljubuski.ba\/wp-content\/uploads\/2023\/06\/IMG_3701-300x200.jpg 300w, https:\/\/radioljubuski.ba\/wp-content\/uploads\/2023\/06\/IMG_3701-768x512.jpg 768w, https:\/\/radioljubuski.ba\/wp-content\/uploads\/2023\/06\/IMG_3701-1536x1024.jpg 1536w, https:\/\/radioljubuski.ba\/wp-content\/uploads\/2023\/06\/IMG_3701-2048x1365.jpg 2048w\" sizes=\"auto, (max-width: 1024px) 100vw, 1024px\" \/><\/figure>\n\n\n\n<figure class=\"wp-block-image size-large\"><img loading=\"lazy\" decoding=\"async\" width=\"1024\" height=\"683\" data-id=\"191869\" src=\"https:\/\/radioljubuski.ba\/wp-content\/uploads\/2023\/06\/IMG_3705-1024x683.jpg\" alt=\"\" class=\"wp-image-191869\" srcset=\"https:\/\/radioljubuski.ba\/wp-content\/uploads\/2023\/06\/IMG_3705-1024x683.jpg 1024w, https:\/\/radioljubuski.ba\/wp-content\/uploads\/2023\/06\/IMG_3705-300x200.jpg 300w, https:\/\/radioljubuski.ba\/wp-content\/uploads\/2023\/06\/IMG_3705-768x512.jpg 768w, https:\/\/radioljubuski.ba\/wp-content\/uploads\/2023\/06\/IMG_3705-1536x1024.jpg 1536w, https:\/\/radioljubuski.ba\/wp-content\/uploads\/2023\/06\/IMG_3705-2048x1365.jpg 2048w\" sizes=\"auto, (max-width: 1024px) 100vw, 1024px\" \/><\/figure>\n\n\n\n<figure class=\"wp-block-image size-large\"><img loading=\"lazy\" decoding=\"async\" width=\"1024\" height=\"683\" data-id=\"191870\" src=\"https:\/\/radioljubuski.ba\/wp-content\/uploads\/2023\/06\/IMG_3707-1024x683.jpg\" alt=\"\" class=\"wp-image-191870\" srcset=\"https:\/\/radioljubuski.ba\/wp-content\/uploads\/2023\/06\/IMG_3707-1024x683.jpg 1024w, https:\/\/radioljubuski.ba\/wp-content\/uploads\/2023\/06\/IMG_3707-300x200.jpg 300w, https:\/\/radioljubuski.ba\/wp-content\/uploads\/2023\/06\/IMG_3707-768x512.jpg 768w, https:\/\/radioljubuski.ba\/wp-content\/uploads\/2023\/06\/IMG_3707-1536x1024.jpg 1536w, https:\/\/radioljubuski.ba\/wp-content\/uploads\/2023\/06\/IMG_3707-2048x1365.jpg 2048w\" sizes=\"auto, (max-width: 1024px) 100vw, 1024px\" \/><\/figure>\n\n\n\n<figure class=\"wp-block-image size-large\"><img loading=\"lazy\" decoding=\"async\" width=\"1024\" height=\"683\" data-id=\"191849\" src=\"https:\/\/radioljubuski.ba\/wp-content\/uploads\/2023\/06\/IMG_3709-1024x683.jpg\" alt=\"\" class=\"wp-image-191849\" srcset=\"https:\/\/radioljubuski.ba\/wp-content\/uploads\/2023\/06\/IMG_3709-1024x683.jpg 1024w, https:\/\/radioljubuski.ba\/wp-content\/uploads\/2023\/06\/IMG_3709-300x200.jpg 300w, https:\/\/radioljubuski.ba\/wp-content\/uploads\/2023\/06\/IMG_3709-768x512.jpg 768w, https:\/\/radioljubuski.ba\/wp-content\/uploads\/2023\/06\/IMG_3709-1536x1024.jpg 1536w, https:\/\/radioljubuski.ba\/wp-content\/uploads\/2023\/06\/IMG_3709-2048x1365.jpg 2048w\" sizes=\"auto, (max-width: 1024px) 100vw, 1024px\" \/><\/figure>\n\n\n\n<figure class=\"wp-block-image size-large\"><img loading=\"lazy\" decoding=\"async\" width=\"1024\" height=\"683\" data-id=\"191853\" src=\"https:\/\/radioljubuski.ba\/wp-content\/uploads\/2023\/06\/IMG_3713-1024x683.jpg\" alt=\"\" class=\"wp-image-191853\" srcset=\"https:\/\/radioljubuski.ba\/wp-content\/uploads\/2023\/06\/IMG_3713-1024x683.jpg 1024w, https:\/\/radioljubuski.ba\/wp-content\/uploads\/2023\/06\/IMG_3713-300x200.jpg 300w, https:\/\/radioljubuski.ba\/wp-content\/uploads\/2023\/06\/IMG_3713-768x512.jpg 768w, https:\/\/radioljubuski.ba\/wp-content\/uploads\/2023\/06\/IMG_3713-1536x1024.jpg 1536w, https:\/\/radioljubuski.ba\/wp-content\/uploads\/2023\/06\/IMG_3713-2048x1365.jpg 2048w\" sizes=\"auto, (max-width: 1024px) 100vw, 1024px\" \/><\/figure>\n\n\n\n<figure class=\"wp-block-image size-large\"><img loading=\"lazy\" decoding=\"async\" width=\"1024\" height=\"683\" data-id=\"191866\" src=\"https:\/\/radioljubuski.ba\/wp-content\/uploads\/2023\/06\/IMG_3715-1024x683.jpg\" alt=\"\" class=\"wp-image-191866\" srcset=\"https:\/\/radioljubuski.ba\/wp-content\/uploads\/2023\/06\/IMG_3715-1024x683.jpg 1024w, https:\/\/radioljubuski.ba\/wp-content\/uploads\/2023\/06\/IMG_3715-300x200.jpg 300w, https:\/\/radioljubuski.ba\/wp-content\/uploads\/2023\/06\/IMG_3715-768x512.jpg 768w, https:\/\/radioljubuski.ba\/wp-content\/uploads\/2023\/06\/IMG_3715-1536x1024.jpg 1536w, https:\/\/radioljubuski.ba\/wp-content\/uploads\/2023\/06\/IMG_3715-2048x1365.jpg 2048w\" sizes=\"auto, (max-width: 1024px) 100vw, 1024px\" \/><\/figure>\n\n\n\n<figure class=\"wp-block-image size-large\"><img loading=\"lazy\" decoding=\"async\" width=\"1024\" height=\"683\" data-id=\"191854\" src=\"https:\/\/radioljubuski.ba\/wp-content\/uploads\/2023\/06\/IMG_3716-1024x683.jpg\" alt=\"\" class=\"wp-image-191854\" srcset=\"https:\/\/radioljubuski.ba\/wp-content\/uploads\/2023\/06\/IMG_3716-1024x683.jpg 1024w, https:\/\/radioljubuski.ba\/wp-content\/uploads\/2023\/06\/IMG_3716-300x200.jpg 300w, https:\/\/radioljubuski.ba\/wp-content\/uploads\/2023\/06\/IMG_3716-768x512.jpg 768w, https:\/\/radioljubuski.ba\/wp-content\/uploads\/2023\/06\/IMG_3716-1536x1024.jpg 1536w, https:\/\/radioljubuski.ba\/wp-content\/uploads\/2023\/06\/IMG_3716-2048x1365.jpg 2048w\" sizes=\"auto, (max-width: 1024px) 100vw, 1024px\" \/><\/figure>\n\n\n\n<figure class=\"wp-block-image size-large\"><img loading=\"lazy\" decoding=\"async\" width=\"1024\" height=\"683\" data-id=\"191873\" src=\"https:\/\/radioljubuski.ba\/wp-content\/uploads\/2023\/06\/IMG_3718-1024x683.jpg\" alt=\"\" class=\"wp-image-191873\" srcset=\"https:\/\/radioljubuski.ba\/wp-content\/uploads\/2023\/06\/IMG_3718-1024x683.jpg 1024w, https:\/\/radioljubuski.ba\/wp-content\/uploads\/2023\/06\/IMG_3718-300x200.jpg 300w, https:\/\/radioljubuski.ba\/wp-content\/uploads\/2023\/06\/IMG_3718-768x512.jpg 768w, https:\/\/radioljubuski.ba\/wp-content\/uploads\/2023\/06\/IMG_3718-1536x1024.jpg 1536w, https:\/\/radioljubuski.ba\/wp-content\/uploads\/2023\/06\/IMG_3718-2048x1365.jpg 2048w\" sizes=\"auto, (max-width: 1024px) 100vw, 1024px\" \/><\/figure>\n\n\n\n<figure class=\"wp-block-image size-large\"><img loading=\"lazy\" decoding=\"async\" width=\"1024\" height=\"683\" data-id=\"191878\" src=\"https:\/\/radioljubuski.ba\/wp-content\/uploads\/2023\/06\/IMG_3719-1024x683.jpg\" alt=\"\" class=\"wp-image-191878\" srcset=\"https:\/\/radioljubuski.ba\/wp-content\/uploads\/2023\/06\/IMG_3719-1024x683.jpg 1024w, https:\/\/radioljubuski.ba\/wp-content\/uploads\/2023\/06\/IMG_3719-300x200.jpg 300w, https:\/\/radioljubuski.ba\/wp-content\/uploads\/2023\/06\/IMG_3719-768x512.jpg 768w, https:\/\/radioljubuski.ba\/wp-content\/uploads\/2023\/06\/IMG_3719-1536x1024.jpg 1536w, https:\/\/radioljubuski.ba\/wp-content\/uploads\/2023\/06\/IMG_3719-2048x1365.jpg 2048w\" sizes=\"auto, (max-width: 1024px) 100vw, 1024px\" \/><\/figure>\n\n\n\n<figure class=\"wp-block-image size-large\"><img loading=\"lazy\" decoding=\"async\" width=\"1024\" height=\"683\" data-id=\"191856\" src=\"https:\/\/radioljubuski.ba\/wp-content\/uploads\/2023\/06\/IMG_3722-1024x683.jpg\" alt=\"\" class=\"wp-image-191856\" srcset=\"https:\/\/radioljubuski.ba\/wp-content\/uploads\/2023\/06\/IMG_3722-1024x683.jpg 1024w, https:\/\/radioljubuski.ba\/wp-content\/uploads\/2023\/06\/IMG_3722-300x200.jpg 300w, https:\/\/radioljubuski.ba\/wp-content\/uploads\/2023\/06\/IMG_3722-768x512.jpg 768w, https:\/\/radioljubuski.ba\/wp-content\/uploads\/2023\/06\/IMG_3722-1536x1024.jpg 1536w, https:\/\/radioljubuski.ba\/wp-content\/uploads\/2023\/06\/IMG_3722-2048x1365.jpg 2048w\" sizes=\"auto, (max-width: 1024px) 100vw, 1024px\" \/><\/figure>\n\n\n\n<figure class=\"wp-block-image size-large\"><img loading=\"lazy\" decoding=\"async\" width=\"1024\" height=\"683\" data-id=\"191867\" src=\"https:\/\/radioljubuski.ba\/wp-content\/uploads\/2023\/06\/IMG_3723-1024x683.jpg\" alt=\"\" class=\"wp-image-191867\" srcset=\"https:\/\/radioljubuski.ba\/wp-content\/uploads\/2023\/06\/IMG_3723-1024x683.jpg 1024w, https:\/\/radioljubuski.ba\/wp-content\/uploads\/2023\/06\/IMG_3723-300x200.jpg 300w, https:\/\/radioljubuski.ba\/wp-content\/uploads\/2023\/06\/IMG_3723-768x512.jpg 768w, https:\/\/radioljubuski.ba\/wp-content\/uploads\/2023\/06\/IMG_3723-1536x1024.jpg 1536w, https:\/\/radioljubuski.ba\/wp-content\/uploads\/2023\/06\/IMG_3723-2048x1365.jpg 2048w\" sizes=\"auto, (max-width: 1024px) 100vw, 1024px\" \/><\/figure>\n\n\n\n<figure class=\"wp-block-image size-large\"><img loading=\"lazy\" decoding=\"async\" width=\"1024\" height=\"683\" data-id=\"191863\" src=\"https:\/\/radioljubuski.ba\/wp-content\/uploads\/2023\/06\/IMG_3724-1024x683.jpg\" alt=\"\" class=\"wp-image-191863\" srcset=\"https:\/\/radioljubuski.ba\/wp-content\/uploads\/2023\/06\/IMG_3724-1024x683.jpg 1024w, https:\/\/radioljubuski.ba\/wp-content\/uploads\/2023\/06\/IMG_3724-300x200.jpg 300w, https:\/\/radioljubuski.ba\/wp-content\/uploads\/2023\/06\/IMG_3724-768x512.jpg 768w, https:\/\/radioljubuski.ba\/wp-content\/uploads\/2023\/06\/IMG_3724-1536x1024.jpg 1536w, https:\/\/radioljubuski.ba\/wp-content\/uploads\/2023\/06\/IMG_3724-2048x1365.jpg 2048w\" sizes=\"auto, (max-width: 1024px) 100vw, 1024px\" \/><\/figure>\n\n\n\n<figure class=\"wp-block-image size-large\"><img loading=\"lazy\" decoding=\"async\" width=\"1024\" height=\"683\" data-id=\"191862\" src=\"https:\/\/radioljubuski.ba\/wp-content\/uploads\/2023\/06\/IMG_3727-1024x683.jpg\" alt=\"\" class=\"wp-image-191862\" srcset=\"https:\/\/radioljubuski.ba\/wp-content\/uploads\/2023\/06\/IMG_3727-1024x683.jpg 1024w, https:\/\/radioljubuski.ba\/wp-content\/uploads\/2023\/06\/IMG_3727-300x200.jpg 300w, https:\/\/radioljubuski.ba\/wp-content\/uploads\/2023\/06\/IMG_3727-768x512.jpg 768w, https:\/\/radioljubuski.ba\/wp-content\/uploads\/2023\/06\/IMG_3727-1536x1024.jpg 1536w, https:\/\/radioljubuski.ba\/wp-content\/uploads\/2023\/06\/IMG_3727-2048x1365.jpg 2048w\" sizes=\"auto, (max-width: 1024px) 100vw, 1024px\" \/><\/figure>\n\n\n\n<figure class=\"wp-block-image size-large\"><img loading=\"lazy\" decoding=\"async\" width=\"1024\" height=\"683\" data-id=\"191868\" src=\"https:\/\/radioljubuski.ba\/wp-content\/uploads\/2023\/06\/IMG_3730-1024x683.jpg\" alt=\"\" class=\"wp-image-191868\" srcset=\"https:\/\/radioljubuski.ba\/wp-content\/uploads\/2023\/06\/IMG_3730-1024x683.jpg 1024w, https:\/\/radioljubuski.ba\/wp-content\/uploads\/2023\/06\/IMG_3730-300x200.jpg 300w, https:\/\/radioljubuski.ba\/wp-content\/uploads\/2023\/06\/IMG_3730-768x512.jpg 768w, https:\/\/radioljubuski.ba\/wp-content\/uploads\/2023\/06\/IMG_3730-1536x1024.jpg 1536w, https:\/\/radioljubuski.ba\/wp-content\/uploads\/2023\/06\/IMG_3730-2048x1365.jpg 2048w\" sizes=\"auto, (max-width: 1024px) 100vw, 1024px\" \/><\/figure>\n\n\n\n<figure class=\"wp-block-image size-large\"><img loading=\"lazy\" decoding=\"async\" width=\"1024\" height=\"683\" data-id=\"191879\" src=\"https:\/\/radioljubuski.ba\/wp-content\/uploads\/2023\/06\/IMG_3731-1024x683.jpg\" alt=\"\" class=\"wp-image-191879\" srcset=\"https:\/\/radioljubuski.ba\/wp-content\/uploads\/2023\/06\/IMG_3731-1024x683.jpg 1024w, https:\/\/radioljubuski.ba\/wp-content\/uploads\/2023\/06\/IMG_3731-300x200.jpg 300w, https:\/\/radioljubuski.ba\/wp-content\/uploads\/2023\/06\/IMG_3731-768x512.jpg 768w, https:\/\/radioljubuski.ba\/wp-content\/uploads\/2023\/06\/IMG_3731-1536x1024.jpg 1536w, https:\/\/radioljubuski.ba\/wp-content\/uploads\/2023\/06\/IMG_3731-2048x1365.jpg 2048w\" sizes=\"auto, (max-width: 1024px) 100vw, 1024px\" \/><\/figure>\n\n\n\n<figure class=\"wp-block-image size-large\"><img loading=\"lazy\" decoding=\"async\" width=\"1024\" height=\"683\" data-id=\"191876\" src=\"https:\/\/radioljubuski.ba\/wp-content\/uploads\/2023\/06\/IMG_3735-1024x683.jpg\" alt=\"\" class=\"wp-image-191876\" srcset=\"https:\/\/radioljubuski.ba\/wp-content\/uploads\/2023\/06\/IMG_3735-1024x683.jpg 1024w, https:\/\/radioljubuski.ba\/wp-content\/uploads\/2023\/06\/IMG_3735-300x200.jpg 300w, https:\/\/radioljubuski.ba\/wp-content\/uploads\/2023\/06\/IMG_3735-768x512.jpg 768w, https:\/\/radioljubuski.ba\/wp-content\/uploads\/2023\/06\/IMG_3735-1536x1024.jpg 1536w, https:\/\/radioljubuski.ba\/wp-content\/uploads\/2023\/06\/IMG_3735-2048x1365.jpg 2048w\" sizes=\"auto, (max-width: 1024px) 100vw, 1024px\" \/><\/figure>\n\n\n\n<figure class=\"wp-block-image size-large\"><img loading=\"lazy\" decoding=\"async\" width=\"1024\" height=\"683\" data-id=\"191906\" src=\"https:\/\/radioljubuski.ba\/wp-content\/uploads\/2023\/06\/IMG_3736-1024x683.jpg\" alt=\"\" class=\"wp-image-191906\" srcset=\"https:\/\/radioljubuski.ba\/wp-content\/uploads\/2023\/06\/IMG_3736-1024x683.jpg 1024w, https:\/\/radioljubuski.ba\/wp-content\/uploads\/2023\/06\/IMG_3736-300x200.jpg 300w, https:\/\/radioljubuski.ba\/wp-content\/uploads\/2023\/06\/IMG_3736-768x512.jpg 768w, https:\/\/radioljubuski.ba\/wp-content\/uploads\/2023\/06\/IMG_3736-1536x1024.jpg 1536w, https:\/\/radioljubuski.ba\/wp-content\/uploads\/2023\/06\/IMG_3736-2048x1365.jpg 2048w\" sizes=\"auto, (max-width: 1024px) 100vw, 1024px\" \/><\/figure>\n<\/figure>\n\n\n\n<figure class=\"wp-block-gallery has-nested-images columns-default is-cropped wp-block-gallery-2 is-layout-flex wp-block-gallery-is-layout-flex\">\n<figure class=\"wp-block-image size-large\"><img loading=\"lazy\" decoding=\"async\" width=\"683\" height=\"1024\" data-id=\"191911\" src=\"https:\/\/radioljubuski.ba\/wp-content\/uploads\/2023\/06\/IMG_3691-683x1024.jpg\" alt=\"\" class=\"wp-image-191911\" srcset=\"https:\/\/radioljubuski.ba\/wp-content\/uploads\/2023\/06\/IMG_3691-683x1024.jpg 683w, https:\/\/radioljubuski.ba\/wp-content\/uploads\/2023\/06\/IMG_3691-200x300.jpg 200w, https:\/\/radioljubuski.ba\/wp-content\/uploads\/2023\/06\/IMG_3691-768x1152.jpg 768w, https:\/\/radioljubuski.ba\/wp-content\/uploads\/2023\/06\/IMG_3691-1024x1536.jpg 1024w, https:\/\/radioljubuski.ba\/wp-content\/uploads\/2023\/06\/IMG_3691-1365x2048.jpg 1365w, https:\/\/radioljubuski.ba\/wp-content\/uploads\/2023\/06\/IMG_3691-scaled.jpg 1707w\" sizes=\"auto, (max-width: 683px) 100vw, 683px\" \/><\/figure>\n\n\n\n<figure class=\"wp-block-image size-large\"><img loading=\"lazy\" decoding=\"async\" width=\"683\" height=\"1024\" data-id=\"191912\" src=\"https:\/\/radioljubuski.ba\/wp-content\/uploads\/2023\/06\/IMG_3692-683x1024.jpg\" alt=\"\" class=\"wp-image-191912\" srcset=\"https:\/\/radioljubuski.ba\/wp-content\/uploads\/2023\/06\/IMG_3692-683x1024.jpg 683w, https:\/\/radioljubuski.ba\/wp-content\/uploads\/2023\/06\/IMG_3692-200x300.jpg 200w, https:\/\/radioljubuski.ba\/wp-content\/uploads\/2023\/06\/IMG_3692-768x1152.jpg 768w, https:\/\/radioljubuski.ba\/wp-content\/uploads\/2023\/06\/IMG_3692-1024x1536.jpg 1024w, https:\/\/radioljubuski.ba\/wp-content\/uploads\/2023\/06\/IMG_3692-1365x2048.jpg 1365w, https:\/\/radioljubuski.ba\/wp-content\/uploads\/2023\/06\/IMG_3692-scaled.jpg 1707w\" sizes=\"auto, (max-width: 683px) 100vw, 683px\" \/><\/figure>\n\n\n\n<figure class=\"wp-block-image size-large\"><img loading=\"lazy\" decoding=\"async\" width=\"683\" height=\"1024\" data-id=\"191913\" src=\"https:\/\/radioljubuski.ba\/wp-content\/uploads\/2023\/06\/IMG_3693-683x1024.jpg\" alt=\"\" class=\"wp-image-191913\" srcset=\"https:\/\/radioljubuski.ba\/wp-content\/uploads\/2023\/06\/IMG_3693-683x1024.jpg 683w, https:\/\/radioljubuski.ba\/wp-content\/uploads\/2023\/06\/IMG_3693-200x300.jpg 200w, https:\/\/radioljubuski.ba\/wp-content\/uploads\/2023\/06\/IMG_3693-768x1152.jpg 768w, https:\/\/radioljubuski.ba\/wp-content\/uploads\/2023\/06\/IMG_3693-1024x1536.jpg 1024w, https:\/\/radioljubuski.ba\/wp-content\/uploads\/2023\/06\/IMG_3693-1365x2048.jpg 1365w, https:\/\/radioljubuski.ba\/wp-content\/uploads\/2023\/06\/IMG_3693-scaled.jpg 1707w\" sizes=\"auto, (max-width: 683px) 100vw, 683px\" \/><\/figure>\n<\/figure>\n\n\n\n<p>Radio Ljubu\u0161ki<\/p>\n","protected":false},"excerpt":{"rendered":"<p>\u017dupa Humac danas je proslavila nebeskog za\u0161titnika \u017eupe, crkve i samostana sv. Antuna Padovanskog. Sve\u010dano sredi\u0161nje misno slavlje u 11 sati prevodio je fra Jozo Grbe\u0161 provincijal Hercegova\u010dke franjeva\u010dke provincije uz koncelebraciju ve\u0107eg broja sve\u0107enika. Proslava blagdana zapo\u010dela je slu\u017eenjem svetih misa u 5, 6, 7, 8 i 9 sati ujutro, dok je najve\u0107i broj [&hellip;]<\/p>\n","protected":false},"author":2,"featured_media":191916,"comment_status":"closed","ping_status":"closed","sticky":false,"template":"","format":"standard","meta":{"h5ap_radio_sources":[],"footnotes":""},"categories":[28],"tags":[],"class_list":["post-191846","post","type-post","status-publish","format-standard","has-post-thumbnail","hentry","category-novosti"],"yoast_head":"<!-- This site is optimized with the Yoast SEO plugin v27.5 - https:\/\/yoast.com\/product\/yoast-seo-wordpress\/ -->\n<title>Foto: Proslava svetkovine sv. Ante na Humcu - RADIO LJUBU\u0160KI<\/title>\n<meta name=\"robots\" content=\"index, follow, max-snippet:-1, max-image-preview:large, max-video-preview:-1\" \/>\n<link rel=\"canonical\" href=\"https:\/\/radioljubuski.ba\/index.php\/2023\/06\/13\/foto-proslava-svetkovine-sv-ante-na-humcu\/\" \/>\n<meta property=\"og:locale\" content=\"hr_HR\" \/>\n<meta property=\"og:type\" content=\"article\" \/>\n<meta property=\"og:title\" content=\"Foto: Proslava svetkovine sv. Ante na Humcu - RADIO LJUBU\u0160KI\" \/>\n<meta property=\"og:description\" content=\"\u017dupa Humac danas je proslavila nebeskog za\u0161titnika \u017eupe, crkve i samostana sv. Antuna Padovanskog. Sve\u010dano sredi\u0161nje misno slavlje u 11 sati prevodio je fra Jozo Grbe\u0161 provincijal Hercegova\u010dke franjeva\u010dke provincije uz koncelebraciju ve\u0107eg broja sve\u0107enika. Proslava blagdana zapo\u010dela je slu\u017eenjem svetih misa u 5, 6, 7, 8 i 9 sati ujutro, dok je najve\u0107i broj [&hellip;]\" \/>\n<meta property=\"og:url\" content=\"https:\/\/radioljubuski.ba\/index.php\/2023\/06\/13\/foto-proslava-svetkovine-sv-ante-na-humcu\/\" \/>\n<meta property=\"og:site_name\" content=\"RADIO LJUBU\u0160KI\" \/>\n<meta property=\"article:publisher\" content=\"https:\/\/www.facebook.com\/Radiio-Ljubuski-1490835324566332\" \/>\n<meta property=\"article:published_time\" content=\"2023-06-13T11:32:47+00:00\" \/>\n<meta property=\"article:modified_time\" content=\"2024-06-13T08:27:12+00:00\" \/>\n<meta property=\"og:image\" content=\"https:\/\/radioljubuski.ba\/wp-content\/uploads\/2023\/06\/naslovna-fotogafija-scaled.jpg\" \/>\n\t<meta property=\"og:image:width\" content=\"2560\" \/>\n\t<meta property=\"og:image:height\" content=\"1708\" \/>\n\t<meta property=\"og:image:type\" content=\"image\/jpeg\" \/>\n<meta name=\"author\" content=\"Radio Ljubu\u0161ki\" \/>\n<meta name=\"twitter:card\" content=\"summary_large_image\" \/>\n<meta name=\"twitter:creator\" content=\"@radioljubuski\" \/>\n<meta name=\"twitter:site\" content=\"@radioljubuski\" \/>\n<meta name=\"twitter:label1\" content=\"Napisao\/la\" \/>\n\t<meta name=\"twitter:data1\" content=\"Radio Ljubu\u0161ki\" \/>\n\t<meta name=\"twitter:label2\" content=\"Procijenjeno vrijeme \u010ditanja\" \/>\n\t<meta name=\"twitter:data2\" content=\"19 minuta\" \/>\n<script type=\"application\/ld+json\" class=\"yoast-schema-graph\">{\"@context\":\"https:\\\/\\\/schema.org\",\"@graph\":[{\"@type\":\"Article\",\"@id\":\"https:\\\/\\\/radioljubuski.ba\\\/index.php\\\/2023\\\/06\\\/13\\\/foto-proslava-svetkovine-sv-ante-na-humcu\\\/#article\",\"isPartOf\":{\"@id\":\"https:\\\/\\\/radioljubuski.ba\\\/index.php\\\/2023\\\/06\\\/13\\\/foto-proslava-svetkovine-sv-ante-na-humcu\\\/\"},\"author\":{\"name\":\"Radio Ljubu\u0161ki\",\"@id\":\"https:\\\/\\\/radioljubuski.ba\\\/#\\\/schema\\\/person\\\/19fc700381a780f69665d7956c469e3b\"},\"headline\":\"Foto: Proslava svetkovine sv. Ante na Humcu\",\"datePublished\":\"2023-06-13T11:32:47+00:00\",\"dateModified\":\"2024-06-13T08:27:12+00:00\",\"mainEntityOfPage\":{\"@id\":\"https:\\\/\\\/radioljubuski.ba\\\/index.php\\\/2023\\\/06\\\/13\\\/foto-proslava-svetkovine-sv-ante-na-humcu\\\/\"},\"wordCount\":1259,\"publisher\":{\"@id\":\"https:\\\/\\\/radioljubuski.ba\\\/#organization\"},\"image\":{\"@id\":\"https:\\\/\\\/radioljubuski.ba\\\/index.php\\\/2023\\\/06\\\/13\\\/foto-proslava-svetkovine-sv-ante-na-humcu\\\/#primaryimage\"},\"thumbnailUrl\":\"https:\\\/\\\/radioljubuski.ba\\\/wp-content\\\/uploads\\\/2023\\\/06\\\/naslovna-fotogafija-scaled.jpg\",\"articleSection\":[\"Novosti\"],\"inLanguage\":\"hr\"},{\"@type\":\"WebPage\",\"@id\":\"https:\\\/\\\/radioljubuski.ba\\\/index.php\\\/2023\\\/06\\\/13\\\/foto-proslava-svetkovine-sv-ante-na-humcu\\\/\",\"url\":\"https:\\\/\\\/radioljubuski.ba\\\/index.php\\\/2023\\\/06\\\/13\\\/foto-proslava-svetkovine-sv-ante-na-humcu\\\/\",\"name\":\"Foto: Proslava svetkovine sv. Ante na Humcu - RADIO LJUBU\u0160KI\",\"isPartOf\":{\"@id\":\"https:\\\/\\\/radioljubuski.ba\\\/#website\"},\"primaryImageOfPage\":{\"@id\":\"https:\\\/\\\/radioljubuski.ba\\\/index.php\\\/2023\\\/06\\\/13\\\/foto-proslava-svetkovine-sv-ante-na-humcu\\\/#primaryimage\"},\"image\":{\"@id\":\"https:\\\/\\\/radioljubuski.ba\\\/index.php\\\/2023\\\/06\\\/13\\\/foto-proslava-svetkovine-sv-ante-na-humcu\\\/#primaryimage\"},\"thumbnailUrl\":\"https:\\\/\\\/radioljubuski.ba\\\/wp-content\\\/uploads\\\/2023\\\/06\\\/naslovna-fotogafija-scaled.jpg\",\"datePublished\":\"2023-06-13T11:32:47+00:00\",\"dateModified\":\"2024-06-13T08:27:12+00:00\",\"breadcrumb\":{\"@id\":\"https:\\\/\\\/radioljubuski.ba\\\/index.php\\\/2023\\\/06\\\/13\\\/foto-proslava-svetkovine-sv-ante-na-humcu\\\/#breadcrumb\"},\"inLanguage\":\"hr\",\"potentialAction\":[{\"@type\":\"ReadAction\",\"target\":[\"https:\\\/\\\/radioljubuski.ba\\\/index.php\\\/2023\\\/06\\\/13\\\/foto-proslava-svetkovine-sv-ante-na-humcu\\\/\"]}]},{\"@type\":\"ImageObject\",\"inLanguage\":\"hr\",\"@id\":\"https:\\\/\\\/radioljubuski.ba\\\/index.php\\\/2023\\\/06\\\/13\\\/foto-proslava-svetkovine-sv-ante-na-humcu\\\/#primaryimage\",\"url\":\"https:\\\/\\\/radioljubuski.ba\\\/wp-content\\\/uploads\\\/2023\\\/06\\\/naslovna-fotogafija-scaled.jpg\",\"contentUrl\":\"https:\\\/\\\/radioljubuski.ba\\\/wp-content\\\/uploads\\\/2023\\\/06\\\/naslovna-fotogafija-scaled.jpg\",\"width\":2560,\"height\":1708},{\"@type\":\"BreadcrumbList\",\"@id\":\"https:\\\/\\\/radioljubuski.ba\\\/index.php\\\/2023\\\/06\\\/13\\\/foto-proslava-svetkovine-sv-ante-na-humcu\\\/#breadcrumb\",\"itemListElement\":[{\"@type\":\"ListItem\",\"position\":1,\"name\":\"Po\u010detna stranica\",\"item\":\"https:\\\/\\\/radioljubuski.ba\\\/\"},{\"@type\":\"ListItem\",\"position\":2,\"name\":\"Foto: Proslava svetkovine sv. Ante na Humcu\"}]},{\"@type\":\"WebSite\",\"@id\":\"https:\\\/\\\/radioljubuski.ba\\\/#website\",\"url\":\"https:\\\/\\\/radioljubuski.ba\\\/\",\"name\":\"Radio Ljubu\u0161ki\",\"description\":\"Sun\u010dana frekvencija Hercegovine\",\"publisher\":{\"@id\":\"https:\\\/\\\/radioljubuski.ba\\\/#organization\"},\"potentialAction\":[{\"@type\":\"SearchAction\",\"target\":{\"@type\":\"EntryPoint\",\"urlTemplate\":\"https:\\\/\\\/radioljubuski.ba\\\/?s={search_term_string}\"},\"query-input\":{\"@type\":\"PropertyValueSpecification\",\"valueRequired\":true,\"valueName\":\"search_term_string\"}}],\"inLanguage\":\"hr\"},{\"@type\":\"Organization\",\"@id\":\"https:\\\/\\\/radioljubuski.ba\\\/#organization\",\"name\":\"Radio Ljubu\u0161ki\",\"url\":\"https:\\\/\\\/radioljubuski.ba\\\/\",\"logo\":{\"@type\":\"ImageObject\",\"inLanguage\":\"hr\",\"@id\":\"https:\\\/\\\/radioljubuski.ba\\\/#\\\/schema\\\/logo\\\/image\\\/\",\"url\":\"https:\\\/\\\/radioljubuski.ba\\\/wp-content\\\/uploads\\\/2021\\\/02\\\/cropped-Radio_Ljubuski_logo1.jpg\",\"contentUrl\":\"https:\\\/\\\/radioljubuski.ba\\\/wp-content\\\/uploads\\\/2021\\\/02\\\/cropped-Radio_Ljubuski_logo1.jpg\",\"width\":512,\"height\":512,\"caption\":\"Radio Ljubu\u0161ki\"},\"image\":{\"@id\":\"https:\\\/\\\/radioljubuski.ba\\\/#\\\/schema\\\/logo\\\/image\\\/\"},\"sameAs\":[\"https:\\\/\\\/www.facebook.com\\\/Radiio-Ljubuski-1490835324566332\",\"https:\\\/\\\/x.com\\\/radioljubuski\",\"https:\\\/\\\/hr.linkedin.com\\\/company\\\/radio-ljubuski\",\"https:\\\/\\\/www.youtube.com\\\/channel\\\/UCHYaeO_n0Db3tjNGudGpXyw\"]},{\"@type\":\"Person\",\"@id\":\"https:\\\/\\\/radioljubuski.ba\\\/#\\\/schema\\\/person\\\/19fc700381a780f69665d7956c469e3b\",\"name\":\"Radio Ljubu\u0161ki\"}]}<\/script>\n<!-- \/ Yoast SEO plugin. -->","yoast_head_json":{"title":"Foto: Proslava svetkovine sv. Ante na Humcu - RADIO LJUBU\u0160KI","robots":{"index":"index","follow":"follow","max-snippet":"max-snippet:-1","max-image-preview":"max-image-preview:large","max-video-preview":"max-video-preview:-1"},"canonical":"https:\/\/radioljubuski.ba\/index.php\/2023\/06\/13\/foto-proslava-svetkovine-sv-ante-na-humcu\/","og_locale":"hr_HR","og_type":"article","og_title":"Foto: Proslava svetkovine sv. Ante na Humcu - RADIO LJUBU\u0160KI","og_description":"\u017dupa Humac danas je proslavila nebeskog za\u0161titnika \u017eupe, crkve i samostana sv. Antuna Padovanskog. Sve\u010dano sredi\u0161nje misno slavlje u 11 sati prevodio je fra Jozo Grbe\u0161 provincijal Hercegova\u010dke franjeva\u010dke provincije uz koncelebraciju ve\u0107eg broja sve\u0107enika. Proslava blagdana zapo\u010dela je slu\u017eenjem svetih misa u 5, 6, 7, 8 i 9 sati ujutro, dok je najve\u0107i broj [&hellip;]","og_url":"https:\/\/radioljubuski.ba\/index.php\/2023\/06\/13\/foto-proslava-svetkovine-sv-ante-na-humcu\/","og_site_name":"RADIO LJUBU\u0160KI","article_publisher":"https:\/\/www.facebook.com\/Radiio-Ljubuski-1490835324566332","article_published_time":"2023-06-13T11:32:47+00:00","article_modified_time":"2024-06-13T08:27:12+00:00","og_image":[{"width":2560,"height":1708,"url":"https:\/\/radioljubuski.ba\/wp-content\/uploads\/2023\/06\/naslovna-fotogafija-scaled.jpg","type":"image\/jpeg"}],"author":"Radio Ljubu\u0161ki","twitter_card":"summary_large_image","twitter_creator":"@radioljubuski","twitter_site":"@radioljubuski","twitter_misc":{"Napisao\/la":"Radio Ljubu\u0161ki","Procijenjeno vrijeme \u010ditanja":"19 minuta"},"schema":{"@context":"https:\/\/schema.org","@graph":[{"@type":"Article","@id":"https:\/\/radioljubuski.ba\/index.php\/2023\/06\/13\/foto-proslava-svetkovine-sv-ante-na-humcu\/#article","isPartOf":{"@id":"https:\/\/radioljubuski.ba\/index.php\/2023\/06\/13\/foto-proslava-svetkovine-sv-ante-na-humcu\/"},"author":{"name":"Radio Ljubu\u0161ki","@id":"https:\/\/radioljubuski.ba\/#\/schema\/person\/19fc700381a780f69665d7956c469e3b"},"headline":"Foto: Proslava svetkovine sv. Ante na Humcu","datePublished":"2023-06-13T11:32:47+00:00","dateModified":"2024-06-13T08:27:12+00:00","mainEntityOfPage":{"@id":"https:\/\/radioljubuski.ba\/index.php\/2023\/06\/13\/foto-proslava-svetkovine-sv-ante-na-humcu\/"},"wordCount":1259,"publisher":{"@id":"https:\/\/radioljubuski.ba\/#organization"},"image":{"@id":"https:\/\/radioljubuski.ba\/index.php\/2023\/06\/13\/foto-proslava-svetkovine-sv-ante-na-humcu\/#primaryimage"},"thumbnailUrl":"https:\/\/radioljubuski.ba\/wp-content\/uploads\/2023\/06\/naslovna-fotogafija-scaled.jpg","articleSection":["Novosti"],"inLanguage":"hr"},{"@type":"WebPage","@id":"https:\/\/radioljubuski.ba\/index.php\/2023\/06\/13\/foto-proslava-svetkovine-sv-ante-na-humcu\/","url":"https:\/\/radioljubuski.ba\/index.php\/2023\/06\/13\/foto-proslava-svetkovine-sv-ante-na-humcu\/","name":"Foto: Proslava svetkovine sv. Ante na Humcu - RADIO LJUBU\u0160KI","isPartOf":{"@id":"https:\/\/radioljubuski.ba\/#website"},"primaryImageOfPage":{"@id":"https:\/\/radioljubuski.ba\/index.php\/2023\/06\/13\/foto-proslava-svetkovine-sv-ante-na-humcu\/#primaryimage"},"image":{"@id":"https:\/\/radioljubuski.ba\/index.php\/2023\/06\/13\/foto-proslava-svetkovine-sv-ante-na-humcu\/#primaryimage"},"thumbnailUrl":"https:\/\/radioljubuski.ba\/wp-content\/uploads\/2023\/06\/naslovna-fotogafija-scaled.jpg","datePublished":"2023-06-13T11:32:47+00:00","dateModified":"2024-06-13T08:27:12+00:00","breadcrumb":{"@id":"https:\/\/radioljubuski.ba\/index.php\/2023\/06\/13\/foto-proslava-svetkovine-sv-ante-na-humcu\/#breadcrumb"},"inLanguage":"hr","potentialAction":[{"@type":"ReadAction","target":["https:\/\/radioljubuski.ba\/index.php\/2023\/06\/13\/foto-proslava-svetkovine-sv-ante-na-humcu\/"]}]},{"@type":"ImageObject","inLanguage":"hr","@id":"https:\/\/radioljubuski.ba\/index.php\/2023\/06\/13\/foto-proslava-svetkovine-sv-ante-na-humcu\/#primaryimage","url":"https:\/\/radioljubuski.ba\/wp-content\/uploads\/2023\/06\/naslovna-fotogafija-scaled.jpg","contentUrl":"https:\/\/radioljubuski.ba\/wp-content\/uploads\/2023\/06\/naslovna-fotogafija-scaled.jpg","width":2560,"height":1708},{"@type":"BreadcrumbList","@id":"https:\/\/radioljubuski.ba\/index.php\/2023\/06\/13\/foto-proslava-svetkovine-sv-ante-na-humcu\/#breadcrumb","itemListElement":[{"@type":"ListItem","position":1,"name":"Po\u010detna stranica","item":"https:\/\/radioljubuski.ba\/"},{"@type":"ListItem","position":2,"name":"Foto: Proslava svetkovine sv. Ante na Humcu"}]},{"@type":"WebSite","@id":"https:\/\/radioljubuski.ba\/#website","url":"https:\/\/radioljubuski.ba\/","name":"Radio Ljubu\u0161ki","description":"Sun\u010dana frekvencija Hercegovine","publisher":{"@id":"https:\/\/radioljubuski.ba\/#organization"},"potentialAction":[{"@type":"SearchAction","target":{"@type":"EntryPoint","urlTemplate":"https:\/\/radioljubuski.ba\/?s={search_term_string}"},"query-input":{"@type":"PropertyValueSpecification","valueRequired":true,"valueName":"search_term_string"}}],"inLanguage":"hr"},{"@type":"Organization","@id":"https:\/\/radioljubuski.ba\/#organization","name":"Radio Ljubu\u0161ki","url":"https:\/\/radioljubuski.ba\/","logo":{"@type":"ImageObject","inLanguage":"hr","@id":"https:\/\/radioljubuski.ba\/#\/schema\/logo\/image\/","url":"https:\/\/radioljubuski.ba\/wp-content\/uploads\/2021\/02\/cropped-Radio_Ljubuski_logo1.jpg","contentUrl":"https:\/\/radioljubuski.ba\/wp-content\/uploads\/2021\/02\/cropped-Radio_Ljubuski_logo1.jpg","width":512,"height":512,"caption":"Radio Ljubu\u0161ki"},"image":{"@id":"https:\/\/radioljubuski.ba\/#\/schema\/logo\/image\/"},"sameAs":["https:\/\/www.facebook.com\/Radiio-Ljubuski-1490835324566332","https:\/\/x.com\/radioljubuski","https:\/\/hr.linkedin.com\/company\/radio-ljubuski","https:\/\/www.youtube.com\/channel\/UCHYaeO_n0Db3tjNGudGpXyw"]},{"@type":"Person","@id":"https:\/\/radioljubuski.ba\/#\/schema\/person\/19fc700381a780f69665d7956c469e3b","name":"Radio Ljubu\u0161ki"}]}},"_links":{"self":[{"href":"https:\/\/radioljubuski.ba\/index.php\/wp-json\/wp\/v2\/posts\/191846","targetHints":{"allow":["GET"]}}],"collection":[{"href":"https:\/\/radioljubuski.ba\/index.php\/wp-json\/wp\/v2\/posts"}],"about":[{"href":"https:\/\/radioljubuski.ba\/index.php\/wp-json\/wp\/v2\/types\/post"}],"author":[{"embeddable":true,"href":"https:\/\/radioljubuski.ba\/index.php\/wp-json\/wp\/v2\/users\/2"}],"replies":[{"embeddable":true,"href":"https:\/\/radioljubuski.ba\/index.php\/wp-json\/wp\/v2\/comments?post=191846"}],"version-history":[{"count":3,"href":"https:\/\/radioljubuski.ba\/index.php\/wp-json\/wp\/v2\/posts\/191846\/revisions"}],"predecessor-version":[{"id":191919,"href":"https:\/\/radioljubuski.ba\/index.php\/wp-json\/wp\/v2\/posts\/191846\/revisions\/191919"}],"wp:featuredmedia":[{"embeddable":true,"href":"https:\/\/radioljubuski.ba\/index.php\/wp-json\/wp\/v2\/media\/191916"}],"wp:attachment":[{"href":"https:\/\/radioljubuski.ba\/index.php\/wp-json\/wp\/v2\/media?parent=191846"}],"wp:term":[{"taxonomy":"category","embeddable":true,"href":"https:\/\/radioljubuski.ba\/index.php\/wp-json\/wp\/v2\/categories?post=191846"},{"taxonomy":"post_tag","embeddable":true,"href":"https:\/\/radioljubuski.ba\/index.php\/wp-json\/wp\/v2\/tags?post=191846"}],"curies":[{"name":"wp","href":"https:\/\/api.w.org\/{rel}","templated":true}]}}