{"id":191964,"date":"2023-06-15T12:03:56","date_gmt":"2023-06-15T11:03:56","guid":{"rendered":"https:\/\/radioljubuski.ba\/?p=191964"},"modified":"2023-06-15T12:03:57","modified_gmt":"2023-06-15T11:03:57","slug":"besplatna-radionica-za-zene-u-ljubuskom","status":"publish","type":"post","link":"https:\/\/radioljubuski.ba\/index.php\/2023\/06\/15\/besplatna-radionica-za-zene-u-ljubuskom\/","title":{"rendered":"Besplatna radionica za \u017eene u Ljubu\u0161kom"},"content":{"rendered":"\n<p>Udruga Dignitet iz Mostara u suradnji sa Udrugom &#8220;Pravi Put&#8221; Grude, organizira besplatnu radionicu pod nazivom\u00a0<br>\u201eUnaprje\u0111enje polo\u017eaja \u017eene u Hercegovini\u201c koja \u0107e se odr\u017eati u ponedjeljak 19. lipnja u Hotelu Bigeste s po\u010detkom u 18 sati.<br>\u201c\ud835\udc14\ud835\udc27\ud835\udc1a\ud835\udc29\ud835\udc2bj\ud835\udc1e\u0111\ud835\udc1e\ud835\udc27\ud835\udc23\ud835\udc1e \ud835\udc29\ud835\udc28\ud835\udc25\ud835\udc28\u017e\ud835\udc1a\ud835\udc23\ud835\udc1a \u017e\ud835\udc1e\ud835\udc27\ud835\udc1e \ud835\udc2e \ud835\udc07\ud835\udc1e\ud835\udc2b\ud835\udc1c\ud835\udc1e\ud835\udc20\ud835\udc28\ud835\udc2f\ud835\udc22\ud835\udc27\ud835\udc22\u201d je projekt koji je usmjeren na doprinos pobolj\u0161anju samopo\u0161tovanja i individualnog dostojanstva \u017eena u svim sferama javnog, politi\u010dkog, dru\u0161tvenog i privatnog \u017eivota. Edukacije \u0107e uklju\u010divati sljede\u0107e teme i biti \u0107e provedene u skladu s potrebom grupe \u017eena: upoznavanje sa \u017eenskim pravima, mehanizmima za\u0161tite, feminizmom, aktivizmom, prevencijom nasilja, va\u017enosti o\u010duvanja mentalnog zdravlja uz postavljanje pozitivnih granica u cilju preventivnog djelovanja u borbi za sprje\u010davanje rodno zasnovanog nasilja i sagorijevanja na poslu, postavljanjem pozitivnih granica u svakodnevnim privatnim i poslovnim odnosima\u2026<br>Provedba projekta ima za cilj putem dvanaest jednodnevnih edukacija na \u0161irem podru\u010dju Hercegovine pru\u017eiti kontinuiranu podr\u0161ku u prevenciji, prepoznavanju i savladavanju stresa i rodno zasnovanog nasilja. Program edukacija je namijenjen za 180 direktnih sudionica s podru\u010dja Hercegovine. Putem savjetodavne pomo\u0107i pru\u017eit \u0107e se dodatna podr\u0161ka za \u017eene te \u0107e se ukazati na mehanizme za\u0161tite.<br>Planirano je do <strong>15<\/strong> osoba po doga\u0111aju, a prijaviti se mo\u017eete do 16.06.2023<br>putem\u00a0e-maila<strong>\u00a0pravi.put.udruzenje@gmail.com.<\/strong><\/p>\n\n\n\n<p>Nakon radionice planirana je ve\u010dera za sve sudionice radionice.<\/p>\n","protected":false},"excerpt":{"rendered":"<p>Udruga Dignitet iz Mostara u suradnji sa Udrugom &#8220;Pravi Put&#8221; Grude, organizira besplatnu radionicu pod nazivom\u00a0\u201eUnaprje\u0111enje polo\u017eaja \u017eene u Hercegovini\u201c koja \u0107e se odr\u017eati u ponedjeljak 19. lipnja u Hotelu Bigeste s po\u010detkom u 18 sati.\u201c\ud835\udc14\ud835\udc27\ud835\udc1a\ud835\udc29\ud835\udc2bj\ud835\udc1e\u0111\ud835\udc1e\ud835\udc27\ud835\udc23\ud835\udc1e \ud835\udc29\ud835\udc28\ud835\udc25\ud835\udc28\u017e\ud835\udc1a\ud835\udc23\ud835\udc1a \u017e\ud835\udc1e\ud835\udc27\ud835\udc1e \ud835\udc2e \ud835\udc07\ud835\udc1e\ud835\udc2b\ud835\udc1c\ud835\udc1e\ud835\udc20\ud835\udc28\ud835\udc2f\ud835\udc22\ud835\udc27\ud835\udc22\u201d je projekt koji je usmjeren na doprinos pobolj\u0161anju samopo\u0161tovanja i individualnog dostojanstva \u017eena u svim [&hellip;]<\/p>\n","protected":false},"author":2,"featured_media":191965,"comment_status":"closed","ping_status":"closed","sticky":false,"template":"","format":"standard","meta":{"h5ap_radio_sources":[],"footnotes":""},"categories":[3],"tags":[],"class_list":["post-191964","post","type-post","status-publish","format-standard","has-post-thumbnail","hentry","category-ljubuski"],"yoast_head":"<!-- This site is optimized with the Yoast SEO plugin v27.4 - https:\/\/yoast.com\/product\/yoast-seo-wordpress\/ -->\n<title>Besplatna radionica za \u017eene u Ljubu\u0161kom - RADIO LJUBU\u0160KI<\/title>\n<meta name=\"robots\" content=\"index, follow, max-snippet:-1, max-image-preview:large, max-video-preview:-1\" \/>\n<link rel=\"canonical\" href=\"https:\/\/radioljubuski.ba\/index.php\/2023\/06\/15\/besplatna-radionica-za-zene-u-ljubuskom\/\" \/>\n<meta property=\"og:locale\" content=\"hr_HR\" \/>\n<meta property=\"og:type\" content=\"article\" \/>\n<meta property=\"og:title\" content=\"Besplatna radionica za \u017eene u Ljubu\u0161kom - RADIO LJUBU\u0160KI\" \/>\n<meta property=\"og:description\" content=\"Udruga Dignitet iz Mostara u suradnji sa Udrugom &#8220;Pravi Put&#8221; Grude, organizira besplatnu radionicu pod nazivom\u00a0\u201eUnaprje\u0111enje polo\u017eaja \u017eene u Hercegovini\u201c koja \u0107e se odr\u017eati u ponedjeljak 19. lipnja u Hotelu Bigeste s po\u010detkom u 18 sati.\u201c\ud835\udc14\ud835\udc27\ud835\udc1a\ud835\udc29\ud835\udc2bj\ud835\udc1e\u0111\ud835\udc1e\ud835\udc27\ud835\udc23\ud835\udc1e \ud835\udc29\ud835\udc28\ud835\udc25\ud835\udc28\u017e\ud835\udc1a\ud835\udc23\ud835\udc1a \u017e\ud835\udc1e\ud835\udc27\ud835\udc1e \ud835\udc2e \ud835\udc07\ud835\udc1e\ud835\udc2b\ud835\udc1c\ud835\udc1e\ud835\udc20\ud835\udc28\ud835\udc2f\ud835\udc22\ud835\udc27\ud835\udc22\u201d je projekt koji je usmjeren na doprinos pobolj\u0161anju samopo\u0161tovanja i individualnog dostojanstva \u017eena u svim [&hellip;]\" \/>\n<meta property=\"og:url\" content=\"https:\/\/radioljubuski.ba\/index.php\/2023\/06\/15\/besplatna-radionica-za-zene-u-ljubuskom\/\" \/>\n<meta property=\"og:site_name\" content=\"RADIO LJUBU\u0160KI\" \/>\n<meta property=\"article:publisher\" content=\"https:\/\/www.facebook.com\/Radiio-Ljubuski-1490835324566332\" \/>\n<meta property=\"article:published_time\" content=\"2023-06-15T11:03:56+00:00\" \/>\n<meta property=\"article:modified_time\" content=\"2023-06-15T11:03:57+00:00\" \/>\n<meta property=\"og:image\" content=\"https:\/\/radioljubuski.ba\/wp-content\/uploads\/2023\/06\/\u201eUnaprjedenje-polozaja-zene-u-Hercegovini.jpg\" \/>\n\t<meta property=\"og:image:width\" content=\"940\" \/>\n\t<meta property=\"og:image:height\" content=\"788\" \/>\n\t<meta property=\"og:image:type\" content=\"image\/jpeg\" \/>\n<meta name=\"author\" content=\"Radio Ljubu\u0161ki\" \/>\n<meta name=\"twitter:card\" content=\"summary_large_image\" \/>\n<meta name=\"twitter:creator\" content=\"@radioljubuski\" \/>\n<meta name=\"twitter:site\" content=\"@radioljubuski\" \/>\n<meta name=\"twitter:label1\" content=\"Napisao\/la\" \/>\n\t<meta name=\"twitter:data1\" content=\"Radio Ljubu\u0161ki\" \/>\n\t<meta name=\"twitter:label2\" content=\"Procijenjeno vrijeme \u010ditanja\" \/>\n\t<meta name=\"twitter:data2\" content=\"2 minute\" \/>\n<script type=\"application\/ld+json\" class=\"yoast-schema-graph\">{\"@context\":\"https:\\\/\\\/schema.org\",\"@graph\":[{\"@type\":\"Article\",\"@id\":\"https:\\\/\\\/radioljubuski.ba\\\/index.php\\\/2023\\\/06\\\/15\\\/besplatna-radionica-za-zene-u-ljubuskom\\\/#article\",\"isPartOf\":{\"@id\":\"https:\\\/\\\/radioljubuski.ba\\\/index.php\\\/2023\\\/06\\\/15\\\/besplatna-radionica-za-zene-u-ljubuskom\\\/\"},\"author\":{\"name\":\"Radio Ljubu\u0161ki\",\"@id\":\"https:\\\/\\\/radioljubuski.ba\\\/#\\\/schema\\\/person\\\/19fc700381a780f69665d7956c469e3b\"},\"headline\":\"Besplatna radionica za \u017eene u Ljubu\u0161kom\",\"datePublished\":\"2023-06-15T11:03:56+00:00\",\"dateModified\":\"2023-06-15T11:03:57+00:00\",\"mainEntityOfPage\":{\"@id\":\"https:\\\/\\\/radioljubuski.ba\\\/index.php\\\/2023\\\/06\\\/15\\\/besplatna-radionica-za-zene-u-ljubuskom\\\/\"},\"wordCount\":227,\"publisher\":{\"@id\":\"https:\\\/\\\/radioljubuski.ba\\\/#organization\"},\"image\":{\"@id\":\"https:\\\/\\\/radioljubuski.ba\\\/index.php\\\/2023\\\/06\\\/15\\\/besplatna-radionica-za-zene-u-ljubuskom\\\/#primaryimage\"},\"thumbnailUrl\":\"https:\\\/\\\/radioljubuski.ba\\\/wp-content\\\/uploads\\\/2023\\\/06\\\/\u201eUnaprjedenje-polozaja-zene-u-Hercegovini.jpg\",\"articleSection\":[\"Ljubu\u0161ki\"],\"inLanguage\":\"hr\"},{\"@type\":\"WebPage\",\"@id\":\"https:\\\/\\\/radioljubuski.ba\\\/index.php\\\/2023\\\/06\\\/15\\\/besplatna-radionica-za-zene-u-ljubuskom\\\/\",\"url\":\"https:\\\/\\\/radioljubuski.ba\\\/index.php\\\/2023\\\/06\\\/15\\\/besplatna-radionica-za-zene-u-ljubuskom\\\/\",\"name\":\"Besplatna radionica za \u017eene u Ljubu\u0161kom - RADIO LJUBU\u0160KI\",\"isPartOf\":{\"@id\":\"https:\\\/\\\/radioljubuski.ba\\\/#website\"},\"primaryImageOfPage\":{\"@id\":\"https:\\\/\\\/radioljubuski.ba\\\/index.php\\\/2023\\\/06\\\/15\\\/besplatna-radionica-za-zene-u-ljubuskom\\\/#primaryimage\"},\"image\":{\"@id\":\"https:\\\/\\\/radioljubuski.ba\\\/index.php\\\/2023\\\/06\\\/15\\\/besplatna-radionica-za-zene-u-ljubuskom\\\/#primaryimage\"},\"thumbnailUrl\":\"https:\\\/\\\/radioljubuski.ba\\\/wp-content\\\/uploads\\\/2023\\\/06\\\/\u201eUnaprjedenje-polozaja-zene-u-Hercegovini.jpg\",\"datePublished\":\"2023-06-15T11:03:56+00:00\",\"dateModified\":\"2023-06-15T11:03:57+00:00\",\"breadcrumb\":{\"@id\":\"https:\\\/\\\/radioljubuski.ba\\\/index.php\\\/2023\\\/06\\\/15\\\/besplatna-radionica-za-zene-u-ljubuskom\\\/#breadcrumb\"},\"inLanguage\":\"hr\",\"potentialAction\":[{\"@type\":\"ReadAction\",\"target\":[\"https:\\\/\\\/radioljubuski.ba\\\/index.php\\\/2023\\\/06\\\/15\\\/besplatna-radionica-za-zene-u-ljubuskom\\\/\"]}]},{\"@type\":\"ImageObject\",\"inLanguage\":\"hr\",\"@id\":\"https:\\\/\\\/radioljubuski.ba\\\/index.php\\\/2023\\\/06\\\/15\\\/besplatna-radionica-za-zene-u-ljubuskom\\\/#primaryimage\",\"url\":\"https:\\\/\\\/radioljubuski.ba\\\/wp-content\\\/uploads\\\/2023\\\/06\\\/\u201eUnaprjedenje-polozaja-zene-u-Hercegovini.jpg\",\"contentUrl\":\"https:\\\/\\\/radioljubuski.ba\\\/wp-content\\\/uploads\\\/2023\\\/06\\\/\u201eUnaprjedenje-polozaja-zene-u-Hercegovini.jpg\",\"width\":940,\"height\":788},{\"@type\":\"BreadcrumbList\",\"@id\":\"https:\\\/\\\/radioljubuski.ba\\\/index.php\\\/2023\\\/06\\\/15\\\/besplatna-radionica-za-zene-u-ljubuskom\\\/#breadcrumb\",\"itemListElement\":[{\"@type\":\"ListItem\",\"position\":1,\"name\":\"Po\u010detna stranica\",\"item\":\"https:\\\/\\\/radioljubuski.ba\\\/\"},{\"@type\":\"ListItem\",\"position\":2,\"name\":\"Besplatna radionica za \u017eene u Ljubu\u0161kom\"}]},{\"@type\":\"WebSite\",\"@id\":\"https:\\\/\\\/radioljubuski.ba\\\/#website\",\"url\":\"https:\\\/\\\/radioljubuski.ba\\\/\",\"name\":\"Radio Ljubu\u0161ki\",\"description\":\"Sun\u010dana frekvencija Hercegovine\",\"publisher\":{\"@id\":\"https:\\\/\\\/radioljubuski.ba\\\/#organization\"},\"potentialAction\":[{\"@type\":\"SearchAction\",\"target\":{\"@type\":\"EntryPoint\",\"urlTemplate\":\"https:\\\/\\\/radioljubuski.ba\\\/?s={search_term_string}\"},\"query-input\":{\"@type\":\"PropertyValueSpecification\",\"valueRequired\":true,\"valueName\":\"search_term_string\"}}],\"inLanguage\":\"hr\"},{\"@type\":\"Organization\",\"@id\":\"https:\\\/\\\/radioljubuski.ba\\\/#organization\",\"name\":\"Radio Ljubu\u0161ki\",\"url\":\"https:\\\/\\\/radioljubuski.ba\\\/\",\"logo\":{\"@type\":\"ImageObject\",\"inLanguage\":\"hr\",\"@id\":\"https:\\\/\\\/radioljubuski.ba\\\/#\\\/schema\\\/logo\\\/image\\\/\",\"url\":\"https:\\\/\\\/radioljubuski.ba\\\/wp-content\\\/uploads\\\/2021\\\/02\\\/cropped-Radio_Ljubuski_logo1.jpg\",\"contentUrl\":\"https:\\\/\\\/radioljubuski.ba\\\/wp-content\\\/uploads\\\/2021\\\/02\\\/cropped-Radio_Ljubuski_logo1.jpg\",\"width\":512,\"height\":512,\"caption\":\"Radio Ljubu\u0161ki\"},\"image\":{\"@id\":\"https:\\\/\\\/radioljubuski.ba\\\/#\\\/schema\\\/logo\\\/image\\\/\"},\"sameAs\":[\"https:\\\/\\\/www.facebook.com\\\/Radiio-Ljubuski-1490835324566332\",\"https:\\\/\\\/x.com\\\/radioljubuski\",\"https:\\\/\\\/hr.linkedin.com\\\/company\\\/radio-ljubuski\",\"https:\\\/\\\/www.youtube.com\\\/channel\\\/UCHYaeO_n0Db3tjNGudGpXyw\"]},{\"@type\":\"Person\",\"@id\":\"https:\\\/\\\/radioljubuski.ba\\\/#\\\/schema\\\/person\\\/19fc700381a780f69665d7956c469e3b\",\"name\":\"Radio Ljubu\u0161ki\"}]}<\/script>\n<!-- \/ Yoast SEO plugin. -->","yoast_head_json":{"title":"Besplatna radionica za \u017eene u Ljubu\u0161kom - RADIO LJUBU\u0160KI","robots":{"index":"index","follow":"follow","max-snippet":"max-snippet:-1","max-image-preview":"max-image-preview:large","max-video-preview":"max-video-preview:-1"},"canonical":"https:\/\/radioljubuski.ba\/index.php\/2023\/06\/15\/besplatna-radionica-za-zene-u-ljubuskom\/","og_locale":"hr_HR","og_type":"article","og_title":"Besplatna radionica za \u017eene u Ljubu\u0161kom - RADIO LJUBU\u0160KI","og_description":"Udruga Dignitet iz Mostara u suradnji sa Udrugom &#8220;Pravi Put&#8221; Grude, organizira besplatnu radionicu pod nazivom\u00a0\u201eUnaprje\u0111enje polo\u017eaja \u017eene u Hercegovini\u201c koja \u0107e se odr\u017eati u ponedjeljak 19. lipnja u Hotelu Bigeste s po\u010detkom u 18 sati.\u201c\ud835\udc14\ud835\udc27\ud835\udc1a\ud835\udc29\ud835\udc2bj\ud835\udc1e\u0111\ud835\udc1e\ud835\udc27\ud835\udc23\ud835\udc1e \ud835\udc29\ud835\udc28\ud835\udc25\ud835\udc28\u017e\ud835\udc1a\ud835\udc23\ud835\udc1a \u017e\ud835\udc1e\ud835\udc27\ud835\udc1e \ud835\udc2e \ud835\udc07\ud835\udc1e\ud835\udc2b\ud835\udc1c\ud835\udc1e\ud835\udc20\ud835\udc28\ud835\udc2f\ud835\udc22\ud835\udc27\ud835\udc22\u201d je projekt koji je usmjeren na doprinos pobolj\u0161anju samopo\u0161tovanja i individualnog dostojanstva \u017eena u svim [&hellip;]","og_url":"https:\/\/radioljubuski.ba\/index.php\/2023\/06\/15\/besplatna-radionica-za-zene-u-ljubuskom\/","og_site_name":"RADIO LJUBU\u0160KI","article_publisher":"https:\/\/www.facebook.com\/Radiio-Ljubuski-1490835324566332","article_published_time":"2023-06-15T11:03:56+00:00","article_modified_time":"2023-06-15T11:03:57+00:00","og_image":[{"width":940,"height":788,"url":"https:\/\/radioljubuski.ba\/wp-content\/uploads\/2023\/06\/\u201eUnaprjedenje-polozaja-zene-u-Hercegovini.jpg","type":"image\/jpeg"}],"author":"Radio Ljubu\u0161ki","twitter_card":"summary_large_image","twitter_creator":"@radioljubuski","twitter_site":"@radioljubuski","twitter_misc":{"Napisao\/la":"Radio Ljubu\u0161ki","Procijenjeno vrijeme \u010ditanja":"2 minute"},"schema":{"@context":"https:\/\/schema.org","@graph":[{"@type":"Article","@id":"https:\/\/radioljubuski.ba\/index.php\/2023\/06\/15\/besplatna-radionica-za-zene-u-ljubuskom\/#article","isPartOf":{"@id":"https:\/\/radioljubuski.ba\/index.php\/2023\/06\/15\/besplatna-radionica-za-zene-u-ljubuskom\/"},"author":{"name":"Radio Ljubu\u0161ki","@id":"https:\/\/radioljubuski.ba\/#\/schema\/person\/19fc700381a780f69665d7956c469e3b"},"headline":"Besplatna radionica za \u017eene u Ljubu\u0161kom","datePublished":"2023-06-15T11:03:56+00:00","dateModified":"2023-06-15T11:03:57+00:00","mainEntityOfPage":{"@id":"https:\/\/radioljubuski.ba\/index.php\/2023\/06\/15\/besplatna-radionica-za-zene-u-ljubuskom\/"},"wordCount":227,"publisher":{"@id":"https:\/\/radioljubuski.ba\/#organization"},"image":{"@id":"https:\/\/radioljubuski.ba\/index.php\/2023\/06\/15\/besplatna-radionica-za-zene-u-ljubuskom\/#primaryimage"},"thumbnailUrl":"https:\/\/radioljubuski.ba\/wp-content\/uploads\/2023\/06\/\u201eUnaprjedenje-polozaja-zene-u-Hercegovini.jpg","articleSection":["Ljubu\u0161ki"],"inLanguage":"hr"},{"@type":"WebPage","@id":"https:\/\/radioljubuski.ba\/index.php\/2023\/06\/15\/besplatna-radionica-za-zene-u-ljubuskom\/","url":"https:\/\/radioljubuski.ba\/index.php\/2023\/06\/15\/besplatna-radionica-za-zene-u-ljubuskom\/","name":"Besplatna radionica za \u017eene u Ljubu\u0161kom - RADIO LJUBU\u0160KI","isPartOf":{"@id":"https:\/\/radioljubuski.ba\/#website"},"primaryImageOfPage":{"@id":"https:\/\/radioljubuski.ba\/index.php\/2023\/06\/15\/besplatna-radionica-za-zene-u-ljubuskom\/#primaryimage"},"image":{"@id":"https:\/\/radioljubuski.ba\/index.php\/2023\/06\/15\/besplatna-radionica-za-zene-u-ljubuskom\/#primaryimage"},"thumbnailUrl":"https:\/\/radioljubuski.ba\/wp-content\/uploads\/2023\/06\/\u201eUnaprjedenje-polozaja-zene-u-Hercegovini.jpg","datePublished":"2023-06-15T11:03:56+00:00","dateModified":"2023-06-15T11:03:57+00:00","breadcrumb":{"@id":"https:\/\/radioljubuski.ba\/index.php\/2023\/06\/15\/besplatna-radionica-za-zene-u-ljubuskom\/#breadcrumb"},"inLanguage":"hr","potentialAction":[{"@type":"ReadAction","target":["https:\/\/radioljubuski.ba\/index.php\/2023\/06\/15\/besplatna-radionica-za-zene-u-ljubuskom\/"]}]},{"@type":"ImageObject","inLanguage":"hr","@id":"https:\/\/radioljubuski.ba\/index.php\/2023\/06\/15\/besplatna-radionica-za-zene-u-ljubuskom\/#primaryimage","url":"https:\/\/radioljubuski.ba\/wp-content\/uploads\/2023\/06\/\u201eUnaprjedenje-polozaja-zene-u-Hercegovini.jpg","contentUrl":"https:\/\/radioljubuski.ba\/wp-content\/uploads\/2023\/06\/\u201eUnaprjedenje-polozaja-zene-u-Hercegovini.jpg","width":940,"height":788},{"@type":"BreadcrumbList","@id":"https:\/\/radioljubuski.ba\/index.php\/2023\/06\/15\/besplatna-radionica-za-zene-u-ljubuskom\/#breadcrumb","itemListElement":[{"@type":"ListItem","position":1,"name":"Po\u010detna stranica","item":"https:\/\/radioljubuski.ba\/"},{"@type":"ListItem","position":2,"name":"Besplatna radionica za \u017eene u Ljubu\u0161kom"}]},{"@type":"WebSite","@id":"https:\/\/radioljubuski.ba\/#website","url":"https:\/\/radioljubuski.ba\/","name":"Radio Ljubu\u0161ki","description":"Sun\u010dana frekvencija Hercegovine","publisher":{"@id":"https:\/\/radioljubuski.ba\/#organization"},"potentialAction":[{"@type":"SearchAction","target":{"@type":"EntryPoint","urlTemplate":"https:\/\/radioljubuski.ba\/?s={search_term_string}"},"query-input":{"@type":"PropertyValueSpecification","valueRequired":true,"valueName":"search_term_string"}}],"inLanguage":"hr"},{"@type":"Organization","@id":"https:\/\/radioljubuski.ba\/#organization","name":"Radio Ljubu\u0161ki","url":"https:\/\/radioljubuski.ba\/","logo":{"@type":"ImageObject","inLanguage":"hr","@id":"https:\/\/radioljubuski.ba\/#\/schema\/logo\/image\/","url":"https:\/\/radioljubuski.ba\/wp-content\/uploads\/2021\/02\/cropped-Radio_Ljubuski_logo1.jpg","contentUrl":"https:\/\/radioljubuski.ba\/wp-content\/uploads\/2021\/02\/cropped-Radio_Ljubuski_logo1.jpg","width":512,"height":512,"caption":"Radio Ljubu\u0161ki"},"image":{"@id":"https:\/\/radioljubuski.ba\/#\/schema\/logo\/image\/"},"sameAs":["https:\/\/www.facebook.com\/Radiio-Ljubuski-1490835324566332","https:\/\/x.com\/radioljubuski","https:\/\/hr.linkedin.com\/company\/radio-ljubuski","https:\/\/www.youtube.com\/channel\/UCHYaeO_n0Db3tjNGudGpXyw"]},{"@type":"Person","@id":"https:\/\/radioljubuski.ba\/#\/schema\/person\/19fc700381a780f69665d7956c469e3b","name":"Radio Ljubu\u0161ki"}]}},"_links":{"self":[{"href":"https:\/\/radioljubuski.ba\/index.php\/wp-json\/wp\/v2\/posts\/191964","targetHints":{"allow":["GET"]}}],"collection":[{"href":"https:\/\/radioljubuski.ba\/index.php\/wp-json\/wp\/v2\/posts"}],"about":[{"href":"https:\/\/radioljubuski.ba\/index.php\/wp-json\/wp\/v2\/types\/post"}],"author":[{"embeddable":true,"href":"https:\/\/radioljubuski.ba\/index.php\/wp-json\/wp\/v2\/users\/2"}],"replies":[{"embeddable":true,"href":"https:\/\/radioljubuski.ba\/index.php\/wp-json\/wp\/v2\/comments?post=191964"}],"version-history":[{"count":1,"href":"https:\/\/radioljubuski.ba\/index.php\/wp-json\/wp\/v2\/posts\/191964\/revisions"}],"predecessor-version":[{"id":191966,"href":"https:\/\/radioljubuski.ba\/index.php\/wp-json\/wp\/v2\/posts\/191964\/revisions\/191966"}],"wp:featuredmedia":[{"embeddable":true,"href":"https:\/\/radioljubuski.ba\/index.php\/wp-json\/wp\/v2\/media\/191965"}],"wp:attachment":[{"href":"https:\/\/radioljubuski.ba\/index.php\/wp-json\/wp\/v2\/media?parent=191964"}],"wp:term":[{"taxonomy":"category","embeddable":true,"href":"https:\/\/radioljubuski.ba\/index.php\/wp-json\/wp\/v2\/categories?post=191964"},{"taxonomy":"post_tag","embeddable":true,"href":"https:\/\/radioljubuski.ba\/index.php\/wp-json\/wp\/v2\/tags?post=191964"}],"curies":[{"name":"wp","href":"https:\/\/api.w.org\/{rel}","templated":true}]}}