{"id":19199,"date":"2021-05-06T23:43:45","date_gmt":"2021-05-06T22:43:45","guid":{"rendered":"https:\/\/radioljubuski.ba\/?p=19199"},"modified":"2021-05-06T23:43:46","modified_gmt":"2021-05-06T22:43:46","slug":"odana-pocast-prvim-poginulih-braniteljima-konjica-u-svibnju-1992","status":"publish","type":"post","link":"https:\/\/radioljubuski.ba\/index.php\/2021\/05\/06\/odana-pocast-prvim-poginulih-braniteljima-konjica-u-svibnju-1992\/","title":{"rendered":"Odana po\u010dast prvim poginulih braniteljima Konjica u svibnju 1992."},"content":{"rendered":"\n<p>U mjestu Ljubini, obroncima Prenj planine kod Konjica 05.svibnja 1992. poginuli su prvi branitelji na po\u010detku Domovinskog rata. Ivan Azinovi\u0107 (1966.), Vicko Azinovi\u0107 (1969.), Marinko Bebek (1971.), kao pripadnici brigade Herceg Stjepan HVO Konjic, te Suad Ali\u0107 (1971.) pripadnik Armije BiH. Stradali su od agresora na Konjic. &nbsp;<\/p>\n\n\n\n<p>Na 29. obljetnicu poginulih branitelja Konjica, kao prvih \u017ertava, suborci, rodbina prijatelji u organizaciji Udruga Domovinskog rata Konjic, posjetili su spomen obilje\u017eje prvim \u017ertvama u Ljubini. &nbsp;Upaljene su svije\u0107e, polo\u017eeno cvije\u0107e, a fratar i islamski vjerski slu\u017ebenik iz Konjica svaki na svoj na\u010din izmolili su molitvu za njihove du\u0161e.<\/p>\n\n\n\n<p>U ve\u010dernjim satima u \u017dupnoj crkvi u Konjicu slu\u017eena je sveta misa zadu\u0161nica za pokoj njihovih du\u0161a, izvijestio je aktivist Marinko Ljoljo.<\/p>\n\n\n\n<p>Izvor:vecrnji.ba<\/p>\n","protected":false},"excerpt":{"rendered":"<p>U mjestu Ljubini, obroncima Prenj planine kod Konjica 05.svibnja 1992. poginuli su prvi branitelji na po\u010detku Domovinskog rata. Ivan Azinovi\u0107 (1966.), Vicko Azinovi\u0107 (1969.), Marinko Bebek (1971.), kao pripadnici brigade Herceg Stjepan HVO Konjic, te Suad Ali\u0107 (1971.) pripadnik Armije BiH. Stradali su od agresora na Konjic. &nbsp; Na 29. obljetnicu poginulih branitelja Konjica, kao [&hellip;]<\/p>\n","protected":false},"author":2,"featured_media":19200,"comment_status":"closed","ping_status":"closed","sticky":false,"template":"","format":"standard","meta":{"h5ap_radio_sources":[],"footnotes":""},"categories":[1],"tags":[],"class_list":["post-19199","post","type-post","status-publish","format-standard","has-post-thumbnail","hentry","category-bihiregija"],"yoast_head":"<!-- This site is optimized with the Yoast SEO plugin v27.5 - https:\/\/yoast.com\/product\/yoast-seo-wordpress\/ -->\n<title>Odana po\u010dast prvim poginulih braniteljima Konjica u svibnju 1992. - RADIO LJUBU\u0160KI<\/title>\n<meta name=\"robots\" content=\"index, follow, max-snippet:-1, max-image-preview:large, max-video-preview:-1\" \/>\n<link rel=\"canonical\" href=\"https:\/\/radioljubuski.ba\/index.php\/2021\/05\/06\/odana-pocast-prvim-poginulih-braniteljima-konjica-u-svibnju-1992\/\" \/>\n<meta property=\"og:locale\" content=\"hr_HR\" \/>\n<meta property=\"og:type\" content=\"article\" \/>\n<meta property=\"og:title\" content=\"Odana po\u010dast prvim poginulih braniteljima Konjica u svibnju 1992. - RADIO LJUBU\u0160KI\" \/>\n<meta property=\"og:description\" content=\"U mjestu Ljubini, obroncima Prenj planine kod Konjica 05.svibnja 1992. poginuli su prvi branitelji na po\u010detku Domovinskog rata. Ivan Azinovi\u0107 (1966.), Vicko Azinovi\u0107 (1969.), Marinko Bebek (1971.), kao pripadnici brigade Herceg Stjepan HVO Konjic, te Suad Ali\u0107 (1971.) pripadnik Armije BiH. Stradali su od agresora na Konjic. &nbsp; Na 29. obljetnicu poginulih branitelja Konjica, kao [&hellip;]\" \/>\n<meta property=\"og:url\" content=\"https:\/\/radioljubuski.ba\/index.php\/2021\/05\/06\/odana-pocast-prvim-poginulih-braniteljima-konjica-u-svibnju-1992\/\" \/>\n<meta property=\"og:site_name\" content=\"RADIO LJUBU\u0160KI\" \/>\n<meta property=\"article:publisher\" content=\"https:\/\/www.facebook.com\/Radiio-Ljubuski-1490835324566332\" \/>\n<meta property=\"article:published_time\" content=\"2021-05-06T22:43:45+00:00\" \/>\n<meta property=\"article:modified_time\" content=\"2021-05-06T22:43:46+00:00\" \/>\n<meta property=\"og:image\" content=\"https:\/\/radioljubuski.ba\/wp-content\/uploads\/2021\/05\/3-2021-05-06-18-44-47-eeer.png\" \/>\n\t<meta property=\"og:image:width\" content=\"1000\" \/>\n\t<meta property=\"og:image:height\" content=\"625\" \/>\n\t<meta property=\"og:image:type\" content=\"image\/png\" \/>\n<meta name=\"author\" content=\"Radio Ljubu\u0161ki\" \/>\n<meta name=\"twitter:card\" content=\"summary_large_image\" \/>\n<meta name=\"twitter:creator\" content=\"@radioljubuski\" \/>\n<meta name=\"twitter:site\" content=\"@radioljubuski\" \/>\n<meta name=\"twitter:label1\" content=\"Napisao\/la\" \/>\n\t<meta name=\"twitter:data1\" content=\"Radio Ljubu\u0161ki\" \/>\n\t<meta name=\"twitter:label2\" content=\"Procijenjeno vrijeme \u010ditanja\" \/>\n\t<meta name=\"twitter:data2\" content=\"1 minuta\" \/>\n<script type=\"application\/ld+json\" class=\"yoast-schema-graph\">{\"@context\":\"https:\\\/\\\/schema.org\",\"@graph\":[{\"@type\":\"Article\",\"@id\":\"https:\\\/\\\/radioljubuski.ba\\\/index.php\\\/2021\\\/05\\\/06\\\/odana-pocast-prvim-poginulih-braniteljima-konjica-u-svibnju-1992\\\/#article\",\"isPartOf\":{\"@id\":\"https:\\\/\\\/radioljubuski.ba\\\/index.php\\\/2021\\\/05\\\/06\\\/odana-pocast-prvim-poginulih-braniteljima-konjica-u-svibnju-1992\\\/\"},\"author\":{\"name\":\"Radio Ljubu\u0161ki\",\"@id\":\"https:\\\/\\\/radioljubuski.ba\\\/#\\\/schema\\\/person\\\/19fc700381a780f69665d7956c469e3b\"},\"headline\":\"Odana po\u010dast prvim poginulih braniteljima Konjica u svibnju 1992.\",\"datePublished\":\"2021-05-06T22:43:45+00:00\",\"dateModified\":\"2021-05-06T22:43:46+00:00\",\"mainEntityOfPage\":{\"@id\":\"https:\\\/\\\/radioljubuski.ba\\\/index.php\\\/2021\\\/05\\\/06\\\/odana-pocast-prvim-poginulih-braniteljima-konjica-u-svibnju-1992\\\/\"},\"wordCount\":138,\"publisher\":{\"@id\":\"https:\\\/\\\/radioljubuski.ba\\\/#organization\"},\"image\":{\"@id\":\"https:\\\/\\\/radioljubuski.ba\\\/index.php\\\/2021\\\/05\\\/06\\\/odana-pocast-prvim-poginulih-braniteljima-konjica-u-svibnju-1992\\\/#primaryimage\"},\"thumbnailUrl\":\"https:\\\/\\\/radioljubuski.ba\\\/wp-content\\\/uploads\\\/2021\\\/05\\\/3-2021-05-06-18-44-47-eeer.png\",\"articleSection\":[\"BIH i regija\"],\"inLanguage\":\"hr\"},{\"@type\":\"WebPage\",\"@id\":\"https:\\\/\\\/radioljubuski.ba\\\/index.php\\\/2021\\\/05\\\/06\\\/odana-pocast-prvim-poginulih-braniteljima-konjica-u-svibnju-1992\\\/\",\"url\":\"https:\\\/\\\/radioljubuski.ba\\\/index.php\\\/2021\\\/05\\\/06\\\/odana-pocast-prvim-poginulih-braniteljima-konjica-u-svibnju-1992\\\/\",\"name\":\"Odana po\u010dast prvim poginulih braniteljima Konjica u svibnju 1992. - RADIO LJUBU\u0160KI\",\"isPartOf\":{\"@id\":\"https:\\\/\\\/radioljubuski.ba\\\/#website\"},\"primaryImageOfPage\":{\"@id\":\"https:\\\/\\\/radioljubuski.ba\\\/index.php\\\/2021\\\/05\\\/06\\\/odana-pocast-prvim-poginulih-braniteljima-konjica-u-svibnju-1992\\\/#primaryimage\"},\"image\":{\"@id\":\"https:\\\/\\\/radioljubuski.ba\\\/index.php\\\/2021\\\/05\\\/06\\\/odana-pocast-prvim-poginulih-braniteljima-konjica-u-svibnju-1992\\\/#primaryimage\"},\"thumbnailUrl\":\"https:\\\/\\\/radioljubuski.ba\\\/wp-content\\\/uploads\\\/2021\\\/05\\\/3-2021-05-06-18-44-47-eeer.png\",\"datePublished\":\"2021-05-06T22:43:45+00:00\",\"dateModified\":\"2021-05-06T22:43:46+00:00\",\"breadcrumb\":{\"@id\":\"https:\\\/\\\/radioljubuski.ba\\\/index.php\\\/2021\\\/05\\\/06\\\/odana-pocast-prvim-poginulih-braniteljima-konjica-u-svibnju-1992\\\/#breadcrumb\"},\"inLanguage\":\"hr\",\"potentialAction\":[{\"@type\":\"ReadAction\",\"target\":[\"https:\\\/\\\/radioljubuski.ba\\\/index.php\\\/2021\\\/05\\\/06\\\/odana-pocast-prvim-poginulih-braniteljima-konjica-u-svibnju-1992\\\/\"]}]},{\"@type\":\"ImageObject\",\"inLanguage\":\"hr\",\"@id\":\"https:\\\/\\\/radioljubuski.ba\\\/index.php\\\/2021\\\/05\\\/06\\\/odana-pocast-prvim-poginulih-braniteljima-konjica-u-svibnju-1992\\\/#primaryimage\",\"url\":\"https:\\\/\\\/radioljubuski.ba\\\/wp-content\\\/uploads\\\/2021\\\/05\\\/3-2021-05-06-18-44-47-eeer.png\",\"contentUrl\":\"https:\\\/\\\/radioljubuski.ba\\\/wp-content\\\/uploads\\\/2021\\\/05\\\/3-2021-05-06-18-44-47-eeer.png\",\"width\":1000,\"height\":625},{\"@type\":\"BreadcrumbList\",\"@id\":\"https:\\\/\\\/radioljubuski.ba\\\/index.php\\\/2021\\\/05\\\/06\\\/odana-pocast-prvim-poginulih-braniteljima-konjica-u-svibnju-1992\\\/#breadcrumb\",\"itemListElement\":[{\"@type\":\"ListItem\",\"position\":1,\"name\":\"Po\u010detna stranica\",\"item\":\"https:\\\/\\\/radioljubuski.ba\\\/\"},{\"@type\":\"ListItem\",\"position\":2,\"name\":\"Odana po\u010dast prvim poginulih braniteljima Konjica u svibnju 1992.\"}]},{\"@type\":\"WebSite\",\"@id\":\"https:\\\/\\\/radioljubuski.ba\\\/#website\",\"url\":\"https:\\\/\\\/radioljubuski.ba\\\/\",\"name\":\"Radio Ljubu\u0161ki\",\"description\":\"Sun\u010dana frekvencija Hercegovine\",\"publisher\":{\"@id\":\"https:\\\/\\\/radioljubuski.ba\\\/#organization\"},\"potentialAction\":[{\"@type\":\"SearchAction\",\"target\":{\"@type\":\"EntryPoint\",\"urlTemplate\":\"https:\\\/\\\/radioljubuski.ba\\\/?s={search_term_string}\"},\"query-input\":{\"@type\":\"PropertyValueSpecification\",\"valueRequired\":true,\"valueName\":\"search_term_string\"}}],\"inLanguage\":\"hr\"},{\"@type\":\"Organization\",\"@id\":\"https:\\\/\\\/radioljubuski.ba\\\/#organization\",\"name\":\"Radio Ljubu\u0161ki\",\"url\":\"https:\\\/\\\/radioljubuski.ba\\\/\",\"logo\":{\"@type\":\"ImageObject\",\"inLanguage\":\"hr\",\"@id\":\"https:\\\/\\\/radioljubuski.ba\\\/#\\\/schema\\\/logo\\\/image\\\/\",\"url\":\"https:\\\/\\\/radioljubuski.ba\\\/wp-content\\\/uploads\\\/2021\\\/02\\\/cropped-Radio_Ljubuski_logo1.jpg\",\"contentUrl\":\"https:\\\/\\\/radioljubuski.ba\\\/wp-content\\\/uploads\\\/2021\\\/02\\\/cropped-Radio_Ljubuski_logo1.jpg\",\"width\":512,\"height\":512,\"caption\":\"Radio Ljubu\u0161ki\"},\"image\":{\"@id\":\"https:\\\/\\\/radioljubuski.ba\\\/#\\\/schema\\\/logo\\\/image\\\/\"},\"sameAs\":[\"https:\\\/\\\/www.facebook.com\\\/Radiio-Ljubuski-1490835324566332\",\"https:\\\/\\\/x.com\\\/radioljubuski\",\"https:\\\/\\\/hr.linkedin.com\\\/company\\\/radio-ljubuski\",\"https:\\\/\\\/www.youtube.com\\\/channel\\\/UCHYaeO_n0Db3tjNGudGpXyw\"]},{\"@type\":\"Person\",\"@id\":\"https:\\\/\\\/radioljubuski.ba\\\/#\\\/schema\\\/person\\\/19fc700381a780f69665d7956c469e3b\",\"name\":\"Radio Ljubu\u0161ki\"}]}<\/script>\n<!-- \/ Yoast SEO plugin. -->","yoast_head_json":{"title":"Odana po\u010dast prvim poginulih braniteljima Konjica u svibnju 1992. - RADIO LJUBU\u0160KI","robots":{"index":"index","follow":"follow","max-snippet":"max-snippet:-1","max-image-preview":"max-image-preview:large","max-video-preview":"max-video-preview:-1"},"canonical":"https:\/\/radioljubuski.ba\/index.php\/2021\/05\/06\/odana-pocast-prvim-poginulih-braniteljima-konjica-u-svibnju-1992\/","og_locale":"hr_HR","og_type":"article","og_title":"Odana po\u010dast prvim poginulih braniteljima Konjica u svibnju 1992. - RADIO LJUBU\u0160KI","og_description":"U mjestu Ljubini, obroncima Prenj planine kod Konjica 05.svibnja 1992. poginuli su prvi branitelji na po\u010detku Domovinskog rata. Ivan Azinovi\u0107 (1966.), Vicko Azinovi\u0107 (1969.), Marinko Bebek (1971.), kao pripadnici brigade Herceg Stjepan HVO Konjic, te Suad Ali\u0107 (1971.) pripadnik Armije BiH. Stradali su od agresora na Konjic. &nbsp; Na 29. obljetnicu poginulih branitelja Konjica, kao [&hellip;]","og_url":"https:\/\/radioljubuski.ba\/index.php\/2021\/05\/06\/odana-pocast-prvim-poginulih-braniteljima-konjica-u-svibnju-1992\/","og_site_name":"RADIO LJUBU\u0160KI","article_publisher":"https:\/\/www.facebook.com\/Radiio-Ljubuski-1490835324566332","article_published_time":"2021-05-06T22:43:45+00:00","article_modified_time":"2021-05-06T22:43:46+00:00","og_image":[{"width":1000,"height":625,"url":"https:\/\/radioljubuski.ba\/wp-content\/uploads\/2021\/05\/3-2021-05-06-18-44-47-eeer.png","type":"image\/png"}],"author":"Radio Ljubu\u0161ki","twitter_card":"summary_large_image","twitter_creator":"@radioljubuski","twitter_site":"@radioljubuski","twitter_misc":{"Napisao\/la":"Radio Ljubu\u0161ki","Procijenjeno vrijeme \u010ditanja":"1 minuta"},"schema":{"@context":"https:\/\/schema.org","@graph":[{"@type":"Article","@id":"https:\/\/radioljubuski.ba\/index.php\/2021\/05\/06\/odana-pocast-prvim-poginulih-braniteljima-konjica-u-svibnju-1992\/#article","isPartOf":{"@id":"https:\/\/radioljubuski.ba\/index.php\/2021\/05\/06\/odana-pocast-prvim-poginulih-braniteljima-konjica-u-svibnju-1992\/"},"author":{"name":"Radio Ljubu\u0161ki","@id":"https:\/\/radioljubuski.ba\/#\/schema\/person\/19fc700381a780f69665d7956c469e3b"},"headline":"Odana po\u010dast prvim poginulih braniteljima Konjica u svibnju 1992.","datePublished":"2021-05-06T22:43:45+00:00","dateModified":"2021-05-06T22:43:46+00:00","mainEntityOfPage":{"@id":"https:\/\/radioljubuski.ba\/index.php\/2021\/05\/06\/odana-pocast-prvim-poginulih-braniteljima-konjica-u-svibnju-1992\/"},"wordCount":138,"publisher":{"@id":"https:\/\/radioljubuski.ba\/#organization"},"image":{"@id":"https:\/\/radioljubuski.ba\/index.php\/2021\/05\/06\/odana-pocast-prvim-poginulih-braniteljima-konjica-u-svibnju-1992\/#primaryimage"},"thumbnailUrl":"https:\/\/radioljubuski.ba\/wp-content\/uploads\/2021\/05\/3-2021-05-06-18-44-47-eeer.png","articleSection":["BIH i regija"],"inLanguage":"hr"},{"@type":"WebPage","@id":"https:\/\/radioljubuski.ba\/index.php\/2021\/05\/06\/odana-pocast-prvim-poginulih-braniteljima-konjica-u-svibnju-1992\/","url":"https:\/\/radioljubuski.ba\/index.php\/2021\/05\/06\/odana-pocast-prvim-poginulih-braniteljima-konjica-u-svibnju-1992\/","name":"Odana po\u010dast prvim poginulih braniteljima Konjica u svibnju 1992. - RADIO LJUBU\u0160KI","isPartOf":{"@id":"https:\/\/radioljubuski.ba\/#website"},"primaryImageOfPage":{"@id":"https:\/\/radioljubuski.ba\/index.php\/2021\/05\/06\/odana-pocast-prvim-poginulih-braniteljima-konjica-u-svibnju-1992\/#primaryimage"},"image":{"@id":"https:\/\/radioljubuski.ba\/index.php\/2021\/05\/06\/odana-pocast-prvim-poginulih-braniteljima-konjica-u-svibnju-1992\/#primaryimage"},"thumbnailUrl":"https:\/\/radioljubuski.ba\/wp-content\/uploads\/2021\/05\/3-2021-05-06-18-44-47-eeer.png","datePublished":"2021-05-06T22:43:45+00:00","dateModified":"2021-05-06T22:43:46+00:00","breadcrumb":{"@id":"https:\/\/radioljubuski.ba\/index.php\/2021\/05\/06\/odana-pocast-prvim-poginulih-braniteljima-konjica-u-svibnju-1992\/#breadcrumb"},"inLanguage":"hr","potentialAction":[{"@type":"ReadAction","target":["https:\/\/radioljubuski.ba\/index.php\/2021\/05\/06\/odana-pocast-prvim-poginulih-braniteljima-konjica-u-svibnju-1992\/"]}]},{"@type":"ImageObject","inLanguage":"hr","@id":"https:\/\/radioljubuski.ba\/index.php\/2021\/05\/06\/odana-pocast-prvim-poginulih-braniteljima-konjica-u-svibnju-1992\/#primaryimage","url":"https:\/\/radioljubuski.ba\/wp-content\/uploads\/2021\/05\/3-2021-05-06-18-44-47-eeer.png","contentUrl":"https:\/\/radioljubuski.ba\/wp-content\/uploads\/2021\/05\/3-2021-05-06-18-44-47-eeer.png","width":1000,"height":625},{"@type":"BreadcrumbList","@id":"https:\/\/radioljubuski.ba\/index.php\/2021\/05\/06\/odana-pocast-prvim-poginulih-braniteljima-konjica-u-svibnju-1992\/#breadcrumb","itemListElement":[{"@type":"ListItem","position":1,"name":"Po\u010detna stranica","item":"https:\/\/radioljubuski.ba\/"},{"@type":"ListItem","position":2,"name":"Odana po\u010dast prvim poginulih braniteljima Konjica u svibnju 1992."}]},{"@type":"WebSite","@id":"https:\/\/radioljubuski.ba\/#website","url":"https:\/\/radioljubuski.ba\/","name":"Radio Ljubu\u0161ki","description":"Sun\u010dana frekvencija Hercegovine","publisher":{"@id":"https:\/\/radioljubuski.ba\/#organization"},"potentialAction":[{"@type":"SearchAction","target":{"@type":"EntryPoint","urlTemplate":"https:\/\/radioljubuski.ba\/?s={search_term_string}"},"query-input":{"@type":"PropertyValueSpecification","valueRequired":true,"valueName":"search_term_string"}}],"inLanguage":"hr"},{"@type":"Organization","@id":"https:\/\/radioljubuski.ba\/#organization","name":"Radio Ljubu\u0161ki","url":"https:\/\/radioljubuski.ba\/","logo":{"@type":"ImageObject","inLanguage":"hr","@id":"https:\/\/radioljubuski.ba\/#\/schema\/logo\/image\/","url":"https:\/\/radioljubuski.ba\/wp-content\/uploads\/2021\/02\/cropped-Radio_Ljubuski_logo1.jpg","contentUrl":"https:\/\/radioljubuski.ba\/wp-content\/uploads\/2021\/02\/cropped-Radio_Ljubuski_logo1.jpg","width":512,"height":512,"caption":"Radio Ljubu\u0161ki"},"image":{"@id":"https:\/\/radioljubuski.ba\/#\/schema\/logo\/image\/"},"sameAs":["https:\/\/www.facebook.com\/Radiio-Ljubuski-1490835324566332","https:\/\/x.com\/radioljubuski","https:\/\/hr.linkedin.com\/company\/radio-ljubuski","https:\/\/www.youtube.com\/channel\/UCHYaeO_n0Db3tjNGudGpXyw"]},{"@type":"Person","@id":"https:\/\/radioljubuski.ba\/#\/schema\/person\/19fc700381a780f69665d7956c469e3b","name":"Radio Ljubu\u0161ki"}]}},"_links":{"self":[{"href":"https:\/\/radioljubuski.ba\/index.php\/wp-json\/wp\/v2\/posts\/19199","targetHints":{"allow":["GET"]}}],"collection":[{"href":"https:\/\/radioljubuski.ba\/index.php\/wp-json\/wp\/v2\/posts"}],"about":[{"href":"https:\/\/radioljubuski.ba\/index.php\/wp-json\/wp\/v2\/types\/post"}],"author":[{"embeddable":true,"href":"https:\/\/radioljubuski.ba\/index.php\/wp-json\/wp\/v2\/users\/2"}],"replies":[{"embeddable":true,"href":"https:\/\/radioljubuski.ba\/index.php\/wp-json\/wp\/v2\/comments?post=19199"}],"version-history":[{"count":1,"href":"https:\/\/radioljubuski.ba\/index.php\/wp-json\/wp\/v2\/posts\/19199\/revisions"}],"predecessor-version":[{"id":19201,"href":"https:\/\/radioljubuski.ba\/index.php\/wp-json\/wp\/v2\/posts\/19199\/revisions\/19201"}],"wp:featuredmedia":[{"embeddable":true,"href":"https:\/\/radioljubuski.ba\/index.php\/wp-json\/wp\/v2\/media\/19200"}],"wp:attachment":[{"href":"https:\/\/radioljubuski.ba\/index.php\/wp-json\/wp\/v2\/media?parent=19199"}],"wp:term":[{"taxonomy":"category","embeddable":true,"href":"https:\/\/radioljubuski.ba\/index.php\/wp-json\/wp\/v2\/categories?post=19199"},{"taxonomy":"post_tag","embeddable":true,"href":"https:\/\/radioljubuski.ba\/index.php\/wp-json\/wp\/v2\/tags?post=19199"}],"curies":[{"name":"wp","href":"https:\/\/api.w.org\/{rel}","templated":true}]}}