{"id":19202,"date":"2021-05-07T00:20:33","date_gmt":"2021-05-06T23:20:33","guid":{"rendered":"https:\/\/radioljubuski.ba\/?p=19202"},"modified":"2021-05-07T00:20:34","modified_gmt":"2021-05-06T23:20:34","slug":"u-rijeci-savi-pronadeno-tijelo-save-borojevica","status":"publish","type":"post","link":"https:\/\/radioljubuski.ba\/index.php\/2021\/05\/07\/u-rijeci-savi-pronadeno-tijelo-save-borojevica\/","title":{"rendered":"U rijeci Savi prona\u0111eno tijelo Save Borojevi\u0107a"},"content":{"rendered":"\n<p><strong>Tijelo osamdesetpetogodi\u0161njeg mu\u0161karca, za kojim se tragalo deset dana, prona\u0111eno je u rijeci Savi kod Od\u017eaka.<\/strong><\/p>\n\n\n\n<p>Be\u017eivotno tijelo osamdesetpetogodi\u0161njeg Save Borojevi\u0107a iz Donje Dubice kod Od\u017eaka u vodi su uo\u010dili pripadnici deminerskog tima Federalne uprave civilne za\u0161tite (FUCZ) iz Ora\u0161ja, koji su radili na deminerskom zadatku na lokaciji Zorice u op\u0107ini Od\u017eak.<\/p>\n\n\n\n<p>Potraga je trajala deset dana, a po zahtjevu \u017dupanijske uprave civilne za\u0161tite Posavske \u017eupanije (Ora\u0161je) i Slu\u017ebe za civilnu za\u0161titu i civilne poslove Op\u0107ine Od\u017eak, pripadnici FUCZ u potragu su se uklju\u010dili 5. svibnja.<\/p>\n\n\n\n<p>\u010cetiri vodi\u010da s tri potra\u017ena psa i potrebnom opremom koji su dio specijalizirane jedinice za potrage i spa\u0161avanje u ljetnim i zimskim uvjetima FUCZ-a, u srijedu su se uputili u potragu za nestalim mu\u0161karcem iz Donje Dubice u Op\u0107ini Od\u017eak.<\/p>\n\n\n\n<p>Potraga koja je trajala deset dana i u koju su bili uklju\u010dene policijske patrole, povjerenici civilne za\u0161tite, lovci, ribolovci i obitelj nestalog, nije dala rezultate te su se u potragu uklju\u010dili i pripadnici FUCZ-a.<\/p>\n\n\n\n<p>Nestanak Save Borojevi\u0107a prijavljen je Policijskoj upravi (PU) Od\u017eak 25. travnja, kada je biciklom oti\u0161ao od ku\u0107e u nepoznatom pravcu, priop\u0107eno je iz FUCZ-a.<\/p>\n\n\n\n<p>\/HMS\/<\/p>\n","protected":false},"excerpt":{"rendered":"<p>Tijelo osamdesetpetogodi\u0161njeg mu\u0161karca, za kojim se tragalo deset dana, prona\u0111eno je u rijeci Savi kod Od\u017eaka. Be\u017eivotno tijelo osamdesetpetogodi\u0161njeg Save Borojevi\u0107a iz Donje Dubice kod Od\u017eaka u vodi su uo\u010dili pripadnici deminerskog tima Federalne uprave civilne za\u0161tite (FUCZ) iz Ora\u0161ja, koji su radili na deminerskom zadatku na lokaciji Zorice u op\u0107ini Od\u017eak. Potraga je trajala [&hellip;]<\/p>\n","protected":false},"author":2,"featured_media":19203,"comment_status":"closed","ping_status":"closed","sticky":false,"template":"","format":"standard","meta":{"h5ap_radio_sources":[],"footnotes":""},"categories":[1],"tags":[],"class_list":["post-19202","post","type-post","status-publish","format-standard","has-post-thumbnail","hentry","category-bihiregija"],"yoast_head":"<!-- This site is optimized with the Yoast SEO plugin v27.5 - https:\/\/yoast.com\/product\/yoast-seo-wordpress\/ -->\n<title>U rijeci Savi prona\u0111eno tijelo Save Borojevi\u0107a - RADIO LJUBU\u0160KI<\/title>\n<meta name=\"robots\" content=\"index, follow, max-snippet:-1, max-image-preview:large, max-video-preview:-1\" \/>\n<link rel=\"canonical\" href=\"https:\/\/radioljubuski.ba\/index.php\/2021\/05\/07\/u-rijeci-savi-pronadeno-tijelo-save-borojevica\/\" \/>\n<meta property=\"og:locale\" content=\"hr_HR\" \/>\n<meta property=\"og:type\" content=\"article\" \/>\n<meta property=\"og:title\" content=\"U rijeci Savi prona\u0111eno tijelo Save Borojevi\u0107a - RADIO LJUBU\u0160KI\" \/>\n<meta property=\"og:description\" content=\"Tijelo osamdesetpetogodi\u0161njeg mu\u0161karca, za kojim se tragalo deset dana, prona\u0111eno je u rijeci Savi kod Od\u017eaka. Be\u017eivotno tijelo osamdesetpetogodi\u0161njeg Save Borojevi\u0107a iz Donje Dubice kod Od\u017eaka u vodi su uo\u010dili pripadnici deminerskog tima Federalne uprave civilne za\u0161tite (FUCZ) iz Ora\u0161ja, koji su radili na deminerskom zadatku na lokaciji Zorice u op\u0107ini Od\u017eak. Potraga je trajala [&hellip;]\" \/>\n<meta property=\"og:url\" content=\"https:\/\/radioljubuski.ba\/index.php\/2021\/05\/07\/u-rijeci-savi-pronadeno-tijelo-save-borojevica\/\" \/>\n<meta property=\"og:site_name\" content=\"RADIO LJUBU\u0160KI\" \/>\n<meta property=\"article:publisher\" content=\"https:\/\/www.facebook.com\/Radiio-Ljubuski-1490835324566332\" \/>\n<meta property=\"article:published_time\" content=\"2021-05-06T23:20:33+00:00\" \/>\n<meta property=\"article:modified_time\" content=\"2021-05-06T23:20:34+00:00\" \/>\n<meta property=\"og:image\" content=\"https:\/\/radioljubuski.ba\/wp-content\/uploads\/2021\/05\/odzak.jpg\" \/>\n\t<meta property=\"og:image:width\" content=\"750\" \/>\n\t<meta property=\"og:image:height\" content=\"450\" \/>\n\t<meta property=\"og:image:type\" content=\"image\/jpeg\" \/>\n<meta name=\"author\" content=\"Radio Ljubu\u0161ki\" \/>\n<meta name=\"twitter:card\" content=\"summary_large_image\" \/>\n<meta name=\"twitter:creator\" content=\"@radioljubuski\" \/>\n<meta name=\"twitter:site\" content=\"@radioljubuski\" \/>\n<meta name=\"twitter:label1\" content=\"Napisao\/la\" \/>\n\t<meta name=\"twitter:data1\" content=\"Radio Ljubu\u0161ki\" \/>\n\t<meta name=\"twitter:label2\" content=\"Procijenjeno vrijeme \u010ditanja\" \/>\n\t<meta name=\"twitter:data2\" content=\"1 minuta\" \/>\n<script type=\"application\/ld+json\" class=\"yoast-schema-graph\">{\"@context\":\"https:\\\/\\\/schema.org\",\"@graph\":[{\"@type\":\"Article\",\"@id\":\"https:\\\/\\\/radioljubuski.ba\\\/index.php\\\/2021\\\/05\\\/07\\\/u-rijeci-savi-pronadeno-tijelo-save-borojevica\\\/#article\",\"isPartOf\":{\"@id\":\"https:\\\/\\\/radioljubuski.ba\\\/index.php\\\/2021\\\/05\\\/07\\\/u-rijeci-savi-pronadeno-tijelo-save-borojevica\\\/\"},\"author\":{\"name\":\"Radio Ljubu\u0161ki\",\"@id\":\"https:\\\/\\\/radioljubuski.ba\\\/#\\\/schema\\\/person\\\/19fc700381a780f69665d7956c469e3b\"},\"headline\":\"U rijeci Savi prona\u0111eno tijelo Save Borojevi\u0107a\",\"datePublished\":\"2021-05-06T23:20:33+00:00\",\"dateModified\":\"2021-05-06T23:20:34+00:00\",\"mainEntityOfPage\":{\"@id\":\"https:\\\/\\\/radioljubuski.ba\\\/index.php\\\/2021\\\/05\\\/07\\\/u-rijeci-savi-pronadeno-tijelo-save-borojevica\\\/\"},\"wordCount\":226,\"publisher\":{\"@id\":\"https:\\\/\\\/radioljubuski.ba\\\/#organization\"},\"image\":{\"@id\":\"https:\\\/\\\/radioljubuski.ba\\\/index.php\\\/2021\\\/05\\\/07\\\/u-rijeci-savi-pronadeno-tijelo-save-borojevica\\\/#primaryimage\"},\"thumbnailUrl\":\"https:\\\/\\\/radioljubuski.ba\\\/wp-content\\\/uploads\\\/2021\\\/05\\\/odzak.jpg\",\"articleSection\":[\"BIH i regija\"],\"inLanguage\":\"hr\"},{\"@type\":\"WebPage\",\"@id\":\"https:\\\/\\\/radioljubuski.ba\\\/index.php\\\/2021\\\/05\\\/07\\\/u-rijeci-savi-pronadeno-tijelo-save-borojevica\\\/\",\"url\":\"https:\\\/\\\/radioljubuski.ba\\\/index.php\\\/2021\\\/05\\\/07\\\/u-rijeci-savi-pronadeno-tijelo-save-borojevica\\\/\",\"name\":\"U rijeci Savi prona\u0111eno tijelo Save Borojevi\u0107a - RADIO LJUBU\u0160KI\",\"isPartOf\":{\"@id\":\"https:\\\/\\\/radioljubuski.ba\\\/#website\"},\"primaryImageOfPage\":{\"@id\":\"https:\\\/\\\/radioljubuski.ba\\\/index.php\\\/2021\\\/05\\\/07\\\/u-rijeci-savi-pronadeno-tijelo-save-borojevica\\\/#primaryimage\"},\"image\":{\"@id\":\"https:\\\/\\\/radioljubuski.ba\\\/index.php\\\/2021\\\/05\\\/07\\\/u-rijeci-savi-pronadeno-tijelo-save-borojevica\\\/#primaryimage\"},\"thumbnailUrl\":\"https:\\\/\\\/radioljubuski.ba\\\/wp-content\\\/uploads\\\/2021\\\/05\\\/odzak.jpg\",\"datePublished\":\"2021-05-06T23:20:33+00:00\",\"dateModified\":\"2021-05-06T23:20:34+00:00\",\"breadcrumb\":{\"@id\":\"https:\\\/\\\/radioljubuski.ba\\\/index.php\\\/2021\\\/05\\\/07\\\/u-rijeci-savi-pronadeno-tijelo-save-borojevica\\\/#breadcrumb\"},\"inLanguage\":\"hr\",\"potentialAction\":[{\"@type\":\"ReadAction\",\"target\":[\"https:\\\/\\\/radioljubuski.ba\\\/index.php\\\/2021\\\/05\\\/07\\\/u-rijeci-savi-pronadeno-tijelo-save-borojevica\\\/\"]}]},{\"@type\":\"ImageObject\",\"inLanguage\":\"hr\",\"@id\":\"https:\\\/\\\/radioljubuski.ba\\\/index.php\\\/2021\\\/05\\\/07\\\/u-rijeci-savi-pronadeno-tijelo-save-borojevica\\\/#primaryimage\",\"url\":\"https:\\\/\\\/radioljubuski.ba\\\/wp-content\\\/uploads\\\/2021\\\/05\\\/odzak.jpg\",\"contentUrl\":\"https:\\\/\\\/radioljubuski.ba\\\/wp-content\\\/uploads\\\/2021\\\/05\\\/odzak.jpg\",\"width\":750,\"height\":450},{\"@type\":\"BreadcrumbList\",\"@id\":\"https:\\\/\\\/radioljubuski.ba\\\/index.php\\\/2021\\\/05\\\/07\\\/u-rijeci-savi-pronadeno-tijelo-save-borojevica\\\/#breadcrumb\",\"itemListElement\":[{\"@type\":\"ListItem\",\"position\":1,\"name\":\"Po\u010detna stranica\",\"item\":\"https:\\\/\\\/radioljubuski.ba\\\/\"},{\"@type\":\"ListItem\",\"position\":2,\"name\":\"U rijeci Savi prona\u0111eno tijelo Save Borojevi\u0107a\"}]},{\"@type\":\"WebSite\",\"@id\":\"https:\\\/\\\/radioljubuski.ba\\\/#website\",\"url\":\"https:\\\/\\\/radioljubuski.ba\\\/\",\"name\":\"Radio Ljubu\u0161ki\",\"description\":\"Sun\u010dana frekvencija Hercegovine\",\"publisher\":{\"@id\":\"https:\\\/\\\/radioljubuski.ba\\\/#organization\"},\"potentialAction\":[{\"@type\":\"SearchAction\",\"target\":{\"@type\":\"EntryPoint\",\"urlTemplate\":\"https:\\\/\\\/radioljubuski.ba\\\/?s={search_term_string}\"},\"query-input\":{\"@type\":\"PropertyValueSpecification\",\"valueRequired\":true,\"valueName\":\"search_term_string\"}}],\"inLanguage\":\"hr\"},{\"@type\":\"Organization\",\"@id\":\"https:\\\/\\\/radioljubuski.ba\\\/#organization\",\"name\":\"Radio Ljubu\u0161ki\",\"url\":\"https:\\\/\\\/radioljubuski.ba\\\/\",\"logo\":{\"@type\":\"ImageObject\",\"inLanguage\":\"hr\",\"@id\":\"https:\\\/\\\/radioljubuski.ba\\\/#\\\/schema\\\/logo\\\/image\\\/\",\"url\":\"https:\\\/\\\/radioljubuski.ba\\\/wp-content\\\/uploads\\\/2021\\\/02\\\/cropped-Radio_Ljubuski_logo1.jpg\",\"contentUrl\":\"https:\\\/\\\/radioljubuski.ba\\\/wp-content\\\/uploads\\\/2021\\\/02\\\/cropped-Radio_Ljubuski_logo1.jpg\",\"width\":512,\"height\":512,\"caption\":\"Radio Ljubu\u0161ki\"},\"image\":{\"@id\":\"https:\\\/\\\/radioljubuski.ba\\\/#\\\/schema\\\/logo\\\/image\\\/\"},\"sameAs\":[\"https:\\\/\\\/www.facebook.com\\\/Radiio-Ljubuski-1490835324566332\",\"https:\\\/\\\/x.com\\\/radioljubuski\",\"https:\\\/\\\/hr.linkedin.com\\\/company\\\/radio-ljubuski\",\"https:\\\/\\\/www.youtube.com\\\/channel\\\/UCHYaeO_n0Db3tjNGudGpXyw\"]},{\"@type\":\"Person\",\"@id\":\"https:\\\/\\\/radioljubuski.ba\\\/#\\\/schema\\\/person\\\/19fc700381a780f69665d7956c469e3b\",\"name\":\"Radio Ljubu\u0161ki\"}]}<\/script>\n<!-- \/ Yoast SEO plugin. -->","yoast_head_json":{"title":"U rijeci Savi prona\u0111eno tijelo Save Borojevi\u0107a - RADIO LJUBU\u0160KI","robots":{"index":"index","follow":"follow","max-snippet":"max-snippet:-1","max-image-preview":"max-image-preview:large","max-video-preview":"max-video-preview:-1"},"canonical":"https:\/\/radioljubuski.ba\/index.php\/2021\/05\/07\/u-rijeci-savi-pronadeno-tijelo-save-borojevica\/","og_locale":"hr_HR","og_type":"article","og_title":"U rijeci Savi prona\u0111eno tijelo Save Borojevi\u0107a - RADIO LJUBU\u0160KI","og_description":"Tijelo osamdesetpetogodi\u0161njeg mu\u0161karca, za kojim se tragalo deset dana, prona\u0111eno je u rijeci Savi kod Od\u017eaka. Be\u017eivotno tijelo osamdesetpetogodi\u0161njeg Save Borojevi\u0107a iz Donje Dubice kod Od\u017eaka u vodi su uo\u010dili pripadnici deminerskog tima Federalne uprave civilne za\u0161tite (FUCZ) iz Ora\u0161ja, koji su radili na deminerskom zadatku na lokaciji Zorice u op\u0107ini Od\u017eak. Potraga je trajala [&hellip;]","og_url":"https:\/\/radioljubuski.ba\/index.php\/2021\/05\/07\/u-rijeci-savi-pronadeno-tijelo-save-borojevica\/","og_site_name":"RADIO LJUBU\u0160KI","article_publisher":"https:\/\/www.facebook.com\/Radiio-Ljubuski-1490835324566332","article_published_time":"2021-05-06T23:20:33+00:00","article_modified_time":"2021-05-06T23:20:34+00:00","og_image":[{"width":750,"height":450,"url":"https:\/\/radioljubuski.ba\/wp-content\/uploads\/2021\/05\/odzak.jpg","type":"image\/jpeg"}],"author":"Radio Ljubu\u0161ki","twitter_card":"summary_large_image","twitter_creator":"@radioljubuski","twitter_site":"@radioljubuski","twitter_misc":{"Napisao\/la":"Radio Ljubu\u0161ki","Procijenjeno vrijeme \u010ditanja":"1 minuta"},"schema":{"@context":"https:\/\/schema.org","@graph":[{"@type":"Article","@id":"https:\/\/radioljubuski.ba\/index.php\/2021\/05\/07\/u-rijeci-savi-pronadeno-tijelo-save-borojevica\/#article","isPartOf":{"@id":"https:\/\/radioljubuski.ba\/index.php\/2021\/05\/07\/u-rijeci-savi-pronadeno-tijelo-save-borojevica\/"},"author":{"name":"Radio Ljubu\u0161ki","@id":"https:\/\/radioljubuski.ba\/#\/schema\/person\/19fc700381a780f69665d7956c469e3b"},"headline":"U rijeci Savi prona\u0111eno tijelo Save Borojevi\u0107a","datePublished":"2021-05-06T23:20:33+00:00","dateModified":"2021-05-06T23:20:34+00:00","mainEntityOfPage":{"@id":"https:\/\/radioljubuski.ba\/index.php\/2021\/05\/07\/u-rijeci-savi-pronadeno-tijelo-save-borojevica\/"},"wordCount":226,"publisher":{"@id":"https:\/\/radioljubuski.ba\/#organization"},"image":{"@id":"https:\/\/radioljubuski.ba\/index.php\/2021\/05\/07\/u-rijeci-savi-pronadeno-tijelo-save-borojevica\/#primaryimage"},"thumbnailUrl":"https:\/\/radioljubuski.ba\/wp-content\/uploads\/2021\/05\/odzak.jpg","articleSection":["BIH i regija"],"inLanguage":"hr"},{"@type":"WebPage","@id":"https:\/\/radioljubuski.ba\/index.php\/2021\/05\/07\/u-rijeci-savi-pronadeno-tijelo-save-borojevica\/","url":"https:\/\/radioljubuski.ba\/index.php\/2021\/05\/07\/u-rijeci-savi-pronadeno-tijelo-save-borojevica\/","name":"U rijeci Savi prona\u0111eno tijelo Save Borojevi\u0107a - RADIO LJUBU\u0160KI","isPartOf":{"@id":"https:\/\/radioljubuski.ba\/#website"},"primaryImageOfPage":{"@id":"https:\/\/radioljubuski.ba\/index.php\/2021\/05\/07\/u-rijeci-savi-pronadeno-tijelo-save-borojevica\/#primaryimage"},"image":{"@id":"https:\/\/radioljubuski.ba\/index.php\/2021\/05\/07\/u-rijeci-savi-pronadeno-tijelo-save-borojevica\/#primaryimage"},"thumbnailUrl":"https:\/\/radioljubuski.ba\/wp-content\/uploads\/2021\/05\/odzak.jpg","datePublished":"2021-05-06T23:20:33+00:00","dateModified":"2021-05-06T23:20:34+00:00","breadcrumb":{"@id":"https:\/\/radioljubuski.ba\/index.php\/2021\/05\/07\/u-rijeci-savi-pronadeno-tijelo-save-borojevica\/#breadcrumb"},"inLanguage":"hr","potentialAction":[{"@type":"ReadAction","target":["https:\/\/radioljubuski.ba\/index.php\/2021\/05\/07\/u-rijeci-savi-pronadeno-tijelo-save-borojevica\/"]}]},{"@type":"ImageObject","inLanguage":"hr","@id":"https:\/\/radioljubuski.ba\/index.php\/2021\/05\/07\/u-rijeci-savi-pronadeno-tijelo-save-borojevica\/#primaryimage","url":"https:\/\/radioljubuski.ba\/wp-content\/uploads\/2021\/05\/odzak.jpg","contentUrl":"https:\/\/radioljubuski.ba\/wp-content\/uploads\/2021\/05\/odzak.jpg","width":750,"height":450},{"@type":"BreadcrumbList","@id":"https:\/\/radioljubuski.ba\/index.php\/2021\/05\/07\/u-rijeci-savi-pronadeno-tijelo-save-borojevica\/#breadcrumb","itemListElement":[{"@type":"ListItem","position":1,"name":"Po\u010detna stranica","item":"https:\/\/radioljubuski.ba\/"},{"@type":"ListItem","position":2,"name":"U rijeci Savi prona\u0111eno tijelo Save Borojevi\u0107a"}]},{"@type":"WebSite","@id":"https:\/\/radioljubuski.ba\/#website","url":"https:\/\/radioljubuski.ba\/","name":"Radio Ljubu\u0161ki","description":"Sun\u010dana frekvencija Hercegovine","publisher":{"@id":"https:\/\/radioljubuski.ba\/#organization"},"potentialAction":[{"@type":"SearchAction","target":{"@type":"EntryPoint","urlTemplate":"https:\/\/radioljubuski.ba\/?s={search_term_string}"},"query-input":{"@type":"PropertyValueSpecification","valueRequired":true,"valueName":"search_term_string"}}],"inLanguage":"hr"},{"@type":"Organization","@id":"https:\/\/radioljubuski.ba\/#organization","name":"Radio Ljubu\u0161ki","url":"https:\/\/radioljubuski.ba\/","logo":{"@type":"ImageObject","inLanguage":"hr","@id":"https:\/\/radioljubuski.ba\/#\/schema\/logo\/image\/","url":"https:\/\/radioljubuski.ba\/wp-content\/uploads\/2021\/02\/cropped-Radio_Ljubuski_logo1.jpg","contentUrl":"https:\/\/radioljubuski.ba\/wp-content\/uploads\/2021\/02\/cropped-Radio_Ljubuski_logo1.jpg","width":512,"height":512,"caption":"Radio Ljubu\u0161ki"},"image":{"@id":"https:\/\/radioljubuski.ba\/#\/schema\/logo\/image\/"},"sameAs":["https:\/\/www.facebook.com\/Radiio-Ljubuski-1490835324566332","https:\/\/x.com\/radioljubuski","https:\/\/hr.linkedin.com\/company\/radio-ljubuski","https:\/\/www.youtube.com\/channel\/UCHYaeO_n0Db3tjNGudGpXyw"]},{"@type":"Person","@id":"https:\/\/radioljubuski.ba\/#\/schema\/person\/19fc700381a780f69665d7956c469e3b","name":"Radio Ljubu\u0161ki"}]}},"_links":{"self":[{"href":"https:\/\/radioljubuski.ba\/index.php\/wp-json\/wp\/v2\/posts\/19202","targetHints":{"allow":["GET"]}}],"collection":[{"href":"https:\/\/radioljubuski.ba\/index.php\/wp-json\/wp\/v2\/posts"}],"about":[{"href":"https:\/\/radioljubuski.ba\/index.php\/wp-json\/wp\/v2\/types\/post"}],"author":[{"embeddable":true,"href":"https:\/\/radioljubuski.ba\/index.php\/wp-json\/wp\/v2\/users\/2"}],"replies":[{"embeddable":true,"href":"https:\/\/radioljubuski.ba\/index.php\/wp-json\/wp\/v2\/comments?post=19202"}],"version-history":[{"count":1,"href":"https:\/\/radioljubuski.ba\/index.php\/wp-json\/wp\/v2\/posts\/19202\/revisions"}],"predecessor-version":[{"id":19204,"href":"https:\/\/radioljubuski.ba\/index.php\/wp-json\/wp\/v2\/posts\/19202\/revisions\/19204"}],"wp:featuredmedia":[{"embeddable":true,"href":"https:\/\/radioljubuski.ba\/index.php\/wp-json\/wp\/v2\/media\/19203"}],"wp:attachment":[{"href":"https:\/\/radioljubuski.ba\/index.php\/wp-json\/wp\/v2\/media?parent=19202"}],"wp:term":[{"taxonomy":"category","embeddable":true,"href":"https:\/\/radioljubuski.ba\/index.php\/wp-json\/wp\/v2\/categories?post=19202"},{"taxonomy":"post_tag","embeddable":true,"href":"https:\/\/radioljubuski.ba\/index.php\/wp-json\/wp\/v2\/tags?post=19202"}],"curies":[{"name":"wp","href":"https:\/\/api.w.org\/{rel}","templated":true}]}}